{"id":19069,"date":"2022-03-29T00:01:00","date_gmt":"2022-03-28T23:01:00","guid":{"rendered":"https:\/\/lasentinelle.dz\/?p=19069"},"modified":"2022-03-28T20:03:41","modified_gmt":"2022-03-28T19:03:41","slug":"air-algerie-le-programme-actualise-des-vols-internationaux-enfin-devoile","status":"publish","type":"post","link":"https:\/\/lasentinelle.dz\/index.php\/2022\/03\/29\/air-algerie-le-programme-actualise-des-vols-internationaux-enfin-devoile\/","title":{"rendered":"Air Alg\u00e9rie\u00a0: Le programme actualis\u00e9 des vols internationaux enfin d\u00e9voil\u00e9\u00a0!"},"content":{"rendered":"\n<p>Le programme actualis\u00e9 des vols internationaux d\u2019Air Alg\u00e9rie a enfin \u00e9t\u00e9 d\u00e9voil\u00e9. Hier, un communiqu\u00e9 du minist\u00e8re des Transports a officialis\u00e9 la mise en service de 64 vols internationaux hebdomadaires suppl\u00e9mentaires, dont une soixantaine de vols sur les dessertes europ\u00e9ennes, trois vols sur le Moyen-Orient et un vol suppl\u00e9mentaire Alger Dakar Alger. En effet, selon le communiqu\u00e9 du minist\u00e8re des Transports, \u00ab&nbsp;en application des instructions du Pr\u00e9sident de la R\u00e9publique, Abdelmadjid Tebboune pour renforcer le programme actuel des vols d&rsquo;Air Alg\u00e9rie vers les diff\u00e9rentes destinations internationales, le minist\u00e8re des Transports annonce&nbsp;la premi\u00e8re phase du&nbsp;programme&nbsp;des vols suppl\u00e9mentaires&nbsp;qui entrera en vigueur \u00e0 compter du&nbsp;29&nbsp;mars 2022. Le nouveau programme compte ainsi une quarantaine de vols sur les destinations fran\u00e7aises dont 19 vols hebdomadaires entre Alger et Paris. Il s\u2019agit l\u00e0 de le premi\u00e8re phase de ce programme qui devra \u00e0 terme act\u00e9 un retour \u00e0 la normale. Ce programme actualis\u00e9 pr\u00e9voit ainsi 64 vols suppl\u00e9mentaires, au lieu des 108 annonc\u00e9s par le d\u00e9sormais ex-ministre des Transports Aissa Bekkai&nbsp;&nbsp;qui devait entrer en vigueur le 15 mars. Un programme qui avait d\u2019ailleurs \u00e9t\u00e9 annul\u00e9. Une b\u00e9vue qui avait d\u2019ailleurs au ministre son limogeage le 10 mars en cours. Depuis, le programme actualis\u00e9 des vols d\u2019Air Alg\u00e9rie avait l\u2019objet de nombreuses supputations. L\u2019annonce du nouveau ministre des Transport qui a pris ses fonctions samedi, devrait mettre fin \u00e0 la pol\u00e9mique.<\/p>\n\n\n\n<p><strong>Chokri Hafed<\/strong><\/p>\n","protected":false},"excerpt":{"rendered":"<p>Le programme actualis\u00e9 des vols internationaux d\u2019Air Alg\u00e9rie a enfin \u00e9t\u00e9 d\u00e9voil\u00e9. Hier, un communiqu\u00e9 du minist\u00e8re des Transports a<\/p>\n","protected":false},"author":3,"featured_media":19076,"comment_status":"open","ping_status":"closed","sticky":false,"template":"","format":"standard","meta":{"colormag_page_container_layout":"default_layout","colormag_page_sidebar_layout":"default_layout","om_disable_all_campaigns":false,"_monsterinsights_skip_tracking":false,"_monsterinsights_sitenote_active":false,"_monsterinsights_sitenote_note":"","_monsterinsights_sitenote_category":0,"footnotes":"","_wpscppro_dont_share_socialmedia":false,"_wpscppro_custom_social_share_image":0,"_facebook_share_type":"","_twitter_share_type":"","_linkedin_share_type":"","_pinterest_share_type":"","_linkedin_share_type_page":"","_instagram_share_type":"","_medium_share_type":"","_threads_share_type":"","_google_business_share_type":"","_selected_social_profile":[],"_wpsp_enable_custom_social_template":false,"_wpsp_social_scheduling":{"enabled":false,"datetime":null,"platforms":[],"status":"template_only","dateOption":"today","timeOption":"now","customDays":"","customHours":"","customDate":"","customTime":"","schedulingType":"absolute"},"_wpsp_active_default_template":true},"categories":[52,29],"tags":[],"class_list":["post-19069","post","type-post","status-publish","format-standard","has-post-thumbnail","hentry","category-a-la-une","category-economie"],"aioseo_notices":[],"yoast_head":"<!-- This site is optimized with the Yoast SEO plugin v27.5 - https:\/\/yoast.com\/product\/yoast-seo-wordpress\/ -->\n<title>Air Alg\u00e9rie\u00a0: Le programme actualis\u00e9 des vols internationaux enfin d\u00e9voil\u00e9\u00a0! - La Sentinelle<\/title>\n<meta name=\"robots\" content=\"index, follow, max-snippet:-1, max-image-preview:large, max-video-preview:-1\" \/>\n<link rel=\"canonical\" href=\"https:\/\/lasentinelle.dz\/index.php\/2022\/03\/29\/air-algerie-le-programme-actualise-des-vols-internationaux-enfin-devoile\/\" \/>\n<meta property=\"og:locale\" content=\"fr_FR\" \/>\n<meta property=\"og:type\" content=\"article\" \/>\n<meta property=\"og:title\" content=\"Air Alg\u00e9rie\u00a0: Le programme actualis\u00e9 des vols internationaux enfin d\u00e9voil\u00e9\u00a0! - La Sentinelle\" \/>\n<meta property=\"og:description\" content=\"Le programme actualis\u00e9 des vols internationaux d\u2019Air Alg\u00e9rie a enfin \u00e9t\u00e9 d\u00e9voil\u00e9. Hier, un communiqu\u00e9 du minist\u00e8re des Transports a\" \/>\n<meta property=\"og:url\" content=\"https:\/\/lasentinelle.dz\/index.php\/2022\/03\/29\/air-algerie-le-programme-actualise-des-vols-internationaux-enfin-devoile\/\" \/>\n<meta property=\"og:site_name\" content=\"La Sentinelle\" \/>\n<meta property=\"article:publisher\" content=\"https:\/\/www.facebook.com\/La-Sentinelle-104059864394773\" \/>\n<meta property=\"article:published_time\" content=\"2022-03-28T23:01:00+00:00\" \/>\n<meta property=\"og:image\" content=\"https:\/\/lasentinelle.dz\/wp-content\/uploads\/2022\/03\/air-algerie-1.png\" \/>\n\t<meta property=\"og:image:width\" content=\"1427\" \/>\n\t<meta property=\"og:image:height\" content=\"900\" \/>\n\t<meta property=\"og:image:type\" content=\"image\/png\" \/>\n<meta name=\"author\" content=\"La Sentinelle\" \/>\n<meta name=\"twitter:card\" content=\"summary_large_image\" \/>\n<meta name=\"twitter:label1\" content=\"\u00c9crit par\" \/>\n\t<meta name=\"twitter:data1\" content=\"La Sentinelle\" \/>\n\t<meta name=\"twitter:label2\" content=\"Dur\u00e9e de lecture estim\u00e9e\" \/>\n\t<meta name=\"twitter:data2\" content=\"2 minutes\" \/>\n<script type=\"application\/ld+json\" class=\"yoast-schema-graph\">{\"@context\":\"https:\\\/\\\/schema.org\",\"@graph\":[{\"@type\":\"Article\",\"@id\":\"https:\\\/\\\/lasentinelle.dz\\\/index.php\\\/2022\\\/03\\\/29\\\/air-algerie-le-programme-actualise-des-vols-internationaux-enfin-devoile\\\/#article\",\"isPartOf\":{\"@id\":\"https:\\\/\\\/lasentinelle.dz\\\/index.php\\\/2022\\\/03\\\/29\\\/air-algerie-le-programme-actualise-des-vols-internationaux-enfin-devoile\\\/\"},\"author\":{\"name\":\"La Sentinelle\",\"@id\":\"https:\\\/\\\/lasentinelle.dz\\\/#\\\/schema\\\/person\\\/d865044e22e70a75174ce8bcad3acfb3\"},\"headline\":\"Air Alg\u00e9rie\u00a0: Le programme actualis\u00e9 des vols internationaux enfin d\u00e9voil\u00e9\u00a0!\",\"datePublished\":\"2022-03-28T23:01:00+00:00\",\"mainEntityOfPage\":{\"@id\":\"https:\\\/\\\/lasentinelle.dz\\\/index.php\\\/2022\\\/03\\\/29\\\/air-algerie-le-programme-actualise-des-vols-internationaux-enfin-devoile\\\/\"},\"wordCount\":273,\"commentCount\":0,\"publisher\":{\"@id\":\"https:\\\/\\\/lasentinelle.dz\\\/#organization\"},\"image\":{\"@id\":\"https:\\\/\\\/lasentinelle.dz\\\/index.php\\\/2022\\\/03\\\/29\\\/air-algerie-le-programme-actualise-des-vols-internationaux-enfin-devoile\\\/#primaryimage\"},\"thumbnailUrl\":\"https:\\\/\\\/lasentinelle.dz\\\/wp-content\\\/uploads\\\/2022\\\/03\\\/air-algerie-1.png\",\"articleSection\":[\"\u00c0 la Une\",\"\u00c9conomie\"],\"inLanguage\":\"fr-FR\",\"potentialAction\":[{\"@type\":\"CommentAction\",\"name\":\"Comment\",\"target\":[\"https:\\\/\\\/lasentinelle.dz\\\/index.php\\\/2022\\\/03\\\/29\\\/air-algerie-le-programme-actualise-des-vols-internationaux-enfin-devoile\\\/#respond\"]}]},{\"@type\":\"WebPage\",\"@id\":\"https:\\\/\\\/lasentinelle.dz\\\/index.php\\\/2022\\\/03\\\/29\\\/air-algerie-le-programme-actualise-des-vols-internationaux-enfin-devoile\\\/\",\"url\":\"https:\\\/\\\/lasentinelle.dz\\\/index.php\\\/2022\\\/03\\\/29\\\/air-algerie-le-programme-actualise-des-vols-internationaux-enfin-devoile\\\/\",\"name\":\"Air Alg\u00e9rie\u00a0: Le programme actualis\u00e9 des vols internationaux enfin d\u00e9voil\u00e9\u00a0! - La Sentinelle\",\"isPartOf\":{\"@id\":\"https:\\\/\\\/lasentinelle.dz\\\/#website\"},\"primaryImageOfPage\":{\"@id\":\"https:\\\/\\\/lasentinelle.dz\\\/index.php\\\/2022\\\/03\\\/29\\\/air-algerie-le-programme-actualise-des-vols-internationaux-enfin-devoile\\\/#primaryimage\"},\"image\":{\"@id\":\"https:\\\/\\\/lasentinelle.dz\\\/index.php\\\/2022\\\/03\\\/29\\\/air-algerie-le-programme-actualise-des-vols-internationaux-enfin-devoile\\\/#primaryimage\"},\"thumbnailUrl\":\"https:\\\/\\\/lasentinelle.dz\\\/wp-content\\\/uploads\\\/2022\\\/03\\\/air-algerie-1.png\",\"datePublished\":\"2022-03-28T23:01:00+00:00\",\"breadcrumb\":{\"@id\":\"https:\\\/\\\/lasentinelle.dz\\\/index.php\\\/2022\\\/03\\\/29\\\/air-algerie-le-programme-actualise-des-vols-internationaux-enfin-devoile\\\/#breadcrumb\"},\"inLanguage\":\"fr-FR\",\"potentialAction\":[{\"@type\":\"ReadAction\",\"target\":[\"https:\\\/\\\/lasentinelle.dz\\\/index.php\\\/2022\\\/03\\\/29\\\/air-algerie-le-programme-actualise-des-vols-internationaux-enfin-devoile\\\/\"]}]},{\"@type\":\"ImageObject\",\"inLanguage\":\"fr-FR\",\"@id\":\"https:\\\/\\\/lasentinelle.dz\\\/index.php\\\/2022\\\/03\\\/29\\\/air-algerie-le-programme-actualise-des-vols-internationaux-enfin-devoile\\\/#primaryimage\",\"url\":\"https:\\\/\\\/lasentinelle.dz\\\/wp-content\\\/uploads\\\/2022\\\/03\\\/air-algerie-1.png\",\"contentUrl\":\"https:\\\/\\\/lasentinelle.dz\\\/wp-content\\\/uploads\\\/2022\\\/03\\\/air-algerie-1.png\",\"width\":1427,\"height\":900},{\"@type\":\"BreadcrumbList\",\"@id\":\"https:\\\/\\\/lasentinelle.dz\\\/index.php\\\/2022\\\/03\\\/29\\\/air-algerie-le-programme-actualise-des-vols-internationaux-enfin-devoile\\\/#breadcrumb\",\"itemListElement\":[{\"@type\":\"ListItem\",\"position\":1,\"name\":\"Accueil\",\"item\":\"https:\\\/\\\/lasentinelle.dz\\\/\"},{\"@type\":\"ListItem\",\"position\":2,\"name\":\"Air Alg\u00e9rie\u00a0: Le programme actualis\u00e9 des vols internationaux enfin d\u00e9voil\u00e9\u00a0!\"}]},{\"@type\":\"WebSite\",\"@id\":\"https:\\\/\\\/lasentinelle.dz\\\/#website\",\"url\":\"https:\\\/\\\/lasentinelle.dz\\\/\",\"name\":\"La Sentinelle\",\"description\":\"Quotidien national d&#039;information\",\"publisher\":{\"@id\":\"https:\\\/\\\/lasentinelle.dz\\\/#organization\"},\"potentialAction\":[{\"@type\":\"SearchAction\",\"target\":{\"@type\":\"EntryPoint\",\"urlTemplate\":\"https:\\\/\\\/lasentinelle.dz\\\/?s={search_term_string}\"},\"query-input\":{\"@type\":\"PropertyValueSpecification\",\"valueRequired\":true,\"valueName\":\"search_term_string\"}}],\"inLanguage\":\"fr-FR\"},{\"@type\":\"Organization\",\"@id\":\"https:\\\/\\\/lasentinelle.dz\\\/#organization\",\"name\":\"Quotidien La Sentinelle\",\"url\":\"https:\\\/\\\/lasentinelle.dz\\\/\",\"logo\":{\"@type\":\"ImageObject\",\"inLanguage\":\"fr-FR\",\"@id\":\"https:\\\/\\\/lasentinelle.dz\\\/#\\\/schema\\\/logo\\\/image\\\/\",\"url\":\"https:\\\/\\\/lasentinelle.dz\\\/wp-content\\\/uploads\\\/2021\\\/09\\\/logo-sentinelleSLOGAN-1.png\",\"contentUrl\":\"https:\\\/\\\/lasentinelle.dz\\\/wp-content\\\/uploads\\\/2021\\\/09\\\/logo-sentinelleSLOGAN-1.png\",\"width\":615,\"height\":142,\"caption\":\"Quotidien La Sentinelle\"},\"image\":{\"@id\":\"https:\\\/\\\/lasentinelle.dz\\\/#\\\/schema\\\/logo\\\/image\\\/\"},\"sameAs\":[\"https:\\\/\\\/www.facebook.com\\\/La-Sentinelle-104059864394773\"]},{\"@type\":\"Person\",\"@id\":\"https:\\\/\\\/lasentinelle.dz\\\/#\\\/schema\\\/person\\\/d865044e22e70a75174ce8bcad3acfb3\",\"name\":\"La Sentinelle\",\"image\":{\"@type\":\"ImageObject\",\"inLanguage\":\"fr-FR\",\"@id\":\"https:\\\/\\\/secure.gravatar.com\\\/avatar\\\/57de8e5d4b15d43fb361a71fbb36338450fe67865b528a43dd10ef7c51a20392?s=96&d=mm&r=g\",\"url\":\"https:\\\/\\\/secure.gravatar.com\\\/avatar\\\/57de8e5d4b15d43fb361a71fbb36338450fe67865b528a43dd10ef7c51a20392?s=96&d=mm&r=g\",\"contentUrl\":\"https:\\\/\\\/secure.gravatar.com\\\/avatar\\\/57de8e5d4b15d43fb361a71fbb36338450fe67865b528a43dd10ef7c51a20392?s=96&d=mm&r=g\",\"caption\":\"La Sentinelle\"},\"sameAs\":[\"http:\\\/\\\/www.lasentinelle.dz\"],\"url\":\"https:\\\/\\\/lasentinelle.dz\\\/author\\\/redaction\\\/\"}]}<\/script>\n<!-- \/ Yoast SEO plugin. -->","yoast_head_json":{"title":"Air Alg\u00e9rie\u00a0: Le programme actualis\u00e9 des vols internationaux enfin d\u00e9voil\u00e9\u00a0! - La Sentinelle","robots":{"index":"index","follow":"follow","max-snippet":"max-snippet:-1","max-image-preview":"max-image-preview:large","max-video-preview":"max-video-preview:-1"},"canonical":"https:\/\/lasentinelle.dz\/index.php\/2022\/03\/29\/air-algerie-le-programme-actualise-des-vols-internationaux-enfin-devoile\/","og_locale":"fr_FR","og_type":"article","og_title":"Air Alg\u00e9rie\u00a0: Le programme actualis\u00e9 des vols internationaux enfin d\u00e9voil\u00e9\u00a0! - La Sentinelle","og_description":"Le programme actualis\u00e9 des vols internationaux d\u2019Air Alg\u00e9rie a enfin \u00e9t\u00e9 d\u00e9voil\u00e9. Hier, un communiqu\u00e9 du minist\u00e8re des Transports a","og_url":"https:\/\/lasentinelle.dz\/index.php\/2022\/03\/29\/air-algerie-le-programme-actualise-des-vols-internationaux-enfin-devoile\/","og_site_name":"La Sentinelle","article_publisher":"https:\/\/www.facebook.com\/La-Sentinelle-104059864394773","article_published_time":"2022-03-28T23:01:00+00:00","og_image":[{"width":1427,"height":900,"url":"https:\/\/lasentinelle.dz\/wp-content\/uploads\/2022\/03\/air-algerie-1.png","type":"image\/png"}],"author":"La Sentinelle","twitter_card":"summary_large_image","twitter_misc":{"\u00c9crit par":"La Sentinelle","Dur\u00e9e de lecture estim\u00e9e":"2 minutes"},"schema":{"@context":"https:\/\/schema.org","@graph":[{"@type":"Article","@id":"https:\/\/lasentinelle.dz\/index.php\/2022\/03\/29\/air-algerie-le-programme-actualise-des-vols-internationaux-enfin-devoile\/#article","isPartOf":{"@id":"https:\/\/lasentinelle.dz\/index.php\/2022\/03\/29\/air-algerie-le-programme-actualise-des-vols-internationaux-enfin-devoile\/"},"author":{"name":"La Sentinelle","@id":"https:\/\/lasentinelle.dz\/#\/schema\/person\/d865044e22e70a75174ce8bcad3acfb3"},"headline":"Air Alg\u00e9rie\u00a0: Le programme actualis\u00e9 des vols internationaux enfin d\u00e9voil\u00e9\u00a0!","datePublished":"2022-03-28T23:01:00+00:00","mainEntityOfPage":{"@id":"https:\/\/lasentinelle.dz\/index.php\/2022\/03\/29\/air-algerie-le-programme-actualise-des-vols-internationaux-enfin-devoile\/"},"wordCount":273,"commentCount":0,"publisher":{"@id":"https:\/\/lasentinelle.dz\/#organization"},"image":{"@id":"https:\/\/lasentinelle.dz\/index.php\/2022\/03\/29\/air-algerie-le-programme-actualise-des-vols-internationaux-enfin-devoile\/#primaryimage"},"thumbnailUrl":"https:\/\/lasentinelle.dz\/wp-content\/uploads\/2022\/03\/air-algerie-1.png","articleSection":["\u00c0 la Une","\u00c9conomie"],"inLanguage":"fr-FR","potentialAction":[{"@type":"CommentAction","name":"Comment","target":["https:\/\/lasentinelle.dz\/index.php\/2022\/03\/29\/air-algerie-le-programme-actualise-des-vols-internationaux-enfin-devoile\/#respond"]}]},{"@type":"WebPage","@id":"https:\/\/lasentinelle.dz\/index.php\/2022\/03\/29\/air-algerie-le-programme-actualise-des-vols-internationaux-enfin-devoile\/","url":"https:\/\/lasentinelle.dz\/index.php\/2022\/03\/29\/air-algerie-le-programme-actualise-des-vols-internationaux-enfin-devoile\/","name":"Air Alg\u00e9rie\u00a0: Le programme actualis\u00e9 des vols internationaux enfin d\u00e9voil\u00e9\u00a0! - La Sentinelle","isPartOf":{"@id":"https:\/\/lasentinelle.dz\/#website"},"primaryImageOfPage":{"@id":"https:\/\/lasentinelle.dz\/index.php\/2022\/03\/29\/air-algerie-le-programme-actualise-des-vols-internationaux-enfin-devoile\/#primaryimage"},"image":{"@id":"https:\/\/lasentinelle.dz\/index.php\/2022\/03\/29\/air-algerie-le-programme-actualise-des-vols-internationaux-enfin-devoile\/#primaryimage"},"thumbnailUrl":"https:\/\/lasentinelle.dz\/wp-content\/uploads\/2022\/03\/air-algerie-1.png","datePublished":"2022-03-28T23:01:00+00:00","breadcrumb":{"@id":"https:\/\/lasentinelle.dz\/index.php\/2022\/03\/29\/air-algerie-le-programme-actualise-des-vols-internationaux-enfin-devoile\/#breadcrumb"},"inLanguage":"fr-FR","potentialAction":[{"@type":"ReadAction","target":["https:\/\/lasentinelle.dz\/index.php\/2022\/03\/29\/air-algerie-le-programme-actualise-des-vols-internationaux-enfin-devoile\/"]}]},{"@type":"ImageObject","inLanguage":"fr-FR","@id":"https:\/\/lasentinelle.dz\/index.php\/2022\/03\/29\/air-algerie-le-programme-actualise-des-vols-internationaux-enfin-devoile\/#primaryimage","url":"https:\/\/lasentinelle.dz\/wp-content\/uploads\/2022\/03\/air-algerie-1.png","contentUrl":"https:\/\/lasentinelle.dz\/wp-content\/uploads\/2022\/03\/air-algerie-1.png","width":1427,"height":900},{"@type":"BreadcrumbList","@id":"https:\/\/lasentinelle.dz\/index.php\/2022\/03\/29\/air-algerie-le-programme-actualise-des-vols-internationaux-enfin-devoile\/#breadcrumb","itemListElement":[{"@type":"ListItem","position":1,"name":"Accueil","item":"https:\/\/lasentinelle.dz\/"},{"@type":"ListItem","position":2,"name":"Air Alg\u00e9rie\u00a0: Le programme actualis\u00e9 des vols internationaux enfin d\u00e9voil\u00e9\u00a0!"}]},{"@type":"WebSite","@id":"https:\/\/lasentinelle.dz\/#website","url":"https:\/\/lasentinelle.dz\/","name":"La Sentinelle","description":"Quotidien national d&#039;information","publisher":{"@id":"https:\/\/lasentinelle.dz\/#organization"},"potentialAction":[{"@type":"SearchAction","target":{"@type":"EntryPoint","urlTemplate":"https:\/\/lasentinelle.dz\/?s={search_term_string}"},"query-input":{"@type":"PropertyValueSpecification","valueRequired":true,"valueName":"search_term_string"}}],"inLanguage":"fr-FR"},{"@type":"Organization","@id":"https:\/\/lasentinelle.dz\/#organization","name":"Quotidien La Sentinelle","url":"https:\/\/lasentinelle.dz\/","logo":{"@type":"ImageObject","inLanguage":"fr-FR","@id":"https:\/\/lasentinelle.dz\/#\/schema\/logo\/image\/","url":"https:\/\/lasentinelle.dz\/wp-content\/uploads\/2021\/09\/logo-sentinelleSLOGAN-1.png","contentUrl":"https:\/\/lasentinelle.dz\/wp-content\/uploads\/2021\/09\/logo-sentinelleSLOGAN-1.png","width":615,"height":142,"caption":"Quotidien La Sentinelle"},"image":{"@id":"https:\/\/lasentinelle.dz\/#\/schema\/logo\/image\/"},"sameAs":["https:\/\/www.facebook.com\/La-Sentinelle-104059864394773"]},{"@type":"Person","@id":"https:\/\/lasentinelle.dz\/#\/schema\/person\/d865044e22e70a75174ce8bcad3acfb3","name":"La Sentinelle","image":{"@type":"ImageObject","inLanguage":"fr-FR","@id":"https:\/\/secure.gravatar.com\/avatar\/57de8e5d4b15d43fb361a71fbb36338450fe67865b528a43dd10ef7c51a20392?s=96&d=mm&r=g","url":"https:\/\/secure.gravatar.com\/avatar\/57de8e5d4b15d43fb361a71fbb36338450fe67865b528a43dd10ef7c51a20392?s=96&d=mm&r=g","contentUrl":"https:\/\/secure.gravatar.com\/avatar\/57de8e5d4b15d43fb361a71fbb36338450fe67865b528a43dd10ef7c51a20392?s=96&d=mm&r=g","caption":"La Sentinelle"},"sameAs":["http:\/\/www.lasentinelle.dz"],"url":"https:\/\/lasentinelle.dz\/author\/redaction\/"}]}},"_links":{"self":[{"href":"https:\/\/lasentinelle.dz\/index.php\/wp-json\/wp\/v2\/posts\/19069","targetHints":{"allow":["GET"]}}],"collection":[{"href":"https:\/\/lasentinelle.dz\/index.php\/wp-json\/wp\/v2\/posts"}],"about":[{"href":"https:\/\/lasentinelle.dz\/index.php\/wp-json\/wp\/v2\/types\/post"}],"author":[{"embeddable":true,"href":"https:\/\/lasentinelle.dz\/index.php\/wp-json\/wp\/v2\/users\/3"}],"replies":[{"embeddable":true,"href":"https:\/\/lasentinelle.dz\/index.php\/wp-json\/wp\/v2\/comments?post=19069"}],"version-history":[{"count":1,"href":"https:\/\/lasentinelle.dz\/index.php\/wp-json\/wp\/v2\/posts\/19069\/revisions"}],"predecessor-version":[{"id":19077,"href":"https:\/\/lasentinelle.dz\/index.php\/wp-json\/wp\/v2\/posts\/19069\/revisions\/19077"}],"wp:featuredmedia":[{"embeddable":true,"href":"https:\/\/lasentinelle.dz\/index.php\/wp-json\/wp\/v2\/media\/19076"}],"wp:attachment":[{"href":"https:\/\/lasentinelle.dz\/index.php\/wp-json\/wp\/v2\/media?parent=19069"}],"wp:term":[{"taxonomy":"category","embeddable":true,"href":"https:\/\/lasentinelle.dz\/index.php\/wp-json\/wp\/v2\/categories?post=19069"},{"taxonomy":"post_tag","embeddable":true,"href":"https:\/\/lasentinelle.dz\/index.php\/wp-json\/wp\/v2\/tags?post=19069"}],"curies":[{"name":"wp","href":"https:\/\/api.w.org\/{rel}","templated":true}]}}