{"id":19085,"date":"2022-03-30T00:01:00","date_gmt":"2022-03-29T23:01:00","guid":{"rendered":"https:\/\/lasentinelle.dz\/?p=19085"},"modified":"2022-03-29T16:49:59","modified_gmt":"2022-03-29T15:49:59","slug":"lapw-dannaba-tient-sa-premiere-session-pas-de-saison-estivale-sans-assainissement","status":"publish","type":"post","link":"https:\/\/lasentinelle.dz\/index.php\/2022\/03\/30\/lapw-dannaba-tient-sa-premiere-session-pas-de-saison-estivale-sans-assainissement\/","title":{"rendered":"L\u2019APW d\u2019Annaba tient sa premi\u00e8re session\u00a0:\u00a0Pas de saison estivale sans assainissement !"},"content":{"rendered":"\n<p>Les nouveaux membres de&nbsp;l\u2019Assembl\u00e9e populaire de&nbsp;la&nbsp;wilaya&nbsp;d\u2019Annaba&nbsp;ne veulent pas de travail \u00e0 moiti\u00e9 fait. Pour les \u00e9lus de l\u2019APW,&nbsp;&nbsp;il est n\u00e9cessaire de rompre avec&nbsp;les anciennes pratiques qui prenaient les citoyens en otage. En tous cas, c&rsquo;est le message que les membres de cette assembl\u00e9e ont tenu \u00e0 transmettre \u00e0 l\u2019assistance, pr\u00e9sente hier, \u00e0 leur premi\u00e8re session.&nbsp;&nbsp;La s\u00e9ance \u00e9tait consacr\u00e9e \u00e0 deux&nbsp;&nbsp;dossiers inh\u00e9rents aux activit\u00e9s sociales du mois de Ramadan&nbsp;ainsi qu\u2019 \u00e0 ka&nbsp;saison estivale 2022. Pour ce qui est des pr\u00e9paratifs du mois sacr\u00e9, le rapport de la direction des affaires socialesa fait \u00e9tat de 41 milliards de cts d\u00e9gag\u00e9s au profit des franges vuln\u00e9rables (familles&nbsp;n\u00e9cessiteuses et d\u00e9munies), recens\u00e9es \u00e0 travers&nbsp;&nbsp;les 12 communes de la wilaya d\u2019Annaba. Des fonds devant, avec les dons, aider \u00e0 subvenir un tant soit peu aux besoins des n\u00e9cessiteux, en ce mois sacr\u00e9.&nbsp;La DAS d\u2019Annaba a, d\u2019ailleurs,&nbsp;concoct\u00e9&nbsp;un programme&nbsp;d\u2019activit\u00e9s sociales et culturelles&nbsp;riches. Jusque l\u00e0, aucune r\u00e9serve n\u2019a \u00e9t\u00e9 \u00e9mise par les membres de l\u2019APW. Ce qui n\u2019a pas \u00e9t\u00e9 le cas pour le secteur du tourisme et de la nouvelle saison estivale. Le responsable du secteur a d\u00e9taill\u00e9 le programme d\u2019animation dans les plages autoris\u00e9es \u00e0 la baignade, ainsi que les conditions d&rsquo;accueil des estivants. Mais la commission de l\u2019hydraulique, de l\u2019agriculture, des for\u00eats, de la p\u00eache et du tourisme a pr\u00e9sent\u00e9 un expos\u00e9 qui a concern\u00e9 tous les domaines la concernant. Un rapport qui souligne que la saison estivale ne peut r\u00e9ussir qu\u2019\u00e0 la condition sine qua none&nbsp;de&nbsp;mener des op\u00e9rations d\u2019assainissement dans les plus brefs d\u00e9lais.&nbsp;&nbsp;Les&nbsp;villes&nbsp;et les localit\u00e9s de la wilaya doivent imp\u00e9rativement \u00eatre d\u00e9barrass\u00e9es des monticules de salet\u00e9s qui les jonchent. Une situation qui a aussit\u00f4t interpell\u00e9 le wali et les membres de l\u2019APW, qui se sont accord\u00e9s \u00e0 dire&nbsp;qu\u2019 \u00ab&nbsp;on ne peut pas faire du tourisme dans une cit\u00e9 sale&nbsp;\u00bb&nbsp;D\u2019o\u00f9&nbsp;&nbsp;l\u2019appel lanc\u00e9 aux&nbsp;&nbsp;APC et les EPIC afin de mener cette t\u00e2che, afin de redorer le blason des communes et localit\u00e9s, pour faire d\u2019Annaba une wilaya accueillante et attractive. En conclusion, il ne peut y avoir une saison estivale sans l\u2019assainissement de la ville et de toute la wilaya. Une premi\u00e8re dans l\u2019histoire de B\u00f4ne, dont les \u00e9lus exigent un environnement et un cadre de vie pour la r\u00e9ussite de la saison des vacances. Le challenge est de taille pour les P\/APC et les EPIC, habitu\u00e9s \u00e0 travailler comme bon leur semble. Pour le moment, seule l\u2019APC du chef-lieu de la&nbsp;wilaya&nbsp;d\u2019Annaba s&rsquo;est engag\u00e9e dans l\u2019assainissement de la ville. Quant aux autres communes, le constat est effroyable, notamment \u00e0 Sidi Amar et El Bouni o\u00f9 la d\u00e9gradation du cadre de vie&nbsp;est une r\u00e9alit\u00e9 bien am\u00e8re. En esp\u00e9rant que les remarques soulev\u00e9es par le wali et les \u00e9lus de l\u2019APW puisse \u00eatre prises&nbsp;en compte, il est utile de souligner que la saison estivale&nbsp;va intervenir,&nbsp;cette ann\u00e9e,&nbsp;&nbsp;dans un contexte sanitaire&nbsp;relativement moins d\u00e9licat, en raison de la baisse des cas de contaminations au coronavirus.<\/p>\n\n\n\n<p><strong>Sofia Chahine&nbsp;&nbsp;<\/strong><\/p>\n","protected":false},"excerpt":{"rendered":"<p>Les nouveaux membres de&nbsp;l\u2019Assembl\u00e9e populaire de&nbsp;la&nbsp;wilaya&nbsp;d\u2019Annaba&nbsp;ne veulent pas de travail \u00e0 moiti\u00e9 fait. Pour les \u00e9lus de l\u2019APW,&nbsp;&nbsp;il est n\u00e9cessaire<\/p>\n","protected":false},"author":3,"featured_media":19101,"comment_status":"open","ping_status":"closed","sticky":false,"template":"","format":"standard","meta":{"colormag_page_container_layout":"default_layout","colormag_page_sidebar_layout":"default_layout","om_disable_all_campaigns":false,"_monsterinsights_skip_tracking":false,"_monsterinsights_sitenote_active":false,"_monsterinsights_sitenote_note":"","_monsterinsights_sitenote_category":0,"footnotes":"","_wpscppro_dont_share_socialmedia":false,"_wpscppro_custom_social_share_image":0,"_facebook_share_type":"","_twitter_share_type":"","_linkedin_share_type":"","_pinterest_share_type":"","_linkedin_share_type_page":"","_instagram_share_type":"","_medium_share_type":"","_threads_share_type":"","_google_business_share_type":"","_selected_social_profile":[],"_wpsp_enable_custom_social_template":false,"_wpsp_social_scheduling":{"enabled":false,"datetime":null,"platforms":[],"status":"template_only","dateOption":"today","timeOption":"now","customDays":"","customHours":"","customDate":"","customTime":"","schedulingType":"absolute"},"_wpsp_active_default_template":true},"categories":[31],"tags":[],"class_list":["post-19085","post","type-post","status-publish","format-standard","has-post-thumbnail","hentry","category-regions"],"aioseo_notices":[],"yoast_head":"<!-- This site is optimized with the Yoast SEO plugin v27.5 - https:\/\/yoast.com\/product\/yoast-seo-wordpress\/ -->\n<title>L\u2019APW d\u2019Annaba tient sa premi\u00e8re session\u00a0:\u00a0Pas de saison estivale sans assainissement ! - La Sentinelle<\/title>\n<meta name=\"robots\" content=\"index, follow, max-snippet:-1, max-image-preview:large, max-video-preview:-1\" \/>\n<link rel=\"canonical\" href=\"https:\/\/lasentinelle.dz\/index.php\/2022\/03\/30\/lapw-dannaba-tient-sa-premiere-session-pas-de-saison-estivale-sans-assainissement\/\" \/>\n<meta property=\"og:locale\" content=\"fr_FR\" \/>\n<meta property=\"og:type\" content=\"article\" \/>\n<meta property=\"og:title\" content=\"L\u2019APW d\u2019Annaba tient sa premi\u00e8re session\u00a0:\u00a0Pas de saison estivale sans assainissement ! - La Sentinelle\" \/>\n<meta property=\"og:description\" content=\"Les nouveaux membres de&nbsp;l\u2019Assembl\u00e9e populaire de&nbsp;la&nbsp;wilaya&nbsp;d\u2019Annaba&nbsp;ne veulent pas de travail \u00e0 moiti\u00e9 fait. Pour les \u00e9lus de l\u2019APW,&nbsp;&nbsp;il est n\u00e9cessaire\" \/>\n<meta property=\"og:url\" content=\"https:\/\/lasentinelle.dz\/index.php\/2022\/03\/30\/lapw-dannaba-tient-sa-premiere-session-pas-de-saison-estivale-sans-assainissement\/\" \/>\n<meta property=\"og:site_name\" content=\"La Sentinelle\" \/>\n<meta property=\"article:publisher\" content=\"https:\/\/www.facebook.com\/La-Sentinelle-104059864394773\" \/>\n<meta property=\"article:published_time\" content=\"2022-03-29T23:01:00+00:00\" \/>\n<meta property=\"og:image\" content=\"https:\/\/lasentinelle.dz\/wp-content\/uploads\/2022\/03\/image.jpeg\" \/>\n\t<meta property=\"og:image:width\" content=\"445\" \/>\n\t<meta property=\"og:image:height\" content=\"298\" \/>\n\t<meta property=\"og:image:type\" content=\"image\/jpeg\" \/>\n<meta name=\"author\" content=\"La Sentinelle\" \/>\n<meta name=\"twitter:card\" content=\"summary_large_image\" \/>\n<meta name=\"twitter:label1\" content=\"\u00c9crit par\" \/>\n\t<meta name=\"twitter:data1\" content=\"La Sentinelle\" \/>\n\t<meta name=\"twitter:label2\" content=\"Dur\u00e9e de lecture estim\u00e9e\" \/>\n\t<meta name=\"twitter:data2\" content=\"3 minutes\" \/>\n<script type=\"application\/ld+json\" class=\"yoast-schema-graph\">{\"@context\":\"https:\\\/\\\/schema.org\",\"@graph\":[{\"@type\":\"Article\",\"@id\":\"https:\\\/\\\/lasentinelle.dz\\\/index.php\\\/2022\\\/03\\\/30\\\/lapw-dannaba-tient-sa-premiere-session-pas-de-saison-estivale-sans-assainissement\\\/#article\",\"isPartOf\":{\"@id\":\"https:\\\/\\\/lasentinelle.dz\\\/index.php\\\/2022\\\/03\\\/30\\\/lapw-dannaba-tient-sa-premiere-session-pas-de-saison-estivale-sans-assainissement\\\/\"},\"author\":{\"name\":\"La Sentinelle\",\"@id\":\"https:\\\/\\\/lasentinelle.dz\\\/#\\\/schema\\\/person\\\/d865044e22e70a75174ce8bcad3acfb3\"},\"headline\":\"L\u2019APW d\u2019Annaba tient sa premi\u00e8re session\u00a0:\u00a0Pas de saison estivale sans assainissement !\",\"datePublished\":\"2022-03-29T23:01:00+00:00\",\"mainEntityOfPage\":{\"@id\":\"https:\\\/\\\/lasentinelle.dz\\\/index.php\\\/2022\\\/03\\\/30\\\/lapw-dannaba-tient-sa-premiere-session-pas-de-saison-estivale-sans-assainissement\\\/\"},\"wordCount\":633,\"commentCount\":0,\"publisher\":{\"@id\":\"https:\\\/\\\/lasentinelle.dz\\\/#organization\"},\"image\":{\"@id\":\"https:\\\/\\\/lasentinelle.dz\\\/index.php\\\/2022\\\/03\\\/30\\\/lapw-dannaba-tient-sa-premiere-session-pas-de-saison-estivale-sans-assainissement\\\/#primaryimage\"},\"thumbnailUrl\":\"https:\\\/\\\/lasentinelle.dz\\\/wp-content\\\/uploads\\\/2022\\\/03\\\/image.jpeg\",\"articleSection\":[\"R\u00e9gions\"],\"inLanguage\":\"fr-FR\",\"potentialAction\":[{\"@type\":\"CommentAction\",\"name\":\"Comment\",\"target\":[\"https:\\\/\\\/lasentinelle.dz\\\/index.php\\\/2022\\\/03\\\/30\\\/lapw-dannaba-tient-sa-premiere-session-pas-de-saison-estivale-sans-assainissement\\\/#respond\"]}]},{\"@type\":\"WebPage\",\"@id\":\"https:\\\/\\\/lasentinelle.dz\\\/index.php\\\/2022\\\/03\\\/30\\\/lapw-dannaba-tient-sa-premiere-session-pas-de-saison-estivale-sans-assainissement\\\/\",\"url\":\"https:\\\/\\\/lasentinelle.dz\\\/index.php\\\/2022\\\/03\\\/30\\\/lapw-dannaba-tient-sa-premiere-session-pas-de-saison-estivale-sans-assainissement\\\/\",\"name\":\"L\u2019APW d\u2019Annaba tient sa premi\u00e8re session\u00a0:\u00a0Pas de saison estivale sans assainissement ! - La Sentinelle\",\"isPartOf\":{\"@id\":\"https:\\\/\\\/lasentinelle.dz\\\/#website\"},\"primaryImageOfPage\":{\"@id\":\"https:\\\/\\\/lasentinelle.dz\\\/index.php\\\/2022\\\/03\\\/30\\\/lapw-dannaba-tient-sa-premiere-session-pas-de-saison-estivale-sans-assainissement\\\/#primaryimage\"},\"image\":{\"@id\":\"https:\\\/\\\/lasentinelle.dz\\\/index.php\\\/2022\\\/03\\\/30\\\/lapw-dannaba-tient-sa-premiere-session-pas-de-saison-estivale-sans-assainissement\\\/#primaryimage\"},\"thumbnailUrl\":\"https:\\\/\\\/lasentinelle.dz\\\/wp-content\\\/uploads\\\/2022\\\/03\\\/image.jpeg\",\"datePublished\":\"2022-03-29T23:01:00+00:00\",\"breadcrumb\":{\"@id\":\"https:\\\/\\\/lasentinelle.dz\\\/index.php\\\/2022\\\/03\\\/30\\\/lapw-dannaba-tient-sa-premiere-session-pas-de-saison-estivale-sans-assainissement\\\/#breadcrumb\"},\"inLanguage\":\"fr-FR\",\"potentialAction\":[{\"@type\":\"ReadAction\",\"target\":[\"https:\\\/\\\/lasentinelle.dz\\\/index.php\\\/2022\\\/03\\\/30\\\/lapw-dannaba-tient-sa-premiere-session-pas-de-saison-estivale-sans-assainissement\\\/\"]}]},{\"@type\":\"ImageObject\",\"inLanguage\":\"fr-FR\",\"@id\":\"https:\\\/\\\/lasentinelle.dz\\\/index.php\\\/2022\\\/03\\\/30\\\/lapw-dannaba-tient-sa-premiere-session-pas-de-saison-estivale-sans-assainissement\\\/#primaryimage\",\"url\":\"https:\\\/\\\/lasentinelle.dz\\\/wp-content\\\/uploads\\\/2022\\\/03\\\/image.jpeg\",\"contentUrl\":\"https:\\\/\\\/lasentinelle.dz\\\/wp-content\\\/uploads\\\/2022\\\/03\\\/image.jpeg\",\"width\":445,\"height\":298},{\"@type\":\"BreadcrumbList\",\"@id\":\"https:\\\/\\\/lasentinelle.dz\\\/index.php\\\/2022\\\/03\\\/30\\\/lapw-dannaba-tient-sa-premiere-session-pas-de-saison-estivale-sans-assainissement\\\/#breadcrumb\",\"itemListElement\":[{\"@type\":\"ListItem\",\"position\":1,\"name\":\"Accueil\",\"item\":\"https:\\\/\\\/lasentinelle.dz\\\/\"},{\"@type\":\"ListItem\",\"position\":2,\"name\":\"L\u2019APW d\u2019Annaba tient sa premi\u00e8re session\u00a0:\u00a0Pas de saison estivale sans assainissement !\"}]},{\"@type\":\"WebSite\",\"@id\":\"https:\\\/\\\/lasentinelle.dz\\\/#website\",\"url\":\"https:\\\/\\\/lasentinelle.dz\\\/\",\"name\":\"La Sentinelle\",\"description\":\"Quotidien national d&#039;information\",\"publisher\":{\"@id\":\"https:\\\/\\\/lasentinelle.dz\\\/#organization\"},\"potentialAction\":[{\"@type\":\"SearchAction\",\"target\":{\"@type\":\"EntryPoint\",\"urlTemplate\":\"https:\\\/\\\/lasentinelle.dz\\\/?s={search_term_string}\"},\"query-input\":{\"@type\":\"PropertyValueSpecification\",\"valueRequired\":true,\"valueName\":\"search_term_string\"}}],\"inLanguage\":\"fr-FR\"},{\"@type\":\"Organization\",\"@id\":\"https:\\\/\\\/lasentinelle.dz\\\/#organization\",\"name\":\"Quotidien La Sentinelle\",\"url\":\"https:\\\/\\\/lasentinelle.dz\\\/\",\"logo\":{\"@type\":\"ImageObject\",\"inLanguage\":\"fr-FR\",\"@id\":\"https:\\\/\\\/lasentinelle.dz\\\/#\\\/schema\\\/logo\\\/image\\\/\",\"url\":\"https:\\\/\\\/lasentinelle.dz\\\/wp-content\\\/uploads\\\/2021\\\/09\\\/logo-sentinelleSLOGAN-1.png\",\"contentUrl\":\"https:\\\/\\\/lasentinelle.dz\\\/wp-content\\\/uploads\\\/2021\\\/09\\\/logo-sentinelleSLOGAN-1.png\",\"width\":615,\"height\":142,\"caption\":\"Quotidien La Sentinelle\"},\"image\":{\"@id\":\"https:\\\/\\\/lasentinelle.dz\\\/#\\\/schema\\\/logo\\\/image\\\/\"},\"sameAs\":[\"https:\\\/\\\/www.facebook.com\\\/La-Sentinelle-104059864394773\"]},{\"@type\":\"Person\",\"@id\":\"https:\\\/\\\/lasentinelle.dz\\\/#\\\/schema\\\/person\\\/d865044e22e70a75174ce8bcad3acfb3\",\"name\":\"La Sentinelle\",\"image\":{\"@type\":\"ImageObject\",\"inLanguage\":\"fr-FR\",\"@id\":\"https:\\\/\\\/secure.gravatar.com\\\/avatar\\\/57de8e5d4b15d43fb361a71fbb36338450fe67865b528a43dd10ef7c51a20392?s=96&d=mm&r=g\",\"url\":\"https:\\\/\\\/secure.gravatar.com\\\/avatar\\\/57de8e5d4b15d43fb361a71fbb36338450fe67865b528a43dd10ef7c51a20392?s=96&d=mm&r=g\",\"contentUrl\":\"https:\\\/\\\/secure.gravatar.com\\\/avatar\\\/57de8e5d4b15d43fb361a71fbb36338450fe67865b528a43dd10ef7c51a20392?s=96&d=mm&r=g\",\"caption\":\"La Sentinelle\"},\"sameAs\":[\"http:\\\/\\\/www.lasentinelle.dz\"],\"url\":\"https:\\\/\\\/lasentinelle.dz\\\/author\\\/redaction\\\/\"}]}<\/script>\n<!-- \/ Yoast SEO plugin. -->","yoast_head_json":{"title":"L\u2019APW d\u2019Annaba tient sa premi\u00e8re session\u00a0:\u00a0Pas de saison estivale sans assainissement ! - La Sentinelle","robots":{"index":"index","follow":"follow","max-snippet":"max-snippet:-1","max-image-preview":"max-image-preview:large","max-video-preview":"max-video-preview:-1"},"canonical":"https:\/\/lasentinelle.dz\/index.php\/2022\/03\/30\/lapw-dannaba-tient-sa-premiere-session-pas-de-saison-estivale-sans-assainissement\/","og_locale":"fr_FR","og_type":"article","og_title":"L\u2019APW d\u2019Annaba tient sa premi\u00e8re session\u00a0:\u00a0Pas de saison estivale sans assainissement ! - La Sentinelle","og_description":"Les nouveaux membres de&nbsp;l\u2019Assembl\u00e9e populaire de&nbsp;la&nbsp;wilaya&nbsp;d\u2019Annaba&nbsp;ne veulent pas de travail \u00e0 moiti\u00e9 fait. Pour les \u00e9lus de l\u2019APW,&nbsp;&nbsp;il est n\u00e9cessaire","og_url":"https:\/\/lasentinelle.dz\/index.php\/2022\/03\/30\/lapw-dannaba-tient-sa-premiere-session-pas-de-saison-estivale-sans-assainissement\/","og_site_name":"La Sentinelle","article_publisher":"https:\/\/www.facebook.com\/La-Sentinelle-104059864394773","article_published_time":"2022-03-29T23:01:00+00:00","og_image":[{"width":445,"height":298,"url":"https:\/\/lasentinelle.dz\/wp-content\/uploads\/2022\/03\/image.jpeg","type":"image\/jpeg"}],"author":"La Sentinelle","twitter_card":"summary_large_image","twitter_misc":{"\u00c9crit par":"La Sentinelle","Dur\u00e9e de lecture estim\u00e9e":"3 minutes"},"schema":{"@context":"https:\/\/schema.org","@graph":[{"@type":"Article","@id":"https:\/\/lasentinelle.dz\/index.php\/2022\/03\/30\/lapw-dannaba-tient-sa-premiere-session-pas-de-saison-estivale-sans-assainissement\/#article","isPartOf":{"@id":"https:\/\/lasentinelle.dz\/index.php\/2022\/03\/30\/lapw-dannaba-tient-sa-premiere-session-pas-de-saison-estivale-sans-assainissement\/"},"author":{"name":"La Sentinelle","@id":"https:\/\/lasentinelle.dz\/#\/schema\/person\/d865044e22e70a75174ce8bcad3acfb3"},"headline":"L\u2019APW d\u2019Annaba tient sa premi\u00e8re session\u00a0:\u00a0Pas de saison estivale sans assainissement !","datePublished":"2022-03-29T23:01:00+00:00","mainEntityOfPage":{"@id":"https:\/\/lasentinelle.dz\/index.php\/2022\/03\/30\/lapw-dannaba-tient-sa-premiere-session-pas-de-saison-estivale-sans-assainissement\/"},"wordCount":633,"commentCount":0,"publisher":{"@id":"https:\/\/lasentinelle.dz\/#organization"},"image":{"@id":"https:\/\/lasentinelle.dz\/index.php\/2022\/03\/30\/lapw-dannaba-tient-sa-premiere-session-pas-de-saison-estivale-sans-assainissement\/#primaryimage"},"thumbnailUrl":"https:\/\/lasentinelle.dz\/wp-content\/uploads\/2022\/03\/image.jpeg","articleSection":["R\u00e9gions"],"inLanguage":"fr-FR","potentialAction":[{"@type":"CommentAction","name":"Comment","target":["https:\/\/lasentinelle.dz\/index.php\/2022\/03\/30\/lapw-dannaba-tient-sa-premiere-session-pas-de-saison-estivale-sans-assainissement\/#respond"]}]},{"@type":"WebPage","@id":"https:\/\/lasentinelle.dz\/index.php\/2022\/03\/30\/lapw-dannaba-tient-sa-premiere-session-pas-de-saison-estivale-sans-assainissement\/","url":"https:\/\/lasentinelle.dz\/index.php\/2022\/03\/30\/lapw-dannaba-tient-sa-premiere-session-pas-de-saison-estivale-sans-assainissement\/","name":"L\u2019APW d\u2019Annaba tient sa premi\u00e8re session\u00a0:\u00a0Pas de saison estivale sans assainissement ! - La Sentinelle","isPartOf":{"@id":"https:\/\/lasentinelle.dz\/#website"},"primaryImageOfPage":{"@id":"https:\/\/lasentinelle.dz\/index.php\/2022\/03\/30\/lapw-dannaba-tient-sa-premiere-session-pas-de-saison-estivale-sans-assainissement\/#primaryimage"},"image":{"@id":"https:\/\/lasentinelle.dz\/index.php\/2022\/03\/30\/lapw-dannaba-tient-sa-premiere-session-pas-de-saison-estivale-sans-assainissement\/#primaryimage"},"thumbnailUrl":"https:\/\/lasentinelle.dz\/wp-content\/uploads\/2022\/03\/image.jpeg","datePublished":"2022-03-29T23:01:00+00:00","breadcrumb":{"@id":"https:\/\/lasentinelle.dz\/index.php\/2022\/03\/30\/lapw-dannaba-tient-sa-premiere-session-pas-de-saison-estivale-sans-assainissement\/#breadcrumb"},"inLanguage":"fr-FR","potentialAction":[{"@type":"ReadAction","target":["https:\/\/lasentinelle.dz\/index.php\/2022\/03\/30\/lapw-dannaba-tient-sa-premiere-session-pas-de-saison-estivale-sans-assainissement\/"]}]},{"@type":"ImageObject","inLanguage":"fr-FR","@id":"https:\/\/lasentinelle.dz\/index.php\/2022\/03\/30\/lapw-dannaba-tient-sa-premiere-session-pas-de-saison-estivale-sans-assainissement\/#primaryimage","url":"https:\/\/lasentinelle.dz\/wp-content\/uploads\/2022\/03\/image.jpeg","contentUrl":"https:\/\/lasentinelle.dz\/wp-content\/uploads\/2022\/03\/image.jpeg","width":445,"height":298},{"@type":"BreadcrumbList","@id":"https:\/\/lasentinelle.dz\/index.php\/2022\/03\/30\/lapw-dannaba-tient-sa-premiere-session-pas-de-saison-estivale-sans-assainissement\/#breadcrumb","itemListElement":[{"@type":"ListItem","position":1,"name":"Accueil","item":"https:\/\/lasentinelle.dz\/"},{"@type":"ListItem","position":2,"name":"L\u2019APW d\u2019Annaba tient sa premi\u00e8re session\u00a0:\u00a0Pas de saison estivale sans assainissement !"}]},{"@type":"WebSite","@id":"https:\/\/lasentinelle.dz\/#website","url":"https:\/\/lasentinelle.dz\/","name":"La Sentinelle","description":"Quotidien national d&#039;information","publisher":{"@id":"https:\/\/lasentinelle.dz\/#organization"},"potentialAction":[{"@type":"SearchAction","target":{"@type":"EntryPoint","urlTemplate":"https:\/\/lasentinelle.dz\/?s={search_term_string}"},"query-input":{"@type":"PropertyValueSpecification","valueRequired":true,"valueName":"search_term_string"}}],"inLanguage":"fr-FR"},{"@type":"Organization","@id":"https:\/\/lasentinelle.dz\/#organization","name":"Quotidien La Sentinelle","url":"https:\/\/lasentinelle.dz\/","logo":{"@type":"ImageObject","inLanguage":"fr-FR","@id":"https:\/\/lasentinelle.dz\/#\/schema\/logo\/image\/","url":"https:\/\/lasentinelle.dz\/wp-content\/uploads\/2021\/09\/logo-sentinelleSLOGAN-1.png","contentUrl":"https:\/\/lasentinelle.dz\/wp-content\/uploads\/2021\/09\/logo-sentinelleSLOGAN-1.png","width":615,"height":142,"caption":"Quotidien La Sentinelle"},"image":{"@id":"https:\/\/lasentinelle.dz\/#\/schema\/logo\/image\/"},"sameAs":["https:\/\/www.facebook.com\/La-Sentinelle-104059864394773"]},{"@type":"Person","@id":"https:\/\/lasentinelle.dz\/#\/schema\/person\/d865044e22e70a75174ce8bcad3acfb3","name":"La Sentinelle","image":{"@type":"ImageObject","inLanguage":"fr-FR","@id":"https:\/\/secure.gravatar.com\/avatar\/57de8e5d4b15d43fb361a71fbb36338450fe67865b528a43dd10ef7c51a20392?s=96&d=mm&r=g","url":"https:\/\/secure.gravatar.com\/avatar\/57de8e5d4b15d43fb361a71fbb36338450fe67865b528a43dd10ef7c51a20392?s=96&d=mm&r=g","contentUrl":"https:\/\/secure.gravatar.com\/avatar\/57de8e5d4b15d43fb361a71fbb36338450fe67865b528a43dd10ef7c51a20392?s=96&d=mm&r=g","caption":"La Sentinelle"},"sameAs":["http:\/\/www.lasentinelle.dz"],"url":"https:\/\/lasentinelle.dz\/author\/redaction\/"}]}},"_links":{"self":[{"href":"https:\/\/lasentinelle.dz\/index.php\/wp-json\/wp\/v2\/posts\/19085","targetHints":{"allow":["GET"]}}],"collection":[{"href":"https:\/\/lasentinelle.dz\/index.php\/wp-json\/wp\/v2\/posts"}],"about":[{"href":"https:\/\/lasentinelle.dz\/index.php\/wp-json\/wp\/v2\/types\/post"}],"author":[{"embeddable":true,"href":"https:\/\/lasentinelle.dz\/index.php\/wp-json\/wp\/v2\/users\/3"}],"replies":[{"embeddable":true,"href":"https:\/\/lasentinelle.dz\/index.php\/wp-json\/wp\/v2\/comments?post=19085"}],"version-history":[{"count":1,"href":"https:\/\/lasentinelle.dz\/index.php\/wp-json\/wp\/v2\/posts\/19085\/revisions"}],"predecessor-version":[{"id":19106,"href":"https:\/\/lasentinelle.dz\/index.php\/wp-json\/wp\/v2\/posts\/19085\/revisions\/19106"}],"wp:featuredmedia":[{"embeddable":true,"href":"https:\/\/lasentinelle.dz\/index.php\/wp-json\/wp\/v2\/media\/19101"}],"wp:attachment":[{"href":"https:\/\/lasentinelle.dz\/index.php\/wp-json\/wp\/v2\/media?parent=19085"}],"wp:term":[{"taxonomy":"category","embeddable":true,"href":"https:\/\/lasentinelle.dz\/index.php\/wp-json\/wp\/v2\/categories?post=19085"},{"taxonomy":"post_tag","embeddable":true,"href":"https:\/\/lasentinelle.dz\/index.php\/wp-json\/wp\/v2\/tags?post=19085"}],"curies":[{"name":"wp","href":"https:\/\/api.w.org\/{rel}","templated":true}]}}