{"id":19092,"date":"2022-03-30T00:05:00","date_gmt":"2022-03-29T23:05:00","guid":{"rendered":"https:\/\/lasentinelle.dz\/?p=19092"},"modified":"2022-03-29T16:43:55","modified_gmt":"2022-03-29T15:43:55","slug":"retour-des-supporters-dans-les-stade-algerois-le-public-simpatiente-et-denonce","status":"publish","type":"post","link":"https:\/\/lasentinelle.dz\/index.php\/2022\/03\/30\/retour-des-supporters-dans-les-stade-algerois-le-public-simpatiente-et-denonce\/","title":{"rendered":"Retour des supporters dans les stade alg\u00e9rois\u00a0:\u00a0Le public s\u2019impatiente et d\u00e9nonce \u00a0"},"content":{"rendered":"\n<p>Dans tous les stades de l\u2019Alg\u00e9rie, ou presque, le retour des supporters dans les gradins se fait progressivement. Seulement, s\u2019il y a un fait qui m\u00e9rite d\u2019\u00eatre signal\u00e9 dans ce sens, c\u2019est que cela ne concerne pas les supporters dans les stades alg\u00e9rois.&nbsp;<\/p>\n\n\n\n<p>Que cela&nbsp;soit&nbsp;lors des rencontres des comp\u00e9titions nationales ou continentales (Champions League africaine et la Coupe de la CAF), les gradins des stades alg\u00e9rois&nbsp;s\u2019affichent vides. La pression des supporters des clubs de la capitale sur les r\u00e9seaux sociaux n\u2019a rien apport\u00e9, puisque aucune d\u00e9cision n\u2019a \u00e9t\u00e9 prise dans ce sens. Du c\u00f4t\u00e9 de la F\u00e9d\u00e9ration alg\u00e9rienne de football (FAF) et de Ligue de football professionnel (LFP), on affirme que cette d\u00e9cision les d\u00e9passe, puisqu\u2019elle est du ressort des autorit\u00e9s de la wilaya d\u2019Alger. Et voil\u00e0 que les choses prennent une autre tournure. Hier, au stade du 5-Juillet de la capitale, une des enceintes o\u00f9 le public alg\u00e9rois est interdit d\u2019acc\u00e8s, des \u00e9cran g\u00e9ants ont \u00e9t\u00e9 mis en place avec un acc\u00e8s gratuit pour permettre au grand public de suivre en direct le match de l\u2019Equipe nationale de football face au Cameroun, au match retour des barrages qualificatifs pour la Coupe du Monde Qatar-2022. Pire encore, le pass sanitaire n\u2019a pas \u00e9t\u00e9 exig\u00e9 hier soir aux pr\u00e9sents. M\u00eame dans les places publiques, des \u00e9crans g\u00e9ants ont \u00e9t\u00e9 install\u00e9s. \u00ab A ne rien comprendre \u00bb, affirme-t-on du c\u00f4t\u00e9 des supporters des clubs alg\u00e9rois. Mais il semble que les choses devraient changer tr\u00e8s prochainement. La wilaya d\u2019Alger, apprend-on, devrait annoncer le retour des supporters aux stades dans les toutes prochaines heures, surtout apr\u00e8s que le nombre de contamination par le Covid-19 ait sensiblement baiss\u00e9. Et ce retour concernera, selon les m\u00eames sources, les rencontres du championnat ainsi que celles des comp\u00e9titions continentales. Reste seulement \u00e0 savoir si cela se fera avec la pr\u00e9sentation ou pas d\u2019un pass sanitaire. Ce retour est aussi revendiqu\u00e9 par les joueurs, qui affirment que l\u2019ambiance dans les gradins leur manque, puisque les rencontres perdent de leur saveur. Les jours \u00e0 venir apporteront davantage de d\u00e9tails dans cette affaire.&nbsp;<\/p>\n\n\n\n<p><strong>Abderrahim Mahious&nbsp;<\/strong><\/p>\n","protected":false},"excerpt":{"rendered":"<p>Dans tous les stades de l\u2019Alg\u00e9rie, ou presque, le retour des supporters dans les gradins se fait progressivement. Seulement, s\u2019il<\/p>\n","protected":false},"author":3,"featured_media":19093,"comment_status":"open","ping_status":"closed","sticky":false,"template":"","format":"standard","meta":{"colormag_page_container_layout":"default_layout","colormag_page_sidebar_layout":"default_layout","om_disable_all_campaigns":false,"_monsterinsights_skip_tracking":false,"_monsterinsights_sitenote_active":false,"_monsterinsights_sitenote_note":"","_monsterinsights_sitenote_category":0,"footnotes":"","_wpscppro_dont_share_socialmedia":false,"_wpscppro_custom_social_share_image":0,"_facebook_share_type":"","_twitter_share_type":"","_linkedin_share_type":"","_pinterest_share_type":"","_linkedin_share_type_page":"","_instagram_share_type":"","_medium_share_type":"","_threads_share_type":"","_google_business_share_type":"","_selected_social_profile":[],"_wpsp_enable_custom_social_template":false,"_wpsp_social_scheduling":{"enabled":false,"datetime":null,"platforms":[],"status":"template_only","dateOption":"today","timeOption":"now","customDays":"","customHours":"","customDate":"","customTime":"","schedulingType":"absolute"},"_wpsp_active_default_template":true},"categories":[52,33],"tags":[],"class_list":["post-19092","post","type-post","status-publish","format-standard","has-post-thumbnail","hentry","category-a-la-une","category-sports"],"aioseo_notices":[],"yoast_head":"<!-- This site is optimized with the Yoast SEO plugin v27.5 - https:\/\/yoast.com\/product\/yoast-seo-wordpress\/ -->\n<title>Retour des supporters dans les stade alg\u00e9rois\u00a0:\u00a0Le public s\u2019impatiente et d\u00e9nonce \u00a0 - La Sentinelle<\/title>\n<meta name=\"robots\" content=\"index, follow, max-snippet:-1, max-image-preview:large, max-video-preview:-1\" \/>\n<link rel=\"canonical\" href=\"https:\/\/lasentinelle.dz\/index.php\/2022\/03\/30\/retour-des-supporters-dans-les-stade-algerois-le-public-simpatiente-et-denonce\/\" \/>\n<meta property=\"og:locale\" content=\"fr_FR\" \/>\n<meta property=\"og:type\" content=\"article\" \/>\n<meta property=\"og:title\" content=\"Retour des supporters dans les stade alg\u00e9rois\u00a0:\u00a0Le public s\u2019impatiente et d\u00e9nonce \u00a0 - La Sentinelle\" \/>\n<meta property=\"og:description\" content=\"Dans tous les stades de l\u2019Alg\u00e9rie, ou presque, le retour des supporters dans les gradins se fait progressivement. Seulement, s\u2019il\" \/>\n<meta property=\"og:url\" content=\"https:\/\/lasentinelle.dz\/index.php\/2022\/03\/30\/retour-des-supporters-dans-les-stade-algerois-le-public-simpatiente-et-denonce\/\" \/>\n<meta property=\"og:site_name\" content=\"La Sentinelle\" \/>\n<meta property=\"article:publisher\" content=\"https:\/\/www.facebook.com\/La-Sentinelle-104059864394773\" \/>\n<meta property=\"article:published_time\" content=\"2022-03-29T23:05:00+00:00\" \/>\n<meta property=\"og:image\" content=\"https:\/\/lasentinelle.dz\/wp-content\/uploads\/2022\/03\/supporters-3.png\" \/>\n\t<meta property=\"og:image:width\" content=\"1512\" \/>\n\t<meta property=\"og:image:height\" content=\"900\" \/>\n\t<meta property=\"og:image:type\" content=\"image\/png\" \/>\n<meta name=\"author\" content=\"La Sentinelle\" \/>\n<meta name=\"twitter:card\" content=\"summary_large_image\" \/>\n<meta name=\"twitter:label1\" content=\"\u00c9crit par\" \/>\n\t<meta name=\"twitter:data1\" content=\"La Sentinelle\" \/>\n\t<meta name=\"twitter:label2\" content=\"Dur\u00e9e de lecture estim\u00e9e\" \/>\n\t<meta name=\"twitter:data2\" content=\"2 minutes\" \/>\n<script type=\"application\/ld+json\" class=\"yoast-schema-graph\">{\"@context\":\"https:\\\/\\\/schema.org\",\"@graph\":[{\"@type\":\"Article\",\"@id\":\"https:\\\/\\\/lasentinelle.dz\\\/index.php\\\/2022\\\/03\\\/30\\\/retour-des-supporters-dans-les-stade-algerois-le-public-simpatiente-et-denonce\\\/#article\",\"isPartOf\":{\"@id\":\"https:\\\/\\\/lasentinelle.dz\\\/index.php\\\/2022\\\/03\\\/30\\\/retour-des-supporters-dans-les-stade-algerois-le-public-simpatiente-et-denonce\\\/\"},\"author\":{\"name\":\"La Sentinelle\",\"@id\":\"https:\\\/\\\/lasentinelle.dz\\\/#\\\/schema\\\/person\\\/d865044e22e70a75174ce8bcad3acfb3\"},\"headline\":\"Retour des supporters dans les stade alg\u00e9rois\u00a0:\u00a0Le public s\u2019impatiente et d\u00e9nonce \u00a0\",\"datePublished\":\"2022-03-29T23:05:00+00:00\",\"mainEntityOfPage\":{\"@id\":\"https:\\\/\\\/lasentinelle.dz\\\/index.php\\\/2022\\\/03\\\/30\\\/retour-des-supporters-dans-les-stade-algerois-le-public-simpatiente-et-denonce\\\/\"},\"wordCount\":409,\"commentCount\":0,\"publisher\":{\"@id\":\"https:\\\/\\\/lasentinelle.dz\\\/#organization\"},\"image\":{\"@id\":\"https:\\\/\\\/lasentinelle.dz\\\/index.php\\\/2022\\\/03\\\/30\\\/retour-des-supporters-dans-les-stade-algerois-le-public-simpatiente-et-denonce\\\/#primaryimage\"},\"thumbnailUrl\":\"https:\\\/\\\/lasentinelle.dz\\\/wp-content\\\/uploads\\\/2022\\\/03\\\/supporters-3.png\",\"articleSection\":[\"\u00c0 la Une\",\"Sports\"],\"inLanguage\":\"fr-FR\",\"potentialAction\":[{\"@type\":\"CommentAction\",\"name\":\"Comment\",\"target\":[\"https:\\\/\\\/lasentinelle.dz\\\/index.php\\\/2022\\\/03\\\/30\\\/retour-des-supporters-dans-les-stade-algerois-le-public-simpatiente-et-denonce\\\/#respond\"]}]},{\"@type\":\"WebPage\",\"@id\":\"https:\\\/\\\/lasentinelle.dz\\\/index.php\\\/2022\\\/03\\\/30\\\/retour-des-supporters-dans-les-stade-algerois-le-public-simpatiente-et-denonce\\\/\",\"url\":\"https:\\\/\\\/lasentinelle.dz\\\/index.php\\\/2022\\\/03\\\/30\\\/retour-des-supporters-dans-les-stade-algerois-le-public-simpatiente-et-denonce\\\/\",\"name\":\"Retour des supporters dans les stade alg\u00e9rois\u00a0:\u00a0Le public s\u2019impatiente et d\u00e9nonce \u00a0 - La Sentinelle\",\"isPartOf\":{\"@id\":\"https:\\\/\\\/lasentinelle.dz\\\/#website\"},\"primaryImageOfPage\":{\"@id\":\"https:\\\/\\\/lasentinelle.dz\\\/index.php\\\/2022\\\/03\\\/30\\\/retour-des-supporters-dans-les-stade-algerois-le-public-simpatiente-et-denonce\\\/#primaryimage\"},\"image\":{\"@id\":\"https:\\\/\\\/lasentinelle.dz\\\/index.php\\\/2022\\\/03\\\/30\\\/retour-des-supporters-dans-les-stade-algerois-le-public-simpatiente-et-denonce\\\/#primaryimage\"},\"thumbnailUrl\":\"https:\\\/\\\/lasentinelle.dz\\\/wp-content\\\/uploads\\\/2022\\\/03\\\/supporters-3.png\",\"datePublished\":\"2022-03-29T23:05:00+00:00\",\"breadcrumb\":{\"@id\":\"https:\\\/\\\/lasentinelle.dz\\\/index.php\\\/2022\\\/03\\\/30\\\/retour-des-supporters-dans-les-stade-algerois-le-public-simpatiente-et-denonce\\\/#breadcrumb\"},\"inLanguage\":\"fr-FR\",\"potentialAction\":[{\"@type\":\"ReadAction\",\"target\":[\"https:\\\/\\\/lasentinelle.dz\\\/index.php\\\/2022\\\/03\\\/30\\\/retour-des-supporters-dans-les-stade-algerois-le-public-simpatiente-et-denonce\\\/\"]}]},{\"@type\":\"ImageObject\",\"inLanguage\":\"fr-FR\",\"@id\":\"https:\\\/\\\/lasentinelle.dz\\\/index.php\\\/2022\\\/03\\\/30\\\/retour-des-supporters-dans-les-stade-algerois-le-public-simpatiente-et-denonce\\\/#primaryimage\",\"url\":\"https:\\\/\\\/lasentinelle.dz\\\/wp-content\\\/uploads\\\/2022\\\/03\\\/supporters-3.png\",\"contentUrl\":\"https:\\\/\\\/lasentinelle.dz\\\/wp-content\\\/uploads\\\/2022\\\/03\\\/supporters-3.png\",\"width\":1512,\"height\":900},{\"@type\":\"BreadcrumbList\",\"@id\":\"https:\\\/\\\/lasentinelle.dz\\\/index.php\\\/2022\\\/03\\\/30\\\/retour-des-supporters-dans-les-stade-algerois-le-public-simpatiente-et-denonce\\\/#breadcrumb\",\"itemListElement\":[{\"@type\":\"ListItem\",\"position\":1,\"name\":\"Accueil\",\"item\":\"https:\\\/\\\/lasentinelle.dz\\\/\"},{\"@type\":\"ListItem\",\"position\":2,\"name\":\"Retour des supporters dans les stade alg\u00e9rois\u00a0:\u00a0Le public s\u2019impatiente et d\u00e9nonce \u00a0\"}]},{\"@type\":\"WebSite\",\"@id\":\"https:\\\/\\\/lasentinelle.dz\\\/#website\",\"url\":\"https:\\\/\\\/lasentinelle.dz\\\/\",\"name\":\"La Sentinelle\",\"description\":\"Quotidien national d&#039;information\",\"publisher\":{\"@id\":\"https:\\\/\\\/lasentinelle.dz\\\/#organization\"},\"potentialAction\":[{\"@type\":\"SearchAction\",\"target\":{\"@type\":\"EntryPoint\",\"urlTemplate\":\"https:\\\/\\\/lasentinelle.dz\\\/?s={search_term_string}\"},\"query-input\":{\"@type\":\"PropertyValueSpecification\",\"valueRequired\":true,\"valueName\":\"search_term_string\"}}],\"inLanguage\":\"fr-FR\"},{\"@type\":\"Organization\",\"@id\":\"https:\\\/\\\/lasentinelle.dz\\\/#organization\",\"name\":\"Quotidien La Sentinelle\",\"url\":\"https:\\\/\\\/lasentinelle.dz\\\/\",\"logo\":{\"@type\":\"ImageObject\",\"inLanguage\":\"fr-FR\",\"@id\":\"https:\\\/\\\/lasentinelle.dz\\\/#\\\/schema\\\/logo\\\/image\\\/\",\"url\":\"https:\\\/\\\/lasentinelle.dz\\\/wp-content\\\/uploads\\\/2021\\\/09\\\/logo-sentinelleSLOGAN-1.png\",\"contentUrl\":\"https:\\\/\\\/lasentinelle.dz\\\/wp-content\\\/uploads\\\/2021\\\/09\\\/logo-sentinelleSLOGAN-1.png\",\"width\":615,\"height\":142,\"caption\":\"Quotidien La Sentinelle\"},\"image\":{\"@id\":\"https:\\\/\\\/lasentinelle.dz\\\/#\\\/schema\\\/logo\\\/image\\\/\"},\"sameAs\":[\"https:\\\/\\\/www.facebook.com\\\/La-Sentinelle-104059864394773\"]},{\"@type\":\"Person\",\"@id\":\"https:\\\/\\\/lasentinelle.dz\\\/#\\\/schema\\\/person\\\/d865044e22e70a75174ce8bcad3acfb3\",\"name\":\"La Sentinelle\",\"image\":{\"@type\":\"ImageObject\",\"inLanguage\":\"fr-FR\",\"@id\":\"https:\\\/\\\/secure.gravatar.com\\\/avatar\\\/57de8e5d4b15d43fb361a71fbb36338450fe67865b528a43dd10ef7c51a20392?s=96&d=mm&r=g\",\"url\":\"https:\\\/\\\/secure.gravatar.com\\\/avatar\\\/57de8e5d4b15d43fb361a71fbb36338450fe67865b528a43dd10ef7c51a20392?s=96&d=mm&r=g\",\"contentUrl\":\"https:\\\/\\\/secure.gravatar.com\\\/avatar\\\/57de8e5d4b15d43fb361a71fbb36338450fe67865b528a43dd10ef7c51a20392?s=96&d=mm&r=g\",\"caption\":\"La Sentinelle\"},\"sameAs\":[\"http:\\\/\\\/www.lasentinelle.dz\"],\"url\":\"https:\\\/\\\/lasentinelle.dz\\\/author\\\/redaction\\\/\"}]}<\/script>\n<!-- \/ Yoast SEO plugin. -->","yoast_head_json":{"title":"Retour des supporters dans les stade alg\u00e9rois\u00a0:\u00a0Le public s\u2019impatiente et d\u00e9nonce \u00a0 - La Sentinelle","robots":{"index":"index","follow":"follow","max-snippet":"max-snippet:-1","max-image-preview":"max-image-preview:large","max-video-preview":"max-video-preview:-1"},"canonical":"https:\/\/lasentinelle.dz\/index.php\/2022\/03\/30\/retour-des-supporters-dans-les-stade-algerois-le-public-simpatiente-et-denonce\/","og_locale":"fr_FR","og_type":"article","og_title":"Retour des supporters dans les stade alg\u00e9rois\u00a0:\u00a0Le public s\u2019impatiente et d\u00e9nonce \u00a0 - La Sentinelle","og_description":"Dans tous les stades de l\u2019Alg\u00e9rie, ou presque, le retour des supporters dans les gradins se fait progressivement. Seulement, s\u2019il","og_url":"https:\/\/lasentinelle.dz\/index.php\/2022\/03\/30\/retour-des-supporters-dans-les-stade-algerois-le-public-simpatiente-et-denonce\/","og_site_name":"La Sentinelle","article_publisher":"https:\/\/www.facebook.com\/La-Sentinelle-104059864394773","article_published_time":"2022-03-29T23:05:00+00:00","og_image":[{"width":1512,"height":900,"url":"https:\/\/lasentinelle.dz\/wp-content\/uploads\/2022\/03\/supporters-3.png","type":"image\/png"}],"author":"La Sentinelle","twitter_card":"summary_large_image","twitter_misc":{"\u00c9crit par":"La Sentinelle","Dur\u00e9e de lecture estim\u00e9e":"2 minutes"},"schema":{"@context":"https:\/\/schema.org","@graph":[{"@type":"Article","@id":"https:\/\/lasentinelle.dz\/index.php\/2022\/03\/30\/retour-des-supporters-dans-les-stade-algerois-le-public-simpatiente-et-denonce\/#article","isPartOf":{"@id":"https:\/\/lasentinelle.dz\/index.php\/2022\/03\/30\/retour-des-supporters-dans-les-stade-algerois-le-public-simpatiente-et-denonce\/"},"author":{"name":"La Sentinelle","@id":"https:\/\/lasentinelle.dz\/#\/schema\/person\/d865044e22e70a75174ce8bcad3acfb3"},"headline":"Retour des supporters dans les stade alg\u00e9rois\u00a0:\u00a0Le public s\u2019impatiente et d\u00e9nonce \u00a0","datePublished":"2022-03-29T23:05:00+00:00","mainEntityOfPage":{"@id":"https:\/\/lasentinelle.dz\/index.php\/2022\/03\/30\/retour-des-supporters-dans-les-stade-algerois-le-public-simpatiente-et-denonce\/"},"wordCount":409,"commentCount":0,"publisher":{"@id":"https:\/\/lasentinelle.dz\/#organization"},"image":{"@id":"https:\/\/lasentinelle.dz\/index.php\/2022\/03\/30\/retour-des-supporters-dans-les-stade-algerois-le-public-simpatiente-et-denonce\/#primaryimage"},"thumbnailUrl":"https:\/\/lasentinelle.dz\/wp-content\/uploads\/2022\/03\/supporters-3.png","articleSection":["\u00c0 la Une","Sports"],"inLanguage":"fr-FR","potentialAction":[{"@type":"CommentAction","name":"Comment","target":["https:\/\/lasentinelle.dz\/index.php\/2022\/03\/30\/retour-des-supporters-dans-les-stade-algerois-le-public-simpatiente-et-denonce\/#respond"]}]},{"@type":"WebPage","@id":"https:\/\/lasentinelle.dz\/index.php\/2022\/03\/30\/retour-des-supporters-dans-les-stade-algerois-le-public-simpatiente-et-denonce\/","url":"https:\/\/lasentinelle.dz\/index.php\/2022\/03\/30\/retour-des-supporters-dans-les-stade-algerois-le-public-simpatiente-et-denonce\/","name":"Retour des supporters dans les stade alg\u00e9rois\u00a0:\u00a0Le public s\u2019impatiente et d\u00e9nonce \u00a0 - La Sentinelle","isPartOf":{"@id":"https:\/\/lasentinelle.dz\/#website"},"primaryImageOfPage":{"@id":"https:\/\/lasentinelle.dz\/index.php\/2022\/03\/30\/retour-des-supporters-dans-les-stade-algerois-le-public-simpatiente-et-denonce\/#primaryimage"},"image":{"@id":"https:\/\/lasentinelle.dz\/index.php\/2022\/03\/30\/retour-des-supporters-dans-les-stade-algerois-le-public-simpatiente-et-denonce\/#primaryimage"},"thumbnailUrl":"https:\/\/lasentinelle.dz\/wp-content\/uploads\/2022\/03\/supporters-3.png","datePublished":"2022-03-29T23:05:00+00:00","breadcrumb":{"@id":"https:\/\/lasentinelle.dz\/index.php\/2022\/03\/30\/retour-des-supporters-dans-les-stade-algerois-le-public-simpatiente-et-denonce\/#breadcrumb"},"inLanguage":"fr-FR","potentialAction":[{"@type":"ReadAction","target":["https:\/\/lasentinelle.dz\/index.php\/2022\/03\/30\/retour-des-supporters-dans-les-stade-algerois-le-public-simpatiente-et-denonce\/"]}]},{"@type":"ImageObject","inLanguage":"fr-FR","@id":"https:\/\/lasentinelle.dz\/index.php\/2022\/03\/30\/retour-des-supporters-dans-les-stade-algerois-le-public-simpatiente-et-denonce\/#primaryimage","url":"https:\/\/lasentinelle.dz\/wp-content\/uploads\/2022\/03\/supporters-3.png","contentUrl":"https:\/\/lasentinelle.dz\/wp-content\/uploads\/2022\/03\/supporters-3.png","width":1512,"height":900},{"@type":"BreadcrumbList","@id":"https:\/\/lasentinelle.dz\/index.php\/2022\/03\/30\/retour-des-supporters-dans-les-stade-algerois-le-public-simpatiente-et-denonce\/#breadcrumb","itemListElement":[{"@type":"ListItem","position":1,"name":"Accueil","item":"https:\/\/lasentinelle.dz\/"},{"@type":"ListItem","position":2,"name":"Retour des supporters dans les stade alg\u00e9rois\u00a0:\u00a0Le public s\u2019impatiente et d\u00e9nonce \u00a0"}]},{"@type":"WebSite","@id":"https:\/\/lasentinelle.dz\/#website","url":"https:\/\/lasentinelle.dz\/","name":"La Sentinelle","description":"Quotidien national d&#039;information","publisher":{"@id":"https:\/\/lasentinelle.dz\/#organization"},"potentialAction":[{"@type":"SearchAction","target":{"@type":"EntryPoint","urlTemplate":"https:\/\/lasentinelle.dz\/?s={search_term_string}"},"query-input":{"@type":"PropertyValueSpecification","valueRequired":true,"valueName":"search_term_string"}}],"inLanguage":"fr-FR"},{"@type":"Organization","@id":"https:\/\/lasentinelle.dz\/#organization","name":"Quotidien La Sentinelle","url":"https:\/\/lasentinelle.dz\/","logo":{"@type":"ImageObject","inLanguage":"fr-FR","@id":"https:\/\/lasentinelle.dz\/#\/schema\/logo\/image\/","url":"https:\/\/lasentinelle.dz\/wp-content\/uploads\/2021\/09\/logo-sentinelleSLOGAN-1.png","contentUrl":"https:\/\/lasentinelle.dz\/wp-content\/uploads\/2021\/09\/logo-sentinelleSLOGAN-1.png","width":615,"height":142,"caption":"Quotidien La Sentinelle"},"image":{"@id":"https:\/\/lasentinelle.dz\/#\/schema\/logo\/image\/"},"sameAs":["https:\/\/www.facebook.com\/La-Sentinelle-104059864394773"]},{"@type":"Person","@id":"https:\/\/lasentinelle.dz\/#\/schema\/person\/d865044e22e70a75174ce8bcad3acfb3","name":"La Sentinelle","image":{"@type":"ImageObject","inLanguage":"fr-FR","@id":"https:\/\/secure.gravatar.com\/avatar\/57de8e5d4b15d43fb361a71fbb36338450fe67865b528a43dd10ef7c51a20392?s=96&d=mm&r=g","url":"https:\/\/secure.gravatar.com\/avatar\/57de8e5d4b15d43fb361a71fbb36338450fe67865b528a43dd10ef7c51a20392?s=96&d=mm&r=g","contentUrl":"https:\/\/secure.gravatar.com\/avatar\/57de8e5d4b15d43fb361a71fbb36338450fe67865b528a43dd10ef7c51a20392?s=96&d=mm&r=g","caption":"La Sentinelle"},"sameAs":["http:\/\/www.lasentinelle.dz"],"url":"https:\/\/lasentinelle.dz\/author\/redaction\/"}]}},"_links":{"self":[{"href":"https:\/\/lasentinelle.dz\/index.php\/wp-json\/wp\/v2\/posts\/19092","targetHints":{"allow":["GET"]}}],"collection":[{"href":"https:\/\/lasentinelle.dz\/index.php\/wp-json\/wp\/v2\/posts"}],"about":[{"href":"https:\/\/lasentinelle.dz\/index.php\/wp-json\/wp\/v2\/types\/post"}],"author":[{"embeddable":true,"href":"https:\/\/lasentinelle.dz\/index.php\/wp-json\/wp\/v2\/users\/3"}],"replies":[{"embeddable":true,"href":"https:\/\/lasentinelle.dz\/index.php\/wp-json\/wp\/v2\/comments?post=19092"}],"version-history":[{"count":1,"href":"https:\/\/lasentinelle.dz\/index.php\/wp-json\/wp\/v2\/posts\/19092\/revisions"}],"predecessor-version":[{"id":19097,"href":"https:\/\/lasentinelle.dz\/index.php\/wp-json\/wp\/v2\/posts\/19092\/revisions\/19097"}],"wp:featuredmedia":[{"embeddable":true,"href":"https:\/\/lasentinelle.dz\/index.php\/wp-json\/wp\/v2\/media\/19093"}],"wp:attachment":[{"href":"https:\/\/lasentinelle.dz\/index.php\/wp-json\/wp\/v2\/media?parent=19092"}],"wp:term":[{"taxonomy":"category","embeddable":true,"href":"https:\/\/lasentinelle.dz\/index.php\/wp-json\/wp\/v2\/categories?post=19092"},{"taxonomy":"post_tag","embeddable":true,"href":"https:\/\/lasentinelle.dz\/index.php\/wp-json\/wp\/v2\/tags?post=19092"}],"curies":[{"name":"wp","href":"https:\/\/api.w.org\/{rel}","templated":true}]}}