{"id":19110,"date":"2022-03-30T00:01:00","date_gmt":"2022-03-29T23:01:00","guid":{"rendered":"https:\/\/lasentinelle.dz\/?p=19110"},"modified":"2022-03-29T19:47:00","modified_gmt":"2022-03-29T18:47:00","slug":"assemblee-populaire-nationale-quatre-projets-de-loi-adoptes","status":"publish","type":"post","link":"https:\/\/lasentinelle.dz\/index.php\/2022\/03\/30\/assemblee-populaire-nationale-quatre-projets-de-loi-adoptes\/","title":{"rendered":"Assembl\u00e9e populaire nationale\u00a0:\u00a0Quatre projets de loi adopt\u00e9s"},"content":{"rendered":"\n<p>Les d\u00e9put\u00e9s de l\u2019Assembl\u00e9e populaire nationale ont adopt\u00e9 hier quatre projets de loi lors d\u2019une s\u00e9ance en pl\u00e9ni\u00e8re pr\u00e9sid\u00e9e par Brahim Boughali, en pr\u00e9sence du ministre de la Justice, Garde des Sceaux, Abderrachid Tabi. Le premier projet de loi a trait \u00e0 l&rsquo;organisation, la composition et les attributions de la Haute autorit\u00e9 de transparence, de pr\u00e9vention et de lutte contre la corruption. Le contenu de ces dispositions s\u2019articule sur plusieurs conventions et trait\u00e9s internationaux qui ont \u00e9t\u00e9 ratifi\u00e9s par l&rsquo;Alg\u00e9rie, comme la Convention de l&rsquo;Union africaine sur la pr\u00e9vention et la lutte contre la corruption de 2003, la Convention des Nations unies contre la corruption. Ce projet de loi comprend 40 articles et plusieurs principes dont particuli\u00e8rement la s\u00e9paration des pouvoirs de la Haute autorit\u00e9 de transparence, de pr\u00e9vention et de lutte contre la corruption et des autres autorit\u00e9s charg\u00e9es de la pr\u00e9vention et de la lutte contre la corruption, notamment le pouvoir judiciaire et la Cour des comptes. Le texte d\u00e9fini les attributions de la Haute autorit\u00e9 de transparence, de pr\u00e9vention et de lutte contre la corruption, particuli\u00e8rement dans le domaine de la cons\u00e9cration des principes de transparence et de probit\u00e9 dans la gestion des affaires publiques. \u00ab Toute personne physique ou morale peut saisir la Haute autorit\u00e9 de faits de corruption (informations, donn\u00e9es ou preuves) et pour \u00eatre recevables, les plaintes ou signalements doivent \u00eatre adress\u00e9(e)s par \u00e9crit, \u00eatre sign\u00e9(e)s et contenir des \u00e9l\u00e9ments sur les faits de corruption et des \u00e9l\u00e9ments suffisants sur l&rsquo;identit\u00e9 de l&rsquo;auteur du signalement \u00bb, pr\u00e9voit le projet de loi.&nbsp;&nbsp;De sa propre initiative ou apr\u00e8s sa saisine concernant un manquement aux conditions de probit\u00e9, l\u2019autorit\u00e9 peut prendre plusieurs mesures, adresser des avertissements au concern\u00e9 et notifier le procureur g\u00e9n\u00e9ral comp\u00e9tent en cas de non-d\u00e9claration du patrimoine ou de fausse d\u00e9claration. Outre la lutte contre la corruption par la mise en place d&rsquo;un r\u00e9seau favorisant la transparence dans l&rsquo;organisation des activit\u00e9s caritatives, religieuses, culturelles et sportives des \u00e9tablissements publics et priv\u00e9s, cette autorit\u00e9 \u0153uvrera \u00e0 la promotion et au renforcement du r\u00f4le de la soci\u00e9t\u00e9 civile. Par ailleurs, la Haute autorit\u00e9 de transparence, de pr\u00e9vention et de lutte contre la corruption \u00e9tablira un rapport annuel sur ses activit\u00e9s \u00e0 soumettre au Pr\u00e9sident de la R\u00e9publique tout en informant l&rsquo;opinion publique de sa teneur, en cons\u00e9cration de la culture de transparence. Le second projet ent\u00e9rin\u00e9 fixe les modalit\u00e9s d&rsquo;\u00e9lection des membres du Conseil Sup\u00e9rieur de la Magistrature, le CSM, en plus des r\u00e8gles de son organisation et de son fonctionnement. \u00abCette loi organique entre dans le cadre de l&rsquo;adaptation des textes juridiques \u00e0 la Constitution et vient en application des dispositions de son article 180 qui a consacr\u00e9 \u00e0 la magistrature un chapitre entier\u00bb. Le Conseil sup\u00e9rieur de magistrature est pr\u00e9sid\u00e9 par le pr\u00e9sident de la R\u00e9publique. Il est comprend de 26 membres. Il est compos\u00e9 du premier pr\u00e9sident de la Cour supr\u00eame, ce dernier assume la fonction du vice-pr\u00e9sident,&nbsp;&nbsp;en plus du pr\u00e9sident du Conseil d&rsquo;Etat, 15 magistrats \u00e9lus par leurs pairs, 2 magistrats issus de la formation syndicale des magistrats, 6 personnalit\u00e9s d\u00e9sign\u00e9es pour leur comp\u00e9tence mais ne figurant pas dans le corps de la magistrature, 2 membres d\u00e9sign\u00e9s par le Pr\u00e9sident de la R\u00e9publique, 2 autres membres choisies par le pr\u00e9sident du Parlement qui ne sont pas non plus d\u00e9put\u00e9s et 2 personnes d\u00e9sign\u00e9es par le pr\u00e9sident du Conseil de la Nation en dehors de ses membres et le pr\u00e9sident du Conseil national des droits de l&rsquo;Homme. Outre les attributs qui lui ont \u00e9t\u00e9 accord\u00e9s, le CSM \u00e9labore un rapport d&rsquo;activit\u00e9s annuel au pr\u00e9sident de la R\u00e9publique. Le troisi\u00e8me projet est relatif au d\u00e9coupage judiciaire. Ce dernier pr\u00e9voit une r\u00e9vision du cadre juridique du d\u00e9coupage judiciaire en vue de son adaptation aux dispositions li\u00e9es aux juridictions administratives et ordinaires et de permettre une coh\u00e9sion avec les articles de la loi organique li\u00e9e \u00e0 l&rsquo;organisation judiciaire. Son contenu prend en consid\u00e9ration les nouveaut\u00e9s de la l\u00e9gislation nationale en se basant sur les dispositions des articles 165 et 179 de la Constitution qui pr\u00e9voient la g\u00e9n\u00e9ralisation du double degr\u00e9 de juridiction et la cr\u00e9ation de tribunaux administratifs d&rsquo;appel. Cette loi comprend 19 articles r\u00e9partis sur 3 axes, \u00e0 savoir le d\u00e9coupage judiciaire juste. Il est&nbsp;&nbsp;propos\u00e9 en ce sens l&rsquo;augmentation du nombre des cours de 48 \u00e0 58, conform\u00e9ment au d\u00e9coupage territorial du pays suite \u00e0 la cr\u00e9ation de 10 nouvelles wilayas au Sud. Il pr\u00e9voit \u00e9galement la cr\u00e9ation de tribunaux dans le ressort de chaque cour, la possibilit\u00e9 de cr\u00e9er un ou plusieurs tribunaux au niveau de la m\u00eame commune et d&rsquo;\u00e9tendre la comp\u00e9tence territoriale du tribunal \u00e0 plusieurs communes, ainsi que la cr\u00e9ation de sections dans le domaine de comp\u00e9tence des tribunaux au niveau des communes sur d\u00e9cision du ministre de la Justice. Compte tenu des dispositions de la loi organique li\u00e9e \u00e0 l&rsquo;organisation judiciaire, adopt\u00e9e par l&rsquo;APN, le projet en question stipule la cr\u00e9ation, au sein du territoire de comp\u00e9tence de certaines Cours de justice, des tribunaux commerciaux. Le nombre de sa composante et ressort devront \u00eatre d\u00e9finis par voie r\u00e9glementaire. Le projet de loi modifiant et compl\u00e9tant le Code de proc\u00e9dure civile et administrative d\u00e9finira les modalit\u00e9s d&rsquo;organisation de ces tribunaux. Il sera pr\u00e9sent\u00e9 \u00e0 l&rsquo;APN prochainement. Le deuxi\u00e8me axe du projet explicite le d\u00e9coupage judiciaire administratif, o\u00f9 il sera proc\u00e9d\u00e9 \u00e0 la cr\u00e9ation de 6 tribunaux d&rsquo;appel, sis \u00e0 Alger, Oran, Constantine, Ouargla, B\u00e9char et Tamanrasset. Ce d\u00e9coupage \u00e0 port\u00e9e g\u00e9ographique du territoire national, le texte a pris en compte&nbsp;&nbsp;les questions pr\u00e9sent\u00e9es \u00e0 la juridiction administrative et les r\u00e9percussions sur les justiciables. Lors de la s\u00e9ance d\u2019hier, les d\u00e9put\u00e9s de l\u2019APN ont \u00e9galement adopt\u00e9 le projet de loi modifiant et compl\u00e9tant l&rsquo;Ordonnance n\u00b0 75-59 portant Code du commerce. Ce texte de loi intervient dans le cadre de la poursuite d&rsquo;adaptation du syst\u00e8me commercial \u00e0 l&rsquo;\u00e9volution du commerce, afin de permettre aux jeunes porteurs de projets de monter leurs propres entreprises et les impliquer dans le d\u00e9veloppement socio-\u00e9conomique du pays. Il vise l\u2019encouragement des comp\u00e9tences, notamment les jeunes, et la cr\u00e9ation d\u2019une \u00e9conomie diversifi\u00e9e, cr\u00e9atrice de richesses. En plus de la mise en place d&rsquo;un nouveau mode de soci\u00e9t\u00e9s commerciales, dites soci\u00e9t\u00e9s par actions simplifi\u00e9es (SAS) dans le cadre de la promotion des start-up, le&nbsp;&nbsp;projet propose la lev\u00e9e des&nbsp;&nbsp;contraintes contre lesquelles bute l&rsquo;op\u00e9ration de leur financement et adapter leur organisation et leur fonctionnement.&nbsp;<\/p>\n\n\n\n<p><strong>Amar Malki<\/strong><\/p>\n","protected":false},"excerpt":{"rendered":"<p>Les d\u00e9put\u00e9s de l\u2019Assembl\u00e9e populaire nationale ont adopt\u00e9 hier quatre projets de loi lors d\u2019une s\u00e9ance en pl\u00e9ni\u00e8re pr\u00e9sid\u00e9e par<\/p>\n","protected":false},"author":3,"featured_media":19131,"comment_status":"open","ping_status":"closed","sticky":false,"template":"","format":"standard","meta":{"colormag_page_container_layout":"default_layout","colormag_page_sidebar_layout":"default_layout","om_disable_all_campaigns":false,"_monsterinsights_skip_tracking":false,"_monsterinsights_sitenote_active":false,"_monsterinsights_sitenote_note":"","_monsterinsights_sitenote_category":0,"footnotes":"","_wpscppro_dont_share_socialmedia":false,"_wpscppro_custom_social_share_image":0,"_facebook_share_type":"","_twitter_share_type":"","_linkedin_share_type":"","_pinterest_share_type":"","_linkedin_share_type_page":"","_instagram_share_type":"","_medium_share_type":"","_threads_share_type":"","_google_business_share_type":"","_selected_social_profile":[],"_wpsp_enable_custom_social_template":false,"_wpsp_social_scheduling":{"enabled":false,"datetime":null,"platforms":[],"status":"template_only","dateOption":"today","timeOption":"now","customDays":"","customHours":"","customDate":"","customTime":"","schedulingType":"absolute"},"_wpsp_active_default_template":true},"categories":[27],"tags":[],"class_list":["post-19110","post","type-post","status-publish","format-standard","has-post-thumbnail","hentry","category-actualite"],"aioseo_notices":[],"yoast_head":"<!-- This site is optimized with the Yoast SEO plugin v27.5 - https:\/\/yoast.com\/product\/yoast-seo-wordpress\/ -->\n<title>Assembl\u00e9e populaire nationale\u00a0:\u00a0Quatre projets de loi adopt\u00e9s - La Sentinelle<\/title>\n<meta name=\"robots\" content=\"index, follow, max-snippet:-1, max-image-preview:large, max-video-preview:-1\" \/>\n<link rel=\"canonical\" href=\"https:\/\/lasentinelle.dz\/index.php\/2022\/03\/30\/assemblee-populaire-nationale-quatre-projets-de-loi-adoptes\/\" \/>\n<meta property=\"og:locale\" content=\"fr_FR\" \/>\n<meta property=\"og:type\" content=\"article\" \/>\n<meta property=\"og:title\" content=\"Assembl\u00e9e populaire nationale\u00a0:\u00a0Quatre projets de loi adopt\u00e9s - La Sentinelle\" \/>\n<meta property=\"og:description\" content=\"Les d\u00e9put\u00e9s de l\u2019Assembl\u00e9e populaire nationale ont adopt\u00e9 hier quatre projets de loi lors d\u2019une s\u00e9ance en pl\u00e9ni\u00e8re pr\u00e9sid\u00e9e par\" \/>\n<meta property=\"og:url\" content=\"https:\/\/lasentinelle.dz\/index.php\/2022\/03\/30\/assemblee-populaire-nationale-quatre-projets-de-loi-adoptes\/\" \/>\n<meta property=\"og:site_name\" content=\"La Sentinelle\" \/>\n<meta property=\"article:publisher\" content=\"https:\/\/www.facebook.com\/La-Sentinelle-104059864394773\" \/>\n<meta property=\"article:published_time\" content=\"2022-03-29T23:01:00+00:00\" \/>\n<meta property=\"og:image\" content=\"https:\/\/lasentinelle.dz\/wp-content\/uploads\/2022\/03\/droit-syndical-1500x9999-c.png\" \/>\n\t<meta property=\"og:image:width\" content=\"836\" \/>\n\t<meta property=\"og:image:height\" content=\"461\" \/>\n\t<meta property=\"og:image:type\" content=\"image\/png\" \/>\n<meta name=\"author\" content=\"La Sentinelle\" \/>\n<meta name=\"twitter:card\" content=\"summary_large_image\" \/>\n<meta name=\"twitter:label1\" content=\"\u00c9crit par\" \/>\n\t<meta name=\"twitter:data1\" content=\"La Sentinelle\" \/>\n\t<meta name=\"twitter:label2\" content=\"Dur\u00e9e de lecture estim\u00e9e\" \/>\n\t<meta name=\"twitter:data2\" content=\"6 minutes\" \/>\n<script type=\"application\/ld+json\" class=\"yoast-schema-graph\">{\"@context\":\"https:\\\/\\\/schema.org\",\"@graph\":[{\"@type\":\"Article\",\"@id\":\"https:\\\/\\\/lasentinelle.dz\\\/index.php\\\/2022\\\/03\\\/30\\\/assemblee-populaire-nationale-quatre-projets-de-loi-adoptes\\\/#article\",\"isPartOf\":{\"@id\":\"https:\\\/\\\/lasentinelle.dz\\\/index.php\\\/2022\\\/03\\\/30\\\/assemblee-populaire-nationale-quatre-projets-de-loi-adoptes\\\/\"},\"author\":{\"name\":\"La Sentinelle\",\"@id\":\"https:\\\/\\\/lasentinelle.dz\\\/#\\\/schema\\\/person\\\/d865044e22e70a75174ce8bcad3acfb3\"},\"headline\":\"Assembl\u00e9e populaire nationale\u00a0:\u00a0Quatre projets de loi adopt\u00e9s\",\"datePublished\":\"2022-03-29T23:01:00+00:00\",\"mainEntityOfPage\":{\"@id\":\"https:\\\/\\\/lasentinelle.dz\\\/index.php\\\/2022\\\/03\\\/30\\\/assemblee-populaire-nationale-quatre-projets-de-loi-adoptes\\\/\"},\"wordCount\":1227,\"commentCount\":0,\"publisher\":{\"@id\":\"https:\\\/\\\/lasentinelle.dz\\\/#organization\"},\"image\":{\"@id\":\"https:\\\/\\\/lasentinelle.dz\\\/index.php\\\/2022\\\/03\\\/30\\\/assemblee-populaire-nationale-quatre-projets-de-loi-adoptes\\\/#primaryimage\"},\"thumbnailUrl\":\"https:\\\/\\\/lasentinelle.dz\\\/wp-content\\\/uploads\\\/2022\\\/03\\\/droit-syndical-1500x9999-c.png\",\"articleSection\":[\"Actualit\u00e9\"],\"inLanguage\":\"fr-FR\",\"potentialAction\":[{\"@type\":\"CommentAction\",\"name\":\"Comment\",\"target\":[\"https:\\\/\\\/lasentinelle.dz\\\/index.php\\\/2022\\\/03\\\/30\\\/assemblee-populaire-nationale-quatre-projets-de-loi-adoptes\\\/#respond\"]}]},{\"@type\":\"WebPage\",\"@id\":\"https:\\\/\\\/lasentinelle.dz\\\/index.php\\\/2022\\\/03\\\/30\\\/assemblee-populaire-nationale-quatre-projets-de-loi-adoptes\\\/\",\"url\":\"https:\\\/\\\/lasentinelle.dz\\\/index.php\\\/2022\\\/03\\\/30\\\/assemblee-populaire-nationale-quatre-projets-de-loi-adoptes\\\/\",\"name\":\"Assembl\u00e9e populaire nationale\u00a0:\u00a0Quatre projets de loi adopt\u00e9s - La Sentinelle\",\"isPartOf\":{\"@id\":\"https:\\\/\\\/lasentinelle.dz\\\/#website\"},\"primaryImageOfPage\":{\"@id\":\"https:\\\/\\\/lasentinelle.dz\\\/index.php\\\/2022\\\/03\\\/30\\\/assemblee-populaire-nationale-quatre-projets-de-loi-adoptes\\\/#primaryimage\"},\"image\":{\"@id\":\"https:\\\/\\\/lasentinelle.dz\\\/index.php\\\/2022\\\/03\\\/30\\\/assemblee-populaire-nationale-quatre-projets-de-loi-adoptes\\\/#primaryimage\"},\"thumbnailUrl\":\"https:\\\/\\\/lasentinelle.dz\\\/wp-content\\\/uploads\\\/2022\\\/03\\\/droit-syndical-1500x9999-c.png\",\"datePublished\":\"2022-03-29T23:01:00+00:00\",\"breadcrumb\":{\"@id\":\"https:\\\/\\\/lasentinelle.dz\\\/index.php\\\/2022\\\/03\\\/30\\\/assemblee-populaire-nationale-quatre-projets-de-loi-adoptes\\\/#breadcrumb\"},\"inLanguage\":\"fr-FR\",\"potentialAction\":[{\"@type\":\"ReadAction\",\"target\":[\"https:\\\/\\\/lasentinelle.dz\\\/index.php\\\/2022\\\/03\\\/30\\\/assemblee-populaire-nationale-quatre-projets-de-loi-adoptes\\\/\"]}]},{\"@type\":\"ImageObject\",\"inLanguage\":\"fr-FR\",\"@id\":\"https:\\\/\\\/lasentinelle.dz\\\/index.php\\\/2022\\\/03\\\/30\\\/assemblee-populaire-nationale-quatre-projets-de-loi-adoptes\\\/#primaryimage\",\"url\":\"https:\\\/\\\/lasentinelle.dz\\\/wp-content\\\/uploads\\\/2022\\\/03\\\/droit-syndical-1500x9999-c.png\",\"contentUrl\":\"https:\\\/\\\/lasentinelle.dz\\\/wp-content\\\/uploads\\\/2022\\\/03\\\/droit-syndical-1500x9999-c.png\",\"width\":836,\"height\":461},{\"@type\":\"BreadcrumbList\",\"@id\":\"https:\\\/\\\/lasentinelle.dz\\\/index.php\\\/2022\\\/03\\\/30\\\/assemblee-populaire-nationale-quatre-projets-de-loi-adoptes\\\/#breadcrumb\",\"itemListElement\":[{\"@type\":\"ListItem\",\"position\":1,\"name\":\"Accueil\",\"item\":\"https:\\\/\\\/lasentinelle.dz\\\/\"},{\"@type\":\"ListItem\",\"position\":2,\"name\":\"Assembl\u00e9e populaire nationale\u00a0:\u00a0Quatre projets de loi adopt\u00e9s\"}]},{\"@type\":\"WebSite\",\"@id\":\"https:\\\/\\\/lasentinelle.dz\\\/#website\",\"url\":\"https:\\\/\\\/lasentinelle.dz\\\/\",\"name\":\"La Sentinelle\",\"description\":\"Quotidien national d&#039;information\",\"publisher\":{\"@id\":\"https:\\\/\\\/lasentinelle.dz\\\/#organization\"},\"potentialAction\":[{\"@type\":\"SearchAction\",\"target\":{\"@type\":\"EntryPoint\",\"urlTemplate\":\"https:\\\/\\\/lasentinelle.dz\\\/?s={search_term_string}\"},\"query-input\":{\"@type\":\"PropertyValueSpecification\",\"valueRequired\":true,\"valueName\":\"search_term_string\"}}],\"inLanguage\":\"fr-FR\"},{\"@type\":\"Organization\",\"@id\":\"https:\\\/\\\/lasentinelle.dz\\\/#organization\",\"name\":\"Quotidien La Sentinelle\",\"url\":\"https:\\\/\\\/lasentinelle.dz\\\/\",\"logo\":{\"@type\":\"ImageObject\",\"inLanguage\":\"fr-FR\",\"@id\":\"https:\\\/\\\/lasentinelle.dz\\\/#\\\/schema\\\/logo\\\/image\\\/\",\"url\":\"https:\\\/\\\/lasentinelle.dz\\\/wp-content\\\/uploads\\\/2021\\\/09\\\/logo-sentinelleSLOGAN-1.png\",\"contentUrl\":\"https:\\\/\\\/lasentinelle.dz\\\/wp-content\\\/uploads\\\/2021\\\/09\\\/logo-sentinelleSLOGAN-1.png\",\"width\":615,\"height\":142,\"caption\":\"Quotidien La Sentinelle\"},\"image\":{\"@id\":\"https:\\\/\\\/lasentinelle.dz\\\/#\\\/schema\\\/logo\\\/image\\\/\"},\"sameAs\":[\"https:\\\/\\\/www.facebook.com\\\/La-Sentinelle-104059864394773\"]},{\"@type\":\"Person\",\"@id\":\"https:\\\/\\\/lasentinelle.dz\\\/#\\\/schema\\\/person\\\/d865044e22e70a75174ce8bcad3acfb3\",\"name\":\"La Sentinelle\",\"image\":{\"@type\":\"ImageObject\",\"inLanguage\":\"fr-FR\",\"@id\":\"https:\\\/\\\/secure.gravatar.com\\\/avatar\\\/57de8e5d4b15d43fb361a71fbb36338450fe67865b528a43dd10ef7c51a20392?s=96&d=mm&r=g\",\"url\":\"https:\\\/\\\/secure.gravatar.com\\\/avatar\\\/57de8e5d4b15d43fb361a71fbb36338450fe67865b528a43dd10ef7c51a20392?s=96&d=mm&r=g\",\"contentUrl\":\"https:\\\/\\\/secure.gravatar.com\\\/avatar\\\/57de8e5d4b15d43fb361a71fbb36338450fe67865b528a43dd10ef7c51a20392?s=96&d=mm&r=g\",\"caption\":\"La Sentinelle\"},\"sameAs\":[\"http:\\\/\\\/www.lasentinelle.dz\"],\"url\":\"https:\\\/\\\/lasentinelle.dz\\\/author\\\/redaction\\\/\"}]}<\/script>\n<!-- \/ Yoast SEO plugin. -->","yoast_head_json":{"title":"Assembl\u00e9e populaire nationale\u00a0:\u00a0Quatre projets de loi adopt\u00e9s - La Sentinelle","robots":{"index":"index","follow":"follow","max-snippet":"max-snippet:-1","max-image-preview":"max-image-preview:large","max-video-preview":"max-video-preview:-1"},"canonical":"https:\/\/lasentinelle.dz\/index.php\/2022\/03\/30\/assemblee-populaire-nationale-quatre-projets-de-loi-adoptes\/","og_locale":"fr_FR","og_type":"article","og_title":"Assembl\u00e9e populaire nationale\u00a0:\u00a0Quatre projets de loi adopt\u00e9s - La Sentinelle","og_description":"Les d\u00e9put\u00e9s de l\u2019Assembl\u00e9e populaire nationale ont adopt\u00e9 hier quatre projets de loi lors d\u2019une s\u00e9ance en pl\u00e9ni\u00e8re pr\u00e9sid\u00e9e par","og_url":"https:\/\/lasentinelle.dz\/index.php\/2022\/03\/30\/assemblee-populaire-nationale-quatre-projets-de-loi-adoptes\/","og_site_name":"La Sentinelle","article_publisher":"https:\/\/www.facebook.com\/La-Sentinelle-104059864394773","article_published_time":"2022-03-29T23:01:00+00:00","og_image":[{"width":836,"height":461,"url":"https:\/\/lasentinelle.dz\/wp-content\/uploads\/2022\/03\/droit-syndical-1500x9999-c.png","type":"image\/png"}],"author":"La Sentinelle","twitter_card":"summary_large_image","twitter_misc":{"\u00c9crit par":"La Sentinelle","Dur\u00e9e de lecture estim\u00e9e":"6 minutes"},"schema":{"@context":"https:\/\/schema.org","@graph":[{"@type":"Article","@id":"https:\/\/lasentinelle.dz\/index.php\/2022\/03\/30\/assemblee-populaire-nationale-quatre-projets-de-loi-adoptes\/#article","isPartOf":{"@id":"https:\/\/lasentinelle.dz\/index.php\/2022\/03\/30\/assemblee-populaire-nationale-quatre-projets-de-loi-adoptes\/"},"author":{"name":"La Sentinelle","@id":"https:\/\/lasentinelle.dz\/#\/schema\/person\/d865044e22e70a75174ce8bcad3acfb3"},"headline":"Assembl\u00e9e populaire nationale\u00a0:\u00a0Quatre projets de loi adopt\u00e9s","datePublished":"2022-03-29T23:01:00+00:00","mainEntityOfPage":{"@id":"https:\/\/lasentinelle.dz\/index.php\/2022\/03\/30\/assemblee-populaire-nationale-quatre-projets-de-loi-adoptes\/"},"wordCount":1227,"commentCount":0,"publisher":{"@id":"https:\/\/lasentinelle.dz\/#organization"},"image":{"@id":"https:\/\/lasentinelle.dz\/index.php\/2022\/03\/30\/assemblee-populaire-nationale-quatre-projets-de-loi-adoptes\/#primaryimage"},"thumbnailUrl":"https:\/\/lasentinelle.dz\/wp-content\/uploads\/2022\/03\/droit-syndical-1500x9999-c.png","articleSection":["Actualit\u00e9"],"inLanguage":"fr-FR","potentialAction":[{"@type":"CommentAction","name":"Comment","target":["https:\/\/lasentinelle.dz\/index.php\/2022\/03\/30\/assemblee-populaire-nationale-quatre-projets-de-loi-adoptes\/#respond"]}]},{"@type":"WebPage","@id":"https:\/\/lasentinelle.dz\/index.php\/2022\/03\/30\/assemblee-populaire-nationale-quatre-projets-de-loi-adoptes\/","url":"https:\/\/lasentinelle.dz\/index.php\/2022\/03\/30\/assemblee-populaire-nationale-quatre-projets-de-loi-adoptes\/","name":"Assembl\u00e9e populaire nationale\u00a0:\u00a0Quatre projets de loi adopt\u00e9s - La Sentinelle","isPartOf":{"@id":"https:\/\/lasentinelle.dz\/#website"},"primaryImageOfPage":{"@id":"https:\/\/lasentinelle.dz\/index.php\/2022\/03\/30\/assemblee-populaire-nationale-quatre-projets-de-loi-adoptes\/#primaryimage"},"image":{"@id":"https:\/\/lasentinelle.dz\/index.php\/2022\/03\/30\/assemblee-populaire-nationale-quatre-projets-de-loi-adoptes\/#primaryimage"},"thumbnailUrl":"https:\/\/lasentinelle.dz\/wp-content\/uploads\/2022\/03\/droit-syndical-1500x9999-c.png","datePublished":"2022-03-29T23:01:00+00:00","breadcrumb":{"@id":"https:\/\/lasentinelle.dz\/index.php\/2022\/03\/30\/assemblee-populaire-nationale-quatre-projets-de-loi-adoptes\/#breadcrumb"},"inLanguage":"fr-FR","potentialAction":[{"@type":"ReadAction","target":["https:\/\/lasentinelle.dz\/index.php\/2022\/03\/30\/assemblee-populaire-nationale-quatre-projets-de-loi-adoptes\/"]}]},{"@type":"ImageObject","inLanguage":"fr-FR","@id":"https:\/\/lasentinelle.dz\/index.php\/2022\/03\/30\/assemblee-populaire-nationale-quatre-projets-de-loi-adoptes\/#primaryimage","url":"https:\/\/lasentinelle.dz\/wp-content\/uploads\/2022\/03\/droit-syndical-1500x9999-c.png","contentUrl":"https:\/\/lasentinelle.dz\/wp-content\/uploads\/2022\/03\/droit-syndical-1500x9999-c.png","width":836,"height":461},{"@type":"BreadcrumbList","@id":"https:\/\/lasentinelle.dz\/index.php\/2022\/03\/30\/assemblee-populaire-nationale-quatre-projets-de-loi-adoptes\/#breadcrumb","itemListElement":[{"@type":"ListItem","position":1,"name":"Accueil","item":"https:\/\/lasentinelle.dz\/"},{"@type":"ListItem","position":2,"name":"Assembl\u00e9e populaire nationale\u00a0:\u00a0Quatre projets de loi adopt\u00e9s"}]},{"@type":"WebSite","@id":"https:\/\/lasentinelle.dz\/#website","url":"https:\/\/lasentinelle.dz\/","name":"La Sentinelle","description":"Quotidien national d&#039;information","publisher":{"@id":"https:\/\/lasentinelle.dz\/#organization"},"potentialAction":[{"@type":"SearchAction","target":{"@type":"EntryPoint","urlTemplate":"https:\/\/lasentinelle.dz\/?s={search_term_string}"},"query-input":{"@type":"PropertyValueSpecification","valueRequired":true,"valueName":"search_term_string"}}],"inLanguage":"fr-FR"},{"@type":"Organization","@id":"https:\/\/lasentinelle.dz\/#organization","name":"Quotidien La Sentinelle","url":"https:\/\/lasentinelle.dz\/","logo":{"@type":"ImageObject","inLanguage":"fr-FR","@id":"https:\/\/lasentinelle.dz\/#\/schema\/logo\/image\/","url":"https:\/\/lasentinelle.dz\/wp-content\/uploads\/2021\/09\/logo-sentinelleSLOGAN-1.png","contentUrl":"https:\/\/lasentinelle.dz\/wp-content\/uploads\/2021\/09\/logo-sentinelleSLOGAN-1.png","width":615,"height":142,"caption":"Quotidien La Sentinelle"},"image":{"@id":"https:\/\/lasentinelle.dz\/#\/schema\/logo\/image\/"},"sameAs":["https:\/\/www.facebook.com\/La-Sentinelle-104059864394773"]},{"@type":"Person","@id":"https:\/\/lasentinelle.dz\/#\/schema\/person\/d865044e22e70a75174ce8bcad3acfb3","name":"La Sentinelle","image":{"@type":"ImageObject","inLanguage":"fr-FR","@id":"https:\/\/secure.gravatar.com\/avatar\/57de8e5d4b15d43fb361a71fbb36338450fe67865b528a43dd10ef7c51a20392?s=96&d=mm&r=g","url":"https:\/\/secure.gravatar.com\/avatar\/57de8e5d4b15d43fb361a71fbb36338450fe67865b528a43dd10ef7c51a20392?s=96&d=mm&r=g","contentUrl":"https:\/\/secure.gravatar.com\/avatar\/57de8e5d4b15d43fb361a71fbb36338450fe67865b528a43dd10ef7c51a20392?s=96&d=mm&r=g","caption":"La Sentinelle"},"sameAs":["http:\/\/www.lasentinelle.dz"],"url":"https:\/\/lasentinelle.dz\/author\/redaction\/"}]}},"_links":{"self":[{"href":"https:\/\/lasentinelle.dz\/index.php\/wp-json\/wp\/v2\/posts\/19110","targetHints":{"allow":["GET"]}}],"collection":[{"href":"https:\/\/lasentinelle.dz\/index.php\/wp-json\/wp\/v2\/posts"}],"about":[{"href":"https:\/\/lasentinelle.dz\/index.php\/wp-json\/wp\/v2\/types\/post"}],"author":[{"embeddable":true,"href":"https:\/\/lasentinelle.dz\/index.php\/wp-json\/wp\/v2\/users\/3"}],"replies":[{"embeddable":true,"href":"https:\/\/lasentinelle.dz\/index.php\/wp-json\/wp\/v2\/comments?post=19110"}],"version-history":[{"count":1,"href":"https:\/\/lasentinelle.dz\/index.php\/wp-json\/wp\/v2\/posts\/19110\/revisions"}],"predecessor-version":[{"id":19137,"href":"https:\/\/lasentinelle.dz\/index.php\/wp-json\/wp\/v2\/posts\/19110\/revisions\/19137"}],"wp:featuredmedia":[{"embeddable":true,"href":"https:\/\/lasentinelle.dz\/index.php\/wp-json\/wp\/v2\/media\/19131"}],"wp:attachment":[{"href":"https:\/\/lasentinelle.dz\/index.php\/wp-json\/wp\/v2\/media?parent=19110"}],"wp:term":[{"taxonomy":"category","embeddable":true,"href":"https:\/\/lasentinelle.dz\/index.php\/wp-json\/wp\/v2\/categories?post=19110"},{"taxonomy":"post_tag","embeddable":true,"href":"https:\/\/lasentinelle.dz\/index.php\/wp-json\/wp\/v2\/tags?post=19110"}],"curies":[{"name":"wp","href":"https:\/\/api.w.org\/{rel}","templated":true}]}}