{"id":19119,"date":"2022-03-30T00:01:00","date_gmt":"2022-03-29T23:01:00","guid":{"rendered":"https:\/\/lasentinelle.dz\/?p=19119"},"modified":"2022-03-29T19:42:42","modified_gmt":"2022-03-29T18:42:42","slug":"universite-une-nouvelle-classification-en-cours-delaboration","status":"publish","type":"post","link":"https:\/\/lasentinelle.dz\/index.php\/2022\/03\/30\/universite-une-nouvelle-classification-en-cours-delaboration\/","title":{"rendered":"Universit\u00e9\u00a0:\u00a0Une\u00a0nouvelle\u00a0classification en\u00a0cours d\u2019\u00e9laboration"},"content":{"rendered":"\n<p>Le minist\u00e8re de l\u2019Enseignement sup\u00e9rieur et de la Recherche scientifique est en phase d\u2019\u00e9laborer une classification des universit\u00e9s alg\u00e9riennes dont les r\u00e9sultats seront rendus publics durant le mois de mai prochain, a fait savoir hier sur les ondes de la radio nationale Cha\u00eene Trois, le directeur g\u00e9n\u00e9ral de la recherche scientifique et du d\u00e9veloppement technologiques au minist\u00e8re de l\u2019Enseignement sup\u00e9rieur et de la Recherche scientifique, Mohamed Bouhicha. Ce dernier n\u2019a pas cach\u00e9 son souhait \u00ab de voir au moins cinq universit\u00e9s alg\u00e9riennes classifi\u00e9es parmi les deux cents universit\u00e9s soumises au ranking \u00e0 travers le monde \u00bb.&nbsp;&nbsp;\u00ab Cette d\u00e9marche de classification vise \u00e0 d\u00e9signer les universit\u00e9s alg\u00e9riennes capables de figurer sur les classements mondiaux \u00bb, a expliqu\u00e9 Bouhicha. Il ne manquera pas de faire savoir que \u00ab 17 universit\u00e9s alg\u00e9riennes figurent d\u00e9j\u00e0 dans les classements internationaux \u00e0 l\u2019instar de l\u2019universit\u00e9 de Sidi Belabes et de S\u00e9tif \u00bb. Toujours au chapitre des objectifs assign\u00e9s \u00e0 cette nouvelle d\u00e9marche du minist\u00e8re de l\u2019Enseignement sup\u00e9rieur et de la recherche scientifique, le m\u00eame responsable dira que \u00ab son d\u00e9partement esp\u00e8re pouvoir faire entrer au moins cinq ou six&nbsp;&nbsp;universit\u00e9s alg\u00e9rienne parmi les deux cents&nbsp;&nbsp;ou 500 meilleures universit\u00e9s \u00e0 travers le monde \u00bb.&nbsp;&nbsp;<\/p>\n\n\n\n<p>Par ailleurs, abordant les moyens d\u2019y parvenir, Bouhicha a indiqu\u00e9 que \u00ab son d\u00e9partement minist\u00e9riel a mis au point une plate-forme num\u00e9rique pour la documentation et les travaux de recherches scientifique \u00bb. \u00ab Une plate-forme qui comporte actuellement plus de 870 revues scientifiques dont 287 sont cat\u00e9goris\u00e9es \u00e0 la classe \u00ab C \u00bb pr\u00e9cise-t-il. Bouhicha n\u2019a pas non plus omis d\u2019assurer que \u00ab le travail se poursuit pour l\u2019enrichissement de cette plate-forme avec plus de contenu scientifique \u00bb.<\/p>\n\n\n\n<p>Au sujet du Conseil national de la recherche scientifique et des technologies r\u00e9cemment mis sur pied, l\u2019invit\u00e9 de&nbsp;&nbsp;la radio a estim\u00e9 que \u00ab la constitutionnalisation de cette institution est un indicateur de la volont\u00e9 des pouvoirs publics de redonner \u00e0 l\u2019universit\u00e9 alg\u00e9rienne ses lettres de noblesse \u00bb. Le m\u00eame responsable affirme \u00ab la mobilisation, depuis 1997, de 154 milliards de dinars&nbsp;&nbsp;au profit de la recherche scientifique \u00bb. \u00ab Une moyenne de six milliards par ann\u00e9e \u00bb, pr\u00e9cise Bouhicha qui a estim\u00e9 le montant \u00ab tr\u00e8s faible \u00bb en comparaison avec les pays d\u00e9velopp\u00e9s mais qui est logique au vu du PIB national.&nbsp;<\/p>\n\n\n\n<p>Enfin, l\u2019invit\u00e9 de la radio n\u2019a pas manqu\u00e9 de faire savoir que \u00ab le partenariat alg\u00e9ro-fran\u00e7ais dans le domaine de la recherche scientifique portera sur l\u2019\u00e9change de connaissances et le renforcement de mobilit\u00e9 des \u00e9tudiants entre les deux pays \u00bb.<\/p>\n\n\n\n<p><strong>Kamel Nait Ameur<\/strong><\/p>\n","protected":false},"excerpt":{"rendered":"<p>Le minist\u00e8re de l\u2019Enseignement sup\u00e9rieur et de la Recherche scientifique est en phase d\u2019\u00e9laborer une classification des universit\u00e9s alg\u00e9riennes dont<\/p>\n","protected":false},"author":3,"featured_media":19128,"comment_status":"open","ping_status":"closed","sticky":false,"template":"","format":"standard","meta":{"colormag_page_container_layout":"default_layout","colormag_page_sidebar_layout":"default_layout","om_disable_all_campaigns":false,"_monsterinsights_skip_tracking":false,"_monsterinsights_sitenote_active":false,"_monsterinsights_sitenote_note":"","_monsterinsights_sitenote_category":0,"footnotes":"","_wpscppro_dont_share_socialmedia":false,"_wpscppro_custom_social_share_image":0,"_facebook_share_type":"","_twitter_share_type":"","_linkedin_share_type":"","_pinterest_share_type":"","_linkedin_share_type_page":"","_instagram_share_type":"","_medium_share_type":"","_threads_share_type":"","_google_business_share_type":"","_selected_social_profile":[],"_wpsp_enable_custom_social_template":false,"_wpsp_social_scheduling":{"enabled":false,"datetime":null,"platforms":[],"status":"template_only","dateOption":"today","timeOption":"now","customDays":"","customHours":"","customDate":"","customTime":"","schedulingType":"absolute"},"_wpsp_active_default_template":true},"categories":[27],"tags":[],"class_list":["post-19119","post","type-post","status-publish","format-standard","has-post-thumbnail","hentry","category-actualite"],"aioseo_notices":[],"yoast_head":"<!-- This site is optimized with the Yoast SEO plugin v27.5 - https:\/\/yoast.com\/product\/yoast-seo-wordpress\/ -->\n<title>Universit\u00e9\u00a0:\u00a0Une\u00a0nouvelle\u00a0classification en\u00a0cours d\u2019\u00e9laboration - La Sentinelle<\/title>\n<meta name=\"robots\" content=\"index, follow, max-snippet:-1, max-image-preview:large, max-video-preview:-1\" \/>\n<link rel=\"canonical\" href=\"https:\/\/lasentinelle.dz\/index.php\/2022\/03\/30\/universite-une-nouvelle-classification-en-cours-delaboration\/\" \/>\n<meta property=\"og:locale\" content=\"fr_FR\" \/>\n<meta property=\"og:type\" content=\"article\" \/>\n<meta property=\"og:title\" content=\"Universit\u00e9\u00a0:\u00a0Une\u00a0nouvelle\u00a0classification en\u00a0cours d\u2019\u00e9laboration - La Sentinelle\" \/>\n<meta property=\"og:description\" content=\"Le minist\u00e8re de l\u2019Enseignement sup\u00e9rieur et de la Recherche scientifique est en phase d\u2019\u00e9laborer une classification des universit\u00e9s alg\u00e9riennes dont\" \/>\n<meta property=\"og:url\" content=\"https:\/\/lasentinelle.dz\/index.php\/2022\/03\/30\/universite-une-nouvelle-classification-en-cours-delaboration\/\" \/>\n<meta property=\"og:site_name\" content=\"La Sentinelle\" \/>\n<meta property=\"article:publisher\" content=\"https:\/\/www.facebook.com\/La-Sentinelle-104059864394773\" \/>\n<meta property=\"article:published_time\" content=\"2022-03-29T23:01:00+00:00\" \/>\n<meta property=\"og:image\" content=\"https:\/\/lasentinelle.dz\/wp-content\/uploads\/2022\/03\/universite.jpg\" \/>\n\t<meta property=\"og:image:width\" content=\"600\" \/>\n\t<meta property=\"og:image:height\" content=\"339\" \/>\n\t<meta property=\"og:image:type\" content=\"image\/jpeg\" \/>\n<meta name=\"author\" content=\"La Sentinelle\" \/>\n<meta name=\"twitter:card\" content=\"summary_large_image\" \/>\n<meta name=\"twitter:label1\" content=\"\u00c9crit par\" \/>\n\t<meta name=\"twitter:data1\" content=\"La Sentinelle\" \/>\n\t<meta name=\"twitter:label2\" content=\"Dur\u00e9e de lecture estim\u00e9e\" \/>\n\t<meta name=\"twitter:data2\" content=\"3 minutes\" \/>\n<script type=\"application\/ld+json\" class=\"yoast-schema-graph\">{\"@context\":\"https:\\\/\\\/schema.org\",\"@graph\":[{\"@type\":\"Article\",\"@id\":\"https:\\\/\\\/lasentinelle.dz\\\/index.php\\\/2022\\\/03\\\/30\\\/universite-une-nouvelle-classification-en-cours-delaboration\\\/#article\",\"isPartOf\":{\"@id\":\"https:\\\/\\\/lasentinelle.dz\\\/index.php\\\/2022\\\/03\\\/30\\\/universite-une-nouvelle-classification-en-cours-delaboration\\\/\"},\"author\":{\"name\":\"La Sentinelle\",\"@id\":\"https:\\\/\\\/lasentinelle.dz\\\/#\\\/schema\\\/person\\\/d865044e22e70a75174ce8bcad3acfb3\"},\"headline\":\"Universit\u00e9\u00a0:\u00a0Une\u00a0nouvelle\u00a0classification en\u00a0cours d\u2019\u00e9laboration\",\"datePublished\":\"2022-03-29T23:01:00+00:00\",\"mainEntityOfPage\":{\"@id\":\"https:\\\/\\\/lasentinelle.dz\\\/index.php\\\/2022\\\/03\\\/30\\\/universite-une-nouvelle-classification-en-cours-delaboration\\\/\"},\"wordCount\":472,\"commentCount\":0,\"publisher\":{\"@id\":\"https:\\\/\\\/lasentinelle.dz\\\/#organization\"},\"image\":{\"@id\":\"https:\\\/\\\/lasentinelle.dz\\\/index.php\\\/2022\\\/03\\\/30\\\/universite-une-nouvelle-classification-en-cours-delaboration\\\/#primaryimage\"},\"thumbnailUrl\":\"https:\\\/\\\/lasentinelle.dz\\\/wp-content\\\/uploads\\\/2022\\\/03\\\/universite.jpg\",\"articleSection\":[\"Actualit\u00e9\"],\"inLanguage\":\"fr-FR\",\"potentialAction\":[{\"@type\":\"CommentAction\",\"name\":\"Comment\",\"target\":[\"https:\\\/\\\/lasentinelle.dz\\\/index.php\\\/2022\\\/03\\\/30\\\/universite-une-nouvelle-classification-en-cours-delaboration\\\/#respond\"]}]},{\"@type\":\"WebPage\",\"@id\":\"https:\\\/\\\/lasentinelle.dz\\\/index.php\\\/2022\\\/03\\\/30\\\/universite-une-nouvelle-classification-en-cours-delaboration\\\/\",\"url\":\"https:\\\/\\\/lasentinelle.dz\\\/index.php\\\/2022\\\/03\\\/30\\\/universite-une-nouvelle-classification-en-cours-delaboration\\\/\",\"name\":\"Universit\u00e9\u00a0:\u00a0Une\u00a0nouvelle\u00a0classification en\u00a0cours d\u2019\u00e9laboration - La Sentinelle\",\"isPartOf\":{\"@id\":\"https:\\\/\\\/lasentinelle.dz\\\/#website\"},\"primaryImageOfPage\":{\"@id\":\"https:\\\/\\\/lasentinelle.dz\\\/index.php\\\/2022\\\/03\\\/30\\\/universite-une-nouvelle-classification-en-cours-delaboration\\\/#primaryimage\"},\"image\":{\"@id\":\"https:\\\/\\\/lasentinelle.dz\\\/index.php\\\/2022\\\/03\\\/30\\\/universite-une-nouvelle-classification-en-cours-delaboration\\\/#primaryimage\"},\"thumbnailUrl\":\"https:\\\/\\\/lasentinelle.dz\\\/wp-content\\\/uploads\\\/2022\\\/03\\\/universite.jpg\",\"datePublished\":\"2022-03-29T23:01:00+00:00\",\"breadcrumb\":{\"@id\":\"https:\\\/\\\/lasentinelle.dz\\\/index.php\\\/2022\\\/03\\\/30\\\/universite-une-nouvelle-classification-en-cours-delaboration\\\/#breadcrumb\"},\"inLanguage\":\"fr-FR\",\"potentialAction\":[{\"@type\":\"ReadAction\",\"target\":[\"https:\\\/\\\/lasentinelle.dz\\\/index.php\\\/2022\\\/03\\\/30\\\/universite-une-nouvelle-classification-en-cours-delaboration\\\/\"]}]},{\"@type\":\"ImageObject\",\"inLanguage\":\"fr-FR\",\"@id\":\"https:\\\/\\\/lasentinelle.dz\\\/index.php\\\/2022\\\/03\\\/30\\\/universite-une-nouvelle-classification-en-cours-delaboration\\\/#primaryimage\",\"url\":\"https:\\\/\\\/lasentinelle.dz\\\/wp-content\\\/uploads\\\/2022\\\/03\\\/universite.jpg\",\"contentUrl\":\"https:\\\/\\\/lasentinelle.dz\\\/wp-content\\\/uploads\\\/2022\\\/03\\\/universite.jpg\",\"width\":600,\"height\":339},{\"@type\":\"BreadcrumbList\",\"@id\":\"https:\\\/\\\/lasentinelle.dz\\\/index.php\\\/2022\\\/03\\\/30\\\/universite-une-nouvelle-classification-en-cours-delaboration\\\/#breadcrumb\",\"itemListElement\":[{\"@type\":\"ListItem\",\"position\":1,\"name\":\"Accueil\",\"item\":\"https:\\\/\\\/lasentinelle.dz\\\/\"},{\"@type\":\"ListItem\",\"position\":2,\"name\":\"Universit\u00e9\u00a0:\u00a0Une\u00a0nouvelle\u00a0classification en\u00a0cours d\u2019\u00e9laboration\"}]},{\"@type\":\"WebSite\",\"@id\":\"https:\\\/\\\/lasentinelle.dz\\\/#website\",\"url\":\"https:\\\/\\\/lasentinelle.dz\\\/\",\"name\":\"La Sentinelle\",\"description\":\"Quotidien national d&#039;information\",\"publisher\":{\"@id\":\"https:\\\/\\\/lasentinelle.dz\\\/#organization\"},\"potentialAction\":[{\"@type\":\"SearchAction\",\"target\":{\"@type\":\"EntryPoint\",\"urlTemplate\":\"https:\\\/\\\/lasentinelle.dz\\\/?s={search_term_string}\"},\"query-input\":{\"@type\":\"PropertyValueSpecification\",\"valueRequired\":true,\"valueName\":\"search_term_string\"}}],\"inLanguage\":\"fr-FR\"},{\"@type\":\"Organization\",\"@id\":\"https:\\\/\\\/lasentinelle.dz\\\/#organization\",\"name\":\"Quotidien La Sentinelle\",\"url\":\"https:\\\/\\\/lasentinelle.dz\\\/\",\"logo\":{\"@type\":\"ImageObject\",\"inLanguage\":\"fr-FR\",\"@id\":\"https:\\\/\\\/lasentinelle.dz\\\/#\\\/schema\\\/logo\\\/image\\\/\",\"url\":\"https:\\\/\\\/lasentinelle.dz\\\/wp-content\\\/uploads\\\/2021\\\/09\\\/logo-sentinelleSLOGAN-1.png\",\"contentUrl\":\"https:\\\/\\\/lasentinelle.dz\\\/wp-content\\\/uploads\\\/2021\\\/09\\\/logo-sentinelleSLOGAN-1.png\",\"width\":615,\"height\":142,\"caption\":\"Quotidien La Sentinelle\"},\"image\":{\"@id\":\"https:\\\/\\\/lasentinelle.dz\\\/#\\\/schema\\\/logo\\\/image\\\/\"},\"sameAs\":[\"https:\\\/\\\/www.facebook.com\\\/La-Sentinelle-104059864394773\"]},{\"@type\":\"Person\",\"@id\":\"https:\\\/\\\/lasentinelle.dz\\\/#\\\/schema\\\/person\\\/d865044e22e70a75174ce8bcad3acfb3\",\"name\":\"La Sentinelle\",\"image\":{\"@type\":\"ImageObject\",\"inLanguage\":\"fr-FR\",\"@id\":\"https:\\\/\\\/secure.gravatar.com\\\/avatar\\\/57de8e5d4b15d43fb361a71fbb36338450fe67865b528a43dd10ef7c51a20392?s=96&d=mm&r=g\",\"url\":\"https:\\\/\\\/secure.gravatar.com\\\/avatar\\\/57de8e5d4b15d43fb361a71fbb36338450fe67865b528a43dd10ef7c51a20392?s=96&d=mm&r=g\",\"contentUrl\":\"https:\\\/\\\/secure.gravatar.com\\\/avatar\\\/57de8e5d4b15d43fb361a71fbb36338450fe67865b528a43dd10ef7c51a20392?s=96&d=mm&r=g\",\"caption\":\"La Sentinelle\"},\"sameAs\":[\"http:\\\/\\\/www.lasentinelle.dz\"],\"url\":\"https:\\\/\\\/lasentinelle.dz\\\/author\\\/redaction\\\/\"}]}<\/script>\n<!-- \/ Yoast SEO plugin. -->","yoast_head_json":{"title":"Universit\u00e9\u00a0:\u00a0Une\u00a0nouvelle\u00a0classification en\u00a0cours d\u2019\u00e9laboration - La Sentinelle","robots":{"index":"index","follow":"follow","max-snippet":"max-snippet:-1","max-image-preview":"max-image-preview:large","max-video-preview":"max-video-preview:-1"},"canonical":"https:\/\/lasentinelle.dz\/index.php\/2022\/03\/30\/universite-une-nouvelle-classification-en-cours-delaboration\/","og_locale":"fr_FR","og_type":"article","og_title":"Universit\u00e9\u00a0:\u00a0Une\u00a0nouvelle\u00a0classification en\u00a0cours d\u2019\u00e9laboration - La Sentinelle","og_description":"Le minist\u00e8re de l\u2019Enseignement sup\u00e9rieur et de la Recherche scientifique est en phase d\u2019\u00e9laborer une classification des universit\u00e9s alg\u00e9riennes dont","og_url":"https:\/\/lasentinelle.dz\/index.php\/2022\/03\/30\/universite-une-nouvelle-classification-en-cours-delaboration\/","og_site_name":"La Sentinelle","article_publisher":"https:\/\/www.facebook.com\/La-Sentinelle-104059864394773","article_published_time":"2022-03-29T23:01:00+00:00","og_image":[{"width":600,"height":339,"url":"https:\/\/lasentinelle.dz\/wp-content\/uploads\/2022\/03\/universite.jpg","type":"image\/jpeg"}],"author":"La Sentinelle","twitter_card":"summary_large_image","twitter_misc":{"\u00c9crit par":"La Sentinelle","Dur\u00e9e de lecture estim\u00e9e":"3 minutes"},"schema":{"@context":"https:\/\/schema.org","@graph":[{"@type":"Article","@id":"https:\/\/lasentinelle.dz\/index.php\/2022\/03\/30\/universite-une-nouvelle-classification-en-cours-delaboration\/#article","isPartOf":{"@id":"https:\/\/lasentinelle.dz\/index.php\/2022\/03\/30\/universite-une-nouvelle-classification-en-cours-delaboration\/"},"author":{"name":"La Sentinelle","@id":"https:\/\/lasentinelle.dz\/#\/schema\/person\/d865044e22e70a75174ce8bcad3acfb3"},"headline":"Universit\u00e9\u00a0:\u00a0Une\u00a0nouvelle\u00a0classification en\u00a0cours d\u2019\u00e9laboration","datePublished":"2022-03-29T23:01:00+00:00","mainEntityOfPage":{"@id":"https:\/\/lasentinelle.dz\/index.php\/2022\/03\/30\/universite-une-nouvelle-classification-en-cours-delaboration\/"},"wordCount":472,"commentCount":0,"publisher":{"@id":"https:\/\/lasentinelle.dz\/#organization"},"image":{"@id":"https:\/\/lasentinelle.dz\/index.php\/2022\/03\/30\/universite-une-nouvelle-classification-en-cours-delaboration\/#primaryimage"},"thumbnailUrl":"https:\/\/lasentinelle.dz\/wp-content\/uploads\/2022\/03\/universite.jpg","articleSection":["Actualit\u00e9"],"inLanguage":"fr-FR","potentialAction":[{"@type":"CommentAction","name":"Comment","target":["https:\/\/lasentinelle.dz\/index.php\/2022\/03\/30\/universite-une-nouvelle-classification-en-cours-delaboration\/#respond"]}]},{"@type":"WebPage","@id":"https:\/\/lasentinelle.dz\/index.php\/2022\/03\/30\/universite-une-nouvelle-classification-en-cours-delaboration\/","url":"https:\/\/lasentinelle.dz\/index.php\/2022\/03\/30\/universite-une-nouvelle-classification-en-cours-delaboration\/","name":"Universit\u00e9\u00a0:\u00a0Une\u00a0nouvelle\u00a0classification en\u00a0cours d\u2019\u00e9laboration - La Sentinelle","isPartOf":{"@id":"https:\/\/lasentinelle.dz\/#website"},"primaryImageOfPage":{"@id":"https:\/\/lasentinelle.dz\/index.php\/2022\/03\/30\/universite-une-nouvelle-classification-en-cours-delaboration\/#primaryimage"},"image":{"@id":"https:\/\/lasentinelle.dz\/index.php\/2022\/03\/30\/universite-une-nouvelle-classification-en-cours-delaboration\/#primaryimage"},"thumbnailUrl":"https:\/\/lasentinelle.dz\/wp-content\/uploads\/2022\/03\/universite.jpg","datePublished":"2022-03-29T23:01:00+00:00","breadcrumb":{"@id":"https:\/\/lasentinelle.dz\/index.php\/2022\/03\/30\/universite-une-nouvelle-classification-en-cours-delaboration\/#breadcrumb"},"inLanguage":"fr-FR","potentialAction":[{"@type":"ReadAction","target":["https:\/\/lasentinelle.dz\/index.php\/2022\/03\/30\/universite-une-nouvelle-classification-en-cours-delaboration\/"]}]},{"@type":"ImageObject","inLanguage":"fr-FR","@id":"https:\/\/lasentinelle.dz\/index.php\/2022\/03\/30\/universite-une-nouvelle-classification-en-cours-delaboration\/#primaryimage","url":"https:\/\/lasentinelle.dz\/wp-content\/uploads\/2022\/03\/universite.jpg","contentUrl":"https:\/\/lasentinelle.dz\/wp-content\/uploads\/2022\/03\/universite.jpg","width":600,"height":339},{"@type":"BreadcrumbList","@id":"https:\/\/lasentinelle.dz\/index.php\/2022\/03\/30\/universite-une-nouvelle-classification-en-cours-delaboration\/#breadcrumb","itemListElement":[{"@type":"ListItem","position":1,"name":"Accueil","item":"https:\/\/lasentinelle.dz\/"},{"@type":"ListItem","position":2,"name":"Universit\u00e9\u00a0:\u00a0Une\u00a0nouvelle\u00a0classification en\u00a0cours d\u2019\u00e9laboration"}]},{"@type":"WebSite","@id":"https:\/\/lasentinelle.dz\/#website","url":"https:\/\/lasentinelle.dz\/","name":"La Sentinelle","description":"Quotidien national d&#039;information","publisher":{"@id":"https:\/\/lasentinelle.dz\/#organization"},"potentialAction":[{"@type":"SearchAction","target":{"@type":"EntryPoint","urlTemplate":"https:\/\/lasentinelle.dz\/?s={search_term_string}"},"query-input":{"@type":"PropertyValueSpecification","valueRequired":true,"valueName":"search_term_string"}}],"inLanguage":"fr-FR"},{"@type":"Organization","@id":"https:\/\/lasentinelle.dz\/#organization","name":"Quotidien La Sentinelle","url":"https:\/\/lasentinelle.dz\/","logo":{"@type":"ImageObject","inLanguage":"fr-FR","@id":"https:\/\/lasentinelle.dz\/#\/schema\/logo\/image\/","url":"https:\/\/lasentinelle.dz\/wp-content\/uploads\/2021\/09\/logo-sentinelleSLOGAN-1.png","contentUrl":"https:\/\/lasentinelle.dz\/wp-content\/uploads\/2021\/09\/logo-sentinelleSLOGAN-1.png","width":615,"height":142,"caption":"Quotidien La Sentinelle"},"image":{"@id":"https:\/\/lasentinelle.dz\/#\/schema\/logo\/image\/"},"sameAs":["https:\/\/www.facebook.com\/La-Sentinelle-104059864394773"]},{"@type":"Person","@id":"https:\/\/lasentinelle.dz\/#\/schema\/person\/d865044e22e70a75174ce8bcad3acfb3","name":"La Sentinelle","image":{"@type":"ImageObject","inLanguage":"fr-FR","@id":"https:\/\/secure.gravatar.com\/avatar\/57de8e5d4b15d43fb361a71fbb36338450fe67865b528a43dd10ef7c51a20392?s=96&d=mm&r=g","url":"https:\/\/secure.gravatar.com\/avatar\/57de8e5d4b15d43fb361a71fbb36338450fe67865b528a43dd10ef7c51a20392?s=96&d=mm&r=g","contentUrl":"https:\/\/secure.gravatar.com\/avatar\/57de8e5d4b15d43fb361a71fbb36338450fe67865b528a43dd10ef7c51a20392?s=96&d=mm&r=g","caption":"La Sentinelle"},"sameAs":["http:\/\/www.lasentinelle.dz"],"url":"https:\/\/lasentinelle.dz\/author\/redaction\/"}]}},"_links":{"self":[{"href":"https:\/\/lasentinelle.dz\/index.php\/wp-json\/wp\/v2\/posts\/19119","targetHints":{"allow":["GET"]}}],"collection":[{"href":"https:\/\/lasentinelle.dz\/index.php\/wp-json\/wp\/v2\/posts"}],"about":[{"href":"https:\/\/lasentinelle.dz\/index.php\/wp-json\/wp\/v2\/types\/post"}],"author":[{"embeddable":true,"href":"https:\/\/lasentinelle.dz\/index.php\/wp-json\/wp\/v2\/users\/3"}],"replies":[{"embeddable":true,"href":"https:\/\/lasentinelle.dz\/index.php\/wp-json\/wp\/v2\/comments?post=19119"}],"version-history":[{"count":1,"href":"https:\/\/lasentinelle.dz\/index.php\/wp-json\/wp\/v2\/posts\/19119\/revisions"}],"predecessor-version":[{"id":19129,"href":"https:\/\/lasentinelle.dz\/index.php\/wp-json\/wp\/v2\/posts\/19119\/revisions\/19129"}],"wp:featuredmedia":[{"embeddable":true,"href":"https:\/\/lasentinelle.dz\/index.php\/wp-json\/wp\/v2\/media\/19128"}],"wp:attachment":[{"href":"https:\/\/lasentinelle.dz\/index.php\/wp-json\/wp\/v2\/media?parent=19119"}],"wp:term":[{"taxonomy":"category","embeddable":true,"href":"https:\/\/lasentinelle.dz\/index.php\/wp-json\/wp\/v2\/categories?post=19119"},{"taxonomy":"post_tag","embeddable":true,"href":"https:\/\/lasentinelle.dz\/index.php\/wp-json\/wp\/v2\/tags?post=19119"}],"curies":[{"name":"wp","href":"https:\/\/api.w.org\/{rel}","templated":true}]}}