{"id":19149,"date":"2022-03-31T00:01:00","date_gmt":"2022-03-30T23:01:00","guid":{"rendered":"https:\/\/lasentinelle.dz\/?p=19149"},"modified":"2022-03-30T18:59:11","modified_gmt":"2022-03-30T17:59:11","slug":"cooperation-algero-americaine-porter-les-echanges-commerciaux-a-61-milliards-de-dollars","status":"publish","type":"post","link":"https:\/\/lasentinelle.dz\/index.php\/2022\/03\/31\/cooperation-algero-americaine-porter-les-echanges-commerciaux-a-61-milliards-de-dollars\/","title":{"rendered":"Coop\u00e9ration alg\u00e9ro-am\u00e9ricaine\u00a0: Porter les \u00e9changes commerciaux \u00e0 6,1 milliards de dollars"},"content":{"rendered":"\n<p>\u00c0 Alger, derni\u00e8re \u00e9tape de sa tourn\u00e9e en r\u00e9gion MENA, le Secr\u00e9taire d\u2019\u00c9tat US Anthony Blinken a soulign\u00e9 hier toute l\u2019importance accord\u00e9e au renforcement et \u00e0 l\u2019approfondissement des liens historiques tr\u00e8s forts entre l\u2019Alg\u00e9rie et les \u00c9tats-Unis, notamment sur le plan \u00e9conomique.&nbsp;<\/p>\n\n\n\n<p>Des relations qui devraient entrer dans une nouvelle \u00e8re \u00e0 la faveur de la participation des USA \u00e0 la prochaine Foire internationale d\u2019Alger en tant qu\u2019invit\u00e9s d\u2019honneur. L\u2019\u00e9nergie, l\u2019agriculture et l\u2019\u00e9conomie circulaire sont les principaux axes de cette coop\u00e9ration qui devrait permettre une hausse substantielle des \u00e9changes. L\u2019objectif est trac\u00e9. Il s\u2019agit de porter les \u00e9changes commerciaux \u00e0 6,1 milliards de dollars.<\/p>\n\n\n\n<p>Intervenant \u00e0 partir de l\u2019Ambassade am\u00e9ricaine \u00e0 Alger, le Secr\u00e9taire d\u2019Etat am\u00e9ricain, Anthony Blinken, est revenu sur le volume des \u00e9changes commerciaux entre les deux pays, l\u2019Alg\u00e9rie et les USA et les perspectives de les booster. Il&nbsp;&nbsp;a affirm\u00e9&nbsp;&nbsp;que \u00abcette p\u00e9riode est dynamique pour les affaires en Alg\u00e9rie\u00bb. Le Secr\u00e9taire d\u2019Etat am\u00e9ricain traduit ses dires par les bilans des \u00e9changes. \u00abNous la voyons en chiffres\u00bb, a-t-il indiqu\u00e9. Il a ajout\u00e9 qu\u2019en \u00ab2020, le commerce bilat\u00e9ral entre les \u00c9tats-Unis et l&rsquo;Alg\u00e9rie a comptabilis\u00e9 un montant de 1,2 milliard de dollars\u00bb, soulignant qu\u2019\u00aben&nbsp;&nbsp;2021, et malgr\u00e9 la crise du covid 19, ce chiffre a plus que doubl\u00e9 pour atteindre 2,6 milliards de dollars. \u00abRien que durant le mois de janvier de l\u2019ann\u00e9e en cours, le commerce bilat\u00e9ral a atteint 331 millions de dollars rien\u00bb, a-t-il affirm\u00e9. Et d\u2019ajouter que \u00abnous sommes&nbsp;&nbsp;sur la bonne voie pour continuer \u00e0 voir une augmentation significative\u00bb. \u00abNous \u0153uvrons \u00e0 unir le maximum des entreprises \u00bb. Selon Blinken, l&rsquo;environnement des affaires&nbsp;&nbsp;est plus accueillant&nbsp;&nbsp;\u00e0 la faveur, a-t-il expliqu\u00e9 de la politique adopt\u00e9e par le Pr\u00e9sident Abdelmadjid Tebboune visant \u00e0 faire de 2022 \u00abune ann\u00e9e de l&rsquo;\u00e9conomie en Alg\u00e9rie\u00bb. \u00abJ&rsquo;aurai l&rsquo;occasion de rencontrer le pr\u00e9sident\u00bb, a-t-il indiqu\u00e9, relevant que \u00abl\u2019une des choses que je m&rsquo;attends \u00e0 discuter est la forte collaboration qui existe entre les entreprises alg\u00e9riennes et am\u00e9ricaines, et dans toute une gamme de secteurs, allant des \u00e9nergies renouvelables, \u00e0 la technologie et tant d&rsquo;autres\u00bb. \u00abNous discuterons des moyens \u00e0 mettre en place afin d&rsquo;attirer encore plus d&rsquo;investissements directs \u00e9trangers am\u00e9ricains, notamment gr\u00e2ce \u00e0 l&rsquo;am\u00e9lioration du climat d&rsquo;investissement en Alg\u00e9rie\u00bb, a t-il expliqu\u00e9. \u00c9voquant la Foire Internationale d&rsquo;Alger dans laquelle les \u00c9tats-Unis constituent l\u2019invit\u00e9 d&rsquo;honneur, Blinken a affirm\u00e9 que cette manifestation constituera \u00abl&rsquo;occasion permettant l\u2019approfondissement de tous ces efforts\u00bb. \u00abLa relation alg\u00e9ro-am\u00e9ricaine ne serait pas aussi forte et ne se renforcerait pas sans le travail de fond que vous et vos entreprises avez pos\u00e9 au fil des ans\u00bb, a-t-il indiqu\u00e9 en s\u2019adressant au Forum des Femmes d\u2019affaires du comit\u00e9 de la Chambre de commerce am\u00e9ricaine \u00e0 Alger et autres investisseurs et repr\u00e9sentants des affaires am\u00e9ricaines. \u00abCertains op\u00e8rent ici depuis des d\u00e9cennies, d&rsquo;autres ont commenc\u00e9 \u00e0 travailler en Alg\u00e9rie plus r\u00e9cemment, mais ensemble, vous soutenez des milliers d&#8217;emplois alg\u00e9riens et am\u00e9ricains, ainsi que des familles\u00bb, a-t-il soulign\u00e9. \u00abVous investissez dans la main-d&rsquo;\u0153uvre locale, partagez les connaissances, les meilleures pratiques entre les entreprises alg\u00e9riennes et am\u00e9ricaines \u00bb, a-t-il ajout\u00e9. \u00abConstruisez des partenariats durables qui profitent \u00e0 nos deux pays \u00bb, a&nbsp;plaid\u00e9&nbsp;&nbsp;Blinken qui&nbsp;&nbsp;esp\u00e8re voir\u00ables \u00e9changes commerciaux entre l&rsquo;Alg\u00e9rie et les Etats-Unis s&rsquo;\u00e9levaient \u00e0 6,1 milliards\u00bb. Il a ajout\u00e9 que \u00ables relations \u00e9conomiques entre les deux pays connaissent une dynamique et que les Etats-Unis d&rsquo;Am\u00e9rique cherchent \u00e0 avoir les plus grandes institutions am\u00e9ricaines en Alg\u00e9rie\u00bb. Le secr\u00e9taire d&rsquo;Etat am\u00e9ricain, Anthony Blinken, est arriv\u00e9 en Alg\u00e9rie dans le cadre d&rsquo;une visite officielle. Il est pr\u00e9vu que Blinken sera re\u00e7u par le pr\u00e9sident de la R\u00e9publique, Abdelmadjid Tebboune et son homologue Ramtane Lamamra, pour discuter, outre de la s\u00e9curit\u00e9 et de la stabilit\u00e9 r\u00e9gionale, de la coop\u00e9ration commerciale et de la promotion des droits de l&rsquo;homme et des libert\u00e9s fondamentales et d&rsquo;autres domaines d&rsquo;int\u00e9r\u00eat commun int\u00e9r\u00eat. Le secr\u00e9taire d&rsquo;\u00c9tat am\u00e9ricain proc\u00e9dera \u00e0 l\u2019inauguration officielle du&nbsp;&nbsp;pavillon de son pays en tant qu&rsquo;invit\u00e9 d&rsquo;honneur de la Foire internationale d&rsquo;Alger, la plus grande foire commerciale du genre en Afrique. Il rencontrera \u00e9galement le repr\u00e9sentant des affaires am\u00e9ricaines en Alg\u00e9rie pour discuter de l&rsquo;approfondissement des relations \u00e9conomiques et de la promotion du commerce et des investissements entre les \u00c9tats-Unis et l&rsquo;Alg\u00e9rie. Cette visite est la deuxi\u00e8me de son genre.&nbsp;&nbsp;Blinken a effectu\u00e9 sa premi\u00e8re visite en Alg\u00e9rie le mois de&nbsp;&nbsp;juillet 2016, alors qu\u2019il \u00e9tait Secr\u00e9taire d\u2019\u00e9tat adjoint des Etats Unis. Il&nbsp;&nbsp;s\u2019est promen\u00e9 au centre-ville d\u2019Alger avec&nbsp;&nbsp;l\u2019Ambassadeur am\u00e9ricain Joan Polaschik d\u2019alors pour en apprendre davantage sur la culture et l\u2019histoire de l\u2019Alg\u00e9rie. Il a \u00e9galement visit\u00e9 le Mus\u00e9e national El Moudjahid et a r\u00e9dig\u00e9 ce message aux Alg\u00e9riens. \u00abUn t\u00e9moignage extraordinaire de la lutte du peuple alg\u00e9rien pour la libert\u00e9 et l\u2019autod\u00e9termination.&nbsp;&nbsp;Nous admirons le courage de g\u00e9n\u00e9rations d\u2019Alg\u00e9riens pour leur ind\u00e9pendance, un esprit que nous, Am\u00e9ricains et Alg\u00e9riens, partageons\u00bb.&nbsp;<\/p>\n\n\n\n<p><strong>Salim Abdenour<\/strong><\/p>\n","protected":false},"excerpt":{"rendered":"<p>\u00c0 Alger, derni\u00e8re \u00e9tape de sa tourn\u00e9e en r\u00e9gion MENA, le Secr\u00e9taire d\u2019\u00c9tat US Anthony Blinken a soulign\u00e9 hier toute<\/p>\n","protected":false},"author":3,"featured_media":19181,"comment_status":"open","ping_status":"closed","sticky":false,"template":"","format":"standard","meta":{"colormag_page_container_layout":"default_layout","colormag_page_sidebar_layout":"default_layout","om_disable_all_campaigns":false,"_monsterinsights_skip_tracking":false,"_monsterinsights_sitenote_active":false,"_monsterinsights_sitenote_note":"","_monsterinsights_sitenote_category":0,"footnotes":"","_wpscppro_dont_share_socialmedia":false,"_wpscppro_custom_social_share_image":0,"_facebook_share_type":"","_twitter_share_type":"","_linkedin_share_type":"","_pinterest_share_type":"","_linkedin_share_type_page":"","_instagram_share_type":"","_medium_share_type":"","_threads_share_type":"","_google_business_share_type":"","_selected_social_profile":[],"_wpsp_enable_custom_social_template":false,"_wpsp_social_scheduling":{"enabled":false,"datetime":null,"platforms":[],"status":"template_only","dateOption":"today","timeOption":"now","customDays":"","customHours":"","customDate":"","customTime":"","schedulingType":"absolute"},"_wpsp_active_default_template":true},"categories":[27],"tags":[],"class_list":["post-19149","post","type-post","status-publish","format-standard","has-post-thumbnail","hentry","category-actualite"],"aioseo_notices":[],"yoast_head":"<!-- This site is optimized with the Yoast SEO plugin v27.5 - https:\/\/yoast.com\/product\/yoast-seo-wordpress\/ -->\n<title>Coop\u00e9ration alg\u00e9ro-am\u00e9ricaine\u00a0: Porter les \u00e9changes commerciaux \u00e0 6,1 milliards de dollars - La Sentinelle<\/title>\n<meta name=\"robots\" content=\"index, follow, max-snippet:-1, max-image-preview:large, max-video-preview:-1\" \/>\n<link rel=\"canonical\" href=\"https:\/\/lasentinelle.dz\/index.php\/2022\/03\/31\/cooperation-algero-americaine-porter-les-echanges-commerciaux-a-61-milliards-de-dollars\/\" \/>\n<meta property=\"og:locale\" content=\"fr_FR\" \/>\n<meta property=\"og:type\" content=\"article\" \/>\n<meta property=\"og:title\" content=\"Coop\u00e9ration alg\u00e9ro-am\u00e9ricaine\u00a0: Porter les \u00e9changes commerciaux \u00e0 6,1 milliards de dollars - La Sentinelle\" \/>\n<meta property=\"og:description\" content=\"\u00c0 Alger, derni\u00e8re \u00e9tape de sa tourn\u00e9e en r\u00e9gion MENA, le Secr\u00e9taire d\u2019\u00c9tat US Anthony Blinken a soulign\u00e9 hier toute\" \/>\n<meta property=\"og:url\" content=\"https:\/\/lasentinelle.dz\/index.php\/2022\/03\/31\/cooperation-algero-americaine-porter-les-echanges-commerciaux-a-61-milliards-de-dollars\/\" \/>\n<meta property=\"og:site_name\" content=\"La Sentinelle\" \/>\n<meta property=\"article:publisher\" content=\"https:\/\/www.facebook.com\/La-Sentinelle-104059864394773\" \/>\n<meta property=\"article:published_time\" content=\"2022-03-30T23:01:00+00:00\" \/>\n<meta property=\"og:image\" content=\"https:\/\/lasentinelle.dz\/wp-content\/uploads\/2022\/03\/arton14318.png\" \/>\n\t<meta property=\"og:image:width\" content=\"1800\" \/>\n\t<meta property=\"og:image:height\" content=\"900\" \/>\n\t<meta property=\"og:image:type\" content=\"image\/png\" \/>\n<meta name=\"author\" content=\"La Sentinelle\" \/>\n<meta name=\"twitter:card\" content=\"summary_large_image\" \/>\n<meta name=\"twitter:label1\" content=\"\u00c9crit par\" \/>\n\t<meta name=\"twitter:data1\" content=\"La Sentinelle\" \/>\n\t<meta name=\"twitter:label2\" content=\"Dur\u00e9e de lecture estim\u00e9e\" \/>\n\t<meta name=\"twitter:data2\" content=\"4 minutes\" \/>\n<script type=\"application\/ld+json\" class=\"yoast-schema-graph\">{\"@context\":\"https:\\\/\\\/schema.org\",\"@graph\":[{\"@type\":\"Article\",\"@id\":\"https:\\\/\\\/lasentinelle.dz\\\/index.php\\\/2022\\\/03\\\/31\\\/cooperation-algero-americaine-porter-les-echanges-commerciaux-a-61-milliards-de-dollars\\\/#article\",\"isPartOf\":{\"@id\":\"https:\\\/\\\/lasentinelle.dz\\\/index.php\\\/2022\\\/03\\\/31\\\/cooperation-algero-americaine-porter-les-echanges-commerciaux-a-61-milliards-de-dollars\\\/\"},\"author\":{\"name\":\"La Sentinelle\",\"@id\":\"https:\\\/\\\/lasentinelle.dz\\\/#\\\/schema\\\/person\\\/d865044e22e70a75174ce8bcad3acfb3\"},\"headline\":\"Coop\u00e9ration alg\u00e9ro-am\u00e9ricaine\u00a0: Porter les \u00e9changes commerciaux \u00e0 6,1 milliards de dollars\",\"datePublished\":\"2022-03-30T23:01:00+00:00\",\"mainEntityOfPage\":{\"@id\":\"https:\\\/\\\/lasentinelle.dz\\\/index.php\\\/2022\\\/03\\\/31\\\/cooperation-algero-americaine-porter-les-echanges-commerciaux-a-61-milliards-de-dollars\\\/\"},\"wordCount\":964,\"commentCount\":0,\"publisher\":{\"@id\":\"https:\\\/\\\/lasentinelle.dz\\\/#organization\"},\"image\":{\"@id\":\"https:\\\/\\\/lasentinelle.dz\\\/index.php\\\/2022\\\/03\\\/31\\\/cooperation-algero-americaine-porter-les-echanges-commerciaux-a-61-milliards-de-dollars\\\/#primaryimage\"},\"thumbnailUrl\":\"https:\\\/\\\/lasentinelle.dz\\\/wp-content\\\/uploads\\\/2022\\\/03\\\/arton14318.png\",\"articleSection\":[\"Actualit\u00e9\"],\"inLanguage\":\"fr-FR\",\"potentialAction\":[{\"@type\":\"CommentAction\",\"name\":\"Comment\",\"target\":[\"https:\\\/\\\/lasentinelle.dz\\\/index.php\\\/2022\\\/03\\\/31\\\/cooperation-algero-americaine-porter-les-echanges-commerciaux-a-61-milliards-de-dollars\\\/#respond\"]}]},{\"@type\":\"WebPage\",\"@id\":\"https:\\\/\\\/lasentinelle.dz\\\/index.php\\\/2022\\\/03\\\/31\\\/cooperation-algero-americaine-porter-les-echanges-commerciaux-a-61-milliards-de-dollars\\\/\",\"url\":\"https:\\\/\\\/lasentinelle.dz\\\/index.php\\\/2022\\\/03\\\/31\\\/cooperation-algero-americaine-porter-les-echanges-commerciaux-a-61-milliards-de-dollars\\\/\",\"name\":\"Coop\u00e9ration alg\u00e9ro-am\u00e9ricaine\u00a0: Porter les \u00e9changes commerciaux \u00e0 6,1 milliards de dollars - La Sentinelle\",\"isPartOf\":{\"@id\":\"https:\\\/\\\/lasentinelle.dz\\\/#website\"},\"primaryImageOfPage\":{\"@id\":\"https:\\\/\\\/lasentinelle.dz\\\/index.php\\\/2022\\\/03\\\/31\\\/cooperation-algero-americaine-porter-les-echanges-commerciaux-a-61-milliards-de-dollars\\\/#primaryimage\"},\"image\":{\"@id\":\"https:\\\/\\\/lasentinelle.dz\\\/index.php\\\/2022\\\/03\\\/31\\\/cooperation-algero-americaine-porter-les-echanges-commerciaux-a-61-milliards-de-dollars\\\/#primaryimage\"},\"thumbnailUrl\":\"https:\\\/\\\/lasentinelle.dz\\\/wp-content\\\/uploads\\\/2022\\\/03\\\/arton14318.png\",\"datePublished\":\"2022-03-30T23:01:00+00:00\",\"breadcrumb\":{\"@id\":\"https:\\\/\\\/lasentinelle.dz\\\/index.php\\\/2022\\\/03\\\/31\\\/cooperation-algero-americaine-porter-les-echanges-commerciaux-a-61-milliards-de-dollars\\\/#breadcrumb\"},\"inLanguage\":\"fr-FR\",\"potentialAction\":[{\"@type\":\"ReadAction\",\"target\":[\"https:\\\/\\\/lasentinelle.dz\\\/index.php\\\/2022\\\/03\\\/31\\\/cooperation-algero-americaine-porter-les-echanges-commerciaux-a-61-milliards-de-dollars\\\/\"]}]},{\"@type\":\"ImageObject\",\"inLanguage\":\"fr-FR\",\"@id\":\"https:\\\/\\\/lasentinelle.dz\\\/index.php\\\/2022\\\/03\\\/31\\\/cooperation-algero-americaine-porter-les-echanges-commerciaux-a-61-milliards-de-dollars\\\/#primaryimage\",\"url\":\"https:\\\/\\\/lasentinelle.dz\\\/wp-content\\\/uploads\\\/2022\\\/03\\\/arton14318.png\",\"contentUrl\":\"https:\\\/\\\/lasentinelle.dz\\\/wp-content\\\/uploads\\\/2022\\\/03\\\/arton14318.png\",\"width\":1800,\"height\":900},{\"@type\":\"BreadcrumbList\",\"@id\":\"https:\\\/\\\/lasentinelle.dz\\\/index.php\\\/2022\\\/03\\\/31\\\/cooperation-algero-americaine-porter-les-echanges-commerciaux-a-61-milliards-de-dollars\\\/#breadcrumb\",\"itemListElement\":[{\"@type\":\"ListItem\",\"position\":1,\"name\":\"Accueil\",\"item\":\"https:\\\/\\\/lasentinelle.dz\\\/\"},{\"@type\":\"ListItem\",\"position\":2,\"name\":\"Coop\u00e9ration alg\u00e9ro-am\u00e9ricaine\u00a0: Porter les \u00e9changes commerciaux \u00e0 6,1 milliards de dollars\"}]},{\"@type\":\"WebSite\",\"@id\":\"https:\\\/\\\/lasentinelle.dz\\\/#website\",\"url\":\"https:\\\/\\\/lasentinelle.dz\\\/\",\"name\":\"La Sentinelle\",\"description\":\"Quotidien national d&#039;information\",\"publisher\":{\"@id\":\"https:\\\/\\\/lasentinelle.dz\\\/#organization\"},\"potentialAction\":[{\"@type\":\"SearchAction\",\"target\":{\"@type\":\"EntryPoint\",\"urlTemplate\":\"https:\\\/\\\/lasentinelle.dz\\\/?s={search_term_string}\"},\"query-input\":{\"@type\":\"PropertyValueSpecification\",\"valueRequired\":true,\"valueName\":\"search_term_string\"}}],\"inLanguage\":\"fr-FR\"},{\"@type\":\"Organization\",\"@id\":\"https:\\\/\\\/lasentinelle.dz\\\/#organization\",\"name\":\"Quotidien La Sentinelle\",\"url\":\"https:\\\/\\\/lasentinelle.dz\\\/\",\"logo\":{\"@type\":\"ImageObject\",\"inLanguage\":\"fr-FR\",\"@id\":\"https:\\\/\\\/lasentinelle.dz\\\/#\\\/schema\\\/logo\\\/image\\\/\",\"url\":\"https:\\\/\\\/lasentinelle.dz\\\/wp-content\\\/uploads\\\/2021\\\/09\\\/logo-sentinelleSLOGAN-1.png\",\"contentUrl\":\"https:\\\/\\\/lasentinelle.dz\\\/wp-content\\\/uploads\\\/2021\\\/09\\\/logo-sentinelleSLOGAN-1.png\",\"width\":615,\"height\":142,\"caption\":\"Quotidien La Sentinelle\"},\"image\":{\"@id\":\"https:\\\/\\\/lasentinelle.dz\\\/#\\\/schema\\\/logo\\\/image\\\/\"},\"sameAs\":[\"https:\\\/\\\/www.facebook.com\\\/La-Sentinelle-104059864394773\"]},{\"@type\":\"Person\",\"@id\":\"https:\\\/\\\/lasentinelle.dz\\\/#\\\/schema\\\/person\\\/d865044e22e70a75174ce8bcad3acfb3\",\"name\":\"La Sentinelle\",\"image\":{\"@type\":\"ImageObject\",\"inLanguage\":\"fr-FR\",\"@id\":\"https:\\\/\\\/secure.gravatar.com\\\/avatar\\\/57de8e5d4b15d43fb361a71fbb36338450fe67865b528a43dd10ef7c51a20392?s=96&d=mm&r=g\",\"url\":\"https:\\\/\\\/secure.gravatar.com\\\/avatar\\\/57de8e5d4b15d43fb361a71fbb36338450fe67865b528a43dd10ef7c51a20392?s=96&d=mm&r=g\",\"contentUrl\":\"https:\\\/\\\/secure.gravatar.com\\\/avatar\\\/57de8e5d4b15d43fb361a71fbb36338450fe67865b528a43dd10ef7c51a20392?s=96&d=mm&r=g\",\"caption\":\"La Sentinelle\"},\"sameAs\":[\"http:\\\/\\\/www.lasentinelle.dz\"],\"url\":\"https:\\\/\\\/lasentinelle.dz\\\/author\\\/redaction\\\/\"}]}<\/script>\n<!-- \/ Yoast SEO plugin. -->","yoast_head_json":{"title":"Coop\u00e9ration alg\u00e9ro-am\u00e9ricaine\u00a0: Porter les \u00e9changes commerciaux \u00e0 6,1 milliards de dollars - La Sentinelle","robots":{"index":"index","follow":"follow","max-snippet":"max-snippet:-1","max-image-preview":"max-image-preview:large","max-video-preview":"max-video-preview:-1"},"canonical":"https:\/\/lasentinelle.dz\/index.php\/2022\/03\/31\/cooperation-algero-americaine-porter-les-echanges-commerciaux-a-61-milliards-de-dollars\/","og_locale":"fr_FR","og_type":"article","og_title":"Coop\u00e9ration alg\u00e9ro-am\u00e9ricaine\u00a0: Porter les \u00e9changes commerciaux \u00e0 6,1 milliards de dollars - La Sentinelle","og_description":"\u00c0 Alger, derni\u00e8re \u00e9tape de sa tourn\u00e9e en r\u00e9gion MENA, le Secr\u00e9taire d\u2019\u00c9tat US Anthony Blinken a soulign\u00e9 hier toute","og_url":"https:\/\/lasentinelle.dz\/index.php\/2022\/03\/31\/cooperation-algero-americaine-porter-les-echanges-commerciaux-a-61-milliards-de-dollars\/","og_site_name":"La Sentinelle","article_publisher":"https:\/\/www.facebook.com\/La-Sentinelle-104059864394773","article_published_time":"2022-03-30T23:01:00+00:00","og_image":[{"width":1800,"height":900,"url":"https:\/\/lasentinelle.dz\/wp-content\/uploads\/2022\/03\/arton14318.png","type":"image\/png"}],"author":"La Sentinelle","twitter_card":"summary_large_image","twitter_misc":{"\u00c9crit par":"La Sentinelle","Dur\u00e9e de lecture estim\u00e9e":"4 minutes"},"schema":{"@context":"https:\/\/schema.org","@graph":[{"@type":"Article","@id":"https:\/\/lasentinelle.dz\/index.php\/2022\/03\/31\/cooperation-algero-americaine-porter-les-echanges-commerciaux-a-61-milliards-de-dollars\/#article","isPartOf":{"@id":"https:\/\/lasentinelle.dz\/index.php\/2022\/03\/31\/cooperation-algero-americaine-porter-les-echanges-commerciaux-a-61-milliards-de-dollars\/"},"author":{"name":"La Sentinelle","@id":"https:\/\/lasentinelle.dz\/#\/schema\/person\/d865044e22e70a75174ce8bcad3acfb3"},"headline":"Coop\u00e9ration alg\u00e9ro-am\u00e9ricaine\u00a0: Porter les \u00e9changes commerciaux \u00e0 6,1 milliards de dollars","datePublished":"2022-03-30T23:01:00+00:00","mainEntityOfPage":{"@id":"https:\/\/lasentinelle.dz\/index.php\/2022\/03\/31\/cooperation-algero-americaine-porter-les-echanges-commerciaux-a-61-milliards-de-dollars\/"},"wordCount":964,"commentCount":0,"publisher":{"@id":"https:\/\/lasentinelle.dz\/#organization"},"image":{"@id":"https:\/\/lasentinelle.dz\/index.php\/2022\/03\/31\/cooperation-algero-americaine-porter-les-echanges-commerciaux-a-61-milliards-de-dollars\/#primaryimage"},"thumbnailUrl":"https:\/\/lasentinelle.dz\/wp-content\/uploads\/2022\/03\/arton14318.png","articleSection":["Actualit\u00e9"],"inLanguage":"fr-FR","potentialAction":[{"@type":"CommentAction","name":"Comment","target":["https:\/\/lasentinelle.dz\/index.php\/2022\/03\/31\/cooperation-algero-americaine-porter-les-echanges-commerciaux-a-61-milliards-de-dollars\/#respond"]}]},{"@type":"WebPage","@id":"https:\/\/lasentinelle.dz\/index.php\/2022\/03\/31\/cooperation-algero-americaine-porter-les-echanges-commerciaux-a-61-milliards-de-dollars\/","url":"https:\/\/lasentinelle.dz\/index.php\/2022\/03\/31\/cooperation-algero-americaine-porter-les-echanges-commerciaux-a-61-milliards-de-dollars\/","name":"Coop\u00e9ration alg\u00e9ro-am\u00e9ricaine\u00a0: Porter les \u00e9changes commerciaux \u00e0 6,1 milliards de dollars - La Sentinelle","isPartOf":{"@id":"https:\/\/lasentinelle.dz\/#website"},"primaryImageOfPage":{"@id":"https:\/\/lasentinelle.dz\/index.php\/2022\/03\/31\/cooperation-algero-americaine-porter-les-echanges-commerciaux-a-61-milliards-de-dollars\/#primaryimage"},"image":{"@id":"https:\/\/lasentinelle.dz\/index.php\/2022\/03\/31\/cooperation-algero-americaine-porter-les-echanges-commerciaux-a-61-milliards-de-dollars\/#primaryimage"},"thumbnailUrl":"https:\/\/lasentinelle.dz\/wp-content\/uploads\/2022\/03\/arton14318.png","datePublished":"2022-03-30T23:01:00+00:00","breadcrumb":{"@id":"https:\/\/lasentinelle.dz\/index.php\/2022\/03\/31\/cooperation-algero-americaine-porter-les-echanges-commerciaux-a-61-milliards-de-dollars\/#breadcrumb"},"inLanguage":"fr-FR","potentialAction":[{"@type":"ReadAction","target":["https:\/\/lasentinelle.dz\/index.php\/2022\/03\/31\/cooperation-algero-americaine-porter-les-echanges-commerciaux-a-61-milliards-de-dollars\/"]}]},{"@type":"ImageObject","inLanguage":"fr-FR","@id":"https:\/\/lasentinelle.dz\/index.php\/2022\/03\/31\/cooperation-algero-americaine-porter-les-echanges-commerciaux-a-61-milliards-de-dollars\/#primaryimage","url":"https:\/\/lasentinelle.dz\/wp-content\/uploads\/2022\/03\/arton14318.png","contentUrl":"https:\/\/lasentinelle.dz\/wp-content\/uploads\/2022\/03\/arton14318.png","width":1800,"height":900},{"@type":"BreadcrumbList","@id":"https:\/\/lasentinelle.dz\/index.php\/2022\/03\/31\/cooperation-algero-americaine-porter-les-echanges-commerciaux-a-61-milliards-de-dollars\/#breadcrumb","itemListElement":[{"@type":"ListItem","position":1,"name":"Accueil","item":"https:\/\/lasentinelle.dz\/"},{"@type":"ListItem","position":2,"name":"Coop\u00e9ration alg\u00e9ro-am\u00e9ricaine\u00a0: Porter les \u00e9changes commerciaux \u00e0 6,1 milliards de dollars"}]},{"@type":"WebSite","@id":"https:\/\/lasentinelle.dz\/#website","url":"https:\/\/lasentinelle.dz\/","name":"La Sentinelle","description":"Quotidien national d&#039;information","publisher":{"@id":"https:\/\/lasentinelle.dz\/#organization"},"potentialAction":[{"@type":"SearchAction","target":{"@type":"EntryPoint","urlTemplate":"https:\/\/lasentinelle.dz\/?s={search_term_string}"},"query-input":{"@type":"PropertyValueSpecification","valueRequired":true,"valueName":"search_term_string"}}],"inLanguage":"fr-FR"},{"@type":"Organization","@id":"https:\/\/lasentinelle.dz\/#organization","name":"Quotidien La Sentinelle","url":"https:\/\/lasentinelle.dz\/","logo":{"@type":"ImageObject","inLanguage":"fr-FR","@id":"https:\/\/lasentinelle.dz\/#\/schema\/logo\/image\/","url":"https:\/\/lasentinelle.dz\/wp-content\/uploads\/2021\/09\/logo-sentinelleSLOGAN-1.png","contentUrl":"https:\/\/lasentinelle.dz\/wp-content\/uploads\/2021\/09\/logo-sentinelleSLOGAN-1.png","width":615,"height":142,"caption":"Quotidien La Sentinelle"},"image":{"@id":"https:\/\/lasentinelle.dz\/#\/schema\/logo\/image\/"},"sameAs":["https:\/\/www.facebook.com\/La-Sentinelle-104059864394773"]},{"@type":"Person","@id":"https:\/\/lasentinelle.dz\/#\/schema\/person\/d865044e22e70a75174ce8bcad3acfb3","name":"La Sentinelle","image":{"@type":"ImageObject","inLanguage":"fr-FR","@id":"https:\/\/secure.gravatar.com\/avatar\/57de8e5d4b15d43fb361a71fbb36338450fe67865b528a43dd10ef7c51a20392?s=96&d=mm&r=g","url":"https:\/\/secure.gravatar.com\/avatar\/57de8e5d4b15d43fb361a71fbb36338450fe67865b528a43dd10ef7c51a20392?s=96&d=mm&r=g","contentUrl":"https:\/\/secure.gravatar.com\/avatar\/57de8e5d4b15d43fb361a71fbb36338450fe67865b528a43dd10ef7c51a20392?s=96&d=mm&r=g","caption":"La Sentinelle"},"sameAs":["http:\/\/www.lasentinelle.dz"],"url":"https:\/\/lasentinelle.dz\/author\/redaction\/"}]}},"_links":{"self":[{"href":"https:\/\/lasentinelle.dz\/index.php\/wp-json\/wp\/v2\/posts\/19149","targetHints":{"allow":["GET"]}}],"collection":[{"href":"https:\/\/lasentinelle.dz\/index.php\/wp-json\/wp\/v2\/posts"}],"about":[{"href":"https:\/\/lasentinelle.dz\/index.php\/wp-json\/wp\/v2\/types\/post"}],"author":[{"embeddable":true,"href":"https:\/\/lasentinelle.dz\/index.php\/wp-json\/wp\/v2\/users\/3"}],"replies":[{"embeddable":true,"href":"https:\/\/lasentinelle.dz\/index.php\/wp-json\/wp\/v2\/comments?post=19149"}],"version-history":[{"count":1,"href":"https:\/\/lasentinelle.dz\/index.php\/wp-json\/wp\/v2\/posts\/19149\/revisions"}],"predecessor-version":[{"id":19184,"href":"https:\/\/lasentinelle.dz\/index.php\/wp-json\/wp\/v2\/posts\/19149\/revisions\/19184"}],"wp:featuredmedia":[{"embeddable":true,"href":"https:\/\/lasentinelle.dz\/index.php\/wp-json\/wp\/v2\/media\/19181"}],"wp:attachment":[{"href":"https:\/\/lasentinelle.dz\/index.php\/wp-json\/wp\/v2\/media?parent=19149"}],"wp:term":[{"taxonomy":"category","embeddable":true,"href":"https:\/\/lasentinelle.dz\/index.php\/wp-json\/wp\/v2\/categories?post=19149"},{"taxonomy":"post_tag","embeddable":true,"href":"https:\/\/lasentinelle.dz\/index.php\/wp-json\/wp\/v2\/tags?post=19149"}],"curies":[{"name":"wp","href":"https:\/\/api.w.org\/{rel}","templated":true}]}}