{"id":19158,"date":"2022-03-31T00:01:00","date_gmt":"2022-03-30T23:01:00","guid":{"rendered":"https:\/\/lasentinelle.dz\/?p=19158"},"modified":"2022-03-30T17:01:05","modified_gmt":"2022-03-30T16:01:05","slug":"cameroun-senegal-maroc-tunisie-et-ghana-lafrique-connait-ses-cinq-mondialistes","status":"publish","type":"post","link":"https:\/\/lasentinelle.dz\/index.php\/2022\/03\/31\/cameroun-senegal-maroc-tunisie-et-ghana-lafrique-connait-ses-cinq-mondialistes\/","title":{"rendered":"Cameroun,\u00a0S\u00e9n\u00e9gal,\u00a0Maroc, Tunisie et Ghana\u00a0:\u00a0L\u2019Afrique conna\u00eet ses cinq mondialistes\u00a0"},"content":{"rendered":"\n<p>Outre le Cameroun, qui a assur\u00e9 une 8e participation au Mondial, en battant l\u2019Alg\u00e9rie, quatre autres s\u00e9lection repr\u00e9senteront le continent africain au Qatar.&nbsp;<\/p>\n\n\n\n<p>Un mois et demi apr\u00e8s la Coupe d\u2019Afrique des nations 2021, le continent africain a une nouvelle fois connu d&rsquo;intenses vibrations, avec les barrages de la Coupe du Monde Qatar-2022. Dix \u00e9quipes \u00e9taient sur la ligne de d\u00e9part et il n&rsquo;en reste d\u00e9sormais plus que cinq, qui iront au Qatar en novembre 2022. Le choc \u00c9gypte-S\u00e9n\u00e9gal, remake de la r\u00e9cente finale de la CAN, a vu les Lions de la T\u00e9ranga l&#8217;emporter une nouvelle fois lors de la s\u00e9ance de tirs au but. Dans l&rsquo;affiche entre le Cameroun et l&rsquo;Alg\u00e9rie, les Lions Indomptables ont fait la diff\u00e9rence dans les derni\u00e8res secondes de la prolongation gr\u00e2ce \u00e0 Karl Brillant Toko-Ekambi.&nbsp;&nbsp;Comme lors de la r\u00e9cente finale de la Coupe d&rsquo;Afrique des Nations, S\u00e9n\u00e9gal et \u00c9gypte ont d\u00fb attendre la s\u00e9ance des tirs au but pour se d\u00e9partager. Et comme \u00e0 la CAN, c&rsquo;est le S\u00e9n\u00e9gal qui l&rsquo;a emport\u00e9 au bout du suspense sur un penalty lib\u00e9rateur de Sadio Man\u00e9, cinqui\u00e8me tireur (3-1 tab). Les Lions de la T\u00e9ranga peuvent f\u00eater leur troisi\u00e8me participation \u00e0 la Coupe du Monde, tandis que les Pharaons ne disputeront pas de deuxi\u00e8me \u00e9dition cons\u00e9cutive. Musel\u00e9 par Saliou Cisse&nbsp;durant le match retour, Mohamed Salah a rat\u00e9 son penalty. Apr\u00e8s huit ans d&rsquo;absence, le Ghana a obtenu son ticket pour sa quatri\u00e8me Coupe du Monde en parvenant \u00e0 tenir en \u00e9chec le Nigeria \u00e0 Abuja (1-1). Le capitaine Thomas Partey a ouvert le score \u00e0 la 10\u00e8me minute, tandis que William Troost-Ekong a \u00e9galis\u00e9 sur penalty 11 minutes plus tard. C&rsquo;est donc gr\u00e2ce \u00e0 la r\u00e8gle du but \u00e0 l&rsquo;ext\u00e9rieur que les Black Stars des fr\u00e8res Ayew se sont qualifi\u00e9s pour Qatar 2022. \u00c0 l&rsquo;aller, les deux \u00e9quipes n&rsquo;avaient pu se d\u00e9partager (0-0). Les Super Eagles resteront \u00e0 la maison pour la premi\u00e8re fois depuis 2006.&nbsp;&nbsp;Chahut\u00e9 et peu inspir\u00e9 \u00e0 l&rsquo;aller \u00e0 Kinshasa face \u00e0 la RD Congo (1-1), le Maroc s&rsquo;est bien repris \u00e0 Casablanca et a obtenu son ticket pour le Qatar gr\u00e2ce \u00e0 un large succ\u00e8s face aux L\u00e9opards (4-1). Un doubl\u00e9 d&rsquo;Azzedine Ounahi et deux buts de Tarik Tissoudali et Achraf Hakimi ont permis aux Lions de l&rsquo;Atlas de se qualifier pour la sixi\u00e8me Coupe du Monde de leur histoire, la deuxi\u00e8me de rang. Les Congolais devront quant \u00e0 eux retenter leur chance dans quatre ans pour essayer de rego\u00fbter aux joies d&rsquo;une phase finale d&rsquo;une Coupe du Monde, qu&rsquo;ils n&rsquo;ont plus connues depuis 1974.&nbsp;&nbsp;<\/p>\n\n\n\n<p>R. S.<\/p>\n\n\n\n<p><strong>Les s\u00e9lections d\u00e9j\u00e0 qualifi\u00e9es :&nbsp;<\/strong><\/p>\n\n\n\n<p>&#8211; Zone Afrique : S\u00e9n\u00e9gal, Ghana, Maroc, Tunisie, Cameroun<\/p>\n\n\n\n<p>&#8211; Zone Am\u00e9rique du Sud: Br\u00e9sil, Argentine, Equateur, Uruguay<\/p>\n\n\n\n<p>&#8211; Zone Am\u00e9rique du Nord et centrale: Canada&nbsp;&nbsp;<\/p>\n\n\n\n<p>&#8211; Zone Asie: Qatar (pays-h\u00f4te), Iran, Cor\u00e9e du Sud, Japon, Arabie saoudite<\/p>\n","protected":false},"excerpt":{"rendered":"<p>Outre le Cameroun, qui a assur\u00e9 une 8e participation au Mondial, en battant l\u2019Alg\u00e9rie, quatre autres s\u00e9lection repr\u00e9senteront le continent<\/p>\n","protected":false},"author":3,"featured_media":19159,"comment_status":"open","ping_status":"closed","sticky":false,"template":"","format":"standard","meta":{"colormag_page_container_layout":"default_layout","colormag_page_sidebar_layout":"default_layout","om_disable_all_campaigns":false,"_monsterinsights_skip_tracking":false,"_monsterinsights_sitenote_active":false,"_monsterinsights_sitenote_note":"","_monsterinsights_sitenote_category":0,"footnotes":"","_wpscppro_dont_share_socialmedia":false,"_wpscppro_custom_social_share_image":0,"_facebook_share_type":"","_twitter_share_type":"","_linkedin_share_type":"","_pinterest_share_type":"","_linkedin_share_type_page":"","_instagram_share_type":"","_medium_share_type":"","_threads_share_type":"","_google_business_share_type":"","_selected_social_profile":[],"_wpsp_enable_custom_social_template":false,"_wpsp_social_scheduling":{"enabled":false,"datetime":null,"platforms":[],"status":"template_only","dateOption":"today","timeOption":"now","customDays":"","customHours":"","customDate":"","customTime":"","schedulingType":"absolute"},"_wpsp_active_default_template":true},"categories":[33],"tags":[],"class_list":["post-19158","post","type-post","status-publish","format-standard","has-post-thumbnail","hentry","category-sports"],"aioseo_notices":[],"yoast_head":"<!-- This site is optimized with the Yoast SEO plugin v27.5 - https:\/\/yoast.com\/product\/yoast-seo-wordpress\/ -->\n<title>Cameroun,\u00a0S\u00e9n\u00e9gal,\u00a0Maroc, Tunisie et Ghana\u00a0:\u00a0L\u2019Afrique conna\u00eet ses cinq mondialistes\u00a0 - La Sentinelle<\/title>\n<meta name=\"robots\" content=\"index, follow, max-snippet:-1, max-image-preview:large, max-video-preview:-1\" \/>\n<link rel=\"canonical\" href=\"https:\/\/lasentinelle.dz\/index.php\/2022\/03\/31\/cameroun-senegal-maroc-tunisie-et-ghana-lafrique-connait-ses-cinq-mondialistes\/\" \/>\n<meta property=\"og:locale\" content=\"fr_FR\" \/>\n<meta property=\"og:type\" content=\"article\" \/>\n<meta property=\"og:title\" content=\"Cameroun,\u00a0S\u00e9n\u00e9gal,\u00a0Maroc, Tunisie et Ghana\u00a0:\u00a0L\u2019Afrique conna\u00eet ses cinq mondialistes\u00a0 - La Sentinelle\" \/>\n<meta property=\"og:description\" content=\"Outre le Cameroun, qui a assur\u00e9 une 8e participation au Mondial, en battant l\u2019Alg\u00e9rie, quatre autres s\u00e9lection repr\u00e9senteront le continent\" \/>\n<meta property=\"og:url\" content=\"https:\/\/lasentinelle.dz\/index.php\/2022\/03\/31\/cameroun-senegal-maroc-tunisie-et-ghana-lafrique-connait-ses-cinq-mondialistes\/\" \/>\n<meta property=\"og:site_name\" content=\"La Sentinelle\" \/>\n<meta property=\"article:publisher\" content=\"https:\/\/www.facebook.com\/La-Sentinelle-104059864394773\" \/>\n<meta property=\"article:published_time\" content=\"2022-03-30T23:01:00+00:00\" \/>\n<meta property=\"og:image\" content=\"https:\/\/lasentinelle.dz\/wp-content\/uploads\/2022\/03\/Tunisie.jpeg\" \/>\n\t<meta property=\"og:image:width\" content=\"1250\" \/>\n\t<meta property=\"og:image:height\" content=\"625\" \/>\n\t<meta property=\"og:image:type\" content=\"image\/jpeg\" \/>\n<meta name=\"author\" content=\"La Sentinelle\" \/>\n<meta name=\"twitter:card\" content=\"summary_large_image\" \/>\n<meta name=\"twitter:label1\" content=\"\u00c9crit par\" \/>\n\t<meta name=\"twitter:data1\" content=\"La Sentinelle\" \/>\n\t<meta name=\"twitter:label2\" content=\"Dur\u00e9e de lecture estim\u00e9e\" \/>\n\t<meta name=\"twitter:data2\" content=\"3 minutes\" \/>\n<script type=\"application\/ld+json\" class=\"yoast-schema-graph\">{\"@context\":\"https:\\\/\\\/schema.org\",\"@graph\":[{\"@type\":\"Article\",\"@id\":\"https:\\\/\\\/lasentinelle.dz\\\/index.php\\\/2022\\\/03\\\/31\\\/cameroun-senegal-maroc-tunisie-et-ghana-lafrique-connait-ses-cinq-mondialistes\\\/#article\",\"isPartOf\":{\"@id\":\"https:\\\/\\\/lasentinelle.dz\\\/index.php\\\/2022\\\/03\\\/31\\\/cameroun-senegal-maroc-tunisie-et-ghana-lafrique-connait-ses-cinq-mondialistes\\\/\"},\"author\":{\"name\":\"La Sentinelle\",\"@id\":\"https:\\\/\\\/lasentinelle.dz\\\/#\\\/schema\\\/person\\\/d865044e22e70a75174ce8bcad3acfb3\"},\"headline\":\"Cameroun,\u00a0S\u00e9n\u00e9gal,\u00a0Maroc, Tunisie et Ghana\u00a0:\u00a0L\u2019Afrique conna\u00eet ses cinq mondialistes\u00a0\",\"datePublished\":\"2022-03-30T23:01:00+00:00\",\"mainEntityOfPage\":{\"@id\":\"https:\\\/\\\/lasentinelle.dz\\\/index.php\\\/2022\\\/03\\\/31\\\/cameroun-senegal-maroc-tunisie-et-ghana-lafrique-connait-ses-cinq-mondialistes\\\/\"},\"wordCount\":550,\"commentCount\":0,\"publisher\":{\"@id\":\"https:\\\/\\\/lasentinelle.dz\\\/#organization\"},\"image\":{\"@id\":\"https:\\\/\\\/lasentinelle.dz\\\/index.php\\\/2022\\\/03\\\/31\\\/cameroun-senegal-maroc-tunisie-et-ghana-lafrique-connait-ses-cinq-mondialistes\\\/#primaryimage\"},\"thumbnailUrl\":\"https:\\\/\\\/lasentinelle.dz\\\/wp-content\\\/uploads\\\/2022\\\/03\\\/Tunisie.jpeg\",\"articleSection\":[\"Sports\"],\"inLanguage\":\"fr-FR\",\"potentialAction\":[{\"@type\":\"CommentAction\",\"name\":\"Comment\",\"target\":[\"https:\\\/\\\/lasentinelle.dz\\\/index.php\\\/2022\\\/03\\\/31\\\/cameroun-senegal-maroc-tunisie-et-ghana-lafrique-connait-ses-cinq-mondialistes\\\/#respond\"]}]},{\"@type\":\"WebPage\",\"@id\":\"https:\\\/\\\/lasentinelle.dz\\\/index.php\\\/2022\\\/03\\\/31\\\/cameroun-senegal-maroc-tunisie-et-ghana-lafrique-connait-ses-cinq-mondialistes\\\/\",\"url\":\"https:\\\/\\\/lasentinelle.dz\\\/index.php\\\/2022\\\/03\\\/31\\\/cameroun-senegal-maroc-tunisie-et-ghana-lafrique-connait-ses-cinq-mondialistes\\\/\",\"name\":\"Cameroun,\u00a0S\u00e9n\u00e9gal,\u00a0Maroc, Tunisie et Ghana\u00a0:\u00a0L\u2019Afrique conna\u00eet ses cinq mondialistes\u00a0 - La Sentinelle\",\"isPartOf\":{\"@id\":\"https:\\\/\\\/lasentinelle.dz\\\/#website\"},\"primaryImageOfPage\":{\"@id\":\"https:\\\/\\\/lasentinelle.dz\\\/index.php\\\/2022\\\/03\\\/31\\\/cameroun-senegal-maroc-tunisie-et-ghana-lafrique-connait-ses-cinq-mondialistes\\\/#primaryimage\"},\"image\":{\"@id\":\"https:\\\/\\\/lasentinelle.dz\\\/index.php\\\/2022\\\/03\\\/31\\\/cameroun-senegal-maroc-tunisie-et-ghana-lafrique-connait-ses-cinq-mondialistes\\\/#primaryimage\"},\"thumbnailUrl\":\"https:\\\/\\\/lasentinelle.dz\\\/wp-content\\\/uploads\\\/2022\\\/03\\\/Tunisie.jpeg\",\"datePublished\":\"2022-03-30T23:01:00+00:00\",\"breadcrumb\":{\"@id\":\"https:\\\/\\\/lasentinelle.dz\\\/index.php\\\/2022\\\/03\\\/31\\\/cameroun-senegal-maroc-tunisie-et-ghana-lafrique-connait-ses-cinq-mondialistes\\\/#breadcrumb\"},\"inLanguage\":\"fr-FR\",\"potentialAction\":[{\"@type\":\"ReadAction\",\"target\":[\"https:\\\/\\\/lasentinelle.dz\\\/index.php\\\/2022\\\/03\\\/31\\\/cameroun-senegal-maroc-tunisie-et-ghana-lafrique-connait-ses-cinq-mondialistes\\\/\"]}]},{\"@type\":\"ImageObject\",\"inLanguage\":\"fr-FR\",\"@id\":\"https:\\\/\\\/lasentinelle.dz\\\/index.php\\\/2022\\\/03\\\/31\\\/cameroun-senegal-maroc-tunisie-et-ghana-lafrique-connait-ses-cinq-mondialistes\\\/#primaryimage\",\"url\":\"https:\\\/\\\/lasentinelle.dz\\\/wp-content\\\/uploads\\\/2022\\\/03\\\/Tunisie.jpeg\",\"contentUrl\":\"https:\\\/\\\/lasentinelle.dz\\\/wp-content\\\/uploads\\\/2022\\\/03\\\/Tunisie.jpeg\",\"width\":1250,\"height\":625},{\"@type\":\"BreadcrumbList\",\"@id\":\"https:\\\/\\\/lasentinelle.dz\\\/index.php\\\/2022\\\/03\\\/31\\\/cameroun-senegal-maroc-tunisie-et-ghana-lafrique-connait-ses-cinq-mondialistes\\\/#breadcrumb\",\"itemListElement\":[{\"@type\":\"ListItem\",\"position\":1,\"name\":\"Accueil\",\"item\":\"https:\\\/\\\/lasentinelle.dz\\\/\"},{\"@type\":\"ListItem\",\"position\":2,\"name\":\"Cameroun,\u00a0S\u00e9n\u00e9gal,\u00a0Maroc, Tunisie et Ghana\u00a0:\u00a0L\u2019Afrique conna\u00eet ses cinq mondialistes\u00a0\"}]},{\"@type\":\"WebSite\",\"@id\":\"https:\\\/\\\/lasentinelle.dz\\\/#website\",\"url\":\"https:\\\/\\\/lasentinelle.dz\\\/\",\"name\":\"La Sentinelle\",\"description\":\"Quotidien national d&#039;information\",\"publisher\":{\"@id\":\"https:\\\/\\\/lasentinelle.dz\\\/#organization\"},\"potentialAction\":[{\"@type\":\"SearchAction\",\"target\":{\"@type\":\"EntryPoint\",\"urlTemplate\":\"https:\\\/\\\/lasentinelle.dz\\\/?s={search_term_string}\"},\"query-input\":{\"@type\":\"PropertyValueSpecification\",\"valueRequired\":true,\"valueName\":\"search_term_string\"}}],\"inLanguage\":\"fr-FR\"},{\"@type\":\"Organization\",\"@id\":\"https:\\\/\\\/lasentinelle.dz\\\/#organization\",\"name\":\"Quotidien La Sentinelle\",\"url\":\"https:\\\/\\\/lasentinelle.dz\\\/\",\"logo\":{\"@type\":\"ImageObject\",\"inLanguage\":\"fr-FR\",\"@id\":\"https:\\\/\\\/lasentinelle.dz\\\/#\\\/schema\\\/logo\\\/image\\\/\",\"url\":\"https:\\\/\\\/lasentinelle.dz\\\/wp-content\\\/uploads\\\/2021\\\/09\\\/logo-sentinelleSLOGAN-1.png\",\"contentUrl\":\"https:\\\/\\\/lasentinelle.dz\\\/wp-content\\\/uploads\\\/2021\\\/09\\\/logo-sentinelleSLOGAN-1.png\",\"width\":615,\"height\":142,\"caption\":\"Quotidien La Sentinelle\"},\"image\":{\"@id\":\"https:\\\/\\\/lasentinelle.dz\\\/#\\\/schema\\\/logo\\\/image\\\/\"},\"sameAs\":[\"https:\\\/\\\/www.facebook.com\\\/La-Sentinelle-104059864394773\"]},{\"@type\":\"Person\",\"@id\":\"https:\\\/\\\/lasentinelle.dz\\\/#\\\/schema\\\/person\\\/d865044e22e70a75174ce8bcad3acfb3\",\"name\":\"La Sentinelle\",\"image\":{\"@type\":\"ImageObject\",\"inLanguage\":\"fr-FR\",\"@id\":\"https:\\\/\\\/secure.gravatar.com\\\/avatar\\\/57de8e5d4b15d43fb361a71fbb36338450fe67865b528a43dd10ef7c51a20392?s=96&d=mm&r=g\",\"url\":\"https:\\\/\\\/secure.gravatar.com\\\/avatar\\\/57de8e5d4b15d43fb361a71fbb36338450fe67865b528a43dd10ef7c51a20392?s=96&d=mm&r=g\",\"contentUrl\":\"https:\\\/\\\/secure.gravatar.com\\\/avatar\\\/57de8e5d4b15d43fb361a71fbb36338450fe67865b528a43dd10ef7c51a20392?s=96&d=mm&r=g\",\"caption\":\"La Sentinelle\"},\"sameAs\":[\"http:\\\/\\\/www.lasentinelle.dz\"],\"url\":\"https:\\\/\\\/lasentinelle.dz\\\/author\\\/redaction\\\/\"}]}<\/script>\n<!-- \/ Yoast SEO plugin. -->","yoast_head_json":{"title":"Cameroun,\u00a0S\u00e9n\u00e9gal,\u00a0Maroc, Tunisie et Ghana\u00a0:\u00a0L\u2019Afrique conna\u00eet ses cinq mondialistes\u00a0 - La Sentinelle","robots":{"index":"index","follow":"follow","max-snippet":"max-snippet:-1","max-image-preview":"max-image-preview:large","max-video-preview":"max-video-preview:-1"},"canonical":"https:\/\/lasentinelle.dz\/index.php\/2022\/03\/31\/cameroun-senegal-maroc-tunisie-et-ghana-lafrique-connait-ses-cinq-mondialistes\/","og_locale":"fr_FR","og_type":"article","og_title":"Cameroun,\u00a0S\u00e9n\u00e9gal,\u00a0Maroc, Tunisie et Ghana\u00a0:\u00a0L\u2019Afrique conna\u00eet ses cinq mondialistes\u00a0 - La Sentinelle","og_description":"Outre le Cameroun, qui a assur\u00e9 une 8e participation au Mondial, en battant l\u2019Alg\u00e9rie, quatre autres s\u00e9lection repr\u00e9senteront le continent","og_url":"https:\/\/lasentinelle.dz\/index.php\/2022\/03\/31\/cameroun-senegal-maroc-tunisie-et-ghana-lafrique-connait-ses-cinq-mondialistes\/","og_site_name":"La Sentinelle","article_publisher":"https:\/\/www.facebook.com\/La-Sentinelle-104059864394773","article_published_time":"2022-03-30T23:01:00+00:00","og_image":[{"width":1250,"height":625,"url":"https:\/\/lasentinelle.dz\/wp-content\/uploads\/2022\/03\/Tunisie.jpeg","type":"image\/jpeg"}],"author":"La Sentinelle","twitter_card":"summary_large_image","twitter_misc":{"\u00c9crit par":"La Sentinelle","Dur\u00e9e de lecture estim\u00e9e":"3 minutes"},"schema":{"@context":"https:\/\/schema.org","@graph":[{"@type":"Article","@id":"https:\/\/lasentinelle.dz\/index.php\/2022\/03\/31\/cameroun-senegal-maroc-tunisie-et-ghana-lafrique-connait-ses-cinq-mondialistes\/#article","isPartOf":{"@id":"https:\/\/lasentinelle.dz\/index.php\/2022\/03\/31\/cameroun-senegal-maroc-tunisie-et-ghana-lafrique-connait-ses-cinq-mondialistes\/"},"author":{"name":"La Sentinelle","@id":"https:\/\/lasentinelle.dz\/#\/schema\/person\/d865044e22e70a75174ce8bcad3acfb3"},"headline":"Cameroun,\u00a0S\u00e9n\u00e9gal,\u00a0Maroc, Tunisie et Ghana\u00a0:\u00a0L\u2019Afrique conna\u00eet ses cinq mondialistes\u00a0","datePublished":"2022-03-30T23:01:00+00:00","mainEntityOfPage":{"@id":"https:\/\/lasentinelle.dz\/index.php\/2022\/03\/31\/cameroun-senegal-maroc-tunisie-et-ghana-lafrique-connait-ses-cinq-mondialistes\/"},"wordCount":550,"commentCount":0,"publisher":{"@id":"https:\/\/lasentinelle.dz\/#organization"},"image":{"@id":"https:\/\/lasentinelle.dz\/index.php\/2022\/03\/31\/cameroun-senegal-maroc-tunisie-et-ghana-lafrique-connait-ses-cinq-mondialistes\/#primaryimage"},"thumbnailUrl":"https:\/\/lasentinelle.dz\/wp-content\/uploads\/2022\/03\/Tunisie.jpeg","articleSection":["Sports"],"inLanguage":"fr-FR","potentialAction":[{"@type":"CommentAction","name":"Comment","target":["https:\/\/lasentinelle.dz\/index.php\/2022\/03\/31\/cameroun-senegal-maroc-tunisie-et-ghana-lafrique-connait-ses-cinq-mondialistes\/#respond"]}]},{"@type":"WebPage","@id":"https:\/\/lasentinelle.dz\/index.php\/2022\/03\/31\/cameroun-senegal-maroc-tunisie-et-ghana-lafrique-connait-ses-cinq-mondialistes\/","url":"https:\/\/lasentinelle.dz\/index.php\/2022\/03\/31\/cameroun-senegal-maroc-tunisie-et-ghana-lafrique-connait-ses-cinq-mondialistes\/","name":"Cameroun,\u00a0S\u00e9n\u00e9gal,\u00a0Maroc, Tunisie et Ghana\u00a0:\u00a0L\u2019Afrique conna\u00eet ses cinq mondialistes\u00a0 - La Sentinelle","isPartOf":{"@id":"https:\/\/lasentinelle.dz\/#website"},"primaryImageOfPage":{"@id":"https:\/\/lasentinelle.dz\/index.php\/2022\/03\/31\/cameroun-senegal-maroc-tunisie-et-ghana-lafrique-connait-ses-cinq-mondialistes\/#primaryimage"},"image":{"@id":"https:\/\/lasentinelle.dz\/index.php\/2022\/03\/31\/cameroun-senegal-maroc-tunisie-et-ghana-lafrique-connait-ses-cinq-mondialistes\/#primaryimage"},"thumbnailUrl":"https:\/\/lasentinelle.dz\/wp-content\/uploads\/2022\/03\/Tunisie.jpeg","datePublished":"2022-03-30T23:01:00+00:00","breadcrumb":{"@id":"https:\/\/lasentinelle.dz\/index.php\/2022\/03\/31\/cameroun-senegal-maroc-tunisie-et-ghana-lafrique-connait-ses-cinq-mondialistes\/#breadcrumb"},"inLanguage":"fr-FR","potentialAction":[{"@type":"ReadAction","target":["https:\/\/lasentinelle.dz\/index.php\/2022\/03\/31\/cameroun-senegal-maroc-tunisie-et-ghana-lafrique-connait-ses-cinq-mondialistes\/"]}]},{"@type":"ImageObject","inLanguage":"fr-FR","@id":"https:\/\/lasentinelle.dz\/index.php\/2022\/03\/31\/cameroun-senegal-maroc-tunisie-et-ghana-lafrique-connait-ses-cinq-mondialistes\/#primaryimage","url":"https:\/\/lasentinelle.dz\/wp-content\/uploads\/2022\/03\/Tunisie.jpeg","contentUrl":"https:\/\/lasentinelle.dz\/wp-content\/uploads\/2022\/03\/Tunisie.jpeg","width":1250,"height":625},{"@type":"BreadcrumbList","@id":"https:\/\/lasentinelle.dz\/index.php\/2022\/03\/31\/cameroun-senegal-maroc-tunisie-et-ghana-lafrique-connait-ses-cinq-mondialistes\/#breadcrumb","itemListElement":[{"@type":"ListItem","position":1,"name":"Accueil","item":"https:\/\/lasentinelle.dz\/"},{"@type":"ListItem","position":2,"name":"Cameroun,\u00a0S\u00e9n\u00e9gal,\u00a0Maroc, Tunisie et Ghana\u00a0:\u00a0L\u2019Afrique conna\u00eet ses cinq mondialistes\u00a0"}]},{"@type":"WebSite","@id":"https:\/\/lasentinelle.dz\/#website","url":"https:\/\/lasentinelle.dz\/","name":"La Sentinelle","description":"Quotidien national d&#039;information","publisher":{"@id":"https:\/\/lasentinelle.dz\/#organization"},"potentialAction":[{"@type":"SearchAction","target":{"@type":"EntryPoint","urlTemplate":"https:\/\/lasentinelle.dz\/?s={search_term_string}"},"query-input":{"@type":"PropertyValueSpecification","valueRequired":true,"valueName":"search_term_string"}}],"inLanguage":"fr-FR"},{"@type":"Organization","@id":"https:\/\/lasentinelle.dz\/#organization","name":"Quotidien La Sentinelle","url":"https:\/\/lasentinelle.dz\/","logo":{"@type":"ImageObject","inLanguage":"fr-FR","@id":"https:\/\/lasentinelle.dz\/#\/schema\/logo\/image\/","url":"https:\/\/lasentinelle.dz\/wp-content\/uploads\/2021\/09\/logo-sentinelleSLOGAN-1.png","contentUrl":"https:\/\/lasentinelle.dz\/wp-content\/uploads\/2021\/09\/logo-sentinelleSLOGAN-1.png","width":615,"height":142,"caption":"Quotidien La Sentinelle"},"image":{"@id":"https:\/\/lasentinelle.dz\/#\/schema\/logo\/image\/"},"sameAs":["https:\/\/www.facebook.com\/La-Sentinelle-104059864394773"]},{"@type":"Person","@id":"https:\/\/lasentinelle.dz\/#\/schema\/person\/d865044e22e70a75174ce8bcad3acfb3","name":"La Sentinelle","image":{"@type":"ImageObject","inLanguage":"fr-FR","@id":"https:\/\/secure.gravatar.com\/avatar\/57de8e5d4b15d43fb361a71fbb36338450fe67865b528a43dd10ef7c51a20392?s=96&d=mm&r=g","url":"https:\/\/secure.gravatar.com\/avatar\/57de8e5d4b15d43fb361a71fbb36338450fe67865b528a43dd10ef7c51a20392?s=96&d=mm&r=g","contentUrl":"https:\/\/secure.gravatar.com\/avatar\/57de8e5d4b15d43fb361a71fbb36338450fe67865b528a43dd10ef7c51a20392?s=96&d=mm&r=g","caption":"La Sentinelle"},"sameAs":["http:\/\/www.lasentinelle.dz"],"url":"https:\/\/lasentinelle.dz\/author\/redaction\/"}]}},"_links":{"self":[{"href":"https:\/\/lasentinelle.dz\/index.php\/wp-json\/wp\/v2\/posts\/19158","targetHints":{"allow":["GET"]}}],"collection":[{"href":"https:\/\/lasentinelle.dz\/index.php\/wp-json\/wp\/v2\/posts"}],"about":[{"href":"https:\/\/lasentinelle.dz\/index.php\/wp-json\/wp\/v2\/types\/post"}],"author":[{"embeddable":true,"href":"https:\/\/lasentinelle.dz\/index.php\/wp-json\/wp\/v2\/users\/3"}],"replies":[{"embeddable":true,"href":"https:\/\/lasentinelle.dz\/index.php\/wp-json\/wp\/v2\/comments?post=19158"}],"version-history":[{"count":1,"href":"https:\/\/lasentinelle.dz\/index.php\/wp-json\/wp\/v2\/posts\/19158\/revisions"}],"predecessor-version":[{"id":19160,"href":"https:\/\/lasentinelle.dz\/index.php\/wp-json\/wp\/v2\/posts\/19158\/revisions\/19160"}],"wp:featuredmedia":[{"embeddable":true,"href":"https:\/\/lasentinelle.dz\/index.php\/wp-json\/wp\/v2\/media\/19159"}],"wp:attachment":[{"href":"https:\/\/lasentinelle.dz\/index.php\/wp-json\/wp\/v2\/media?parent=19158"}],"wp:term":[{"taxonomy":"category","embeddable":true,"href":"https:\/\/lasentinelle.dz\/index.php\/wp-json\/wp\/v2\/categories?post=19158"},{"taxonomy":"post_tag","embeddable":true,"href":"https:\/\/lasentinelle.dz\/index.php\/wp-json\/wp\/v2\/tags?post=19158"}],"curies":[{"name":"wp","href":"https:\/\/api.w.org\/{rel}","templated":true}]}}