{"id":19179,"date":"2022-03-31T00:01:00","date_gmt":"2022-03-30T23:01:00","guid":{"rendered":"https:\/\/lasentinelle.dz\/?p=19179"},"modified":"2022-03-30T18:59:34","modified_gmt":"2022-03-30T17:59:34","slug":"redynamisation-du-conseil-daffaires-algero-tunisien-la-capc-et-lutica-renforcent-leurs-liens","status":"publish","type":"post","link":"https:\/\/lasentinelle.dz\/index.php\/2022\/03\/31\/redynamisation-du-conseil-daffaires-algero-tunisien-la-capc-et-lutica-renforcent-leurs-liens\/","title":{"rendered":"Redynamisation du Conseil d\u2019affaires\u00a0alg\u00e9ro-tunisien\u00a0:\u00a0La CAPC et l\u2019UTICA renforcent leurs liens"},"content":{"rendered":"\n<p>Un M\u00e9morandum d\u2019entente a \u00e9t\u00e9&nbsp;sign\u00e9&nbsp;hier par le pr\u00e9sident de la Conf\u00e9d\u00e9ration&nbsp;alg\u00e9rienne du&nbsp;patronat&nbsp;citoyenMohamed Sami Agli&nbsp;&nbsp;et le pr\u00e9sident&nbsp;&nbsp;de l\u2019Union&nbsp;tunisienne de l\u2019industrie,&nbsp;du&nbsp;commerce et de l\u2019artisanat, Samir Majoul. La convention porte sur la relance et la redynamisation du Conseil d\u2019affaires&nbsp;alg\u00e9ro-tunisien. En faisant cause commune, la CAPC et l\u2019UTICA \u0153uvreront \u00e0 la consolidation et au renforcement de la coop\u00e9ration \u00e9conomique entre l\u2019Alg\u00e9rie et la Tunisie, en plus de tirer davantage profit des opportunit\u00e9s que regorgent march\u00e9s des deux march\u00e9s. Dans un communiqu\u00e9 sign\u00e9 commun\u00e9ment, la CAPC et l\u2019UTICA, soulignent que \u00abla redynamisation du Conseil d\u2019affaires&nbsp;alg\u00e9ro-tunisien, qui vient consolider la volont\u00e9 politique des deux pays \u00e0 construire un partenariat strat\u00e9gique, a pour objectif de mobiliser les entreprises des deux pays pour fonder de nouveaux partenariats et de favoriser ainsi la promotion des relations \u00e9conomiques, commerciales et industrielles, entre l\u2019Alg\u00e9rie et la Tunisie \u00bb. La m\u00eame source ajoute que \u00abla Conf\u00e9d\u00e9ration&nbsp;alg\u00e9rienne du&nbsp;patronat&nbsp;citoyen et de l\u2019Union tunisienne de l\u2019industrie, du&nbsp;commerce et de l\u2019artisanat s\u2019engagent \u00e0 promouvoir un partenariat de long-terme entre les communaut\u00e9s d\u2019affaire alg\u00e9riennes et tunisiennes, favoriser leur rapprochement, mettre \u00e0 leur disposition toute information privil\u00e9giant la conclusion de partenariats&nbsp;&nbsp;bas\u00e9 sur le principe \u00ab gagnant-gagnant\u00bb, en plus du renforcement du partenariat industriel bas\u00e9 sur le principe et la croissance des \u00e9changes commerciaux entre l\u2019Alg\u00e9rie et Tunisie. Les deux parties, repr\u00e9sent\u00e9es respectivement par le pr\u00e9sident de la CAPC, Mohamed Sami Agli, et Samir Majoul, pr\u00e9sident de l\u2019UTICA, ont \u00e9t\u00e9 re\u00e7us par la Cheffe du Gouvernement&nbsp;tunisien, Najla Bouden Ramdane. Le document commun rel\u00e8ve que \u00abcette rencontre confirme l\u2019excellence des relations entre les deux pays fr\u00e8res r\u00e9solument engag\u00e9s dans la construction d\u2019un partenariat strat\u00e9gique\u00bb, ajoutant que \u00abla CAPC et l\u2019UTICA sont fi\u00e8res d\u2019apporter leur contribution pour atteindre cet objectif port\u00e9 par les plus Hautes&nbsp;autorit\u00e9s&nbsp;alg\u00e9riennes et&nbsp;tunisiennes et s\u2019engagent r\u00e9solument \u00e0 poursuivre avec pers\u00e9v\u00e9rance et responsabilit\u00e9 leurs actions pour le d\u00e9veloppement \u00e9conomique des deux pays\u00bb. La redynamisation du Conseil d\u2019affaires alg\u00e9ro-tunisien&nbsp;lui permettra de s\u2019atteler&nbsp;\u00e0 l&rsquo;avenir \u00e0&nbsp;&nbsp;la mobilisation des entreprises des deux pays aux fins de fonder de nouveaux partenariats et cr\u00e9er des liens solides et p\u00e9rennes avantageant l\u2019int\u00e9gration des \u00e9conomies des deux pays.&nbsp;&nbsp;La Cheffe du Gouvernement&nbsp;tunisien&nbsp;a manifest\u00e9 son soutien \u00e0 cette initiative ouverte aux op\u00e9rateurs des deux pays. Pour la CAPC,&nbsp;\u00ab&nbsp;cette nouvelle alliance s\u2019inscrit dans la cadre des missions de l\u2019organisation et de sa volont\u00e9 \u00e0 consolider et d\u00e9velopper des relations de partenariat \u00e0 l\u2019international et de favoriser l\u2019int\u00e9gration r\u00e9ussie de nos entreprises au march\u00e9 mondial.&nbsp;\u00bb&nbsp;La CAPC&nbsp;s\u2019att\u00e8le ainsi \u00e0 poursuivre avec pers\u00e9v\u00e9rance et responsabilit\u00e9 ses actions visant \u00e0 tisser des liens solides et p\u00e9rennes avec des institutions et organisations internationales similaires et des partenaires \u00e9conomiques porteurs d&rsquo;opportunit\u00e9s pour le d\u00e9veloppement de notre \u00e9conomie et des entreprises aupr\u00e8s de partenaires \u00e9trangers.<\/p>\n\n\n\n<p><strong>Salim A.<\/strong><\/p>\n","protected":false},"excerpt":{"rendered":"<p>Un M\u00e9morandum d\u2019entente a \u00e9t\u00e9&nbsp;sign\u00e9&nbsp;hier par le pr\u00e9sident de la Conf\u00e9d\u00e9ration&nbsp;alg\u00e9rienne du&nbsp;patronat&nbsp;citoyenMohamed Sami Agli&nbsp;&nbsp;et le pr\u00e9sident&nbsp;&nbsp;de l\u2019Union&nbsp;tunisienne de l\u2019industrie,&nbsp;du&nbsp;commerce et<\/p>\n","protected":false},"author":3,"featured_media":19187,"comment_status":"open","ping_status":"closed","sticky":false,"template":"","format":"standard","meta":{"colormag_page_container_layout":"default_layout","colormag_page_sidebar_layout":"default_layout","om_disable_all_campaigns":false,"_monsterinsights_skip_tracking":false,"_monsterinsights_sitenote_active":false,"_monsterinsights_sitenote_note":"","_monsterinsights_sitenote_category":0,"footnotes":"","_wpscppro_dont_share_socialmedia":false,"_wpscppro_custom_social_share_image":0,"_facebook_share_type":"","_twitter_share_type":"","_linkedin_share_type":"","_pinterest_share_type":"","_linkedin_share_type_page":"","_instagram_share_type":"","_medium_share_type":"","_threads_share_type":"","_google_business_share_type":"","_selected_social_profile":[],"_wpsp_enable_custom_social_template":false,"_wpsp_social_scheduling":{"enabled":false,"datetime":null,"platforms":[],"status":"template_only","dateOption":"today","timeOption":"now","customDays":"","customHours":"","customDate":"","customTime":"","schedulingType":"absolute"},"_wpsp_active_default_template":true},"categories":[27],"tags":[],"class_list":["post-19179","post","type-post","status-publish","format-standard","has-post-thumbnail","hentry","category-actualite"],"aioseo_notices":[],"yoast_head":"<!-- This site is optimized with the Yoast SEO plugin v27.4 - https:\/\/yoast.com\/product\/yoast-seo-wordpress\/ -->\n<title>Redynamisation du Conseil d\u2019affaires\u00a0alg\u00e9ro-tunisien\u00a0:\u00a0La CAPC et l\u2019UTICA renforcent leurs liens - La Sentinelle<\/title>\n<meta name=\"robots\" content=\"index, follow, max-snippet:-1, max-image-preview:large, max-video-preview:-1\" \/>\n<link rel=\"canonical\" href=\"https:\/\/lasentinelle.dz\/index.php\/2022\/03\/31\/redynamisation-du-conseil-daffaires-algero-tunisien-la-capc-et-lutica-renforcent-leurs-liens\/\" \/>\n<meta property=\"og:locale\" content=\"fr_FR\" \/>\n<meta property=\"og:type\" content=\"article\" \/>\n<meta property=\"og:title\" content=\"Redynamisation du Conseil d\u2019affaires\u00a0alg\u00e9ro-tunisien\u00a0:\u00a0La CAPC et l\u2019UTICA renforcent leurs liens - La Sentinelle\" \/>\n<meta property=\"og:description\" content=\"Un M\u00e9morandum d\u2019entente a \u00e9t\u00e9&nbsp;sign\u00e9&nbsp;hier par le pr\u00e9sident de la Conf\u00e9d\u00e9ration&nbsp;alg\u00e9rienne du&nbsp;patronat&nbsp;citoyenMohamed Sami Agli&nbsp;&nbsp;et le pr\u00e9sident&nbsp;&nbsp;de l\u2019Union&nbsp;tunisienne de l\u2019industrie,&nbsp;du&nbsp;commerce et\" \/>\n<meta property=\"og:url\" content=\"https:\/\/lasentinelle.dz\/index.php\/2022\/03\/31\/redynamisation-du-conseil-daffaires-algero-tunisien-la-capc-et-lutica-renforcent-leurs-liens\/\" \/>\n<meta property=\"og:site_name\" content=\"La Sentinelle\" \/>\n<meta property=\"article:publisher\" content=\"https:\/\/www.facebook.com\/La-Sentinelle-104059864394773\" \/>\n<meta property=\"article:published_time\" content=\"2022-03-30T23:01:00+00:00\" \/>\n<meta property=\"og:image\" content=\"https:\/\/lasentinelle.dz\/wp-content\/uploads\/2022\/03\/Unknown-1.png\" \/>\n\t<meta property=\"og:image:width\" content=\"1387\" \/>\n\t<meta property=\"og:image:height\" content=\"900\" \/>\n\t<meta property=\"og:image:type\" content=\"image\/png\" \/>\n<meta name=\"author\" content=\"La Sentinelle\" \/>\n<meta name=\"twitter:card\" content=\"summary_large_image\" \/>\n<meta name=\"twitter:label1\" content=\"\u00c9crit par\" \/>\n\t<meta name=\"twitter:data1\" content=\"La Sentinelle\" \/>\n\t<meta name=\"twitter:label2\" content=\"Dur\u00e9e de lecture estim\u00e9e\" \/>\n\t<meta name=\"twitter:data2\" content=\"3 minutes\" \/>\n<script type=\"application\/ld+json\" class=\"yoast-schema-graph\">{\"@context\":\"https:\\\/\\\/schema.org\",\"@graph\":[{\"@type\":\"Article\",\"@id\":\"https:\\\/\\\/lasentinelle.dz\\\/index.php\\\/2022\\\/03\\\/31\\\/redynamisation-du-conseil-daffaires-algero-tunisien-la-capc-et-lutica-renforcent-leurs-liens\\\/#article\",\"isPartOf\":{\"@id\":\"https:\\\/\\\/lasentinelle.dz\\\/index.php\\\/2022\\\/03\\\/31\\\/redynamisation-du-conseil-daffaires-algero-tunisien-la-capc-et-lutica-renforcent-leurs-liens\\\/\"},\"author\":{\"name\":\"La Sentinelle\",\"@id\":\"https:\\\/\\\/lasentinelle.dz\\\/#\\\/schema\\\/person\\\/d865044e22e70a75174ce8bcad3acfb3\"},\"headline\":\"Redynamisation du Conseil d\u2019affaires\u00a0alg\u00e9ro-tunisien\u00a0:\u00a0La CAPC et l\u2019UTICA renforcent leurs liens\",\"datePublished\":\"2022-03-30T23:01:00+00:00\",\"mainEntityOfPage\":{\"@id\":\"https:\\\/\\\/lasentinelle.dz\\\/index.php\\\/2022\\\/03\\\/31\\\/redynamisation-du-conseil-daffaires-algero-tunisien-la-capc-et-lutica-renforcent-leurs-liens\\\/\"},\"wordCount\":596,\"commentCount\":0,\"publisher\":{\"@id\":\"https:\\\/\\\/lasentinelle.dz\\\/#organization\"},\"image\":{\"@id\":\"https:\\\/\\\/lasentinelle.dz\\\/index.php\\\/2022\\\/03\\\/31\\\/redynamisation-du-conseil-daffaires-algero-tunisien-la-capc-et-lutica-renforcent-leurs-liens\\\/#primaryimage\"},\"thumbnailUrl\":\"https:\\\/\\\/lasentinelle.dz\\\/wp-content\\\/uploads\\\/2022\\\/03\\\/Unknown-1.png\",\"articleSection\":[\"Actualit\u00e9\"],\"inLanguage\":\"fr-FR\",\"potentialAction\":[{\"@type\":\"CommentAction\",\"name\":\"Comment\",\"target\":[\"https:\\\/\\\/lasentinelle.dz\\\/index.php\\\/2022\\\/03\\\/31\\\/redynamisation-du-conseil-daffaires-algero-tunisien-la-capc-et-lutica-renforcent-leurs-liens\\\/#respond\"]}]},{\"@type\":\"WebPage\",\"@id\":\"https:\\\/\\\/lasentinelle.dz\\\/index.php\\\/2022\\\/03\\\/31\\\/redynamisation-du-conseil-daffaires-algero-tunisien-la-capc-et-lutica-renforcent-leurs-liens\\\/\",\"url\":\"https:\\\/\\\/lasentinelle.dz\\\/index.php\\\/2022\\\/03\\\/31\\\/redynamisation-du-conseil-daffaires-algero-tunisien-la-capc-et-lutica-renforcent-leurs-liens\\\/\",\"name\":\"Redynamisation du Conseil d\u2019affaires\u00a0alg\u00e9ro-tunisien\u00a0:\u00a0La CAPC et l\u2019UTICA renforcent leurs liens - La Sentinelle\",\"isPartOf\":{\"@id\":\"https:\\\/\\\/lasentinelle.dz\\\/#website\"},\"primaryImageOfPage\":{\"@id\":\"https:\\\/\\\/lasentinelle.dz\\\/index.php\\\/2022\\\/03\\\/31\\\/redynamisation-du-conseil-daffaires-algero-tunisien-la-capc-et-lutica-renforcent-leurs-liens\\\/#primaryimage\"},\"image\":{\"@id\":\"https:\\\/\\\/lasentinelle.dz\\\/index.php\\\/2022\\\/03\\\/31\\\/redynamisation-du-conseil-daffaires-algero-tunisien-la-capc-et-lutica-renforcent-leurs-liens\\\/#primaryimage\"},\"thumbnailUrl\":\"https:\\\/\\\/lasentinelle.dz\\\/wp-content\\\/uploads\\\/2022\\\/03\\\/Unknown-1.png\",\"datePublished\":\"2022-03-30T23:01:00+00:00\",\"breadcrumb\":{\"@id\":\"https:\\\/\\\/lasentinelle.dz\\\/index.php\\\/2022\\\/03\\\/31\\\/redynamisation-du-conseil-daffaires-algero-tunisien-la-capc-et-lutica-renforcent-leurs-liens\\\/#breadcrumb\"},\"inLanguage\":\"fr-FR\",\"potentialAction\":[{\"@type\":\"ReadAction\",\"target\":[\"https:\\\/\\\/lasentinelle.dz\\\/index.php\\\/2022\\\/03\\\/31\\\/redynamisation-du-conseil-daffaires-algero-tunisien-la-capc-et-lutica-renforcent-leurs-liens\\\/\"]}]},{\"@type\":\"ImageObject\",\"inLanguage\":\"fr-FR\",\"@id\":\"https:\\\/\\\/lasentinelle.dz\\\/index.php\\\/2022\\\/03\\\/31\\\/redynamisation-du-conseil-daffaires-algero-tunisien-la-capc-et-lutica-renforcent-leurs-liens\\\/#primaryimage\",\"url\":\"https:\\\/\\\/lasentinelle.dz\\\/wp-content\\\/uploads\\\/2022\\\/03\\\/Unknown-1.png\",\"contentUrl\":\"https:\\\/\\\/lasentinelle.dz\\\/wp-content\\\/uploads\\\/2022\\\/03\\\/Unknown-1.png\",\"width\":1387,\"height\":900},{\"@type\":\"BreadcrumbList\",\"@id\":\"https:\\\/\\\/lasentinelle.dz\\\/index.php\\\/2022\\\/03\\\/31\\\/redynamisation-du-conseil-daffaires-algero-tunisien-la-capc-et-lutica-renforcent-leurs-liens\\\/#breadcrumb\",\"itemListElement\":[{\"@type\":\"ListItem\",\"position\":1,\"name\":\"Accueil\",\"item\":\"https:\\\/\\\/lasentinelle.dz\\\/\"},{\"@type\":\"ListItem\",\"position\":2,\"name\":\"Redynamisation du Conseil d\u2019affaires\u00a0alg\u00e9ro-tunisien\u00a0:\u00a0La CAPC et l\u2019UTICA renforcent leurs liens\"}]},{\"@type\":\"WebSite\",\"@id\":\"https:\\\/\\\/lasentinelle.dz\\\/#website\",\"url\":\"https:\\\/\\\/lasentinelle.dz\\\/\",\"name\":\"La Sentinelle\",\"description\":\"Quotidien national d&#039;information\",\"publisher\":{\"@id\":\"https:\\\/\\\/lasentinelle.dz\\\/#organization\"},\"potentialAction\":[{\"@type\":\"SearchAction\",\"target\":{\"@type\":\"EntryPoint\",\"urlTemplate\":\"https:\\\/\\\/lasentinelle.dz\\\/?s={search_term_string}\"},\"query-input\":{\"@type\":\"PropertyValueSpecification\",\"valueRequired\":true,\"valueName\":\"search_term_string\"}}],\"inLanguage\":\"fr-FR\"},{\"@type\":\"Organization\",\"@id\":\"https:\\\/\\\/lasentinelle.dz\\\/#organization\",\"name\":\"Quotidien La Sentinelle\",\"url\":\"https:\\\/\\\/lasentinelle.dz\\\/\",\"logo\":{\"@type\":\"ImageObject\",\"inLanguage\":\"fr-FR\",\"@id\":\"https:\\\/\\\/lasentinelle.dz\\\/#\\\/schema\\\/logo\\\/image\\\/\",\"url\":\"https:\\\/\\\/lasentinelle.dz\\\/wp-content\\\/uploads\\\/2021\\\/09\\\/logo-sentinelleSLOGAN-1.png\",\"contentUrl\":\"https:\\\/\\\/lasentinelle.dz\\\/wp-content\\\/uploads\\\/2021\\\/09\\\/logo-sentinelleSLOGAN-1.png\",\"width\":615,\"height\":142,\"caption\":\"Quotidien La Sentinelle\"},\"image\":{\"@id\":\"https:\\\/\\\/lasentinelle.dz\\\/#\\\/schema\\\/logo\\\/image\\\/\"},\"sameAs\":[\"https:\\\/\\\/www.facebook.com\\\/La-Sentinelle-104059864394773\"]},{\"@type\":\"Person\",\"@id\":\"https:\\\/\\\/lasentinelle.dz\\\/#\\\/schema\\\/person\\\/d865044e22e70a75174ce8bcad3acfb3\",\"name\":\"La Sentinelle\",\"image\":{\"@type\":\"ImageObject\",\"inLanguage\":\"fr-FR\",\"@id\":\"https:\\\/\\\/secure.gravatar.com\\\/avatar\\\/57de8e5d4b15d43fb361a71fbb36338450fe67865b528a43dd10ef7c51a20392?s=96&d=mm&r=g\",\"url\":\"https:\\\/\\\/secure.gravatar.com\\\/avatar\\\/57de8e5d4b15d43fb361a71fbb36338450fe67865b528a43dd10ef7c51a20392?s=96&d=mm&r=g\",\"contentUrl\":\"https:\\\/\\\/secure.gravatar.com\\\/avatar\\\/57de8e5d4b15d43fb361a71fbb36338450fe67865b528a43dd10ef7c51a20392?s=96&d=mm&r=g\",\"caption\":\"La Sentinelle\"},\"sameAs\":[\"http:\\\/\\\/www.lasentinelle.dz\"],\"url\":\"https:\\\/\\\/lasentinelle.dz\\\/author\\\/redaction\\\/\"}]}<\/script>\n<!-- \/ Yoast SEO plugin. -->","yoast_head_json":{"title":"Redynamisation du Conseil d\u2019affaires\u00a0alg\u00e9ro-tunisien\u00a0:\u00a0La CAPC et l\u2019UTICA renforcent leurs liens - La Sentinelle","robots":{"index":"index","follow":"follow","max-snippet":"max-snippet:-1","max-image-preview":"max-image-preview:large","max-video-preview":"max-video-preview:-1"},"canonical":"https:\/\/lasentinelle.dz\/index.php\/2022\/03\/31\/redynamisation-du-conseil-daffaires-algero-tunisien-la-capc-et-lutica-renforcent-leurs-liens\/","og_locale":"fr_FR","og_type":"article","og_title":"Redynamisation du Conseil d\u2019affaires\u00a0alg\u00e9ro-tunisien\u00a0:\u00a0La CAPC et l\u2019UTICA renforcent leurs liens - La Sentinelle","og_description":"Un M\u00e9morandum d\u2019entente a \u00e9t\u00e9&nbsp;sign\u00e9&nbsp;hier par le pr\u00e9sident de la Conf\u00e9d\u00e9ration&nbsp;alg\u00e9rienne du&nbsp;patronat&nbsp;citoyenMohamed Sami Agli&nbsp;&nbsp;et le pr\u00e9sident&nbsp;&nbsp;de l\u2019Union&nbsp;tunisienne de l\u2019industrie,&nbsp;du&nbsp;commerce et","og_url":"https:\/\/lasentinelle.dz\/index.php\/2022\/03\/31\/redynamisation-du-conseil-daffaires-algero-tunisien-la-capc-et-lutica-renforcent-leurs-liens\/","og_site_name":"La Sentinelle","article_publisher":"https:\/\/www.facebook.com\/La-Sentinelle-104059864394773","article_published_time":"2022-03-30T23:01:00+00:00","og_image":[{"width":1387,"height":900,"url":"https:\/\/lasentinelle.dz\/wp-content\/uploads\/2022\/03\/Unknown-1.png","type":"image\/png"}],"author":"La Sentinelle","twitter_card":"summary_large_image","twitter_misc":{"\u00c9crit par":"La Sentinelle","Dur\u00e9e de lecture estim\u00e9e":"3 minutes"},"schema":{"@context":"https:\/\/schema.org","@graph":[{"@type":"Article","@id":"https:\/\/lasentinelle.dz\/index.php\/2022\/03\/31\/redynamisation-du-conseil-daffaires-algero-tunisien-la-capc-et-lutica-renforcent-leurs-liens\/#article","isPartOf":{"@id":"https:\/\/lasentinelle.dz\/index.php\/2022\/03\/31\/redynamisation-du-conseil-daffaires-algero-tunisien-la-capc-et-lutica-renforcent-leurs-liens\/"},"author":{"name":"La Sentinelle","@id":"https:\/\/lasentinelle.dz\/#\/schema\/person\/d865044e22e70a75174ce8bcad3acfb3"},"headline":"Redynamisation du Conseil d\u2019affaires\u00a0alg\u00e9ro-tunisien\u00a0:\u00a0La CAPC et l\u2019UTICA renforcent leurs liens","datePublished":"2022-03-30T23:01:00+00:00","mainEntityOfPage":{"@id":"https:\/\/lasentinelle.dz\/index.php\/2022\/03\/31\/redynamisation-du-conseil-daffaires-algero-tunisien-la-capc-et-lutica-renforcent-leurs-liens\/"},"wordCount":596,"commentCount":0,"publisher":{"@id":"https:\/\/lasentinelle.dz\/#organization"},"image":{"@id":"https:\/\/lasentinelle.dz\/index.php\/2022\/03\/31\/redynamisation-du-conseil-daffaires-algero-tunisien-la-capc-et-lutica-renforcent-leurs-liens\/#primaryimage"},"thumbnailUrl":"https:\/\/lasentinelle.dz\/wp-content\/uploads\/2022\/03\/Unknown-1.png","articleSection":["Actualit\u00e9"],"inLanguage":"fr-FR","potentialAction":[{"@type":"CommentAction","name":"Comment","target":["https:\/\/lasentinelle.dz\/index.php\/2022\/03\/31\/redynamisation-du-conseil-daffaires-algero-tunisien-la-capc-et-lutica-renforcent-leurs-liens\/#respond"]}]},{"@type":"WebPage","@id":"https:\/\/lasentinelle.dz\/index.php\/2022\/03\/31\/redynamisation-du-conseil-daffaires-algero-tunisien-la-capc-et-lutica-renforcent-leurs-liens\/","url":"https:\/\/lasentinelle.dz\/index.php\/2022\/03\/31\/redynamisation-du-conseil-daffaires-algero-tunisien-la-capc-et-lutica-renforcent-leurs-liens\/","name":"Redynamisation du Conseil d\u2019affaires\u00a0alg\u00e9ro-tunisien\u00a0:\u00a0La CAPC et l\u2019UTICA renforcent leurs liens - La Sentinelle","isPartOf":{"@id":"https:\/\/lasentinelle.dz\/#website"},"primaryImageOfPage":{"@id":"https:\/\/lasentinelle.dz\/index.php\/2022\/03\/31\/redynamisation-du-conseil-daffaires-algero-tunisien-la-capc-et-lutica-renforcent-leurs-liens\/#primaryimage"},"image":{"@id":"https:\/\/lasentinelle.dz\/index.php\/2022\/03\/31\/redynamisation-du-conseil-daffaires-algero-tunisien-la-capc-et-lutica-renforcent-leurs-liens\/#primaryimage"},"thumbnailUrl":"https:\/\/lasentinelle.dz\/wp-content\/uploads\/2022\/03\/Unknown-1.png","datePublished":"2022-03-30T23:01:00+00:00","breadcrumb":{"@id":"https:\/\/lasentinelle.dz\/index.php\/2022\/03\/31\/redynamisation-du-conseil-daffaires-algero-tunisien-la-capc-et-lutica-renforcent-leurs-liens\/#breadcrumb"},"inLanguage":"fr-FR","potentialAction":[{"@type":"ReadAction","target":["https:\/\/lasentinelle.dz\/index.php\/2022\/03\/31\/redynamisation-du-conseil-daffaires-algero-tunisien-la-capc-et-lutica-renforcent-leurs-liens\/"]}]},{"@type":"ImageObject","inLanguage":"fr-FR","@id":"https:\/\/lasentinelle.dz\/index.php\/2022\/03\/31\/redynamisation-du-conseil-daffaires-algero-tunisien-la-capc-et-lutica-renforcent-leurs-liens\/#primaryimage","url":"https:\/\/lasentinelle.dz\/wp-content\/uploads\/2022\/03\/Unknown-1.png","contentUrl":"https:\/\/lasentinelle.dz\/wp-content\/uploads\/2022\/03\/Unknown-1.png","width":1387,"height":900},{"@type":"BreadcrumbList","@id":"https:\/\/lasentinelle.dz\/index.php\/2022\/03\/31\/redynamisation-du-conseil-daffaires-algero-tunisien-la-capc-et-lutica-renforcent-leurs-liens\/#breadcrumb","itemListElement":[{"@type":"ListItem","position":1,"name":"Accueil","item":"https:\/\/lasentinelle.dz\/"},{"@type":"ListItem","position":2,"name":"Redynamisation du Conseil d\u2019affaires\u00a0alg\u00e9ro-tunisien\u00a0:\u00a0La CAPC et l\u2019UTICA renforcent leurs liens"}]},{"@type":"WebSite","@id":"https:\/\/lasentinelle.dz\/#website","url":"https:\/\/lasentinelle.dz\/","name":"La Sentinelle","description":"Quotidien national d&#039;information","publisher":{"@id":"https:\/\/lasentinelle.dz\/#organization"},"potentialAction":[{"@type":"SearchAction","target":{"@type":"EntryPoint","urlTemplate":"https:\/\/lasentinelle.dz\/?s={search_term_string}"},"query-input":{"@type":"PropertyValueSpecification","valueRequired":true,"valueName":"search_term_string"}}],"inLanguage":"fr-FR"},{"@type":"Organization","@id":"https:\/\/lasentinelle.dz\/#organization","name":"Quotidien La Sentinelle","url":"https:\/\/lasentinelle.dz\/","logo":{"@type":"ImageObject","inLanguage":"fr-FR","@id":"https:\/\/lasentinelle.dz\/#\/schema\/logo\/image\/","url":"https:\/\/lasentinelle.dz\/wp-content\/uploads\/2021\/09\/logo-sentinelleSLOGAN-1.png","contentUrl":"https:\/\/lasentinelle.dz\/wp-content\/uploads\/2021\/09\/logo-sentinelleSLOGAN-1.png","width":615,"height":142,"caption":"Quotidien La Sentinelle"},"image":{"@id":"https:\/\/lasentinelle.dz\/#\/schema\/logo\/image\/"},"sameAs":["https:\/\/www.facebook.com\/La-Sentinelle-104059864394773"]},{"@type":"Person","@id":"https:\/\/lasentinelle.dz\/#\/schema\/person\/d865044e22e70a75174ce8bcad3acfb3","name":"La Sentinelle","image":{"@type":"ImageObject","inLanguage":"fr-FR","@id":"https:\/\/secure.gravatar.com\/avatar\/57de8e5d4b15d43fb361a71fbb36338450fe67865b528a43dd10ef7c51a20392?s=96&d=mm&r=g","url":"https:\/\/secure.gravatar.com\/avatar\/57de8e5d4b15d43fb361a71fbb36338450fe67865b528a43dd10ef7c51a20392?s=96&d=mm&r=g","contentUrl":"https:\/\/secure.gravatar.com\/avatar\/57de8e5d4b15d43fb361a71fbb36338450fe67865b528a43dd10ef7c51a20392?s=96&d=mm&r=g","caption":"La Sentinelle"},"sameAs":["http:\/\/www.lasentinelle.dz"],"url":"https:\/\/lasentinelle.dz\/author\/redaction\/"}]}},"_links":{"self":[{"href":"https:\/\/lasentinelle.dz\/index.php\/wp-json\/wp\/v2\/posts\/19179","targetHints":{"allow":["GET"]}}],"collection":[{"href":"https:\/\/lasentinelle.dz\/index.php\/wp-json\/wp\/v2\/posts"}],"about":[{"href":"https:\/\/lasentinelle.dz\/index.php\/wp-json\/wp\/v2\/types\/post"}],"author":[{"embeddable":true,"href":"https:\/\/lasentinelle.dz\/index.php\/wp-json\/wp\/v2\/users\/3"}],"replies":[{"embeddable":true,"href":"https:\/\/lasentinelle.dz\/index.php\/wp-json\/wp\/v2\/comments?post=19179"}],"version-history":[{"count":1,"href":"https:\/\/lasentinelle.dz\/index.php\/wp-json\/wp\/v2\/posts\/19179\/revisions"}],"predecessor-version":[{"id":19188,"href":"https:\/\/lasentinelle.dz\/index.php\/wp-json\/wp\/v2\/posts\/19179\/revisions\/19188"}],"wp:featuredmedia":[{"embeddable":true,"href":"https:\/\/lasentinelle.dz\/index.php\/wp-json\/wp\/v2\/media\/19187"}],"wp:attachment":[{"href":"https:\/\/lasentinelle.dz\/index.php\/wp-json\/wp\/v2\/media?parent=19179"}],"wp:term":[{"taxonomy":"category","embeddable":true,"href":"https:\/\/lasentinelle.dz\/index.php\/wp-json\/wp\/v2\/categories?post=19179"},{"taxonomy":"post_tag","embeddable":true,"href":"https:\/\/lasentinelle.dz\/index.php\/wp-json\/wp\/v2\/tags?post=19179"}],"curies":[{"name":"wp","href":"https:\/\/api.w.org\/{rel}","templated":true}]}}