{"id":19180,"date":"2022-03-31T00:01:00","date_gmt":"2022-03-30T23:01:00","guid":{"rendered":"https:\/\/lasentinelle.dz\/?p=19180"},"modified":"2022-03-30T18:59:00","modified_gmt":"2022-03-30T17:59:00","slug":"premiere-session-du-dialogue-strategique-algero-italien-plus-de-60-participants","status":"publish","type":"post","link":"https:\/\/lasentinelle.dz\/index.php\/2022\/03\/31\/premiere-session-du-dialogue-strategique-algero-italien-plus-de-60-participants\/","title":{"rendered":"Premi\u00e8re session du dialogue strat\u00e9gique alg\u00e9ro-italien\u00a0:\u00a0Plus de 60 participants\u00a0"},"content":{"rendered":"\n<p>Plus de 60 participants repr\u00e9sentant divers secteurs ont pris part aux travaux de la premi\u00e8re session du dialogue strat\u00e9gique alg\u00e9ro-italien. Cette rencontre a \u00e9t\u00e9 pr\u00e9sid\u00e9e conjointement par le&nbsp;Secr\u00e9taire g\u00e9n\u00e9ral du minist\u00e8re des Affaires \u00e9trang\u00e8res, Chakib Kaid, et son homologue Italien Ettore Sequi. Selon l&rsquo;agence italienne Nov,\u00able ministre italien des Affaires \u00e9trang\u00e8res, Luigi Di Maio, a particip\u00e9 \u00e0 la s\u00e9ance d&rsquo;ouverture du dialogue\u00bb. Et d\u2019ajouter que \u00able dialogue&nbsp;s\u2019est d\u00e9roul\u00e9&nbsp;en trois groupes de travail sur les dossiers de la coop\u00e9ration politique et de s\u00e9curit\u00e9, de la coop\u00e9ration \u00e9conomique et de la coop\u00e9ration sur les d\u00e9fis mondiaux et la protection des avantages communs dans la r\u00e9gion m\u00e9diterran\u00e9enne\u00bb. \u00abAu terme des travaux de dialogue, les secr\u00e9taires g\u00e9n\u00e9raux des&nbsp;minist\u00e8res des Affaires \u00e9trang\u00e8res des deux pays ont sign\u00e9 un document d\u00e9finissant les principaux domaines dans lesquels les administrations italienne et alg\u00e9rienne mettront en \u0153uvre des initiatives et des projets communs au cours de l&rsquo;ann\u00e9e 2022\u00bb, a ajout\u00e9 la m\u00eame source. Dans son discours&nbsp;pour l\u2019occasion Luigi di Maio&nbsp;a d\u00e9clar\u00e9 que l&rsquo;Italie \u00ab se r\u00e9jouit de conclure un partenariat strat\u00e9gique dans tous les domaines avec l&rsquo;Alg\u00e9rie, avec l&rsquo;intensification du dialogue politique entre les deux pays, renforcer la coop\u00e9ration \u00e9conomique et travailler ensemble pour la stabilit\u00e9 de la M\u00e9diterran\u00e9e\u00bb. Les travaux de la premi\u00e8re session du dialogue strat\u00e9gique alg\u00e9ro-italien ont \u00e9t\u00e9 pr\u00e9sid\u00e9s commun\u00e9ment par le secr\u00e9taire g\u00e9n\u00e9ral du minist\u00e8re des Affaires \u00e9trang\u00e8res, Chakib Kaid, et son homologue Italien Ettore Sequi.&nbsp;L\u2019Ambassade d&rsquo;Alg\u00e9rie en Italie a&nbsp;indiqu\u00e9 dans un communiqu\u00e9 que&nbsp;\u00able dialogue a touch\u00e9 tous les axes de la coop\u00e9ration bilat\u00e9rale\u00bb. La m\u00eame source a ajout\u00e9 que \u00abcette rencontre a \u00e9t\u00e9 conclue par l&rsquo;adoption d&rsquo;une d\u00e9claration commune sur les projets \u00e0 r\u00e9aliser \u00e0 l&rsquo;avenir\u00bb.&nbsp;De son c\u00f4t\u00e9, le minist\u00e8re d\u00e9l\u00e9gu\u00e9 aupr\u00e8s du Premier ministre charg\u00e9 des Micro-entreprises&nbsp;a annonc\u00e9 dans un communiqu\u00e9 avoir&nbsp;a pris part mardi \u00e0 Rome \u00e0 la premi\u00e8re r\u00e9union du dialogue strat\u00e9gique alg\u00e9ro-italien&nbsp;. La r\u00e9union a permis d\u2019\u00e9voquer avec la partie italienne \u00ables voies et moyens \u00e0 m\u00eame de relancer la coop\u00e9ration alg\u00e9ro-italienne dans le domaine des micro-entreprises et de l\u2019entrepreunariat, conform\u00e9ment \u00e0 la volont\u00e9 commune des deux pays, une volont\u00e9 affirm\u00e9e lors de nombreuses occasions bilat\u00e9rales\u00bb, ajoute la m\u00eame source. Et d\u2019ajouter&nbsp;que \u00ables deux parties ont convenu des \u00e9tapes pratiques, selon un calendrier fixe, pour&nbsp;&nbsp;mettre en \u0153uvre des diff\u00e9rents axes contenus dans le cadre g\u00e9n\u00e9ral de cette coop\u00e9ration qui vise \u00e0 accompagner les porteurs de projets et propri\u00e9taires de Micro-entreprises dans plusieurs domaines dans le cadre d\u2019un mod\u00e8le \u00e9conomique efficace et b\u00e9n\u00e9fique pour les \u00e9conomies des deux pays \u00bb. Le conseiller \u00e0 la coop\u00e9ration internationale aupr\u00e8s du ministre d\u00e9l\u00e9gu\u00e9, Zakaria Maghni a repr\u00e9sent\u00e9 le minist\u00e8re d\u00e9l\u00e9gu\u00e9 aux travaux de cette r\u00e9union, a conclu le communiqu\u00e9.<\/p>\n\n\n\n<p><strong>Amar Malki<\/strong><\/p>\n","protected":false},"excerpt":{"rendered":"<p>Plus de 60 participants repr\u00e9sentant divers secteurs ont pris part aux travaux de la premi\u00e8re session du dialogue strat\u00e9gique alg\u00e9ro-italien.<\/p>\n","protected":false},"author":3,"featured_media":19182,"comment_status":"open","ping_status":"closed","sticky":false,"template":"","format":"standard","meta":{"colormag_page_container_layout":"default_layout","colormag_page_sidebar_layout":"default_layout","om_disable_all_campaigns":false,"_monsterinsights_skip_tracking":false,"_monsterinsights_sitenote_active":false,"_monsterinsights_sitenote_note":"","_monsterinsights_sitenote_category":0,"footnotes":"","_wpscppro_dont_share_socialmedia":false,"_wpscppro_custom_social_share_image":0,"_facebook_share_type":"","_twitter_share_type":"","_linkedin_share_type":"","_pinterest_share_type":"","_linkedin_share_type_page":"","_instagram_share_type":"","_medium_share_type":"","_threads_share_type":"","_google_business_share_type":"","_selected_social_profile":[],"_wpsp_enable_custom_social_template":false,"_wpsp_social_scheduling":{"enabled":false,"datetime":null,"platforms":[],"status":"template_only","dateOption":"today","timeOption":"now","customDays":"","customHours":"","customDate":"","customTime":"","schedulingType":"absolute"},"_wpsp_active_default_template":true},"categories":[27],"tags":[],"class_list":["post-19180","post","type-post","status-publish","format-standard","has-post-thumbnail","hentry","category-actualite"],"aioseo_notices":[],"yoast_head":"<!-- This site is optimized with the Yoast SEO plugin v27.4 - https:\/\/yoast.com\/product\/yoast-seo-wordpress\/ -->\n<title>Premi\u00e8re session du dialogue strat\u00e9gique alg\u00e9ro-italien\u00a0:\u00a0Plus de 60 participants\u00a0 - La Sentinelle<\/title>\n<meta name=\"robots\" content=\"index, follow, max-snippet:-1, max-image-preview:large, max-video-preview:-1\" \/>\n<link rel=\"canonical\" href=\"https:\/\/lasentinelle.dz\/index.php\/2022\/03\/31\/premiere-session-du-dialogue-strategique-algero-italien-plus-de-60-participants\/\" \/>\n<meta property=\"og:locale\" content=\"fr_FR\" \/>\n<meta property=\"og:type\" content=\"article\" \/>\n<meta property=\"og:title\" content=\"Premi\u00e8re session du dialogue strat\u00e9gique alg\u00e9ro-italien\u00a0:\u00a0Plus de 60 participants\u00a0 - La Sentinelle\" \/>\n<meta property=\"og:description\" content=\"Plus de 60 participants repr\u00e9sentant divers secteurs ont pris part aux travaux de la premi\u00e8re session du dialogue strat\u00e9gique alg\u00e9ro-italien.\" \/>\n<meta property=\"og:url\" content=\"https:\/\/lasentinelle.dz\/index.php\/2022\/03\/31\/premiere-session-du-dialogue-strategique-algero-italien-plus-de-60-participants\/\" \/>\n<meta property=\"og:site_name\" content=\"La Sentinelle\" \/>\n<meta property=\"article:publisher\" content=\"https:\/\/www.facebook.com\/La-Sentinelle-104059864394773\" \/>\n<meta property=\"article:published_time\" content=\"2022-03-30T23:01:00+00:00\" \/>\n<meta property=\"og:image\" content=\"https:\/\/lasentinelle.dz\/wp-content\/uploads\/2022\/03\/Algero-Italien.png\" \/>\n\t<meta property=\"og:image:width\" content=\"1200\" \/>\n\t<meta property=\"og:image:height\" content=\"900\" \/>\n\t<meta property=\"og:image:type\" content=\"image\/png\" \/>\n<meta name=\"author\" content=\"La Sentinelle\" \/>\n<meta name=\"twitter:card\" content=\"summary_large_image\" \/>\n<meta name=\"twitter:label1\" content=\"\u00c9crit par\" \/>\n\t<meta name=\"twitter:data1\" content=\"La Sentinelle\" \/>\n\t<meta name=\"twitter:label2\" content=\"Dur\u00e9e de lecture estim\u00e9e\" \/>\n\t<meta name=\"twitter:data2\" content=\"3 minutes\" \/>\n<script type=\"application\/ld+json\" class=\"yoast-schema-graph\">{\"@context\":\"https:\\\/\\\/schema.org\",\"@graph\":[{\"@type\":\"Article\",\"@id\":\"https:\\\/\\\/lasentinelle.dz\\\/index.php\\\/2022\\\/03\\\/31\\\/premiere-session-du-dialogue-strategique-algero-italien-plus-de-60-participants\\\/#article\",\"isPartOf\":{\"@id\":\"https:\\\/\\\/lasentinelle.dz\\\/index.php\\\/2022\\\/03\\\/31\\\/premiere-session-du-dialogue-strategique-algero-italien-plus-de-60-participants\\\/\"},\"author\":{\"name\":\"La Sentinelle\",\"@id\":\"https:\\\/\\\/lasentinelle.dz\\\/#\\\/schema\\\/person\\\/d865044e22e70a75174ce8bcad3acfb3\"},\"headline\":\"Premi\u00e8re session du dialogue strat\u00e9gique alg\u00e9ro-italien\u00a0:\u00a0Plus de 60 participants\u00a0\",\"datePublished\":\"2022-03-30T23:01:00+00:00\",\"mainEntityOfPage\":{\"@id\":\"https:\\\/\\\/lasentinelle.dz\\\/index.php\\\/2022\\\/03\\\/31\\\/premiere-session-du-dialogue-strategique-algero-italien-plus-de-60-participants\\\/\"},\"wordCount\":574,\"commentCount\":0,\"publisher\":{\"@id\":\"https:\\\/\\\/lasentinelle.dz\\\/#organization\"},\"image\":{\"@id\":\"https:\\\/\\\/lasentinelle.dz\\\/index.php\\\/2022\\\/03\\\/31\\\/premiere-session-du-dialogue-strategique-algero-italien-plus-de-60-participants\\\/#primaryimage\"},\"thumbnailUrl\":\"https:\\\/\\\/lasentinelle.dz\\\/wp-content\\\/uploads\\\/2022\\\/03\\\/Algero-Italien.png\",\"articleSection\":[\"Actualit\u00e9\"],\"inLanguage\":\"fr-FR\",\"potentialAction\":[{\"@type\":\"CommentAction\",\"name\":\"Comment\",\"target\":[\"https:\\\/\\\/lasentinelle.dz\\\/index.php\\\/2022\\\/03\\\/31\\\/premiere-session-du-dialogue-strategique-algero-italien-plus-de-60-participants\\\/#respond\"]}]},{\"@type\":\"WebPage\",\"@id\":\"https:\\\/\\\/lasentinelle.dz\\\/index.php\\\/2022\\\/03\\\/31\\\/premiere-session-du-dialogue-strategique-algero-italien-plus-de-60-participants\\\/\",\"url\":\"https:\\\/\\\/lasentinelle.dz\\\/index.php\\\/2022\\\/03\\\/31\\\/premiere-session-du-dialogue-strategique-algero-italien-plus-de-60-participants\\\/\",\"name\":\"Premi\u00e8re session du dialogue strat\u00e9gique alg\u00e9ro-italien\u00a0:\u00a0Plus de 60 participants\u00a0 - La Sentinelle\",\"isPartOf\":{\"@id\":\"https:\\\/\\\/lasentinelle.dz\\\/#website\"},\"primaryImageOfPage\":{\"@id\":\"https:\\\/\\\/lasentinelle.dz\\\/index.php\\\/2022\\\/03\\\/31\\\/premiere-session-du-dialogue-strategique-algero-italien-plus-de-60-participants\\\/#primaryimage\"},\"image\":{\"@id\":\"https:\\\/\\\/lasentinelle.dz\\\/index.php\\\/2022\\\/03\\\/31\\\/premiere-session-du-dialogue-strategique-algero-italien-plus-de-60-participants\\\/#primaryimage\"},\"thumbnailUrl\":\"https:\\\/\\\/lasentinelle.dz\\\/wp-content\\\/uploads\\\/2022\\\/03\\\/Algero-Italien.png\",\"datePublished\":\"2022-03-30T23:01:00+00:00\",\"breadcrumb\":{\"@id\":\"https:\\\/\\\/lasentinelle.dz\\\/index.php\\\/2022\\\/03\\\/31\\\/premiere-session-du-dialogue-strategique-algero-italien-plus-de-60-participants\\\/#breadcrumb\"},\"inLanguage\":\"fr-FR\",\"potentialAction\":[{\"@type\":\"ReadAction\",\"target\":[\"https:\\\/\\\/lasentinelle.dz\\\/index.php\\\/2022\\\/03\\\/31\\\/premiere-session-du-dialogue-strategique-algero-italien-plus-de-60-participants\\\/\"]}]},{\"@type\":\"ImageObject\",\"inLanguage\":\"fr-FR\",\"@id\":\"https:\\\/\\\/lasentinelle.dz\\\/index.php\\\/2022\\\/03\\\/31\\\/premiere-session-du-dialogue-strategique-algero-italien-plus-de-60-participants\\\/#primaryimage\",\"url\":\"https:\\\/\\\/lasentinelle.dz\\\/wp-content\\\/uploads\\\/2022\\\/03\\\/Algero-Italien.png\",\"contentUrl\":\"https:\\\/\\\/lasentinelle.dz\\\/wp-content\\\/uploads\\\/2022\\\/03\\\/Algero-Italien.png\",\"width\":1200,\"height\":900},{\"@type\":\"BreadcrumbList\",\"@id\":\"https:\\\/\\\/lasentinelle.dz\\\/index.php\\\/2022\\\/03\\\/31\\\/premiere-session-du-dialogue-strategique-algero-italien-plus-de-60-participants\\\/#breadcrumb\",\"itemListElement\":[{\"@type\":\"ListItem\",\"position\":1,\"name\":\"Accueil\",\"item\":\"https:\\\/\\\/lasentinelle.dz\\\/\"},{\"@type\":\"ListItem\",\"position\":2,\"name\":\"Premi\u00e8re session du dialogue strat\u00e9gique alg\u00e9ro-italien\u00a0:\u00a0Plus de 60 participants\u00a0\"}]},{\"@type\":\"WebSite\",\"@id\":\"https:\\\/\\\/lasentinelle.dz\\\/#website\",\"url\":\"https:\\\/\\\/lasentinelle.dz\\\/\",\"name\":\"La Sentinelle\",\"description\":\"Quotidien national d&#039;information\",\"publisher\":{\"@id\":\"https:\\\/\\\/lasentinelle.dz\\\/#organization\"},\"potentialAction\":[{\"@type\":\"SearchAction\",\"target\":{\"@type\":\"EntryPoint\",\"urlTemplate\":\"https:\\\/\\\/lasentinelle.dz\\\/?s={search_term_string}\"},\"query-input\":{\"@type\":\"PropertyValueSpecification\",\"valueRequired\":true,\"valueName\":\"search_term_string\"}}],\"inLanguage\":\"fr-FR\"},{\"@type\":\"Organization\",\"@id\":\"https:\\\/\\\/lasentinelle.dz\\\/#organization\",\"name\":\"Quotidien La Sentinelle\",\"url\":\"https:\\\/\\\/lasentinelle.dz\\\/\",\"logo\":{\"@type\":\"ImageObject\",\"inLanguage\":\"fr-FR\",\"@id\":\"https:\\\/\\\/lasentinelle.dz\\\/#\\\/schema\\\/logo\\\/image\\\/\",\"url\":\"https:\\\/\\\/lasentinelle.dz\\\/wp-content\\\/uploads\\\/2021\\\/09\\\/logo-sentinelleSLOGAN-1.png\",\"contentUrl\":\"https:\\\/\\\/lasentinelle.dz\\\/wp-content\\\/uploads\\\/2021\\\/09\\\/logo-sentinelleSLOGAN-1.png\",\"width\":615,\"height\":142,\"caption\":\"Quotidien La Sentinelle\"},\"image\":{\"@id\":\"https:\\\/\\\/lasentinelle.dz\\\/#\\\/schema\\\/logo\\\/image\\\/\"},\"sameAs\":[\"https:\\\/\\\/www.facebook.com\\\/La-Sentinelle-104059864394773\"]},{\"@type\":\"Person\",\"@id\":\"https:\\\/\\\/lasentinelle.dz\\\/#\\\/schema\\\/person\\\/d865044e22e70a75174ce8bcad3acfb3\",\"name\":\"La Sentinelle\",\"image\":{\"@type\":\"ImageObject\",\"inLanguage\":\"fr-FR\",\"@id\":\"https:\\\/\\\/secure.gravatar.com\\\/avatar\\\/57de8e5d4b15d43fb361a71fbb36338450fe67865b528a43dd10ef7c51a20392?s=96&d=mm&r=g\",\"url\":\"https:\\\/\\\/secure.gravatar.com\\\/avatar\\\/57de8e5d4b15d43fb361a71fbb36338450fe67865b528a43dd10ef7c51a20392?s=96&d=mm&r=g\",\"contentUrl\":\"https:\\\/\\\/secure.gravatar.com\\\/avatar\\\/57de8e5d4b15d43fb361a71fbb36338450fe67865b528a43dd10ef7c51a20392?s=96&d=mm&r=g\",\"caption\":\"La Sentinelle\"},\"sameAs\":[\"http:\\\/\\\/www.lasentinelle.dz\"],\"url\":\"https:\\\/\\\/lasentinelle.dz\\\/author\\\/redaction\\\/\"}]}<\/script>\n<!-- \/ Yoast SEO plugin. -->","yoast_head_json":{"title":"Premi\u00e8re session du dialogue strat\u00e9gique alg\u00e9ro-italien\u00a0:\u00a0Plus de 60 participants\u00a0 - La Sentinelle","robots":{"index":"index","follow":"follow","max-snippet":"max-snippet:-1","max-image-preview":"max-image-preview:large","max-video-preview":"max-video-preview:-1"},"canonical":"https:\/\/lasentinelle.dz\/index.php\/2022\/03\/31\/premiere-session-du-dialogue-strategique-algero-italien-plus-de-60-participants\/","og_locale":"fr_FR","og_type":"article","og_title":"Premi\u00e8re session du dialogue strat\u00e9gique alg\u00e9ro-italien\u00a0:\u00a0Plus de 60 participants\u00a0 - La Sentinelle","og_description":"Plus de 60 participants repr\u00e9sentant divers secteurs ont pris part aux travaux de la premi\u00e8re session du dialogue strat\u00e9gique alg\u00e9ro-italien.","og_url":"https:\/\/lasentinelle.dz\/index.php\/2022\/03\/31\/premiere-session-du-dialogue-strategique-algero-italien-plus-de-60-participants\/","og_site_name":"La Sentinelle","article_publisher":"https:\/\/www.facebook.com\/La-Sentinelle-104059864394773","article_published_time":"2022-03-30T23:01:00+00:00","og_image":[{"width":1200,"height":900,"url":"https:\/\/lasentinelle.dz\/wp-content\/uploads\/2022\/03\/Algero-Italien.png","type":"image\/png"}],"author":"La Sentinelle","twitter_card":"summary_large_image","twitter_misc":{"\u00c9crit par":"La Sentinelle","Dur\u00e9e de lecture estim\u00e9e":"3 minutes"},"schema":{"@context":"https:\/\/schema.org","@graph":[{"@type":"Article","@id":"https:\/\/lasentinelle.dz\/index.php\/2022\/03\/31\/premiere-session-du-dialogue-strategique-algero-italien-plus-de-60-participants\/#article","isPartOf":{"@id":"https:\/\/lasentinelle.dz\/index.php\/2022\/03\/31\/premiere-session-du-dialogue-strategique-algero-italien-plus-de-60-participants\/"},"author":{"name":"La Sentinelle","@id":"https:\/\/lasentinelle.dz\/#\/schema\/person\/d865044e22e70a75174ce8bcad3acfb3"},"headline":"Premi\u00e8re session du dialogue strat\u00e9gique alg\u00e9ro-italien\u00a0:\u00a0Plus de 60 participants\u00a0","datePublished":"2022-03-30T23:01:00+00:00","mainEntityOfPage":{"@id":"https:\/\/lasentinelle.dz\/index.php\/2022\/03\/31\/premiere-session-du-dialogue-strategique-algero-italien-plus-de-60-participants\/"},"wordCount":574,"commentCount":0,"publisher":{"@id":"https:\/\/lasentinelle.dz\/#organization"},"image":{"@id":"https:\/\/lasentinelle.dz\/index.php\/2022\/03\/31\/premiere-session-du-dialogue-strategique-algero-italien-plus-de-60-participants\/#primaryimage"},"thumbnailUrl":"https:\/\/lasentinelle.dz\/wp-content\/uploads\/2022\/03\/Algero-Italien.png","articleSection":["Actualit\u00e9"],"inLanguage":"fr-FR","potentialAction":[{"@type":"CommentAction","name":"Comment","target":["https:\/\/lasentinelle.dz\/index.php\/2022\/03\/31\/premiere-session-du-dialogue-strategique-algero-italien-plus-de-60-participants\/#respond"]}]},{"@type":"WebPage","@id":"https:\/\/lasentinelle.dz\/index.php\/2022\/03\/31\/premiere-session-du-dialogue-strategique-algero-italien-plus-de-60-participants\/","url":"https:\/\/lasentinelle.dz\/index.php\/2022\/03\/31\/premiere-session-du-dialogue-strategique-algero-italien-plus-de-60-participants\/","name":"Premi\u00e8re session du dialogue strat\u00e9gique alg\u00e9ro-italien\u00a0:\u00a0Plus de 60 participants\u00a0 - La Sentinelle","isPartOf":{"@id":"https:\/\/lasentinelle.dz\/#website"},"primaryImageOfPage":{"@id":"https:\/\/lasentinelle.dz\/index.php\/2022\/03\/31\/premiere-session-du-dialogue-strategique-algero-italien-plus-de-60-participants\/#primaryimage"},"image":{"@id":"https:\/\/lasentinelle.dz\/index.php\/2022\/03\/31\/premiere-session-du-dialogue-strategique-algero-italien-plus-de-60-participants\/#primaryimage"},"thumbnailUrl":"https:\/\/lasentinelle.dz\/wp-content\/uploads\/2022\/03\/Algero-Italien.png","datePublished":"2022-03-30T23:01:00+00:00","breadcrumb":{"@id":"https:\/\/lasentinelle.dz\/index.php\/2022\/03\/31\/premiere-session-du-dialogue-strategique-algero-italien-plus-de-60-participants\/#breadcrumb"},"inLanguage":"fr-FR","potentialAction":[{"@type":"ReadAction","target":["https:\/\/lasentinelle.dz\/index.php\/2022\/03\/31\/premiere-session-du-dialogue-strategique-algero-italien-plus-de-60-participants\/"]}]},{"@type":"ImageObject","inLanguage":"fr-FR","@id":"https:\/\/lasentinelle.dz\/index.php\/2022\/03\/31\/premiere-session-du-dialogue-strategique-algero-italien-plus-de-60-participants\/#primaryimage","url":"https:\/\/lasentinelle.dz\/wp-content\/uploads\/2022\/03\/Algero-Italien.png","contentUrl":"https:\/\/lasentinelle.dz\/wp-content\/uploads\/2022\/03\/Algero-Italien.png","width":1200,"height":900},{"@type":"BreadcrumbList","@id":"https:\/\/lasentinelle.dz\/index.php\/2022\/03\/31\/premiere-session-du-dialogue-strategique-algero-italien-plus-de-60-participants\/#breadcrumb","itemListElement":[{"@type":"ListItem","position":1,"name":"Accueil","item":"https:\/\/lasentinelle.dz\/"},{"@type":"ListItem","position":2,"name":"Premi\u00e8re session du dialogue strat\u00e9gique alg\u00e9ro-italien\u00a0:\u00a0Plus de 60 participants\u00a0"}]},{"@type":"WebSite","@id":"https:\/\/lasentinelle.dz\/#website","url":"https:\/\/lasentinelle.dz\/","name":"La Sentinelle","description":"Quotidien national d&#039;information","publisher":{"@id":"https:\/\/lasentinelle.dz\/#organization"},"potentialAction":[{"@type":"SearchAction","target":{"@type":"EntryPoint","urlTemplate":"https:\/\/lasentinelle.dz\/?s={search_term_string}"},"query-input":{"@type":"PropertyValueSpecification","valueRequired":true,"valueName":"search_term_string"}}],"inLanguage":"fr-FR"},{"@type":"Organization","@id":"https:\/\/lasentinelle.dz\/#organization","name":"Quotidien La Sentinelle","url":"https:\/\/lasentinelle.dz\/","logo":{"@type":"ImageObject","inLanguage":"fr-FR","@id":"https:\/\/lasentinelle.dz\/#\/schema\/logo\/image\/","url":"https:\/\/lasentinelle.dz\/wp-content\/uploads\/2021\/09\/logo-sentinelleSLOGAN-1.png","contentUrl":"https:\/\/lasentinelle.dz\/wp-content\/uploads\/2021\/09\/logo-sentinelleSLOGAN-1.png","width":615,"height":142,"caption":"Quotidien La Sentinelle"},"image":{"@id":"https:\/\/lasentinelle.dz\/#\/schema\/logo\/image\/"},"sameAs":["https:\/\/www.facebook.com\/La-Sentinelle-104059864394773"]},{"@type":"Person","@id":"https:\/\/lasentinelle.dz\/#\/schema\/person\/d865044e22e70a75174ce8bcad3acfb3","name":"La Sentinelle","image":{"@type":"ImageObject","inLanguage":"fr-FR","@id":"https:\/\/secure.gravatar.com\/avatar\/57de8e5d4b15d43fb361a71fbb36338450fe67865b528a43dd10ef7c51a20392?s=96&d=mm&r=g","url":"https:\/\/secure.gravatar.com\/avatar\/57de8e5d4b15d43fb361a71fbb36338450fe67865b528a43dd10ef7c51a20392?s=96&d=mm&r=g","contentUrl":"https:\/\/secure.gravatar.com\/avatar\/57de8e5d4b15d43fb361a71fbb36338450fe67865b528a43dd10ef7c51a20392?s=96&d=mm&r=g","caption":"La Sentinelle"},"sameAs":["http:\/\/www.lasentinelle.dz"],"url":"https:\/\/lasentinelle.dz\/author\/redaction\/"}]}},"_links":{"self":[{"href":"https:\/\/lasentinelle.dz\/index.php\/wp-json\/wp\/v2\/posts\/19180","targetHints":{"allow":["GET"]}}],"collection":[{"href":"https:\/\/lasentinelle.dz\/index.php\/wp-json\/wp\/v2\/posts"}],"about":[{"href":"https:\/\/lasentinelle.dz\/index.php\/wp-json\/wp\/v2\/types\/post"}],"author":[{"embeddable":true,"href":"https:\/\/lasentinelle.dz\/index.php\/wp-json\/wp\/v2\/users\/3"}],"replies":[{"embeddable":true,"href":"https:\/\/lasentinelle.dz\/index.php\/wp-json\/wp\/v2\/comments?post=19180"}],"version-history":[{"count":1,"href":"https:\/\/lasentinelle.dz\/index.php\/wp-json\/wp\/v2\/posts\/19180\/revisions"}],"predecessor-version":[{"id":19183,"href":"https:\/\/lasentinelle.dz\/index.php\/wp-json\/wp\/v2\/posts\/19180\/revisions\/19183"}],"wp:featuredmedia":[{"embeddable":true,"href":"https:\/\/lasentinelle.dz\/index.php\/wp-json\/wp\/v2\/media\/19182"}],"wp:attachment":[{"href":"https:\/\/lasentinelle.dz\/index.php\/wp-json\/wp\/v2\/media?parent=19180"}],"wp:term":[{"taxonomy":"category","embeddable":true,"href":"https:\/\/lasentinelle.dz\/index.php\/wp-json\/wp\/v2\/categories?post=19180"},{"taxonomy":"post_tag","embeddable":true,"href":"https:\/\/lasentinelle.dz\/index.php\/wp-json\/wp\/v2\/tags?post=19180"}],"curies":[{"name":"wp","href":"https:\/\/api.w.org\/{rel}","templated":true}]}}