{"id":19243,"date":"2022-04-03T00:01:00","date_gmt":"2022-04-02T23:01:00","guid":{"rendered":"https:\/\/lasentinelle.dz\/?p=19243"},"modified":"2022-04-02T20:33:57","modified_gmt":"2022-04-02T19:33:57","slug":"une-delegation-deni-attendu-aujourdhui-a-alger-consolider-le-partenariat","status":"publish","type":"post","link":"https:\/\/lasentinelle.dz\/index.php\/2022\/04\/03\/une-delegation-deni-attendu-aujourdhui-a-alger-consolider-le-partenariat\/","title":{"rendered":"Une d\u00e9l\u00e9gation d\u2019ENI attendu aujourd\u2019hui \u00e0 Alger\u00a0: Consolider le partenariat"},"content":{"rendered":"\n<p>Une d\u00e9l\u00e9gation du groupe \u00e9nerg\u00e9tique italien est attendue aujourd\u2019hui \u00e0 Alger. Il est question de la consolidation de la coop\u00e9ration avec Sonatrach, et plus encore. Car si cette visite intervient dans le cadre du rapprochement politique, \u00e9conomique et culturel entre Alger et Rome, elle co\u00efncide aussi avec un contexte marqu\u00e9 par des tensions sur le march\u00e9 \u00e9nerg\u00e9tique notamment en Europe. Une visite d\u2019ailleurs qui a \u00e9t\u00e9 \u00e9voqu\u00e9e lors d\u2019un entretien entre le pr\u00e9sident de la R\u00e9publique Abdelmadjid Tebboune et le Premier ministre italien Mario Draghi. \u00ab&nbsp;Le Pr\u00e9sident de la R\u00e9publique, M. Abdelmadjid Tebboune a re\u00e7u, ce jour, un appel t\u00e9l\u00e9phonique du Premier ministre de la R\u00e9publique d\u2019Italie, Mario Draghi, avec lequel il a \u00e9voqu\u00e9 l\u2019\u00e9tat des relations bilat\u00e9rales solides et les moyens de les renforcer ainsi que le d\u00e9veloppement de l\u2019action gouvernementale&nbsp;\u00bb,&nbsp;a, en effet, annonc\u00e9 vendredi un communiqu\u00e9 des services de la pr\u00e9sidence de la R\u00e9publique.&nbsp;A cette occasion, \u00ab\u00a0le pr\u00e9sident de la R\u00e9publique a \u00e9t\u00e9 inform\u00e9 de la visite, dimanche prochain en Alg\u00e9rie, d\u2019une d\u00e9l\u00e9gation repr\u00e9sentant la soci\u00e9t\u00e9 italienne ENI, entrant dans le cadre de la coop\u00e9ration \u00e9nerg\u00e9tique entre les deux pays\u00a0\u00bb, note la m\u00eame source.&nbsp;\u00ab\u00a0En vue du renforcement de la coop\u00e9ration bilat\u00e9rale, le Premier ministre italien a accept\u00e9 l\u2019invitation du Pr\u00e9sident de la R\u00e9publique de visiter l\u2019Alg\u00e9rie dans les meilleurs d\u00e9lais\u00a0\u00bb, ajoute le communiqu\u00e9.<\/p>\n\n\n\n<p>Il est vrai que les deux pays entretiennent d\u2019excellents rapports de coop\u00e9ration depuis plusieurs d\u00e9cennies. Dans le domaine \u00e9nerg\u00e9tique, ENI est pr\u00e9sente en Alg\u00e9rie depuis 1981 et o\u00f9 elle b\u00e9n\u00e9ficie de plusieurs permis d\u2019exploitation p\u00e9troli\u00e8re et gazi\u00e8re en association avec la Sonatrach, en sus du fait que l\u2019entreprise ait \u00e9t\u00e9 fond\u00e9e par Enrico Mattei auquel un hommage a \u00e9t\u00e9 rendu r\u00e9cemment par l\u2019Alg\u00e9rie pour son soutien actif \u00e0 la guerre de lib\u00e9ration nationale. Un partenariat que la firme ne cesse de consolider et qui lui permis de faire une importante d\u00e9couverte d\u2019hydrocarbures en association avec Sonatrach, il y a quelques jours dans le bassin de Berkine.&nbsp;<\/p>\n\n\n\n<p>Il est toutefois clair que cette nouvelle visite s\u2019inscrit dans un contexte o\u00f9 l\u2019Italie cherche \u00e0 s\u00e9curiser ses approvisionnements \u00e9nerg\u00e9tiques, notamment avec les tensions actuelles sur le march\u00e9 europ\u00e9en du gaz dans le sillage du conflit en Ukraine. La semaine derni\u00e8re le pr\u00e9sident russe Vladimir Poutine a annonc\u00e9 que d\u00e9sormais le gaz russe vendu en Europe devra \u00eatre pay\u00e9 en roubles. Ce que les Europ\u00e9ens disent refuser. Chose qui fait planer la menace d\u2019une rupture des approvisionnements en gaz russe. Les Europ\u00e9ens cherchent ainsi \u00e0 diversifier leurs fournisseurs et s\u00e9curiser leurs approvisionnements. Il ne serait pas \u00e9tonnant de voir les Italiens d\u2019Eni chercher \u00e0 consolider leurs rapports avec Sonatrach dans ce sens, d\u2019autant que le Gazoduc Enrico Mattei qui relie l\u2019Alg\u00e9rie \u00e0 l\u2019Italie reste largement sous-exploit\u00e9. Une possibilit\u00e9 qui devra aussi tenir compte des capacit\u00e9s actuelles de production alg\u00e9rienne. Dans ce contexte, il est utile de noter que le P-DG de la Sonatrach, Toufik Hakkar, a indiqu\u00e9 vendredi dans une d\u00e9claration \u00e0 l\u2019APS que l\u2019Alg\u00e9rie dispose \u00ab&nbsp;\u00e0 l\u2019heure actuelle de quelques milliards (de m3 suppl\u00e9mentaires, NDLR) qui ne peuvent se substituer au gaz russe. En revanche, avec la cadence de nos explorations, nos capacit\u00e9s vont doubler d\u2019ici quatre ans, ce qui laisse entrevoir des perspectives prometteuses avec nos clients europ\u00e9ens&nbsp;\u00bb<\/p>\n\n\n\n<p>Il a&nbsp;\u00e9galement&nbsp;soulign\u00e9 que \u00ab\u00a0depuis le d\u00e9but de la crise en Ukraine, les prix du gaz et du p\u00e9trole explosent. L\u2019Alg\u00e9rie a d\u00e9cid\u00e9 de maintenir, pour l\u2019ensemble de ses clients, des prix contractuels relativement corrects. Cependant, il n\u2019est pas exclu de proc\u00e9der \u00e0 un \u2018recalcul\u2019 des prix avec notre client espagnol\u00a0\u00bb.<\/p>\n\n\n\n<p><strong>Samira Ghrib<\/strong><\/p>\n","protected":false},"excerpt":{"rendered":"<p>Une d\u00e9l\u00e9gation du groupe \u00e9nerg\u00e9tique italien est attendue aujourd\u2019hui \u00e0 Alger. Il est question de la consolidation de la coop\u00e9ration<\/p>\n","protected":false},"author":3,"featured_media":19264,"comment_status":"open","ping_status":"closed","sticky":false,"template":"","format":"standard","meta":{"colormag_page_container_layout":"default_layout","colormag_page_sidebar_layout":"default_layout","om_disable_all_campaigns":false,"_monsterinsights_skip_tracking":false,"_monsterinsights_sitenote_active":false,"_monsterinsights_sitenote_note":"","_monsterinsights_sitenote_category":0,"footnotes":"","_wpscppro_dont_share_socialmedia":false,"_wpscppro_custom_social_share_image":0,"_facebook_share_type":"","_twitter_share_type":"","_linkedin_share_type":"","_pinterest_share_type":"","_linkedin_share_type_page":"","_instagram_share_type":"","_medium_share_type":"","_threads_share_type":"","_google_business_share_type":"","_selected_social_profile":[],"_wpsp_enable_custom_social_template":false,"_wpsp_social_scheduling":{"enabled":false,"datetime":null,"platforms":[],"status":"template_only","dateOption":"today","timeOption":"now","customDays":"","customHours":"","customDate":"","customTime":"","schedulingType":"absolute"},"_wpsp_active_default_template":true},"categories":[52,27],"tags":[],"class_list":["post-19243","post","type-post","status-publish","format-standard","has-post-thumbnail","hentry","category-a-la-une","category-actualite"],"aioseo_notices":[],"yoast_head":"<!-- This site is optimized with the Yoast SEO plugin v27.5 - https:\/\/yoast.com\/product\/yoast-seo-wordpress\/ -->\n<title>Une d\u00e9l\u00e9gation d\u2019ENI attendu aujourd\u2019hui \u00e0 Alger\u00a0: Consolider le partenariat - La Sentinelle<\/title>\n<meta name=\"robots\" content=\"index, follow, max-snippet:-1, max-image-preview:large, max-video-preview:-1\" \/>\n<link rel=\"canonical\" href=\"https:\/\/lasentinelle.dz\/index.php\/2022\/04\/03\/une-delegation-deni-attendu-aujourdhui-a-alger-consolider-le-partenariat\/\" \/>\n<meta property=\"og:locale\" content=\"fr_FR\" \/>\n<meta property=\"og:type\" content=\"article\" \/>\n<meta property=\"og:title\" content=\"Une d\u00e9l\u00e9gation d\u2019ENI attendu aujourd\u2019hui \u00e0 Alger\u00a0: Consolider le partenariat - La Sentinelle\" \/>\n<meta property=\"og:description\" content=\"Une d\u00e9l\u00e9gation du groupe \u00e9nerg\u00e9tique italien est attendue aujourd\u2019hui \u00e0 Alger. Il est question de la consolidation de la coop\u00e9ration\" \/>\n<meta property=\"og:url\" content=\"https:\/\/lasentinelle.dz\/index.php\/2022\/04\/03\/une-delegation-deni-attendu-aujourdhui-a-alger-consolider-le-partenariat\/\" \/>\n<meta property=\"og:site_name\" content=\"La Sentinelle\" \/>\n<meta property=\"article:publisher\" content=\"https:\/\/www.facebook.com\/La-Sentinelle-104059864394773\" \/>\n<meta property=\"article:published_time\" content=\"2022-04-02T23:01:00+00:00\" \/>\n<meta property=\"og:image\" content=\"https:\/\/lasentinelle.dz\/wp-content\/uploads\/2022\/04\/44444.png\" \/>\n\t<meta property=\"og:image:width\" content=\"1427\" \/>\n\t<meta property=\"og:image:height\" content=\"900\" \/>\n\t<meta property=\"og:image:type\" content=\"image\/png\" \/>\n<meta name=\"author\" content=\"La Sentinelle\" \/>\n<meta name=\"twitter:card\" content=\"summary_large_image\" \/>\n<meta name=\"twitter:label1\" content=\"\u00c9crit par\" \/>\n\t<meta name=\"twitter:data1\" content=\"La Sentinelle\" \/>\n\t<meta name=\"twitter:label2\" content=\"Dur\u00e9e de lecture estim\u00e9e\" \/>\n\t<meta name=\"twitter:data2\" content=\"3 minutes\" \/>\n<script type=\"application\/ld+json\" class=\"yoast-schema-graph\">{\"@context\":\"https:\\\/\\\/schema.org\",\"@graph\":[{\"@type\":\"Article\",\"@id\":\"https:\\\/\\\/lasentinelle.dz\\\/index.php\\\/2022\\\/04\\\/03\\\/une-delegation-deni-attendu-aujourdhui-a-alger-consolider-le-partenariat\\\/#article\",\"isPartOf\":{\"@id\":\"https:\\\/\\\/lasentinelle.dz\\\/index.php\\\/2022\\\/04\\\/03\\\/une-delegation-deni-attendu-aujourdhui-a-alger-consolider-le-partenariat\\\/\"},\"author\":{\"name\":\"La Sentinelle\",\"@id\":\"https:\\\/\\\/lasentinelle.dz\\\/#\\\/schema\\\/person\\\/d865044e22e70a75174ce8bcad3acfb3\"},\"headline\":\"Une d\u00e9l\u00e9gation d\u2019ENI attendu aujourd\u2019hui \u00e0 Alger\u00a0: Consolider le partenariat\",\"datePublished\":\"2022-04-02T23:01:00+00:00\",\"mainEntityOfPage\":{\"@id\":\"https:\\\/\\\/lasentinelle.dz\\\/index.php\\\/2022\\\/04\\\/03\\\/une-delegation-deni-attendu-aujourdhui-a-alger-consolider-le-partenariat\\\/\"},\"wordCount\":701,\"commentCount\":0,\"publisher\":{\"@id\":\"https:\\\/\\\/lasentinelle.dz\\\/#organization\"},\"image\":{\"@id\":\"https:\\\/\\\/lasentinelle.dz\\\/index.php\\\/2022\\\/04\\\/03\\\/une-delegation-deni-attendu-aujourdhui-a-alger-consolider-le-partenariat\\\/#primaryimage\"},\"thumbnailUrl\":\"https:\\\/\\\/lasentinelle.dz\\\/wp-content\\\/uploads\\\/2022\\\/04\\\/44444.png\",\"articleSection\":[\"\u00c0 la Une\",\"Actualit\u00e9\"],\"inLanguage\":\"fr-FR\",\"potentialAction\":[{\"@type\":\"CommentAction\",\"name\":\"Comment\",\"target\":[\"https:\\\/\\\/lasentinelle.dz\\\/index.php\\\/2022\\\/04\\\/03\\\/une-delegation-deni-attendu-aujourdhui-a-alger-consolider-le-partenariat\\\/#respond\"]}]},{\"@type\":\"WebPage\",\"@id\":\"https:\\\/\\\/lasentinelle.dz\\\/index.php\\\/2022\\\/04\\\/03\\\/une-delegation-deni-attendu-aujourdhui-a-alger-consolider-le-partenariat\\\/\",\"url\":\"https:\\\/\\\/lasentinelle.dz\\\/index.php\\\/2022\\\/04\\\/03\\\/une-delegation-deni-attendu-aujourdhui-a-alger-consolider-le-partenariat\\\/\",\"name\":\"Une d\u00e9l\u00e9gation d\u2019ENI attendu aujourd\u2019hui \u00e0 Alger\u00a0: Consolider le partenariat - La Sentinelle\",\"isPartOf\":{\"@id\":\"https:\\\/\\\/lasentinelle.dz\\\/#website\"},\"primaryImageOfPage\":{\"@id\":\"https:\\\/\\\/lasentinelle.dz\\\/index.php\\\/2022\\\/04\\\/03\\\/une-delegation-deni-attendu-aujourdhui-a-alger-consolider-le-partenariat\\\/#primaryimage\"},\"image\":{\"@id\":\"https:\\\/\\\/lasentinelle.dz\\\/index.php\\\/2022\\\/04\\\/03\\\/une-delegation-deni-attendu-aujourdhui-a-alger-consolider-le-partenariat\\\/#primaryimage\"},\"thumbnailUrl\":\"https:\\\/\\\/lasentinelle.dz\\\/wp-content\\\/uploads\\\/2022\\\/04\\\/44444.png\",\"datePublished\":\"2022-04-02T23:01:00+00:00\",\"breadcrumb\":{\"@id\":\"https:\\\/\\\/lasentinelle.dz\\\/index.php\\\/2022\\\/04\\\/03\\\/une-delegation-deni-attendu-aujourdhui-a-alger-consolider-le-partenariat\\\/#breadcrumb\"},\"inLanguage\":\"fr-FR\",\"potentialAction\":[{\"@type\":\"ReadAction\",\"target\":[\"https:\\\/\\\/lasentinelle.dz\\\/index.php\\\/2022\\\/04\\\/03\\\/une-delegation-deni-attendu-aujourdhui-a-alger-consolider-le-partenariat\\\/\"]}]},{\"@type\":\"ImageObject\",\"inLanguage\":\"fr-FR\",\"@id\":\"https:\\\/\\\/lasentinelle.dz\\\/index.php\\\/2022\\\/04\\\/03\\\/une-delegation-deni-attendu-aujourdhui-a-alger-consolider-le-partenariat\\\/#primaryimage\",\"url\":\"https:\\\/\\\/lasentinelle.dz\\\/wp-content\\\/uploads\\\/2022\\\/04\\\/44444.png\",\"contentUrl\":\"https:\\\/\\\/lasentinelle.dz\\\/wp-content\\\/uploads\\\/2022\\\/04\\\/44444.png\",\"width\":1427,\"height\":900},{\"@type\":\"BreadcrumbList\",\"@id\":\"https:\\\/\\\/lasentinelle.dz\\\/index.php\\\/2022\\\/04\\\/03\\\/une-delegation-deni-attendu-aujourdhui-a-alger-consolider-le-partenariat\\\/#breadcrumb\",\"itemListElement\":[{\"@type\":\"ListItem\",\"position\":1,\"name\":\"Accueil\",\"item\":\"https:\\\/\\\/lasentinelle.dz\\\/\"},{\"@type\":\"ListItem\",\"position\":2,\"name\":\"Une d\u00e9l\u00e9gation d\u2019ENI attendu aujourd\u2019hui \u00e0 Alger\u00a0: Consolider le partenariat\"}]},{\"@type\":\"WebSite\",\"@id\":\"https:\\\/\\\/lasentinelle.dz\\\/#website\",\"url\":\"https:\\\/\\\/lasentinelle.dz\\\/\",\"name\":\"La Sentinelle\",\"description\":\"Quotidien national d&#039;information\",\"publisher\":{\"@id\":\"https:\\\/\\\/lasentinelle.dz\\\/#organization\"},\"potentialAction\":[{\"@type\":\"SearchAction\",\"target\":{\"@type\":\"EntryPoint\",\"urlTemplate\":\"https:\\\/\\\/lasentinelle.dz\\\/?s={search_term_string}\"},\"query-input\":{\"@type\":\"PropertyValueSpecification\",\"valueRequired\":true,\"valueName\":\"search_term_string\"}}],\"inLanguage\":\"fr-FR\"},{\"@type\":\"Organization\",\"@id\":\"https:\\\/\\\/lasentinelle.dz\\\/#organization\",\"name\":\"Quotidien La Sentinelle\",\"url\":\"https:\\\/\\\/lasentinelle.dz\\\/\",\"logo\":{\"@type\":\"ImageObject\",\"inLanguage\":\"fr-FR\",\"@id\":\"https:\\\/\\\/lasentinelle.dz\\\/#\\\/schema\\\/logo\\\/image\\\/\",\"url\":\"https:\\\/\\\/lasentinelle.dz\\\/wp-content\\\/uploads\\\/2021\\\/09\\\/logo-sentinelleSLOGAN-1.png\",\"contentUrl\":\"https:\\\/\\\/lasentinelle.dz\\\/wp-content\\\/uploads\\\/2021\\\/09\\\/logo-sentinelleSLOGAN-1.png\",\"width\":615,\"height\":142,\"caption\":\"Quotidien La Sentinelle\"},\"image\":{\"@id\":\"https:\\\/\\\/lasentinelle.dz\\\/#\\\/schema\\\/logo\\\/image\\\/\"},\"sameAs\":[\"https:\\\/\\\/www.facebook.com\\\/La-Sentinelle-104059864394773\"]},{\"@type\":\"Person\",\"@id\":\"https:\\\/\\\/lasentinelle.dz\\\/#\\\/schema\\\/person\\\/d865044e22e70a75174ce8bcad3acfb3\",\"name\":\"La Sentinelle\",\"image\":{\"@type\":\"ImageObject\",\"inLanguage\":\"fr-FR\",\"@id\":\"https:\\\/\\\/secure.gravatar.com\\\/avatar\\\/57de8e5d4b15d43fb361a71fbb36338450fe67865b528a43dd10ef7c51a20392?s=96&d=mm&r=g\",\"url\":\"https:\\\/\\\/secure.gravatar.com\\\/avatar\\\/57de8e5d4b15d43fb361a71fbb36338450fe67865b528a43dd10ef7c51a20392?s=96&d=mm&r=g\",\"contentUrl\":\"https:\\\/\\\/secure.gravatar.com\\\/avatar\\\/57de8e5d4b15d43fb361a71fbb36338450fe67865b528a43dd10ef7c51a20392?s=96&d=mm&r=g\",\"caption\":\"La Sentinelle\"},\"sameAs\":[\"http:\\\/\\\/www.lasentinelle.dz\"],\"url\":\"https:\\\/\\\/lasentinelle.dz\\\/author\\\/redaction\\\/\"}]}<\/script>\n<!-- \/ Yoast SEO plugin. -->","yoast_head_json":{"title":"Une d\u00e9l\u00e9gation d\u2019ENI attendu aujourd\u2019hui \u00e0 Alger\u00a0: Consolider le partenariat - La Sentinelle","robots":{"index":"index","follow":"follow","max-snippet":"max-snippet:-1","max-image-preview":"max-image-preview:large","max-video-preview":"max-video-preview:-1"},"canonical":"https:\/\/lasentinelle.dz\/index.php\/2022\/04\/03\/une-delegation-deni-attendu-aujourdhui-a-alger-consolider-le-partenariat\/","og_locale":"fr_FR","og_type":"article","og_title":"Une d\u00e9l\u00e9gation d\u2019ENI attendu aujourd\u2019hui \u00e0 Alger\u00a0: Consolider le partenariat - La Sentinelle","og_description":"Une d\u00e9l\u00e9gation du groupe \u00e9nerg\u00e9tique italien est attendue aujourd\u2019hui \u00e0 Alger. Il est question de la consolidation de la coop\u00e9ration","og_url":"https:\/\/lasentinelle.dz\/index.php\/2022\/04\/03\/une-delegation-deni-attendu-aujourdhui-a-alger-consolider-le-partenariat\/","og_site_name":"La Sentinelle","article_publisher":"https:\/\/www.facebook.com\/La-Sentinelle-104059864394773","article_published_time":"2022-04-02T23:01:00+00:00","og_image":[{"width":1427,"height":900,"url":"https:\/\/lasentinelle.dz\/wp-content\/uploads\/2022\/04\/44444.png","type":"image\/png"}],"author":"La Sentinelle","twitter_card":"summary_large_image","twitter_misc":{"\u00c9crit par":"La Sentinelle","Dur\u00e9e de lecture estim\u00e9e":"3 minutes"},"schema":{"@context":"https:\/\/schema.org","@graph":[{"@type":"Article","@id":"https:\/\/lasentinelle.dz\/index.php\/2022\/04\/03\/une-delegation-deni-attendu-aujourdhui-a-alger-consolider-le-partenariat\/#article","isPartOf":{"@id":"https:\/\/lasentinelle.dz\/index.php\/2022\/04\/03\/une-delegation-deni-attendu-aujourdhui-a-alger-consolider-le-partenariat\/"},"author":{"name":"La Sentinelle","@id":"https:\/\/lasentinelle.dz\/#\/schema\/person\/d865044e22e70a75174ce8bcad3acfb3"},"headline":"Une d\u00e9l\u00e9gation d\u2019ENI attendu aujourd\u2019hui \u00e0 Alger\u00a0: Consolider le partenariat","datePublished":"2022-04-02T23:01:00+00:00","mainEntityOfPage":{"@id":"https:\/\/lasentinelle.dz\/index.php\/2022\/04\/03\/une-delegation-deni-attendu-aujourdhui-a-alger-consolider-le-partenariat\/"},"wordCount":701,"commentCount":0,"publisher":{"@id":"https:\/\/lasentinelle.dz\/#organization"},"image":{"@id":"https:\/\/lasentinelle.dz\/index.php\/2022\/04\/03\/une-delegation-deni-attendu-aujourdhui-a-alger-consolider-le-partenariat\/#primaryimage"},"thumbnailUrl":"https:\/\/lasentinelle.dz\/wp-content\/uploads\/2022\/04\/44444.png","articleSection":["\u00c0 la Une","Actualit\u00e9"],"inLanguage":"fr-FR","potentialAction":[{"@type":"CommentAction","name":"Comment","target":["https:\/\/lasentinelle.dz\/index.php\/2022\/04\/03\/une-delegation-deni-attendu-aujourdhui-a-alger-consolider-le-partenariat\/#respond"]}]},{"@type":"WebPage","@id":"https:\/\/lasentinelle.dz\/index.php\/2022\/04\/03\/une-delegation-deni-attendu-aujourdhui-a-alger-consolider-le-partenariat\/","url":"https:\/\/lasentinelle.dz\/index.php\/2022\/04\/03\/une-delegation-deni-attendu-aujourdhui-a-alger-consolider-le-partenariat\/","name":"Une d\u00e9l\u00e9gation d\u2019ENI attendu aujourd\u2019hui \u00e0 Alger\u00a0: Consolider le partenariat - La Sentinelle","isPartOf":{"@id":"https:\/\/lasentinelle.dz\/#website"},"primaryImageOfPage":{"@id":"https:\/\/lasentinelle.dz\/index.php\/2022\/04\/03\/une-delegation-deni-attendu-aujourdhui-a-alger-consolider-le-partenariat\/#primaryimage"},"image":{"@id":"https:\/\/lasentinelle.dz\/index.php\/2022\/04\/03\/une-delegation-deni-attendu-aujourdhui-a-alger-consolider-le-partenariat\/#primaryimage"},"thumbnailUrl":"https:\/\/lasentinelle.dz\/wp-content\/uploads\/2022\/04\/44444.png","datePublished":"2022-04-02T23:01:00+00:00","breadcrumb":{"@id":"https:\/\/lasentinelle.dz\/index.php\/2022\/04\/03\/une-delegation-deni-attendu-aujourdhui-a-alger-consolider-le-partenariat\/#breadcrumb"},"inLanguage":"fr-FR","potentialAction":[{"@type":"ReadAction","target":["https:\/\/lasentinelle.dz\/index.php\/2022\/04\/03\/une-delegation-deni-attendu-aujourdhui-a-alger-consolider-le-partenariat\/"]}]},{"@type":"ImageObject","inLanguage":"fr-FR","@id":"https:\/\/lasentinelle.dz\/index.php\/2022\/04\/03\/une-delegation-deni-attendu-aujourdhui-a-alger-consolider-le-partenariat\/#primaryimage","url":"https:\/\/lasentinelle.dz\/wp-content\/uploads\/2022\/04\/44444.png","contentUrl":"https:\/\/lasentinelle.dz\/wp-content\/uploads\/2022\/04\/44444.png","width":1427,"height":900},{"@type":"BreadcrumbList","@id":"https:\/\/lasentinelle.dz\/index.php\/2022\/04\/03\/une-delegation-deni-attendu-aujourdhui-a-alger-consolider-le-partenariat\/#breadcrumb","itemListElement":[{"@type":"ListItem","position":1,"name":"Accueil","item":"https:\/\/lasentinelle.dz\/"},{"@type":"ListItem","position":2,"name":"Une d\u00e9l\u00e9gation d\u2019ENI attendu aujourd\u2019hui \u00e0 Alger\u00a0: Consolider le partenariat"}]},{"@type":"WebSite","@id":"https:\/\/lasentinelle.dz\/#website","url":"https:\/\/lasentinelle.dz\/","name":"La Sentinelle","description":"Quotidien national d&#039;information","publisher":{"@id":"https:\/\/lasentinelle.dz\/#organization"},"potentialAction":[{"@type":"SearchAction","target":{"@type":"EntryPoint","urlTemplate":"https:\/\/lasentinelle.dz\/?s={search_term_string}"},"query-input":{"@type":"PropertyValueSpecification","valueRequired":true,"valueName":"search_term_string"}}],"inLanguage":"fr-FR"},{"@type":"Organization","@id":"https:\/\/lasentinelle.dz\/#organization","name":"Quotidien La Sentinelle","url":"https:\/\/lasentinelle.dz\/","logo":{"@type":"ImageObject","inLanguage":"fr-FR","@id":"https:\/\/lasentinelle.dz\/#\/schema\/logo\/image\/","url":"https:\/\/lasentinelle.dz\/wp-content\/uploads\/2021\/09\/logo-sentinelleSLOGAN-1.png","contentUrl":"https:\/\/lasentinelle.dz\/wp-content\/uploads\/2021\/09\/logo-sentinelleSLOGAN-1.png","width":615,"height":142,"caption":"Quotidien La Sentinelle"},"image":{"@id":"https:\/\/lasentinelle.dz\/#\/schema\/logo\/image\/"},"sameAs":["https:\/\/www.facebook.com\/La-Sentinelle-104059864394773"]},{"@type":"Person","@id":"https:\/\/lasentinelle.dz\/#\/schema\/person\/d865044e22e70a75174ce8bcad3acfb3","name":"La Sentinelle","image":{"@type":"ImageObject","inLanguage":"fr-FR","@id":"https:\/\/secure.gravatar.com\/avatar\/57de8e5d4b15d43fb361a71fbb36338450fe67865b528a43dd10ef7c51a20392?s=96&d=mm&r=g","url":"https:\/\/secure.gravatar.com\/avatar\/57de8e5d4b15d43fb361a71fbb36338450fe67865b528a43dd10ef7c51a20392?s=96&d=mm&r=g","contentUrl":"https:\/\/secure.gravatar.com\/avatar\/57de8e5d4b15d43fb361a71fbb36338450fe67865b528a43dd10ef7c51a20392?s=96&d=mm&r=g","caption":"La Sentinelle"},"sameAs":["http:\/\/www.lasentinelle.dz"],"url":"https:\/\/lasentinelle.dz\/author\/redaction\/"}]}},"_links":{"self":[{"href":"https:\/\/lasentinelle.dz\/index.php\/wp-json\/wp\/v2\/posts\/19243","targetHints":{"allow":["GET"]}}],"collection":[{"href":"https:\/\/lasentinelle.dz\/index.php\/wp-json\/wp\/v2\/posts"}],"about":[{"href":"https:\/\/lasentinelle.dz\/index.php\/wp-json\/wp\/v2\/types\/post"}],"author":[{"embeddable":true,"href":"https:\/\/lasentinelle.dz\/index.php\/wp-json\/wp\/v2\/users\/3"}],"replies":[{"embeddable":true,"href":"https:\/\/lasentinelle.dz\/index.php\/wp-json\/wp\/v2\/comments?post=19243"}],"version-history":[{"count":1,"href":"https:\/\/lasentinelle.dz\/index.php\/wp-json\/wp\/v2\/posts\/19243\/revisions"}],"predecessor-version":[{"id":19266,"href":"https:\/\/lasentinelle.dz\/index.php\/wp-json\/wp\/v2\/posts\/19243\/revisions\/19266"}],"wp:featuredmedia":[{"embeddable":true,"href":"https:\/\/lasentinelle.dz\/index.php\/wp-json\/wp\/v2\/media\/19264"}],"wp:attachment":[{"href":"https:\/\/lasentinelle.dz\/index.php\/wp-json\/wp\/v2\/media?parent=19243"}],"wp:term":[{"taxonomy":"category","embeddable":true,"href":"https:\/\/lasentinelle.dz\/index.php\/wp-json\/wp\/v2\/categories?post=19243"},{"taxonomy":"post_tag","embeddable":true,"href":"https:\/\/lasentinelle.dz\/index.php\/wp-json\/wp\/v2\/tags?post=19243"}],"curies":[{"name":"wp","href":"https:\/\/api.w.org\/{rel}","templated":true}]}}