{"id":19263,"date":"2022-04-03T00:01:00","date_gmt":"2022-04-02T23:01:00","guid":{"rendered":"https:\/\/lasentinelle.dz\/?p=19263"},"modified":"2022-04-02T20:35:07","modified_gmt":"2022-04-02T19:35:07","slug":"covid-19-nouvelles-mesures-dallegement-des-conditions-sanitaires","status":"publish","type":"post","link":"https:\/\/lasentinelle.dz\/index.php\/2022\/04\/03\/covid-19-nouvelles-mesures-dallegement-des-conditions-sanitaires\/","title":{"rendered":"Covid-19\u00a0:\u00a0Nouvelles mesures d\u2019all\u00e9gement des conditions sanitaires"},"content":{"rendered":"\n<p>Les conditions d\u2019entr\u00e9e sur le territoire national viennent d\u2019\u00eatre all\u00e9g\u00e9es \u00e0 la faveur de l\u2019am\u00e9lioration de la situation sanitaire.&nbsp;Le d\u00e9cret ex\u00e9cutif&nbsp;&nbsp;N\u00b0 22-115 du&nbsp;&nbsp;17 mars 2022 fixe les nouvelles mesures d\u2019all\u00e9gement&nbsp;pour le&nbsp;dispositif relatifaux conditions sanitaires. Ces derniers sont applicables aux voyageurs au niveau des points d\u2019entr\u00e9e sur le territoire national alors que les dispositions de ce d\u00e9cret&nbsp;ont pris&nbsp;effet&nbsp;d\u00e8s le&nbsp;20 mars&nbsp;dernier. En effet, le d\u00e9cret sign\u00e9 par le Premier ministre fixe de nouvelles mesures d\u2019all\u00e9gement du dispositif relatif aux conditions sanitaires applicables aux voyageurs au niveau des points d&rsquo;entr\u00e9e sur le territoire national et ce, dans le respect des dispositions visant&nbsp;&nbsp;pr\u00e9server las sant\u00e9\u2002des citoyens et les pr\u00e9munir contre tout risque de propagation du Coronavirus. Le second article&nbsp;du texte&nbsp;fixe les conditions sanitaires obligatoires d&rsquo;entr\u00e9e en Alg\u00e9rie, applicables aux voyageurs au niveau des a\u00e9roports, ports et fronti\u00e8res terrestres. Il s\u2019agit notamment de la pr\u00e9sentation&nbsp;&nbsp;par les voyageurs d\u2019un pass vaccinal de moins de 09 mois&nbsp;etla&nbsp;&nbsp;pr\u00e9sentation d\u2019un test n\u00e9gatif&nbsp;&nbsp;RT-PCR de moins de 72 heures pour les voyageurs non-vaccin\u00e9s. Les conditions cit\u00e9es dans\u2002 cet article sont adapt\u00e9es en tant que besoin, en fonction de l\u2019\u00e9volution de la situation \u00e9pid\u00e9miologique.<\/p>\n\n\n\n<p><strong>Amar Malki<\/strong><\/p>\n","protected":false},"excerpt":{"rendered":"<p>Les conditions d\u2019entr\u00e9e sur le territoire national viennent d\u2019\u00eatre all\u00e9g\u00e9es \u00e0 la faveur de l\u2019am\u00e9lioration de la situation sanitaire.&nbsp;Le d\u00e9cret<\/p>\n","protected":false},"author":3,"featured_media":14455,"comment_status":"open","ping_status":"closed","sticky":false,"template":"","format":"standard","meta":{"colormag_page_container_layout":"default_layout","colormag_page_sidebar_layout":"default_layout","om_disable_all_campaigns":false,"_monsterinsights_skip_tracking":false,"_monsterinsights_sitenote_active":false,"_monsterinsights_sitenote_note":"","_monsterinsights_sitenote_category":0,"footnotes":"","_wpscppro_dont_share_socialmedia":false,"_wpscppro_custom_social_share_image":0,"_facebook_share_type":"","_twitter_share_type":"","_linkedin_share_type":"","_pinterest_share_type":"","_linkedin_share_type_page":"","_instagram_share_type":"","_medium_share_type":"","_threads_share_type":"","_google_business_share_type":"","_selected_social_profile":[],"_wpsp_enable_custom_social_template":false,"_wpsp_social_scheduling":{"enabled":false,"datetime":null,"platforms":[],"status":"template_only","dateOption":"today","timeOption":"now","customDays":"","customHours":"","customDate":"","customTime":"","schedulingType":"absolute"},"_wpsp_active_default_template":true},"categories":[27],"tags":[],"class_list":["post-19263","post","type-post","status-publish","format-standard","has-post-thumbnail","hentry","category-actualite"],"aioseo_notices":[],"yoast_head":"<!-- This site is optimized with the Yoast SEO plugin v27.5 - https:\/\/yoast.com\/product\/yoast-seo-wordpress\/ -->\n<title>Covid-19\u00a0:\u00a0Nouvelles mesures d\u2019all\u00e9gement des conditions sanitaires - La Sentinelle<\/title>\n<meta name=\"robots\" content=\"index, follow, max-snippet:-1, max-image-preview:large, max-video-preview:-1\" \/>\n<link rel=\"canonical\" href=\"https:\/\/lasentinelle.dz\/index.php\/2022\/04\/03\/covid-19-nouvelles-mesures-dallegement-des-conditions-sanitaires\/\" \/>\n<meta property=\"og:locale\" content=\"fr_FR\" \/>\n<meta property=\"og:type\" content=\"article\" \/>\n<meta property=\"og:title\" content=\"Covid-19\u00a0:\u00a0Nouvelles mesures d\u2019all\u00e9gement des conditions sanitaires - La Sentinelle\" \/>\n<meta property=\"og:description\" content=\"Les conditions d\u2019entr\u00e9e sur le territoire national viennent d\u2019\u00eatre all\u00e9g\u00e9es \u00e0 la faveur de l\u2019am\u00e9lioration de la situation sanitaire.&nbsp;Le d\u00e9cret\" \/>\n<meta property=\"og:url\" content=\"https:\/\/lasentinelle.dz\/index.php\/2022\/04\/03\/covid-19-nouvelles-mesures-dallegement-des-conditions-sanitaires\/\" \/>\n<meta property=\"og:site_name\" content=\"La Sentinelle\" \/>\n<meta property=\"article:publisher\" content=\"https:\/\/www.facebook.com\/La-Sentinelle-104059864394773\" \/>\n<meta property=\"article:published_time\" content=\"2022-04-02T23:01:00+00:00\" \/>\n<meta property=\"og:image\" content=\"https:\/\/lasentinelle.dz\/wp-content\/uploads\/2021\/12\/ecole-corona.png\" \/>\n\t<meta property=\"og:image:width\" content=\"1600\" \/>\n\t<meta property=\"og:image:height\" content=\"900\" \/>\n\t<meta property=\"og:image:type\" content=\"image\/png\" \/>\n<meta name=\"author\" content=\"La Sentinelle\" \/>\n<meta name=\"twitter:card\" content=\"summary_large_image\" \/>\n<meta name=\"twitter:label1\" content=\"\u00c9crit par\" \/>\n\t<meta name=\"twitter:data1\" content=\"La Sentinelle\" \/>\n\t<meta name=\"twitter:label2\" content=\"Dur\u00e9e de lecture estim\u00e9e\" \/>\n\t<meta name=\"twitter:data2\" content=\"1 minute\" \/>\n<script type=\"application\/ld+json\" class=\"yoast-schema-graph\">{\"@context\":\"https:\\\/\\\/schema.org\",\"@graph\":[{\"@type\":\"Article\",\"@id\":\"https:\\\/\\\/lasentinelle.dz\\\/index.php\\\/2022\\\/04\\\/03\\\/covid-19-nouvelles-mesures-dallegement-des-conditions-sanitaires\\\/#article\",\"isPartOf\":{\"@id\":\"https:\\\/\\\/lasentinelle.dz\\\/index.php\\\/2022\\\/04\\\/03\\\/covid-19-nouvelles-mesures-dallegement-des-conditions-sanitaires\\\/\"},\"author\":{\"name\":\"La Sentinelle\",\"@id\":\"https:\\\/\\\/lasentinelle.dz\\\/#\\\/schema\\\/person\\\/d865044e22e70a75174ce8bcad3acfb3\"},\"headline\":\"Covid-19\u00a0:\u00a0Nouvelles mesures d\u2019all\u00e9gement des conditions sanitaires\",\"datePublished\":\"2022-04-02T23:01:00+00:00\",\"mainEntityOfPage\":{\"@id\":\"https:\\\/\\\/lasentinelle.dz\\\/index.php\\\/2022\\\/04\\\/03\\\/covid-19-nouvelles-mesures-dallegement-des-conditions-sanitaires\\\/\"},\"wordCount\":266,\"commentCount\":0,\"publisher\":{\"@id\":\"https:\\\/\\\/lasentinelle.dz\\\/#organization\"},\"image\":{\"@id\":\"https:\\\/\\\/lasentinelle.dz\\\/index.php\\\/2022\\\/04\\\/03\\\/covid-19-nouvelles-mesures-dallegement-des-conditions-sanitaires\\\/#primaryimage\"},\"thumbnailUrl\":\"https:\\\/\\\/lasentinelle.dz\\\/wp-content\\\/uploads\\\/2021\\\/12\\\/ecole-corona.png\",\"articleSection\":[\"Actualit\u00e9\"],\"inLanguage\":\"fr-FR\",\"potentialAction\":[{\"@type\":\"CommentAction\",\"name\":\"Comment\",\"target\":[\"https:\\\/\\\/lasentinelle.dz\\\/index.php\\\/2022\\\/04\\\/03\\\/covid-19-nouvelles-mesures-dallegement-des-conditions-sanitaires\\\/#respond\"]}]},{\"@type\":\"WebPage\",\"@id\":\"https:\\\/\\\/lasentinelle.dz\\\/index.php\\\/2022\\\/04\\\/03\\\/covid-19-nouvelles-mesures-dallegement-des-conditions-sanitaires\\\/\",\"url\":\"https:\\\/\\\/lasentinelle.dz\\\/index.php\\\/2022\\\/04\\\/03\\\/covid-19-nouvelles-mesures-dallegement-des-conditions-sanitaires\\\/\",\"name\":\"Covid-19\u00a0:\u00a0Nouvelles mesures d\u2019all\u00e9gement des conditions sanitaires - La Sentinelle\",\"isPartOf\":{\"@id\":\"https:\\\/\\\/lasentinelle.dz\\\/#website\"},\"primaryImageOfPage\":{\"@id\":\"https:\\\/\\\/lasentinelle.dz\\\/index.php\\\/2022\\\/04\\\/03\\\/covid-19-nouvelles-mesures-dallegement-des-conditions-sanitaires\\\/#primaryimage\"},\"image\":{\"@id\":\"https:\\\/\\\/lasentinelle.dz\\\/index.php\\\/2022\\\/04\\\/03\\\/covid-19-nouvelles-mesures-dallegement-des-conditions-sanitaires\\\/#primaryimage\"},\"thumbnailUrl\":\"https:\\\/\\\/lasentinelle.dz\\\/wp-content\\\/uploads\\\/2021\\\/12\\\/ecole-corona.png\",\"datePublished\":\"2022-04-02T23:01:00+00:00\",\"breadcrumb\":{\"@id\":\"https:\\\/\\\/lasentinelle.dz\\\/index.php\\\/2022\\\/04\\\/03\\\/covid-19-nouvelles-mesures-dallegement-des-conditions-sanitaires\\\/#breadcrumb\"},\"inLanguage\":\"fr-FR\",\"potentialAction\":[{\"@type\":\"ReadAction\",\"target\":[\"https:\\\/\\\/lasentinelle.dz\\\/index.php\\\/2022\\\/04\\\/03\\\/covid-19-nouvelles-mesures-dallegement-des-conditions-sanitaires\\\/\"]}]},{\"@type\":\"ImageObject\",\"inLanguage\":\"fr-FR\",\"@id\":\"https:\\\/\\\/lasentinelle.dz\\\/index.php\\\/2022\\\/04\\\/03\\\/covid-19-nouvelles-mesures-dallegement-des-conditions-sanitaires\\\/#primaryimage\",\"url\":\"https:\\\/\\\/lasentinelle.dz\\\/wp-content\\\/uploads\\\/2021\\\/12\\\/ecole-corona.png\",\"contentUrl\":\"https:\\\/\\\/lasentinelle.dz\\\/wp-content\\\/uploads\\\/2021\\\/12\\\/ecole-corona.png\",\"width\":1600,\"height\":900},{\"@type\":\"BreadcrumbList\",\"@id\":\"https:\\\/\\\/lasentinelle.dz\\\/index.php\\\/2022\\\/04\\\/03\\\/covid-19-nouvelles-mesures-dallegement-des-conditions-sanitaires\\\/#breadcrumb\",\"itemListElement\":[{\"@type\":\"ListItem\",\"position\":1,\"name\":\"Accueil\",\"item\":\"https:\\\/\\\/lasentinelle.dz\\\/\"},{\"@type\":\"ListItem\",\"position\":2,\"name\":\"Covid-19\u00a0:\u00a0Nouvelles mesures d\u2019all\u00e9gement des conditions sanitaires\"}]},{\"@type\":\"WebSite\",\"@id\":\"https:\\\/\\\/lasentinelle.dz\\\/#website\",\"url\":\"https:\\\/\\\/lasentinelle.dz\\\/\",\"name\":\"La Sentinelle\",\"description\":\"Quotidien national d&#039;information\",\"publisher\":{\"@id\":\"https:\\\/\\\/lasentinelle.dz\\\/#organization\"},\"potentialAction\":[{\"@type\":\"SearchAction\",\"target\":{\"@type\":\"EntryPoint\",\"urlTemplate\":\"https:\\\/\\\/lasentinelle.dz\\\/?s={search_term_string}\"},\"query-input\":{\"@type\":\"PropertyValueSpecification\",\"valueRequired\":true,\"valueName\":\"search_term_string\"}}],\"inLanguage\":\"fr-FR\"},{\"@type\":\"Organization\",\"@id\":\"https:\\\/\\\/lasentinelle.dz\\\/#organization\",\"name\":\"Quotidien La Sentinelle\",\"url\":\"https:\\\/\\\/lasentinelle.dz\\\/\",\"logo\":{\"@type\":\"ImageObject\",\"inLanguage\":\"fr-FR\",\"@id\":\"https:\\\/\\\/lasentinelle.dz\\\/#\\\/schema\\\/logo\\\/image\\\/\",\"url\":\"https:\\\/\\\/lasentinelle.dz\\\/wp-content\\\/uploads\\\/2021\\\/09\\\/logo-sentinelleSLOGAN-1.png\",\"contentUrl\":\"https:\\\/\\\/lasentinelle.dz\\\/wp-content\\\/uploads\\\/2021\\\/09\\\/logo-sentinelleSLOGAN-1.png\",\"width\":615,\"height\":142,\"caption\":\"Quotidien La Sentinelle\"},\"image\":{\"@id\":\"https:\\\/\\\/lasentinelle.dz\\\/#\\\/schema\\\/logo\\\/image\\\/\"},\"sameAs\":[\"https:\\\/\\\/www.facebook.com\\\/La-Sentinelle-104059864394773\"]},{\"@type\":\"Person\",\"@id\":\"https:\\\/\\\/lasentinelle.dz\\\/#\\\/schema\\\/person\\\/d865044e22e70a75174ce8bcad3acfb3\",\"name\":\"La Sentinelle\",\"image\":{\"@type\":\"ImageObject\",\"inLanguage\":\"fr-FR\",\"@id\":\"https:\\\/\\\/secure.gravatar.com\\\/avatar\\\/57de8e5d4b15d43fb361a71fbb36338450fe67865b528a43dd10ef7c51a20392?s=96&d=mm&r=g\",\"url\":\"https:\\\/\\\/secure.gravatar.com\\\/avatar\\\/57de8e5d4b15d43fb361a71fbb36338450fe67865b528a43dd10ef7c51a20392?s=96&d=mm&r=g\",\"contentUrl\":\"https:\\\/\\\/secure.gravatar.com\\\/avatar\\\/57de8e5d4b15d43fb361a71fbb36338450fe67865b528a43dd10ef7c51a20392?s=96&d=mm&r=g\",\"caption\":\"La Sentinelle\"},\"sameAs\":[\"http:\\\/\\\/www.lasentinelle.dz\"],\"url\":\"https:\\\/\\\/lasentinelle.dz\\\/author\\\/redaction\\\/\"}]}<\/script>\n<!-- \/ Yoast SEO plugin. -->","yoast_head_json":{"title":"Covid-19\u00a0:\u00a0Nouvelles mesures d\u2019all\u00e9gement des conditions sanitaires - La Sentinelle","robots":{"index":"index","follow":"follow","max-snippet":"max-snippet:-1","max-image-preview":"max-image-preview:large","max-video-preview":"max-video-preview:-1"},"canonical":"https:\/\/lasentinelle.dz\/index.php\/2022\/04\/03\/covid-19-nouvelles-mesures-dallegement-des-conditions-sanitaires\/","og_locale":"fr_FR","og_type":"article","og_title":"Covid-19\u00a0:\u00a0Nouvelles mesures d\u2019all\u00e9gement des conditions sanitaires - La Sentinelle","og_description":"Les conditions d\u2019entr\u00e9e sur le territoire national viennent d\u2019\u00eatre all\u00e9g\u00e9es \u00e0 la faveur de l\u2019am\u00e9lioration de la situation sanitaire.&nbsp;Le d\u00e9cret","og_url":"https:\/\/lasentinelle.dz\/index.php\/2022\/04\/03\/covid-19-nouvelles-mesures-dallegement-des-conditions-sanitaires\/","og_site_name":"La Sentinelle","article_publisher":"https:\/\/www.facebook.com\/La-Sentinelle-104059864394773","article_published_time":"2022-04-02T23:01:00+00:00","og_image":[{"width":1600,"height":900,"url":"https:\/\/lasentinelle.dz\/wp-content\/uploads\/2021\/12\/ecole-corona.png","type":"image\/png"}],"author":"La Sentinelle","twitter_card":"summary_large_image","twitter_misc":{"\u00c9crit par":"La Sentinelle","Dur\u00e9e de lecture estim\u00e9e":"1 minute"},"schema":{"@context":"https:\/\/schema.org","@graph":[{"@type":"Article","@id":"https:\/\/lasentinelle.dz\/index.php\/2022\/04\/03\/covid-19-nouvelles-mesures-dallegement-des-conditions-sanitaires\/#article","isPartOf":{"@id":"https:\/\/lasentinelle.dz\/index.php\/2022\/04\/03\/covid-19-nouvelles-mesures-dallegement-des-conditions-sanitaires\/"},"author":{"name":"La Sentinelle","@id":"https:\/\/lasentinelle.dz\/#\/schema\/person\/d865044e22e70a75174ce8bcad3acfb3"},"headline":"Covid-19\u00a0:\u00a0Nouvelles mesures d\u2019all\u00e9gement des conditions sanitaires","datePublished":"2022-04-02T23:01:00+00:00","mainEntityOfPage":{"@id":"https:\/\/lasentinelle.dz\/index.php\/2022\/04\/03\/covid-19-nouvelles-mesures-dallegement-des-conditions-sanitaires\/"},"wordCount":266,"commentCount":0,"publisher":{"@id":"https:\/\/lasentinelle.dz\/#organization"},"image":{"@id":"https:\/\/lasentinelle.dz\/index.php\/2022\/04\/03\/covid-19-nouvelles-mesures-dallegement-des-conditions-sanitaires\/#primaryimage"},"thumbnailUrl":"https:\/\/lasentinelle.dz\/wp-content\/uploads\/2021\/12\/ecole-corona.png","articleSection":["Actualit\u00e9"],"inLanguage":"fr-FR","potentialAction":[{"@type":"CommentAction","name":"Comment","target":["https:\/\/lasentinelle.dz\/index.php\/2022\/04\/03\/covid-19-nouvelles-mesures-dallegement-des-conditions-sanitaires\/#respond"]}]},{"@type":"WebPage","@id":"https:\/\/lasentinelle.dz\/index.php\/2022\/04\/03\/covid-19-nouvelles-mesures-dallegement-des-conditions-sanitaires\/","url":"https:\/\/lasentinelle.dz\/index.php\/2022\/04\/03\/covid-19-nouvelles-mesures-dallegement-des-conditions-sanitaires\/","name":"Covid-19\u00a0:\u00a0Nouvelles mesures d\u2019all\u00e9gement des conditions sanitaires - La Sentinelle","isPartOf":{"@id":"https:\/\/lasentinelle.dz\/#website"},"primaryImageOfPage":{"@id":"https:\/\/lasentinelle.dz\/index.php\/2022\/04\/03\/covid-19-nouvelles-mesures-dallegement-des-conditions-sanitaires\/#primaryimage"},"image":{"@id":"https:\/\/lasentinelle.dz\/index.php\/2022\/04\/03\/covid-19-nouvelles-mesures-dallegement-des-conditions-sanitaires\/#primaryimage"},"thumbnailUrl":"https:\/\/lasentinelle.dz\/wp-content\/uploads\/2021\/12\/ecole-corona.png","datePublished":"2022-04-02T23:01:00+00:00","breadcrumb":{"@id":"https:\/\/lasentinelle.dz\/index.php\/2022\/04\/03\/covid-19-nouvelles-mesures-dallegement-des-conditions-sanitaires\/#breadcrumb"},"inLanguage":"fr-FR","potentialAction":[{"@type":"ReadAction","target":["https:\/\/lasentinelle.dz\/index.php\/2022\/04\/03\/covid-19-nouvelles-mesures-dallegement-des-conditions-sanitaires\/"]}]},{"@type":"ImageObject","inLanguage":"fr-FR","@id":"https:\/\/lasentinelle.dz\/index.php\/2022\/04\/03\/covid-19-nouvelles-mesures-dallegement-des-conditions-sanitaires\/#primaryimage","url":"https:\/\/lasentinelle.dz\/wp-content\/uploads\/2021\/12\/ecole-corona.png","contentUrl":"https:\/\/lasentinelle.dz\/wp-content\/uploads\/2021\/12\/ecole-corona.png","width":1600,"height":900},{"@type":"BreadcrumbList","@id":"https:\/\/lasentinelle.dz\/index.php\/2022\/04\/03\/covid-19-nouvelles-mesures-dallegement-des-conditions-sanitaires\/#breadcrumb","itemListElement":[{"@type":"ListItem","position":1,"name":"Accueil","item":"https:\/\/lasentinelle.dz\/"},{"@type":"ListItem","position":2,"name":"Covid-19\u00a0:\u00a0Nouvelles mesures d\u2019all\u00e9gement des conditions sanitaires"}]},{"@type":"WebSite","@id":"https:\/\/lasentinelle.dz\/#website","url":"https:\/\/lasentinelle.dz\/","name":"La Sentinelle","description":"Quotidien national d&#039;information","publisher":{"@id":"https:\/\/lasentinelle.dz\/#organization"},"potentialAction":[{"@type":"SearchAction","target":{"@type":"EntryPoint","urlTemplate":"https:\/\/lasentinelle.dz\/?s={search_term_string}"},"query-input":{"@type":"PropertyValueSpecification","valueRequired":true,"valueName":"search_term_string"}}],"inLanguage":"fr-FR"},{"@type":"Organization","@id":"https:\/\/lasentinelle.dz\/#organization","name":"Quotidien La Sentinelle","url":"https:\/\/lasentinelle.dz\/","logo":{"@type":"ImageObject","inLanguage":"fr-FR","@id":"https:\/\/lasentinelle.dz\/#\/schema\/logo\/image\/","url":"https:\/\/lasentinelle.dz\/wp-content\/uploads\/2021\/09\/logo-sentinelleSLOGAN-1.png","contentUrl":"https:\/\/lasentinelle.dz\/wp-content\/uploads\/2021\/09\/logo-sentinelleSLOGAN-1.png","width":615,"height":142,"caption":"Quotidien La Sentinelle"},"image":{"@id":"https:\/\/lasentinelle.dz\/#\/schema\/logo\/image\/"},"sameAs":["https:\/\/www.facebook.com\/La-Sentinelle-104059864394773"]},{"@type":"Person","@id":"https:\/\/lasentinelle.dz\/#\/schema\/person\/d865044e22e70a75174ce8bcad3acfb3","name":"La Sentinelle","image":{"@type":"ImageObject","inLanguage":"fr-FR","@id":"https:\/\/secure.gravatar.com\/avatar\/57de8e5d4b15d43fb361a71fbb36338450fe67865b528a43dd10ef7c51a20392?s=96&d=mm&r=g","url":"https:\/\/secure.gravatar.com\/avatar\/57de8e5d4b15d43fb361a71fbb36338450fe67865b528a43dd10ef7c51a20392?s=96&d=mm&r=g","contentUrl":"https:\/\/secure.gravatar.com\/avatar\/57de8e5d4b15d43fb361a71fbb36338450fe67865b528a43dd10ef7c51a20392?s=96&d=mm&r=g","caption":"La Sentinelle"},"sameAs":["http:\/\/www.lasentinelle.dz"],"url":"https:\/\/lasentinelle.dz\/author\/redaction\/"}]}},"_links":{"self":[{"href":"https:\/\/lasentinelle.dz\/index.php\/wp-json\/wp\/v2\/posts\/19263","targetHints":{"allow":["GET"]}}],"collection":[{"href":"https:\/\/lasentinelle.dz\/index.php\/wp-json\/wp\/v2\/posts"}],"about":[{"href":"https:\/\/lasentinelle.dz\/index.php\/wp-json\/wp\/v2\/types\/post"}],"author":[{"embeddable":true,"href":"https:\/\/lasentinelle.dz\/index.php\/wp-json\/wp\/v2\/users\/3"}],"replies":[{"embeddable":true,"href":"https:\/\/lasentinelle.dz\/index.php\/wp-json\/wp\/v2\/comments?post=19263"}],"version-history":[{"count":1,"href":"https:\/\/lasentinelle.dz\/index.php\/wp-json\/wp\/v2\/posts\/19263\/revisions"}],"predecessor-version":[{"id":19269,"href":"https:\/\/lasentinelle.dz\/index.php\/wp-json\/wp\/v2\/posts\/19263\/revisions\/19269"}],"wp:featuredmedia":[{"embeddable":true,"href":"https:\/\/lasentinelle.dz\/index.php\/wp-json\/wp\/v2\/media\/14455"}],"wp:attachment":[{"href":"https:\/\/lasentinelle.dz\/index.php\/wp-json\/wp\/v2\/media?parent=19263"}],"wp:term":[{"taxonomy":"category","embeddable":true,"href":"https:\/\/lasentinelle.dz\/index.php\/wp-json\/wp\/v2\/categories?post=19263"},{"taxonomy":"post_tag","embeddable":true,"href":"https:\/\/lasentinelle.dz\/index.php\/wp-json\/wp\/v2\/tags?post=19263"}],"curies":[{"name":"wp","href":"https:\/\/api.w.org\/{rel}","templated":true}]}}