{"id":19340,"date":"2022-04-05T00:01:00","date_gmt":"2022-04-04T23:01:00","guid":{"rendered":"https:\/\/lasentinelle.dz\/?p=19340"},"modified":"2022-04-04T16:02:11","modified_gmt":"2022-04-04T15:02:11","slug":"tizi-ouzou-amagueur-n-tafsouth-renait-de-ses-cendres","status":"publish","type":"post","link":"https:\/\/lasentinelle.dz\/index.php\/2022\/04\/05\/tizi-ouzou-amagueur-n-tafsouth-renait-de-ses-cendres\/","title":{"rendered":"Tizi-Ouzou\u00a0: \u00ab\u00a0Amagueur N Tafsouth\u00a0\u00bb\u00a0rena\u00eet de ses cendres"},"content":{"rendered":"\n<p>La coutume&nbsp;remonte \u00e0 des temps lointains&nbsp;et est li\u00e9e \u00e0&nbsp;un mythe. Pourtant, c\u2019est bien une r\u00e9alit\u00e9 sociale qui n\u2019a rien \u00e0 avoir avec la mythologie. Une tradition que les berb\u00e8res ont toujours observ\u00e9 mais qui a disparu&nbsp;avant d\u2019\u00eatre de nouveau c\u00e9l\u00e9br\u00e9e.<\/p>\n\n\n\n<p>Cette coutume, c\u2019est bien \u00ab&nbsp;Amagueur N Tafsouth&nbsp;\u00bb ou Rencontre du printemps, rituel c\u00e9l\u00e9br\u00e9 chaque 28 f\u00e9vrier afin d\u2019accueillir le printemps.&nbsp;Les plus vieux s\u2019en souviennent encore.&nbsp;&nbsp;Et, ils observent avec grande joie la r\u00e9\u00e9mergence de la traditionnelle \u00ab rencontre du printemps \u00bb que nos anc\u00eatres c\u00e9l\u00e9braient chaque d\u00e9but du mois de mars marquant l\u2019entr\u00e9e de la saison printani\u00e8re.<\/p>\n\n\n\n<p>La tradition rena\u00eet en effet depuis quelques ann\u00e9es. Appel\u00e9e comme jadis \u00ab Amagueur N Tafsouth ou la rencontre du printemps \u00bb, beaucoup de villages se remettent \u00e0 f\u00eater cette occasion&nbsp;le&nbsp;28 du mois de f\u00e9vrier. Dans le calendrier berb\u00e8re, ce jour co\u00efncide avec le d\u00e9but du printemps. Vendredi pass\u00e9, avec un l\u00e9ger d\u00e9calage d\u00fb \u00e0 d\u2019autres facteurs, le village Tarihant, dans la commune de Boudjima&nbsp;&nbsp;dans la wilaya de Tizi-Ouzou&nbsp;a c\u00e9l\u00e9br\u00e9 cette tradition dans un d\u00e9cor qui rappelle ces temps anciens o\u00f9 la pratique \u00e9tait \u00e0 son apog\u00e9e. T\u00f4t dans la matin\u00e9e, avant la lev\u00e9e du soleil, les villageois, hommes, femmes,&nbsp;personnes \u00e2g\u00e9es&nbsp;et enfants et m\u00eame quelques animaux domestiques se sont regroup\u00e9s au niveau de la place du village. L\u2019objectif : aller \u00e0 la rencontre du printemps.<\/p>\n\n\n\n<p>En effet, avant la lev\u00e9e du soleil, le d\u00e9cor est d\u00e9j\u00e0 plant\u00e9. Habill\u00e9s de toutes les couleurs, les enfants et les femmes formaient un arc-en-ciel parall\u00e8lement aux hommes qui ont, tous, sorti le burnous blanc, pour la plupart, h\u00e9rit\u00e9s deleurs&nbsp;parents et grands-parents. A pas press\u00e9s, la procession prend la route vers Azaghar. Azaghar est un champ situ\u00e9 en contrebas du village, tout pr\u00e8s de la rivi\u00e8re. Le cort\u00e8ge \u00e9tait accompagn\u00e9 d\u2019airs jou\u00e9s par les tambourins. Les enfants&nbsp;sautaient&nbsp;de joie. Arriv\u00e9s sur place, les gens se mettent \u00e0 cueillir les fleurs et les enfants \u00e0 courir dans les herbes encore&nbsp;humides&nbsp;de ros\u00e9e.<\/p>\n\n\n\n<p>Puis, comme le veut aussi la tradition, les personnes \u00e2g\u00e9es expliquent aux jeunes&nbsp;&nbsp;g\u00e9n\u00e9rations les objectifs de cette f\u00eate qui renseigne amplement sur le lien \u00e9troit entre la vie des humains et le rythme des saisons.&nbsp;&nbsp;L\u2019arriv\u00e9e du printemps signifiait le retour de la vie apr\u00e8s une hibernation qui aura dur\u00e9 trois longs mois. Cette date signifiait \u00e9galement l\u2019approche de la saison des r\u00e9coltes de c\u00e9r\u00e9ales. N\u2019est-ce pas que l\u2019Afrique du Nord \u00e9tait jadis le pourvoyeur du monde en bl\u00e9 dans toutes ses d\u00e9clinaisons. Les vieux aussi, comme les anciens, ont prodigu\u00e9 des le\u00e7ons de greffage d\u2019oliviers et de divers plants aux jeunes g\u00e9n\u00e9rations. Pour l\u2019occasion, les femmes n\u2019ont pas manqu\u00e9 d\u2019\u00e9taler la cuisine locale dans toute sa splendeur avec des plats cuits sur place au feu de bois.<\/p>\n\n\n\n<p>En fait, Amagueur N Tafsouth n\u2019est pas seulement c\u00e9l\u00e9br\u00e9 dans le village Tarihant. Beaucoup de villages&nbsp;de la wilaya de Tizi-Ouzou&nbsp;c\u00e9l\u00e8brent cette f\u00eate ancestrale ces derni\u00e8res ann\u00e9es. A Tifra, village situ\u00e9 dans la commune de Tigzirt, sur le littoral a \u00e9galement c\u00e9l\u00e9br\u00e9 l\u2019arriv\u00e9e du printemps dans la m\u00eame ambiance. Le village Akaouj, dans la commune d\u2019A\u00eft A\u00efssa Mimoun a \u00e9galement f\u00eat\u00e9 la rencontre du printemps, il y a quelques jours.&nbsp;&nbsp;&nbsp;Amagueur N Tafsouth rena\u00eet de ses cendres gr\u00e2ce, faut-il le signaler, au mouvement associatif local et ses infatigables animateurs \u00e0 l\u2019instar de l\u2019association Garoura de Tarihant.&nbsp;&nbsp;<\/p>\n\n\n\n<p><strong>Kamel Nait Ameur<\/strong><\/p>\n","protected":false},"excerpt":{"rendered":"<p>La coutume&nbsp;remonte \u00e0 des temps lointains&nbsp;et est li\u00e9e \u00e0&nbsp;un mythe. Pourtant, c\u2019est bien une r\u00e9alit\u00e9 sociale qui n\u2019a rien \u00e0<\/p>\n","protected":false},"author":3,"featured_media":19358,"comment_status":"open","ping_status":"closed","sticky":false,"template":"","format":"standard","meta":{"colormag_page_container_layout":"default_layout","colormag_page_sidebar_layout":"default_layout","om_disable_all_campaigns":false,"_monsterinsights_skip_tracking":false,"_monsterinsights_sitenote_active":false,"_monsterinsights_sitenote_note":"","_monsterinsights_sitenote_category":0,"footnotes":"","_wpscppro_dont_share_socialmedia":false,"_wpscppro_custom_social_share_image":0,"_facebook_share_type":"","_twitter_share_type":"","_linkedin_share_type":"","_pinterest_share_type":"","_linkedin_share_type_page":"","_instagram_share_type":"","_medium_share_type":"","_threads_share_type":"","_google_business_share_type":"","_selected_social_profile":[],"_wpsp_enable_custom_social_template":false,"_wpsp_social_scheduling":{"enabled":false,"datetime":null,"platforms":[],"status":"template_only","dateOption":"today","timeOption":"now","customDays":"","customHours":"","customDate":"","customTime":"","schedulingType":"absolute"},"_wpsp_active_default_template":true},"categories":[31],"tags":[],"class_list":["post-19340","post","type-post","status-publish","format-standard","has-post-thumbnail","hentry","category-regions"],"aioseo_notices":[],"yoast_head":"<!-- This site is optimized with the Yoast SEO plugin v27.5 - https:\/\/yoast.com\/product\/yoast-seo-wordpress\/ -->\n<title>Tizi-Ouzou\u00a0: \u00ab\u00a0Amagueur N Tafsouth\u00a0\u00bb\u00a0rena\u00eet de ses cendres - La Sentinelle<\/title>\n<meta name=\"robots\" content=\"index, follow, max-snippet:-1, max-image-preview:large, max-video-preview:-1\" \/>\n<link rel=\"canonical\" href=\"https:\/\/lasentinelle.dz\/index.php\/2022\/04\/05\/tizi-ouzou-amagueur-n-tafsouth-renait-de-ses-cendres\/\" \/>\n<meta property=\"og:locale\" content=\"fr_FR\" \/>\n<meta property=\"og:type\" content=\"article\" \/>\n<meta property=\"og:title\" content=\"Tizi-Ouzou\u00a0: \u00ab\u00a0Amagueur N Tafsouth\u00a0\u00bb\u00a0rena\u00eet de ses cendres - La Sentinelle\" \/>\n<meta property=\"og:description\" content=\"La coutume&nbsp;remonte \u00e0 des temps lointains&nbsp;et est li\u00e9e \u00e0&nbsp;un mythe. Pourtant, c\u2019est bien une r\u00e9alit\u00e9 sociale qui n\u2019a rien \u00e0\" \/>\n<meta property=\"og:url\" content=\"https:\/\/lasentinelle.dz\/index.php\/2022\/04\/05\/tizi-ouzou-amagueur-n-tafsouth-renait-de-ses-cendres\/\" \/>\n<meta property=\"og:site_name\" content=\"La Sentinelle\" \/>\n<meta property=\"article:publisher\" content=\"https:\/\/www.facebook.com\/La-Sentinelle-104059864394773\" \/>\n<meta property=\"article:published_time\" content=\"2022-04-04T23:01:00+00:00\" \/>\n<meta property=\"og:image\" content=\"https:\/\/lasentinelle.dz\/wp-content\/uploads\/2022\/04\/tarihant.png\" \/>\n\t<meta property=\"og:image:width\" content=\"673\" \/>\n\t<meta property=\"og:image:height\" content=\"900\" \/>\n\t<meta property=\"og:image:type\" content=\"image\/png\" \/>\n<meta name=\"author\" content=\"La Sentinelle\" \/>\n<meta name=\"twitter:card\" content=\"summary_large_image\" \/>\n<meta name=\"twitter:label1\" content=\"\u00c9crit par\" \/>\n\t<meta name=\"twitter:data1\" content=\"La Sentinelle\" \/>\n\t<meta name=\"twitter:label2\" content=\"Dur\u00e9e de lecture estim\u00e9e\" \/>\n\t<meta name=\"twitter:data2\" content=\"3 minutes\" \/>\n<script type=\"application\/ld+json\" class=\"yoast-schema-graph\">{\"@context\":\"https:\\\/\\\/schema.org\",\"@graph\":[{\"@type\":\"Article\",\"@id\":\"https:\\\/\\\/lasentinelle.dz\\\/index.php\\\/2022\\\/04\\\/05\\\/tizi-ouzou-amagueur-n-tafsouth-renait-de-ses-cendres\\\/#article\",\"isPartOf\":{\"@id\":\"https:\\\/\\\/lasentinelle.dz\\\/index.php\\\/2022\\\/04\\\/05\\\/tizi-ouzou-amagueur-n-tafsouth-renait-de-ses-cendres\\\/\"},\"author\":{\"name\":\"La Sentinelle\",\"@id\":\"https:\\\/\\\/lasentinelle.dz\\\/#\\\/schema\\\/person\\\/d865044e22e70a75174ce8bcad3acfb3\"},\"headline\":\"Tizi-Ouzou\u00a0: \u00ab\u00a0Amagueur N Tafsouth\u00a0\u00bb\u00a0rena\u00eet de ses cendres\",\"datePublished\":\"2022-04-04T23:01:00+00:00\",\"mainEntityOfPage\":{\"@id\":\"https:\\\/\\\/lasentinelle.dz\\\/index.php\\\/2022\\\/04\\\/05\\\/tizi-ouzou-amagueur-n-tafsouth-renait-de-ses-cendres\\\/\"},\"wordCount\":691,\"commentCount\":0,\"publisher\":{\"@id\":\"https:\\\/\\\/lasentinelle.dz\\\/#organization\"},\"image\":{\"@id\":\"https:\\\/\\\/lasentinelle.dz\\\/index.php\\\/2022\\\/04\\\/05\\\/tizi-ouzou-amagueur-n-tafsouth-renait-de-ses-cendres\\\/#primaryimage\"},\"thumbnailUrl\":\"https:\\\/\\\/lasentinelle.dz\\\/wp-content\\\/uploads\\\/2022\\\/04\\\/tarihant.png\",\"articleSection\":[\"R\u00e9gions\"],\"inLanguage\":\"fr-FR\",\"potentialAction\":[{\"@type\":\"CommentAction\",\"name\":\"Comment\",\"target\":[\"https:\\\/\\\/lasentinelle.dz\\\/index.php\\\/2022\\\/04\\\/05\\\/tizi-ouzou-amagueur-n-tafsouth-renait-de-ses-cendres\\\/#respond\"]}]},{\"@type\":\"WebPage\",\"@id\":\"https:\\\/\\\/lasentinelle.dz\\\/index.php\\\/2022\\\/04\\\/05\\\/tizi-ouzou-amagueur-n-tafsouth-renait-de-ses-cendres\\\/\",\"url\":\"https:\\\/\\\/lasentinelle.dz\\\/index.php\\\/2022\\\/04\\\/05\\\/tizi-ouzou-amagueur-n-tafsouth-renait-de-ses-cendres\\\/\",\"name\":\"Tizi-Ouzou\u00a0: \u00ab\u00a0Amagueur N Tafsouth\u00a0\u00bb\u00a0rena\u00eet de ses cendres - La Sentinelle\",\"isPartOf\":{\"@id\":\"https:\\\/\\\/lasentinelle.dz\\\/#website\"},\"primaryImageOfPage\":{\"@id\":\"https:\\\/\\\/lasentinelle.dz\\\/index.php\\\/2022\\\/04\\\/05\\\/tizi-ouzou-amagueur-n-tafsouth-renait-de-ses-cendres\\\/#primaryimage\"},\"image\":{\"@id\":\"https:\\\/\\\/lasentinelle.dz\\\/index.php\\\/2022\\\/04\\\/05\\\/tizi-ouzou-amagueur-n-tafsouth-renait-de-ses-cendres\\\/#primaryimage\"},\"thumbnailUrl\":\"https:\\\/\\\/lasentinelle.dz\\\/wp-content\\\/uploads\\\/2022\\\/04\\\/tarihant.png\",\"datePublished\":\"2022-04-04T23:01:00+00:00\",\"breadcrumb\":{\"@id\":\"https:\\\/\\\/lasentinelle.dz\\\/index.php\\\/2022\\\/04\\\/05\\\/tizi-ouzou-amagueur-n-tafsouth-renait-de-ses-cendres\\\/#breadcrumb\"},\"inLanguage\":\"fr-FR\",\"potentialAction\":[{\"@type\":\"ReadAction\",\"target\":[\"https:\\\/\\\/lasentinelle.dz\\\/index.php\\\/2022\\\/04\\\/05\\\/tizi-ouzou-amagueur-n-tafsouth-renait-de-ses-cendres\\\/\"]}]},{\"@type\":\"ImageObject\",\"inLanguage\":\"fr-FR\",\"@id\":\"https:\\\/\\\/lasentinelle.dz\\\/index.php\\\/2022\\\/04\\\/05\\\/tizi-ouzou-amagueur-n-tafsouth-renait-de-ses-cendres\\\/#primaryimage\",\"url\":\"https:\\\/\\\/lasentinelle.dz\\\/wp-content\\\/uploads\\\/2022\\\/04\\\/tarihant.png\",\"contentUrl\":\"https:\\\/\\\/lasentinelle.dz\\\/wp-content\\\/uploads\\\/2022\\\/04\\\/tarihant.png\",\"width\":673,\"height\":900},{\"@type\":\"BreadcrumbList\",\"@id\":\"https:\\\/\\\/lasentinelle.dz\\\/index.php\\\/2022\\\/04\\\/05\\\/tizi-ouzou-amagueur-n-tafsouth-renait-de-ses-cendres\\\/#breadcrumb\",\"itemListElement\":[{\"@type\":\"ListItem\",\"position\":1,\"name\":\"Accueil\",\"item\":\"https:\\\/\\\/lasentinelle.dz\\\/\"},{\"@type\":\"ListItem\",\"position\":2,\"name\":\"Tizi-Ouzou\u00a0: \u00ab\u00a0Amagueur N Tafsouth\u00a0\u00bb\u00a0rena\u00eet de ses cendres\"}]},{\"@type\":\"WebSite\",\"@id\":\"https:\\\/\\\/lasentinelle.dz\\\/#website\",\"url\":\"https:\\\/\\\/lasentinelle.dz\\\/\",\"name\":\"La Sentinelle\",\"description\":\"Quotidien national d&#039;information\",\"publisher\":{\"@id\":\"https:\\\/\\\/lasentinelle.dz\\\/#organization\"},\"potentialAction\":[{\"@type\":\"SearchAction\",\"target\":{\"@type\":\"EntryPoint\",\"urlTemplate\":\"https:\\\/\\\/lasentinelle.dz\\\/?s={search_term_string}\"},\"query-input\":{\"@type\":\"PropertyValueSpecification\",\"valueRequired\":true,\"valueName\":\"search_term_string\"}}],\"inLanguage\":\"fr-FR\"},{\"@type\":\"Organization\",\"@id\":\"https:\\\/\\\/lasentinelle.dz\\\/#organization\",\"name\":\"Quotidien La Sentinelle\",\"url\":\"https:\\\/\\\/lasentinelle.dz\\\/\",\"logo\":{\"@type\":\"ImageObject\",\"inLanguage\":\"fr-FR\",\"@id\":\"https:\\\/\\\/lasentinelle.dz\\\/#\\\/schema\\\/logo\\\/image\\\/\",\"url\":\"https:\\\/\\\/lasentinelle.dz\\\/wp-content\\\/uploads\\\/2021\\\/09\\\/logo-sentinelleSLOGAN-1.png\",\"contentUrl\":\"https:\\\/\\\/lasentinelle.dz\\\/wp-content\\\/uploads\\\/2021\\\/09\\\/logo-sentinelleSLOGAN-1.png\",\"width\":615,\"height\":142,\"caption\":\"Quotidien La Sentinelle\"},\"image\":{\"@id\":\"https:\\\/\\\/lasentinelle.dz\\\/#\\\/schema\\\/logo\\\/image\\\/\"},\"sameAs\":[\"https:\\\/\\\/www.facebook.com\\\/La-Sentinelle-104059864394773\"]},{\"@type\":\"Person\",\"@id\":\"https:\\\/\\\/lasentinelle.dz\\\/#\\\/schema\\\/person\\\/d865044e22e70a75174ce8bcad3acfb3\",\"name\":\"La Sentinelle\",\"image\":{\"@type\":\"ImageObject\",\"inLanguage\":\"fr-FR\",\"@id\":\"https:\\\/\\\/secure.gravatar.com\\\/avatar\\\/57de8e5d4b15d43fb361a71fbb36338450fe67865b528a43dd10ef7c51a20392?s=96&d=mm&r=g\",\"url\":\"https:\\\/\\\/secure.gravatar.com\\\/avatar\\\/57de8e5d4b15d43fb361a71fbb36338450fe67865b528a43dd10ef7c51a20392?s=96&d=mm&r=g\",\"contentUrl\":\"https:\\\/\\\/secure.gravatar.com\\\/avatar\\\/57de8e5d4b15d43fb361a71fbb36338450fe67865b528a43dd10ef7c51a20392?s=96&d=mm&r=g\",\"caption\":\"La Sentinelle\"},\"sameAs\":[\"http:\\\/\\\/www.lasentinelle.dz\"],\"url\":\"https:\\\/\\\/lasentinelle.dz\\\/author\\\/redaction\\\/\"}]}<\/script>\n<!-- \/ Yoast SEO plugin. -->","yoast_head_json":{"title":"Tizi-Ouzou\u00a0: \u00ab\u00a0Amagueur N Tafsouth\u00a0\u00bb\u00a0rena\u00eet de ses cendres - La Sentinelle","robots":{"index":"index","follow":"follow","max-snippet":"max-snippet:-1","max-image-preview":"max-image-preview:large","max-video-preview":"max-video-preview:-1"},"canonical":"https:\/\/lasentinelle.dz\/index.php\/2022\/04\/05\/tizi-ouzou-amagueur-n-tafsouth-renait-de-ses-cendres\/","og_locale":"fr_FR","og_type":"article","og_title":"Tizi-Ouzou\u00a0: \u00ab\u00a0Amagueur N Tafsouth\u00a0\u00bb\u00a0rena\u00eet de ses cendres - La Sentinelle","og_description":"La coutume&nbsp;remonte \u00e0 des temps lointains&nbsp;et est li\u00e9e \u00e0&nbsp;un mythe. Pourtant, c\u2019est bien une r\u00e9alit\u00e9 sociale qui n\u2019a rien \u00e0","og_url":"https:\/\/lasentinelle.dz\/index.php\/2022\/04\/05\/tizi-ouzou-amagueur-n-tafsouth-renait-de-ses-cendres\/","og_site_name":"La Sentinelle","article_publisher":"https:\/\/www.facebook.com\/La-Sentinelle-104059864394773","article_published_time":"2022-04-04T23:01:00+00:00","og_image":[{"width":673,"height":900,"url":"https:\/\/lasentinelle.dz\/wp-content\/uploads\/2022\/04\/tarihant.png","type":"image\/png"}],"author":"La Sentinelle","twitter_card":"summary_large_image","twitter_misc":{"\u00c9crit par":"La Sentinelle","Dur\u00e9e de lecture estim\u00e9e":"3 minutes"},"schema":{"@context":"https:\/\/schema.org","@graph":[{"@type":"Article","@id":"https:\/\/lasentinelle.dz\/index.php\/2022\/04\/05\/tizi-ouzou-amagueur-n-tafsouth-renait-de-ses-cendres\/#article","isPartOf":{"@id":"https:\/\/lasentinelle.dz\/index.php\/2022\/04\/05\/tizi-ouzou-amagueur-n-tafsouth-renait-de-ses-cendres\/"},"author":{"name":"La Sentinelle","@id":"https:\/\/lasentinelle.dz\/#\/schema\/person\/d865044e22e70a75174ce8bcad3acfb3"},"headline":"Tizi-Ouzou\u00a0: \u00ab\u00a0Amagueur N Tafsouth\u00a0\u00bb\u00a0rena\u00eet de ses cendres","datePublished":"2022-04-04T23:01:00+00:00","mainEntityOfPage":{"@id":"https:\/\/lasentinelle.dz\/index.php\/2022\/04\/05\/tizi-ouzou-amagueur-n-tafsouth-renait-de-ses-cendres\/"},"wordCount":691,"commentCount":0,"publisher":{"@id":"https:\/\/lasentinelle.dz\/#organization"},"image":{"@id":"https:\/\/lasentinelle.dz\/index.php\/2022\/04\/05\/tizi-ouzou-amagueur-n-tafsouth-renait-de-ses-cendres\/#primaryimage"},"thumbnailUrl":"https:\/\/lasentinelle.dz\/wp-content\/uploads\/2022\/04\/tarihant.png","articleSection":["R\u00e9gions"],"inLanguage":"fr-FR","potentialAction":[{"@type":"CommentAction","name":"Comment","target":["https:\/\/lasentinelle.dz\/index.php\/2022\/04\/05\/tizi-ouzou-amagueur-n-tafsouth-renait-de-ses-cendres\/#respond"]}]},{"@type":"WebPage","@id":"https:\/\/lasentinelle.dz\/index.php\/2022\/04\/05\/tizi-ouzou-amagueur-n-tafsouth-renait-de-ses-cendres\/","url":"https:\/\/lasentinelle.dz\/index.php\/2022\/04\/05\/tizi-ouzou-amagueur-n-tafsouth-renait-de-ses-cendres\/","name":"Tizi-Ouzou\u00a0: \u00ab\u00a0Amagueur N Tafsouth\u00a0\u00bb\u00a0rena\u00eet de ses cendres - La Sentinelle","isPartOf":{"@id":"https:\/\/lasentinelle.dz\/#website"},"primaryImageOfPage":{"@id":"https:\/\/lasentinelle.dz\/index.php\/2022\/04\/05\/tizi-ouzou-amagueur-n-tafsouth-renait-de-ses-cendres\/#primaryimage"},"image":{"@id":"https:\/\/lasentinelle.dz\/index.php\/2022\/04\/05\/tizi-ouzou-amagueur-n-tafsouth-renait-de-ses-cendres\/#primaryimage"},"thumbnailUrl":"https:\/\/lasentinelle.dz\/wp-content\/uploads\/2022\/04\/tarihant.png","datePublished":"2022-04-04T23:01:00+00:00","breadcrumb":{"@id":"https:\/\/lasentinelle.dz\/index.php\/2022\/04\/05\/tizi-ouzou-amagueur-n-tafsouth-renait-de-ses-cendres\/#breadcrumb"},"inLanguage":"fr-FR","potentialAction":[{"@type":"ReadAction","target":["https:\/\/lasentinelle.dz\/index.php\/2022\/04\/05\/tizi-ouzou-amagueur-n-tafsouth-renait-de-ses-cendres\/"]}]},{"@type":"ImageObject","inLanguage":"fr-FR","@id":"https:\/\/lasentinelle.dz\/index.php\/2022\/04\/05\/tizi-ouzou-amagueur-n-tafsouth-renait-de-ses-cendres\/#primaryimage","url":"https:\/\/lasentinelle.dz\/wp-content\/uploads\/2022\/04\/tarihant.png","contentUrl":"https:\/\/lasentinelle.dz\/wp-content\/uploads\/2022\/04\/tarihant.png","width":673,"height":900},{"@type":"BreadcrumbList","@id":"https:\/\/lasentinelle.dz\/index.php\/2022\/04\/05\/tizi-ouzou-amagueur-n-tafsouth-renait-de-ses-cendres\/#breadcrumb","itemListElement":[{"@type":"ListItem","position":1,"name":"Accueil","item":"https:\/\/lasentinelle.dz\/"},{"@type":"ListItem","position":2,"name":"Tizi-Ouzou\u00a0: \u00ab\u00a0Amagueur N Tafsouth\u00a0\u00bb\u00a0rena\u00eet de ses cendres"}]},{"@type":"WebSite","@id":"https:\/\/lasentinelle.dz\/#website","url":"https:\/\/lasentinelle.dz\/","name":"La Sentinelle","description":"Quotidien national d&#039;information","publisher":{"@id":"https:\/\/lasentinelle.dz\/#organization"},"potentialAction":[{"@type":"SearchAction","target":{"@type":"EntryPoint","urlTemplate":"https:\/\/lasentinelle.dz\/?s={search_term_string}"},"query-input":{"@type":"PropertyValueSpecification","valueRequired":true,"valueName":"search_term_string"}}],"inLanguage":"fr-FR"},{"@type":"Organization","@id":"https:\/\/lasentinelle.dz\/#organization","name":"Quotidien La Sentinelle","url":"https:\/\/lasentinelle.dz\/","logo":{"@type":"ImageObject","inLanguage":"fr-FR","@id":"https:\/\/lasentinelle.dz\/#\/schema\/logo\/image\/","url":"https:\/\/lasentinelle.dz\/wp-content\/uploads\/2021\/09\/logo-sentinelleSLOGAN-1.png","contentUrl":"https:\/\/lasentinelle.dz\/wp-content\/uploads\/2021\/09\/logo-sentinelleSLOGAN-1.png","width":615,"height":142,"caption":"Quotidien La Sentinelle"},"image":{"@id":"https:\/\/lasentinelle.dz\/#\/schema\/logo\/image\/"},"sameAs":["https:\/\/www.facebook.com\/La-Sentinelle-104059864394773"]},{"@type":"Person","@id":"https:\/\/lasentinelle.dz\/#\/schema\/person\/d865044e22e70a75174ce8bcad3acfb3","name":"La Sentinelle","image":{"@type":"ImageObject","inLanguage":"fr-FR","@id":"https:\/\/secure.gravatar.com\/avatar\/57de8e5d4b15d43fb361a71fbb36338450fe67865b528a43dd10ef7c51a20392?s=96&d=mm&r=g","url":"https:\/\/secure.gravatar.com\/avatar\/57de8e5d4b15d43fb361a71fbb36338450fe67865b528a43dd10ef7c51a20392?s=96&d=mm&r=g","contentUrl":"https:\/\/secure.gravatar.com\/avatar\/57de8e5d4b15d43fb361a71fbb36338450fe67865b528a43dd10ef7c51a20392?s=96&d=mm&r=g","caption":"La Sentinelle"},"sameAs":["http:\/\/www.lasentinelle.dz"],"url":"https:\/\/lasentinelle.dz\/author\/redaction\/"}]}},"_links":{"self":[{"href":"https:\/\/lasentinelle.dz\/index.php\/wp-json\/wp\/v2\/posts\/19340","targetHints":{"allow":["GET"]}}],"collection":[{"href":"https:\/\/lasentinelle.dz\/index.php\/wp-json\/wp\/v2\/posts"}],"about":[{"href":"https:\/\/lasentinelle.dz\/index.php\/wp-json\/wp\/v2\/types\/post"}],"author":[{"embeddable":true,"href":"https:\/\/lasentinelle.dz\/index.php\/wp-json\/wp\/v2\/users\/3"}],"replies":[{"embeddable":true,"href":"https:\/\/lasentinelle.dz\/index.php\/wp-json\/wp\/v2\/comments?post=19340"}],"version-history":[{"count":1,"href":"https:\/\/lasentinelle.dz\/index.php\/wp-json\/wp\/v2\/posts\/19340\/revisions"}],"predecessor-version":[{"id":19360,"href":"https:\/\/lasentinelle.dz\/index.php\/wp-json\/wp\/v2\/posts\/19340\/revisions\/19360"}],"wp:featuredmedia":[{"embeddable":true,"href":"https:\/\/lasentinelle.dz\/index.php\/wp-json\/wp\/v2\/media\/19358"}],"wp:attachment":[{"href":"https:\/\/lasentinelle.dz\/index.php\/wp-json\/wp\/v2\/media?parent=19340"}],"wp:term":[{"taxonomy":"category","embeddable":true,"href":"https:\/\/lasentinelle.dz\/index.php\/wp-json\/wp\/v2\/categories?post=19340"},{"taxonomy":"post_tag","embeddable":true,"href":"https:\/\/lasentinelle.dz\/index.php\/wp-json\/wp\/v2\/tags?post=19340"}],"curies":[{"name":"wp","href":"https:\/\/api.w.org\/{rel}","templated":true}]}}