{"id":19368,"date":"2022-04-05T00:01:00","date_gmt":"2022-04-04T23:01:00","guid":{"rendered":"https:\/\/lasentinelle.dz\/?p=19368"},"modified":"2022-04-04T17:26:21","modified_gmt":"2022-04-04T16:26:21","slug":"cndh-un-atelier-de-sensibilisation-sur-les-droits-des-autistes","status":"publish","type":"post","link":"https:\/\/lasentinelle.dz\/index.php\/2022\/04\/05\/cndh-un-atelier-de-sensibilisation-sur-les-droits-des-autistes\/","title":{"rendered":"CNDH\u00a0: Un atelier de sensibilisation sur les droits des autistes"},"content":{"rendered":"\n<p>Le Conseil national des droits de l&rsquo;homme (CNDH) a organis\u00e9, hier \u00e0 Alger, un atelier de sensibilisation sur les droits des autistes sous le th\u00e8me \u00ab\u00a0pour une meilleure prise en charge des personnes autistes\u00a0\u00bb, avec la participation de plusieurs minist\u00e8res et de la soci\u00e9t\u00e9 civile. Dans son allocution d&rsquo;ouverture, le pr\u00e9sident du CNDH, Abdelmadjid Zaalani a fait savoir que \u00ab\u00a0l&rsquo;objectif derri\u00e8re l&rsquo;organisation de cet atelier d&rsquo;\u00e9valuation et de sensibilisation \u00e9tait d&rsquo;aplanir les difficult\u00e9s qui se dressent devant cette frange de la soci\u00e9t\u00e9 et de s&rsquo;atteler \u00e0 leur r\u00e9unir les conditions favorables pour qu&rsquo;ils puissent vivre ind\u00e9pendants et mener une vie d\u00e9cente tout en les impliquant dans la vie sociale\u00a0\u00bb. \u00ab\u00a0Cette activit\u00e9 s&rsquo;inscrit dans le cadre de l&rsquo;attachement du CNDH \u00e0 la promotion et la diffusion de la culture des droits de l&rsquo;homme ainsi que la sensibilisation \u00e0 l&rsquo;importance de la prise en charge des franges les plus vuln\u00e9rables de la soci\u00e9t\u00e9, notamment les autistes\u00a0\u00bb, a-t-il poursuivi. \u00ab\u00a0Le CNDH est un m\u00e9canisme national et trait d&rsquo;union entre la soci\u00e9t\u00e9 civile et l&rsquo;Etat pour la promotion et la protection des droits de l&rsquo;homme\u00a0\u00bb, a mis en avant le responsable. Le Conseil assure l&rsquo;accompagnement de la soci\u00e9t\u00e9 civile activant en la mati\u00e8re, l&rsquo;\u00e9valuation, la consultation, soumet les recommandations \u00e0 l&rsquo;Etat concernant le dossier de l&rsquo;autisme et s&rsquo;enquiert du respect des engagements des secteurs concern\u00e9s. Cette rencontre constitue \u00e9galement une occasion pour renforcer l&rsquo;interaction entre les diff\u00e9rents partenaires, en leur permettant de monter \u00e0 la tribune, pr\u00e9senter leurs contributions et mettre en lumi\u00e8re les efforts de l&rsquo;Etat en la mati\u00e8re, notamment les d\u00e9cisions du Conseil des ministres du 18 avril 2021, visant \u00e0 prendre en charge le dossier de l&rsquo;autisme, ainsi que les conclusions de la r\u00e9union du gouvernement du 19 mai 2021 sur le dossier de l&rsquo;autisme, a-t-il indiqu\u00e9. C&rsquo;est pourquoi, cette rencontre est l&rsquo;occasion de mettre en avant les efforts d\u00e9ploy\u00e9s par la soci\u00e9t\u00e9 civile \u00ab\u00a0en vue de parvenir \u00e0 des solutions aux probl\u00e8mes dont souffrent les personnes atteintes d&rsquo;autisme, en ce sens que la soci\u00e9t\u00e9 civile est un partenaire efficace en faveur des droits de l&rsquo;homme, en particulier les cat\u00e9gories vuln\u00e9rables, \u00e0 l&rsquo;instar des personnes souffrant d&rsquo;autisme\u00a0\u00bb, a-t-il soulign\u00e9. La soci\u00e9t\u00e9 civile tend \u00e9galement \u00e0 examiner les solutions propos\u00e9es pour la prise en charge de cette cat\u00e9gorie et les moyens de les concr\u00e9tiser sur le terrain. Plusieurs participants, parmi eux des repr\u00e9sentants de divers d\u00e9partements minist\u00e9riels et d&rsquo;associations de la soci\u00e9t\u00e9 civile activant dans le domaine de la protection des personnes autistes, ont convenu de la n\u00e9cessit\u00e9 \u00ab\u00a0d&rsquo;unir et de conjuguer les efforts pour une meilleure prise en charge de la cat\u00e9gorie de personnes autistes\u00a0\u00bb. Ils ont relev\u00e9, par la m\u00eame, les efforts consentis par divers organismes et instances pour prendre soin de cette cat\u00e9gorie qui c\u00e9l\u00e8bre la Journ\u00e9e mondiale de sensibilisation \u00e0 l&rsquo;autisme, co\u00efncidant avec le 2 avril de chaque ann\u00e9e.<\/p>\n\n\n\n<p>Le workshop a \u00e9t\u00e9 rehauss\u00e9 par la pr\u00e9sence de la d\u00e9l\u00e9gu\u00e9e nationale \u00e0 la protection et \u00e0 la promotion de l\u2019enfance, Meriem Cherfi qui a assur\u00e9, lors de son intervention que \u00ab\u00a0le traitement du dossier de l&rsquo;autisme n\u00e9cessite la conjugaison des efforts de tous les acteurs\u00a0\u00bb, exprimant sa disposition \u00e0 contribuer aux actions visant une prise en charge optimale de cette frange sociale, notamment les enfants, en leur apportant l&rsquo;accompagnement n\u00e9cessaire.<\/p>\n\n\n\n<p><strong>APS<\/strong><\/p>\n","protected":false},"excerpt":{"rendered":"<p>Le Conseil national des droits de l&rsquo;homme (CNDH) a organis\u00e9, hier \u00e0 Alger, un atelier de sensibilisation sur les droits<\/p>\n","protected":false},"author":3,"featured_media":19383,"comment_status":"open","ping_status":"closed","sticky":false,"template":"","format":"standard","meta":{"colormag_page_container_layout":"default_layout","colormag_page_sidebar_layout":"default_layout","om_disable_all_campaigns":false,"_monsterinsights_skip_tracking":false,"_monsterinsights_sitenote_active":false,"_monsterinsights_sitenote_note":"","_monsterinsights_sitenote_category":0,"footnotes":"","_wpscppro_dont_share_socialmedia":false,"_wpscppro_custom_social_share_image":0,"_facebook_share_type":"","_twitter_share_type":"","_linkedin_share_type":"","_pinterest_share_type":"","_linkedin_share_type_page":"","_instagram_share_type":"","_medium_share_type":"","_threads_share_type":"","_google_business_share_type":"","_selected_social_profile":[],"_wpsp_enable_custom_social_template":false,"_wpsp_social_scheduling":{"enabled":false,"datetime":null,"platforms":[],"status":"template_only","dateOption":"today","timeOption":"now","customDays":"","customHours":"","customDate":"","customTime":"","schedulingType":"absolute"},"_wpsp_active_default_template":true},"categories":[27],"tags":[],"class_list":["post-19368","post","type-post","status-publish","format-standard","has-post-thumbnail","hentry","category-actualite"],"aioseo_notices":[],"yoast_head":"<!-- This site is optimized with the Yoast SEO plugin v27.5 - https:\/\/yoast.com\/product\/yoast-seo-wordpress\/ -->\n<title>CNDH\u00a0: Un atelier de sensibilisation sur les droits des autistes - La Sentinelle<\/title>\n<meta name=\"robots\" content=\"index, follow, max-snippet:-1, max-image-preview:large, max-video-preview:-1\" \/>\n<link rel=\"canonical\" href=\"https:\/\/lasentinelle.dz\/index.php\/2022\/04\/05\/cndh-un-atelier-de-sensibilisation-sur-les-droits-des-autistes\/\" \/>\n<meta property=\"og:locale\" content=\"fr_FR\" \/>\n<meta property=\"og:type\" content=\"article\" \/>\n<meta property=\"og:title\" content=\"CNDH\u00a0: Un atelier de sensibilisation sur les droits des autistes - La Sentinelle\" \/>\n<meta property=\"og:description\" content=\"Le Conseil national des droits de l&rsquo;homme (CNDH) a organis\u00e9, hier \u00e0 Alger, un atelier de sensibilisation sur les droits\" \/>\n<meta property=\"og:url\" content=\"https:\/\/lasentinelle.dz\/index.php\/2022\/04\/05\/cndh-un-atelier-de-sensibilisation-sur-les-droits-des-autistes\/\" \/>\n<meta property=\"og:site_name\" content=\"La Sentinelle\" \/>\n<meta property=\"article:publisher\" content=\"https:\/\/www.facebook.com\/La-Sentinelle-104059864394773\" \/>\n<meta property=\"article:published_time\" content=\"2022-04-04T23:01:00+00:00\" \/>\n<meta property=\"og:image\" content=\"https:\/\/lasentinelle.dz\/wp-content\/uploads\/2022\/04\/2ac8ac1540ca6d441781eb774d3a2485_L.jpg\" \/>\n\t<meta property=\"og:image:width\" content=\"855\" \/>\n\t<meta property=\"og:image:height\" content=\"516\" \/>\n\t<meta property=\"og:image:type\" content=\"image\/jpeg\" \/>\n<meta name=\"author\" content=\"La Sentinelle\" \/>\n<meta name=\"twitter:card\" content=\"summary_large_image\" \/>\n<meta name=\"twitter:label1\" content=\"\u00c9crit par\" \/>\n\t<meta name=\"twitter:data1\" content=\"La Sentinelle\" \/>\n\t<meta name=\"twitter:label2\" content=\"Dur\u00e9e de lecture estim\u00e9e\" \/>\n\t<meta name=\"twitter:data2\" content=\"3 minutes\" \/>\n<script type=\"application\/ld+json\" class=\"yoast-schema-graph\">{\"@context\":\"https:\\\/\\\/schema.org\",\"@graph\":[{\"@type\":\"Article\",\"@id\":\"https:\\\/\\\/lasentinelle.dz\\\/index.php\\\/2022\\\/04\\\/05\\\/cndh-un-atelier-de-sensibilisation-sur-les-droits-des-autistes\\\/#article\",\"isPartOf\":{\"@id\":\"https:\\\/\\\/lasentinelle.dz\\\/index.php\\\/2022\\\/04\\\/05\\\/cndh-un-atelier-de-sensibilisation-sur-les-droits-des-autistes\\\/\"},\"author\":{\"name\":\"La Sentinelle\",\"@id\":\"https:\\\/\\\/lasentinelle.dz\\\/#\\\/schema\\\/person\\\/d865044e22e70a75174ce8bcad3acfb3\"},\"headline\":\"CNDH\u00a0: Un atelier de sensibilisation sur les droits des autistes\",\"datePublished\":\"2022-04-04T23:01:00+00:00\",\"mainEntityOfPage\":{\"@id\":\"https:\\\/\\\/lasentinelle.dz\\\/index.php\\\/2022\\\/04\\\/05\\\/cndh-un-atelier-de-sensibilisation-sur-les-droits-des-autistes\\\/\"},\"wordCount\":623,\"commentCount\":0,\"publisher\":{\"@id\":\"https:\\\/\\\/lasentinelle.dz\\\/#organization\"},\"image\":{\"@id\":\"https:\\\/\\\/lasentinelle.dz\\\/index.php\\\/2022\\\/04\\\/05\\\/cndh-un-atelier-de-sensibilisation-sur-les-droits-des-autistes\\\/#primaryimage\"},\"thumbnailUrl\":\"https:\\\/\\\/lasentinelle.dz\\\/wp-content\\\/uploads\\\/2022\\\/04\\\/2ac8ac1540ca6d441781eb774d3a2485_L.jpg\",\"articleSection\":[\"Actualit\u00e9\"],\"inLanguage\":\"fr-FR\",\"potentialAction\":[{\"@type\":\"CommentAction\",\"name\":\"Comment\",\"target\":[\"https:\\\/\\\/lasentinelle.dz\\\/index.php\\\/2022\\\/04\\\/05\\\/cndh-un-atelier-de-sensibilisation-sur-les-droits-des-autistes\\\/#respond\"]}]},{\"@type\":\"WebPage\",\"@id\":\"https:\\\/\\\/lasentinelle.dz\\\/index.php\\\/2022\\\/04\\\/05\\\/cndh-un-atelier-de-sensibilisation-sur-les-droits-des-autistes\\\/\",\"url\":\"https:\\\/\\\/lasentinelle.dz\\\/index.php\\\/2022\\\/04\\\/05\\\/cndh-un-atelier-de-sensibilisation-sur-les-droits-des-autistes\\\/\",\"name\":\"CNDH\u00a0: Un atelier de sensibilisation sur les droits des autistes - La Sentinelle\",\"isPartOf\":{\"@id\":\"https:\\\/\\\/lasentinelle.dz\\\/#website\"},\"primaryImageOfPage\":{\"@id\":\"https:\\\/\\\/lasentinelle.dz\\\/index.php\\\/2022\\\/04\\\/05\\\/cndh-un-atelier-de-sensibilisation-sur-les-droits-des-autistes\\\/#primaryimage\"},\"image\":{\"@id\":\"https:\\\/\\\/lasentinelle.dz\\\/index.php\\\/2022\\\/04\\\/05\\\/cndh-un-atelier-de-sensibilisation-sur-les-droits-des-autistes\\\/#primaryimage\"},\"thumbnailUrl\":\"https:\\\/\\\/lasentinelle.dz\\\/wp-content\\\/uploads\\\/2022\\\/04\\\/2ac8ac1540ca6d441781eb774d3a2485_L.jpg\",\"datePublished\":\"2022-04-04T23:01:00+00:00\",\"breadcrumb\":{\"@id\":\"https:\\\/\\\/lasentinelle.dz\\\/index.php\\\/2022\\\/04\\\/05\\\/cndh-un-atelier-de-sensibilisation-sur-les-droits-des-autistes\\\/#breadcrumb\"},\"inLanguage\":\"fr-FR\",\"potentialAction\":[{\"@type\":\"ReadAction\",\"target\":[\"https:\\\/\\\/lasentinelle.dz\\\/index.php\\\/2022\\\/04\\\/05\\\/cndh-un-atelier-de-sensibilisation-sur-les-droits-des-autistes\\\/\"]}]},{\"@type\":\"ImageObject\",\"inLanguage\":\"fr-FR\",\"@id\":\"https:\\\/\\\/lasentinelle.dz\\\/index.php\\\/2022\\\/04\\\/05\\\/cndh-un-atelier-de-sensibilisation-sur-les-droits-des-autistes\\\/#primaryimage\",\"url\":\"https:\\\/\\\/lasentinelle.dz\\\/wp-content\\\/uploads\\\/2022\\\/04\\\/2ac8ac1540ca6d441781eb774d3a2485_L.jpg\",\"contentUrl\":\"https:\\\/\\\/lasentinelle.dz\\\/wp-content\\\/uploads\\\/2022\\\/04\\\/2ac8ac1540ca6d441781eb774d3a2485_L.jpg\",\"width\":855,\"height\":516},{\"@type\":\"BreadcrumbList\",\"@id\":\"https:\\\/\\\/lasentinelle.dz\\\/index.php\\\/2022\\\/04\\\/05\\\/cndh-un-atelier-de-sensibilisation-sur-les-droits-des-autistes\\\/#breadcrumb\",\"itemListElement\":[{\"@type\":\"ListItem\",\"position\":1,\"name\":\"Accueil\",\"item\":\"https:\\\/\\\/lasentinelle.dz\\\/\"},{\"@type\":\"ListItem\",\"position\":2,\"name\":\"CNDH\u00a0: Un atelier de sensibilisation sur les droits des autistes\"}]},{\"@type\":\"WebSite\",\"@id\":\"https:\\\/\\\/lasentinelle.dz\\\/#website\",\"url\":\"https:\\\/\\\/lasentinelle.dz\\\/\",\"name\":\"La Sentinelle\",\"description\":\"Quotidien national d&#039;information\",\"publisher\":{\"@id\":\"https:\\\/\\\/lasentinelle.dz\\\/#organization\"},\"potentialAction\":[{\"@type\":\"SearchAction\",\"target\":{\"@type\":\"EntryPoint\",\"urlTemplate\":\"https:\\\/\\\/lasentinelle.dz\\\/?s={search_term_string}\"},\"query-input\":{\"@type\":\"PropertyValueSpecification\",\"valueRequired\":true,\"valueName\":\"search_term_string\"}}],\"inLanguage\":\"fr-FR\"},{\"@type\":\"Organization\",\"@id\":\"https:\\\/\\\/lasentinelle.dz\\\/#organization\",\"name\":\"Quotidien La Sentinelle\",\"url\":\"https:\\\/\\\/lasentinelle.dz\\\/\",\"logo\":{\"@type\":\"ImageObject\",\"inLanguage\":\"fr-FR\",\"@id\":\"https:\\\/\\\/lasentinelle.dz\\\/#\\\/schema\\\/logo\\\/image\\\/\",\"url\":\"https:\\\/\\\/lasentinelle.dz\\\/wp-content\\\/uploads\\\/2021\\\/09\\\/logo-sentinelleSLOGAN-1.png\",\"contentUrl\":\"https:\\\/\\\/lasentinelle.dz\\\/wp-content\\\/uploads\\\/2021\\\/09\\\/logo-sentinelleSLOGAN-1.png\",\"width\":615,\"height\":142,\"caption\":\"Quotidien La Sentinelle\"},\"image\":{\"@id\":\"https:\\\/\\\/lasentinelle.dz\\\/#\\\/schema\\\/logo\\\/image\\\/\"},\"sameAs\":[\"https:\\\/\\\/www.facebook.com\\\/La-Sentinelle-104059864394773\"]},{\"@type\":\"Person\",\"@id\":\"https:\\\/\\\/lasentinelle.dz\\\/#\\\/schema\\\/person\\\/d865044e22e70a75174ce8bcad3acfb3\",\"name\":\"La Sentinelle\",\"image\":{\"@type\":\"ImageObject\",\"inLanguage\":\"fr-FR\",\"@id\":\"https:\\\/\\\/secure.gravatar.com\\\/avatar\\\/57de8e5d4b15d43fb361a71fbb36338450fe67865b528a43dd10ef7c51a20392?s=96&d=mm&r=g\",\"url\":\"https:\\\/\\\/secure.gravatar.com\\\/avatar\\\/57de8e5d4b15d43fb361a71fbb36338450fe67865b528a43dd10ef7c51a20392?s=96&d=mm&r=g\",\"contentUrl\":\"https:\\\/\\\/secure.gravatar.com\\\/avatar\\\/57de8e5d4b15d43fb361a71fbb36338450fe67865b528a43dd10ef7c51a20392?s=96&d=mm&r=g\",\"caption\":\"La Sentinelle\"},\"sameAs\":[\"http:\\\/\\\/www.lasentinelle.dz\"],\"url\":\"https:\\\/\\\/lasentinelle.dz\\\/author\\\/redaction\\\/\"}]}<\/script>\n<!-- \/ Yoast SEO plugin. -->","yoast_head_json":{"title":"CNDH\u00a0: Un atelier de sensibilisation sur les droits des autistes - La Sentinelle","robots":{"index":"index","follow":"follow","max-snippet":"max-snippet:-1","max-image-preview":"max-image-preview:large","max-video-preview":"max-video-preview:-1"},"canonical":"https:\/\/lasentinelle.dz\/index.php\/2022\/04\/05\/cndh-un-atelier-de-sensibilisation-sur-les-droits-des-autistes\/","og_locale":"fr_FR","og_type":"article","og_title":"CNDH\u00a0: Un atelier de sensibilisation sur les droits des autistes - La Sentinelle","og_description":"Le Conseil national des droits de l&rsquo;homme (CNDH) a organis\u00e9, hier \u00e0 Alger, un atelier de sensibilisation sur les droits","og_url":"https:\/\/lasentinelle.dz\/index.php\/2022\/04\/05\/cndh-un-atelier-de-sensibilisation-sur-les-droits-des-autistes\/","og_site_name":"La Sentinelle","article_publisher":"https:\/\/www.facebook.com\/La-Sentinelle-104059864394773","article_published_time":"2022-04-04T23:01:00+00:00","og_image":[{"width":855,"height":516,"url":"https:\/\/lasentinelle.dz\/wp-content\/uploads\/2022\/04\/2ac8ac1540ca6d441781eb774d3a2485_L.jpg","type":"image\/jpeg"}],"author":"La Sentinelle","twitter_card":"summary_large_image","twitter_misc":{"\u00c9crit par":"La Sentinelle","Dur\u00e9e de lecture estim\u00e9e":"3 minutes"},"schema":{"@context":"https:\/\/schema.org","@graph":[{"@type":"Article","@id":"https:\/\/lasentinelle.dz\/index.php\/2022\/04\/05\/cndh-un-atelier-de-sensibilisation-sur-les-droits-des-autistes\/#article","isPartOf":{"@id":"https:\/\/lasentinelle.dz\/index.php\/2022\/04\/05\/cndh-un-atelier-de-sensibilisation-sur-les-droits-des-autistes\/"},"author":{"name":"La Sentinelle","@id":"https:\/\/lasentinelle.dz\/#\/schema\/person\/d865044e22e70a75174ce8bcad3acfb3"},"headline":"CNDH\u00a0: Un atelier de sensibilisation sur les droits des autistes","datePublished":"2022-04-04T23:01:00+00:00","mainEntityOfPage":{"@id":"https:\/\/lasentinelle.dz\/index.php\/2022\/04\/05\/cndh-un-atelier-de-sensibilisation-sur-les-droits-des-autistes\/"},"wordCount":623,"commentCount":0,"publisher":{"@id":"https:\/\/lasentinelle.dz\/#organization"},"image":{"@id":"https:\/\/lasentinelle.dz\/index.php\/2022\/04\/05\/cndh-un-atelier-de-sensibilisation-sur-les-droits-des-autistes\/#primaryimage"},"thumbnailUrl":"https:\/\/lasentinelle.dz\/wp-content\/uploads\/2022\/04\/2ac8ac1540ca6d441781eb774d3a2485_L.jpg","articleSection":["Actualit\u00e9"],"inLanguage":"fr-FR","potentialAction":[{"@type":"CommentAction","name":"Comment","target":["https:\/\/lasentinelle.dz\/index.php\/2022\/04\/05\/cndh-un-atelier-de-sensibilisation-sur-les-droits-des-autistes\/#respond"]}]},{"@type":"WebPage","@id":"https:\/\/lasentinelle.dz\/index.php\/2022\/04\/05\/cndh-un-atelier-de-sensibilisation-sur-les-droits-des-autistes\/","url":"https:\/\/lasentinelle.dz\/index.php\/2022\/04\/05\/cndh-un-atelier-de-sensibilisation-sur-les-droits-des-autistes\/","name":"CNDH\u00a0: Un atelier de sensibilisation sur les droits des autistes - La Sentinelle","isPartOf":{"@id":"https:\/\/lasentinelle.dz\/#website"},"primaryImageOfPage":{"@id":"https:\/\/lasentinelle.dz\/index.php\/2022\/04\/05\/cndh-un-atelier-de-sensibilisation-sur-les-droits-des-autistes\/#primaryimage"},"image":{"@id":"https:\/\/lasentinelle.dz\/index.php\/2022\/04\/05\/cndh-un-atelier-de-sensibilisation-sur-les-droits-des-autistes\/#primaryimage"},"thumbnailUrl":"https:\/\/lasentinelle.dz\/wp-content\/uploads\/2022\/04\/2ac8ac1540ca6d441781eb774d3a2485_L.jpg","datePublished":"2022-04-04T23:01:00+00:00","breadcrumb":{"@id":"https:\/\/lasentinelle.dz\/index.php\/2022\/04\/05\/cndh-un-atelier-de-sensibilisation-sur-les-droits-des-autistes\/#breadcrumb"},"inLanguage":"fr-FR","potentialAction":[{"@type":"ReadAction","target":["https:\/\/lasentinelle.dz\/index.php\/2022\/04\/05\/cndh-un-atelier-de-sensibilisation-sur-les-droits-des-autistes\/"]}]},{"@type":"ImageObject","inLanguage":"fr-FR","@id":"https:\/\/lasentinelle.dz\/index.php\/2022\/04\/05\/cndh-un-atelier-de-sensibilisation-sur-les-droits-des-autistes\/#primaryimage","url":"https:\/\/lasentinelle.dz\/wp-content\/uploads\/2022\/04\/2ac8ac1540ca6d441781eb774d3a2485_L.jpg","contentUrl":"https:\/\/lasentinelle.dz\/wp-content\/uploads\/2022\/04\/2ac8ac1540ca6d441781eb774d3a2485_L.jpg","width":855,"height":516},{"@type":"BreadcrumbList","@id":"https:\/\/lasentinelle.dz\/index.php\/2022\/04\/05\/cndh-un-atelier-de-sensibilisation-sur-les-droits-des-autistes\/#breadcrumb","itemListElement":[{"@type":"ListItem","position":1,"name":"Accueil","item":"https:\/\/lasentinelle.dz\/"},{"@type":"ListItem","position":2,"name":"CNDH\u00a0: Un atelier de sensibilisation sur les droits des autistes"}]},{"@type":"WebSite","@id":"https:\/\/lasentinelle.dz\/#website","url":"https:\/\/lasentinelle.dz\/","name":"La Sentinelle","description":"Quotidien national d&#039;information","publisher":{"@id":"https:\/\/lasentinelle.dz\/#organization"},"potentialAction":[{"@type":"SearchAction","target":{"@type":"EntryPoint","urlTemplate":"https:\/\/lasentinelle.dz\/?s={search_term_string}"},"query-input":{"@type":"PropertyValueSpecification","valueRequired":true,"valueName":"search_term_string"}}],"inLanguage":"fr-FR"},{"@type":"Organization","@id":"https:\/\/lasentinelle.dz\/#organization","name":"Quotidien La Sentinelle","url":"https:\/\/lasentinelle.dz\/","logo":{"@type":"ImageObject","inLanguage":"fr-FR","@id":"https:\/\/lasentinelle.dz\/#\/schema\/logo\/image\/","url":"https:\/\/lasentinelle.dz\/wp-content\/uploads\/2021\/09\/logo-sentinelleSLOGAN-1.png","contentUrl":"https:\/\/lasentinelle.dz\/wp-content\/uploads\/2021\/09\/logo-sentinelleSLOGAN-1.png","width":615,"height":142,"caption":"Quotidien La Sentinelle"},"image":{"@id":"https:\/\/lasentinelle.dz\/#\/schema\/logo\/image\/"},"sameAs":["https:\/\/www.facebook.com\/La-Sentinelle-104059864394773"]},{"@type":"Person","@id":"https:\/\/lasentinelle.dz\/#\/schema\/person\/d865044e22e70a75174ce8bcad3acfb3","name":"La Sentinelle","image":{"@type":"ImageObject","inLanguage":"fr-FR","@id":"https:\/\/secure.gravatar.com\/avatar\/57de8e5d4b15d43fb361a71fbb36338450fe67865b528a43dd10ef7c51a20392?s=96&d=mm&r=g","url":"https:\/\/secure.gravatar.com\/avatar\/57de8e5d4b15d43fb361a71fbb36338450fe67865b528a43dd10ef7c51a20392?s=96&d=mm&r=g","contentUrl":"https:\/\/secure.gravatar.com\/avatar\/57de8e5d4b15d43fb361a71fbb36338450fe67865b528a43dd10ef7c51a20392?s=96&d=mm&r=g","caption":"La Sentinelle"},"sameAs":["http:\/\/www.lasentinelle.dz"],"url":"https:\/\/lasentinelle.dz\/author\/redaction\/"}]}},"_links":{"self":[{"href":"https:\/\/lasentinelle.dz\/index.php\/wp-json\/wp\/v2\/posts\/19368","targetHints":{"allow":["GET"]}}],"collection":[{"href":"https:\/\/lasentinelle.dz\/index.php\/wp-json\/wp\/v2\/posts"}],"about":[{"href":"https:\/\/lasentinelle.dz\/index.php\/wp-json\/wp\/v2\/types\/post"}],"author":[{"embeddable":true,"href":"https:\/\/lasentinelle.dz\/index.php\/wp-json\/wp\/v2\/users\/3"}],"replies":[{"embeddable":true,"href":"https:\/\/lasentinelle.dz\/index.php\/wp-json\/wp\/v2\/comments?post=19368"}],"version-history":[{"count":1,"href":"https:\/\/lasentinelle.dz\/index.php\/wp-json\/wp\/v2\/posts\/19368\/revisions"}],"predecessor-version":[{"id":19384,"href":"https:\/\/lasentinelle.dz\/index.php\/wp-json\/wp\/v2\/posts\/19368\/revisions\/19384"}],"wp:featuredmedia":[{"embeddable":true,"href":"https:\/\/lasentinelle.dz\/index.php\/wp-json\/wp\/v2\/media\/19383"}],"wp:attachment":[{"href":"https:\/\/lasentinelle.dz\/index.php\/wp-json\/wp\/v2\/media?parent=19368"}],"wp:term":[{"taxonomy":"category","embeddable":true,"href":"https:\/\/lasentinelle.dz\/index.php\/wp-json\/wp\/v2\/categories?post=19368"},{"taxonomy":"post_tag","embeddable":true,"href":"https:\/\/lasentinelle.dz\/index.php\/wp-json\/wp\/v2\/tags?post=19368"}],"curies":[{"name":"wp","href":"https:\/\/api.w.org\/{rel}","templated":true}]}}