{"id":19407,"date":"2022-04-05T00:05:00","date_gmt":"2022-04-04T23:05:00","guid":{"rendered":"https:\/\/lasentinelle.dz\/?p=19407"},"modified":"2022-04-04T18:59:27","modified_gmt":"2022-04-04T17:59:27","slug":"grande-mosquee-dalger-un-referent-religieux-unificateur","status":"publish","type":"post","link":"https:\/\/lasentinelle.dz\/index.php\/2022\/04\/05\/grande-mosquee-dalger-un-referent-religieux-unificateur\/","title":{"rendered":"Grande mosqu\u00e9e d\u2019Alger\u00a0: Un r\u00e9f\u00e9rent religieux unificateur"},"content":{"rendered":"\n<p>Djama\u00e2 El-Djaza\u00efr \u0153uvrera \u00e0 pr\u00e9server les constantes de l&rsquo;unit\u00e9 de la Nation alg\u00e9rienne et son r\u00e9f\u00e9rent religieux f\u00e9d\u00e9rateur, a d\u00e9clar\u00e9 hier le recteur du Djama\u00e2 El-Djaza\u00efr, cheikh Mohamed Ma\u00e2moun Al Kacimi .<\/p>\n\n\n\n<p>\u00ab La date de son ouverture sera fix\u00e9e par le pr\u00e9sident de la r\u00e9publique M. Abdelmadjid Tebboune \u00bb, a fait savoir hier&nbsp;Mohamed Ma\u00e2moun Al Kacimi&nbsp;qui a expliqu\u00e9 lors de son passage hier&nbsp;&nbsp;au&nbsp;Forum de la&nbsp;Radio alg\u00e9rienne&nbsp;&nbsp;que \u00ab les pr\u00e9paratifs pour cette occasion son \u00e0 pied d\u2019\u0153uvre via notamment l\u2019\u00e9laboration de textes juridiques r\u00e9gissant le fonctionnement de ses diff\u00e9rentes parties \u00bb.&nbsp;<\/p>\n\n\n\n<p>Cheikh Al Kacimi a d\u00e9clar\u00e9 que Djama\u00e2 El-Djaza\u00efr \u0153uvrera \u00e0 pr\u00e9server les constantes de l&rsquo;unit\u00e9 de la Nation alg\u00e9rienne et son r\u00e9f\u00e9rent religieux f\u00e9d\u00e9rateur qui a constitu\u00e9 une auto-immunit\u00e9 pour le peuple alg\u00e9rien au cours des derni\u00e8res d\u00e9cennies. \u00ab\u00a0Le r\u00e9f\u00e9rent religieux national a toujours \u00e9t\u00e9 le rempart inexpugnable contre tous les facteurs de division et de discorde et face aux courants \u00e9trangers qui se nourrissent d&rsquo;une mauvaise compr\u00e9hension de la religion musulmane et de la Charia\u00a0\u00bb, a-t-il dit, appelant le peuple alg\u00e9rien \u00e0 \u00ab\u00a0faire front uni contre ces courants pour pr\u00e9server les constantes de son unit\u00e9 et de sa coh\u00e9sion\u00a0\u00bb.&nbsp;Djama\u00e2 El-Djaza\u00efr a pour principal objectif de \u00ab\u00a0faire face \u00e0 tous ceux qui tentent de semer la division et la discorde et de creuser le foss\u00e9 entre les enfants d&rsquo;une m\u00eame Nation\u00a0\u00bb, assurant que tous les moyens disponibles seront mobilis\u00e9s aupr\u00e8s de l&rsquo;administration de la Mosqu\u00e9e, \u00e0 l&rsquo;instar du Centre culturel islamique, de la biblioth\u00e8que et de l&rsquo;Ecole sup\u00e9rieure.<\/p>\n\n\n\n<p>Le recteur de la&nbsp;Grande&nbsp;Mosqu\u00e9e d\u2019Alger n\u2019a pas manqu\u00e9 de souligner la n\u00e9cessit\u00e9 de s\u2019unir pour assurer \u00ab \u00e0 notre pays sa s\u00e9curit\u00e9 intellectuelle et la protection de l\u2019unit\u00e9 de ses r\u00e9f\u00e9rents \u00bb d\u00e9plorant au passage&nbsp;&nbsp;que \u00ab notre pays est pass\u00e9 par une p\u00e9riode o\u00f9 une partie de sa jeunesse s\u2019est \u00e9gar\u00e9e \u00e0 cause du vide spirituel \u00bb. Plus pr\u00e9cis, M. El-Kacimi a recommand\u00e9 de \u00ab lutter avec force contre les courants extr\u00e9mistes qui se nourrissent de la \u00abmauvaise compr\u00e9hension de notre Islam et de sa Charia tol\u00e9rante \u00bb. Une lutte qui permettra \u00e0 notre soci\u00e9t\u00e9 de maintenir sa force et son coh\u00e9rence et sa coh\u00e9sion, explique-t-il.<\/p>\n\n\n\n<p>\u00ab Le discours que nous pr\u00f4nons repose sur nos r\u00e9f\u00e9rents et vise \u00e0 promouvoir et d\u00e9velopper une vie spirituelle qui n\u2019omet pas les besoins mat\u00e9riels de la vie \u00bb, ajoute le recteur de la&nbsp;Grande&nbsp;Mosqu\u00e9e d\u2019Alger qui a affirm\u00e9 que \u00ab ce sont les zaou\u00efas qui ont garanti \u00e0 l\u2019Alg\u00e9rie ses r\u00e9f\u00e9rents religieux propres notamment durant la nuit coloniale. Des zaou\u00efas, ajoute-t-il, qui ont mis en \u00e9chec tous les projets d\u2019occidentalisation et de christianisation&nbsp;&nbsp;mis sur pied par le colonialisme.<\/p>\n\n\n\n<p>Consid\u00e9rant que \u00ab personne ne d\u00e9tient \u00e0 lui seul la v\u00e9rit\u00e9, M. El-Kacimi avertira par ailleurs&nbsp;contre&nbsp;\u00ab&nbsp;les dangers de l\u2019accusation d\u2019apostasie envers l\u2019autre qui ouvre g\u00e9n\u00e9ralement la porte \u00e0 des conflits difficiles \u00e0 ma\u00eetriser \u00bb. L\u2019intervenant expliquera par ailleurs le ph\u00e9nom\u00e8ne de l\u2019islamophobie en l\u2019incombant \u00e0 \u00ab une cat\u00e9gorie qui donne une fausse image de l\u2019Islam \u00bb,&nbsp;plaidant pour&nbsp;une v\u00e9ritable diplomatie religieuse que la&nbsp;Grande mosqu\u00e9e d\u2019Alger&nbsp;conduirajuste apr\u00e8s son inauguration via notamment l \u00bb\u2019organisation de s\u00e9minaires et de rencontres internationales.<\/p>\n\n\n\n<p>\u00ab Des rencontres et s\u00e9minaires internationaux regrouperont&nbsp;des&nbsp;Musulmans et non musulmans dans l\u2019objectif de promouvoir un dialogue intercivilisationnel porteur et constructif fond\u00e9 sur des bases intellectuelles justes \u00bb, conclut enfin M. El Kacimi qui n\u2019a pas manqu\u00e9 de noter que la r\u00e9ussite de cet objectif n\u00e9cessite&nbsp;des pr\u00e9alables tels que le respect d\u2019une d\u00e9marche coh\u00e9rente \u00e9loign\u00e9e des \u00ab deux poids deux mesures \u00bb qui caract\u00e9rise le monde actuel.&nbsp;<\/p>\n\n\n\n<p><strong>Kamel Nait Ameur<\/strong><\/p>\n","protected":false},"excerpt":{"rendered":"<p>Djama\u00e2 El-Djaza\u00efr \u0153uvrera \u00e0 pr\u00e9server les constantes de l&rsquo;unit\u00e9 de la Nation alg\u00e9rienne et son r\u00e9f\u00e9rent religieux f\u00e9d\u00e9rateur, a d\u00e9clar\u00e9<\/p>\n","protected":false},"author":3,"featured_media":15334,"comment_status":"open","ping_status":"closed","sticky":false,"template":"","format":"standard","meta":{"colormag_page_container_layout":"default_layout","colormag_page_sidebar_layout":"default_layout","om_disable_all_campaigns":false,"_monsterinsights_skip_tracking":false,"_monsterinsights_sitenote_active":false,"_monsterinsights_sitenote_note":"","_monsterinsights_sitenote_category":0,"footnotes":"","_wpscppro_dont_share_socialmedia":false,"_wpscppro_custom_social_share_image":0,"_facebook_share_type":"","_twitter_share_type":"","_linkedin_share_type":"","_pinterest_share_type":"","_linkedin_share_type_page":"","_instagram_share_type":"","_medium_share_type":"","_threads_share_type":"","_google_business_share_type":"","_selected_social_profile":[],"_wpsp_enable_custom_social_template":false,"_wpsp_social_scheduling":{"enabled":false,"datetime":null,"platforms":[],"status":"template_only","dateOption":"today","timeOption":"now","customDays":"","customHours":"","customDate":"","customTime":"","schedulingType":"absolute"},"_wpsp_active_default_template":true},"categories":[52,27],"tags":[],"class_list":["post-19407","post","type-post","status-publish","format-standard","has-post-thumbnail","hentry","category-a-la-une","category-actualite"],"aioseo_notices":[],"yoast_head":"<!-- This site is optimized with the Yoast SEO plugin v27.5 - https:\/\/yoast.com\/product\/yoast-seo-wordpress\/ -->\n<title>Grande mosqu\u00e9e d\u2019Alger\u00a0: Un r\u00e9f\u00e9rent religieux unificateur - La Sentinelle<\/title>\n<meta name=\"robots\" content=\"index, follow, max-snippet:-1, max-image-preview:large, max-video-preview:-1\" \/>\n<link rel=\"canonical\" href=\"https:\/\/lasentinelle.dz\/index.php\/2022\/04\/05\/grande-mosquee-dalger-un-referent-religieux-unificateur\/\" \/>\n<meta property=\"og:locale\" content=\"fr_FR\" \/>\n<meta property=\"og:type\" content=\"article\" \/>\n<meta property=\"og:title\" content=\"Grande mosqu\u00e9e d\u2019Alger\u00a0: Un r\u00e9f\u00e9rent religieux unificateur - La Sentinelle\" \/>\n<meta property=\"og:description\" content=\"Djama\u00e2 El-Djaza\u00efr \u0153uvrera \u00e0 pr\u00e9server les constantes de l&rsquo;unit\u00e9 de la Nation alg\u00e9rienne et son r\u00e9f\u00e9rent religieux f\u00e9d\u00e9rateur, a d\u00e9clar\u00e9\" \/>\n<meta property=\"og:url\" content=\"https:\/\/lasentinelle.dz\/index.php\/2022\/04\/05\/grande-mosquee-dalger-un-referent-religieux-unificateur\/\" \/>\n<meta property=\"og:site_name\" content=\"La Sentinelle\" \/>\n<meta property=\"article:publisher\" content=\"https:\/\/www.facebook.com\/La-Sentinelle-104059864394773\" \/>\n<meta property=\"article:published_time\" content=\"2022-04-04T23:05:00+00:00\" \/>\n<meta property=\"og:image\" content=\"https:\/\/lasentinelle.dz\/wp-content\/uploads\/2021\/12\/mosquee-1.png\" \/>\n\t<meta property=\"og:image:width\" content=\"1351\" \/>\n\t<meta property=\"og:image:height\" content=\"900\" \/>\n\t<meta property=\"og:image:type\" content=\"image\/png\" \/>\n<meta name=\"author\" content=\"La Sentinelle\" \/>\n<meta name=\"twitter:card\" content=\"summary_large_image\" \/>\n<meta name=\"twitter:label1\" content=\"\u00c9crit par\" \/>\n\t<meta name=\"twitter:data1\" content=\"La Sentinelle\" \/>\n\t<meta name=\"twitter:label2\" content=\"Dur\u00e9e de lecture estim\u00e9e\" \/>\n\t<meta name=\"twitter:data2\" content=\"3 minutes\" \/>\n<script type=\"application\/ld+json\" class=\"yoast-schema-graph\">{\"@context\":\"https:\\\/\\\/schema.org\",\"@graph\":[{\"@type\":\"Article\",\"@id\":\"https:\\\/\\\/lasentinelle.dz\\\/index.php\\\/2022\\\/04\\\/05\\\/grande-mosquee-dalger-un-referent-religieux-unificateur\\\/#article\",\"isPartOf\":{\"@id\":\"https:\\\/\\\/lasentinelle.dz\\\/index.php\\\/2022\\\/04\\\/05\\\/grande-mosquee-dalger-un-referent-religieux-unificateur\\\/\"},\"author\":{\"name\":\"La Sentinelle\",\"@id\":\"https:\\\/\\\/lasentinelle.dz\\\/#\\\/schema\\\/person\\\/d865044e22e70a75174ce8bcad3acfb3\"},\"headline\":\"Grande mosqu\u00e9e d\u2019Alger\u00a0: Un r\u00e9f\u00e9rent religieux unificateur\",\"datePublished\":\"2022-04-04T23:05:00+00:00\",\"mainEntityOfPage\":{\"@id\":\"https:\\\/\\\/lasentinelle.dz\\\/index.php\\\/2022\\\/04\\\/05\\\/grande-mosquee-dalger-un-referent-religieux-unificateur\\\/\"},\"wordCount\":722,\"commentCount\":0,\"publisher\":{\"@id\":\"https:\\\/\\\/lasentinelle.dz\\\/#organization\"},\"image\":{\"@id\":\"https:\\\/\\\/lasentinelle.dz\\\/index.php\\\/2022\\\/04\\\/05\\\/grande-mosquee-dalger-un-referent-religieux-unificateur\\\/#primaryimage\"},\"thumbnailUrl\":\"https:\\\/\\\/lasentinelle.dz\\\/wp-content\\\/uploads\\\/2021\\\/12\\\/mosquee-1.png\",\"articleSection\":[\"\u00c0 la Une\",\"Actualit\u00e9\"],\"inLanguage\":\"fr-FR\",\"potentialAction\":[{\"@type\":\"CommentAction\",\"name\":\"Comment\",\"target\":[\"https:\\\/\\\/lasentinelle.dz\\\/index.php\\\/2022\\\/04\\\/05\\\/grande-mosquee-dalger-un-referent-religieux-unificateur\\\/#respond\"]}]},{\"@type\":\"WebPage\",\"@id\":\"https:\\\/\\\/lasentinelle.dz\\\/index.php\\\/2022\\\/04\\\/05\\\/grande-mosquee-dalger-un-referent-religieux-unificateur\\\/\",\"url\":\"https:\\\/\\\/lasentinelle.dz\\\/index.php\\\/2022\\\/04\\\/05\\\/grande-mosquee-dalger-un-referent-religieux-unificateur\\\/\",\"name\":\"Grande mosqu\u00e9e d\u2019Alger\u00a0: Un r\u00e9f\u00e9rent religieux unificateur - La Sentinelle\",\"isPartOf\":{\"@id\":\"https:\\\/\\\/lasentinelle.dz\\\/#website\"},\"primaryImageOfPage\":{\"@id\":\"https:\\\/\\\/lasentinelle.dz\\\/index.php\\\/2022\\\/04\\\/05\\\/grande-mosquee-dalger-un-referent-religieux-unificateur\\\/#primaryimage\"},\"image\":{\"@id\":\"https:\\\/\\\/lasentinelle.dz\\\/index.php\\\/2022\\\/04\\\/05\\\/grande-mosquee-dalger-un-referent-religieux-unificateur\\\/#primaryimage\"},\"thumbnailUrl\":\"https:\\\/\\\/lasentinelle.dz\\\/wp-content\\\/uploads\\\/2021\\\/12\\\/mosquee-1.png\",\"datePublished\":\"2022-04-04T23:05:00+00:00\",\"breadcrumb\":{\"@id\":\"https:\\\/\\\/lasentinelle.dz\\\/index.php\\\/2022\\\/04\\\/05\\\/grande-mosquee-dalger-un-referent-religieux-unificateur\\\/#breadcrumb\"},\"inLanguage\":\"fr-FR\",\"potentialAction\":[{\"@type\":\"ReadAction\",\"target\":[\"https:\\\/\\\/lasentinelle.dz\\\/index.php\\\/2022\\\/04\\\/05\\\/grande-mosquee-dalger-un-referent-religieux-unificateur\\\/\"]}]},{\"@type\":\"ImageObject\",\"inLanguage\":\"fr-FR\",\"@id\":\"https:\\\/\\\/lasentinelle.dz\\\/index.php\\\/2022\\\/04\\\/05\\\/grande-mosquee-dalger-un-referent-religieux-unificateur\\\/#primaryimage\",\"url\":\"https:\\\/\\\/lasentinelle.dz\\\/wp-content\\\/uploads\\\/2021\\\/12\\\/mosquee-1.png\",\"contentUrl\":\"https:\\\/\\\/lasentinelle.dz\\\/wp-content\\\/uploads\\\/2021\\\/12\\\/mosquee-1.png\",\"width\":1351,\"height\":900},{\"@type\":\"BreadcrumbList\",\"@id\":\"https:\\\/\\\/lasentinelle.dz\\\/index.php\\\/2022\\\/04\\\/05\\\/grande-mosquee-dalger-un-referent-religieux-unificateur\\\/#breadcrumb\",\"itemListElement\":[{\"@type\":\"ListItem\",\"position\":1,\"name\":\"Accueil\",\"item\":\"https:\\\/\\\/lasentinelle.dz\\\/\"},{\"@type\":\"ListItem\",\"position\":2,\"name\":\"Grande mosqu\u00e9e d\u2019Alger\u00a0: Un r\u00e9f\u00e9rent religieux unificateur\"}]},{\"@type\":\"WebSite\",\"@id\":\"https:\\\/\\\/lasentinelle.dz\\\/#website\",\"url\":\"https:\\\/\\\/lasentinelle.dz\\\/\",\"name\":\"La Sentinelle\",\"description\":\"Quotidien national d&#039;information\",\"publisher\":{\"@id\":\"https:\\\/\\\/lasentinelle.dz\\\/#organization\"},\"potentialAction\":[{\"@type\":\"SearchAction\",\"target\":{\"@type\":\"EntryPoint\",\"urlTemplate\":\"https:\\\/\\\/lasentinelle.dz\\\/?s={search_term_string}\"},\"query-input\":{\"@type\":\"PropertyValueSpecification\",\"valueRequired\":true,\"valueName\":\"search_term_string\"}}],\"inLanguage\":\"fr-FR\"},{\"@type\":\"Organization\",\"@id\":\"https:\\\/\\\/lasentinelle.dz\\\/#organization\",\"name\":\"Quotidien La Sentinelle\",\"url\":\"https:\\\/\\\/lasentinelle.dz\\\/\",\"logo\":{\"@type\":\"ImageObject\",\"inLanguage\":\"fr-FR\",\"@id\":\"https:\\\/\\\/lasentinelle.dz\\\/#\\\/schema\\\/logo\\\/image\\\/\",\"url\":\"https:\\\/\\\/lasentinelle.dz\\\/wp-content\\\/uploads\\\/2021\\\/09\\\/logo-sentinelleSLOGAN-1.png\",\"contentUrl\":\"https:\\\/\\\/lasentinelle.dz\\\/wp-content\\\/uploads\\\/2021\\\/09\\\/logo-sentinelleSLOGAN-1.png\",\"width\":615,\"height\":142,\"caption\":\"Quotidien La Sentinelle\"},\"image\":{\"@id\":\"https:\\\/\\\/lasentinelle.dz\\\/#\\\/schema\\\/logo\\\/image\\\/\"},\"sameAs\":[\"https:\\\/\\\/www.facebook.com\\\/La-Sentinelle-104059864394773\"]},{\"@type\":\"Person\",\"@id\":\"https:\\\/\\\/lasentinelle.dz\\\/#\\\/schema\\\/person\\\/d865044e22e70a75174ce8bcad3acfb3\",\"name\":\"La Sentinelle\",\"image\":{\"@type\":\"ImageObject\",\"inLanguage\":\"fr-FR\",\"@id\":\"https:\\\/\\\/secure.gravatar.com\\\/avatar\\\/57de8e5d4b15d43fb361a71fbb36338450fe67865b528a43dd10ef7c51a20392?s=96&d=mm&r=g\",\"url\":\"https:\\\/\\\/secure.gravatar.com\\\/avatar\\\/57de8e5d4b15d43fb361a71fbb36338450fe67865b528a43dd10ef7c51a20392?s=96&d=mm&r=g\",\"contentUrl\":\"https:\\\/\\\/secure.gravatar.com\\\/avatar\\\/57de8e5d4b15d43fb361a71fbb36338450fe67865b528a43dd10ef7c51a20392?s=96&d=mm&r=g\",\"caption\":\"La Sentinelle\"},\"sameAs\":[\"http:\\\/\\\/www.lasentinelle.dz\"],\"url\":\"https:\\\/\\\/lasentinelle.dz\\\/author\\\/redaction\\\/\"}]}<\/script>\n<!-- \/ Yoast SEO plugin. -->","yoast_head_json":{"title":"Grande mosqu\u00e9e d\u2019Alger\u00a0: Un r\u00e9f\u00e9rent religieux unificateur - La Sentinelle","robots":{"index":"index","follow":"follow","max-snippet":"max-snippet:-1","max-image-preview":"max-image-preview:large","max-video-preview":"max-video-preview:-1"},"canonical":"https:\/\/lasentinelle.dz\/index.php\/2022\/04\/05\/grande-mosquee-dalger-un-referent-religieux-unificateur\/","og_locale":"fr_FR","og_type":"article","og_title":"Grande mosqu\u00e9e d\u2019Alger\u00a0: Un r\u00e9f\u00e9rent religieux unificateur - La Sentinelle","og_description":"Djama\u00e2 El-Djaza\u00efr \u0153uvrera \u00e0 pr\u00e9server les constantes de l&rsquo;unit\u00e9 de la Nation alg\u00e9rienne et son r\u00e9f\u00e9rent religieux f\u00e9d\u00e9rateur, a d\u00e9clar\u00e9","og_url":"https:\/\/lasentinelle.dz\/index.php\/2022\/04\/05\/grande-mosquee-dalger-un-referent-religieux-unificateur\/","og_site_name":"La Sentinelle","article_publisher":"https:\/\/www.facebook.com\/La-Sentinelle-104059864394773","article_published_time":"2022-04-04T23:05:00+00:00","og_image":[{"width":1351,"height":900,"url":"https:\/\/lasentinelle.dz\/wp-content\/uploads\/2021\/12\/mosquee-1.png","type":"image\/png"}],"author":"La Sentinelle","twitter_card":"summary_large_image","twitter_misc":{"\u00c9crit par":"La Sentinelle","Dur\u00e9e de lecture estim\u00e9e":"3 minutes"},"schema":{"@context":"https:\/\/schema.org","@graph":[{"@type":"Article","@id":"https:\/\/lasentinelle.dz\/index.php\/2022\/04\/05\/grande-mosquee-dalger-un-referent-religieux-unificateur\/#article","isPartOf":{"@id":"https:\/\/lasentinelle.dz\/index.php\/2022\/04\/05\/grande-mosquee-dalger-un-referent-religieux-unificateur\/"},"author":{"name":"La Sentinelle","@id":"https:\/\/lasentinelle.dz\/#\/schema\/person\/d865044e22e70a75174ce8bcad3acfb3"},"headline":"Grande mosqu\u00e9e d\u2019Alger\u00a0: Un r\u00e9f\u00e9rent religieux unificateur","datePublished":"2022-04-04T23:05:00+00:00","mainEntityOfPage":{"@id":"https:\/\/lasentinelle.dz\/index.php\/2022\/04\/05\/grande-mosquee-dalger-un-referent-religieux-unificateur\/"},"wordCount":722,"commentCount":0,"publisher":{"@id":"https:\/\/lasentinelle.dz\/#organization"},"image":{"@id":"https:\/\/lasentinelle.dz\/index.php\/2022\/04\/05\/grande-mosquee-dalger-un-referent-religieux-unificateur\/#primaryimage"},"thumbnailUrl":"https:\/\/lasentinelle.dz\/wp-content\/uploads\/2021\/12\/mosquee-1.png","articleSection":["\u00c0 la Une","Actualit\u00e9"],"inLanguage":"fr-FR","potentialAction":[{"@type":"CommentAction","name":"Comment","target":["https:\/\/lasentinelle.dz\/index.php\/2022\/04\/05\/grande-mosquee-dalger-un-referent-religieux-unificateur\/#respond"]}]},{"@type":"WebPage","@id":"https:\/\/lasentinelle.dz\/index.php\/2022\/04\/05\/grande-mosquee-dalger-un-referent-religieux-unificateur\/","url":"https:\/\/lasentinelle.dz\/index.php\/2022\/04\/05\/grande-mosquee-dalger-un-referent-religieux-unificateur\/","name":"Grande mosqu\u00e9e d\u2019Alger\u00a0: Un r\u00e9f\u00e9rent religieux unificateur - La Sentinelle","isPartOf":{"@id":"https:\/\/lasentinelle.dz\/#website"},"primaryImageOfPage":{"@id":"https:\/\/lasentinelle.dz\/index.php\/2022\/04\/05\/grande-mosquee-dalger-un-referent-religieux-unificateur\/#primaryimage"},"image":{"@id":"https:\/\/lasentinelle.dz\/index.php\/2022\/04\/05\/grande-mosquee-dalger-un-referent-religieux-unificateur\/#primaryimage"},"thumbnailUrl":"https:\/\/lasentinelle.dz\/wp-content\/uploads\/2021\/12\/mosquee-1.png","datePublished":"2022-04-04T23:05:00+00:00","breadcrumb":{"@id":"https:\/\/lasentinelle.dz\/index.php\/2022\/04\/05\/grande-mosquee-dalger-un-referent-religieux-unificateur\/#breadcrumb"},"inLanguage":"fr-FR","potentialAction":[{"@type":"ReadAction","target":["https:\/\/lasentinelle.dz\/index.php\/2022\/04\/05\/grande-mosquee-dalger-un-referent-religieux-unificateur\/"]}]},{"@type":"ImageObject","inLanguage":"fr-FR","@id":"https:\/\/lasentinelle.dz\/index.php\/2022\/04\/05\/grande-mosquee-dalger-un-referent-religieux-unificateur\/#primaryimage","url":"https:\/\/lasentinelle.dz\/wp-content\/uploads\/2021\/12\/mosquee-1.png","contentUrl":"https:\/\/lasentinelle.dz\/wp-content\/uploads\/2021\/12\/mosquee-1.png","width":1351,"height":900},{"@type":"BreadcrumbList","@id":"https:\/\/lasentinelle.dz\/index.php\/2022\/04\/05\/grande-mosquee-dalger-un-referent-religieux-unificateur\/#breadcrumb","itemListElement":[{"@type":"ListItem","position":1,"name":"Accueil","item":"https:\/\/lasentinelle.dz\/"},{"@type":"ListItem","position":2,"name":"Grande mosqu\u00e9e d\u2019Alger\u00a0: Un r\u00e9f\u00e9rent religieux unificateur"}]},{"@type":"WebSite","@id":"https:\/\/lasentinelle.dz\/#website","url":"https:\/\/lasentinelle.dz\/","name":"La Sentinelle","description":"Quotidien national d&#039;information","publisher":{"@id":"https:\/\/lasentinelle.dz\/#organization"},"potentialAction":[{"@type":"SearchAction","target":{"@type":"EntryPoint","urlTemplate":"https:\/\/lasentinelle.dz\/?s={search_term_string}"},"query-input":{"@type":"PropertyValueSpecification","valueRequired":true,"valueName":"search_term_string"}}],"inLanguage":"fr-FR"},{"@type":"Organization","@id":"https:\/\/lasentinelle.dz\/#organization","name":"Quotidien La Sentinelle","url":"https:\/\/lasentinelle.dz\/","logo":{"@type":"ImageObject","inLanguage":"fr-FR","@id":"https:\/\/lasentinelle.dz\/#\/schema\/logo\/image\/","url":"https:\/\/lasentinelle.dz\/wp-content\/uploads\/2021\/09\/logo-sentinelleSLOGAN-1.png","contentUrl":"https:\/\/lasentinelle.dz\/wp-content\/uploads\/2021\/09\/logo-sentinelleSLOGAN-1.png","width":615,"height":142,"caption":"Quotidien La Sentinelle"},"image":{"@id":"https:\/\/lasentinelle.dz\/#\/schema\/logo\/image\/"},"sameAs":["https:\/\/www.facebook.com\/La-Sentinelle-104059864394773"]},{"@type":"Person","@id":"https:\/\/lasentinelle.dz\/#\/schema\/person\/d865044e22e70a75174ce8bcad3acfb3","name":"La Sentinelle","image":{"@type":"ImageObject","inLanguage":"fr-FR","@id":"https:\/\/secure.gravatar.com\/avatar\/57de8e5d4b15d43fb361a71fbb36338450fe67865b528a43dd10ef7c51a20392?s=96&d=mm&r=g","url":"https:\/\/secure.gravatar.com\/avatar\/57de8e5d4b15d43fb361a71fbb36338450fe67865b528a43dd10ef7c51a20392?s=96&d=mm&r=g","contentUrl":"https:\/\/secure.gravatar.com\/avatar\/57de8e5d4b15d43fb361a71fbb36338450fe67865b528a43dd10ef7c51a20392?s=96&d=mm&r=g","caption":"La Sentinelle"},"sameAs":["http:\/\/www.lasentinelle.dz"],"url":"https:\/\/lasentinelle.dz\/author\/redaction\/"}]}},"_links":{"self":[{"href":"https:\/\/lasentinelle.dz\/index.php\/wp-json\/wp\/v2\/posts\/19407","targetHints":{"allow":["GET"]}}],"collection":[{"href":"https:\/\/lasentinelle.dz\/index.php\/wp-json\/wp\/v2\/posts"}],"about":[{"href":"https:\/\/lasentinelle.dz\/index.php\/wp-json\/wp\/v2\/types\/post"}],"author":[{"embeddable":true,"href":"https:\/\/lasentinelle.dz\/index.php\/wp-json\/wp\/v2\/users\/3"}],"replies":[{"embeddable":true,"href":"https:\/\/lasentinelle.dz\/index.php\/wp-json\/wp\/v2\/comments?post=19407"}],"version-history":[{"count":1,"href":"https:\/\/lasentinelle.dz\/index.php\/wp-json\/wp\/v2\/posts\/19407\/revisions"}],"predecessor-version":[{"id":19413,"href":"https:\/\/lasentinelle.dz\/index.php\/wp-json\/wp\/v2\/posts\/19407\/revisions\/19413"}],"wp:featuredmedia":[{"embeddable":true,"href":"https:\/\/lasentinelle.dz\/index.php\/wp-json\/wp\/v2\/media\/15334"}],"wp:attachment":[{"href":"https:\/\/lasentinelle.dz\/index.php\/wp-json\/wp\/v2\/media?parent=19407"}],"wp:term":[{"taxonomy":"category","embeddable":true,"href":"https:\/\/lasentinelle.dz\/index.php\/wp-json\/wp\/v2\/categories?post=19407"},{"taxonomy":"post_tag","embeddable":true,"href":"https:\/\/lasentinelle.dz\/index.php\/wp-json\/wp\/v2\/tags?post=19407"}],"curies":[{"name":"wp","href":"https:\/\/api.w.org\/{rel}","templated":true}]}}