{"id":19423,"date":"2022-04-06T00:01:00","date_gmt":"2022-04-05T23:01:00","guid":{"rendered":"https:\/\/lasentinelle.dz\/?p=19423"},"modified":"2022-04-05T18:26:13","modified_gmt":"2022-04-05T17:26:13","slug":"concours-dacces-a-la-profession-davocat-les-conditions-fixees","status":"publish","type":"post","link":"https:\/\/lasentinelle.dz\/index.php\/2022\/04\/06\/concours-dacces-a-la-profession-davocat-les-conditions-fixees\/","title":{"rendered":"Concours d\u2019acc\u00e8s \u00e0 la profession d\u2019avocat\u00a0: Les conditions fix\u00e9es"},"content":{"rendered":"\n<p>Les conditions d\u2019organisation et de candidature au concours d\u2019acc\u00e8s \u00e0 la profession d\u2019avocat. Un arr\u00eat\u00e9 interminist\u00e9riel conjointement sign\u00e9 par le ministre de&nbsp;la&nbsp;Justice,&nbsp;Garde des sceaux&nbsp;et&nbsp;le ministre de l&rsquo;Enseignement sup\u00e9rieur et de la&nbsp;Recherche scientifique vient de fixer&nbsp;les modalit\u00e9s\u2002d\u2019ouverture du concours pour l&rsquo;acc\u00e8s \u00e0 la formation pour l&rsquo;obtention du certificat d\u2019aptitude la profession d&rsquo;avocat, son organisation et son d\u00e9roulement ainsi que le nombre des&nbsp;\u00e9preuves, leur nature, leur dur\u00e9e, leur coefficient, leur programme et la composition du jury du concours.&nbsp;Le texte pr\u00e9cise ainsi que le nombre de postes ouverts pour l&rsquo;acc\u00e8s \u00e0\u2002la formation pour l&rsquo;obtention du certificat d&rsquo;aptitude&nbsp;\u00e0&nbsp;la profession d&rsquo;avocat est fix\u00e9&nbsp;en concertation entre le minist\u00e8re de la&nbsp;Justice, le minist\u00e8re de l&rsquo;Enseignement sup\u00e9rieur et de la&nbsp;Recherche scientifique et l&rsquo;Union nationale des ordres des avocats.<\/p>\n\n\n\n<p>Le texte pr\u00e9cise \u00e9galement les conditions permettant de postuler au concours.&nbsp;Les candidat doivent \u00eatre de nationalit\u00e9\u2002 alg\u00e9rienne, sous r\u00e9serve des conventions judiciaires, titulaire d&rsquo;une licence en droit ou d&rsquo;un dipl\u00f4me \u00e9tranger reconnu\u00e9quivalent, jouir de ses droits politiques et civils, ne pas avoir fait l&rsquo;objet d&rsquo;une condamnation p\u00e9nale pour agissements contraires \u00e0\u2002 l&rsquo;honneur et aux bonnes m\u0153urs&nbsp;et&nbsp;remplir les conditions d&rsquo;aptitude physique et psychologique pour l&rsquo;exercice de la profession. Le dossier de candidature comprend une demande manuscrite sign\u00e9e par le candidat, une copie du dipl\u00f4me de licence en droit ou d&rsquo;un dipl\u00f4me \u2002\u00e9tranger reconnu \u2002\u00e9quivalent, une photo d&rsquo;identit\u00e9\u2002 r\u00e9cente&nbsp;et&nbsp;un r\u00e9c\u00e9piss\u00e9\u2002 de versement des frais d&rsquo;inscription. Le dossier sera compl\u00e9t\u00e9\u2002 par les candidats d\u00e9finitivement admis par la pr\u00e9sentation d\u2019un certificat m\u00e9dical datant de moins de trois mois, sign\u00e9 par m\u00e9decin g\u00e9n\u00e9ralise attestant que le candidat n&rsquo;est pas atteint de maladies contagieuses ou de toute autre maladie qui entrave l&rsquo;exercice de la profession ; un certificat m\u00e9dical datant de moins de trois mois, d&rsquo;un m\u00e9decin sp\u00e9cialiste en psychiatrie attestant que le candidat n&rsquo;est pas atteint de maladie mentale. Les dossiers de candidature, pr\u00e9vus sont d\u00e9pos\u00e9s\u2002aupr\u00e8s\u2002 des facult\u00e9s&nbsp;de droit fix\u00e9es. Les candidats sont inscrits dans un registre de candidature comprenant les indications les num\u00e9ros et la date d&rsquo;inscription, les noms&nbsp;et pr\u00e9noms&nbsp;des&nbsp;candidats et&nbsp;la date de naissance du candidat. Le pr\u00e9sident du jury du concours cl\u00f4ture l\u2019op\u00e9ration d\u2019inscription. Le&nbsp;jury du concours est cpr\u00e9sid\u00e9 par le&nbsp;recteur de la facult\u00e9&nbsp;ou de son repr\u00e9sentant. Leb\u00e2tonnier de l&rsquo;ordre des avocats ou son d\u00e9l\u00e9gu\u00e9&nbsp;est&nbsp;vice-pr\u00e9sident.<\/p>\n\n\n\n<p><strong>Salim Abdenour<\/strong><\/p>\n","protected":false},"excerpt":{"rendered":"<p>Les conditions d\u2019organisation et de candidature au concours d\u2019acc\u00e8s \u00e0 la profession d\u2019avocat. Un arr\u00eat\u00e9 interminist\u00e9riel conjointement sign\u00e9 par le<\/p>\n","protected":false},"author":3,"featured_media":19470,"comment_status":"open","ping_status":"closed","sticky":false,"template":"","format":"standard","meta":{"colormag_page_container_layout":"default_layout","colormag_page_sidebar_layout":"default_layout","om_disable_all_campaigns":false,"_monsterinsights_skip_tracking":false,"_monsterinsights_sitenote_active":false,"_monsterinsights_sitenote_note":"","_monsterinsights_sitenote_category":0,"footnotes":"","_wpscppro_dont_share_socialmedia":false,"_wpscppro_custom_social_share_image":0,"_facebook_share_type":"","_twitter_share_type":"","_linkedin_share_type":"","_pinterest_share_type":"","_linkedin_share_type_page":"","_instagram_share_type":"","_medium_share_type":"","_threads_share_type":"","_google_business_share_type":"","_selected_social_profile":[],"_wpsp_enable_custom_social_template":false,"_wpsp_social_scheduling":{"enabled":false,"datetime":null,"platforms":[],"status":"template_only","dateOption":"today","timeOption":"now","customDays":"","customHours":"","customDate":"","customTime":"","schedulingType":"absolute"},"_wpsp_active_default_template":true},"categories":[27],"tags":[],"class_list":["post-19423","post","type-post","status-publish","format-standard","has-post-thumbnail","hentry","category-actualite"],"aioseo_notices":[],"yoast_head":"<!-- This site is optimized with the Yoast SEO plugin v27.4 - https:\/\/yoast.com\/product\/yoast-seo-wordpress\/ -->\n<title>Concours d\u2019acc\u00e8s \u00e0 la profession d\u2019avocat\u00a0: Les conditions fix\u00e9es - La Sentinelle<\/title>\n<meta name=\"robots\" content=\"index, follow, max-snippet:-1, max-image-preview:large, max-video-preview:-1\" \/>\n<link rel=\"canonical\" href=\"https:\/\/lasentinelle.dz\/index.php\/2022\/04\/06\/concours-dacces-a-la-profession-davocat-les-conditions-fixees\/\" \/>\n<meta property=\"og:locale\" content=\"fr_FR\" \/>\n<meta property=\"og:type\" content=\"article\" \/>\n<meta property=\"og:title\" content=\"Concours d\u2019acc\u00e8s \u00e0 la profession d\u2019avocat\u00a0: Les conditions fix\u00e9es - La Sentinelle\" \/>\n<meta property=\"og:description\" content=\"Les conditions d\u2019organisation et de candidature au concours d\u2019acc\u00e8s \u00e0 la profession d\u2019avocat. Un arr\u00eat\u00e9 interminist\u00e9riel conjointement sign\u00e9 par le\" \/>\n<meta property=\"og:url\" content=\"https:\/\/lasentinelle.dz\/index.php\/2022\/04\/06\/concours-dacces-a-la-profession-davocat-les-conditions-fixees\/\" \/>\n<meta property=\"og:site_name\" content=\"La Sentinelle\" \/>\n<meta property=\"article:publisher\" content=\"https:\/\/www.facebook.com\/La-Sentinelle-104059864394773\" \/>\n<meta property=\"article:published_time\" content=\"2022-04-05T23:01:00+00:00\" \/>\n<meta property=\"og:image\" content=\"https:\/\/lasentinelle.dz\/wp-content\/uploads\/2022\/04\/avocat.png\" \/>\n\t<meta property=\"og:image:width\" content=\"1491\" \/>\n\t<meta property=\"og:image:height\" content=\"900\" \/>\n\t<meta property=\"og:image:type\" content=\"image\/png\" \/>\n<meta name=\"author\" content=\"La Sentinelle\" \/>\n<meta name=\"twitter:card\" content=\"summary_large_image\" \/>\n<meta name=\"twitter:label1\" content=\"\u00c9crit par\" \/>\n\t<meta name=\"twitter:data1\" content=\"La Sentinelle\" \/>\n\t<meta name=\"twitter:label2\" content=\"Dur\u00e9e de lecture estim\u00e9e\" \/>\n\t<meta name=\"twitter:data2\" content=\"2 minutes\" \/>\n<script type=\"application\/ld+json\" class=\"yoast-schema-graph\">{\"@context\":\"https:\\\/\\\/schema.org\",\"@graph\":[{\"@type\":\"Article\",\"@id\":\"https:\\\/\\\/lasentinelle.dz\\\/index.php\\\/2022\\\/04\\\/06\\\/concours-dacces-a-la-profession-davocat-les-conditions-fixees\\\/#article\",\"isPartOf\":{\"@id\":\"https:\\\/\\\/lasentinelle.dz\\\/index.php\\\/2022\\\/04\\\/06\\\/concours-dacces-a-la-profession-davocat-les-conditions-fixees\\\/\"},\"author\":{\"name\":\"La Sentinelle\",\"@id\":\"https:\\\/\\\/lasentinelle.dz\\\/#\\\/schema\\\/person\\\/d865044e22e70a75174ce8bcad3acfb3\"},\"headline\":\"Concours d\u2019acc\u00e8s \u00e0 la profession d\u2019avocat\u00a0: Les conditions fix\u00e9es\",\"datePublished\":\"2022-04-05T23:01:00+00:00\",\"mainEntityOfPage\":{\"@id\":\"https:\\\/\\\/lasentinelle.dz\\\/index.php\\\/2022\\\/04\\\/06\\\/concours-dacces-a-la-profession-davocat-les-conditions-fixees\\\/\"},\"wordCount\":518,\"commentCount\":0,\"publisher\":{\"@id\":\"https:\\\/\\\/lasentinelle.dz\\\/#organization\"},\"image\":{\"@id\":\"https:\\\/\\\/lasentinelle.dz\\\/index.php\\\/2022\\\/04\\\/06\\\/concours-dacces-a-la-profession-davocat-les-conditions-fixees\\\/#primaryimage\"},\"thumbnailUrl\":\"https:\\\/\\\/lasentinelle.dz\\\/wp-content\\\/uploads\\\/2022\\\/04\\\/avocat.png\",\"articleSection\":[\"Actualit\u00e9\"],\"inLanguage\":\"fr-FR\",\"potentialAction\":[{\"@type\":\"CommentAction\",\"name\":\"Comment\",\"target\":[\"https:\\\/\\\/lasentinelle.dz\\\/index.php\\\/2022\\\/04\\\/06\\\/concours-dacces-a-la-profession-davocat-les-conditions-fixees\\\/#respond\"]}]},{\"@type\":\"WebPage\",\"@id\":\"https:\\\/\\\/lasentinelle.dz\\\/index.php\\\/2022\\\/04\\\/06\\\/concours-dacces-a-la-profession-davocat-les-conditions-fixees\\\/\",\"url\":\"https:\\\/\\\/lasentinelle.dz\\\/index.php\\\/2022\\\/04\\\/06\\\/concours-dacces-a-la-profession-davocat-les-conditions-fixees\\\/\",\"name\":\"Concours d\u2019acc\u00e8s \u00e0 la profession d\u2019avocat\u00a0: Les conditions fix\u00e9es - La Sentinelle\",\"isPartOf\":{\"@id\":\"https:\\\/\\\/lasentinelle.dz\\\/#website\"},\"primaryImageOfPage\":{\"@id\":\"https:\\\/\\\/lasentinelle.dz\\\/index.php\\\/2022\\\/04\\\/06\\\/concours-dacces-a-la-profession-davocat-les-conditions-fixees\\\/#primaryimage\"},\"image\":{\"@id\":\"https:\\\/\\\/lasentinelle.dz\\\/index.php\\\/2022\\\/04\\\/06\\\/concours-dacces-a-la-profession-davocat-les-conditions-fixees\\\/#primaryimage\"},\"thumbnailUrl\":\"https:\\\/\\\/lasentinelle.dz\\\/wp-content\\\/uploads\\\/2022\\\/04\\\/avocat.png\",\"datePublished\":\"2022-04-05T23:01:00+00:00\",\"breadcrumb\":{\"@id\":\"https:\\\/\\\/lasentinelle.dz\\\/index.php\\\/2022\\\/04\\\/06\\\/concours-dacces-a-la-profession-davocat-les-conditions-fixees\\\/#breadcrumb\"},\"inLanguage\":\"fr-FR\",\"potentialAction\":[{\"@type\":\"ReadAction\",\"target\":[\"https:\\\/\\\/lasentinelle.dz\\\/index.php\\\/2022\\\/04\\\/06\\\/concours-dacces-a-la-profession-davocat-les-conditions-fixees\\\/\"]}]},{\"@type\":\"ImageObject\",\"inLanguage\":\"fr-FR\",\"@id\":\"https:\\\/\\\/lasentinelle.dz\\\/index.php\\\/2022\\\/04\\\/06\\\/concours-dacces-a-la-profession-davocat-les-conditions-fixees\\\/#primaryimage\",\"url\":\"https:\\\/\\\/lasentinelle.dz\\\/wp-content\\\/uploads\\\/2022\\\/04\\\/avocat.png\",\"contentUrl\":\"https:\\\/\\\/lasentinelle.dz\\\/wp-content\\\/uploads\\\/2022\\\/04\\\/avocat.png\",\"width\":1491,\"height\":900},{\"@type\":\"BreadcrumbList\",\"@id\":\"https:\\\/\\\/lasentinelle.dz\\\/index.php\\\/2022\\\/04\\\/06\\\/concours-dacces-a-la-profession-davocat-les-conditions-fixees\\\/#breadcrumb\",\"itemListElement\":[{\"@type\":\"ListItem\",\"position\":1,\"name\":\"Accueil\",\"item\":\"https:\\\/\\\/lasentinelle.dz\\\/\"},{\"@type\":\"ListItem\",\"position\":2,\"name\":\"Concours d\u2019acc\u00e8s \u00e0 la profession d\u2019avocat\u00a0: Les conditions fix\u00e9es\"}]},{\"@type\":\"WebSite\",\"@id\":\"https:\\\/\\\/lasentinelle.dz\\\/#website\",\"url\":\"https:\\\/\\\/lasentinelle.dz\\\/\",\"name\":\"La Sentinelle\",\"description\":\"Quotidien national d&#039;information\",\"publisher\":{\"@id\":\"https:\\\/\\\/lasentinelle.dz\\\/#organization\"},\"potentialAction\":[{\"@type\":\"SearchAction\",\"target\":{\"@type\":\"EntryPoint\",\"urlTemplate\":\"https:\\\/\\\/lasentinelle.dz\\\/?s={search_term_string}\"},\"query-input\":{\"@type\":\"PropertyValueSpecification\",\"valueRequired\":true,\"valueName\":\"search_term_string\"}}],\"inLanguage\":\"fr-FR\"},{\"@type\":\"Organization\",\"@id\":\"https:\\\/\\\/lasentinelle.dz\\\/#organization\",\"name\":\"Quotidien La Sentinelle\",\"url\":\"https:\\\/\\\/lasentinelle.dz\\\/\",\"logo\":{\"@type\":\"ImageObject\",\"inLanguage\":\"fr-FR\",\"@id\":\"https:\\\/\\\/lasentinelle.dz\\\/#\\\/schema\\\/logo\\\/image\\\/\",\"url\":\"https:\\\/\\\/lasentinelle.dz\\\/wp-content\\\/uploads\\\/2021\\\/09\\\/logo-sentinelleSLOGAN-1.png\",\"contentUrl\":\"https:\\\/\\\/lasentinelle.dz\\\/wp-content\\\/uploads\\\/2021\\\/09\\\/logo-sentinelleSLOGAN-1.png\",\"width\":615,\"height\":142,\"caption\":\"Quotidien La Sentinelle\"},\"image\":{\"@id\":\"https:\\\/\\\/lasentinelle.dz\\\/#\\\/schema\\\/logo\\\/image\\\/\"},\"sameAs\":[\"https:\\\/\\\/www.facebook.com\\\/La-Sentinelle-104059864394773\"]},{\"@type\":\"Person\",\"@id\":\"https:\\\/\\\/lasentinelle.dz\\\/#\\\/schema\\\/person\\\/d865044e22e70a75174ce8bcad3acfb3\",\"name\":\"La Sentinelle\",\"image\":{\"@type\":\"ImageObject\",\"inLanguage\":\"fr-FR\",\"@id\":\"https:\\\/\\\/secure.gravatar.com\\\/avatar\\\/57de8e5d4b15d43fb361a71fbb36338450fe67865b528a43dd10ef7c51a20392?s=96&d=mm&r=g\",\"url\":\"https:\\\/\\\/secure.gravatar.com\\\/avatar\\\/57de8e5d4b15d43fb361a71fbb36338450fe67865b528a43dd10ef7c51a20392?s=96&d=mm&r=g\",\"contentUrl\":\"https:\\\/\\\/secure.gravatar.com\\\/avatar\\\/57de8e5d4b15d43fb361a71fbb36338450fe67865b528a43dd10ef7c51a20392?s=96&d=mm&r=g\",\"caption\":\"La Sentinelle\"},\"sameAs\":[\"http:\\\/\\\/www.lasentinelle.dz\"],\"url\":\"https:\\\/\\\/lasentinelle.dz\\\/author\\\/redaction\\\/\"}]}<\/script>\n<!-- \/ Yoast SEO plugin. -->","yoast_head_json":{"title":"Concours d\u2019acc\u00e8s \u00e0 la profession d\u2019avocat\u00a0: Les conditions fix\u00e9es - La Sentinelle","robots":{"index":"index","follow":"follow","max-snippet":"max-snippet:-1","max-image-preview":"max-image-preview:large","max-video-preview":"max-video-preview:-1"},"canonical":"https:\/\/lasentinelle.dz\/index.php\/2022\/04\/06\/concours-dacces-a-la-profession-davocat-les-conditions-fixees\/","og_locale":"fr_FR","og_type":"article","og_title":"Concours d\u2019acc\u00e8s \u00e0 la profession d\u2019avocat\u00a0: Les conditions fix\u00e9es - La Sentinelle","og_description":"Les conditions d\u2019organisation et de candidature au concours d\u2019acc\u00e8s \u00e0 la profession d\u2019avocat. Un arr\u00eat\u00e9 interminist\u00e9riel conjointement sign\u00e9 par le","og_url":"https:\/\/lasentinelle.dz\/index.php\/2022\/04\/06\/concours-dacces-a-la-profession-davocat-les-conditions-fixees\/","og_site_name":"La Sentinelle","article_publisher":"https:\/\/www.facebook.com\/La-Sentinelle-104059864394773","article_published_time":"2022-04-05T23:01:00+00:00","og_image":[{"width":1491,"height":900,"url":"https:\/\/lasentinelle.dz\/wp-content\/uploads\/2022\/04\/avocat.png","type":"image\/png"}],"author":"La Sentinelle","twitter_card":"summary_large_image","twitter_misc":{"\u00c9crit par":"La Sentinelle","Dur\u00e9e de lecture estim\u00e9e":"2 minutes"},"schema":{"@context":"https:\/\/schema.org","@graph":[{"@type":"Article","@id":"https:\/\/lasentinelle.dz\/index.php\/2022\/04\/06\/concours-dacces-a-la-profession-davocat-les-conditions-fixees\/#article","isPartOf":{"@id":"https:\/\/lasentinelle.dz\/index.php\/2022\/04\/06\/concours-dacces-a-la-profession-davocat-les-conditions-fixees\/"},"author":{"name":"La Sentinelle","@id":"https:\/\/lasentinelle.dz\/#\/schema\/person\/d865044e22e70a75174ce8bcad3acfb3"},"headline":"Concours d\u2019acc\u00e8s \u00e0 la profession d\u2019avocat\u00a0: Les conditions fix\u00e9es","datePublished":"2022-04-05T23:01:00+00:00","mainEntityOfPage":{"@id":"https:\/\/lasentinelle.dz\/index.php\/2022\/04\/06\/concours-dacces-a-la-profession-davocat-les-conditions-fixees\/"},"wordCount":518,"commentCount":0,"publisher":{"@id":"https:\/\/lasentinelle.dz\/#organization"},"image":{"@id":"https:\/\/lasentinelle.dz\/index.php\/2022\/04\/06\/concours-dacces-a-la-profession-davocat-les-conditions-fixees\/#primaryimage"},"thumbnailUrl":"https:\/\/lasentinelle.dz\/wp-content\/uploads\/2022\/04\/avocat.png","articleSection":["Actualit\u00e9"],"inLanguage":"fr-FR","potentialAction":[{"@type":"CommentAction","name":"Comment","target":["https:\/\/lasentinelle.dz\/index.php\/2022\/04\/06\/concours-dacces-a-la-profession-davocat-les-conditions-fixees\/#respond"]}]},{"@type":"WebPage","@id":"https:\/\/lasentinelle.dz\/index.php\/2022\/04\/06\/concours-dacces-a-la-profession-davocat-les-conditions-fixees\/","url":"https:\/\/lasentinelle.dz\/index.php\/2022\/04\/06\/concours-dacces-a-la-profession-davocat-les-conditions-fixees\/","name":"Concours d\u2019acc\u00e8s \u00e0 la profession d\u2019avocat\u00a0: Les conditions fix\u00e9es - La Sentinelle","isPartOf":{"@id":"https:\/\/lasentinelle.dz\/#website"},"primaryImageOfPage":{"@id":"https:\/\/lasentinelle.dz\/index.php\/2022\/04\/06\/concours-dacces-a-la-profession-davocat-les-conditions-fixees\/#primaryimage"},"image":{"@id":"https:\/\/lasentinelle.dz\/index.php\/2022\/04\/06\/concours-dacces-a-la-profession-davocat-les-conditions-fixees\/#primaryimage"},"thumbnailUrl":"https:\/\/lasentinelle.dz\/wp-content\/uploads\/2022\/04\/avocat.png","datePublished":"2022-04-05T23:01:00+00:00","breadcrumb":{"@id":"https:\/\/lasentinelle.dz\/index.php\/2022\/04\/06\/concours-dacces-a-la-profession-davocat-les-conditions-fixees\/#breadcrumb"},"inLanguage":"fr-FR","potentialAction":[{"@type":"ReadAction","target":["https:\/\/lasentinelle.dz\/index.php\/2022\/04\/06\/concours-dacces-a-la-profession-davocat-les-conditions-fixees\/"]}]},{"@type":"ImageObject","inLanguage":"fr-FR","@id":"https:\/\/lasentinelle.dz\/index.php\/2022\/04\/06\/concours-dacces-a-la-profession-davocat-les-conditions-fixees\/#primaryimage","url":"https:\/\/lasentinelle.dz\/wp-content\/uploads\/2022\/04\/avocat.png","contentUrl":"https:\/\/lasentinelle.dz\/wp-content\/uploads\/2022\/04\/avocat.png","width":1491,"height":900},{"@type":"BreadcrumbList","@id":"https:\/\/lasentinelle.dz\/index.php\/2022\/04\/06\/concours-dacces-a-la-profession-davocat-les-conditions-fixees\/#breadcrumb","itemListElement":[{"@type":"ListItem","position":1,"name":"Accueil","item":"https:\/\/lasentinelle.dz\/"},{"@type":"ListItem","position":2,"name":"Concours d\u2019acc\u00e8s \u00e0 la profession d\u2019avocat\u00a0: Les conditions fix\u00e9es"}]},{"@type":"WebSite","@id":"https:\/\/lasentinelle.dz\/#website","url":"https:\/\/lasentinelle.dz\/","name":"La Sentinelle","description":"Quotidien national d&#039;information","publisher":{"@id":"https:\/\/lasentinelle.dz\/#organization"},"potentialAction":[{"@type":"SearchAction","target":{"@type":"EntryPoint","urlTemplate":"https:\/\/lasentinelle.dz\/?s={search_term_string}"},"query-input":{"@type":"PropertyValueSpecification","valueRequired":true,"valueName":"search_term_string"}}],"inLanguage":"fr-FR"},{"@type":"Organization","@id":"https:\/\/lasentinelle.dz\/#organization","name":"Quotidien La Sentinelle","url":"https:\/\/lasentinelle.dz\/","logo":{"@type":"ImageObject","inLanguage":"fr-FR","@id":"https:\/\/lasentinelle.dz\/#\/schema\/logo\/image\/","url":"https:\/\/lasentinelle.dz\/wp-content\/uploads\/2021\/09\/logo-sentinelleSLOGAN-1.png","contentUrl":"https:\/\/lasentinelle.dz\/wp-content\/uploads\/2021\/09\/logo-sentinelleSLOGAN-1.png","width":615,"height":142,"caption":"Quotidien La Sentinelle"},"image":{"@id":"https:\/\/lasentinelle.dz\/#\/schema\/logo\/image\/"},"sameAs":["https:\/\/www.facebook.com\/La-Sentinelle-104059864394773"]},{"@type":"Person","@id":"https:\/\/lasentinelle.dz\/#\/schema\/person\/d865044e22e70a75174ce8bcad3acfb3","name":"La Sentinelle","image":{"@type":"ImageObject","inLanguage":"fr-FR","@id":"https:\/\/secure.gravatar.com\/avatar\/57de8e5d4b15d43fb361a71fbb36338450fe67865b528a43dd10ef7c51a20392?s=96&d=mm&r=g","url":"https:\/\/secure.gravatar.com\/avatar\/57de8e5d4b15d43fb361a71fbb36338450fe67865b528a43dd10ef7c51a20392?s=96&d=mm&r=g","contentUrl":"https:\/\/secure.gravatar.com\/avatar\/57de8e5d4b15d43fb361a71fbb36338450fe67865b528a43dd10ef7c51a20392?s=96&d=mm&r=g","caption":"La Sentinelle"},"sameAs":["http:\/\/www.lasentinelle.dz"],"url":"https:\/\/lasentinelle.dz\/author\/redaction\/"}]}},"_links":{"self":[{"href":"https:\/\/lasentinelle.dz\/index.php\/wp-json\/wp\/v2\/posts\/19423","targetHints":{"allow":["GET"]}}],"collection":[{"href":"https:\/\/lasentinelle.dz\/index.php\/wp-json\/wp\/v2\/posts"}],"about":[{"href":"https:\/\/lasentinelle.dz\/index.php\/wp-json\/wp\/v2\/types\/post"}],"author":[{"embeddable":true,"href":"https:\/\/lasentinelle.dz\/index.php\/wp-json\/wp\/v2\/users\/3"}],"replies":[{"embeddable":true,"href":"https:\/\/lasentinelle.dz\/index.php\/wp-json\/wp\/v2\/comments?post=19423"}],"version-history":[{"count":1,"href":"https:\/\/lasentinelle.dz\/index.php\/wp-json\/wp\/v2\/posts\/19423\/revisions"}],"predecessor-version":[{"id":19475,"href":"https:\/\/lasentinelle.dz\/index.php\/wp-json\/wp\/v2\/posts\/19423\/revisions\/19475"}],"wp:featuredmedia":[{"embeddable":true,"href":"https:\/\/lasentinelle.dz\/index.php\/wp-json\/wp\/v2\/media\/19470"}],"wp:attachment":[{"href":"https:\/\/lasentinelle.dz\/index.php\/wp-json\/wp\/v2\/media?parent=19423"}],"wp:term":[{"taxonomy":"category","embeddable":true,"href":"https:\/\/lasentinelle.dz\/index.php\/wp-json\/wp\/v2\/categories?post=19423"},{"taxonomy":"post_tag","embeddable":true,"href":"https:\/\/lasentinelle.dz\/index.php\/wp-json\/wp\/v2\/tags?post=19423"}],"curies":[{"name":"wp","href":"https:\/\/api.w.org\/{rel}","templated":true}]}}