{"id":19424,"date":"2022-04-06T00:01:00","date_gmt":"2022-04-05T23:01:00","guid":{"rendered":"https:\/\/lasentinelle.dz\/?p=19424"},"modified":"2022-04-05T18:25:48","modified_gmt":"2022-04-05T17:25:48","slug":"terroristes-captures-a-skikda-les-interrogatoires-menent-a-une-cache-darmes-dans-le-maquis-de-tizi-ouzou","status":"publish","type":"post","link":"https:\/\/lasentinelle.dz\/index.php\/2022\/04\/06\/terroristes-captures-a-skikda-les-interrogatoires-menent-a-une-cache-darmes-dans-le-maquis-de-tizi-ouzou\/","title":{"rendered":"Terroristes captur\u00e9s \u00e0 Skikda\u00a0: Les interrogatoires m\u00e8nent \u00e0 une cache d\u2019armes dans le maquis de Tizi-Ouzou"},"content":{"rendered":"\n<p>Apr\u00e8s avoir r\u00e9cemment captur\u00e9 plusieurs terroristes \u00e0 Skikda et sur la base des renseignements soutir\u00e9s, le minist\u00e8re de la D\u00e9fense annonce, ce mardi dans un communiqu\u00e9, avoir men\u00e9 une op\u00e9ration militaire qualitative, dans la wilaya de Tizi-Ouzou, qui a permis de d\u00e9couvrir une importante quantit\u00e9 d\u2019armes ainsi que la d\u00e9pouille du terroriste Ghissi Abdelhakim. \u00ab Dans le cadre des op\u00e9rations de qualit\u00e9 men\u00e9es par les unit\u00e9s de l&rsquo;Arm\u00e9e Nationale Populaire dans le domaine de la lutte antiterroriste, et gr\u00e2ce \u00e0 une exploitation efficiente des renseignements fournis par les terroristes captur\u00e9s r\u00e9cemment \u00e0 Skikda, des d\u00e9tachements de l&rsquo;ANP ont d\u00e9couvert et d\u00e9truit, lors d&rsquo;une op\u00e9ration de ratissage \u00e0 Tizi Ouzou, une casemate pour terroristes. \u00bb&nbsp;La fouille des lieux a permis de r\u00e9cup\u00e9rer \u00ab deux fusils mitrailleurs FMPK, un missile sol-air de type Strela-M2, deux lance-roquettes RPG-7, un lance-roquettes RPG-2, un fusil de chasse, 23 bombes de confection artisanale, quatre roquettes RPG7-V, neuf charges propulsives pour lance-roquettes, un viseur pour RPG-7, une paire de jumelles, des outils de d\u00e9tonation, des chargeurs de munitions et 2156 balles \u00bb, d\u00e9taille le communiqu\u00e9 du MDN.&nbsp;Sur place, les \u00e9l\u00e9ments de l\u2019ANP ont \u00e9galement d\u00e9couvert, \u00ab des effets vestimentaires, des vivres, des m\u00e9dicaments, des \u00e9quipements \u00e9lectroniques et d&rsquo;autres objets \u00bb. L\u2019exploitation des renseignements r\u00e9colt\u00e9s auparavant a, de plus, permis de \u00ab d\u00e9terrer la d\u00e9pouille du d\u00e9nomm\u00e9 Ghissi Abdelhakim, dit Salman, qui avait ralli\u00e9 les groupes terroristes en 2005, avant d&rsquo;\u00eatre abattu en 2009 \u00bb, pr\u00e9cise encore le communiqu\u00e9.&nbsp;Ces r\u00e9sultats de qualit\u00e9 confirment, selon le MDN, l&rsquo;efficacit\u00e9 des multiples op\u00e9rations men\u00e9es par les unit\u00e9s de l&rsquo;Arm\u00e9e Nationale Populaire, afin d&rsquo;\u00e9radiquer le terrorisme sous toutes ses formes, de couper tout moyen de survie \u00e0 ces criminels et de les traquer, partout o\u00f9 ils se trouvent.<\/p>\n\n\n\n<p>APS<\/p>\n","protected":false},"excerpt":{"rendered":"<p>Apr\u00e8s avoir r\u00e9cemment captur\u00e9 plusieurs terroristes \u00e0 Skikda et sur la base des renseignements soutir\u00e9s, le minist\u00e8re de la D\u00e9fense<\/p>\n","protected":false},"author":3,"featured_media":19471,"comment_status":"open","ping_status":"closed","sticky":false,"template":"","format":"standard","meta":{"colormag_page_container_layout":"default_layout","colormag_page_sidebar_layout":"default_layout","om_disable_all_campaigns":false,"_monsterinsights_skip_tracking":false,"_monsterinsights_sitenote_active":false,"_monsterinsights_sitenote_note":"","_monsterinsights_sitenote_category":0,"footnotes":"","_wpscppro_dont_share_socialmedia":false,"_wpscppro_custom_social_share_image":0,"_facebook_share_type":"","_twitter_share_type":"","_linkedin_share_type":"","_pinterest_share_type":"","_linkedin_share_type_page":"","_instagram_share_type":"","_medium_share_type":"","_threads_share_type":"","_google_business_share_type":"","_selected_social_profile":[],"_wpsp_enable_custom_social_template":false,"_wpsp_social_scheduling":{"enabled":false,"datetime":null,"platforms":[],"status":"template_only","dateOption":"today","timeOption":"now","customDays":"","customHours":"","customDate":"","customTime":"","schedulingType":"absolute"},"_wpsp_active_default_template":true},"categories":[27],"tags":[],"class_list":["post-19424","post","type-post","status-publish","format-standard","has-post-thumbnail","hentry","category-actualite"],"aioseo_notices":[],"yoast_head":"<!-- This site is optimized with the Yoast SEO plugin v27.4 - https:\/\/yoast.com\/product\/yoast-seo-wordpress\/ -->\n<title>Terroristes captur\u00e9s \u00e0 Skikda\u00a0: Les interrogatoires m\u00e8nent \u00e0 une cache d\u2019armes dans le maquis de Tizi-Ouzou - La Sentinelle<\/title>\n<meta name=\"robots\" content=\"index, follow, max-snippet:-1, max-image-preview:large, max-video-preview:-1\" \/>\n<link rel=\"canonical\" href=\"https:\/\/lasentinelle.dz\/index.php\/2022\/04\/06\/terroristes-captures-a-skikda-les-interrogatoires-menent-a-une-cache-darmes-dans-le-maquis-de-tizi-ouzou\/\" \/>\n<meta property=\"og:locale\" content=\"fr_FR\" \/>\n<meta property=\"og:type\" content=\"article\" \/>\n<meta property=\"og:title\" content=\"Terroristes captur\u00e9s \u00e0 Skikda\u00a0: Les interrogatoires m\u00e8nent \u00e0 une cache d\u2019armes dans le maquis de Tizi-Ouzou - La Sentinelle\" \/>\n<meta property=\"og:description\" content=\"Apr\u00e8s avoir r\u00e9cemment captur\u00e9 plusieurs terroristes \u00e0 Skikda et sur la base des renseignements soutir\u00e9s, le minist\u00e8re de la D\u00e9fense\" \/>\n<meta property=\"og:url\" content=\"https:\/\/lasentinelle.dz\/index.php\/2022\/04\/06\/terroristes-captures-a-skikda-les-interrogatoires-menent-a-une-cache-darmes-dans-le-maquis-de-tizi-ouzou\/\" \/>\n<meta property=\"og:site_name\" content=\"La Sentinelle\" \/>\n<meta property=\"article:publisher\" content=\"https:\/\/www.facebook.com\/La-Sentinelle-104059864394773\" \/>\n<meta property=\"article:published_time\" content=\"2022-04-05T23:01:00+00:00\" \/>\n<meta property=\"og:image\" content=\"https:\/\/lasentinelle.dz\/wp-content\/uploads\/2022\/04\/dfa.png\" \/>\n\t<meta property=\"og:image:width\" content=\"1352\" \/>\n\t<meta property=\"og:image:height\" content=\"900\" \/>\n\t<meta property=\"og:image:type\" content=\"image\/png\" \/>\n<meta name=\"author\" content=\"La Sentinelle\" \/>\n<meta name=\"twitter:card\" content=\"summary_large_image\" \/>\n<meta name=\"twitter:label1\" content=\"\u00c9crit par\" \/>\n\t<meta name=\"twitter:data1\" content=\"La Sentinelle\" \/>\n\t<meta name=\"twitter:label2\" content=\"Dur\u00e9e de lecture estim\u00e9e\" \/>\n\t<meta name=\"twitter:data2\" content=\"2 minutes\" \/>\n<script type=\"application\/ld+json\" class=\"yoast-schema-graph\">{\"@context\":\"https:\\\/\\\/schema.org\",\"@graph\":[{\"@type\":\"Article\",\"@id\":\"https:\\\/\\\/lasentinelle.dz\\\/index.php\\\/2022\\\/04\\\/06\\\/terroristes-captures-a-skikda-les-interrogatoires-menent-a-une-cache-darmes-dans-le-maquis-de-tizi-ouzou\\\/#article\",\"isPartOf\":{\"@id\":\"https:\\\/\\\/lasentinelle.dz\\\/index.php\\\/2022\\\/04\\\/06\\\/terroristes-captures-a-skikda-les-interrogatoires-menent-a-une-cache-darmes-dans-le-maquis-de-tizi-ouzou\\\/\"},\"author\":{\"name\":\"La Sentinelle\",\"@id\":\"https:\\\/\\\/lasentinelle.dz\\\/#\\\/schema\\\/person\\\/d865044e22e70a75174ce8bcad3acfb3\"},\"headline\":\"Terroristes captur\u00e9s \u00e0 Skikda\u00a0: Les interrogatoires m\u00e8nent \u00e0 une cache d\u2019armes dans le maquis de Tizi-Ouzou\",\"datePublished\":\"2022-04-05T23:01:00+00:00\",\"mainEntityOfPage\":{\"@id\":\"https:\\\/\\\/lasentinelle.dz\\\/index.php\\\/2022\\\/04\\\/06\\\/terroristes-captures-a-skikda-les-interrogatoires-menent-a-une-cache-darmes-dans-le-maquis-de-tizi-ouzou\\\/\"},\"wordCount\":342,\"commentCount\":0,\"publisher\":{\"@id\":\"https:\\\/\\\/lasentinelle.dz\\\/#organization\"},\"image\":{\"@id\":\"https:\\\/\\\/lasentinelle.dz\\\/index.php\\\/2022\\\/04\\\/06\\\/terroristes-captures-a-skikda-les-interrogatoires-menent-a-une-cache-darmes-dans-le-maquis-de-tizi-ouzou\\\/#primaryimage\"},\"thumbnailUrl\":\"https:\\\/\\\/lasentinelle.dz\\\/wp-content\\\/uploads\\\/2022\\\/04\\\/dfa.png\",\"articleSection\":[\"Actualit\u00e9\"],\"inLanguage\":\"fr-FR\",\"potentialAction\":[{\"@type\":\"CommentAction\",\"name\":\"Comment\",\"target\":[\"https:\\\/\\\/lasentinelle.dz\\\/index.php\\\/2022\\\/04\\\/06\\\/terroristes-captures-a-skikda-les-interrogatoires-menent-a-une-cache-darmes-dans-le-maquis-de-tizi-ouzou\\\/#respond\"]}]},{\"@type\":\"WebPage\",\"@id\":\"https:\\\/\\\/lasentinelle.dz\\\/index.php\\\/2022\\\/04\\\/06\\\/terroristes-captures-a-skikda-les-interrogatoires-menent-a-une-cache-darmes-dans-le-maquis-de-tizi-ouzou\\\/\",\"url\":\"https:\\\/\\\/lasentinelle.dz\\\/index.php\\\/2022\\\/04\\\/06\\\/terroristes-captures-a-skikda-les-interrogatoires-menent-a-une-cache-darmes-dans-le-maquis-de-tizi-ouzou\\\/\",\"name\":\"Terroristes captur\u00e9s \u00e0 Skikda\u00a0: Les interrogatoires m\u00e8nent \u00e0 une cache d\u2019armes dans le maquis de Tizi-Ouzou - La Sentinelle\",\"isPartOf\":{\"@id\":\"https:\\\/\\\/lasentinelle.dz\\\/#website\"},\"primaryImageOfPage\":{\"@id\":\"https:\\\/\\\/lasentinelle.dz\\\/index.php\\\/2022\\\/04\\\/06\\\/terroristes-captures-a-skikda-les-interrogatoires-menent-a-une-cache-darmes-dans-le-maquis-de-tizi-ouzou\\\/#primaryimage\"},\"image\":{\"@id\":\"https:\\\/\\\/lasentinelle.dz\\\/index.php\\\/2022\\\/04\\\/06\\\/terroristes-captures-a-skikda-les-interrogatoires-menent-a-une-cache-darmes-dans-le-maquis-de-tizi-ouzou\\\/#primaryimage\"},\"thumbnailUrl\":\"https:\\\/\\\/lasentinelle.dz\\\/wp-content\\\/uploads\\\/2022\\\/04\\\/dfa.png\",\"datePublished\":\"2022-04-05T23:01:00+00:00\",\"breadcrumb\":{\"@id\":\"https:\\\/\\\/lasentinelle.dz\\\/index.php\\\/2022\\\/04\\\/06\\\/terroristes-captures-a-skikda-les-interrogatoires-menent-a-une-cache-darmes-dans-le-maquis-de-tizi-ouzou\\\/#breadcrumb\"},\"inLanguage\":\"fr-FR\",\"potentialAction\":[{\"@type\":\"ReadAction\",\"target\":[\"https:\\\/\\\/lasentinelle.dz\\\/index.php\\\/2022\\\/04\\\/06\\\/terroristes-captures-a-skikda-les-interrogatoires-menent-a-une-cache-darmes-dans-le-maquis-de-tizi-ouzou\\\/\"]}]},{\"@type\":\"ImageObject\",\"inLanguage\":\"fr-FR\",\"@id\":\"https:\\\/\\\/lasentinelle.dz\\\/index.php\\\/2022\\\/04\\\/06\\\/terroristes-captures-a-skikda-les-interrogatoires-menent-a-une-cache-darmes-dans-le-maquis-de-tizi-ouzou\\\/#primaryimage\",\"url\":\"https:\\\/\\\/lasentinelle.dz\\\/wp-content\\\/uploads\\\/2022\\\/04\\\/dfa.png\",\"contentUrl\":\"https:\\\/\\\/lasentinelle.dz\\\/wp-content\\\/uploads\\\/2022\\\/04\\\/dfa.png\",\"width\":1352,\"height\":900},{\"@type\":\"BreadcrumbList\",\"@id\":\"https:\\\/\\\/lasentinelle.dz\\\/index.php\\\/2022\\\/04\\\/06\\\/terroristes-captures-a-skikda-les-interrogatoires-menent-a-une-cache-darmes-dans-le-maquis-de-tizi-ouzou\\\/#breadcrumb\",\"itemListElement\":[{\"@type\":\"ListItem\",\"position\":1,\"name\":\"Accueil\",\"item\":\"https:\\\/\\\/lasentinelle.dz\\\/\"},{\"@type\":\"ListItem\",\"position\":2,\"name\":\"Terroristes captur\u00e9s \u00e0 Skikda\u00a0: Les interrogatoires m\u00e8nent \u00e0 une cache d\u2019armes dans le maquis de Tizi-Ouzou\"}]},{\"@type\":\"WebSite\",\"@id\":\"https:\\\/\\\/lasentinelle.dz\\\/#website\",\"url\":\"https:\\\/\\\/lasentinelle.dz\\\/\",\"name\":\"La Sentinelle\",\"description\":\"Quotidien national d&#039;information\",\"publisher\":{\"@id\":\"https:\\\/\\\/lasentinelle.dz\\\/#organization\"},\"potentialAction\":[{\"@type\":\"SearchAction\",\"target\":{\"@type\":\"EntryPoint\",\"urlTemplate\":\"https:\\\/\\\/lasentinelle.dz\\\/?s={search_term_string}\"},\"query-input\":{\"@type\":\"PropertyValueSpecification\",\"valueRequired\":true,\"valueName\":\"search_term_string\"}}],\"inLanguage\":\"fr-FR\"},{\"@type\":\"Organization\",\"@id\":\"https:\\\/\\\/lasentinelle.dz\\\/#organization\",\"name\":\"Quotidien La Sentinelle\",\"url\":\"https:\\\/\\\/lasentinelle.dz\\\/\",\"logo\":{\"@type\":\"ImageObject\",\"inLanguage\":\"fr-FR\",\"@id\":\"https:\\\/\\\/lasentinelle.dz\\\/#\\\/schema\\\/logo\\\/image\\\/\",\"url\":\"https:\\\/\\\/lasentinelle.dz\\\/wp-content\\\/uploads\\\/2021\\\/09\\\/logo-sentinelleSLOGAN-1.png\",\"contentUrl\":\"https:\\\/\\\/lasentinelle.dz\\\/wp-content\\\/uploads\\\/2021\\\/09\\\/logo-sentinelleSLOGAN-1.png\",\"width\":615,\"height\":142,\"caption\":\"Quotidien La Sentinelle\"},\"image\":{\"@id\":\"https:\\\/\\\/lasentinelle.dz\\\/#\\\/schema\\\/logo\\\/image\\\/\"},\"sameAs\":[\"https:\\\/\\\/www.facebook.com\\\/La-Sentinelle-104059864394773\"]},{\"@type\":\"Person\",\"@id\":\"https:\\\/\\\/lasentinelle.dz\\\/#\\\/schema\\\/person\\\/d865044e22e70a75174ce8bcad3acfb3\",\"name\":\"La Sentinelle\",\"image\":{\"@type\":\"ImageObject\",\"inLanguage\":\"fr-FR\",\"@id\":\"https:\\\/\\\/secure.gravatar.com\\\/avatar\\\/57de8e5d4b15d43fb361a71fbb36338450fe67865b528a43dd10ef7c51a20392?s=96&d=mm&r=g\",\"url\":\"https:\\\/\\\/secure.gravatar.com\\\/avatar\\\/57de8e5d4b15d43fb361a71fbb36338450fe67865b528a43dd10ef7c51a20392?s=96&d=mm&r=g\",\"contentUrl\":\"https:\\\/\\\/secure.gravatar.com\\\/avatar\\\/57de8e5d4b15d43fb361a71fbb36338450fe67865b528a43dd10ef7c51a20392?s=96&d=mm&r=g\",\"caption\":\"La Sentinelle\"},\"sameAs\":[\"http:\\\/\\\/www.lasentinelle.dz\"],\"url\":\"https:\\\/\\\/lasentinelle.dz\\\/author\\\/redaction\\\/\"}]}<\/script>\n<!-- \/ Yoast SEO plugin. -->","yoast_head_json":{"title":"Terroristes captur\u00e9s \u00e0 Skikda\u00a0: Les interrogatoires m\u00e8nent \u00e0 une cache d\u2019armes dans le maquis de Tizi-Ouzou - La Sentinelle","robots":{"index":"index","follow":"follow","max-snippet":"max-snippet:-1","max-image-preview":"max-image-preview:large","max-video-preview":"max-video-preview:-1"},"canonical":"https:\/\/lasentinelle.dz\/index.php\/2022\/04\/06\/terroristes-captures-a-skikda-les-interrogatoires-menent-a-une-cache-darmes-dans-le-maquis-de-tizi-ouzou\/","og_locale":"fr_FR","og_type":"article","og_title":"Terroristes captur\u00e9s \u00e0 Skikda\u00a0: Les interrogatoires m\u00e8nent \u00e0 une cache d\u2019armes dans le maquis de Tizi-Ouzou - La Sentinelle","og_description":"Apr\u00e8s avoir r\u00e9cemment captur\u00e9 plusieurs terroristes \u00e0 Skikda et sur la base des renseignements soutir\u00e9s, le minist\u00e8re de la D\u00e9fense","og_url":"https:\/\/lasentinelle.dz\/index.php\/2022\/04\/06\/terroristes-captures-a-skikda-les-interrogatoires-menent-a-une-cache-darmes-dans-le-maquis-de-tizi-ouzou\/","og_site_name":"La Sentinelle","article_publisher":"https:\/\/www.facebook.com\/La-Sentinelle-104059864394773","article_published_time":"2022-04-05T23:01:00+00:00","og_image":[{"width":1352,"height":900,"url":"https:\/\/lasentinelle.dz\/wp-content\/uploads\/2022\/04\/dfa.png","type":"image\/png"}],"author":"La Sentinelle","twitter_card":"summary_large_image","twitter_misc":{"\u00c9crit par":"La Sentinelle","Dur\u00e9e de lecture estim\u00e9e":"2 minutes"},"schema":{"@context":"https:\/\/schema.org","@graph":[{"@type":"Article","@id":"https:\/\/lasentinelle.dz\/index.php\/2022\/04\/06\/terroristes-captures-a-skikda-les-interrogatoires-menent-a-une-cache-darmes-dans-le-maquis-de-tizi-ouzou\/#article","isPartOf":{"@id":"https:\/\/lasentinelle.dz\/index.php\/2022\/04\/06\/terroristes-captures-a-skikda-les-interrogatoires-menent-a-une-cache-darmes-dans-le-maquis-de-tizi-ouzou\/"},"author":{"name":"La Sentinelle","@id":"https:\/\/lasentinelle.dz\/#\/schema\/person\/d865044e22e70a75174ce8bcad3acfb3"},"headline":"Terroristes captur\u00e9s \u00e0 Skikda\u00a0: Les interrogatoires m\u00e8nent \u00e0 une cache d\u2019armes dans le maquis de Tizi-Ouzou","datePublished":"2022-04-05T23:01:00+00:00","mainEntityOfPage":{"@id":"https:\/\/lasentinelle.dz\/index.php\/2022\/04\/06\/terroristes-captures-a-skikda-les-interrogatoires-menent-a-une-cache-darmes-dans-le-maquis-de-tizi-ouzou\/"},"wordCount":342,"commentCount":0,"publisher":{"@id":"https:\/\/lasentinelle.dz\/#organization"},"image":{"@id":"https:\/\/lasentinelle.dz\/index.php\/2022\/04\/06\/terroristes-captures-a-skikda-les-interrogatoires-menent-a-une-cache-darmes-dans-le-maquis-de-tizi-ouzou\/#primaryimage"},"thumbnailUrl":"https:\/\/lasentinelle.dz\/wp-content\/uploads\/2022\/04\/dfa.png","articleSection":["Actualit\u00e9"],"inLanguage":"fr-FR","potentialAction":[{"@type":"CommentAction","name":"Comment","target":["https:\/\/lasentinelle.dz\/index.php\/2022\/04\/06\/terroristes-captures-a-skikda-les-interrogatoires-menent-a-une-cache-darmes-dans-le-maquis-de-tizi-ouzou\/#respond"]}]},{"@type":"WebPage","@id":"https:\/\/lasentinelle.dz\/index.php\/2022\/04\/06\/terroristes-captures-a-skikda-les-interrogatoires-menent-a-une-cache-darmes-dans-le-maquis-de-tizi-ouzou\/","url":"https:\/\/lasentinelle.dz\/index.php\/2022\/04\/06\/terroristes-captures-a-skikda-les-interrogatoires-menent-a-une-cache-darmes-dans-le-maquis-de-tizi-ouzou\/","name":"Terroristes captur\u00e9s \u00e0 Skikda\u00a0: Les interrogatoires m\u00e8nent \u00e0 une cache d\u2019armes dans le maquis de Tizi-Ouzou - La Sentinelle","isPartOf":{"@id":"https:\/\/lasentinelle.dz\/#website"},"primaryImageOfPage":{"@id":"https:\/\/lasentinelle.dz\/index.php\/2022\/04\/06\/terroristes-captures-a-skikda-les-interrogatoires-menent-a-une-cache-darmes-dans-le-maquis-de-tizi-ouzou\/#primaryimage"},"image":{"@id":"https:\/\/lasentinelle.dz\/index.php\/2022\/04\/06\/terroristes-captures-a-skikda-les-interrogatoires-menent-a-une-cache-darmes-dans-le-maquis-de-tizi-ouzou\/#primaryimage"},"thumbnailUrl":"https:\/\/lasentinelle.dz\/wp-content\/uploads\/2022\/04\/dfa.png","datePublished":"2022-04-05T23:01:00+00:00","breadcrumb":{"@id":"https:\/\/lasentinelle.dz\/index.php\/2022\/04\/06\/terroristes-captures-a-skikda-les-interrogatoires-menent-a-une-cache-darmes-dans-le-maquis-de-tizi-ouzou\/#breadcrumb"},"inLanguage":"fr-FR","potentialAction":[{"@type":"ReadAction","target":["https:\/\/lasentinelle.dz\/index.php\/2022\/04\/06\/terroristes-captures-a-skikda-les-interrogatoires-menent-a-une-cache-darmes-dans-le-maquis-de-tizi-ouzou\/"]}]},{"@type":"ImageObject","inLanguage":"fr-FR","@id":"https:\/\/lasentinelle.dz\/index.php\/2022\/04\/06\/terroristes-captures-a-skikda-les-interrogatoires-menent-a-une-cache-darmes-dans-le-maquis-de-tizi-ouzou\/#primaryimage","url":"https:\/\/lasentinelle.dz\/wp-content\/uploads\/2022\/04\/dfa.png","contentUrl":"https:\/\/lasentinelle.dz\/wp-content\/uploads\/2022\/04\/dfa.png","width":1352,"height":900},{"@type":"BreadcrumbList","@id":"https:\/\/lasentinelle.dz\/index.php\/2022\/04\/06\/terroristes-captures-a-skikda-les-interrogatoires-menent-a-une-cache-darmes-dans-le-maquis-de-tizi-ouzou\/#breadcrumb","itemListElement":[{"@type":"ListItem","position":1,"name":"Accueil","item":"https:\/\/lasentinelle.dz\/"},{"@type":"ListItem","position":2,"name":"Terroristes captur\u00e9s \u00e0 Skikda\u00a0: Les interrogatoires m\u00e8nent \u00e0 une cache d\u2019armes dans le maquis de Tizi-Ouzou"}]},{"@type":"WebSite","@id":"https:\/\/lasentinelle.dz\/#website","url":"https:\/\/lasentinelle.dz\/","name":"La Sentinelle","description":"Quotidien national d&#039;information","publisher":{"@id":"https:\/\/lasentinelle.dz\/#organization"},"potentialAction":[{"@type":"SearchAction","target":{"@type":"EntryPoint","urlTemplate":"https:\/\/lasentinelle.dz\/?s={search_term_string}"},"query-input":{"@type":"PropertyValueSpecification","valueRequired":true,"valueName":"search_term_string"}}],"inLanguage":"fr-FR"},{"@type":"Organization","@id":"https:\/\/lasentinelle.dz\/#organization","name":"Quotidien La Sentinelle","url":"https:\/\/lasentinelle.dz\/","logo":{"@type":"ImageObject","inLanguage":"fr-FR","@id":"https:\/\/lasentinelle.dz\/#\/schema\/logo\/image\/","url":"https:\/\/lasentinelle.dz\/wp-content\/uploads\/2021\/09\/logo-sentinelleSLOGAN-1.png","contentUrl":"https:\/\/lasentinelle.dz\/wp-content\/uploads\/2021\/09\/logo-sentinelleSLOGAN-1.png","width":615,"height":142,"caption":"Quotidien La Sentinelle"},"image":{"@id":"https:\/\/lasentinelle.dz\/#\/schema\/logo\/image\/"},"sameAs":["https:\/\/www.facebook.com\/La-Sentinelle-104059864394773"]},{"@type":"Person","@id":"https:\/\/lasentinelle.dz\/#\/schema\/person\/d865044e22e70a75174ce8bcad3acfb3","name":"La Sentinelle","image":{"@type":"ImageObject","inLanguage":"fr-FR","@id":"https:\/\/secure.gravatar.com\/avatar\/57de8e5d4b15d43fb361a71fbb36338450fe67865b528a43dd10ef7c51a20392?s=96&d=mm&r=g","url":"https:\/\/secure.gravatar.com\/avatar\/57de8e5d4b15d43fb361a71fbb36338450fe67865b528a43dd10ef7c51a20392?s=96&d=mm&r=g","contentUrl":"https:\/\/secure.gravatar.com\/avatar\/57de8e5d4b15d43fb361a71fbb36338450fe67865b528a43dd10ef7c51a20392?s=96&d=mm&r=g","caption":"La Sentinelle"},"sameAs":["http:\/\/www.lasentinelle.dz"],"url":"https:\/\/lasentinelle.dz\/author\/redaction\/"}]}},"_links":{"self":[{"href":"https:\/\/lasentinelle.dz\/index.php\/wp-json\/wp\/v2\/posts\/19424","targetHints":{"allow":["GET"]}}],"collection":[{"href":"https:\/\/lasentinelle.dz\/index.php\/wp-json\/wp\/v2\/posts"}],"about":[{"href":"https:\/\/lasentinelle.dz\/index.php\/wp-json\/wp\/v2\/types\/post"}],"author":[{"embeddable":true,"href":"https:\/\/lasentinelle.dz\/index.php\/wp-json\/wp\/v2\/users\/3"}],"replies":[{"embeddable":true,"href":"https:\/\/lasentinelle.dz\/index.php\/wp-json\/wp\/v2\/comments?post=19424"}],"version-history":[{"count":1,"href":"https:\/\/lasentinelle.dz\/index.php\/wp-json\/wp\/v2\/posts\/19424\/revisions"}],"predecessor-version":[{"id":19472,"href":"https:\/\/lasentinelle.dz\/index.php\/wp-json\/wp\/v2\/posts\/19424\/revisions\/19472"}],"wp:featuredmedia":[{"embeddable":true,"href":"https:\/\/lasentinelle.dz\/index.php\/wp-json\/wp\/v2\/media\/19471"}],"wp:attachment":[{"href":"https:\/\/lasentinelle.dz\/index.php\/wp-json\/wp\/v2\/media?parent=19424"}],"wp:term":[{"taxonomy":"category","embeddable":true,"href":"https:\/\/lasentinelle.dz\/index.php\/wp-json\/wp\/v2\/categories?post=19424"},{"taxonomy":"post_tag","embeddable":true,"href":"https:\/\/lasentinelle.dz\/index.php\/wp-json\/wp\/v2\/tags?post=19424"}],"curies":[{"name":"wp","href":"https:\/\/api.w.org\/{rel}","templated":true}]}}