{"id":1944,"date":"2021-07-24T00:01:00","date_gmt":"2021-07-23T23:01:00","guid":{"rendered":"https:\/\/lasentinelle.dz\/?p=1944"},"modified":"2021-07-23T17:00:38","modified_gmt":"2021-07-23T16:00:38","slug":"feux-de-forets-a-blida-intensification-des-patrouilles-de-controle-durant-le-weekend","status":"publish","type":"post","link":"https:\/\/lasentinelle.dz\/index.php\/2021\/07\/24\/feux-de-forets-a-blida-intensification-des-patrouilles-de-controle-durant-le-weekend\/","title":{"rendered":"Feux de for\u00eats \u00e0 Blida : Intensification des patrouilles de contr\u00f4le durant le weekend"},"content":{"rendered":"\n<p>Le Parc national de Chr\u00e9a, de concert avec la Conservation des for\u00eats de Blida, vont intensifier les patrouilles de contr\u00f4le durant ce weekend, co\u00efncidant avec les f\u00eates de l\u2019Aid El Adha, en vue d\u2019assurer une intervention rapide en cas de d\u00e9claration d\u2019incendies, a-t-on appris aupr\u00e8s du directeur de ce Parc. \u00ab\u00a0En pr\u00e9vision d\u2019une affluence de visiteurs vers le Parc national de Chr\u00e9a, durant ce weekend co\u00efncidant avec les f\u00eates de l\u2019Aid El Adha, les patrouilles de contr\u00f4le seront intensifi\u00e9es au niveau des sites fr\u00e9quent\u00e9s par les visiteurs, dont une majorit\u00e9 pr\u00e9parent des barbecues, qui sont g\u00e9n\u00e9ralement \u00e0 l\u2019origine de la d\u00e9claration d\u2019incendies\u00a0\u00bb, a indiqu\u00e9, \u00e0 l\u2019APS, Mohamed Ziar. Il a ajout\u00e9 que ces patrouilles seront intensifi\u00e9es \u00ab\u00a0\u00e0 partir de l\u2019apr\u00e8s-midi jusqu\u2019\u00e0 20H00, vu qu\u2019un taux de 80% des incendies enregistr\u00e9s, ces derni\u00e8res ann\u00e9es, au niveau du Parc de Chr\u00e9a, et sur le territoire de la wilaya en g\u00e9n\u00e9ral, ont \u00e9t\u00e9 d\u00e9clar\u00e9s \u00e0 cette p\u00e9riode de la journ\u00e9e\u00a0\u00bb. Outre les agents des for\u00eats et du Parc, les riverains des zones foresti\u00e8res \u00ab\u00a0jouent, \u00e9galement, un r\u00f4le d\u2019importance dans le signalement des incendies, de mani\u00e8re \u00e0 permettre leur extinction imm\u00e9diatement apr\u00e8s leur d\u00e9claration , en emp\u00eachant la propagation des flammes vers le reste du p\u00e9rim\u00e8tre forestier\u00a0\u00bb, a-t-il expliqu\u00e9, en outre. Il a, aussi, soulign\u00e9 le recrutement, cette ann\u00e9e, \u00ab\u00a0d&rsquo;un nombre suffisant de surveillants saisonniers r\u00e9sidant au niveau de ces zones pour garantir une bonne couverture du Parc\u00a0\u00bb.<\/p>\n\n\n\n<p>M. Ziar a lanc\u00e9, \u00e0 l\u2019occasion, un appel aux visiteurs de cette r\u00e9serve naturelle, en vue d\u2019\u00e9viter d\u2019allumer des barbecues au sein des for\u00eats du Parc de Chr\u00e9a. \u00ab\u00a0Les barbecues sont parmi les principaux facteurs en cause dans la d\u00e9claration des incendies, tout en \u00e9tant \u00e0 l\u2019origine de la d\u00e9gradation du couvert v\u00e9g\u00e9tal, et de la disparition d\u2019un nombre de plantes rares end\u00e9miques de cette r\u00e9serve\u00a0\u00bb, a-t-il d\u00e9plor\u00e9. A noter que le directeur d\u2019\u00e9tudes, charg\u00e9 de la r\u00e9glementation, communication et contentieux \u00e0 la Direction g\u00e9n\u00e9rale des for\u00eats (DGF), Mohamed Abbas avait mise en garde, lors de sa pr\u00e9sidence, en d\u00e9but de semaine, d\u2019une rencontre r\u00e9gionale sur les feux de for\u00eats \u00e0 Blida, \u00ab\u00a0contre la pr\u00e9paration de barbecues au niveau des for\u00eats\u00a0\u00bb. Il a d\u00e9plor\u00e9 le fait que de \u00ab\u00a0nombreux Alg\u00e9riens semblent ignorer les dangers inh\u00e9rents \u00e0 la d\u00e9forestation des montagnes, dont l\u2019\u00e9rosion du sol, l\u2019envasement des barrages, la d\u00e9t\u00e9rioration des terres fertiles, et la perte ou d\u00e9clin de la biodiversit\u00e9\u00a0\u00bb.<\/p>\n\n\n\n<p>APS<\/p>\n","protected":false},"excerpt":{"rendered":"<p>Le Parc national de Chr\u00e9a, de concert avec la Conservation des for\u00eats de Blida, vont intensifier les patrouilles de contr\u00f4le<\/p>\n","protected":false},"author":3,"featured_media":1949,"comment_status":"open","ping_status":"closed","sticky":false,"template":"","format":"standard","meta":{"colormag_page_container_layout":"default_layout","colormag_page_sidebar_layout":"default_layout","om_disable_all_campaigns":false,"_monsterinsights_skip_tracking":false,"_monsterinsights_sitenote_active":false,"_monsterinsights_sitenote_note":"","_monsterinsights_sitenote_category":0,"footnotes":"","_wpscppro_dont_share_socialmedia":false,"_wpscppro_custom_social_share_image":0,"_facebook_share_type":"","_twitter_share_type":"","_linkedin_share_type":"","_pinterest_share_type":"","_linkedin_share_type_page":"","_instagram_share_type":"","_medium_share_type":"","_threads_share_type":"","_google_business_share_type":"","_selected_social_profile":[],"_wpsp_enable_custom_social_template":false,"_wpsp_social_scheduling":{"enabled":false,"datetime":null,"platforms":[],"status":"template_only","dateOption":"today","timeOption":"now","customDays":"","customHours":"","customDate":"","customTime":"","schedulingType":"absolute"},"_wpsp_active_default_template":true},"categories":[31],"tags":[],"class_list":["post-1944","post","type-post","status-publish","format-standard","has-post-thumbnail","hentry","category-regions"],"aioseo_notices":[],"yoast_head":"<!-- This site is optimized with the Yoast SEO plugin v27.5 - https:\/\/yoast.com\/product\/yoast-seo-wordpress\/ -->\n<title>Feux de for\u00eats \u00e0 Blida : Intensification des patrouilles de contr\u00f4le durant le weekend - La Sentinelle<\/title>\n<meta name=\"robots\" content=\"index, follow, max-snippet:-1, max-image-preview:large, max-video-preview:-1\" \/>\n<link rel=\"canonical\" href=\"https:\/\/lasentinelle.dz\/index.php\/2021\/07\/24\/feux-de-forets-a-blida-intensification-des-patrouilles-de-controle-durant-le-weekend\/\" \/>\n<meta property=\"og:locale\" content=\"fr_FR\" \/>\n<meta property=\"og:type\" content=\"article\" \/>\n<meta property=\"og:title\" content=\"Feux de for\u00eats \u00e0 Blida : Intensification des patrouilles de contr\u00f4le durant le weekend - La Sentinelle\" \/>\n<meta property=\"og:description\" content=\"Le Parc national de Chr\u00e9a, de concert avec la Conservation des for\u00eats de Blida, vont intensifier les patrouilles de contr\u00f4le\" \/>\n<meta property=\"og:url\" content=\"https:\/\/lasentinelle.dz\/index.php\/2021\/07\/24\/feux-de-forets-a-blida-intensification-des-patrouilles-de-controle-durant-le-weekend\/\" \/>\n<meta property=\"og:site_name\" content=\"La Sentinelle\" \/>\n<meta property=\"article:publisher\" content=\"https:\/\/www.facebook.com\/La-Sentinelle-104059864394773\" \/>\n<meta property=\"article:published_time\" content=\"2021-07-23T23:01:00+00:00\" \/>\n<meta property=\"og:image\" content=\"https:\/\/lasentinelle.dz\/wp-content\/uploads\/2021\/07\/proyection.png\" \/>\n\t<meta property=\"og:image:width\" content=\"1401\" \/>\n\t<meta property=\"og:image:height\" content=\"900\" \/>\n\t<meta property=\"og:image:type\" content=\"image\/png\" \/>\n<meta name=\"author\" content=\"La Sentinelle\" \/>\n<meta name=\"twitter:card\" content=\"summary_large_image\" \/>\n<meta name=\"twitter:label1\" content=\"\u00c9crit par\" \/>\n\t<meta name=\"twitter:data1\" content=\"La Sentinelle\" \/>\n\t<meta name=\"twitter:label2\" content=\"Dur\u00e9e de lecture estim\u00e9e\" \/>\n\t<meta name=\"twitter:data2\" content=\"2 minutes\" \/>\n<script type=\"application\/ld+json\" class=\"yoast-schema-graph\">{\"@context\":\"https:\\\/\\\/schema.org\",\"@graph\":[{\"@type\":\"Article\",\"@id\":\"https:\\\/\\\/lasentinelle.dz\\\/index.php\\\/2021\\\/07\\\/24\\\/feux-de-forets-a-blida-intensification-des-patrouilles-de-controle-durant-le-weekend\\\/#article\",\"isPartOf\":{\"@id\":\"https:\\\/\\\/lasentinelle.dz\\\/index.php\\\/2021\\\/07\\\/24\\\/feux-de-forets-a-blida-intensification-des-patrouilles-de-controle-durant-le-weekend\\\/\"},\"author\":{\"name\":\"La Sentinelle\",\"@id\":\"https:\\\/\\\/lasentinelle.dz\\\/#\\\/schema\\\/person\\\/d865044e22e70a75174ce8bcad3acfb3\"},\"headline\":\"Feux de for\u00eats \u00e0 Blida : Intensification des patrouilles de contr\u00f4le durant le weekend\",\"datePublished\":\"2021-07-23T23:01:00+00:00\",\"mainEntityOfPage\":{\"@id\":\"https:\\\/\\\/lasentinelle.dz\\\/index.php\\\/2021\\\/07\\\/24\\\/feux-de-forets-a-blida-intensification-des-patrouilles-de-controle-durant-le-weekend\\\/\"},\"wordCount\":488,\"commentCount\":0,\"publisher\":{\"@id\":\"https:\\\/\\\/lasentinelle.dz\\\/#organization\"},\"image\":{\"@id\":\"https:\\\/\\\/lasentinelle.dz\\\/index.php\\\/2021\\\/07\\\/24\\\/feux-de-forets-a-blida-intensification-des-patrouilles-de-controle-durant-le-weekend\\\/#primaryimage\"},\"thumbnailUrl\":\"https:\\\/\\\/lasentinelle.dz\\\/wp-content\\\/uploads\\\/2021\\\/07\\\/proyection.png\",\"articleSection\":[\"R\u00e9gions\"],\"inLanguage\":\"fr-FR\",\"potentialAction\":[{\"@type\":\"CommentAction\",\"name\":\"Comment\",\"target\":[\"https:\\\/\\\/lasentinelle.dz\\\/index.php\\\/2021\\\/07\\\/24\\\/feux-de-forets-a-blida-intensification-des-patrouilles-de-controle-durant-le-weekend\\\/#respond\"]}]},{\"@type\":\"WebPage\",\"@id\":\"https:\\\/\\\/lasentinelle.dz\\\/index.php\\\/2021\\\/07\\\/24\\\/feux-de-forets-a-blida-intensification-des-patrouilles-de-controle-durant-le-weekend\\\/\",\"url\":\"https:\\\/\\\/lasentinelle.dz\\\/index.php\\\/2021\\\/07\\\/24\\\/feux-de-forets-a-blida-intensification-des-patrouilles-de-controle-durant-le-weekend\\\/\",\"name\":\"Feux de for\u00eats \u00e0 Blida : Intensification des patrouilles de contr\u00f4le durant le weekend - La Sentinelle\",\"isPartOf\":{\"@id\":\"https:\\\/\\\/lasentinelle.dz\\\/#website\"},\"primaryImageOfPage\":{\"@id\":\"https:\\\/\\\/lasentinelle.dz\\\/index.php\\\/2021\\\/07\\\/24\\\/feux-de-forets-a-blida-intensification-des-patrouilles-de-controle-durant-le-weekend\\\/#primaryimage\"},\"image\":{\"@id\":\"https:\\\/\\\/lasentinelle.dz\\\/index.php\\\/2021\\\/07\\\/24\\\/feux-de-forets-a-blida-intensification-des-patrouilles-de-controle-durant-le-weekend\\\/#primaryimage\"},\"thumbnailUrl\":\"https:\\\/\\\/lasentinelle.dz\\\/wp-content\\\/uploads\\\/2021\\\/07\\\/proyection.png\",\"datePublished\":\"2021-07-23T23:01:00+00:00\",\"breadcrumb\":{\"@id\":\"https:\\\/\\\/lasentinelle.dz\\\/index.php\\\/2021\\\/07\\\/24\\\/feux-de-forets-a-blida-intensification-des-patrouilles-de-controle-durant-le-weekend\\\/#breadcrumb\"},\"inLanguage\":\"fr-FR\",\"potentialAction\":[{\"@type\":\"ReadAction\",\"target\":[\"https:\\\/\\\/lasentinelle.dz\\\/index.php\\\/2021\\\/07\\\/24\\\/feux-de-forets-a-blida-intensification-des-patrouilles-de-controle-durant-le-weekend\\\/\"]}]},{\"@type\":\"ImageObject\",\"inLanguage\":\"fr-FR\",\"@id\":\"https:\\\/\\\/lasentinelle.dz\\\/index.php\\\/2021\\\/07\\\/24\\\/feux-de-forets-a-blida-intensification-des-patrouilles-de-controle-durant-le-weekend\\\/#primaryimage\",\"url\":\"https:\\\/\\\/lasentinelle.dz\\\/wp-content\\\/uploads\\\/2021\\\/07\\\/proyection.png\",\"contentUrl\":\"https:\\\/\\\/lasentinelle.dz\\\/wp-content\\\/uploads\\\/2021\\\/07\\\/proyection.png\",\"width\":1401,\"height\":900},{\"@type\":\"BreadcrumbList\",\"@id\":\"https:\\\/\\\/lasentinelle.dz\\\/index.php\\\/2021\\\/07\\\/24\\\/feux-de-forets-a-blida-intensification-des-patrouilles-de-controle-durant-le-weekend\\\/#breadcrumb\",\"itemListElement\":[{\"@type\":\"ListItem\",\"position\":1,\"name\":\"Accueil\",\"item\":\"https:\\\/\\\/lasentinelle.dz\\\/\"},{\"@type\":\"ListItem\",\"position\":2,\"name\":\"Feux de for\u00eats \u00e0 Blida : Intensification des patrouilles de contr\u00f4le durant le weekend\"}]},{\"@type\":\"WebSite\",\"@id\":\"https:\\\/\\\/lasentinelle.dz\\\/#website\",\"url\":\"https:\\\/\\\/lasentinelle.dz\\\/\",\"name\":\"La Sentinelle\",\"description\":\"Quotidien national d&#039;information\",\"publisher\":{\"@id\":\"https:\\\/\\\/lasentinelle.dz\\\/#organization\"},\"potentialAction\":[{\"@type\":\"SearchAction\",\"target\":{\"@type\":\"EntryPoint\",\"urlTemplate\":\"https:\\\/\\\/lasentinelle.dz\\\/?s={search_term_string}\"},\"query-input\":{\"@type\":\"PropertyValueSpecification\",\"valueRequired\":true,\"valueName\":\"search_term_string\"}}],\"inLanguage\":\"fr-FR\"},{\"@type\":\"Organization\",\"@id\":\"https:\\\/\\\/lasentinelle.dz\\\/#organization\",\"name\":\"Quotidien La Sentinelle\",\"url\":\"https:\\\/\\\/lasentinelle.dz\\\/\",\"logo\":{\"@type\":\"ImageObject\",\"inLanguage\":\"fr-FR\",\"@id\":\"https:\\\/\\\/lasentinelle.dz\\\/#\\\/schema\\\/logo\\\/image\\\/\",\"url\":\"https:\\\/\\\/lasentinelle.dz\\\/wp-content\\\/uploads\\\/2021\\\/09\\\/logo-sentinelleSLOGAN-1.png\",\"contentUrl\":\"https:\\\/\\\/lasentinelle.dz\\\/wp-content\\\/uploads\\\/2021\\\/09\\\/logo-sentinelleSLOGAN-1.png\",\"width\":615,\"height\":142,\"caption\":\"Quotidien La Sentinelle\"},\"image\":{\"@id\":\"https:\\\/\\\/lasentinelle.dz\\\/#\\\/schema\\\/logo\\\/image\\\/\"},\"sameAs\":[\"https:\\\/\\\/www.facebook.com\\\/La-Sentinelle-104059864394773\"]},{\"@type\":\"Person\",\"@id\":\"https:\\\/\\\/lasentinelle.dz\\\/#\\\/schema\\\/person\\\/d865044e22e70a75174ce8bcad3acfb3\",\"name\":\"La Sentinelle\",\"image\":{\"@type\":\"ImageObject\",\"inLanguage\":\"fr-FR\",\"@id\":\"https:\\\/\\\/secure.gravatar.com\\\/avatar\\\/57de8e5d4b15d43fb361a71fbb36338450fe67865b528a43dd10ef7c51a20392?s=96&d=mm&r=g\",\"url\":\"https:\\\/\\\/secure.gravatar.com\\\/avatar\\\/57de8e5d4b15d43fb361a71fbb36338450fe67865b528a43dd10ef7c51a20392?s=96&d=mm&r=g\",\"contentUrl\":\"https:\\\/\\\/secure.gravatar.com\\\/avatar\\\/57de8e5d4b15d43fb361a71fbb36338450fe67865b528a43dd10ef7c51a20392?s=96&d=mm&r=g\",\"caption\":\"La Sentinelle\"},\"sameAs\":[\"http:\\\/\\\/www.lasentinelle.dz\"],\"url\":\"https:\\\/\\\/lasentinelle.dz\\\/author\\\/redaction\\\/\"}]}<\/script>\n<!-- \/ Yoast SEO plugin. -->","yoast_head_json":{"title":"Feux de for\u00eats \u00e0 Blida : Intensification des patrouilles de contr\u00f4le durant le weekend - La Sentinelle","robots":{"index":"index","follow":"follow","max-snippet":"max-snippet:-1","max-image-preview":"max-image-preview:large","max-video-preview":"max-video-preview:-1"},"canonical":"https:\/\/lasentinelle.dz\/index.php\/2021\/07\/24\/feux-de-forets-a-blida-intensification-des-patrouilles-de-controle-durant-le-weekend\/","og_locale":"fr_FR","og_type":"article","og_title":"Feux de for\u00eats \u00e0 Blida : Intensification des patrouilles de contr\u00f4le durant le weekend - La Sentinelle","og_description":"Le Parc national de Chr\u00e9a, de concert avec la Conservation des for\u00eats de Blida, vont intensifier les patrouilles de contr\u00f4le","og_url":"https:\/\/lasentinelle.dz\/index.php\/2021\/07\/24\/feux-de-forets-a-blida-intensification-des-patrouilles-de-controle-durant-le-weekend\/","og_site_name":"La Sentinelle","article_publisher":"https:\/\/www.facebook.com\/La-Sentinelle-104059864394773","article_published_time":"2021-07-23T23:01:00+00:00","og_image":[{"width":1401,"height":900,"url":"https:\/\/lasentinelle.dz\/wp-content\/uploads\/2021\/07\/proyection.png","type":"image\/png"}],"author":"La Sentinelle","twitter_card":"summary_large_image","twitter_misc":{"\u00c9crit par":"La Sentinelle","Dur\u00e9e de lecture estim\u00e9e":"2 minutes"},"schema":{"@context":"https:\/\/schema.org","@graph":[{"@type":"Article","@id":"https:\/\/lasentinelle.dz\/index.php\/2021\/07\/24\/feux-de-forets-a-blida-intensification-des-patrouilles-de-controle-durant-le-weekend\/#article","isPartOf":{"@id":"https:\/\/lasentinelle.dz\/index.php\/2021\/07\/24\/feux-de-forets-a-blida-intensification-des-patrouilles-de-controle-durant-le-weekend\/"},"author":{"name":"La Sentinelle","@id":"https:\/\/lasentinelle.dz\/#\/schema\/person\/d865044e22e70a75174ce8bcad3acfb3"},"headline":"Feux de for\u00eats \u00e0 Blida : Intensification des patrouilles de contr\u00f4le durant le weekend","datePublished":"2021-07-23T23:01:00+00:00","mainEntityOfPage":{"@id":"https:\/\/lasentinelle.dz\/index.php\/2021\/07\/24\/feux-de-forets-a-blida-intensification-des-patrouilles-de-controle-durant-le-weekend\/"},"wordCount":488,"commentCount":0,"publisher":{"@id":"https:\/\/lasentinelle.dz\/#organization"},"image":{"@id":"https:\/\/lasentinelle.dz\/index.php\/2021\/07\/24\/feux-de-forets-a-blida-intensification-des-patrouilles-de-controle-durant-le-weekend\/#primaryimage"},"thumbnailUrl":"https:\/\/lasentinelle.dz\/wp-content\/uploads\/2021\/07\/proyection.png","articleSection":["R\u00e9gions"],"inLanguage":"fr-FR","potentialAction":[{"@type":"CommentAction","name":"Comment","target":["https:\/\/lasentinelle.dz\/index.php\/2021\/07\/24\/feux-de-forets-a-blida-intensification-des-patrouilles-de-controle-durant-le-weekend\/#respond"]}]},{"@type":"WebPage","@id":"https:\/\/lasentinelle.dz\/index.php\/2021\/07\/24\/feux-de-forets-a-blida-intensification-des-patrouilles-de-controle-durant-le-weekend\/","url":"https:\/\/lasentinelle.dz\/index.php\/2021\/07\/24\/feux-de-forets-a-blida-intensification-des-patrouilles-de-controle-durant-le-weekend\/","name":"Feux de for\u00eats \u00e0 Blida : Intensification des patrouilles de contr\u00f4le durant le weekend - La Sentinelle","isPartOf":{"@id":"https:\/\/lasentinelle.dz\/#website"},"primaryImageOfPage":{"@id":"https:\/\/lasentinelle.dz\/index.php\/2021\/07\/24\/feux-de-forets-a-blida-intensification-des-patrouilles-de-controle-durant-le-weekend\/#primaryimage"},"image":{"@id":"https:\/\/lasentinelle.dz\/index.php\/2021\/07\/24\/feux-de-forets-a-blida-intensification-des-patrouilles-de-controle-durant-le-weekend\/#primaryimage"},"thumbnailUrl":"https:\/\/lasentinelle.dz\/wp-content\/uploads\/2021\/07\/proyection.png","datePublished":"2021-07-23T23:01:00+00:00","breadcrumb":{"@id":"https:\/\/lasentinelle.dz\/index.php\/2021\/07\/24\/feux-de-forets-a-blida-intensification-des-patrouilles-de-controle-durant-le-weekend\/#breadcrumb"},"inLanguage":"fr-FR","potentialAction":[{"@type":"ReadAction","target":["https:\/\/lasentinelle.dz\/index.php\/2021\/07\/24\/feux-de-forets-a-blida-intensification-des-patrouilles-de-controle-durant-le-weekend\/"]}]},{"@type":"ImageObject","inLanguage":"fr-FR","@id":"https:\/\/lasentinelle.dz\/index.php\/2021\/07\/24\/feux-de-forets-a-blida-intensification-des-patrouilles-de-controle-durant-le-weekend\/#primaryimage","url":"https:\/\/lasentinelle.dz\/wp-content\/uploads\/2021\/07\/proyection.png","contentUrl":"https:\/\/lasentinelle.dz\/wp-content\/uploads\/2021\/07\/proyection.png","width":1401,"height":900},{"@type":"BreadcrumbList","@id":"https:\/\/lasentinelle.dz\/index.php\/2021\/07\/24\/feux-de-forets-a-blida-intensification-des-patrouilles-de-controle-durant-le-weekend\/#breadcrumb","itemListElement":[{"@type":"ListItem","position":1,"name":"Accueil","item":"https:\/\/lasentinelle.dz\/"},{"@type":"ListItem","position":2,"name":"Feux de for\u00eats \u00e0 Blida : Intensification des patrouilles de contr\u00f4le durant le weekend"}]},{"@type":"WebSite","@id":"https:\/\/lasentinelle.dz\/#website","url":"https:\/\/lasentinelle.dz\/","name":"La Sentinelle","description":"Quotidien national d&#039;information","publisher":{"@id":"https:\/\/lasentinelle.dz\/#organization"},"potentialAction":[{"@type":"SearchAction","target":{"@type":"EntryPoint","urlTemplate":"https:\/\/lasentinelle.dz\/?s={search_term_string}"},"query-input":{"@type":"PropertyValueSpecification","valueRequired":true,"valueName":"search_term_string"}}],"inLanguage":"fr-FR"},{"@type":"Organization","@id":"https:\/\/lasentinelle.dz\/#organization","name":"Quotidien La Sentinelle","url":"https:\/\/lasentinelle.dz\/","logo":{"@type":"ImageObject","inLanguage":"fr-FR","@id":"https:\/\/lasentinelle.dz\/#\/schema\/logo\/image\/","url":"https:\/\/lasentinelle.dz\/wp-content\/uploads\/2021\/09\/logo-sentinelleSLOGAN-1.png","contentUrl":"https:\/\/lasentinelle.dz\/wp-content\/uploads\/2021\/09\/logo-sentinelleSLOGAN-1.png","width":615,"height":142,"caption":"Quotidien La Sentinelle"},"image":{"@id":"https:\/\/lasentinelle.dz\/#\/schema\/logo\/image\/"},"sameAs":["https:\/\/www.facebook.com\/La-Sentinelle-104059864394773"]},{"@type":"Person","@id":"https:\/\/lasentinelle.dz\/#\/schema\/person\/d865044e22e70a75174ce8bcad3acfb3","name":"La Sentinelle","image":{"@type":"ImageObject","inLanguage":"fr-FR","@id":"https:\/\/secure.gravatar.com\/avatar\/57de8e5d4b15d43fb361a71fbb36338450fe67865b528a43dd10ef7c51a20392?s=96&d=mm&r=g","url":"https:\/\/secure.gravatar.com\/avatar\/57de8e5d4b15d43fb361a71fbb36338450fe67865b528a43dd10ef7c51a20392?s=96&d=mm&r=g","contentUrl":"https:\/\/secure.gravatar.com\/avatar\/57de8e5d4b15d43fb361a71fbb36338450fe67865b528a43dd10ef7c51a20392?s=96&d=mm&r=g","caption":"La Sentinelle"},"sameAs":["http:\/\/www.lasentinelle.dz"],"url":"https:\/\/lasentinelle.dz\/author\/redaction\/"}]}},"_links":{"self":[{"href":"https:\/\/lasentinelle.dz\/index.php\/wp-json\/wp\/v2\/posts\/1944","targetHints":{"allow":["GET"]}}],"collection":[{"href":"https:\/\/lasentinelle.dz\/index.php\/wp-json\/wp\/v2\/posts"}],"about":[{"href":"https:\/\/lasentinelle.dz\/index.php\/wp-json\/wp\/v2\/types\/post"}],"author":[{"embeddable":true,"href":"https:\/\/lasentinelle.dz\/index.php\/wp-json\/wp\/v2\/users\/3"}],"replies":[{"embeddable":true,"href":"https:\/\/lasentinelle.dz\/index.php\/wp-json\/wp\/v2\/comments?post=1944"}],"version-history":[{"count":1,"href":"https:\/\/lasentinelle.dz\/index.php\/wp-json\/wp\/v2\/posts\/1944\/revisions"}],"predecessor-version":[{"id":1957,"href":"https:\/\/lasentinelle.dz\/index.php\/wp-json\/wp\/v2\/posts\/1944\/revisions\/1957"}],"wp:featuredmedia":[{"embeddable":true,"href":"https:\/\/lasentinelle.dz\/index.php\/wp-json\/wp\/v2\/media\/1949"}],"wp:attachment":[{"href":"https:\/\/lasentinelle.dz\/index.php\/wp-json\/wp\/v2\/media?parent=1944"}],"wp:term":[{"taxonomy":"category","embeddable":true,"href":"https:\/\/lasentinelle.dz\/index.php\/wp-json\/wp\/v2\/categories?post=1944"},{"taxonomy":"post_tag","embeddable":true,"href":"https:\/\/lasentinelle.dz\/index.php\/wp-json\/wp\/v2\/tags?post=1944"}],"curies":[{"name":"wp","href":"https:\/\/api.w.org\/{rel}","templated":true}]}}