{"id":19446,"date":"2022-04-06T00:01:00","date_gmt":"2022-04-05T23:01:00","guid":{"rendered":"https:\/\/lasentinelle.dz\/?p=19446"},"modified":"2022-04-05T20:21:30","modified_gmt":"2022-04-05T19:21:30","slug":"tensions-sur-le-marche-des-produits-alimentaires-decalage-entre-le-discours-et-la-realite","status":"publish","type":"post","link":"https:\/\/lasentinelle.dz\/index.php\/2022\/04\/06\/tensions-sur-le-marche-des-produits-alimentaires-decalage-entre-le-discours-et-la-realite\/","title":{"rendered":"Tensions sur le march\u00e9 des produits alimentaires\u00a0:D\u00e9calage entre le discours et la r\u00e9alit\u00e9"},"content":{"rendered":"\n<p>Quelques jours apr\u00e8s le d\u00e9but du mois de Ramadhan,&nbsp;le march\u00e9 des produits&nbsp;de large consommation connait toujours des&nbsp;tensions palpables sur le terrain.&nbsp;Quand ce n\u2019est&nbsp;des manques voire des p\u00e9nuries constat\u00e9es sur certains produits, le consommateur doit faire face \u00e0 la&nbsp;hausse des prix.<\/p>\n\n\n\n<p>Hier, au&nbsp;quatri\u00e8me&nbsp;jour&nbsp;du mois de je\u00fbne, on observait&nbsp;toujours&nbsp;des&nbsp;files d\u2019attente&nbsp;interminables devant les points de ventes de plusieurs produits \u00e0 l\u2019instar du lait o\u00f9 il est m\u00eame constat\u00e9 des queues devant les&nbsp;&nbsp;laiteries. C\u2019est d\u2019ailleurs le cas \u00e0 Tizi-Ouzou, o\u00f9 d\u00e8s les premi\u00e8res heures de la matin\u00e9e, une longue&nbsp;file&nbsp;se forme devant le point de vente situ\u00e9 juste \u00e0 l\u2018entr\u00e9e de la laiterie de Draa Ben Khedda et devant les rares points de vente. La raret\u00e9 des produits c\u00e9r\u00e9aliers est \u00e9galement une r\u00e9alit\u00e9 ind\u00e9niable. Des cha\u00eenes sont observ\u00e9es dans tous les points de ventes. Une situation qui laisse dubitatif devant un discours officiel pourtant rassurant.<\/p>\n\n\n\n<p>Une situation qui soul\u00e8ve un vrai d\u00e9calage entre la r\u00e9action des citoyens et le discours des responsables&nbsp;qui rassurent quant \u00e0 la disponibilit\u00e9 des produits tout en pointant du doigt les comportements irrationnels des consommateurs qui recourent au stockage de produits alimentaires.&nbsp;Pour d\u2019aucun, il est injuste d\u2019incomber les p\u00e9nuries et les cha\u00eenes devant les points de vente au comportement des citoyens. Bien au contraire, cette r\u00e9action s\u2019explique m\u00eame du point de vue psychologique.&nbsp;<\/p>\n\n\n\n<p>Dans ce contexte&nbsp;le pr\u00e9sident de l\u2019Association de protection et d\u2019orientation du consommateur et son environnement (Apoce), Mustapha Zebdi,&nbsp;note ce d\u00e9calage entre le discours officiel et la r\u00e9alit\u00e9 du terrain. Celui-ci&nbsp;qui a d\u2019ailleurs confirm\u00e9 l\u2019existence de ces tensions sur de nombreux produits,&nbsp;se demande&nbsp;\u00ab o\u00f9 vont ces produits tr\u00e8s disponibles selon les responsables mais qui ne se retrouvent pas dans les commerces ?\u00bb. Pour notre interlocuteur, il n\u2019est pas juste d\u2019incomber la responsabilit\u00e9 aux citoyens qui ne font, estime-t-il, que r\u00e9agir d\u2019une fa\u00e7on qui s\u2019explique par \u00ab le manque de confiance qui les pousse \u00e0 effectuer naturellement des achats massifs \u00bb. Beaucoup de causes concourent \u00e0 cr\u00e9er cette tension, pour M. Zebdi qui cite entre autres \u00ab le nombre insuffisant de points de ventes en plus du refus de beaucoup de commer\u00e7ants de vendre le lait subventionn\u00e9 pour absence de b\u00e9n\u00e9fice due elle au non remboursement des sachets d\u00e9fectueux et non-vendus\u00bb.<\/p>\n\n\n\n<p>Aussi, le pr\u00e9sident de l\u2019Apoce&nbsp;estime qu\u2019\u00ab il faut d\u2019abord r\u00e9tablir cette confiance indispensable via notamment la rationalisation des achats \u00bb. Toutefois, reconna\u00eet-il, la solution la plus efficace est de changer compl\u00e8tement le mode de subvention en r\u00e9orientant ces aides directement aux familles qui en ont r\u00e9ellement besoin \u00bb. Enfin, il convient de souligner que M. Zebdi reste tout de m\u00eame optimiste quant \u00e0 l\u2019\u00e9volution de la situation dans les prochains jours car, estime-t-il,&nbsp;\u00ab&nbsp;la pression commence \u00e0 baisser apr\u00e8s la premi\u00e8re semaine du mois de Ramadhan \u00bb.&nbsp;<\/p>\n\n\n\n<p><strong>Kamel Nait Ameur<\/strong><\/p>\n","protected":false},"excerpt":{"rendered":"<p>Quelques jours apr\u00e8s le d\u00e9but du mois de Ramadhan,&nbsp;le march\u00e9 des produits&nbsp;de large consommation connait toujours des&nbsp;tensions palpables sur le<\/p>\n","protected":false},"author":3,"featured_media":19487,"comment_status":"open","ping_status":"closed","sticky":false,"template":"","format":"standard","meta":{"colormag_page_container_layout":"default_layout","colormag_page_sidebar_layout":"default_layout","om_disable_all_campaigns":false,"_monsterinsights_skip_tracking":false,"_monsterinsights_sitenote_active":false,"_monsterinsights_sitenote_note":"","_monsterinsights_sitenote_category":0,"footnotes":"","_wpscppro_dont_share_socialmedia":false,"_wpscppro_custom_social_share_image":0,"_facebook_share_type":"","_twitter_share_type":"","_linkedin_share_type":"","_pinterest_share_type":"","_linkedin_share_type_page":"","_instagram_share_type":"","_medium_share_type":"","_threads_share_type":"","_google_business_share_type":"","_selected_social_profile":[],"_wpsp_enable_custom_social_template":false,"_wpsp_social_scheduling":{"enabled":false,"datetime":null,"platforms":[],"status":"template_only","dateOption":"today","timeOption":"now","customDays":"","customHours":"","customDate":"","customTime":"","schedulingType":"absolute"},"_wpsp_active_default_template":true},"categories":[52,29],"tags":[],"class_list":["post-19446","post","type-post","status-publish","format-standard","has-post-thumbnail","hentry","category-a-la-une","category-economie"],"aioseo_notices":[],"yoast_head":"<!-- This site is optimized with the Yoast SEO plugin v27.5 - https:\/\/yoast.com\/product\/yoast-seo-wordpress\/ -->\n<title>Tensions sur le march\u00e9 des produits alimentaires\u00a0:D\u00e9calage entre le discours et la r\u00e9alit\u00e9 - La Sentinelle<\/title>\n<meta name=\"robots\" content=\"index, follow, max-snippet:-1, max-image-preview:large, max-video-preview:-1\" \/>\n<link rel=\"canonical\" href=\"https:\/\/lasentinelle.dz\/index.php\/2022\/04\/06\/tensions-sur-le-marche-des-produits-alimentaires-decalage-entre-le-discours-et-la-realite\/\" \/>\n<meta property=\"og:locale\" content=\"fr_FR\" \/>\n<meta property=\"og:type\" content=\"article\" \/>\n<meta property=\"og:title\" content=\"Tensions sur le march\u00e9 des produits alimentaires\u00a0:D\u00e9calage entre le discours et la r\u00e9alit\u00e9 - La Sentinelle\" \/>\n<meta property=\"og:description\" content=\"Quelques jours apr\u00e8s le d\u00e9but du mois de Ramadhan,&nbsp;le march\u00e9 des produits&nbsp;de large consommation connait toujours des&nbsp;tensions palpables sur le\" \/>\n<meta property=\"og:url\" content=\"https:\/\/lasentinelle.dz\/index.php\/2022\/04\/06\/tensions-sur-le-marche-des-produits-alimentaires-decalage-entre-le-discours-et-la-realite\/\" \/>\n<meta property=\"og:site_name\" content=\"La Sentinelle\" \/>\n<meta property=\"article:publisher\" content=\"https:\/\/www.facebook.com\/La-Sentinelle-104059864394773\" \/>\n<meta property=\"article:published_time\" content=\"2022-04-05T23:01:00+00:00\" \/>\n<meta property=\"og:image\" content=\"https:\/\/lasentinelle.dz\/wp-content\/uploads\/2022\/04\/marche-une-1024x570.png\" \/>\n\t<meta property=\"og:image:width\" content=\"1024\" \/>\n\t<meta property=\"og:image:height\" content=\"570\" \/>\n\t<meta property=\"og:image:type\" content=\"image\/png\" \/>\n<meta name=\"author\" content=\"La Sentinelle\" \/>\n<meta name=\"twitter:card\" content=\"summary_large_image\" \/>\n<meta name=\"twitter:label1\" content=\"\u00c9crit par\" \/>\n\t<meta name=\"twitter:data1\" content=\"La Sentinelle\" \/>\n\t<meta name=\"twitter:label2\" content=\"Dur\u00e9e de lecture estim\u00e9e\" \/>\n\t<meta name=\"twitter:data2\" content=\"3 minutes\" \/>\n<script type=\"application\/ld+json\" class=\"yoast-schema-graph\">{\"@context\":\"https:\\\/\\\/schema.org\",\"@graph\":[{\"@type\":\"Article\",\"@id\":\"https:\\\/\\\/lasentinelle.dz\\\/index.php\\\/2022\\\/04\\\/06\\\/tensions-sur-le-marche-des-produits-alimentaires-decalage-entre-le-discours-et-la-realite\\\/#article\",\"isPartOf\":{\"@id\":\"https:\\\/\\\/lasentinelle.dz\\\/index.php\\\/2022\\\/04\\\/06\\\/tensions-sur-le-marche-des-produits-alimentaires-decalage-entre-le-discours-et-la-realite\\\/\"},\"author\":{\"name\":\"La Sentinelle\",\"@id\":\"https:\\\/\\\/lasentinelle.dz\\\/#\\\/schema\\\/person\\\/d865044e22e70a75174ce8bcad3acfb3\"},\"headline\":\"Tensions sur le march\u00e9 des produits alimentaires\u00a0:D\u00e9calage entre le discours et la r\u00e9alit\u00e9\",\"datePublished\":\"2022-04-05T23:01:00+00:00\",\"mainEntityOfPage\":{\"@id\":\"https:\\\/\\\/lasentinelle.dz\\\/index.php\\\/2022\\\/04\\\/06\\\/tensions-sur-le-marche-des-produits-alimentaires-decalage-entre-le-discours-et-la-realite\\\/\"},\"wordCount\":567,\"commentCount\":0,\"publisher\":{\"@id\":\"https:\\\/\\\/lasentinelle.dz\\\/#organization\"},\"image\":{\"@id\":\"https:\\\/\\\/lasentinelle.dz\\\/index.php\\\/2022\\\/04\\\/06\\\/tensions-sur-le-marche-des-produits-alimentaires-decalage-entre-le-discours-et-la-realite\\\/#primaryimage\"},\"thumbnailUrl\":\"https:\\\/\\\/lasentinelle.dz\\\/wp-content\\\/uploads\\\/2022\\\/04\\\/marche-une.png\",\"articleSection\":[\"\u00c0 la Une\",\"\u00c9conomie\"],\"inLanguage\":\"fr-FR\",\"potentialAction\":[{\"@type\":\"CommentAction\",\"name\":\"Comment\",\"target\":[\"https:\\\/\\\/lasentinelle.dz\\\/index.php\\\/2022\\\/04\\\/06\\\/tensions-sur-le-marche-des-produits-alimentaires-decalage-entre-le-discours-et-la-realite\\\/#respond\"]}]},{\"@type\":\"WebPage\",\"@id\":\"https:\\\/\\\/lasentinelle.dz\\\/index.php\\\/2022\\\/04\\\/06\\\/tensions-sur-le-marche-des-produits-alimentaires-decalage-entre-le-discours-et-la-realite\\\/\",\"url\":\"https:\\\/\\\/lasentinelle.dz\\\/index.php\\\/2022\\\/04\\\/06\\\/tensions-sur-le-marche-des-produits-alimentaires-decalage-entre-le-discours-et-la-realite\\\/\",\"name\":\"Tensions sur le march\u00e9 des produits alimentaires\u00a0:D\u00e9calage entre le discours et la r\u00e9alit\u00e9 - La Sentinelle\",\"isPartOf\":{\"@id\":\"https:\\\/\\\/lasentinelle.dz\\\/#website\"},\"primaryImageOfPage\":{\"@id\":\"https:\\\/\\\/lasentinelle.dz\\\/index.php\\\/2022\\\/04\\\/06\\\/tensions-sur-le-marche-des-produits-alimentaires-decalage-entre-le-discours-et-la-realite\\\/#primaryimage\"},\"image\":{\"@id\":\"https:\\\/\\\/lasentinelle.dz\\\/index.php\\\/2022\\\/04\\\/06\\\/tensions-sur-le-marche-des-produits-alimentaires-decalage-entre-le-discours-et-la-realite\\\/#primaryimage\"},\"thumbnailUrl\":\"https:\\\/\\\/lasentinelle.dz\\\/wp-content\\\/uploads\\\/2022\\\/04\\\/marche-une.png\",\"datePublished\":\"2022-04-05T23:01:00+00:00\",\"breadcrumb\":{\"@id\":\"https:\\\/\\\/lasentinelle.dz\\\/index.php\\\/2022\\\/04\\\/06\\\/tensions-sur-le-marche-des-produits-alimentaires-decalage-entre-le-discours-et-la-realite\\\/#breadcrumb\"},\"inLanguage\":\"fr-FR\",\"potentialAction\":[{\"@type\":\"ReadAction\",\"target\":[\"https:\\\/\\\/lasentinelle.dz\\\/index.php\\\/2022\\\/04\\\/06\\\/tensions-sur-le-marche-des-produits-alimentaires-decalage-entre-le-discours-et-la-realite\\\/\"]}]},{\"@type\":\"ImageObject\",\"inLanguage\":\"fr-FR\",\"@id\":\"https:\\\/\\\/lasentinelle.dz\\\/index.php\\\/2022\\\/04\\\/06\\\/tensions-sur-le-marche-des-produits-alimentaires-decalage-entre-le-discours-et-la-realite\\\/#primaryimage\",\"url\":\"https:\\\/\\\/lasentinelle.dz\\\/wp-content\\\/uploads\\\/2022\\\/04\\\/marche-une.png\",\"contentUrl\":\"https:\\\/\\\/lasentinelle.dz\\\/wp-content\\\/uploads\\\/2022\\\/04\\\/marche-une.png\",\"width\":1618,\"height\":900},{\"@type\":\"BreadcrumbList\",\"@id\":\"https:\\\/\\\/lasentinelle.dz\\\/index.php\\\/2022\\\/04\\\/06\\\/tensions-sur-le-marche-des-produits-alimentaires-decalage-entre-le-discours-et-la-realite\\\/#breadcrumb\",\"itemListElement\":[{\"@type\":\"ListItem\",\"position\":1,\"name\":\"Accueil\",\"item\":\"https:\\\/\\\/lasentinelle.dz\\\/\"},{\"@type\":\"ListItem\",\"position\":2,\"name\":\"Tensions sur le march\u00e9 des produits alimentaires\u00a0:D\u00e9calage entre le discours et la r\u00e9alit\u00e9\"}]},{\"@type\":\"WebSite\",\"@id\":\"https:\\\/\\\/lasentinelle.dz\\\/#website\",\"url\":\"https:\\\/\\\/lasentinelle.dz\\\/\",\"name\":\"La Sentinelle\",\"description\":\"Quotidien national d&#039;information\",\"publisher\":{\"@id\":\"https:\\\/\\\/lasentinelle.dz\\\/#organization\"},\"potentialAction\":[{\"@type\":\"SearchAction\",\"target\":{\"@type\":\"EntryPoint\",\"urlTemplate\":\"https:\\\/\\\/lasentinelle.dz\\\/?s={search_term_string}\"},\"query-input\":{\"@type\":\"PropertyValueSpecification\",\"valueRequired\":true,\"valueName\":\"search_term_string\"}}],\"inLanguage\":\"fr-FR\"},{\"@type\":\"Organization\",\"@id\":\"https:\\\/\\\/lasentinelle.dz\\\/#organization\",\"name\":\"Quotidien La Sentinelle\",\"url\":\"https:\\\/\\\/lasentinelle.dz\\\/\",\"logo\":{\"@type\":\"ImageObject\",\"inLanguage\":\"fr-FR\",\"@id\":\"https:\\\/\\\/lasentinelle.dz\\\/#\\\/schema\\\/logo\\\/image\\\/\",\"url\":\"https:\\\/\\\/lasentinelle.dz\\\/wp-content\\\/uploads\\\/2021\\\/09\\\/logo-sentinelleSLOGAN-1.png\",\"contentUrl\":\"https:\\\/\\\/lasentinelle.dz\\\/wp-content\\\/uploads\\\/2021\\\/09\\\/logo-sentinelleSLOGAN-1.png\",\"width\":615,\"height\":142,\"caption\":\"Quotidien La Sentinelle\"},\"image\":{\"@id\":\"https:\\\/\\\/lasentinelle.dz\\\/#\\\/schema\\\/logo\\\/image\\\/\"},\"sameAs\":[\"https:\\\/\\\/www.facebook.com\\\/La-Sentinelle-104059864394773\"]},{\"@type\":\"Person\",\"@id\":\"https:\\\/\\\/lasentinelle.dz\\\/#\\\/schema\\\/person\\\/d865044e22e70a75174ce8bcad3acfb3\",\"name\":\"La Sentinelle\",\"image\":{\"@type\":\"ImageObject\",\"inLanguage\":\"fr-FR\",\"@id\":\"https:\\\/\\\/secure.gravatar.com\\\/avatar\\\/57de8e5d4b15d43fb361a71fbb36338450fe67865b528a43dd10ef7c51a20392?s=96&d=mm&r=g\",\"url\":\"https:\\\/\\\/secure.gravatar.com\\\/avatar\\\/57de8e5d4b15d43fb361a71fbb36338450fe67865b528a43dd10ef7c51a20392?s=96&d=mm&r=g\",\"contentUrl\":\"https:\\\/\\\/secure.gravatar.com\\\/avatar\\\/57de8e5d4b15d43fb361a71fbb36338450fe67865b528a43dd10ef7c51a20392?s=96&d=mm&r=g\",\"caption\":\"La Sentinelle\"},\"sameAs\":[\"http:\\\/\\\/www.lasentinelle.dz\"],\"url\":\"https:\\\/\\\/lasentinelle.dz\\\/author\\\/redaction\\\/\"}]}<\/script>\n<!-- \/ Yoast SEO plugin. -->","yoast_head_json":{"title":"Tensions sur le march\u00e9 des produits alimentaires\u00a0:D\u00e9calage entre le discours et la r\u00e9alit\u00e9 - La Sentinelle","robots":{"index":"index","follow":"follow","max-snippet":"max-snippet:-1","max-image-preview":"max-image-preview:large","max-video-preview":"max-video-preview:-1"},"canonical":"https:\/\/lasentinelle.dz\/index.php\/2022\/04\/06\/tensions-sur-le-marche-des-produits-alimentaires-decalage-entre-le-discours-et-la-realite\/","og_locale":"fr_FR","og_type":"article","og_title":"Tensions sur le march\u00e9 des produits alimentaires\u00a0:D\u00e9calage entre le discours et la r\u00e9alit\u00e9 - La Sentinelle","og_description":"Quelques jours apr\u00e8s le d\u00e9but du mois de Ramadhan,&nbsp;le march\u00e9 des produits&nbsp;de large consommation connait toujours des&nbsp;tensions palpables sur le","og_url":"https:\/\/lasentinelle.dz\/index.php\/2022\/04\/06\/tensions-sur-le-marche-des-produits-alimentaires-decalage-entre-le-discours-et-la-realite\/","og_site_name":"La Sentinelle","article_publisher":"https:\/\/www.facebook.com\/La-Sentinelle-104059864394773","article_published_time":"2022-04-05T23:01:00+00:00","og_image":[{"width":1024,"height":570,"url":"https:\/\/lasentinelle.dz\/wp-content\/uploads\/2022\/04\/marche-une-1024x570.png","type":"image\/png"}],"author":"La Sentinelle","twitter_card":"summary_large_image","twitter_misc":{"\u00c9crit par":"La Sentinelle","Dur\u00e9e de lecture estim\u00e9e":"3 minutes"},"schema":{"@context":"https:\/\/schema.org","@graph":[{"@type":"Article","@id":"https:\/\/lasentinelle.dz\/index.php\/2022\/04\/06\/tensions-sur-le-marche-des-produits-alimentaires-decalage-entre-le-discours-et-la-realite\/#article","isPartOf":{"@id":"https:\/\/lasentinelle.dz\/index.php\/2022\/04\/06\/tensions-sur-le-marche-des-produits-alimentaires-decalage-entre-le-discours-et-la-realite\/"},"author":{"name":"La Sentinelle","@id":"https:\/\/lasentinelle.dz\/#\/schema\/person\/d865044e22e70a75174ce8bcad3acfb3"},"headline":"Tensions sur le march\u00e9 des produits alimentaires\u00a0:D\u00e9calage entre le discours et la r\u00e9alit\u00e9","datePublished":"2022-04-05T23:01:00+00:00","mainEntityOfPage":{"@id":"https:\/\/lasentinelle.dz\/index.php\/2022\/04\/06\/tensions-sur-le-marche-des-produits-alimentaires-decalage-entre-le-discours-et-la-realite\/"},"wordCount":567,"commentCount":0,"publisher":{"@id":"https:\/\/lasentinelle.dz\/#organization"},"image":{"@id":"https:\/\/lasentinelle.dz\/index.php\/2022\/04\/06\/tensions-sur-le-marche-des-produits-alimentaires-decalage-entre-le-discours-et-la-realite\/#primaryimage"},"thumbnailUrl":"https:\/\/lasentinelle.dz\/wp-content\/uploads\/2022\/04\/marche-une.png","articleSection":["\u00c0 la Une","\u00c9conomie"],"inLanguage":"fr-FR","potentialAction":[{"@type":"CommentAction","name":"Comment","target":["https:\/\/lasentinelle.dz\/index.php\/2022\/04\/06\/tensions-sur-le-marche-des-produits-alimentaires-decalage-entre-le-discours-et-la-realite\/#respond"]}]},{"@type":"WebPage","@id":"https:\/\/lasentinelle.dz\/index.php\/2022\/04\/06\/tensions-sur-le-marche-des-produits-alimentaires-decalage-entre-le-discours-et-la-realite\/","url":"https:\/\/lasentinelle.dz\/index.php\/2022\/04\/06\/tensions-sur-le-marche-des-produits-alimentaires-decalage-entre-le-discours-et-la-realite\/","name":"Tensions sur le march\u00e9 des produits alimentaires\u00a0:D\u00e9calage entre le discours et la r\u00e9alit\u00e9 - La Sentinelle","isPartOf":{"@id":"https:\/\/lasentinelle.dz\/#website"},"primaryImageOfPage":{"@id":"https:\/\/lasentinelle.dz\/index.php\/2022\/04\/06\/tensions-sur-le-marche-des-produits-alimentaires-decalage-entre-le-discours-et-la-realite\/#primaryimage"},"image":{"@id":"https:\/\/lasentinelle.dz\/index.php\/2022\/04\/06\/tensions-sur-le-marche-des-produits-alimentaires-decalage-entre-le-discours-et-la-realite\/#primaryimage"},"thumbnailUrl":"https:\/\/lasentinelle.dz\/wp-content\/uploads\/2022\/04\/marche-une.png","datePublished":"2022-04-05T23:01:00+00:00","breadcrumb":{"@id":"https:\/\/lasentinelle.dz\/index.php\/2022\/04\/06\/tensions-sur-le-marche-des-produits-alimentaires-decalage-entre-le-discours-et-la-realite\/#breadcrumb"},"inLanguage":"fr-FR","potentialAction":[{"@type":"ReadAction","target":["https:\/\/lasentinelle.dz\/index.php\/2022\/04\/06\/tensions-sur-le-marche-des-produits-alimentaires-decalage-entre-le-discours-et-la-realite\/"]}]},{"@type":"ImageObject","inLanguage":"fr-FR","@id":"https:\/\/lasentinelle.dz\/index.php\/2022\/04\/06\/tensions-sur-le-marche-des-produits-alimentaires-decalage-entre-le-discours-et-la-realite\/#primaryimage","url":"https:\/\/lasentinelle.dz\/wp-content\/uploads\/2022\/04\/marche-une.png","contentUrl":"https:\/\/lasentinelle.dz\/wp-content\/uploads\/2022\/04\/marche-une.png","width":1618,"height":900},{"@type":"BreadcrumbList","@id":"https:\/\/lasentinelle.dz\/index.php\/2022\/04\/06\/tensions-sur-le-marche-des-produits-alimentaires-decalage-entre-le-discours-et-la-realite\/#breadcrumb","itemListElement":[{"@type":"ListItem","position":1,"name":"Accueil","item":"https:\/\/lasentinelle.dz\/"},{"@type":"ListItem","position":2,"name":"Tensions sur le march\u00e9 des produits alimentaires\u00a0:D\u00e9calage entre le discours et la r\u00e9alit\u00e9"}]},{"@type":"WebSite","@id":"https:\/\/lasentinelle.dz\/#website","url":"https:\/\/lasentinelle.dz\/","name":"La Sentinelle","description":"Quotidien national d&#039;information","publisher":{"@id":"https:\/\/lasentinelle.dz\/#organization"},"potentialAction":[{"@type":"SearchAction","target":{"@type":"EntryPoint","urlTemplate":"https:\/\/lasentinelle.dz\/?s={search_term_string}"},"query-input":{"@type":"PropertyValueSpecification","valueRequired":true,"valueName":"search_term_string"}}],"inLanguage":"fr-FR"},{"@type":"Organization","@id":"https:\/\/lasentinelle.dz\/#organization","name":"Quotidien La Sentinelle","url":"https:\/\/lasentinelle.dz\/","logo":{"@type":"ImageObject","inLanguage":"fr-FR","@id":"https:\/\/lasentinelle.dz\/#\/schema\/logo\/image\/","url":"https:\/\/lasentinelle.dz\/wp-content\/uploads\/2021\/09\/logo-sentinelleSLOGAN-1.png","contentUrl":"https:\/\/lasentinelle.dz\/wp-content\/uploads\/2021\/09\/logo-sentinelleSLOGAN-1.png","width":615,"height":142,"caption":"Quotidien La Sentinelle"},"image":{"@id":"https:\/\/lasentinelle.dz\/#\/schema\/logo\/image\/"},"sameAs":["https:\/\/www.facebook.com\/La-Sentinelle-104059864394773"]},{"@type":"Person","@id":"https:\/\/lasentinelle.dz\/#\/schema\/person\/d865044e22e70a75174ce8bcad3acfb3","name":"La Sentinelle","image":{"@type":"ImageObject","inLanguage":"fr-FR","@id":"https:\/\/secure.gravatar.com\/avatar\/57de8e5d4b15d43fb361a71fbb36338450fe67865b528a43dd10ef7c51a20392?s=96&d=mm&r=g","url":"https:\/\/secure.gravatar.com\/avatar\/57de8e5d4b15d43fb361a71fbb36338450fe67865b528a43dd10ef7c51a20392?s=96&d=mm&r=g","contentUrl":"https:\/\/secure.gravatar.com\/avatar\/57de8e5d4b15d43fb361a71fbb36338450fe67865b528a43dd10ef7c51a20392?s=96&d=mm&r=g","caption":"La Sentinelle"},"sameAs":["http:\/\/www.lasentinelle.dz"],"url":"https:\/\/lasentinelle.dz\/author\/redaction\/"}]}},"_links":{"self":[{"href":"https:\/\/lasentinelle.dz\/index.php\/wp-json\/wp\/v2\/posts\/19446","targetHints":{"allow":["GET"]}}],"collection":[{"href":"https:\/\/lasentinelle.dz\/index.php\/wp-json\/wp\/v2\/posts"}],"about":[{"href":"https:\/\/lasentinelle.dz\/index.php\/wp-json\/wp\/v2\/types\/post"}],"author":[{"embeddable":true,"href":"https:\/\/lasentinelle.dz\/index.php\/wp-json\/wp\/v2\/users\/3"}],"replies":[{"embeddable":true,"href":"https:\/\/lasentinelle.dz\/index.php\/wp-json\/wp\/v2\/comments?post=19446"}],"version-history":[{"count":1,"href":"https:\/\/lasentinelle.dz\/index.php\/wp-json\/wp\/v2\/posts\/19446\/revisions"}],"predecessor-version":[{"id":19449,"href":"https:\/\/lasentinelle.dz\/index.php\/wp-json\/wp\/v2\/posts\/19446\/revisions\/19449"}],"wp:featuredmedia":[{"embeddable":true,"href":"https:\/\/lasentinelle.dz\/index.php\/wp-json\/wp\/v2\/media\/19487"}],"wp:attachment":[{"href":"https:\/\/lasentinelle.dz\/index.php\/wp-json\/wp\/v2\/media?parent=19446"}],"wp:term":[{"taxonomy":"category","embeddable":true,"href":"https:\/\/lasentinelle.dz\/index.php\/wp-json\/wp\/v2\/categories?post=19446"},{"taxonomy":"post_tag","embeddable":true,"href":"https:\/\/lasentinelle.dz\/index.php\/wp-json\/wp\/v2\/tags?post=19446"}],"curies":[{"name":"wp","href":"https:\/\/api.w.org\/{rel}","templated":true}]}}