{"id":19454,"date":"2022-04-06T00:01:00","date_gmt":"2022-04-05T23:01:00","guid":{"rendered":"https:\/\/lasentinelle.dz\/?p=19454"},"modified":"2022-04-05T18:01:55","modified_gmt":"2022-04-05T17:01:55","slug":"arkab-appelle-a-renforcer-le-partenariat-strategique-algero-americain","status":"publish","type":"post","link":"https:\/\/lasentinelle.dz\/index.php\/2022\/04\/06\/arkab-appelle-a-renforcer-le-partenariat-strategique-algero-americain\/","title":{"rendered":"Arkab appelle \u00e0 renforcer le partenariat strat\u00e9gique alg\u00e9ro-am\u00e9ricain"},"content":{"rendered":"\n<p>L\u2019Alg\u00e9rie et les Etats-Unis ont r\u00e9affirm\u00e9 la volont\u00e9 pour la densification de la coop\u00e9ration en \u00e9tudiant ensemble toutes les opportunit\u00e9s dans les industries p\u00e9troli\u00e8res gazi\u00e8res, \u00e9lectriques et mini\u00e8res.&nbsp;Lors d&rsquo;une rencontre tenue au si\u00e8ge de son d\u00e9partement minist\u00e9riel avec l&rsquo;ambassadrice des Etats-Unis d&rsquo;Am\u00e9rique en Alg\u00e9rie, Mme Elizabeth Moore Aubin M. Arkab a mis l\u2019accent sur l\u2019importance de la coop\u00e9ration et du partenariat strat\u00e9gique liant les entreprises alg\u00e9riennes et am\u00e9ricaines pr\u00e9sentes en Alg\u00e9rie dans le domaine de l\u2019\u00e9nergie.&nbsp;M. Arkab a pr\u00e9sent\u00e9, \u00e0 cette occasion, les opportunit\u00e9s d\u2019investissement et de partenariat qu\u2019offre le secteur notamment dans l\u2019exploration, le d\u00e9veloppement et l\u2019exploitation des hydrocarbures.&nbsp;&nbsp;Lors de cette rencontre, les deux parties ont abord\u00e9 les relations bilat\u00e9rales alg\u00e9ro-am\u00e9ricaines dans le domaine de l\u2019\u00e9nergie et des mines qu\u2019ils ont qualifi\u00e9es d\u2019 \u00ab historiques et d\u2019excellentes \u00bb ainsi que les perspectives de leur renforcement.&nbsp;&nbsp;A ce propos, le ministre a souhait\u00e9 voir les entreprises am\u00e9ricaines participer aux prochains appels d\u2019offres que le secteur va lancer incessamment et b\u00e9n\u00e9ficier des avantages offerts par la nouvelle loi sur les hydrocarbures, a fait savoir le communiqu\u00e9.&nbsp;Il a, \u00e9galement, insist\u00e9 sur la volont\u00e9 de l\u2019Alg\u00e9rie d\u2019\u0153uvrer davantage pour mieux valoriser ses ressources pour explorer et exploiter son riche patrimoine minier, invitant \u00ab les compagnies am\u00e9ricaines \u00e0 investir dans le domaine minier en Alg\u00e9rie et de cr\u00e9er des partenariats avec les entreprises alg\u00e9riennes mutuellement b\u00e9n\u00e9fiques avec un transfert du savoir-faire et la formation. \u00bb&nbsp;Les deux parties ont relev\u00e9 aussi \u00ab les importantes opportunit\u00e9s de coop\u00e9ration et d\u2019investissement existantes dans le domaine des \u00e9nergies nouvelles et renouvelables (hydrog\u00e8ne) ainsi que dans le programme national&nbsp;&nbsp;du dessalement d\u2019eau de mer sur le court et moyen terme, en souhaitant voir&nbsp;&nbsp;la participation des entreprises am\u00e9ricaines \u00e0 ce programme. \u00bb&nbsp;&nbsp;&nbsp;L\u2019ambassadrice am\u00e9ricaine a exprim\u00e9, pour sa part, sa \u00ab satisfaction pour la qualit\u00e9 des relations entre les deux pays et l\u2019int\u00e9r\u00eat manifest\u00e9 par les&nbsp;&nbsp;soci\u00e9t\u00e9s am\u00e9ricaines ainsi que de la confiance qui caract\u00e9rise les relations entre les entreprises des deux pays gr\u00e2ce \u00e0 des partenariats \u00e9quilibr\u00e9s et solides. \u00bb<\/p>\n\n\n\n<p>APS<\/p>\n","protected":false},"excerpt":{"rendered":"<p>L\u2019Alg\u00e9rie et les Etats-Unis ont r\u00e9affirm\u00e9 la volont\u00e9 pour la densification de la coop\u00e9ration en \u00e9tudiant ensemble toutes les opportunit\u00e9s<\/p>\n","protected":false},"author":3,"featured_media":14362,"comment_status":"open","ping_status":"closed","sticky":false,"template":"","format":"standard","meta":{"colormag_page_container_layout":"default_layout","colormag_page_sidebar_layout":"default_layout","om_disable_all_campaigns":false,"_monsterinsights_skip_tracking":false,"_monsterinsights_sitenote_active":false,"_monsterinsights_sitenote_note":"","_monsterinsights_sitenote_category":0,"footnotes":"","_wpscppro_dont_share_socialmedia":false,"_wpscppro_custom_social_share_image":0,"_facebook_share_type":"","_twitter_share_type":"","_linkedin_share_type":"","_pinterest_share_type":"","_linkedin_share_type_page":"","_instagram_share_type":"","_medium_share_type":"","_threads_share_type":"","_google_business_share_type":"","_selected_social_profile":[],"_wpsp_enable_custom_social_template":false,"_wpsp_social_scheduling":{"enabled":false,"datetime":null,"platforms":[],"status":"template_only","dateOption":"today","timeOption":"now","customDays":"","customHours":"","customDate":"","customTime":"","schedulingType":"absolute"},"_wpsp_active_default_template":true},"categories":[29],"tags":[],"class_list":["post-19454","post","type-post","status-publish","format-standard","has-post-thumbnail","hentry","category-economie"],"aioseo_notices":[],"yoast_head":"<!-- This site is optimized with the Yoast SEO plugin v27.5 - https:\/\/yoast.com\/product\/yoast-seo-wordpress\/ -->\n<title>Arkab appelle \u00e0 renforcer le partenariat strat\u00e9gique alg\u00e9ro-am\u00e9ricain - La Sentinelle<\/title>\n<meta name=\"robots\" content=\"index, follow, max-snippet:-1, max-image-preview:large, max-video-preview:-1\" \/>\n<link rel=\"canonical\" href=\"https:\/\/lasentinelle.dz\/index.php\/2022\/04\/06\/arkab-appelle-a-renforcer-le-partenariat-strategique-algero-americain\/\" \/>\n<meta property=\"og:locale\" content=\"fr_FR\" \/>\n<meta property=\"og:type\" content=\"article\" \/>\n<meta property=\"og:title\" content=\"Arkab appelle \u00e0 renforcer le partenariat strat\u00e9gique alg\u00e9ro-am\u00e9ricain - La Sentinelle\" \/>\n<meta property=\"og:description\" content=\"L\u2019Alg\u00e9rie et les Etats-Unis ont r\u00e9affirm\u00e9 la volont\u00e9 pour la densification de la coop\u00e9ration en \u00e9tudiant ensemble toutes les opportunit\u00e9s\" \/>\n<meta property=\"og:url\" content=\"https:\/\/lasentinelle.dz\/index.php\/2022\/04\/06\/arkab-appelle-a-renforcer-le-partenariat-strategique-algero-americain\/\" \/>\n<meta property=\"og:site_name\" content=\"La Sentinelle\" \/>\n<meta property=\"article:publisher\" content=\"https:\/\/www.facebook.com\/La-Sentinelle-104059864394773\" \/>\n<meta property=\"article:published_time\" content=\"2022-04-05T23:01:00+00:00\" \/>\n<meta property=\"og:image\" content=\"https:\/\/lasentinelle.dz\/wp-content\/uploads\/2021\/11\/Mohamed-Arkab.png\" \/>\n\t<meta property=\"og:image:width\" content=\"1696\" \/>\n\t<meta property=\"og:image:height\" content=\"900\" \/>\n\t<meta property=\"og:image:type\" content=\"image\/png\" \/>\n<meta name=\"author\" content=\"La Sentinelle\" \/>\n<meta name=\"twitter:card\" content=\"summary_large_image\" \/>\n<meta name=\"twitter:label1\" content=\"\u00c9crit par\" \/>\n\t<meta name=\"twitter:data1\" content=\"La Sentinelle\" \/>\n\t<meta name=\"twitter:label2\" content=\"Dur\u00e9e de lecture estim\u00e9e\" \/>\n\t<meta name=\"twitter:data2\" content=\"2 minutes\" \/>\n<script type=\"application\/ld+json\" class=\"yoast-schema-graph\">{\"@context\":\"https:\\\/\\\/schema.org\",\"@graph\":[{\"@type\":\"Article\",\"@id\":\"https:\\\/\\\/lasentinelle.dz\\\/index.php\\\/2022\\\/04\\\/06\\\/arkab-appelle-a-renforcer-le-partenariat-strategique-algero-americain\\\/#article\",\"isPartOf\":{\"@id\":\"https:\\\/\\\/lasentinelle.dz\\\/index.php\\\/2022\\\/04\\\/06\\\/arkab-appelle-a-renforcer-le-partenariat-strategique-algero-americain\\\/\"},\"author\":{\"name\":\"La Sentinelle\",\"@id\":\"https:\\\/\\\/lasentinelle.dz\\\/#\\\/schema\\\/person\\\/d865044e22e70a75174ce8bcad3acfb3\"},\"headline\":\"Arkab appelle \u00e0 renforcer le partenariat strat\u00e9gique alg\u00e9ro-am\u00e9ricain\",\"datePublished\":\"2022-04-05T23:01:00+00:00\",\"mainEntityOfPage\":{\"@id\":\"https:\\\/\\\/lasentinelle.dz\\\/index.php\\\/2022\\\/04\\\/06\\\/arkab-appelle-a-renforcer-le-partenariat-strategique-algero-americain\\\/\"},\"wordCount\":423,\"commentCount\":0,\"publisher\":{\"@id\":\"https:\\\/\\\/lasentinelle.dz\\\/#organization\"},\"image\":{\"@id\":\"https:\\\/\\\/lasentinelle.dz\\\/index.php\\\/2022\\\/04\\\/06\\\/arkab-appelle-a-renforcer-le-partenariat-strategique-algero-americain\\\/#primaryimage\"},\"thumbnailUrl\":\"https:\\\/\\\/lasentinelle.dz\\\/wp-content\\\/uploads\\\/2021\\\/11\\\/Mohamed-Arkab.png\",\"articleSection\":[\"\u00c9conomie\"],\"inLanguage\":\"fr-FR\",\"potentialAction\":[{\"@type\":\"CommentAction\",\"name\":\"Comment\",\"target\":[\"https:\\\/\\\/lasentinelle.dz\\\/index.php\\\/2022\\\/04\\\/06\\\/arkab-appelle-a-renforcer-le-partenariat-strategique-algero-americain\\\/#respond\"]}]},{\"@type\":\"WebPage\",\"@id\":\"https:\\\/\\\/lasentinelle.dz\\\/index.php\\\/2022\\\/04\\\/06\\\/arkab-appelle-a-renforcer-le-partenariat-strategique-algero-americain\\\/\",\"url\":\"https:\\\/\\\/lasentinelle.dz\\\/index.php\\\/2022\\\/04\\\/06\\\/arkab-appelle-a-renforcer-le-partenariat-strategique-algero-americain\\\/\",\"name\":\"Arkab appelle \u00e0 renforcer le partenariat strat\u00e9gique alg\u00e9ro-am\u00e9ricain - La Sentinelle\",\"isPartOf\":{\"@id\":\"https:\\\/\\\/lasentinelle.dz\\\/#website\"},\"primaryImageOfPage\":{\"@id\":\"https:\\\/\\\/lasentinelle.dz\\\/index.php\\\/2022\\\/04\\\/06\\\/arkab-appelle-a-renforcer-le-partenariat-strategique-algero-americain\\\/#primaryimage\"},\"image\":{\"@id\":\"https:\\\/\\\/lasentinelle.dz\\\/index.php\\\/2022\\\/04\\\/06\\\/arkab-appelle-a-renforcer-le-partenariat-strategique-algero-americain\\\/#primaryimage\"},\"thumbnailUrl\":\"https:\\\/\\\/lasentinelle.dz\\\/wp-content\\\/uploads\\\/2021\\\/11\\\/Mohamed-Arkab.png\",\"datePublished\":\"2022-04-05T23:01:00+00:00\",\"breadcrumb\":{\"@id\":\"https:\\\/\\\/lasentinelle.dz\\\/index.php\\\/2022\\\/04\\\/06\\\/arkab-appelle-a-renforcer-le-partenariat-strategique-algero-americain\\\/#breadcrumb\"},\"inLanguage\":\"fr-FR\",\"potentialAction\":[{\"@type\":\"ReadAction\",\"target\":[\"https:\\\/\\\/lasentinelle.dz\\\/index.php\\\/2022\\\/04\\\/06\\\/arkab-appelle-a-renforcer-le-partenariat-strategique-algero-americain\\\/\"]}]},{\"@type\":\"ImageObject\",\"inLanguage\":\"fr-FR\",\"@id\":\"https:\\\/\\\/lasentinelle.dz\\\/index.php\\\/2022\\\/04\\\/06\\\/arkab-appelle-a-renforcer-le-partenariat-strategique-algero-americain\\\/#primaryimage\",\"url\":\"https:\\\/\\\/lasentinelle.dz\\\/wp-content\\\/uploads\\\/2021\\\/11\\\/Mohamed-Arkab.png\",\"contentUrl\":\"https:\\\/\\\/lasentinelle.dz\\\/wp-content\\\/uploads\\\/2021\\\/11\\\/Mohamed-Arkab.png\",\"width\":1696,\"height\":900},{\"@type\":\"BreadcrumbList\",\"@id\":\"https:\\\/\\\/lasentinelle.dz\\\/index.php\\\/2022\\\/04\\\/06\\\/arkab-appelle-a-renforcer-le-partenariat-strategique-algero-americain\\\/#breadcrumb\",\"itemListElement\":[{\"@type\":\"ListItem\",\"position\":1,\"name\":\"Accueil\",\"item\":\"https:\\\/\\\/lasentinelle.dz\\\/\"},{\"@type\":\"ListItem\",\"position\":2,\"name\":\"Arkab appelle \u00e0 renforcer le partenariat strat\u00e9gique alg\u00e9ro-am\u00e9ricain\"}]},{\"@type\":\"WebSite\",\"@id\":\"https:\\\/\\\/lasentinelle.dz\\\/#website\",\"url\":\"https:\\\/\\\/lasentinelle.dz\\\/\",\"name\":\"La Sentinelle\",\"description\":\"Quotidien national d&#039;information\",\"publisher\":{\"@id\":\"https:\\\/\\\/lasentinelle.dz\\\/#organization\"},\"potentialAction\":[{\"@type\":\"SearchAction\",\"target\":{\"@type\":\"EntryPoint\",\"urlTemplate\":\"https:\\\/\\\/lasentinelle.dz\\\/?s={search_term_string}\"},\"query-input\":{\"@type\":\"PropertyValueSpecification\",\"valueRequired\":true,\"valueName\":\"search_term_string\"}}],\"inLanguage\":\"fr-FR\"},{\"@type\":\"Organization\",\"@id\":\"https:\\\/\\\/lasentinelle.dz\\\/#organization\",\"name\":\"Quotidien La Sentinelle\",\"url\":\"https:\\\/\\\/lasentinelle.dz\\\/\",\"logo\":{\"@type\":\"ImageObject\",\"inLanguage\":\"fr-FR\",\"@id\":\"https:\\\/\\\/lasentinelle.dz\\\/#\\\/schema\\\/logo\\\/image\\\/\",\"url\":\"https:\\\/\\\/lasentinelle.dz\\\/wp-content\\\/uploads\\\/2021\\\/09\\\/logo-sentinelleSLOGAN-1.png\",\"contentUrl\":\"https:\\\/\\\/lasentinelle.dz\\\/wp-content\\\/uploads\\\/2021\\\/09\\\/logo-sentinelleSLOGAN-1.png\",\"width\":615,\"height\":142,\"caption\":\"Quotidien La Sentinelle\"},\"image\":{\"@id\":\"https:\\\/\\\/lasentinelle.dz\\\/#\\\/schema\\\/logo\\\/image\\\/\"},\"sameAs\":[\"https:\\\/\\\/www.facebook.com\\\/La-Sentinelle-104059864394773\"]},{\"@type\":\"Person\",\"@id\":\"https:\\\/\\\/lasentinelle.dz\\\/#\\\/schema\\\/person\\\/d865044e22e70a75174ce8bcad3acfb3\",\"name\":\"La Sentinelle\",\"image\":{\"@type\":\"ImageObject\",\"inLanguage\":\"fr-FR\",\"@id\":\"https:\\\/\\\/secure.gravatar.com\\\/avatar\\\/57de8e5d4b15d43fb361a71fbb36338450fe67865b528a43dd10ef7c51a20392?s=96&d=mm&r=g\",\"url\":\"https:\\\/\\\/secure.gravatar.com\\\/avatar\\\/57de8e5d4b15d43fb361a71fbb36338450fe67865b528a43dd10ef7c51a20392?s=96&d=mm&r=g\",\"contentUrl\":\"https:\\\/\\\/secure.gravatar.com\\\/avatar\\\/57de8e5d4b15d43fb361a71fbb36338450fe67865b528a43dd10ef7c51a20392?s=96&d=mm&r=g\",\"caption\":\"La Sentinelle\"},\"sameAs\":[\"http:\\\/\\\/www.lasentinelle.dz\"],\"url\":\"https:\\\/\\\/lasentinelle.dz\\\/author\\\/redaction\\\/\"}]}<\/script>\n<!-- \/ Yoast SEO plugin. -->","yoast_head_json":{"title":"Arkab appelle \u00e0 renforcer le partenariat strat\u00e9gique alg\u00e9ro-am\u00e9ricain - La Sentinelle","robots":{"index":"index","follow":"follow","max-snippet":"max-snippet:-1","max-image-preview":"max-image-preview:large","max-video-preview":"max-video-preview:-1"},"canonical":"https:\/\/lasentinelle.dz\/index.php\/2022\/04\/06\/arkab-appelle-a-renforcer-le-partenariat-strategique-algero-americain\/","og_locale":"fr_FR","og_type":"article","og_title":"Arkab appelle \u00e0 renforcer le partenariat strat\u00e9gique alg\u00e9ro-am\u00e9ricain - La Sentinelle","og_description":"L\u2019Alg\u00e9rie et les Etats-Unis ont r\u00e9affirm\u00e9 la volont\u00e9 pour la densification de la coop\u00e9ration en \u00e9tudiant ensemble toutes les opportunit\u00e9s","og_url":"https:\/\/lasentinelle.dz\/index.php\/2022\/04\/06\/arkab-appelle-a-renforcer-le-partenariat-strategique-algero-americain\/","og_site_name":"La Sentinelle","article_publisher":"https:\/\/www.facebook.com\/La-Sentinelle-104059864394773","article_published_time":"2022-04-05T23:01:00+00:00","og_image":[{"width":1696,"height":900,"url":"https:\/\/lasentinelle.dz\/wp-content\/uploads\/2021\/11\/Mohamed-Arkab.png","type":"image\/png"}],"author":"La Sentinelle","twitter_card":"summary_large_image","twitter_misc":{"\u00c9crit par":"La Sentinelle","Dur\u00e9e de lecture estim\u00e9e":"2 minutes"},"schema":{"@context":"https:\/\/schema.org","@graph":[{"@type":"Article","@id":"https:\/\/lasentinelle.dz\/index.php\/2022\/04\/06\/arkab-appelle-a-renforcer-le-partenariat-strategique-algero-americain\/#article","isPartOf":{"@id":"https:\/\/lasentinelle.dz\/index.php\/2022\/04\/06\/arkab-appelle-a-renforcer-le-partenariat-strategique-algero-americain\/"},"author":{"name":"La Sentinelle","@id":"https:\/\/lasentinelle.dz\/#\/schema\/person\/d865044e22e70a75174ce8bcad3acfb3"},"headline":"Arkab appelle \u00e0 renforcer le partenariat strat\u00e9gique alg\u00e9ro-am\u00e9ricain","datePublished":"2022-04-05T23:01:00+00:00","mainEntityOfPage":{"@id":"https:\/\/lasentinelle.dz\/index.php\/2022\/04\/06\/arkab-appelle-a-renforcer-le-partenariat-strategique-algero-americain\/"},"wordCount":423,"commentCount":0,"publisher":{"@id":"https:\/\/lasentinelle.dz\/#organization"},"image":{"@id":"https:\/\/lasentinelle.dz\/index.php\/2022\/04\/06\/arkab-appelle-a-renforcer-le-partenariat-strategique-algero-americain\/#primaryimage"},"thumbnailUrl":"https:\/\/lasentinelle.dz\/wp-content\/uploads\/2021\/11\/Mohamed-Arkab.png","articleSection":["\u00c9conomie"],"inLanguage":"fr-FR","potentialAction":[{"@type":"CommentAction","name":"Comment","target":["https:\/\/lasentinelle.dz\/index.php\/2022\/04\/06\/arkab-appelle-a-renforcer-le-partenariat-strategique-algero-americain\/#respond"]}]},{"@type":"WebPage","@id":"https:\/\/lasentinelle.dz\/index.php\/2022\/04\/06\/arkab-appelle-a-renforcer-le-partenariat-strategique-algero-americain\/","url":"https:\/\/lasentinelle.dz\/index.php\/2022\/04\/06\/arkab-appelle-a-renforcer-le-partenariat-strategique-algero-americain\/","name":"Arkab appelle \u00e0 renforcer le partenariat strat\u00e9gique alg\u00e9ro-am\u00e9ricain - La Sentinelle","isPartOf":{"@id":"https:\/\/lasentinelle.dz\/#website"},"primaryImageOfPage":{"@id":"https:\/\/lasentinelle.dz\/index.php\/2022\/04\/06\/arkab-appelle-a-renforcer-le-partenariat-strategique-algero-americain\/#primaryimage"},"image":{"@id":"https:\/\/lasentinelle.dz\/index.php\/2022\/04\/06\/arkab-appelle-a-renforcer-le-partenariat-strategique-algero-americain\/#primaryimage"},"thumbnailUrl":"https:\/\/lasentinelle.dz\/wp-content\/uploads\/2021\/11\/Mohamed-Arkab.png","datePublished":"2022-04-05T23:01:00+00:00","breadcrumb":{"@id":"https:\/\/lasentinelle.dz\/index.php\/2022\/04\/06\/arkab-appelle-a-renforcer-le-partenariat-strategique-algero-americain\/#breadcrumb"},"inLanguage":"fr-FR","potentialAction":[{"@type":"ReadAction","target":["https:\/\/lasentinelle.dz\/index.php\/2022\/04\/06\/arkab-appelle-a-renforcer-le-partenariat-strategique-algero-americain\/"]}]},{"@type":"ImageObject","inLanguage":"fr-FR","@id":"https:\/\/lasentinelle.dz\/index.php\/2022\/04\/06\/arkab-appelle-a-renforcer-le-partenariat-strategique-algero-americain\/#primaryimage","url":"https:\/\/lasentinelle.dz\/wp-content\/uploads\/2021\/11\/Mohamed-Arkab.png","contentUrl":"https:\/\/lasentinelle.dz\/wp-content\/uploads\/2021\/11\/Mohamed-Arkab.png","width":1696,"height":900},{"@type":"BreadcrumbList","@id":"https:\/\/lasentinelle.dz\/index.php\/2022\/04\/06\/arkab-appelle-a-renforcer-le-partenariat-strategique-algero-americain\/#breadcrumb","itemListElement":[{"@type":"ListItem","position":1,"name":"Accueil","item":"https:\/\/lasentinelle.dz\/"},{"@type":"ListItem","position":2,"name":"Arkab appelle \u00e0 renforcer le partenariat strat\u00e9gique alg\u00e9ro-am\u00e9ricain"}]},{"@type":"WebSite","@id":"https:\/\/lasentinelle.dz\/#website","url":"https:\/\/lasentinelle.dz\/","name":"La Sentinelle","description":"Quotidien national d&#039;information","publisher":{"@id":"https:\/\/lasentinelle.dz\/#organization"},"potentialAction":[{"@type":"SearchAction","target":{"@type":"EntryPoint","urlTemplate":"https:\/\/lasentinelle.dz\/?s={search_term_string}"},"query-input":{"@type":"PropertyValueSpecification","valueRequired":true,"valueName":"search_term_string"}}],"inLanguage":"fr-FR"},{"@type":"Organization","@id":"https:\/\/lasentinelle.dz\/#organization","name":"Quotidien La Sentinelle","url":"https:\/\/lasentinelle.dz\/","logo":{"@type":"ImageObject","inLanguage":"fr-FR","@id":"https:\/\/lasentinelle.dz\/#\/schema\/logo\/image\/","url":"https:\/\/lasentinelle.dz\/wp-content\/uploads\/2021\/09\/logo-sentinelleSLOGAN-1.png","contentUrl":"https:\/\/lasentinelle.dz\/wp-content\/uploads\/2021\/09\/logo-sentinelleSLOGAN-1.png","width":615,"height":142,"caption":"Quotidien La Sentinelle"},"image":{"@id":"https:\/\/lasentinelle.dz\/#\/schema\/logo\/image\/"},"sameAs":["https:\/\/www.facebook.com\/La-Sentinelle-104059864394773"]},{"@type":"Person","@id":"https:\/\/lasentinelle.dz\/#\/schema\/person\/d865044e22e70a75174ce8bcad3acfb3","name":"La Sentinelle","image":{"@type":"ImageObject","inLanguage":"fr-FR","@id":"https:\/\/secure.gravatar.com\/avatar\/57de8e5d4b15d43fb361a71fbb36338450fe67865b528a43dd10ef7c51a20392?s=96&d=mm&r=g","url":"https:\/\/secure.gravatar.com\/avatar\/57de8e5d4b15d43fb361a71fbb36338450fe67865b528a43dd10ef7c51a20392?s=96&d=mm&r=g","contentUrl":"https:\/\/secure.gravatar.com\/avatar\/57de8e5d4b15d43fb361a71fbb36338450fe67865b528a43dd10ef7c51a20392?s=96&d=mm&r=g","caption":"La Sentinelle"},"sameAs":["http:\/\/www.lasentinelle.dz"],"url":"https:\/\/lasentinelle.dz\/author\/redaction\/"}]}},"_links":{"self":[{"href":"https:\/\/lasentinelle.dz\/index.php\/wp-json\/wp\/v2\/posts\/19454","targetHints":{"allow":["GET"]}}],"collection":[{"href":"https:\/\/lasentinelle.dz\/index.php\/wp-json\/wp\/v2\/posts"}],"about":[{"href":"https:\/\/lasentinelle.dz\/index.php\/wp-json\/wp\/v2\/types\/post"}],"author":[{"embeddable":true,"href":"https:\/\/lasentinelle.dz\/index.php\/wp-json\/wp\/v2\/users\/3"}],"replies":[{"embeddable":true,"href":"https:\/\/lasentinelle.dz\/index.php\/wp-json\/wp\/v2\/comments?post=19454"}],"version-history":[{"count":1,"href":"https:\/\/lasentinelle.dz\/index.php\/wp-json\/wp\/v2\/posts\/19454\/revisions"}],"predecessor-version":[{"id":19457,"href":"https:\/\/lasentinelle.dz\/index.php\/wp-json\/wp\/v2\/posts\/19454\/revisions\/19457"}],"wp:featuredmedia":[{"embeddable":true,"href":"https:\/\/lasentinelle.dz\/index.php\/wp-json\/wp\/v2\/media\/14362"}],"wp:attachment":[{"href":"https:\/\/lasentinelle.dz\/index.php\/wp-json\/wp\/v2\/media?parent=19454"}],"wp:term":[{"taxonomy":"category","embeddable":true,"href":"https:\/\/lasentinelle.dz\/index.php\/wp-json\/wp\/v2\/categories?post=19454"},{"taxonomy":"post_tag","embeddable":true,"href":"https:\/\/lasentinelle.dz\/index.php\/wp-json\/wp\/v2\/tags?post=19454"}],"curies":[{"name":"wp","href":"https:\/\/api.w.org\/{rel}","templated":true}]}}