{"id":19459,"date":"2022-04-06T00:01:00","date_gmt":"2022-04-05T23:01:00","guid":{"rendered":"https:\/\/lasentinelle.dz\/?p=19459"},"modified":"2022-04-05T18:05:30","modified_gmt":"2022-04-05T17:05:30","slug":"oran-ou-sont-passes-le-lait-et-lhuile-de-table","status":"publish","type":"post","link":"https:\/\/lasentinelle.dz\/index.php\/2022\/04\/06\/oran-ou-sont-passes-le-lait-et-lhuile-de-table\/","title":{"rendered":"Oran\u00a0:\u00a0O\u00f9 sont pass\u00e9s le lait et l\u2019huile de table ?"},"content":{"rendered":"\n<p>Le lait et l\u2019huile de table constituent les deux produits de large consommation se faisant rares, voire absents dans les \u00e9tals de la majeure partie des commerces de la ville d\u2019Oran. Pour cause, la quantit\u00e9 produite ne r\u00e9pond plus \u00e0 la forte demande exprim\u00e9e, notamment pendant ce mois de Ramadhan, ce dernier est marqu\u00e9 par une forte consommation&nbsp;des deux produits. A Oran, deux petites unit\u00e9s assurent faiblement une production satisfaisant \u00e0 peine les besoins de quelques villes. La premi\u00e8re est implant\u00e9e dans la commune de Bir El Djir \u00e0 l\u2019est de la wilaya tandis que seconde est \u00e9tablie \u00e0 Oued Tl\u00e9lat situ\u00e9e dans la partie sud-ouest d\u2019Oran, sachant que la population d\u2019Oran avoisine 1.5 millions d\u2019habitants. C\u2019est pourquoi l\u2019on a jug\u00e9 utile de faire appel \u00e0 la contribution des autres unit\u00e9s des wilayas limitrophes comme Sidi Bel Abbes, Mascara et Saida. Malgr\u00e9 cela, la demande demeure en hausse.&nbsp;&nbsp;Rachid est commer\u00e7ant&nbsp;sp\u00e9cialis\u00e9 en&nbsp;produits laitiers dans le march\u00e9 r\u00e9f\u00e9rentiel de la Rue des Aur\u00e8s, ex-La Bastille dans le centre-ville&nbsp;et&nbsp;se d\u00e9m\u00e8ne tant bien que mal en \u00abrepoussant\u00bb sa client\u00e8le sans pour autant les \u00abfroisser\u00bb en se repliant pour leur r\u00e9pondre par \u00abla n\u00e9gative\u00bb. Il estime que \u00ables unit\u00e9s de production de lait de toute la partie ouest sont dans l\u2019incapacit\u00e9&nbsp;de satisfaire la forte demande\u00bb.&nbsp;&nbsp;R\u00e9v\u00e9lant que \u00abdans le pass\u00e9, je commercialisais pr\u00e8s de 1.600 litres\/ jours\u00bb, il d\u00e9plore que \u00abson bilan actuel ne d\u00e9passe pas les seuils de 300 litres\/jour \u00bb.&nbsp;&nbsp;Il d\u00e9plore par la m\u00eame&nbsp;occasion&nbsp;que&nbsp;cette tension&nbsp;\u00abs&rsquo;inscrive dans la dur\u00e9e \u00bb. Si la production est faible, il en est de m\u00eame pour la distribution. \u00abCette probl\u00e9matique constitue un autre casse-t\u00eate chinois\u00bb, r\u00e9v\u00e8lent plusieurs vendeurs sp\u00e9cialis\u00e9s dans ce commerce, le lait et ses d\u00e9riv\u00e9s. \u00abNous ne sommes pas suffisamment ni r\u00e9guli\u00e8rement approvisionn\u00e9s\u00bb, a affirm\u00e9 le laitier de la Rue des Aur\u00e8s. \u00abCertainssont aliment\u00e9s de mani\u00e8re anarchique alors que d\u2019autres commer\u00e7ants rentrent bredouilles malgr\u00e9 avoir observ\u00e9, t\u00f4t le matin, une longue file d\u2019attente, attendant l\u2019arriv\u00e9e des gros camions venant de Sidi Bel Abbes et de Sa\u00efda\u00bb, a-t-il regrett\u00e9. Depuis la privatisation de la Centrale du Lait d\u2019Oran, CLO, les&nbsp;Oranais ont fait leurs adieux \u00e0 la profusion de ce produit tant consomm\u00e9. L\u2019huile de table constitue une autre probl\u00e9matique&nbsp;que&nbsp;l&rsquo;on peine \u00e0 solutionner. Sinon comment interpr\u00e9ter le fait&nbsp;que l\u2019huile&nbsp;&nbsp;continue \u00e0 briller par son absence des \u00e9tals de l\u2019ensemble des commerces de la ville. Si l\u2019Etat a annonc\u00e9 l\u2019ouverture des points de vente pour faciliter les achats des familles, il n\u2019en est rien pour la disponibilit\u00e9 de ce produit indissociable de la popote. Le peu de commer\u00e7ants le commercialisant usent et abusent de la situation d\u2019autant plus que celle-ci \u00e9chappe \u00e0 tout contr\u00f4le. Sinon comment interpr\u00e9ter le fait qu\u2019un bidon de 4 litres d\u2019huiles Made In Alg\u00e9rie soit vendu au prix fort de 1.700 dinars ? Le constat est de visu perceptible un peu partout dans les commerces de la ville d\u2019Oran. Les commer\u00e7ants&nbsp;r\u00e9pondent toujours&nbsp;: \u00abwalou zit\u00bb qui veut dire&nbsp;&nbsp;litt\u00e9ralement \u00abil n y a plus d&rsquo;huile !&nbsp;\u00bb<\/p>\n\n\n\n<p><strong>Salim Abdenour<\/strong><\/p>\n","protected":false},"excerpt":{"rendered":"<p>Le lait et l\u2019huile de table constituent les deux produits de large consommation se faisant rares, voire absents dans les<\/p>\n","protected":false},"author":3,"featured_media":19059,"comment_status":"open","ping_status":"closed","sticky":false,"template":"","format":"standard","meta":{"colormag_page_container_layout":"default_layout","colormag_page_sidebar_layout":"default_layout","om_disable_all_campaigns":false,"_monsterinsights_skip_tracking":false,"_monsterinsights_sitenote_active":false,"_monsterinsights_sitenote_note":"","_monsterinsights_sitenote_category":0,"footnotes":"","_wpscppro_dont_share_socialmedia":false,"_wpscppro_custom_social_share_image":0,"_facebook_share_type":"","_twitter_share_type":"","_linkedin_share_type":"","_pinterest_share_type":"","_linkedin_share_type_page":"","_instagram_share_type":"","_medium_share_type":"","_threads_share_type":"","_google_business_share_type":"","_selected_social_profile":[],"_wpsp_enable_custom_social_template":false,"_wpsp_social_scheduling":{"enabled":false,"datetime":null,"platforms":[],"status":"template_only","dateOption":"today","timeOption":"now","customDays":"","customHours":"","customDate":"","customTime":"","schedulingType":"absolute"},"_wpsp_active_default_template":true},"categories":[29],"tags":[],"class_list":["post-19459","post","type-post","status-publish","format-standard","has-post-thumbnail","hentry","category-economie"],"aioseo_notices":[],"yoast_head":"<!-- This site is optimized with the Yoast SEO plugin v27.5 - https:\/\/yoast.com\/product\/yoast-seo-wordpress\/ -->\n<title>Oran\u00a0:\u00a0O\u00f9 sont pass\u00e9s le lait et l\u2019huile de table ? - La Sentinelle<\/title>\n<meta name=\"robots\" content=\"index, follow, max-snippet:-1, max-image-preview:large, max-video-preview:-1\" \/>\n<link rel=\"canonical\" href=\"https:\/\/lasentinelle.dz\/index.php\/2022\/04\/06\/oran-ou-sont-passes-le-lait-et-lhuile-de-table\/\" \/>\n<meta property=\"og:locale\" content=\"fr_FR\" \/>\n<meta property=\"og:type\" content=\"article\" \/>\n<meta property=\"og:title\" content=\"Oran\u00a0:\u00a0O\u00f9 sont pass\u00e9s le lait et l\u2019huile de table ? - La Sentinelle\" \/>\n<meta property=\"og:description\" content=\"Le lait et l\u2019huile de table constituent les deux produits de large consommation se faisant rares, voire absents dans les\" \/>\n<meta property=\"og:url\" content=\"https:\/\/lasentinelle.dz\/index.php\/2022\/04\/06\/oran-ou-sont-passes-le-lait-et-lhuile-de-table\/\" \/>\n<meta property=\"og:site_name\" content=\"La Sentinelle\" \/>\n<meta property=\"article:publisher\" content=\"https:\/\/www.facebook.com\/La-Sentinelle-104059864394773\" \/>\n<meta property=\"article:published_time\" content=\"2022-04-05T23:01:00+00:00\" \/>\n<meta property=\"og:image\" content=\"https:\/\/lasentinelle.dz\/wp-content\/uploads\/2022\/03\/huile-1.png\" \/>\n\t<meta property=\"og:image:width\" content=\"1431\" \/>\n\t<meta property=\"og:image:height\" content=\"900\" \/>\n\t<meta property=\"og:image:type\" content=\"image\/png\" \/>\n<meta name=\"author\" content=\"La Sentinelle\" \/>\n<meta name=\"twitter:card\" content=\"summary_large_image\" \/>\n<meta name=\"twitter:label1\" content=\"\u00c9crit par\" \/>\n\t<meta name=\"twitter:data1\" content=\"La Sentinelle\" \/>\n\t<meta name=\"twitter:label2\" content=\"Dur\u00e9e de lecture estim\u00e9e\" \/>\n\t<meta name=\"twitter:data2\" content=\"3 minutes\" \/>\n<script type=\"application\/ld+json\" class=\"yoast-schema-graph\">{\"@context\":\"https:\\\/\\\/schema.org\",\"@graph\":[{\"@type\":\"Article\",\"@id\":\"https:\\\/\\\/lasentinelle.dz\\\/index.php\\\/2022\\\/04\\\/06\\\/oran-ou-sont-passes-le-lait-et-lhuile-de-table\\\/#article\",\"isPartOf\":{\"@id\":\"https:\\\/\\\/lasentinelle.dz\\\/index.php\\\/2022\\\/04\\\/06\\\/oran-ou-sont-passes-le-lait-et-lhuile-de-table\\\/\"},\"author\":{\"name\":\"La Sentinelle\",\"@id\":\"https:\\\/\\\/lasentinelle.dz\\\/#\\\/schema\\\/person\\\/d865044e22e70a75174ce8bcad3acfb3\"},\"headline\":\"Oran\u00a0:\u00a0O\u00f9 sont pass\u00e9s le lait et l\u2019huile de table ?\",\"datePublished\":\"2022-04-05T23:01:00+00:00\",\"mainEntityOfPage\":{\"@id\":\"https:\\\/\\\/lasentinelle.dz\\\/index.php\\\/2022\\\/04\\\/06\\\/oran-ou-sont-passes-le-lait-et-lhuile-de-table\\\/\"},\"wordCount\":611,\"commentCount\":0,\"publisher\":{\"@id\":\"https:\\\/\\\/lasentinelle.dz\\\/#organization\"},\"image\":{\"@id\":\"https:\\\/\\\/lasentinelle.dz\\\/index.php\\\/2022\\\/04\\\/06\\\/oran-ou-sont-passes-le-lait-et-lhuile-de-table\\\/#primaryimage\"},\"thumbnailUrl\":\"https:\\\/\\\/lasentinelle.dz\\\/wp-content\\\/uploads\\\/2022\\\/03\\\/huile-1.png\",\"articleSection\":[\"\u00c9conomie\"],\"inLanguage\":\"fr-FR\",\"potentialAction\":[{\"@type\":\"CommentAction\",\"name\":\"Comment\",\"target\":[\"https:\\\/\\\/lasentinelle.dz\\\/index.php\\\/2022\\\/04\\\/06\\\/oran-ou-sont-passes-le-lait-et-lhuile-de-table\\\/#respond\"]}]},{\"@type\":\"WebPage\",\"@id\":\"https:\\\/\\\/lasentinelle.dz\\\/index.php\\\/2022\\\/04\\\/06\\\/oran-ou-sont-passes-le-lait-et-lhuile-de-table\\\/\",\"url\":\"https:\\\/\\\/lasentinelle.dz\\\/index.php\\\/2022\\\/04\\\/06\\\/oran-ou-sont-passes-le-lait-et-lhuile-de-table\\\/\",\"name\":\"Oran\u00a0:\u00a0O\u00f9 sont pass\u00e9s le lait et l\u2019huile de table ? - La Sentinelle\",\"isPartOf\":{\"@id\":\"https:\\\/\\\/lasentinelle.dz\\\/#website\"},\"primaryImageOfPage\":{\"@id\":\"https:\\\/\\\/lasentinelle.dz\\\/index.php\\\/2022\\\/04\\\/06\\\/oran-ou-sont-passes-le-lait-et-lhuile-de-table\\\/#primaryimage\"},\"image\":{\"@id\":\"https:\\\/\\\/lasentinelle.dz\\\/index.php\\\/2022\\\/04\\\/06\\\/oran-ou-sont-passes-le-lait-et-lhuile-de-table\\\/#primaryimage\"},\"thumbnailUrl\":\"https:\\\/\\\/lasentinelle.dz\\\/wp-content\\\/uploads\\\/2022\\\/03\\\/huile-1.png\",\"datePublished\":\"2022-04-05T23:01:00+00:00\",\"breadcrumb\":{\"@id\":\"https:\\\/\\\/lasentinelle.dz\\\/index.php\\\/2022\\\/04\\\/06\\\/oran-ou-sont-passes-le-lait-et-lhuile-de-table\\\/#breadcrumb\"},\"inLanguage\":\"fr-FR\",\"potentialAction\":[{\"@type\":\"ReadAction\",\"target\":[\"https:\\\/\\\/lasentinelle.dz\\\/index.php\\\/2022\\\/04\\\/06\\\/oran-ou-sont-passes-le-lait-et-lhuile-de-table\\\/\"]}]},{\"@type\":\"ImageObject\",\"inLanguage\":\"fr-FR\",\"@id\":\"https:\\\/\\\/lasentinelle.dz\\\/index.php\\\/2022\\\/04\\\/06\\\/oran-ou-sont-passes-le-lait-et-lhuile-de-table\\\/#primaryimage\",\"url\":\"https:\\\/\\\/lasentinelle.dz\\\/wp-content\\\/uploads\\\/2022\\\/03\\\/huile-1.png\",\"contentUrl\":\"https:\\\/\\\/lasentinelle.dz\\\/wp-content\\\/uploads\\\/2022\\\/03\\\/huile-1.png\",\"width\":1431,\"height\":900},{\"@type\":\"BreadcrumbList\",\"@id\":\"https:\\\/\\\/lasentinelle.dz\\\/index.php\\\/2022\\\/04\\\/06\\\/oran-ou-sont-passes-le-lait-et-lhuile-de-table\\\/#breadcrumb\",\"itemListElement\":[{\"@type\":\"ListItem\",\"position\":1,\"name\":\"Accueil\",\"item\":\"https:\\\/\\\/lasentinelle.dz\\\/\"},{\"@type\":\"ListItem\",\"position\":2,\"name\":\"Oran\u00a0:\u00a0O\u00f9 sont pass\u00e9s le lait et l\u2019huile de table ?\"}]},{\"@type\":\"WebSite\",\"@id\":\"https:\\\/\\\/lasentinelle.dz\\\/#website\",\"url\":\"https:\\\/\\\/lasentinelle.dz\\\/\",\"name\":\"La Sentinelle\",\"description\":\"Quotidien national d&#039;information\",\"publisher\":{\"@id\":\"https:\\\/\\\/lasentinelle.dz\\\/#organization\"},\"potentialAction\":[{\"@type\":\"SearchAction\",\"target\":{\"@type\":\"EntryPoint\",\"urlTemplate\":\"https:\\\/\\\/lasentinelle.dz\\\/?s={search_term_string}\"},\"query-input\":{\"@type\":\"PropertyValueSpecification\",\"valueRequired\":true,\"valueName\":\"search_term_string\"}}],\"inLanguage\":\"fr-FR\"},{\"@type\":\"Organization\",\"@id\":\"https:\\\/\\\/lasentinelle.dz\\\/#organization\",\"name\":\"Quotidien La Sentinelle\",\"url\":\"https:\\\/\\\/lasentinelle.dz\\\/\",\"logo\":{\"@type\":\"ImageObject\",\"inLanguage\":\"fr-FR\",\"@id\":\"https:\\\/\\\/lasentinelle.dz\\\/#\\\/schema\\\/logo\\\/image\\\/\",\"url\":\"https:\\\/\\\/lasentinelle.dz\\\/wp-content\\\/uploads\\\/2021\\\/09\\\/logo-sentinelleSLOGAN-1.png\",\"contentUrl\":\"https:\\\/\\\/lasentinelle.dz\\\/wp-content\\\/uploads\\\/2021\\\/09\\\/logo-sentinelleSLOGAN-1.png\",\"width\":615,\"height\":142,\"caption\":\"Quotidien La Sentinelle\"},\"image\":{\"@id\":\"https:\\\/\\\/lasentinelle.dz\\\/#\\\/schema\\\/logo\\\/image\\\/\"},\"sameAs\":[\"https:\\\/\\\/www.facebook.com\\\/La-Sentinelle-104059864394773\"]},{\"@type\":\"Person\",\"@id\":\"https:\\\/\\\/lasentinelle.dz\\\/#\\\/schema\\\/person\\\/d865044e22e70a75174ce8bcad3acfb3\",\"name\":\"La Sentinelle\",\"image\":{\"@type\":\"ImageObject\",\"inLanguage\":\"fr-FR\",\"@id\":\"https:\\\/\\\/secure.gravatar.com\\\/avatar\\\/57de8e5d4b15d43fb361a71fbb36338450fe67865b528a43dd10ef7c51a20392?s=96&d=mm&r=g\",\"url\":\"https:\\\/\\\/secure.gravatar.com\\\/avatar\\\/57de8e5d4b15d43fb361a71fbb36338450fe67865b528a43dd10ef7c51a20392?s=96&d=mm&r=g\",\"contentUrl\":\"https:\\\/\\\/secure.gravatar.com\\\/avatar\\\/57de8e5d4b15d43fb361a71fbb36338450fe67865b528a43dd10ef7c51a20392?s=96&d=mm&r=g\",\"caption\":\"La Sentinelle\"},\"sameAs\":[\"http:\\\/\\\/www.lasentinelle.dz\"],\"url\":\"https:\\\/\\\/lasentinelle.dz\\\/author\\\/redaction\\\/\"}]}<\/script>\n<!-- \/ Yoast SEO plugin. -->","yoast_head_json":{"title":"Oran\u00a0:\u00a0O\u00f9 sont pass\u00e9s le lait et l\u2019huile de table ? - La Sentinelle","robots":{"index":"index","follow":"follow","max-snippet":"max-snippet:-1","max-image-preview":"max-image-preview:large","max-video-preview":"max-video-preview:-1"},"canonical":"https:\/\/lasentinelle.dz\/index.php\/2022\/04\/06\/oran-ou-sont-passes-le-lait-et-lhuile-de-table\/","og_locale":"fr_FR","og_type":"article","og_title":"Oran\u00a0:\u00a0O\u00f9 sont pass\u00e9s le lait et l\u2019huile de table ? - La Sentinelle","og_description":"Le lait et l\u2019huile de table constituent les deux produits de large consommation se faisant rares, voire absents dans les","og_url":"https:\/\/lasentinelle.dz\/index.php\/2022\/04\/06\/oran-ou-sont-passes-le-lait-et-lhuile-de-table\/","og_site_name":"La Sentinelle","article_publisher":"https:\/\/www.facebook.com\/La-Sentinelle-104059864394773","article_published_time":"2022-04-05T23:01:00+00:00","og_image":[{"width":1431,"height":900,"url":"https:\/\/lasentinelle.dz\/wp-content\/uploads\/2022\/03\/huile-1.png","type":"image\/png"}],"author":"La Sentinelle","twitter_card":"summary_large_image","twitter_misc":{"\u00c9crit par":"La Sentinelle","Dur\u00e9e de lecture estim\u00e9e":"3 minutes"},"schema":{"@context":"https:\/\/schema.org","@graph":[{"@type":"Article","@id":"https:\/\/lasentinelle.dz\/index.php\/2022\/04\/06\/oran-ou-sont-passes-le-lait-et-lhuile-de-table\/#article","isPartOf":{"@id":"https:\/\/lasentinelle.dz\/index.php\/2022\/04\/06\/oran-ou-sont-passes-le-lait-et-lhuile-de-table\/"},"author":{"name":"La Sentinelle","@id":"https:\/\/lasentinelle.dz\/#\/schema\/person\/d865044e22e70a75174ce8bcad3acfb3"},"headline":"Oran\u00a0:\u00a0O\u00f9 sont pass\u00e9s le lait et l\u2019huile de table ?","datePublished":"2022-04-05T23:01:00+00:00","mainEntityOfPage":{"@id":"https:\/\/lasentinelle.dz\/index.php\/2022\/04\/06\/oran-ou-sont-passes-le-lait-et-lhuile-de-table\/"},"wordCount":611,"commentCount":0,"publisher":{"@id":"https:\/\/lasentinelle.dz\/#organization"},"image":{"@id":"https:\/\/lasentinelle.dz\/index.php\/2022\/04\/06\/oran-ou-sont-passes-le-lait-et-lhuile-de-table\/#primaryimage"},"thumbnailUrl":"https:\/\/lasentinelle.dz\/wp-content\/uploads\/2022\/03\/huile-1.png","articleSection":["\u00c9conomie"],"inLanguage":"fr-FR","potentialAction":[{"@type":"CommentAction","name":"Comment","target":["https:\/\/lasentinelle.dz\/index.php\/2022\/04\/06\/oran-ou-sont-passes-le-lait-et-lhuile-de-table\/#respond"]}]},{"@type":"WebPage","@id":"https:\/\/lasentinelle.dz\/index.php\/2022\/04\/06\/oran-ou-sont-passes-le-lait-et-lhuile-de-table\/","url":"https:\/\/lasentinelle.dz\/index.php\/2022\/04\/06\/oran-ou-sont-passes-le-lait-et-lhuile-de-table\/","name":"Oran\u00a0:\u00a0O\u00f9 sont pass\u00e9s le lait et l\u2019huile de table ? - La Sentinelle","isPartOf":{"@id":"https:\/\/lasentinelle.dz\/#website"},"primaryImageOfPage":{"@id":"https:\/\/lasentinelle.dz\/index.php\/2022\/04\/06\/oran-ou-sont-passes-le-lait-et-lhuile-de-table\/#primaryimage"},"image":{"@id":"https:\/\/lasentinelle.dz\/index.php\/2022\/04\/06\/oran-ou-sont-passes-le-lait-et-lhuile-de-table\/#primaryimage"},"thumbnailUrl":"https:\/\/lasentinelle.dz\/wp-content\/uploads\/2022\/03\/huile-1.png","datePublished":"2022-04-05T23:01:00+00:00","breadcrumb":{"@id":"https:\/\/lasentinelle.dz\/index.php\/2022\/04\/06\/oran-ou-sont-passes-le-lait-et-lhuile-de-table\/#breadcrumb"},"inLanguage":"fr-FR","potentialAction":[{"@type":"ReadAction","target":["https:\/\/lasentinelle.dz\/index.php\/2022\/04\/06\/oran-ou-sont-passes-le-lait-et-lhuile-de-table\/"]}]},{"@type":"ImageObject","inLanguage":"fr-FR","@id":"https:\/\/lasentinelle.dz\/index.php\/2022\/04\/06\/oran-ou-sont-passes-le-lait-et-lhuile-de-table\/#primaryimage","url":"https:\/\/lasentinelle.dz\/wp-content\/uploads\/2022\/03\/huile-1.png","contentUrl":"https:\/\/lasentinelle.dz\/wp-content\/uploads\/2022\/03\/huile-1.png","width":1431,"height":900},{"@type":"BreadcrumbList","@id":"https:\/\/lasentinelle.dz\/index.php\/2022\/04\/06\/oran-ou-sont-passes-le-lait-et-lhuile-de-table\/#breadcrumb","itemListElement":[{"@type":"ListItem","position":1,"name":"Accueil","item":"https:\/\/lasentinelle.dz\/"},{"@type":"ListItem","position":2,"name":"Oran\u00a0:\u00a0O\u00f9 sont pass\u00e9s le lait et l\u2019huile de table ?"}]},{"@type":"WebSite","@id":"https:\/\/lasentinelle.dz\/#website","url":"https:\/\/lasentinelle.dz\/","name":"La Sentinelle","description":"Quotidien national d&#039;information","publisher":{"@id":"https:\/\/lasentinelle.dz\/#organization"},"potentialAction":[{"@type":"SearchAction","target":{"@type":"EntryPoint","urlTemplate":"https:\/\/lasentinelle.dz\/?s={search_term_string}"},"query-input":{"@type":"PropertyValueSpecification","valueRequired":true,"valueName":"search_term_string"}}],"inLanguage":"fr-FR"},{"@type":"Organization","@id":"https:\/\/lasentinelle.dz\/#organization","name":"Quotidien La Sentinelle","url":"https:\/\/lasentinelle.dz\/","logo":{"@type":"ImageObject","inLanguage":"fr-FR","@id":"https:\/\/lasentinelle.dz\/#\/schema\/logo\/image\/","url":"https:\/\/lasentinelle.dz\/wp-content\/uploads\/2021\/09\/logo-sentinelleSLOGAN-1.png","contentUrl":"https:\/\/lasentinelle.dz\/wp-content\/uploads\/2021\/09\/logo-sentinelleSLOGAN-1.png","width":615,"height":142,"caption":"Quotidien La Sentinelle"},"image":{"@id":"https:\/\/lasentinelle.dz\/#\/schema\/logo\/image\/"},"sameAs":["https:\/\/www.facebook.com\/La-Sentinelle-104059864394773"]},{"@type":"Person","@id":"https:\/\/lasentinelle.dz\/#\/schema\/person\/d865044e22e70a75174ce8bcad3acfb3","name":"La Sentinelle","image":{"@type":"ImageObject","inLanguage":"fr-FR","@id":"https:\/\/secure.gravatar.com\/avatar\/57de8e5d4b15d43fb361a71fbb36338450fe67865b528a43dd10ef7c51a20392?s=96&d=mm&r=g","url":"https:\/\/secure.gravatar.com\/avatar\/57de8e5d4b15d43fb361a71fbb36338450fe67865b528a43dd10ef7c51a20392?s=96&d=mm&r=g","contentUrl":"https:\/\/secure.gravatar.com\/avatar\/57de8e5d4b15d43fb361a71fbb36338450fe67865b528a43dd10ef7c51a20392?s=96&d=mm&r=g","caption":"La Sentinelle"},"sameAs":["http:\/\/www.lasentinelle.dz"],"url":"https:\/\/lasentinelle.dz\/author\/redaction\/"}]}},"_links":{"self":[{"href":"https:\/\/lasentinelle.dz\/index.php\/wp-json\/wp\/v2\/posts\/19459","targetHints":{"allow":["GET"]}}],"collection":[{"href":"https:\/\/lasentinelle.dz\/index.php\/wp-json\/wp\/v2\/posts"}],"about":[{"href":"https:\/\/lasentinelle.dz\/index.php\/wp-json\/wp\/v2\/types\/post"}],"author":[{"embeddable":true,"href":"https:\/\/lasentinelle.dz\/index.php\/wp-json\/wp\/v2\/users\/3"}],"replies":[{"embeddable":true,"href":"https:\/\/lasentinelle.dz\/index.php\/wp-json\/wp\/v2\/comments?post=19459"}],"version-history":[{"count":1,"href":"https:\/\/lasentinelle.dz\/index.php\/wp-json\/wp\/v2\/posts\/19459\/revisions"}],"predecessor-version":[{"id":19461,"href":"https:\/\/lasentinelle.dz\/index.php\/wp-json\/wp\/v2\/posts\/19459\/revisions\/19461"}],"wp:featuredmedia":[{"embeddable":true,"href":"https:\/\/lasentinelle.dz\/index.php\/wp-json\/wp\/v2\/media\/19059"}],"wp:attachment":[{"href":"https:\/\/lasentinelle.dz\/index.php\/wp-json\/wp\/v2\/media?parent=19459"}],"wp:term":[{"taxonomy":"category","embeddable":true,"href":"https:\/\/lasentinelle.dz\/index.php\/wp-json\/wp\/v2\/categories?post=19459"},{"taxonomy":"post_tag","embeddable":true,"href":"https:\/\/lasentinelle.dz\/index.php\/wp-json\/wp\/v2\/tags?post=19459"}],"curies":[{"name":"wp","href":"https:\/\/api.w.org\/{rel}","templated":true}]}}