{"id":19462,"date":"2022-04-06T00:05:00","date_gmt":"2022-04-05T23:05:00","guid":{"rendered":"https:\/\/lasentinelle.dz\/?p=19462"},"modified":"2022-04-05T20:09:34","modified_gmt":"2022-04-05T19:09:34","slug":"infrastructures-de-sante-priorites-aux-cliniques-et-aux-services-durgence","status":"publish","type":"post","link":"https:\/\/lasentinelle.dz\/index.php\/2022\/04\/06\/infrastructures-de-sante-priorites-aux-cliniques-et-aux-services-durgence\/","title":{"rendered":"Infrastructures de Sant\u00e9\u00a0: Priorit\u00e9s aux cliniques et aux services d\u2019urgence"},"content":{"rendered":"\n<p>Dans l\u2019objectif d\u2019am\u00e9liorer les services de sant\u00e9, le d\u00e9partement d\u2019Abderrahmane Benbouzid a lanc\u00e9 un vaste de programme de r\u00e9alisation et d\u2019ach\u00e8vement d\u2019infrastructures de sant\u00e9, en sus du plan de r\u00e9am\u00e9nagement des structures existantes qui devra cibler en priorit\u00e9 les services d\u2019urgence ainsi que les cliniques.&nbsp;<\/p>\n\n\n\n<p>\u00ab Il est indispensable de donner la pleine priorit\u00e9 aux services des urgences m\u00e9dicales et les polycliniques dans les programmes de r\u00e9am\u00e9nagement \u00bb, a affirm\u00e9&nbsp;lundi&nbsp;lors d\u2019une r\u00e9union en visioconf\u00e9rence avec les directeur de la sant\u00e9 de toutes les wilayas, le ministre de la Sant\u00e9, de la Population et de la R\u00e9forme hospitali\u00e8re, Pr Abderrahmane Benbouzid. Lors de cette r\u00e9union consacr\u00e9e notamment aux projets achev\u00e9s ou en cours d&rsquo;ach\u00e8vement,&nbsp;le&nbsp;Pr Benbouzid a vivement recommand\u00e9 \u00ab d&rsquo;acc\u00e9l\u00e9rer la cadence des travaux pour les livrer dans les d\u00e9lais fix\u00e9s, notamment ceux relatifs \u00e0 la cr\u00e9ation de centres pour les urgences m\u00e9dico-chirurgicales, toutes sp\u00e9cialit\u00e9s confondues, et de r\u00e9am\u00e9nager les polycliniques \u00e0 travers l&rsquo;ensemble du pays, en veillant \u00e0 ce que certaines assurent le travail 24h\/24h \u00bb.<\/p>\n\n\n\n<p>\u00ab Il est n\u00e9cessaire de faire les changements n\u00e9cessaires au niveau des diff\u00e9rents \u00e9tablissements de sant\u00e9, \u00e0 l\u2019instar des services de gyn\u00e9cologie-obst\u00e9trique et d&rsquo;augmenter le nombre de lits de mani\u00e8re \u00e0 prendre en charge un maximum de femmes enceintes, d&rsquo;autant plus que les cas complexes sont pris en charge au niveau des \u00e9tablissements hospitaliers publics \u00bb a-t-il affirm\u00e9 dans l\u2019objectif de \u00ab rattraper le retard accus\u00e9 dans la r\u00e9alisation de certains projets en raison de la conjoncture sanitaire li\u00e9es \u00e0 la pand\u00e9mie du coronavirus (Covid-19) et d&rsquo;inaugurer le maximum au cours du premier semestre de 2022, \u00e0 l&rsquo;instar des projets en cours \u00e0 Bordj Bou Arreridj, Oum El Bouaghi, Souk Ahras et Gharda\u00efa \u00bb.<\/p>\n\n\n\n<p>Appelant, par ailleurs, \u00e0&nbsp;rester vigilent&nbsp;face \u00e0 la pand\u00e9mie du Covid 19, dans le contexte de l&rsquo;absence de donn\u00e9es scientifiques exactes sur&nbsp;le virus, le ministre de la Sant\u00e9, de la Population et de la R\u00e9forme&nbsp;hospitali\u00e8re&nbsp;a qualifi\u00e9 la situation pand\u00e9mique&nbsp;e de \u00ab\u00a0rassurante et sous contr\u00f4le\u00a0\u00bb au vu de la grande baisse constat\u00e9e sur le nombre des nouveaux cas et des d\u00e9c\u00e8s (0 cas). Une stabilit\u00e9 qui&nbsp;a&nbsp;permis, explique-t-il, \u00e0 \u00ab l&rsquo;Alg\u00e9rie de lever certaines mesures pr\u00e9ventives, notamment au niveau des mosqu\u00e9es, co\u00efncidant avec l&rsquo;av\u00e8nement du mois sacr\u00e9 de Ramadhan \u00bb.<\/p>\n\n\n\n<p>En \u00e9voquant la pand\u00e9mie du Covid 19, Pr.&nbsp;Benbouzid ne pouvait omettre d\u2019aborder la question de la prime exceptionnelle Covid-19 au profit des personnels du secteur. Il dira d\u2019ailleurs, \u00e0 ce sujet, que \u00ab toutes les proc\u00e9dures relatives \u00e0 cette op\u00e9ration ont \u00e9t\u00e9 finalis\u00e9es \u00bb. Les directeurs de la Sant\u00e9 et des \u00e9tablissements hospitaliers qui n&rsquo;ont pas encore vir\u00e9 cette prime sont, recommande-t-il, tenus de la verser conform\u00e9ment aux d\u00e9lais fix\u00e9s par le minist\u00e8re, \u00e0 savoir&nbsp;demain. Une d\u00e9cision qui va soulager, du moins relativement, les diff\u00e9rents personnels du secteur de la sant\u00e9 qui ont \u00e9t\u00e9 avant-postes de la lutte contre ce virus. Ces derniers ont affront\u00e9 ce virus alors qu\u2019il \u00e9tait encore inconnu.&nbsp;Ce qui a engendr\u00e9 des d\u00e9c\u00e8s parmi la corporation.&nbsp;<\/p>\n\n\n\n<p><strong>Akli Amor&nbsp;<\/strong><\/p>\n","protected":false},"excerpt":{"rendered":"<p>Dans l\u2019objectif d\u2019am\u00e9liorer les services de sant\u00e9, le d\u00e9partement d\u2019Abderrahmane Benbouzid a lanc\u00e9 un vaste de programme de r\u00e9alisation et<\/p>\n","protected":false},"author":3,"featured_media":19465,"comment_status":"open","ping_status":"closed","sticky":false,"template":"","format":"standard","meta":{"colormag_page_container_layout":"default_layout","colormag_page_sidebar_layout":"default_layout","om_disable_all_campaigns":false,"_monsterinsights_skip_tracking":false,"_monsterinsights_sitenote_active":false,"_monsterinsights_sitenote_note":"","_monsterinsights_sitenote_category":0,"footnotes":"","_wpscppro_dont_share_socialmedia":false,"_wpscppro_custom_social_share_image":0,"_facebook_share_type":"","_twitter_share_type":"","_linkedin_share_type":"","_pinterest_share_type":"","_linkedin_share_type_page":"","_instagram_share_type":"","_medium_share_type":"","_threads_share_type":"","_google_business_share_type":"","_selected_social_profile":[],"_wpsp_enable_custom_social_template":false,"_wpsp_social_scheduling":{"enabled":false,"datetime":null,"platforms":[],"status":"template_only","dateOption":"today","timeOption":"now","customDays":"","customHours":"","customDate":"","customTime":"","schedulingType":"absolute"},"_wpsp_active_default_template":true},"categories":[52,27],"tags":[],"class_list":["post-19462","post","type-post","status-publish","format-standard","has-post-thumbnail","hentry","category-a-la-une","category-actualite"],"aioseo_notices":[],"yoast_head":"<!-- This site is optimized with the Yoast SEO plugin v27.5 - https:\/\/yoast.com\/product\/yoast-seo-wordpress\/ -->\n<title>Infrastructures de Sant\u00e9\u00a0: Priorit\u00e9s aux cliniques et aux services d\u2019urgence - La Sentinelle<\/title>\n<meta name=\"robots\" content=\"index, follow, max-snippet:-1, max-image-preview:large, max-video-preview:-1\" \/>\n<link rel=\"canonical\" href=\"https:\/\/lasentinelle.dz\/index.php\/2022\/04\/06\/infrastructures-de-sante-priorites-aux-cliniques-et-aux-services-durgence\/\" \/>\n<meta property=\"og:locale\" content=\"fr_FR\" \/>\n<meta property=\"og:type\" content=\"article\" \/>\n<meta property=\"og:title\" content=\"Infrastructures de Sant\u00e9\u00a0: Priorit\u00e9s aux cliniques et aux services d\u2019urgence - La Sentinelle\" \/>\n<meta property=\"og:description\" content=\"Dans l\u2019objectif d\u2019am\u00e9liorer les services de sant\u00e9, le d\u00e9partement d\u2019Abderrahmane Benbouzid a lanc\u00e9 un vaste de programme de r\u00e9alisation et\" \/>\n<meta property=\"og:url\" content=\"https:\/\/lasentinelle.dz\/index.php\/2022\/04\/06\/infrastructures-de-sante-priorites-aux-cliniques-et-aux-services-durgence\/\" \/>\n<meta property=\"og:site_name\" content=\"La Sentinelle\" \/>\n<meta property=\"article:publisher\" content=\"https:\/\/www.facebook.com\/La-Sentinelle-104059864394773\" \/>\n<meta property=\"article:published_time\" content=\"2022-04-05T23:05:00+00:00\" \/>\n<meta property=\"og:image\" content=\"https:\/\/lasentinelle.dz\/wp-content\/uploads\/2022\/04\/Benbouzid.png\" \/>\n\t<meta property=\"og:image:width\" content=\"1427\" \/>\n\t<meta property=\"og:image:height\" content=\"900\" \/>\n\t<meta property=\"og:image:type\" content=\"image\/png\" \/>\n<meta name=\"author\" content=\"La Sentinelle\" \/>\n<meta name=\"twitter:card\" content=\"summary_large_image\" \/>\n<meta name=\"twitter:label1\" content=\"\u00c9crit par\" \/>\n\t<meta name=\"twitter:data1\" content=\"La Sentinelle\" \/>\n\t<meta name=\"twitter:label2\" content=\"Dur\u00e9e de lecture estim\u00e9e\" \/>\n\t<meta name=\"twitter:data2\" content=\"3 minutes\" \/>\n<script type=\"application\/ld+json\" class=\"yoast-schema-graph\">{\"@context\":\"https:\\\/\\\/schema.org\",\"@graph\":[{\"@type\":\"Article\",\"@id\":\"https:\\\/\\\/lasentinelle.dz\\\/index.php\\\/2022\\\/04\\\/06\\\/infrastructures-de-sante-priorites-aux-cliniques-et-aux-services-durgence\\\/#article\",\"isPartOf\":{\"@id\":\"https:\\\/\\\/lasentinelle.dz\\\/index.php\\\/2022\\\/04\\\/06\\\/infrastructures-de-sante-priorites-aux-cliniques-et-aux-services-durgence\\\/\"},\"author\":{\"name\":\"La Sentinelle\",\"@id\":\"https:\\\/\\\/lasentinelle.dz\\\/#\\\/schema\\\/person\\\/d865044e22e70a75174ce8bcad3acfb3\"},\"headline\":\"Infrastructures de Sant\u00e9\u00a0: Priorit\u00e9s aux cliniques et aux services d\u2019urgence\",\"datePublished\":\"2022-04-05T23:05:00+00:00\",\"mainEntityOfPage\":{\"@id\":\"https:\\\/\\\/lasentinelle.dz\\\/index.php\\\/2022\\\/04\\\/06\\\/infrastructures-de-sante-priorites-aux-cliniques-et-aux-services-durgence\\\/\"},\"wordCount\":591,\"commentCount\":0,\"publisher\":{\"@id\":\"https:\\\/\\\/lasentinelle.dz\\\/#organization\"},\"image\":{\"@id\":\"https:\\\/\\\/lasentinelle.dz\\\/index.php\\\/2022\\\/04\\\/06\\\/infrastructures-de-sante-priorites-aux-cliniques-et-aux-services-durgence\\\/#primaryimage\"},\"thumbnailUrl\":\"https:\\\/\\\/lasentinelle.dz\\\/wp-content\\\/uploads\\\/2022\\\/04\\\/Benbouzid.png\",\"articleSection\":[\"\u00c0 la Une\",\"Actualit\u00e9\"],\"inLanguage\":\"fr-FR\",\"potentialAction\":[{\"@type\":\"CommentAction\",\"name\":\"Comment\",\"target\":[\"https:\\\/\\\/lasentinelle.dz\\\/index.php\\\/2022\\\/04\\\/06\\\/infrastructures-de-sante-priorites-aux-cliniques-et-aux-services-durgence\\\/#respond\"]}]},{\"@type\":\"WebPage\",\"@id\":\"https:\\\/\\\/lasentinelle.dz\\\/index.php\\\/2022\\\/04\\\/06\\\/infrastructures-de-sante-priorites-aux-cliniques-et-aux-services-durgence\\\/\",\"url\":\"https:\\\/\\\/lasentinelle.dz\\\/index.php\\\/2022\\\/04\\\/06\\\/infrastructures-de-sante-priorites-aux-cliniques-et-aux-services-durgence\\\/\",\"name\":\"Infrastructures de Sant\u00e9\u00a0: Priorit\u00e9s aux cliniques et aux services d\u2019urgence - La Sentinelle\",\"isPartOf\":{\"@id\":\"https:\\\/\\\/lasentinelle.dz\\\/#website\"},\"primaryImageOfPage\":{\"@id\":\"https:\\\/\\\/lasentinelle.dz\\\/index.php\\\/2022\\\/04\\\/06\\\/infrastructures-de-sante-priorites-aux-cliniques-et-aux-services-durgence\\\/#primaryimage\"},\"image\":{\"@id\":\"https:\\\/\\\/lasentinelle.dz\\\/index.php\\\/2022\\\/04\\\/06\\\/infrastructures-de-sante-priorites-aux-cliniques-et-aux-services-durgence\\\/#primaryimage\"},\"thumbnailUrl\":\"https:\\\/\\\/lasentinelle.dz\\\/wp-content\\\/uploads\\\/2022\\\/04\\\/Benbouzid.png\",\"datePublished\":\"2022-04-05T23:05:00+00:00\",\"breadcrumb\":{\"@id\":\"https:\\\/\\\/lasentinelle.dz\\\/index.php\\\/2022\\\/04\\\/06\\\/infrastructures-de-sante-priorites-aux-cliniques-et-aux-services-durgence\\\/#breadcrumb\"},\"inLanguage\":\"fr-FR\",\"potentialAction\":[{\"@type\":\"ReadAction\",\"target\":[\"https:\\\/\\\/lasentinelle.dz\\\/index.php\\\/2022\\\/04\\\/06\\\/infrastructures-de-sante-priorites-aux-cliniques-et-aux-services-durgence\\\/\"]}]},{\"@type\":\"ImageObject\",\"inLanguage\":\"fr-FR\",\"@id\":\"https:\\\/\\\/lasentinelle.dz\\\/index.php\\\/2022\\\/04\\\/06\\\/infrastructures-de-sante-priorites-aux-cliniques-et-aux-services-durgence\\\/#primaryimage\",\"url\":\"https:\\\/\\\/lasentinelle.dz\\\/wp-content\\\/uploads\\\/2022\\\/04\\\/Benbouzid.png\",\"contentUrl\":\"https:\\\/\\\/lasentinelle.dz\\\/wp-content\\\/uploads\\\/2022\\\/04\\\/Benbouzid.png\",\"width\":1427,\"height\":900},{\"@type\":\"BreadcrumbList\",\"@id\":\"https:\\\/\\\/lasentinelle.dz\\\/index.php\\\/2022\\\/04\\\/06\\\/infrastructures-de-sante-priorites-aux-cliniques-et-aux-services-durgence\\\/#breadcrumb\",\"itemListElement\":[{\"@type\":\"ListItem\",\"position\":1,\"name\":\"Accueil\",\"item\":\"https:\\\/\\\/lasentinelle.dz\\\/\"},{\"@type\":\"ListItem\",\"position\":2,\"name\":\"Infrastructures de Sant\u00e9\u00a0: Priorit\u00e9s aux cliniques et aux services d\u2019urgence\"}]},{\"@type\":\"WebSite\",\"@id\":\"https:\\\/\\\/lasentinelle.dz\\\/#website\",\"url\":\"https:\\\/\\\/lasentinelle.dz\\\/\",\"name\":\"La Sentinelle\",\"description\":\"Quotidien national d&#039;information\",\"publisher\":{\"@id\":\"https:\\\/\\\/lasentinelle.dz\\\/#organization\"},\"potentialAction\":[{\"@type\":\"SearchAction\",\"target\":{\"@type\":\"EntryPoint\",\"urlTemplate\":\"https:\\\/\\\/lasentinelle.dz\\\/?s={search_term_string}\"},\"query-input\":{\"@type\":\"PropertyValueSpecification\",\"valueRequired\":true,\"valueName\":\"search_term_string\"}}],\"inLanguage\":\"fr-FR\"},{\"@type\":\"Organization\",\"@id\":\"https:\\\/\\\/lasentinelle.dz\\\/#organization\",\"name\":\"Quotidien La Sentinelle\",\"url\":\"https:\\\/\\\/lasentinelle.dz\\\/\",\"logo\":{\"@type\":\"ImageObject\",\"inLanguage\":\"fr-FR\",\"@id\":\"https:\\\/\\\/lasentinelle.dz\\\/#\\\/schema\\\/logo\\\/image\\\/\",\"url\":\"https:\\\/\\\/lasentinelle.dz\\\/wp-content\\\/uploads\\\/2021\\\/09\\\/logo-sentinelleSLOGAN-1.png\",\"contentUrl\":\"https:\\\/\\\/lasentinelle.dz\\\/wp-content\\\/uploads\\\/2021\\\/09\\\/logo-sentinelleSLOGAN-1.png\",\"width\":615,\"height\":142,\"caption\":\"Quotidien La Sentinelle\"},\"image\":{\"@id\":\"https:\\\/\\\/lasentinelle.dz\\\/#\\\/schema\\\/logo\\\/image\\\/\"},\"sameAs\":[\"https:\\\/\\\/www.facebook.com\\\/La-Sentinelle-104059864394773\"]},{\"@type\":\"Person\",\"@id\":\"https:\\\/\\\/lasentinelle.dz\\\/#\\\/schema\\\/person\\\/d865044e22e70a75174ce8bcad3acfb3\",\"name\":\"La Sentinelle\",\"image\":{\"@type\":\"ImageObject\",\"inLanguage\":\"fr-FR\",\"@id\":\"https:\\\/\\\/secure.gravatar.com\\\/avatar\\\/57de8e5d4b15d43fb361a71fbb36338450fe67865b528a43dd10ef7c51a20392?s=96&d=mm&r=g\",\"url\":\"https:\\\/\\\/secure.gravatar.com\\\/avatar\\\/57de8e5d4b15d43fb361a71fbb36338450fe67865b528a43dd10ef7c51a20392?s=96&d=mm&r=g\",\"contentUrl\":\"https:\\\/\\\/secure.gravatar.com\\\/avatar\\\/57de8e5d4b15d43fb361a71fbb36338450fe67865b528a43dd10ef7c51a20392?s=96&d=mm&r=g\",\"caption\":\"La Sentinelle\"},\"sameAs\":[\"http:\\\/\\\/www.lasentinelle.dz\"],\"url\":\"https:\\\/\\\/lasentinelle.dz\\\/author\\\/redaction\\\/\"}]}<\/script>\n<!-- \/ Yoast SEO plugin. -->","yoast_head_json":{"title":"Infrastructures de Sant\u00e9\u00a0: Priorit\u00e9s aux cliniques et aux services d\u2019urgence - La Sentinelle","robots":{"index":"index","follow":"follow","max-snippet":"max-snippet:-1","max-image-preview":"max-image-preview:large","max-video-preview":"max-video-preview:-1"},"canonical":"https:\/\/lasentinelle.dz\/index.php\/2022\/04\/06\/infrastructures-de-sante-priorites-aux-cliniques-et-aux-services-durgence\/","og_locale":"fr_FR","og_type":"article","og_title":"Infrastructures de Sant\u00e9\u00a0: Priorit\u00e9s aux cliniques et aux services d\u2019urgence - La Sentinelle","og_description":"Dans l\u2019objectif d\u2019am\u00e9liorer les services de sant\u00e9, le d\u00e9partement d\u2019Abderrahmane Benbouzid a lanc\u00e9 un vaste de programme de r\u00e9alisation et","og_url":"https:\/\/lasentinelle.dz\/index.php\/2022\/04\/06\/infrastructures-de-sante-priorites-aux-cliniques-et-aux-services-durgence\/","og_site_name":"La Sentinelle","article_publisher":"https:\/\/www.facebook.com\/La-Sentinelle-104059864394773","article_published_time":"2022-04-05T23:05:00+00:00","og_image":[{"width":1427,"height":900,"url":"https:\/\/lasentinelle.dz\/wp-content\/uploads\/2022\/04\/Benbouzid.png","type":"image\/png"}],"author":"La Sentinelle","twitter_card":"summary_large_image","twitter_misc":{"\u00c9crit par":"La Sentinelle","Dur\u00e9e de lecture estim\u00e9e":"3 minutes"},"schema":{"@context":"https:\/\/schema.org","@graph":[{"@type":"Article","@id":"https:\/\/lasentinelle.dz\/index.php\/2022\/04\/06\/infrastructures-de-sante-priorites-aux-cliniques-et-aux-services-durgence\/#article","isPartOf":{"@id":"https:\/\/lasentinelle.dz\/index.php\/2022\/04\/06\/infrastructures-de-sante-priorites-aux-cliniques-et-aux-services-durgence\/"},"author":{"name":"La Sentinelle","@id":"https:\/\/lasentinelle.dz\/#\/schema\/person\/d865044e22e70a75174ce8bcad3acfb3"},"headline":"Infrastructures de Sant\u00e9\u00a0: Priorit\u00e9s aux cliniques et aux services d\u2019urgence","datePublished":"2022-04-05T23:05:00+00:00","mainEntityOfPage":{"@id":"https:\/\/lasentinelle.dz\/index.php\/2022\/04\/06\/infrastructures-de-sante-priorites-aux-cliniques-et-aux-services-durgence\/"},"wordCount":591,"commentCount":0,"publisher":{"@id":"https:\/\/lasentinelle.dz\/#organization"},"image":{"@id":"https:\/\/lasentinelle.dz\/index.php\/2022\/04\/06\/infrastructures-de-sante-priorites-aux-cliniques-et-aux-services-durgence\/#primaryimage"},"thumbnailUrl":"https:\/\/lasentinelle.dz\/wp-content\/uploads\/2022\/04\/Benbouzid.png","articleSection":["\u00c0 la Une","Actualit\u00e9"],"inLanguage":"fr-FR","potentialAction":[{"@type":"CommentAction","name":"Comment","target":["https:\/\/lasentinelle.dz\/index.php\/2022\/04\/06\/infrastructures-de-sante-priorites-aux-cliniques-et-aux-services-durgence\/#respond"]}]},{"@type":"WebPage","@id":"https:\/\/lasentinelle.dz\/index.php\/2022\/04\/06\/infrastructures-de-sante-priorites-aux-cliniques-et-aux-services-durgence\/","url":"https:\/\/lasentinelle.dz\/index.php\/2022\/04\/06\/infrastructures-de-sante-priorites-aux-cliniques-et-aux-services-durgence\/","name":"Infrastructures de Sant\u00e9\u00a0: Priorit\u00e9s aux cliniques et aux services d\u2019urgence - La Sentinelle","isPartOf":{"@id":"https:\/\/lasentinelle.dz\/#website"},"primaryImageOfPage":{"@id":"https:\/\/lasentinelle.dz\/index.php\/2022\/04\/06\/infrastructures-de-sante-priorites-aux-cliniques-et-aux-services-durgence\/#primaryimage"},"image":{"@id":"https:\/\/lasentinelle.dz\/index.php\/2022\/04\/06\/infrastructures-de-sante-priorites-aux-cliniques-et-aux-services-durgence\/#primaryimage"},"thumbnailUrl":"https:\/\/lasentinelle.dz\/wp-content\/uploads\/2022\/04\/Benbouzid.png","datePublished":"2022-04-05T23:05:00+00:00","breadcrumb":{"@id":"https:\/\/lasentinelle.dz\/index.php\/2022\/04\/06\/infrastructures-de-sante-priorites-aux-cliniques-et-aux-services-durgence\/#breadcrumb"},"inLanguage":"fr-FR","potentialAction":[{"@type":"ReadAction","target":["https:\/\/lasentinelle.dz\/index.php\/2022\/04\/06\/infrastructures-de-sante-priorites-aux-cliniques-et-aux-services-durgence\/"]}]},{"@type":"ImageObject","inLanguage":"fr-FR","@id":"https:\/\/lasentinelle.dz\/index.php\/2022\/04\/06\/infrastructures-de-sante-priorites-aux-cliniques-et-aux-services-durgence\/#primaryimage","url":"https:\/\/lasentinelle.dz\/wp-content\/uploads\/2022\/04\/Benbouzid.png","contentUrl":"https:\/\/lasentinelle.dz\/wp-content\/uploads\/2022\/04\/Benbouzid.png","width":1427,"height":900},{"@type":"BreadcrumbList","@id":"https:\/\/lasentinelle.dz\/index.php\/2022\/04\/06\/infrastructures-de-sante-priorites-aux-cliniques-et-aux-services-durgence\/#breadcrumb","itemListElement":[{"@type":"ListItem","position":1,"name":"Accueil","item":"https:\/\/lasentinelle.dz\/"},{"@type":"ListItem","position":2,"name":"Infrastructures de Sant\u00e9\u00a0: Priorit\u00e9s aux cliniques et aux services d\u2019urgence"}]},{"@type":"WebSite","@id":"https:\/\/lasentinelle.dz\/#website","url":"https:\/\/lasentinelle.dz\/","name":"La Sentinelle","description":"Quotidien national d&#039;information","publisher":{"@id":"https:\/\/lasentinelle.dz\/#organization"},"potentialAction":[{"@type":"SearchAction","target":{"@type":"EntryPoint","urlTemplate":"https:\/\/lasentinelle.dz\/?s={search_term_string}"},"query-input":{"@type":"PropertyValueSpecification","valueRequired":true,"valueName":"search_term_string"}}],"inLanguage":"fr-FR"},{"@type":"Organization","@id":"https:\/\/lasentinelle.dz\/#organization","name":"Quotidien La Sentinelle","url":"https:\/\/lasentinelle.dz\/","logo":{"@type":"ImageObject","inLanguage":"fr-FR","@id":"https:\/\/lasentinelle.dz\/#\/schema\/logo\/image\/","url":"https:\/\/lasentinelle.dz\/wp-content\/uploads\/2021\/09\/logo-sentinelleSLOGAN-1.png","contentUrl":"https:\/\/lasentinelle.dz\/wp-content\/uploads\/2021\/09\/logo-sentinelleSLOGAN-1.png","width":615,"height":142,"caption":"Quotidien La Sentinelle"},"image":{"@id":"https:\/\/lasentinelle.dz\/#\/schema\/logo\/image\/"},"sameAs":["https:\/\/www.facebook.com\/La-Sentinelle-104059864394773"]},{"@type":"Person","@id":"https:\/\/lasentinelle.dz\/#\/schema\/person\/d865044e22e70a75174ce8bcad3acfb3","name":"La Sentinelle","image":{"@type":"ImageObject","inLanguage":"fr-FR","@id":"https:\/\/secure.gravatar.com\/avatar\/57de8e5d4b15d43fb361a71fbb36338450fe67865b528a43dd10ef7c51a20392?s=96&d=mm&r=g","url":"https:\/\/secure.gravatar.com\/avatar\/57de8e5d4b15d43fb361a71fbb36338450fe67865b528a43dd10ef7c51a20392?s=96&d=mm&r=g","contentUrl":"https:\/\/secure.gravatar.com\/avatar\/57de8e5d4b15d43fb361a71fbb36338450fe67865b528a43dd10ef7c51a20392?s=96&d=mm&r=g","caption":"La Sentinelle"},"sameAs":["http:\/\/www.lasentinelle.dz"],"url":"https:\/\/lasentinelle.dz\/author\/redaction\/"}]}},"_links":{"self":[{"href":"https:\/\/lasentinelle.dz\/index.php\/wp-json\/wp\/v2\/posts\/19462","targetHints":{"allow":["GET"]}}],"collection":[{"href":"https:\/\/lasentinelle.dz\/index.php\/wp-json\/wp\/v2\/posts"}],"about":[{"href":"https:\/\/lasentinelle.dz\/index.php\/wp-json\/wp\/v2\/types\/post"}],"author":[{"embeddable":true,"href":"https:\/\/lasentinelle.dz\/index.php\/wp-json\/wp\/v2\/users\/3"}],"replies":[{"embeddable":true,"href":"https:\/\/lasentinelle.dz\/index.php\/wp-json\/wp\/v2\/comments?post=19462"}],"version-history":[{"count":1,"href":"https:\/\/lasentinelle.dz\/index.php\/wp-json\/wp\/v2\/posts\/19462\/revisions"}],"predecessor-version":[{"id":19467,"href":"https:\/\/lasentinelle.dz\/index.php\/wp-json\/wp\/v2\/posts\/19462\/revisions\/19467"}],"wp:featuredmedia":[{"embeddable":true,"href":"https:\/\/lasentinelle.dz\/index.php\/wp-json\/wp\/v2\/media\/19465"}],"wp:attachment":[{"href":"https:\/\/lasentinelle.dz\/index.php\/wp-json\/wp\/v2\/media?parent=19462"}],"wp:term":[{"taxonomy":"category","embeddable":true,"href":"https:\/\/lasentinelle.dz\/index.php\/wp-json\/wp\/v2\/categories?post=19462"},{"taxonomy":"post_tag","embeddable":true,"href":"https:\/\/lasentinelle.dz\/index.php\/wp-json\/wp\/v2\/tags?post=19462"}],"curies":[{"name":"wp","href":"https:\/\/api.w.org\/{rel}","templated":true}]}}