{"id":19469,"date":"2022-04-06T00:01:00","date_gmt":"2022-04-05T23:01:00","guid":{"rendered":"https:\/\/lasentinelle.dz\/?p=19469"},"modified":"2022-04-05T19:10:45","modified_gmt":"2022-04-05T18:10:45","slug":"lamamra-conduit-le-groupe-de-contact-arabe-aucune-alternative-nest-envisageable-a-la-solution-politique-a-la-crise","status":"publish","type":"post","link":"https:\/\/lasentinelle.dz\/index.php\/2022\/04\/06\/lamamra-conduit-le-groupe-de-contact-arabe-aucune-alternative-nest-envisageable-a-la-solution-politique-a-la-crise\/","title":{"rendered":"Lamamra\u00a0conduit le Groupe de contact arabe\u00a0: \u00ab\u00a0Aucune alternative n&rsquo;est envisageable \u00e0 la solution politique \u00e0 la crise\u00a0\u00bb"},"content":{"rendered":"\n<p>Le Groupe de contact arabe, conduit par le ministre des Affaires \u00e9trang\u00e8res et de la Communaut\u00e9 nationale \u00e0 l&rsquo;\u00e9tranger, Ramtane Lamamra \u00e0 Varsovie (Pologne) s&rsquo;est entretenu,&nbsp;hier, avec le ministre ukrainien des Affaires \u00e9trang\u00e8res, Dmytro Kuleba dans le cadre des efforts visant le r\u00e8glement du conflit en Ukraine.&nbsp;Dans sa deuxi\u00e8me halte apr\u00e8s Moscou, le Groupe de contact arabe charg\u00e9 du conflit en Ukraine, pr\u00e9sid\u00e9 par Ramtane Lamamra et compos\u00e9 des ministres des Affaires \u00e9trang\u00e8res de Jordanie, d&rsquo;Irak, du Soudan, d&rsquo;Egypte et du Secr\u00e9taire g\u00e9n\u00e9ral de la Ligue arabe, est arriv\u00e9 \u00e0 Varsovie (Pologne) o\u00f9 il a tenu une r\u00e9union avec le ministre ukrainien des Affaires \u00e9trang\u00e8res, Dmytro Kuleba dans le cadre des efforts visant \u00e0 contribuer au r\u00e8glement de la crise, a indiqu\u00e9 un communiqu\u00e9 du minist\u00e8re des Affaires \u00e9trang\u00e8res et de la Communaut\u00e9 nationale \u00e0 l&rsquo;\u00e9tranger.<\/p>\n\n\n\n<p>\u00ab Les parties arabe et ukrainienne ont eu des entretiens \u00e9largies sur les perspectives de r\u00e8glement de la crise et d&rsquo;att\u00e9nuation de ses r\u00e9percussions s\u00e9curitaires, politiques, humanitaires et \u00e9conomiques \u00bb, ajoute-t-on de m\u00eame source.&nbsp;Exprimant son \u00ab inqui\u00e9tude quant aux retomb\u00e9es de cette crise et la dangerosit\u00e9 de sa poursuite \u00bb, la d\u00e9l\u00e9gation arabe a dit \u00ab appuyer le processus de n\u00e9gociations directes entre les parties ukrainienne et russe. \u00bb La d\u00e9l\u00e9gation arabe a affich\u00e9 sa disposition \u00ab \u00e0 d\u00e9ployer les efforts n\u00e9cessaires en appui \u00e0 ce processus en vue de parvenir \u00e0 l&rsquo;arr\u00eat des op\u00e9rations militaires en pr\u00e9vision d&rsquo;une solution politique durable \u00e0 la crise bas\u00e9e sur la l\u00e9galit\u00e9 internationale, la charte de l&rsquo;ONU et les principes de bon voisinage, de la souverainet\u00e9 et de l&rsquo;int\u00e9grit\u00e9 territoriale des pays de mani\u00e8re \u00e0 garantir les int\u00e9r\u00eats l\u00e9gitimes de toutes les parties. \u00bb<\/p>\n\n\n\n<p>A l&rsquo;issue de la r\u00e9union, M. Lamamra a anim\u00e9 une conf\u00e9rence de presse avec son homologue ukrainien durant laquelle il a affirm\u00e9 que \u00ab les rencontres avec les parties russe et ukrainienne ont permis au groupe de contact arabe de mieux cerner le d\u00e9veloppement de la situation et de connaitre les positions des deux parties au conflit \u00bb. \u00ab Ces rencontres ont permis de renforcer la conviction qu&rsquo;aucune alternative n&rsquo;est envisageable \u00e0 la solution politique \u00e0 la crise \u00bb, a ajout\u00e9 le chef de la diplomatie alg\u00e9rienne. Intervenant lors de cette conf\u00e9rence, M. Kuleba a pr\u00e9sent\u00e9 ses \u00ab sinc\u00e8res condol\u00e9ances \u00bb \u00e0 l&rsquo;Alg\u00e9rie, particuli\u00e8rement \u00e0 la famille de l&rsquo;\u00e9tudiant alg\u00e9rien, Talbi Mohamed Abd El Monaim d\u00e9c\u00e9d\u00e9 en Ukraine au d\u00e9but du conflit.Le chef de la diplomatie ukrainienne a remerci\u00e9 son homologue alg\u00e9rien pour \u00ab les efforts consentis dans le cadre du groupe de contact arabe visant le r\u00e8glement de la crise \u00bb, formant le v\u0153u de voir la guerre \u00ab s&rsquo;achever rapidement pour permettre aux \u00e9tudiants alg\u00e9riens de retourner aux bancs des universit\u00e9s ukrainiennes dans les meilleures conditions. \u00bb<\/p>\n\n\n\n<p>Ramtane Lamamra a \u00e9galement eu des entretiens avec son homologue polonais, Zbigniew Rau et au cours desquels les deux parties ont mis en avant la n\u00e9cessit\u00e9 de renforcer et d&rsquo;\u00e9largir les relations bilat\u00e9rales unissant les deux pays \u00e0 divers domaines. Selon un communiqu\u00e9 du minist\u00e8re des Affaires \u00e9trang\u00e8res, les deux ministres ont pass\u00e9 en revue \u00ab\u00a0l&rsquo;\u00e9tat des relations bilat\u00e9rales unissant l&rsquo;Alg\u00e9rie et la Pologne\u00a0\u00bb, soulignant la n\u00e9cessit\u00e9 de les renforcer et \u00e9largir \u00e0 divers domaines\u00a0\u00bb, ajoute la m\u00eame source. Lors de cette rencontre, les deux ministres \u00ab\u00a0ont convenu d&rsquo;\u00e9changer des visites bilat\u00e9rales et d&rsquo;intensifier les contacts et les concertations autour des questions r\u00e9gionales et internationales d&rsquo;int\u00e9r\u00eat commun\u00a0\u00bb. Enfin, M. Lamamra a saisi cette occasion pour renouveler \u00ab\u00a0les remerciements de l&rsquo;Alg\u00e9rie \u00e0 la Pologne pour les efforts d\u00e9ploy\u00e9s par les autorit\u00e9s de ce pays en vue de faciliter le rapatriement des ressortissants alg\u00e9riens d&rsquo;Ukraine\u00a0\u00bb.<\/p>\n\n\n\n<p><strong>R.N.<\/strong><\/p>\n","protected":false},"excerpt":{"rendered":"<p>Le Groupe de contact arabe, conduit par le ministre des Affaires \u00e9trang\u00e8res et de la Communaut\u00e9 nationale \u00e0 l&rsquo;\u00e9tranger, Ramtane<\/p>\n","protected":false},"author":3,"featured_media":19477,"comment_status":"open","ping_status":"closed","sticky":false,"template":"","format":"standard","meta":{"colormag_page_container_layout":"default_layout","colormag_page_sidebar_layout":"default_layout","om_disable_all_campaigns":false,"_monsterinsights_skip_tracking":false,"_monsterinsights_sitenote_active":false,"_monsterinsights_sitenote_note":"","_monsterinsights_sitenote_category":0,"footnotes":"","_wpscppro_dont_share_socialmedia":false,"_wpscppro_custom_social_share_image":0,"_facebook_share_type":"","_twitter_share_type":"","_linkedin_share_type":"","_pinterest_share_type":"","_linkedin_share_type_page":"","_instagram_share_type":"","_medium_share_type":"","_threads_share_type":"","_google_business_share_type":"","_selected_social_profile":[],"_wpsp_enable_custom_social_template":false,"_wpsp_social_scheduling":{"enabled":false,"datetime":null,"platforms":[],"status":"template_only","dateOption":"today","timeOption":"now","customDays":"","customHours":"","customDate":"","customTime":"","schedulingType":"absolute"},"_wpsp_active_default_template":true},"categories":[27],"tags":[],"class_list":["post-19469","post","type-post","status-publish","format-standard","has-post-thumbnail","hentry","category-actualite"],"aioseo_notices":[],"yoast_head":"<!-- This site is optimized with the Yoast SEO plugin v27.5 - https:\/\/yoast.com\/product\/yoast-seo-wordpress\/ -->\n<title>Lamamra\u00a0conduit le Groupe de contact arabe\u00a0: \u00ab\u00a0Aucune alternative n&#039;est envisageable \u00e0 la solution politique \u00e0 la crise\u00a0\u00bb - La Sentinelle<\/title>\n<meta name=\"robots\" content=\"index, follow, max-snippet:-1, max-image-preview:large, max-video-preview:-1\" \/>\n<link rel=\"canonical\" href=\"https:\/\/lasentinelle.dz\/index.php\/2022\/04\/06\/lamamra-conduit-le-groupe-de-contact-arabe-aucune-alternative-nest-envisageable-a-la-solution-politique-a-la-crise\/\" \/>\n<meta property=\"og:locale\" content=\"fr_FR\" \/>\n<meta property=\"og:type\" content=\"article\" \/>\n<meta property=\"og:title\" content=\"Lamamra\u00a0conduit le Groupe de contact arabe\u00a0: \u00ab\u00a0Aucune alternative n&#039;est envisageable \u00e0 la solution politique \u00e0 la crise\u00a0\u00bb - La Sentinelle\" \/>\n<meta property=\"og:description\" content=\"Le Groupe de contact arabe, conduit par le ministre des Affaires \u00e9trang\u00e8res et de la Communaut\u00e9 nationale \u00e0 l&rsquo;\u00e9tranger, Ramtane\" \/>\n<meta property=\"og:url\" content=\"https:\/\/lasentinelle.dz\/index.php\/2022\/04\/06\/lamamra-conduit-le-groupe-de-contact-arabe-aucune-alternative-nest-envisageable-a-la-solution-politique-a-la-crise\/\" \/>\n<meta property=\"og:site_name\" content=\"La Sentinelle\" \/>\n<meta property=\"article:publisher\" content=\"https:\/\/www.facebook.com\/La-Sentinelle-104059864394773\" \/>\n<meta property=\"article:published_time\" content=\"2022-04-05T23:01:00+00:00\" \/>\n<meta property=\"og:image\" content=\"https:\/\/lasentinelle.dz\/wp-content\/uploads\/2022\/04\/lammamra-1.png\" \/>\n\t<meta property=\"og:image:width\" content=\"1491\" \/>\n\t<meta property=\"og:image:height\" content=\"900\" \/>\n\t<meta property=\"og:image:type\" content=\"image\/png\" \/>\n<meta name=\"author\" content=\"La Sentinelle\" \/>\n<meta name=\"twitter:card\" content=\"summary_large_image\" \/>\n<meta name=\"twitter:label1\" content=\"\u00c9crit par\" \/>\n\t<meta name=\"twitter:data1\" content=\"La Sentinelle\" \/>\n\t<meta name=\"twitter:label2\" content=\"Dur\u00e9e de lecture estim\u00e9e\" \/>\n\t<meta name=\"twitter:data2\" content=\"3 minutes\" \/>\n<script type=\"application\/ld+json\" class=\"yoast-schema-graph\">{\"@context\":\"https:\\\/\\\/schema.org\",\"@graph\":[{\"@type\":\"Article\",\"@id\":\"https:\\\/\\\/lasentinelle.dz\\\/index.php\\\/2022\\\/04\\\/06\\\/lamamra-conduit-le-groupe-de-contact-arabe-aucune-alternative-nest-envisageable-a-la-solution-politique-a-la-crise\\\/#article\",\"isPartOf\":{\"@id\":\"https:\\\/\\\/lasentinelle.dz\\\/index.php\\\/2022\\\/04\\\/06\\\/lamamra-conduit-le-groupe-de-contact-arabe-aucune-alternative-nest-envisageable-a-la-solution-politique-a-la-crise\\\/\"},\"author\":{\"name\":\"La Sentinelle\",\"@id\":\"https:\\\/\\\/lasentinelle.dz\\\/#\\\/schema\\\/person\\\/d865044e22e70a75174ce8bcad3acfb3\"},\"headline\":\"Lamamra\u00a0conduit le Groupe de contact arabe\u00a0: \u00ab\u00a0Aucune alternative n&rsquo;est envisageable \u00e0 la solution politique \u00e0 la crise\u00a0\u00bb\",\"datePublished\":\"2022-04-05T23:01:00+00:00\",\"mainEntityOfPage\":{\"@id\":\"https:\\\/\\\/lasentinelle.dz\\\/index.php\\\/2022\\\/04\\\/06\\\/lamamra-conduit-le-groupe-de-contact-arabe-aucune-alternative-nest-envisageable-a-la-solution-politique-a-la-crise\\\/\"},\"wordCount\":689,\"commentCount\":0,\"publisher\":{\"@id\":\"https:\\\/\\\/lasentinelle.dz\\\/#organization\"},\"image\":{\"@id\":\"https:\\\/\\\/lasentinelle.dz\\\/index.php\\\/2022\\\/04\\\/06\\\/lamamra-conduit-le-groupe-de-contact-arabe-aucune-alternative-nest-envisageable-a-la-solution-politique-a-la-crise\\\/#primaryimage\"},\"thumbnailUrl\":\"https:\\\/\\\/lasentinelle.dz\\\/wp-content\\\/uploads\\\/2022\\\/04\\\/lammamra-1.png\",\"articleSection\":[\"Actualit\u00e9\"],\"inLanguage\":\"fr-FR\",\"potentialAction\":[{\"@type\":\"CommentAction\",\"name\":\"Comment\",\"target\":[\"https:\\\/\\\/lasentinelle.dz\\\/index.php\\\/2022\\\/04\\\/06\\\/lamamra-conduit-le-groupe-de-contact-arabe-aucune-alternative-nest-envisageable-a-la-solution-politique-a-la-crise\\\/#respond\"]}]},{\"@type\":\"WebPage\",\"@id\":\"https:\\\/\\\/lasentinelle.dz\\\/index.php\\\/2022\\\/04\\\/06\\\/lamamra-conduit-le-groupe-de-contact-arabe-aucune-alternative-nest-envisageable-a-la-solution-politique-a-la-crise\\\/\",\"url\":\"https:\\\/\\\/lasentinelle.dz\\\/index.php\\\/2022\\\/04\\\/06\\\/lamamra-conduit-le-groupe-de-contact-arabe-aucune-alternative-nest-envisageable-a-la-solution-politique-a-la-crise\\\/\",\"name\":\"Lamamra\u00a0conduit le Groupe de contact arabe\u00a0: \u00ab\u00a0Aucune alternative n'est envisageable \u00e0 la solution politique \u00e0 la crise\u00a0\u00bb - La Sentinelle\",\"isPartOf\":{\"@id\":\"https:\\\/\\\/lasentinelle.dz\\\/#website\"},\"primaryImageOfPage\":{\"@id\":\"https:\\\/\\\/lasentinelle.dz\\\/index.php\\\/2022\\\/04\\\/06\\\/lamamra-conduit-le-groupe-de-contact-arabe-aucune-alternative-nest-envisageable-a-la-solution-politique-a-la-crise\\\/#primaryimage\"},\"image\":{\"@id\":\"https:\\\/\\\/lasentinelle.dz\\\/index.php\\\/2022\\\/04\\\/06\\\/lamamra-conduit-le-groupe-de-contact-arabe-aucune-alternative-nest-envisageable-a-la-solution-politique-a-la-crise\\\/#primaryimage\"},\"thumbnailUrl\":\"https:\\\/\\\/lasentinelle.dz\\\/wp-content\\\/uploads\\\/2022\\\/04\\\/lammamra-1.png\",\"datePublished\":\"2022-04-05T23:01:00+00:00\",\"breadcrumb\":{\"@id\":\"https:\\\/\\\/lasentinelle.dz\\\/index.php\\\/2022\\\/04\\\/06\\\/lamamra-conduit-le-groupe-de-contact-arabe-aucune-alternative-nest-envisageable-a-la-solution-politique-a-la-crise\\\/#breadcrumb\"},\"inLanguage\":\"fr-FR\",\"potentialAction\":[{\"@type\":\"ReadAction\",\"target\":[\"https:\\\/\\\/lasentinelle.dz\\\/index.php\\\/2022\\\/04\\\/06\\\/lamamra-conduit-le-groupe-de-contact-arabe-aucune-alternative-nest-envisageable-a-la-solution-politique-a-la-crise\\\/\"]}]},{\"@type\":\"ImageObject\",\"inLanguage\":\"fr-FR\",\"@id\":\"https:\\\/\\\/lasentinelle.dz\\\/index.php\\\/2022\\\/04\\\/06\\\/lamamra-conduit-le-groupe-de-contact-arabe-aucune-alternative-nest-envisageable-a-la-solution-politique-a-la-crise\\\/#primaryimage\",\"url\":\"https:\\\/\\\/lasentinelle.dz\\\/wp-content\\\/uploads\\\/2022\\\/04\\\/lammamra-1.png\",\"contentUrl\":\"https:\\\/\\\/lasentinelle.dz\\\/wp-content\\\/uploads\\\/2022\\\/04\\\/lammamra-1.png\",\"width\":1491,\"height\":900},{\"@type\":\"BreadcrumbList\",\"@id\":\"https:\\\/\\\/lasentinelle.dz\\\/index.php\\\/2022\\\/04\\\/06\\\/lamamra-conduit-le-groupe-de-contact-arabe-aucune-alternative-nest-envisageable-a-la-solution-politique-a-la-crise\\\/#breadcrumb\",\"itemListElement\":[{\"@type\":\"ListItem\",\"position\":1,\"name\":\"Accueil\",\"item\":\"https:\\\/\\\/lasentinelle.dz\\\/\"},{\"@type\":\"ListItem\",\"position\":2,\"name\":\"Lamamra\u00a0conduit le Groupe de contact arabe\u00a0: \u00ab\u00a0Aucune alternative n&rsquo;est envisageable \u00e0 la solution politique \u00e0 la crise\u00a0\u00bb\"}]},{\"@type\":\"WebSite\",\"@id\":\"https:\\\/\\\/lasentinelle.dz\\\/#website\",\"url\":\"https:\\\/\\\/lasentinelle.dz\\\/\",\"name\":\"La Sentinelle\",\"description\":\"Quotidien national d&#039;information\",\"publisher\":{\"@id\":\"https:\\\/\\\/lasentinelle.dz\\\/#organization\"},\"potentialAction\":[{\"@type\":\"SearchAction\",\"target\":{\"@type\":\"EntryPoint\",\"urlTemplate\":\"https:\\\/\\\/lasentinelle.dz\\\/?s={search_term_string}\"},\"query-input\":{\"@type\":\"PropertyValueSpecification\",\"valueRequired\":true,\"valueName\":\"search_term_string\"}}],\"inLanguage\":\"fr-FR\"},{\"@type\":\"Organization\",\"@id\":\"https:\\\/\\\/lasentinelle.dz\\\/#organization\",\"name\":\"Quotidien La Sentinelle\",\"url\":\"https:\\\/\\\/lasentinelle.dz\\\/\",\"logo\":{\"@type\":\"ImageObject\",\"inLanguage\":\"fr-FR\",\"@id\":\"https:\\\/\\\/lasentinelle.dz\\\/#\\\/schema\\\/logo\\\/image\\\/\",\"url\":\"https:\\\/\\\/lasentinelle.dz\\\/wp-content\\\/uploads\\\/2021\\\/09\\\/logo-sentinelleSLOGAN-1.png\",\"contentUrl\":\"https:\\\/\\\/lasentinelle.dz\\\/wp-content\\\/uploads\\\/2021\\\/09\\\/logo-sentinelleSLOGAN-1.png\",\"width\":615,\"height\":142,\"caption\":\"Quotidien La Sentinelle\"},\"image\":{\"@id\":\"https:\\\/\\\/lasentinelle.dz\\\/#\\\/schema\\\/logo\\\/image\\\/\"},\"sameAs\":[\"https:\\\/\\\/www.facebook.com\\\/La-Sentinelle-104059864394773\"]},{\"@type\":\"Person\",\"@id\":\"https:\\\/\\\/lasentinelle.dz\\\/#\\\/schema\\\/person\\\/d865044e22e70a75174ce8bcad3acfb3\",\"name\":\"La Sentinelle\",\"image\":{\"@type\":\"ImageObject\",\"inLanguage\":\"fr-FR\",\"@id\":\"https:\\\/\\\/secure.gravatar.com\\\/avatar\\\/57de8e5d4b15d43fb361a71fbb36338450fe67865b528a43dd10ef7c51a20392?s=96&d=mm&r=g\",\"url\":\"https:\\\/\\\/secure.gravatar.com\\\/avatar\\\/57de8e5d4b15d43fb361a71fbb36338450fe67865b528a43dd10ef7c51a20392?s=96&d=mm&r=g\",\"contentUrl\":\"https:\\\/\\\/secure.gravatar.com\\\/avatar\\\/57de8e5d4b15d43fb361a71fbb36338450fe67865b528a43dd10ef7c51a20392?s=96&d=mm&r=g\",\"caption\":\"La Sentinelle\"},\"sameAs\":[\"http:\\\/\\\/www.lasentinelle.dz\"],\"url\":\"https:\\\/\\\/lasentinelle.dz\\\/author\\\/redaction\\\/\"}]}<\/script>\n<!-- \/ Yoast SEO plugin. -->","yoast_head_json":{"title":"Lamamra\u00a0conduit le Groupe de contact arabe\u00a0: \u00ab\u00a0Aucune alternative n'est envisageable \u00e0 la solution politique \u00e0 la crise\u00a0\u00bb - La Sentinelle","robots":{"index":"index","follow":"follow","max-snippet":"max-snippet:-1","max-image-preview":"max-image-preview:large","max-video-preview":"max-video-preview:-1"},"canonical":"https:\/\/lasentinelle.dz\/index.php\/2022\/04\/06\/lamamra-conduit-le-groupe-de-contact-arabe-aucune-alternative-nest-envisageable-a-la-solution-politique-a-la-crise\/","og_locale":"fr_FR","og_type":"article","og_title":"Lamamra\u00a0conduit le Groupe de contact arabe\u00a0: \u00ab\u00a0Aucune alternative n'est envisageable \u00e0 la solution politique \u00e0 la crise\u00a0\u00bb - La Sentinelle","og_description":"Le Groupe de contact arabe, conduit par le ministre des Affaires \u00e9trang\u00e8res et de la Communaut\u00e9 nationale \u00e0 l&rsquo;\u00e9tranger, Ramtane","og_url":"https:\/\/lasentinelle.dz\/index.php\/2022\/04\/06\/lamamra-conduit-le-groupe-de-contact-arabe-aucune-alternative-nest-envisageable-a-la-solution-politique-a-la-crise\/","og_site_name":"La Sentinelle","article_publisher":"https:\/\/www.facebook.com\/La-Sentinelle-104059864394773","article_published_time":"2022-04-05T23:01:00+00:00","og_image":[{"width":1491,"height":900,"url":"https:\/\/lasentinelle.dz\/wp-content\/uploads\/2022\/04\/lammamra-1.png","type":"image\/png"}],"author":"La Sentinelle","twitter_card":"summary_large_image","twitter_misc":{"\u00c9crit par":"La Sentinelle","Dur\u00e9e de lecture estim\u00e9e":"3 minutes"},"schema":{"@context":"https:\/\/schema.org","@graph":[{"@type":"Article","@id":"https:\/\/lasentinelle.dz\/index.php\/2022\/04\/06\/lamamra-conduit-le-groupe-de-contact-arabe-aucune-alternative-nest-envisageable-a-la-solution-politique-a-la-crise\/#article","isPartOf":{"@id":"https:\/\/lasentinelle.dz\/index.php\/2022\/04\/06\/lamamra-conduit-le-groupe-de-contact-arabe-aucune-alternative-nest-envisageable-a-la-solution-politique-a-la-crise\/"},"author":{"name":"La Sentinelle","@id":"https:\/\/lasentinelle.dz\/#\/schema\/person\/d865044e22e70a75174ce8bcad3acfb3"},"headline":"Lamamra\u00a0conduit le Groupe de contact arabe\u00a0: \u00ab\u00a0Aucune alternative n&rsquo;est envisageable \u00e0 la solution politique \u00e0 la crise\u00a0\u00bb","datePublished":"2022-04-05T23:01:00+00:00","mainEntityOfPage":{"@id":"https:\/\/lasentinelle.dz\/index.php\/2022\/04\/06\/lamamra-conduit-le-groupe-de-contact-arabe-aucune-alternative-nest-envisageable-a-la-solution-politique-a-la-crise\/"},"wordCount":689,"commentCount":0,"publisher":{"@id":"https:\/\/lasentinelle.dz\/#organization"},"image":{"@id":"https:\/\/lasentinelle.dz\/index.php\/2022\/04\/06\/lamamra-conduit-le-groupe-de-contact-arabe-aucune-alternative-nest-envisageable-a-la-solution-politique-a-la-crise\/#primaryimage"},"thumbnailUrl":"https:\/\/lasentinelle.dz\/wp-content\/uploads\/2022\/04\/lammamra-1.png","articleSection":["Actualit\u00e9"],"inLanguage":"fr-FR","potentialAction":[{"@type":"CommentAction","name":"Comment","target":["https:\/\/lasentinelle.dz\/index.php\/2022\/04\/06\/lamamra-conduit-le-groupe-de-contact-arabe-aucune-alternative-nest-envisageable-a-la-solution-politique-a-la-crise\/#respond"]}]},{"@type":"WebPage","@id":"https:\/\/lasentinelle.dz\/index.php\/2022\/04\/06\/lamamra-conduit-le-groupe-de-contact-arabe-aucune-alternative-nest-envisageable-a-la-solution-politique-a-la-crise\/","url":"https:\/\/lasentinelle.dz\/index.php\/2022\/04\/06\/lamamra-conduit-le-groupe-de-contact-arabe-aucune-alternative-nest-envisageable-a-la-solution-politique-a-la-crise\/","name":"Lamamra\u00a0conduit le Groupe de contact arabe\u00a0: \u00ab\u00a0Aucune alternative n'est envisageable \u00e0 la solution politique \u00e0 la crise\u00a0\u00bb - La Sentinelle","isPartOf":{"@id":"https:\/\/lasentinelle.dz\/#website"},"primaryImageOfPage":{"@id":"https:\/\/lasentinelle.dz\/index.php\/2022\/04\/06\/lamamra-conduit-le-groupe-de-contact-arabe-aucune-alternative-nest-envisageable-a-la-solution-politique-a-la-crise\/#primaryimage"},"image":{"@id":"https:\/\/lasentinelle.dz\/index.php\/2022\/04\/06\/lamamra-conduit-le-groupe-de-contact-arabe-aucune-alternative-nest-envisageable-a-la-solution-politique-a-la-crise\/#primaryimage"},"thumbnailUrl":"https:\/\/lasentinelle.dz\/wp-content\/uploads\/2022\/04\/lammamra-1.png","datePublished":"2022-04-05T23:01:00+00:00","breadcrumb":{"@id":"https:\/\/lasentinelle.dz\/index.php\/2022\/04\/06\/lamamra-conduit-le-groupe-de-contact-arabe-aucune-alternative-nest-envisageable-a-la-solution-politique-a-la-crise\/#breadcrumb"},"inLanguage":"fr-FR","potentialAction":[{"@type":"ReadAction","target":["https:\/\/lasentinelle.dz\/index.php\/2022\/04\/06\/lamamra-conduit-le-groupe-de-contact-arabe-aucune-alternative-nest-envisageable-a-la-solution-politique-a-la-crise\/"]}]},{"@type":"ImageObject","inLanguage":"fr-FR","@id":"https:\/\/lasentinelle.dz\/index.php\/2022\/04\/06\/lamamra-conduit-le-groupe-de-contact-arabe-aucune-alternative-nest-envisageable-a-la-solution-politique-a-la-crise\/#primaryimage","url":"https:\/\/lasentinelle.dz\/wp-content\/uploads\/2022\/04\/lammamra-1.png","contentUrl":"https:\/\/lasentinelle.dz\/wp-content\/uploads\/2022\/04\/lammamra-1.png","width":1491,"height":900},{"@type":"BreadcrumbList","@id":"https:\/\/lasentinelle.dz\/index.php\/2022\/04\/06\/lamamra-conduit-le-groupe-de-contact-arabe-aucune-alternative-nest-envisageable-a-la-solution-politique-a-la-crise\/#breadcrumb","itemListElement":[{"@type":"ListItem","position":1,"name":"Accueil","item":"https:\/\/lasentinelle.dz\/"},{"@type":"ListItem","position":2,"name":"Lamamra\u00a0conduit le Groupe de contact arabe\u00a0: \u00ab\u00a0Aucune alternative n&rsquo;est envisageable \u00e0 la solution politique \u00e0 la crise\u00a0\u00bb"}]},{"@type":"WebSite","@id":"https:\/\/lasentinelle.dz\/#website","url":"https:\/\/lasentinelle.dz\/","name":"La Sentinelle","description":"Quotidien national d&#039;information","publisher":{"@id":"https:\/\/lasentinelle.dz\/#organization"},"potentialAction":[{"@type":"SearchAction","target":{"@type":"EntryPoint","urlTemplate":"https:\/\/lasentinelle.dz\/?s={search_term_string}"},"query-input":{"@type":"PropertyValueSpecification","valueRequired":true,"valueName":"search_term_string"}}],"inLanguage":"fr-FR"},{"@type":"Organization","@id":"https:\/\/lasentinelle.dz\/#organization","name":"Quotidien La Sentinelle","url":"https:\/\/lasentinelle.dz\/","logo":{"@type":"ImageObject","inLanguage":"fr-FR","@id":"https:\/\/lasentinelle.dz\/#\/schema\/logo\/image\/","url":"https:\/\/lasentinelle.dz\/wp-content\/uploads\/2021\/09\/logo-sentinelleSLOGAN-1.png","contentUrl":"https:\/\/lasentinelle.dz\/wp-content\/uploads\/2021\/09\/logo-sentinelleSLOGAN-1.png","width":615,"height":142,"caption":"Quotidien La Sentinelle"},"image":{"@id":"https:\/\/lasentinelle.dz\/#\/schema\/logo\/image\/"},"sameAs":["https:\/\/www.facebook.com\/La-Sentinelle-104059864394773"]},{"@type":"Person","@id":"https:\/\/lasentinelle.dz\/#\/schema\/person\/d865044e22e70a75174ce8bcad3acfb3","name":"La Sentinelle","image":{"@type":"ImageObject","inLanguage":"fr-FR","@id":"https:\/\/secure.gravatar.com\/avatar\/57de8e5d4b15d43fb361a71fbb36338450fe67865b528a43dd10ef7c51a20392?s=96&d=mm&r=g","url":"https:\/\/secure.gravatar.com\/avatar\/57de8e5d4b15d43fb361a71fbb36338450fe67865b528a43dd10ef7c51a20392?s=96&d=mm&r=g","contentUrl":"https:\/\/secure.gravatar.com\/avatar\/57de8e5d4b15d43fb361a71fbb36338450fe67865b528a43dd10ef7c51a20392?s=96&d=mm&r=g","caption":"La Sentinelle"},"sameAs":["http:\/\/www.lasentinelle.dz"],"url":"https:\/\/lasentinelle.dz\/author\/redaction\/"}]}},"_links":{"self":[{"href":"https:\/\/lasentinelle.dz\/index.php\/wp-json\/wp\/v2\/posts\/19469","targetHints":{"allow":["GET"]}}],"collection":[{"href":"https:\/\/lasentinelle.dz\/index.php\/wp-json\/wp\/v2\/posts"}],"about":[{"href":"https:\/\/lasentinelle.dz\/index.php\/wp-json\/wp\/v2\/types\/post"}],"author":[{"embeddable":true,"href":"https:\/\/lasentinelle.dz\/index.php\/wp-json\/wp\/v2\/users\/3"}],"replies":[{"embeddable":true,"href":"https:\/\/lasentinelle.dz\/index.php\/wp-json\/wp\/v2\/comments?post=19469"}],"version-history":[{"count":1,"href":"https:\/\/lasentinelle.dz\/index.php\/wp-json\/wp\/v2\/posts\/19469\/revisions"}],"predecessor-version":[{"id":19478,"href":"https:\/\/lasentinelle.dz\/index.php\/wp-json\/wp\/v2\/posts\/19469\/revisions\/19478"}],"wp:featuredmedia":[{"embeddable":true,"href":"https:\/\/lasentinelle.dz\/index.php\/wp-json\/wp\/v2\/media\/19477"}],"wp:attachment":[{"href":"https:\/\/lasentinelle.dz\/index.php\/wp-json\/wp\/v2\/media?parent=19469"}],"wp:term":[{"taxonomy":"category","embeddable":true,"href":"https:\/\/lasentinelle.dz\/index.php\/wp-json\/wp\/v2\/categories?post=19469"},{"taxonomy":"post_tag","embeddable":true,"href":"https:\/\/lasentinelle.dz\/index.php\/wp-json\/wp\/v2\/tags?post=19469"}],"curies":[{"name":"wp","href":"https:\/\/api.w.org\/{rel}","templated":true}]}}