{"id":19492,"date":"2022-04-07T00:05:00","date_gmt":"2022-04-06T23:05:00","guid":{"rendered":"https:\/\/lasentinelle.dz\/?p=19492"},"modified":"2022-04-06T16:15:41","modified_gmt":"2022-04-06T15:15:41","slug":"le-recours-introduit-par-lalgerie-sera-examine-par-la-fifa-le-21-avril-la-faf-vend-encore-du-reve","status":"publish","type":"post","link":"https:\/\/lasentinelle.dz\/index.php\/2022\/04\/07\/le-recours-introduit-par-lalgerie-sera-examine-par-la-fifa-le-21-avril-la-faf-vend-encore-du-reve\/","title":{"rendered":"Le recours introduit par l\u2019Alg\u00e9rie sera examin\u00e9 par la FIFA le 21 avril\u00a0:\u00a0La FAF vend encore du r\u00eave \u00a0"},"content":{"rendered":"\n<p>Mardi soir, la F\u00e9d\u00e9ration alg\u00e9rienne de football (FAF) a fait une annonce sur son site officiel. Elle a fait savoir que sa r\u00e9clamation introduite aupr\u00e8s de la FIFA, au sujet du barrage (retour) du mondial Qatar-2022, Alg\u00e9rie-Cameroun,&nbsp;&nbsp;sera examin\u00e9e le 21 avril 2020.&nbsp;&nbsp;<\/p>\n\n\n\n<p>\u00ab La F\u00e9d\u00e9ration alg\u00e9rienne de football informe que la r\u00e9clamation qu\u2019elle a introduite&nbsp;aupr\u00e8s de la FIFA sera soumise \u00e0 sa Commission de discipline pour examen,&nbsp;&nbsp;le 21 avril courant \u00bb,&nbsp;&nbsp;a-t-elle ajout\u00e9 dans son communiqu\u00e9. L\u2019instance f\u00e9d\u00e9rale avait introduit aupr\u00e8s de la FIFA, un recours \u00e0 l&rsquo;encontre de l&rsquo;arbitrage scandaleux ayant fauss\u00e9 le r\u00e9sultat du match barrage retour Alg\u00e9rie-Cameroun (1-2) disput\u00e9 le 29 mars 2022 au stade Chahid Mustapha Tchaker de Blida. L&rsquo;instance de football national avait ajout\u00e9, dans un communiqu\u00e9 publi\u00e9 le 31 mars, qu&rsquo;\u00ab elle est d\u00e9termin\u00e9e \u00e0 user de l&rsquo;ensemble des voies l\u00e9galement permises pour se faire r\u00e9tablir dans ses droits et rejouer la rencontre dans des conditions garantissant l&rsquo;honn\u00eatet\u00e9 et la partialit\u00e9 de l&rsquo;arbitrage (le Gambien Bakary Gassam, Ndlr) \u00bb. Elle avait demand\u00e9 \u00e9galement l&rsquo;ouverture d&rsquo;une enqu\u00eate par les organes de la FIFA pour faire toute la lumi\u00e8re sur l&rsquo;arbitrage du match Alg\u00e9rie-Cameroun. Seulement, l\u2019instance f\u00e9d\u00e9rale, qui fait face \u00e0 une guerre clanique en interne, ne dit pas tout. Elle vend du r\u00eave, une fois de plus, aux supporters de l\u2019Equipe nationale, puisque le match Alg\u00e9rie \u2013 Cameroun, ne sera pas rejou\u00e9 dans tous les cas de figure. La r\u00e9clamation ne concerne que les aspects techniques et les erreurs de l\u2019arbitre en question lors de ladite rencontre. Le match ne sera rejou\u00e9 que dans le cas o\u00f9 une corruption de l\u2019arbitre par la partie camerounaise sera prouv\u00e9e. Chose impossible, sachant que Gassama est retenu pour officier les rencontres du prochain Mondial au Qatar. M\u00eame l\u2019officier m\u00e9dia de la s\u00e9lection nationale, Aboud Salah Bey, avait confirm\u00e9 cela, dans une d\u00e9claration \u00e0 la presse. Il vient confirmer la d\u00e9claration du pr\u00e9sident d\u00e9missionnaire de la FAF, Charaf Eddine Amara, lors de la conf\u00e9rence de presse qu\u2019il avait tenue jeudi dernier au si\u00e8ge de son instance. Cela dit, l\u2019espoir des supporters alg\u00e9riens de faire rejouer le match part en fum\u00e9e.&nbsp;<\/p>\n\n\n\n<p><strong>Abderrahim Mahious&nbsp;<\/strong><\/p>\n","protected":false},"excerpt":{"rendered":"<p>Mardi soir, la F\u00e9d\u00e9ration alg\u00e9rienne de football (FAF) a fait une annonce sur son site officiel. Elle a fait savoir<\/p>\n","protected":false},"author":3,"featured_media":19505,"comment_status":"open","ping_status":"closed","sticky":false,"template":"","format":"standard","meta":{"colormag_page_container_layout":"default_layout","colormag_page_sidebar_layout":"default_layout","om_disable_all_campaigns":false,"_monsterinsights_skip_tracking":false,"_monsterinsights_sitenote_active":false,"_monsterinsights_sitenote_note":"","_monsterinsights_sitenote_category":0,"footnotes":"","_wpscppro_dont_share_socialmedia":false,"_wpscppro_custom_social_share_image":0,"_facebook_share_type":"","_twitter_share_type":"","_linkedin_share_type":"","_pinterest_share_type":"","_linkedin_share_type_page":"","_instagram_share_type":"","_medium_share_type":"","_threads_share_type":"","_google_business_share_type":"","_selected_social_profile":[],"_wpsp_enable_custom_social_template":false,"_wpsp_social_scheduling":{"enabled":false,"datetime":null,"platforms":[],"status":"template_only","dateOption":"today","timeOption":"now","customDays":"","customHours":"","customDate":"","customTime":"","schedulingType":"absolute"},"_wpsp_active_default_template":true},"categories":[52,33],"tags":[],"class_list":["post-19492","post","type-post","status-publish","format-standard","has-post-thumbnail","hentry","category-a-la-une","category-sports"],"aioseo_notices":[],"yoast_head":"<!-- This site is optimized with the Yoast SEO plugin v27.5 - https:\/\/yoast.com\/product\/yoast-seo-wordpress\/ -->\n<title>Le recours introduit par l\u2019Alg\u00e9rie sera examin\u00e9 par la FIFA le 21 avril\u00a0:\u00a0La FAF vend encore du r\u00eave \u00a0 - La Sentinelle<\/title>\n<meta name=\"robots\" content=\"index, follow, max-snippet:-1, max-image-preview:large, max-video-preview:-1\" \/>\n<link rel=\"canonical\" href=\"https:\/\/lasentinelle.dz\/index.php\/2022\/04\/07\/le-recours-introduit-par-lalgerie-sera-examine-par-la-fifa-le-21-avril-la-faf-vend-encore-du-reve\/\" \/>\n<meta property=\"og:locale\" content=\"fr_FR\" \/>\n<meta property=\"og:type\" content=\"article\" \/>\n<meta property=\"og:title\" content=\"Le recours introduit par l\u2019Alg\u00e9rie sera examin\u00e9 par la FIFA le 21 avril\u00a0:\u00a0La FAF vend encore du r\u00eave \u00a0 - La Sentinelle\" \/>\n<meta property=\"og:description\" content=\"Mardi soir, la F\u00e9d\u00e9ration alg\u00e9rienne de football (FAF) a fait une annonce sur son site officiel. Elle a fait savoir\" \/>\n<meta property=\"og:url\" content=\"https:\/\/lasentinelle.dz\/index.php\/2022\/04\/07\/le-recours-introduit-par-lalgerie-sera-examine-par-la-fifa-le-21-avril-la-faf-vend-encore-du-reve\/\" \/>\n<meta property=\"og:site_name\" content=\"La Sentinelle\" \/>\n<meta property=\"article:publisher\" content=\"https:\/\/www.facebook.com\/La-Sentinelle-104059864394773\" \/>\n<meta property=\"article:published_time\" content=\"2022-04-06T23:05:00+00:00\" \/>\n<meta property=\"og:image\" content=\"https:\/\/lasentinelle.dz\/wp-content\/uploads\/2022\/04\/algerie-cameroun.png\" \/>\n\t<meta property=\"og:image:width\" content=\"1364\" \/>\n\t<meta property=\"og:image:height\" content=\"900\" \/>\n\t<meta property=\"og:image:type\" content=\"image\/png\" \/>\n<meta name=\"author\" content=\"La Sentinelle\" \/>\n<meta name=\"twitter:card\" content=\"summary_large_image\" \/>\n<meta name=\"twitter:label1\" content=\"\u00c9crit par\" \/>\n\t<meta name=\"twitter:data1\" content=\"La Sentinelle\" \/>\n\t<meta name=\"twitter:label2\" content=\"Dur\u00e9e de lecture estim\u00e9e\" \/>\n\t<meta name=\"twitter:data2\" content=\"2 minutes\" \/>\n<script type=\"application\/ld+json\" class=\"yoast-schema-graph\">{\"@context\":\"https:\\\/\\\/schema.org\",\"@graph\":[{\"@type\":\"Article\",\"@id\":\"https:\\\/\\\/lasentinelle.dz\\\/index.php\\\/2022\\\/04\\\/07\\\/le-recours-introduit-par-lalgerie-sera-examine-par-la-fifa-le-21-avril-la-faf-vend-encore-du-reve\\\/#article\",\"isPartOf\":{\"@id\":\"https:\\\/\\\/lasentinelle.dz\\\/index.php\\\/2022\\\/04\\\/07\\\/le-recours-introduit-par-lalgerie-sera-examine-par-la-fifa-le-21-avril-la-faf-vend-encore-du-reve\\\/\"},\"author\":{\"name\":\"La Sentinelle\",\"@id\":\"https:\\\/\\\/lasentinelle.dz\\\/#\\\/schema\\\/person\\\/d865044e22e70a75174ce8bcad3acfb3\"},\"headline\":\"Le recours introduit par l\u2019Alg\u00e9rie sera examin\u00e9 par la FIFA le 21 avril\u00a0:\u00a0La FAF vend encore du r\u00eave \u00a0\",\"datePublished\":\"2022-04-06T23:05:00+00:00\",\"mainEntityOfPage\":{\"@id\":\"https:\\\/\\\/lasentinelle.dz\\\/index.php\\\/2022\\\/04\\\/07\\\/le-recours-introduit-par-lalgerie-sera-examine-par-la-fifa-le-21-avril-la-faf-vend-encore-du-reve\\\/\"},\"wordCount\":433,\"commentCount\":0,\"publisher\":{\"@id\":\"https:\\\/\\\/lasentinelle.dz\\\/#organization\"},\"image\":{\"@id\":\"https:\\\/\\\/lasentinelle.dz\\\/index.php\\\/2022\\\/04\\\/07\\\/le-recours-introduit-par-lalgerie-sera-examine-par-la-fifa-le-21-avril-la-faf-vend-encore-du-reve\\\/#primaryimage\"},\"thumbnailUrl\":\"https:\\\/\\\/lasentinelle.dz\\\/wp-content\\\/uploads\\\/2022\\\/04\\\/algerie-cameroun.png\",\"articleSection\":[\"\u00c0 la Une\",\"Sports\"],\"inLanguage\":\"fr-FR\",\"potentialAction\":[{\"@type\":\"CommentAction\",\"name\":\"Comment\",\"target\":[\"https:\\\/\\\/lasentinelle.dz\\\/index.php\\\/2022\\\/04\\\/07\\\/le-recours-introduit-par-lalgerie-sera-examine-par-la-fifa-le-21-avril-la-faf-vend-encore-du-reve\\\/#respond\"]}]},{\"@type\":\"WebPage\",\"@id\":\"https:\\\/\\\/lasentinelle.dz\\\/index.php\\\/2022\\\/04\\\/07\\\/le-recours-introduit-par-lalgerie-sera-examine-par-la-fifa-le-21-avril-la-faf-vend-encore-du-reve\\\/\",\"url\":\"https:\\\/\\\/lasentinelle.dz\\\/index.php\\\/2022\\\/04\\\/07\\\/le-recours-introduit-par-lalgerie-sera-examine-par-la-fifa-le-21-avril-la-faf-vend-encore-du-reve\\\/\",\"name\":\"Le recours introduit par l\u2019Alg\u00e9rie sera examin\u00e9 par la FIFA le 21 avril\u00a0:\u00a0La FAF vend encore du r\u00eave \u00a0 - La Sentinelle\",\"isPartOf\":{\"@id\":\"https:\\\/\\\/lasentinelle.dz\\\/#website\"},\"primaryImageOfPage\":{\"@id\":\"https:\\\/\\\/lasentinelle.dz\\\/index.php\\\/2022\\\/04\\\/07\\\/le-recours-introduit-par-lalgerie-sera-examine-par-la-fifa-le-21-avril-la-faf-vend-encore-du-reve\\\/#primaryimage\"},\"image\":{\"@id\":\"https:\\\/\\\/lasentinelle.dz\\\/index.php\\\/2022\\\/04\\\/07\\\/le-recours-introduit-par-lalgerie-sera-examine-par-la-fifa-le-21-avril-la-faf-vend-encore-du-reve\\\/#primaryimage\"},\"thumbnailUrl\":\"https:\\\/\\\/lasentinelle.dz\\\/wp-content\\\/uploads\\\/2022\\\/04\\\/algerie-cameroun.png\",\"datePublished\":\"2022-04-06T23:05:00+00:00\",\"breadcrumb\":{\"@id\":\"https:\\\/\\\/lasentinelle.dz\\\/index.php\\\/2022\\\/04\\\/07\\\/le-recours-introduit-par-lalgerie-sera-examine-par-la-fifa-le-21-avril-la-faf-vend-encore-du-reve\\\/#breadcrumb\"},\"inLanguage\":\"fr-FR\",\"potentialAction\":[{\"@type\":\"ReadAction\",\"target\":[\"https:\\\/\\\/lasentinelle.dz\\\/index.php\\\/2022\\\/04\\\/07\\\/le-recours-introduit-par-lalgerie-sera-examine-par-la-fifa-le-21-avril-la-faf-vend-encore-du-reve\\\/\"]}]},{\"@type\":\"ImageObject\",\"inLanguage\":\"fr-FR\",\"@id\":\"https:\\\/\\\/lasentinelle.dz\\\/index.php\\\/2022\\\/04\\\/07\\\/le-recours-introduit-par-lalgerie-sera-examine-par-la-fifa-le-21-avril-la-faf-vend-encore-du-reve\\\/#primaryimage\",\"url\":\"https:\\\/\\\/lasentinelle.dz\\\/wp-content\\\/uploads\\\/2022\\\/04\\\/algerie-cameroun.png\",\"contentUrl\":\"https:\\\/\\\/lasentinelle.dz\\\/wp-content\\\/uploads\\\/2022\\\/04\\\/algerie-cameroun.png\",\"width\":1364,\"height\":900},{\"@type\":\"BreadcrumbList\",\"@id\":\"https:\\\/\\\/lasentinelle.dz\\\/index.php\\\/2022\\\/04\\\/07\\\/le-recours-introduit-par-lalgerie-sera-examine-par-la-fifa-le-21-avril-la-faf-vend-encore-du-reve\\\/#breadcrumb\",\"itemListElement\":[{\"@type\":\"ListItem\",\"position\":1,\"name\":\"Accueil\",\"item\":\"https:\\\/\\\/lasentinelle.dz\\\/\"},{\"@type\":\"ListItem\",\"position\":2,\"name\":\"Le recours introduit par l\u2019Alg\u00e9rie sera examin\u00e9 par la FIFA le 21 avril\u00a0:\u00a0La FAF vend encore du r\u00eave \u00a0\"}]},{\"@type\":\"WebSite\",\"@id\":\"https:\\\/\\\/lasentinelle.dz\\\/#website\",\"url\":\"https:\\\/\\\/lasentinelle.dz\\\/\",\"name\":\"La Sentinelle\",\"description\":\"Quotidien national d&#039;information\",\"publisher\":{\"@id\":\"https:\\\/\\\/lasentinelle.dz\\\/#organization\"},\"potentialAction\":[{\"@type\":\"SearchAction\",\"target\":{\"@type\":\"EntryPoint\",\"urlTemplate\":\"https:\\\/\\\/lasentinelle.dz\\\/?s={search_term_string}\"},\"query-input\":{\"@type\":\"PropertyValueSpecification\",\"valueRequired\":true,\"valueName\":\"search_term_string\"}}],\"inLanguage\":\"fr-FR\"},{\"@type\":\"Organization\",\"@id\":\"https:\\\/\\\/lasentinelle.dz\\\/#organization\",\"name\":\"Quotidien La Sentinelle\",\"url\":\"https:\\\/\\\/lasentinelle.dz\\\/\",\"logo\":{\"@type\":\"ImageObject\",\"inLanguage\":\"fr-FR\",\"@id\":\"https:\\\/\\\/lasentinelle.dz\\\/#\\\/schema\\\/logo\\\/image\\\/\",\"url\":\"https:\\\/\\\/lasentinelle.dz\\\/wp-content\\\/uploads\\\/2021\\\/09\\\/logo-sentinelleSLOGAN-1.png\",\"contentUrl\":\"https:\\\/\\\/lasentinelle.dz\\\/wp-content\\\/uploads\\\/2021\\\/09\\\/logo-sentinelleSLOGAN-1.png\",\"width\":615,\"height\":142,\"caption\":\"Quotidien La Sentinelle\"},\"image\":{\"@id\":\"https:\\\/\\\/lasentinelle.dz\\\/#\\\/schema\\\/logo\\\/image\\\/\"},\"sameAs\":[\"https:\\\/\\\/www.facebook.com\\\/La-Sentinelle-104059864394773\"]},{\"@type\":\"Person\",\"@id\":\"https:\\\/\\\/lasentinelle.dz\\\/#\\\/schema\\\/person\\\/d865044e22e70a75174ce8bcad3acfb3\",\"name\":\"La Sentinelle\",\"image\":{\"@type\":\"ImageObject\",\"inLanguage\":\"fr-FR\",\"@id\":\"https:\\\/\\\/secure.gravatar.com\\\/avatar\\\/57de8e5d4b15d43fb361a71fbb36338450fe67865b528a43dd10ef7c51a20392?s=96&d=mm&r=g\",\"url\":\"https:\\\/\\\/secure.gravatar.com\\\/avatar\\\/57de8e5d4b15d43fb361a71fbb36338450fe67865b528a43dd10ef7c51a20392?s=96&d=mm&r=g\",\"contentUrl\":\"https:\\\/\\\/secure.gravatar.com\\\/avatar\\\/57de8e5d4b15d43fb361a71fbb36338450fe67865b528a43dd10ef7c51a20392?s=96&d=mm&r=g\",\"caption\":\"La Sentinelle\"},\"sameAs\":[\"http:\\\/\\\/www.lasentinelle.dz\"],\"url\":\"https:\\\/\\\/lasentinelle.dz\\\/author\\\/redaction\\\/\"}]}<\/script>\n<!-- \/ Yoast SEO plugin. -->","yoast_head_json":{"title":"Le recours introduit par l\u2019Alg\u00e9rie sera examin\u00e9 par la FIFA le 21 avril\u00a0:\u00a0La FAF vend encore du r\u00eave \u00a0 - La Sentinelle","robots":{"index":"index","follow":"follow","max-snippet":"max-snippet:-1","max-image-preview":"max-image-preview:large","max-video-preview":"max-video-preview:-1"},"canonical":"https:\/\/lasentinelle.dz\/index.php\/2022\/04\/07\/le-recours-introduit-par-lalgerie-sera-examine-par-la-fifa-le-21-avril-la-faf-vend-encore-du-reve\/","og_locale":"fr_FR","og_type":"article","og_title":"Le recours introduit par l\u2019Alg\u00e9rie sera examin\u00e9 par la FIFA le 21 avril\u00a0:\u00a0La FAF vend encore du r\u00eave \u00a0 - La Sentinelle","og_description":"Mardi soir, la F\u00e9d\u00e9ration alg\u00e9rienne de football (FAF) a fait une annonce sur son site officiel. Elle a fait savoir","og_url":"https:\/\/lasentinelle.dz\/index.php\/2022\/04\/07\/le-recours-introduit-par-lalgerie-sera-examine-par-la-fifa-le-21-avril-la-faf-vend-encore-du-reve\/","og_site_name":"La Sentinelle","article_publisher":"https:\/\/www.facebook.com\/La-Sentinelle-104059864394773","article_published_time":"2022-04-06T23:05:00+00:00","og_image":[{"width":1364,"height":900,"url":"https:\/\/lasentinelle.dz\/wp-content\/uploads\/2022\/04\/algerie-cameroun.png","type":"image\/png"}],"author":"La Sentinelle","twitter_card":"summary_large_image","twitter_misc":{"\u00c9crit par":"La Sentinelle","Dur\u00e9e de lecture estim\u00e9e":"2 minutes"},"schema":{"@context":"https:\/\/schema.org","@graph":[{"@type":"Article","@id":"https:\/\/lasentinelle.dz\/index.php\/2022\/04\/07\/le-recours-introduit-par-lalgerie-sera-examine-par-la-fifa-le-21-avril-la-faf-vend-encore-du-reve\/#article","isPartOf":{"@id":"https:\/\/lasentinelle.dz\/index.php\/2022\/04\/07\/le-recours-introduit-par-lalgerie-sera-examine-par-la-fifa-le-21-avril-la-faf-vend-encore-du-reve\/"},"author":{"name":"La Sentinelle","@id":"https:\/\/lasentinelle.dz\/#\/schema\/person\/d865044e22e70a75174ce8bcad3acfb3"},"headline":"Le recours introduit par l\u2019Alg\u00e9rie sera examin\u00e9 par la FIFA le 21 avril\u00a0:\u00a0La FAF vend encore du r\u00eave \u00a0","datePublished":"2022-04-06T23:05:00+00:00","mainEntityOfPage":{"@id":"https:\/\/lasentinelle.dz\/index.php\/2022\/04\/07\/le-recours-introduit-par-lalgerie-sera-examine-par-la-fifa-le-21-avril-la-faf-vend-encore-du-reve\/"},"wordCount":433,"commentCount":0,"publisher":{"@id":"https:\/\/lasentinelle.dz\/#organization"},"image":{"@id":"https:\/\/lasentinelle.dz\/index.php\/2022\/04\/07\/le-recours-introduit-par-lalgerie-sera-examine-par-la-fifa-le-21-avril-la-faf-vend-encore-du-reve\/#primaryimage"},"thumbnailUrl":"https:\/\/lasentinelle.dz\/wp-content\/uploads\/2022\/04\/algerie-cameroun.png","articleSection":["\u00c0 la Une","Sports"],"inLanguage":"fr-FR","potentialAction":[{"@type":"CommentAction","name":"Comment","target":["https:\/\/lasentinelle.dz\/index.php\/2022\/04\/07\/le-recours-introduit-par-lalgerie-sera-examine-par-la-fifa-le-21-avril-la-faf-vend-encore-du-reve\/#respond"]}]},{"@type":"WebPage","@id":"https:\/\/lasentinelle.dz\/index.php\/2022\/04\/07\/le-recours-introduit-par-lalgerie-sera-examine-par-la-fifa-le-21-avril-la-faf-vend-encore-du-reve\/","url":"https:\/\/lasentinelle.dz\/index.php\/2022\/04\/07\/le-recours-introduit-par-lalgerie-sera-examine-par-la-fifa-le-21-avril-la-faf-vend-encore-du-reve\/","name":"Le recours introduit par l\u2019Alg\u00e9rie sera examin\u00e9 par la FIFA le 21 avril\u00a0:\u00a0La FAF vend encore du r\u00eave \u00a0 - La Sentinelle","isPartOf":{"@id":"https:\/\/lasentinelle.dz\/#website"},"primaryImageOfPage":{"@id":"https:\/\/lasentinelle.dz\/index.php\/2022\/04\/07\/le-recours-introduit-par-lalgerie-sera-examine-par-la-fifa-le-21-avril-la-faf-vend-encore-du-reve\/#primaryimage"},"image":{"@id":"https:\/\/lasentinelle.dz\/index.php\/2022\/04\/07\/le-recours-introduit-par-lalgerie-sera-examine-par-la-fifa-le-21-avril-la-faf-vend-encore-du-reve\/#primaryimage"},"thumbnailUrl":"https:\/\/lasentinelle.dz\/wp-content\/uploads\/2022\/04\/algerie-cameroun.png","datePublished":"2022-04-06T23:05:00+00:00","breadcrumb":{"@id":"https:\/\/lasentinelle.dz\/index.php\/2022\/04\/07\/le-recours-introduit-par-lalgerie-sera-examine-par-la-fifa-le-21-avril-la-faf-vend-encore-du-reve\/#breadcrumb"},"inLanguage":"fr-FR","potentialAction":[{"@type":"ReadAction","target":["https:\/\/lasentinelle.dz\/index.php\/2022\/04\/07\/le-recours-introduit-par-lalgerie-sera-examine-par-la-fifa-le-21-avril-la-faf-vend-encore-du-reve\/"]}]},{"@type":"ImageObject","inLanguage":"fr-FR","@id":"https:\/\/lasentinelle.dz\/index.php\/2022\/04\/07\/le-recours-introduit-par-lalgerie-sera-examine-par-la-fifa-le-21-avril-la-faf-vend-encore-du-reve\/#primaryimage","url":"https:\/\/lasentinelle.dz\/wp-content\/uploads\/2022\/04\/algerie-cameroun.png","contentUrl":"https:\/\/lasentinelle.dz\/wp-content\/uploads\/2022\/04\/algerie-cameroun.png","width":1364,"height":900},{"@type":"BreadcrumbList","@id":"https:\/\/lasentinelle.dz\/index.php\/2022\/04\/07\/le-recours-introduit-par-lalgerie-sera-examine-par-la-fifa-le-21-avril-la-faf-vend-encore-du-reve\/#breadcrumb","itemListElement":[{"@type":"ListItem","position":1,"name":"Accueil","item":"https:\/\/lasentinelle.dz\/"},{"@type":"ListItem","position":2,"name":"Le recours introduit par l\u2019Alg\u00e9rie sera examin\u00e9 par la FIFA le 21 avril\u00a0:\u00a0La FAF vend encore du r\u00eave \u00a0"}]},{"@type":"WebSite","@id":"https:\/\/lasentinelle.dz\/#website","url":"https:\/\/lasentinelle.dz\/","name":"La Sentinelle","description":"Quotidien national d&#039;information","publisher":{"@id":"https:\/\/lasentinelle.dz\/#organization"},"potentialAction":[{"@type":"SearchAction","target":{"@type":"EntryPoint","urlTemplate":"https:\/\/lasentinelle.dz\/?s={search_term_string}"},"query-input":{"@type":"PropertyValueSpecification","valueRequired":true,"valueName":"search_term_string"}}],"inLanguage":"fr-FR"},{"@type":"Organization","@id":"https:\/\/lasentinelle.dz\/#organization","name":"Quotidien La Sentinelle","url":"https:\/\/lasentinelle.dz\/","logo":{"@type":"ImageObject","inLanguage":"fr-FR","@id":"https:\/\/lasentinelle.dz\/#\/schema\/logo\/image\/","url":"https:\/\/lasentinelle.dz\/wp-content\/uploads\/2021\/09\/logo-sentinelleSLOGAN-1.png","contentUrl":"https:\/\/lasentinelle.dz\/wp-content\/uploads\/2021\/09\/logo-sentinelleSLOGAN-1.png","width":615,"height":142,"caption":"Quotidien La Sentinelle"},"image":{"@id":"https:\/\/lasentinelle.dz\/#\/schema\/logo\/image\/"},"sameAs":["https:\/\/www.facebook.com\/La-Sentinelle-104059864394773"]},{"@type":"Person","@id":"https:\/\/lasentinelle.dz\/#\/schema\/person\/d865044e22e70a75174ce8bcad3acfb3","name":"La Sentinelle","image":{"@type":"ImageObject","inLanguage":"fr-FR","@id":"https:\/\/secure.gravatar.com\/avatar\/57de8e5d4b15d43fb361a71fbb36338450fe67865b528a43dd10ef7c51a20392?s=96&d=mm&r=g","url":"https:\/\/secure.gravatar.com\/avatar\/57de8e5d4b15d43fb361a71fbb36338450fe67865b528a43dd10ef7c51a20392?s=96&d=mm&r=g","contentUrl":"https:\/\/secure.gravatar.com\/avatar\/57de8e5d4b15d43fb361a71fbb36338450fe67865b528a43dd10ef7c51a20392?s=96&d=mm&r=g","caption":"La Sentinelle"},"sameAs":["http:\/\/www.lasentinelle.dz"],"url":"https:\/\/lasentinelle.dz\/author\/redaction\/"}]}},"_links":{"self":[{"href":"https:\/\/lasentinelle.dz\/index.php\/wp-json\/wp\/v2\/posts\/19492","targetHints":{"allow":["GET"]}}],"collection":[{"href":"https:\/\/lasentinelle.dz\/index.php\/wp-json\/wp\/v2\/posts"}],"about":[{"href":"https:\/\/lasentinelle.dz\/index.php\/wp-json\/wp\/v2\/types\/post"}],"author":[{"embeddable":true,"href":"https:\/\/lasentinelle.dz\/index.php\/wp-json\/wp\/v2\/users\/3"}],"replies":[{"embeddable":true,"href":"https:\/\/lasentinelle.dz\/index.php\/wp-json\/wp\/v2\/comments?post=19492"}],"version-history":[{"count":1,"href":"https:\/\/lasentinelle.dz\/index.php\/wp-json\/wp\/v2\/posts\/19492\/revisions"}],"predecessor-version":[{"id":19512,"href":"https:\/\/lasentinelle.dz\/index.php\/wp-json\/wp\/v2\/posts\/19492\/revisions\/19512"}],"wp:featuredmedia":[{"embeddable":true,"href":"https:\/\/lasentinelle.dz\/index.php\/wp-json\/wp\/v2\/media\/19505"}],"wp:attachment":[{"href":"https:\/\/lasentinelle.dz\/index.php\/wp-json\/wp\/v2\/media?parent=19492"}],"wp:term":[{"taxonomy":"category","embeddable":true,"href":"https:\/\/lasentinelle.dz\/index.php\/wp-json\/wp\/v2\/categories?post=19492"},{"taxonomy":"post_tag","embeddable":true,"href":"https:\/\/lasentinelle.dz\/index.php\/wp-json\/wp\/v2\/tags?post=19492"}],"curies":[{"name":"wp","href":"https:\/\/api.w.org\/{rel}","templated":true}]}}