{"id":1951,"date":"2021-07-24T00:01:00","date_gmt":"2021-07-23T23:01:00","guid":{"rendered":"https:\/\/lasentinelle.dz\/?p=1951"},"modified":"2021-07-23T17:16:36","modified_gmt":"2021-07-23T16:16:36","slug":"violations-des-droits-humains-en-palestine-lonu-nomme-une-commission-denquete","status":"publish","type":"post","link":"https:\/\/lasentinelle.dz\/index.php\/2021\/07\/24\/violations-des-droits-humains-en-palestine-lonu-nomme-une-commission-denquete\/","title":{"rendered":"Violations des droits humains en Palestine : L\u2019ONU nomme une commission d&rsquo;enqu\u00eate"},"content":{"rendered":"\n<p>La Pr\u00e9sidente du Conseil des droits de l&rsquo;Homme des Nations unies, Nazhat Shameem Khan, a annonc\u00e9 jeudi la nomination de trois membres d&rsquo;une commission d&rsquo;enqu\u00eate internationale sur les atteintes aux droits humains dans les territoires palestiniens occup\u00e9s.<\/p>\n\n\n\n<p>Le 27 mai, ledit Conseil avait adopt\u00e9 une r\u00e9solution visant \u00e0 cr\u00e9er une \u00ab\u00a0commission d&rsquo;enqu\u00eate internationale et ind\u00e9pendante charg\u00e9e d&rsquo;enqu\u00eater et d\u2019examiner dans les territoires palestiniens occup\u00e9s, toutes les violations et atteintes pr\u00e9sum\u00e9es au droit international humanitaire\u00a0\u00bb. Une r\u00e9solution du Conseil de s\u00e9curit\u00e9 exige de la commission concern\u00e9e de soumettre un rapport annuel sur ses principales activit\u00e9s au Conseil des droits de l&rsquo;homme \u00e0 partir de juin 2022. \u00ab\u00a0Une commission internationale compos\u00e9e de trois personnes a \u00e9t\u00e9 charg\u00e9e&nbsp; d&rsquo;enqu\u00eater sur toutes les causes profondes li\u00e9es aux tensions r\u00e9currentes, \u00e0 l&rsquo;instabilit\u00e9 et \u00e0 la prolongation du conflit (au Moyen-Orient), y compris les discriminations et la r\u00e9pression syst\u00e9matiques fond\u00e9es sur l\u2019appartenance nationale, ethnique, raciale ou religieuse\u00a0\u00bb, ont d\u00e9clar\u00e9 les Fidji dans un communiqu\u00e9. Selon le communiqu\u00e9, la Sud-Africaine Navi Pillay, qui avait occup\u00e9 le poste de Haut-Commissaire des Nations Unies aux droits de l&rsquo;homme entre 2008 et 2014, pr\u00e9sidera la commission d\u2019enqu\u00eate. Les deux autres membres de ladite commission sont, l\u2019Indien Miloon Kothari, professeur invit\u00e9 \u00e0 l\u2019Institut de hautes \u00e9tudes internationales et du d\u00e9veloppement de Gen\u00e8ve, et l\u2019Australien Chris Sidoti, expert international en droits de l\u2019homme.<\/p>\n\n\n\n<p>La Palestine a salu\u00e9 jeudi cette d\u00e9cision laquelle \u00ab&nbsp;refl\u00e8te la d\u00e9termination de la communaut\u00e9 internationale \u00e0 appliquer le droit international et \u00e0 prot\u00e9ger les droits de l&rsquo;Homme des Palestiniens&nbsp;\u00bb, a indiqu\u00e9 le minist\u00e8re palestinien des Affaires \u00e9trang\u00e8res dans un communiqu\u00e9. \u00ab\u00a0La cr\u00e9ation de la commission vient en application de la d\u00e9cision concernant la Palestine au Conseil lors de sa 30e session sp\u00e9ciale\u00a0\u00bb, a-t-il not\u00e9, ajoutant que cette commission allait examiner les violations isra\u00e9liennes du droit international des droits de l&rsquo;Homme et du droit international humanitaire dans les Territoires palestiniens occup\u00e9s depuis le 13 avril dernier.<\/p>\n\n\n\n<p>R.I. avec agences<\/p>\n","protected":false},"excerpt":{"rendered":"<p>La Pr\u00e9sidente du Conseil des droits de l&rsquo;Homme des Nations unies, Nazhat Shameem Khan, a annonc\u00e9 jeudi la nomination de<\/p>\n","protected":false},"author":3,"featured_media":1970,"comment_status":"open","ping_status":"closed","sticky":false,"template":"","format":"standard","meta":{"colormag_page_container_layout":"default_layout","colormag_page_sidebar_layout":"default_layout","om_disable_all_campaigns":false,"_monsterinsights_skip_tracking":false,"_monsterinsights_sitenote_active":false,"_monsterinsights_sitenote_note":"","_monsterinsights_sitenote_category":0,"footnotes":"","_wpscppro_dont_share_socialmedia":false,"_wpscppro_custom_social_share_image":0,"_facebook_share_type":"","_twitter_share_type":"","_linkedin_share_type":"","_pinterest_share_type":"","_linkedin_share_type_page":"","_instagram_share_type":"","_medium_share_type":"","_threads_share_type":"","_google_business_share_type":"","_selected_social_profile":[],"_wpsp_enable_custom_social_template":false,"_wpsp_social_scheduling":{"enabled":false,"datetime":null,"platforms":[],"status":"template_only","dateOption":"today","timeOption":"now","customDays":"","customHours":"","customDate":"","customTime":"","schedulingType":"absolute"},"_wpsp_active_default_template":true},"categories":[37],"tags":[],"class_list":["post-1951","post","type-post","status-publish","format-standard","has-post-thumbnail","hentry","category-monde"],"aioseo_notices":[],"yoast_head":"<!-- This site is optimized with the Yoast SEO plugin v27.5 - https:\/\/yoast.com\/product\/yoast-seo-wordpress\/ -->\n<title>Violations des droits humains en Palestine : L\u2019ONU nomme une commission d&#039;enqu\u00eate - La Sentinelle<\/title>\n<meta name=\"robots\" content=\"index, follow, max-snippet:-1, max-image-preview:large, max-video-preview:-1\" \/>\n<link rel=\"canonical\" href=\"https:\/\/lasentinelle.dz\/index.php\/2021\/07\/24\/violations-des-droits-humains-en-palestine-lonu-nomme-une-commission-denquete\/\" \/>\n<meta property=\"og:locale\" content=\"fr_FR\" \/>\n<meta property=\"og:type\" content=\"article\" \/>\n<meta property=\"og:title\" content=\"Violations des droits humains en Palestine : L\u2019ONU nomme une commission d&#039;enqu\u00eate - La Sentinelle\" \/>\n<meta property=\"og:description\" content=\"La Pr\u00e9sidente du Conseil des droits de l&rsquo;Homme des Nations unies, Nazhat Shameem Khan, a annonc\u00e9 jeudi la nomination de\" \/>\n<meta property=\"og:url\" content=\"https:\/\/lasentinelle.dz\/index.php\/2021\/07\/24\/violations-des-droits-humains-en-palestine-lonu-nomme-une-commission-denquete\/\" \/>\n<meta property=\"og:site_name\" content=\"La Sentinelle\" \/>\n<meta property=\"article:publisher\" content=\"https:\/\/www.facebook.com\/La-Sentinelle-104059864394773\" \/>\n<meta property=\"article:published_time\" content=\"2021-07-23T23:01:00+00:00\" \/>\n<meta property=\"og:image\" content=\"https:\/\/lasentinelle.dz\/wp-content\/uploads\/2021\/07\/Conseil-des-droits-de-lHomme.png\" \/>\n\t<meta property=\"og:image:width\" content=\"1351\" \/>\n\t<meta property=\"og:image:height\" content=\"900\" \/>\n\t<meta property=\"og:image:type\" content=\"image\/png\" \/>\n<meta name=\"author\" content=\"La Sentinelle\" \/>\n<meta name=\"twitter:card\" content=\"summary_large_image\" \/>\n<meta name=\"twitter:label1\" content=\"\u00c9crit par\" \/>\n\t<meta name=\"twitter:data1\" content=\"La Sentinelle\" \/>\n\t<meta name=\"twitter:label2\" content=\"Dur\u00e9e de lecture estim\u00e9e\" \/>\n\t<meta name=\"twitter:data2\" content=\"2 minutes\" \/>\n<script type=\"application\/ld+json\" class=\"yoast-schema-graph\">{\"@context\":\"https:\\\/\\\/schema.org\",\"@graph\":[{\"@type\":\"Article\",\"@id\":\"https:\\\/\\\/lasentinelle.dz\\\/index.php\\\/2021\\\/07\\\/24\\\/violations-des-droits-humains-en-palestine-lonu-nomme-une-commission-denquete\\\/#article\",\"isPartOf\":{\"@id\":\"https:\\\/\\\/lasentinelle.dz\\\/index.php\\\/2021\\\/07\\\/24\\\/violations-des-droits-humains-en-palestine-lonu-nomme-une-commission-denquete\\\/\"},\"author\":{\"name\":\"La Sentinelle\",\"@id\":\"https:\\\/\\\/lasentinelle.dz\\\/#\\\/schema\\\/person\\\/d865044e22e70a75174ce8bcad3acfb3\"},\"headline\":\"Violations des droits humains en Palestine : L\u2019ONU nomme une commission d&rsquo;enqu\u00eate\",\"datePublished\":\"2021-07-23T23:01:00+00:00\",\"mainEntityOfPage\":{\"@id\":\"https:\\\/\\\/lasentinelle.dz\\\/index.php\\\/2021\\\/07\\\/24\\\/violations-des-droits-humains-en-palestine-lonu-nomme-une-commission-denquete\\\/\"},\"wordCount\":383,\"commentCount\":0,\"publisher\":{\"@id\":\"https:\\\/\\\/lasentinelle.dz\\\/#organization\"},\"image\":{\"@id\":\"https:\\\/\\\/lasentinelle.dz\\\/index.php\\\/2021\\\/07\\\/24\\\/violations-des-droits-humains-en-palestine-lonu-nomme-une-commission-denquete\\\/#primaryimage\"},\"thumbnailUrl\":\"https:\\\/\\\/lasentinelle.dz\\\/wp-content\\\/uploads\\\/2021\\\/07\\\/Conseil-des-droits-de-lHomme.png\",\"articleSection\":[\"Monde\"],\"inLanguage\":\"fr-FR\",\"potentialAction\":[{\"@type\":\"CommentAction\",\"name\":\"Comment\",\"target\":[\"https:\\\/\\\/lasentinelle.dz\\\/index.php\\\/2021\\\/07\\\/24\\\/violations-des-droits-humains-en-palestine-lonu-nomme-une-commission-denquete\\\/#respond\"]}]},{\"@type\":\"WebPage\",\"@id\":\"https:\\\/\\\/lasentinelle.dz\\\/index.php\\\/2021\\\/07\\\/24\\\/violations-des-droits-humains-en-palestine-lonu-nomme-une-commission-denquete\\\/\",\"url\":\"https:\\\/\\\/lasentinelle.dz\\\/index.php\\\/2021\\\/07\\\/24\\\/violations-des-droits-humains-en-palestine-lonu-nomme-une-commission-denquete\\\/\",\"name\":\"Violations des droits humains en Palestine : L\u2019ONU nomme une commission d'enqu\u00eate - La Sentinelle\",\"isPartOf\":{\"@id\":\"https:\\\/\\\/lasentinelle.dz\\\/#website\"},\"primaryImageOfPage\":{\"@id\":\"https:\\\/\\\/lasentinelle.dz\\\/index.php\\\/2021\\\/07\\\/24\\\/violations-des-droits-humains-en-palestine-lonu-nomme-une-commission-denquete\\\/#primaryimage\"},\"image\":{\"@id\":\"https:\\\/\\\/lasentinelle.dz\\\/index.php\\\/2021\\\/07\\\/24\\\/violations-des-droits-humains-en-palestine-lonu-nomme-une-commission-denquete\\\/#primaryimage\"},\"thumbnailUrl\":\"https:\\\/\\\/lasentinelle.dz\\\/wp-content\\\/uploads\\\/2021\\\/07\\\/Conseil-des-droits-de-lHomme.png\",\"datePublished\":\"2021-07-23T23:01:00+00:00\",\"breadcrumb\":{\"@id\":\"https:\\\/\\\/lasentinelle.dz\\\/index.php\\\/2021\\\/07\\\/24\\\/violations-des-droits-humains-en-palestine-lonu-nomme-une-commission-denquete\\\/#breadcrumb\"},\"inLanguage\":\"fr-FR\",\"potentialAction\":[{\"@type\":\"ReadAction\",\"target\":[\"https:\\\/\\\/lasentinelle.dz\\\/index.php\\\/2021\\\/07\\\/24\\\/violations-des-droits-humains-en-palestine-lonu-nomme-une-commission-denquete\\\/\"]}]},{\"@type\":\"ImageObject\",\"inLanguage\":\"fr-FR\",\"@id\":\"https:\\\/\\\/lasentinelle.dz\\\/index.php\\\/2021\\\/07\\\/24\\\/violations-des-droits-humains-en-palestine-lonu-nomme-une-commission-denquete\\\/#primaryimage\",\"url\":\"https:\\\/\\\/lasentinelle.dz\\\/wp-content\\\/uploads\\\/2021\\\/07\\\/Conseil-des-droits-de-lHomme.png\",\"contentUrl\":\"https:\\\/\\\/lasentinelle.dz\\\/wp-content\\\/uploads\\\/2021\\\/07\\\/Conseil-des-droits-de-lHomme.png\",\"width\":1351,\"height\":900},{\"@type\":\"BreadcrumbList\",\"@id\":\"https:\\\/\\\/lasentinelle.dz\\\/index.php\\\/2021\\\/07\\\/24\\\/violations-des-droits-humains-en-palestine-lonu-nomme-une-commission-denquete\\\/#breadcrumb\",\"itemListElement\":[{\"@type\":\"ListItem\",\"position\":1,\"name\":\"Accueil\",\"item\":\"https:\\\/\\\/lasentinelle.dz\\\/\"},{\"@type\":\"ListItem\",\"position\":2,\"name\":\"Violations des droits humains en Palestine : L\u2019ONU nomme une commission d&rsquo;enqu\u00eate\"}]},{\"@type\":\"WebSite\",\"@id\":\"https:\\\/\\\/lasentinelle.dz\\\/#website\",\"url\":\"https:\\\/\\\/lasentinelle.dz\\\/\",\"name\":\"La Sentinelle\",\"description\":\"Quotidien national d&#039;information\",\"publisher\":{\"@id\":\"https:\\\/\\\/lasentinelle.dz\\\/#organization\"},\"potentialAction\":[{\"@type\":\"SearchAction\",\"target\":{\"@type\":\"EntryPoint\",\"urlTemplate\":\"https:\\\/\\\/lasentinelle.dz\\\/?s={search_term_string}\"},\"query-input\":{\"@type\":\"PropertyValueSpecification\",\"valueRequired\":true,\"valueName\":\"search_term_string\"}}],\"inLanguage\":\"fr-FR\"},{\"@type\":\"Organization\",\"@id\":\"https:\\\/\\\/lasentinelle.dz\\\/#organization\",\"name\":\"Quotidien La Sentinelle\",\"url\":\"https:\\\/\\\/lasentinelle.dz\\\/\",\"logo\":{\"@type\":\"ImageObject\",\"inLanguage\":\"fr-FR\",\"@id\":\"https:\\\/\\\/lasentinelle.dz\\\/#\\\/schema\\\/logo\\\/image\\\/\",\"url\":\"https:\\\/\\\/lasentinelle.dz\\\/wp-content\\\/uploads\\\/2021\\\/09\\\/logo-sentinelleSLOGAN-1.png\",\"contentUrl\":\"https:\\\/\\\/lasentinelle.dz\\\/wp-content\\\/uploads\\\/2021\\\/09\\\/logo-sentinelleSLOGAN-1.png\",\"width\":615,\"height\":142,\"caption\":\"Quotidien La Sentinelle\"},\"image\":{\"@id\":\"https:\\\/\\\/lasentinelle.dz\\\/#\\\/schema\\\/logo\\\/image\\\/\"},\"sameAs\":[\"https:\\\/\\\/www.facebook.com\\\/La-Sentinelle-104059864394773\"]},{\"@type\":\"Person\",\"@id\":\"https:\\\/\\\/lasentinelle.dz\\\/#\\\/schema\\\/person\\\/d865044e22e70a75174ce8bcad3acfb3\",\"name\":\"La Sentinelle\",\"image\":{\"@type\":\"ImageObject\",\"inLanguage\":\"fr-FR\",\"@id\":\"https:\\\/\\\/secure.gravatar.com\\\/avatar\\\/57de8e5d4b15d43fb361a71fbb36338450fe67865b528a43dd10ef7c51a20392?s=96&d=mm&r=g\",\"url\":\"https:\\\/\\\/secure.gravatar.com\\\/avatar\\\/57de8e5d4b15d43fb361a71fbb36338450fe67865b528a43dd10ef7c51a20392?s=96&d=mm&r=g\",\"contentUrl\":\"https:\\\/\\\/secure.gravatar.com\\\/avatar\\\/57de8e5d4b15d43fb361a71fbb36338450fe67865b528a43dd10ef7c51a20392?s=96&d=mm&r=g\",\"caption\":\"La Sentinelle\"},\"sameAs\":[\"http:\\\/\\\/www.lasentinelle.dz\"],\"url\":\"https:\\\/\\\/lasentinelle.dz\\\/author\\\/redaction\\\/\"}]}<\/script>\n<!-- \/ Yoast SEO plugin. -->","yoast_head_json":{"title":"Violations des droits humains en Palestine : L\u2019ONU nomme une commission d'enqu\u00eate - La Sentinelle","robots":{"index":"index","follow":"follow","max-snippet":"max-snippet:-1","max-image-preview":"max-image-preview:large","max-video-preview":"max-video-preview:-1"},"canonical":"https:\/\/lasentinelle.dz\/index.php\/2021\/07\/24\/violations-des-droits-humains-en-palestine-lonu-nomme-une-commission-denquete\/","og_locale":"fr_FR","og_type":"article","og_title":"Violations des droits humains en Palestine : L\u2019ONU nomme une commission d'enqu\u00eate - La Sentinelle","og_description":"La Pr\u00e9sidente du Conseil des droits de l&rsquo;Homme des Nations unies, Nazhat Shameem Khan, a annonc\u00e9 jeudi la nomination de","og_url":"https:\/\/lasentinelle.dz\/index.php\/2021\/07\/24\/violations-des-droits-humains-en-palestine-lonu-nomme-une-commission-denquete\/","og_site_name":"La Sentinelle","article_publisher":"https:\/\/www.facebook.com\/La-Sentinelle-104059864394773","article_published_time":"2021-07-23T23:01:00+00:00","og_image":[{"width":1351,"height":900,"url":"https:\/\/lasentinelle.dz\/wp-content\/uploads\/2021\/07\/Conseil-des-droits-de-lHomme.png","type":"image\/png"}],"author":"La Sentinelle","twitter_card":"summary_large_image","twitter_misc":{"\u00c9crit par":"La Sentinelle","Dur\u00e9e de lecture estim\u00e9e":"2 minutes"},"schema":{"@context":"https:\/\/schema.org","@graph":[{"@type":"Article","@id":"https:\/\/lasentinelle.dz\/index.php\/2021\/07\/24\/violations-des-droits-humains-en-palestine-lonu-nomme-une-commission-denquete\/#article","isPartOf":{"@id":"https:\/\/lasentinelle.dz\/index.php\/2021\/07\/24\/violations-des-droits-humains-en-palestine-lonu-nomme-une-commission-denquete\/"},"author":{"name":"La Sentinelle","@id":"https:\/\/lasentinelle.dz\/#\/schema\/person\/d865044e22e70a75174ce8bcad3acfb3"},"headline":"Violations des droits humains en Palestine : L\u2019ONU nomme une commission d&rsquo;enqu\u00eate","datePublished":"2021-07-23T23:01:00+00:00","mainEntityOfPage":{"@id":"https:\/\/lasentinelle.dz\/index.php\/2021\/07\/24\/violations-des-droits-humains-en-palestine-lonu-nomme-une-commission-denquete\/"},"wordCount":383,"commentCount":0,"publisher":{"@id":"https:\/\/lasentinelle.dz\/#organization"},"image":{"@id":"https:\/\/lasentinelle.dz\/index.php\/2021\/07\/24\/violations-des-droits-humains-en-palestine-lonu-nomme-une-commission-denquete\/#primaryimage"},"thumbnailUrl":"https:\/\/lasentinelle.dz\/wp-content\/uploads\/2021\/07\/Conseil-des-droits-de-lHomme.png","articleSection":["Monde"],"inLanguage":"fr-FR","potentialAction":[{"@type":"CommentAction","name":"Comment","target":["https:\/\/lasentinelle.dz\/index.php\/2021\/07\/24\/violations-des-droits-humains-en-palestine-lonu-nomme-une-commission-denquete\/#respond"]}]},{"@type":"WebPage","@id":"https:\/\/lasentinelle.dz\/index.php\/2021\/07\/24\/violations-des-droits-humains-en-palestine-lonu-nomme-une-commission-denquete\/","url":"https:\/\/lasentinelle.dz\/index.php\/2021\/07\/24\/violations-des-droits-humains-en-palestine-lonu-nomme-une-commission-denquete\/","name":"Violations des droits humains en Palestine : L\u2019ONU nomme une commission d'enqu\u00eate - La Sentinelle","isPartOf":{"@id":"https:\/\/lasentinelle.dz\/#website"},"primaryImageOfPage":{"@id":"https:\/\/lasentinelle.dz\/index.php\/2021\/07\/24\/violations-des-droits-humains-en-palestine-lonu-nomme-une-commission-denquete\/#primaryimage"},"image":{"@id":"https:\/\/lasentinelle.dz\/index.php\/2021\/07\/24\/violations-des-droits-humains-en-palestine-lonu-nomme-une-commission-denquete\/#primaryimage"},"thumbnailUrl":"https:\/\/lasentinelle.dz\/wp-content\/uploads\/2021\/07\/Conseil-des-droits-de-lHomme.png","datePublished":"2021-07-23T23:01:00+00:00","breadcrumb":{"@id":"https:\/\/lasentinelle.dz\/index.php\/2021\/07\/24\/violations-des-droits-humains-en-palestine-lonu-nomme-une-commission-denquete\/#breadcrumb"},"inLanguage":"fr-FR","potentialAction":[{"@type":"ReadAction","target":["https:\/\/lasentinelle.dz\/index.php\/2021\/07\/24\/violations-des-droits-humains-en-palestine-lonu-nomme-une-commission-denquete\/"]}]},{"@type":"ImageObject","inLanguage":"fr-FR","@id":"https:\/\/lasentinelle.dz\/index.php\/2021\/07\/24\/violations-des-droits-humains-en-palestine-lonu-nomme-une-commission-denquete\/#primaryimage","url":"https:\/\/lasentinelle.dz\/wp-content\/uploads\/2021\/07\/Conseil-des-droits-de-lHomme.png","contentUrl":"https:\/\/lasentinelle.dz\/wp-content\/uploads\/2021\/07\/Conseil-des-droits-de-lHomme.png","width":1351,"height":900},{"@type":"BreadcrumbList","@id":"https:\/\/lasentinelle.dz\/index.php\/2021\/07\/24\/violations-des-droits-humains-en-palestine-lonu-nomme-une-commission-denquete\/#breadcrumb","itemListElement":[{"@type":"ListItem","position":1,"name":"Accueil","item":"https:\/\/lasentinelle.dz\/"},{"@type":"ListItem","position":2,"name":"Violations des droits humains en Palestine : L\u2019ONU nomme une commission d&rsquo;enqu\u00eate"}]},{"@type":"WebSite","@id":"https:\/\/lasentinelle.dz\/#website","url":"https:\/\/lasentinelle.dz\/","name":"La Sentinelle","description":"Quotidien national d&#039;information","publisher":{"@id":"https:\/\/lasentinelle.dz\/#organization"},"potentialAction":[{"@type":"SearchAction","target":{"@type":"EntryPoint","urlTemplate":"https:\/\/lasentinelle.dz\/?s={search_term_string}"},"query-input":{"@type":"PropertyValueSpecification","valueRequired":true,"valueName":"search_term_string"}}],"inLanguage":"fr-FR"},{"@type":"Organization","@id":"https:\/\/lasentinelle.dz\/#organization","name":"Quotidien La Sentinelle","url":"https:\/\/lasentinelle.dz\/","logo":{"@type":"ImageObject","inLanguage":"fr-FR","@id":"https:\/\/lasentinelle.dz\/#\/schema\/logo\/image\/","url":"https:\/\/lasentinelle.dz\/wp-content\/uploads\/2021\/09\/logo-sentinelleSLOGAN-1.png","contentUrl":"https:\/\/lasentinelle.dz\/wp-content\/uploads\/2021\/09\/logo-sentinelleSLOGAN-1.png","width":615,"height":142,"caption":"Quotidien La Sentinelle"},"image":{"@id":"https:\/\/lasentinelle.dz\/#\/schema\/logo\/image\/"},"sameAs":["https:\/\/www.facebook.com\/La-Sentinelle-104059864394773"]},{"@type":"Person","@id":"https:\/\/lasentinelle.dz\/#\/schema\/person\/d865044e22e70a75174ce8bcad3acfb3","name":"La Sentinelle","image":{"@type":"ImageObject","inLanguage":"fr-FR","@id":"https:\/\/secure.gravatar.com\/avatar\/57de8e5d4b15d43fb361a71fbb36338450fe67865b528a43dd10ef7c51a20392?s=96&d=mm&r=g","url":"https:\/\/secure.gravatar.com\/avatar\/57de8e5d4b15d43fb361a71fbb36338450fe67865b528a43dd10ef7c51a20392?s=96&d=mm&r=g","contentUrl":"https:\/\/secure.gravatar.com\/avatar\/57de8e5d4b15d43fb361a71fbb36338450fe67865b528a43dd10ef7c51a20392?s=96&d=mm&r=g","caption":"La Sentinelle"},"sameAs":["http:\/\/www.lasentinelle.dz"],"url":"https:\/\/lasentinelle.dz\/author\/redaction\/"}]}},"_links":{"self":[{"href":"https:\/\/lasentinelle.dz\/index.php\/wp-json\/wp\/v2\/posts\/1951","targetHints":{"allow":["GET"]}}],"collection":[{"href":"https:\/\/lasentinelle.dz\/index.php\/wp-json\/wp\/v2\/posts"}],"about":[{"href":"https:\/\/lasentinelle.dz\/index.php\/wp-json\/wp\/v2\/types\/post"}],"author":[{"embeddable":true,"href":"https:\/\/lasentinelle.dz\/index.php\/wp-json\/wp\/v2\/users\/3"}],"replies":[{"embeddable":true,"href":"https:\/\/lasentinelle.dz\/index.php\/wp-json\/wp\/v2\/comments?post=1951"}],"version-history":[{"count":1,"href":"https:\/\/lasentinelle.dz\/index.php\/wp-json\/wp\/v2\/posts\/1951\/revisions"}],"predecessor-version":[{"id":1972,"href":"https:\/\/lasentinelle.dz\/index.php\/wp-json\/wp\/v2\/posts\/1951\/revisions\/1972"}],"wp:featuredmedia":[{"embeddable":true,"href":"https:\/\/lasentinelle.dz\/index.php\/wp-json\/wp\/v2\/media\/1970"}],"wp:attachment":[{"href":"https:\/\/lasentinelle.dz\/index.php\/wp-json\/wp\/v2\/media?parent=1951"}],"wp:term":[{"taxonomy":"category","embeddable":true,"href":"https:\/\/lasentinelle.dz\/index.php\/wp-json\/wp\/v2\/categories?post=1951"},{"taxonomy":"post_tag","embeddable":true,"href":"https:\/\/lasentinelle.dz\/index.php\/wp-json\/wp\/v2\/tags?post=1951"}],"curies":[{"name":"wp","href":"https:\/\/api.w.org\/{rel}","templated":true}]}}