{"id":19523,"date":"2022-04-07T00:05:00","date_gmt":"2022-04-06T23:05:00","guid":{"rendered":"https:\/\/lasentinelle.dz\/?p=19523"},"modified":"2022-04-06T20:58:01","modified_gmt":"2022-04-06T19:58:01","slug":"participation-de-lalgerie-a-la-mediation-arabe-dans-le-conflit-ukrainien-lefficience-de-la-diplomatie-algerienne-au-service-de-la-paix","status":"publish","type":"post","link":"https:\/\/lasentinelle.dz\/index.php\/2022\/04\/07\/participation-de-lalgerie-a-la-mediation-arabe-dans-le-conflit-ukrainien-lefficience-de-la-diplomatie-algerienne-au-service-de-la-paix\/","title":{"rendered":"Participation de l\u2019Alg\u00e9rie \u00e0 la m\u00e9diation arabe dans le conflit ukrainien\u00a0: L\u2019efficience de la diplomatie alg\u00e9rienne au service de la paix"},"content":{"rendered":"\n<p>La participation&nbsp;de l\u2019Alg\u00e9rie&nbsp;aux&nbsp;efforts de m\u00e9diation pour le r\u00e8glement du conflit Russo-ukrainien est un indicateur de reconnaissance des pays arabes pour le r\u00f4le de la diplomatie alg\u00e9rienne dans le r\u00e8glement de nombreux conflits, a affirm\u00e9 hier&nbsp;le&nbsp;sp\u00e9cialiste des questions internationales Makhlouf Sahel.<\/p>\n\n\n\n<p>Invit\u00e9 \u00e0 s\u2019exprimer sur les ondes de la Radio alg\u00e9rienne, l\u2019expert a expliqu\u00e9 que&nbsp;\u00ab cette m\u00e9diation est tr\u00e8s importante pour&nbsp;La ligue arabe en tant qu\u2019organisation r\u00e9gionale pour qu\u2019elle puisse \u00eatre pr\u00e9sente avec force dans ce genre de dossiers \u00bb.&nbsp;M. Sahel a expliqu\u00e9 en fait que \u00ab la&nbsp;participation&nbsp;de&nbsp;La ligue arabe dans les efforts de m\u00e9diation pour une solution \u00e0 ce conflit est d\u2019une tr\u00e8s grande importance car il \u00e9tablit le fait que le conflit russo-ukrainien n\u2019est pas restreint \u00e0 ces&nbsp;deux pays \u00bb.&nbsp;L\u2019intervenant a \u00e9galement soulign\u00e9 que l\u2019Alg\u00e9rie peut jouer un r\u00f4le tr\u00e8s important dans cette m\u00e9diation au regard de ses relations avec la Russie. Et d\u2019ajouter que&nbsp;l\u2019Alg\u00e9rie peut contribuer \u00e0 faire avancer les efforts de m\u00e9diation en cours pour une solution au conflit.<\/p>\n\n\n\n<p>Par ailleurs, toujours au chapitre de ce sujet d\u2019actualit\u00e9, M. Sahel a indiqu\u00e9 que ce \u00ab conflit est de dimension strat\u00e9gique, car il&nbsp;oppose&nbsp;la Russie&nbsp;au bloc&nbsp;occidental compos\u00e9 de l\u2019Union europ\u00e9enne avec&nbsp;ses 27&nbsp;pays en plus des tats-Unis d\u2019Am\u00e9rique, la Grande Bretagne, l\u2019Australie&nbsp;&nbsp;et le Canada \u00bb. L\u2019expert en questions strat\u00e9giques et internationales expliquera \u00e0 ce sujet que \u00ab la Russie refuse tout d\u00e9ploiement \u00e0 ses fronti\u00e8res de l\u2019Organisation Nord-Atlantique (OTAN) \u00bb, faisant remarquer que la situation actuelle rappelle le conflit en G\u00e9orgie en 2008 \u00bb.<\/p>\n\n\n\n<p>Aussi, tout en rappelant que \u00ab la pr\u00e9sence de la&nbsp;Ligue arabe dans la m\u00e9diation \u00e0 ce conflit est d\u2019une grande importance&nbsp;pour&nbsp;l\u2019\u00e9volution des relations strat\u00e9giques internationales \u00bb, M. Sahel n\u2019a pas manqu\u00e9 de noter que \u00ab la situation pr\u00e9valant actuellement en Ukraine,&nbsp;lequel oppose&nbsp;la Russie au bloc occidental,&nbsp;r\u00e9installe le monde dans une autre guerre froide mais avec des m\u00e9thodes et des moyens diff\u00e9rents de ceux utilis\u00e9s dans les ann\u00e9es 60 du si\u00e8cle&nbsp;dernier&nbsp;\u00bb. Du point de vue g\u00e9ostrat\u00e9gique, explique-t-il, l\u2019on se dirige vers un monde multipolaire qui fera que les Etats-Unis d\u2019Am\u00e9rique ne doit plus se consid\u00e9rer comme l\u2019unique puissance qui domine le monde. L\u2019intervenant&nbsp;expliquera ainsi que l\u2019Oncle Sam devra composer avec&nbsp;la Russie qui \u00ab a pu revenir avec force sur la sc\u00e8ne internationale,&nbsp;en plus de la Chine, pays qui poss\u00e8de des capacit\u00e9s \u00e9conomiques lui permettant d\u2019\u00eatre un pays agissant sur la sc\u00e8ne internationale \u00bb.<\/p>\n\n\n\n<p>Faisant ainsi remarquer qu\u2019au vu de la situation actuelle, \u00ab les \u00e9quilibres internationaux ont subi une grande mutation fondamentale \u00bb,&nbsp;l\u2019expert&nbsp;a tenu \u00e0 rappeler&nbsp;quelques dossiers o\u00f9 l\u2019Alg\u00e9rie a jou\u00e9 un grand r\u00f4le \u00e0 l\u2019instar de la lib\u00e9ration des otages am\u00e9ricains&nbsp;en Iran&nbsp;et le conflit qui a oppos\u00e9 l\u2019Erythr\u00e9e \u00e0 l\u2019Ethiopie outre l\u2019accord entre les parties maliennes en conflit. Des conflits qui montrent le r\u00f4le important de la diplomatie alg\u00e9rienne avec ses principes favorisant le dialogue pour des solutions politiques.&nbsp;<\/p>\n\n\n\n<p><strong>Akli Amor<\/strong><\/p>\n","protected":false},"excerpt":{"rendered":"<p>La participation&nbsp;de l\u2019Alg\u00e9rie&nbsp;aux&nbsp;efforts de m\u00e9diation pour le r\u00e8glement du conflit Russo-ukrainien est un indicateur de reconnaissance des pays arabes pour<\/p>\n","protected":false},"author":3,"featured_media":19535,"comment_status":"open","ping_status":"closed","sticky":false,"template":"","format":"standard","meta":{"colormag_page_container_layout":"default_layout","colormag_page_sidebar_layout":"default_layout","om_disable_all_campaigns":false,"_monsterinsights_skip_tracking":false,"_monsterinsights_sitenote_active":false,"_monsterinsights_sitenote_note":"","_monsterinsights_sitenote_category":0,"footnotes":"","_wpscppro_dont_share_socialmedia":false,"_wpscppro_custom_social_share_image":0,"_facebook_share_type":"","_twitter_share_type":"","_linkedin_share_type":"","_pinterest_share_type":"","_linkedin_share_type_page":"","_instagram_share_type":"","_medium_share_type":"","_threads_share_type":"","_google_business_share_type":"","_selected_social_profile":[],"_wpsp_enable_custom_social_template":false,"_wpsp_social_scheduling":{"enabled":false,"datetime":null,"platforms":[],"status":"template_only","dateOption":"today","timeOption":"now","customDays":"","customHours":"","customDate":"","customTime":"","schedulingType":"absolute"},"_wpsp_active_default_template":true},"categories":[52,27],"tags":[],"class_list":["post-19523","post","type-post","status-publish","format-standard","has-post-thumbnail","hentry","category-a-la-une","category-actualite"],"aioseo_notices":[],"yoast_head":"<!-- This site is optimized with the Yoast SEO plugin v27.5 - https:\/\/yoast.com\/product\/yoast-seo-wordpress\/ -->\n<title>Participation de l\u2019Alg\u00e9rie \u00e0 la m\u00e9diation arabe dans le conflit ukrainien\u00a0: L\u2019efficience de la diplomatie alg\u00e9rienne au service de la paix - La Sentinelle<\/title>\n<meta name=\"robots\" content=\"index, follow, max-snippet:-1, max-image-preview:large, max-video-preview:-1\" \/>\n<link rel=\"canonical\" href=\"https:\/\/lasentinelle.dz\/index.php\/2022\/04\/07\/participation-de-lalgerie-a-la-mediation-arabe-dans-le-conflit-ukrainien-lefficience-de-la-diplomatie-algerienne-au-service-de-la-paix\/\" \/>\n<meta property=\"og:locale\" content=\"fr_FR\" \/>\n<meta property=\"og:type\" content=\"article\" \/>\n<meta property=\"og:title\" content=\"Participation de l\u2019Alg\u00e9rie \u00e0 la m\u00e9diation arabe dans le conflit ukrainien\u00a0: L\u2019efficience de la diplomatie alg\u00e9rienne au service de la paix - La Sentinelle\" \/>\n<meta property=\"og:description\" content=\"La participation&nbsp;de l\u2019Alg\u00e9rie&nbsp;aux&nbsp;efforts de m\u00e9diation pour le r\u00e8glement du conflit Russo-ukrainien est un indicateur de reconnaissance des pays arabes pour\" \/>\n<meta property=\"og:url\" content=\"https:\/\/lasentinelle.dz\/index.php\/2022\/04\/07\/participation-de-lalgerie-a-la-mediation-arabe-dans-le-conflit-ukrainien-lefficience-de-la-diplomatie-algerienne-au-service-de-la-paix\/\" \/>\n<meta property=\"og:site_name\" content=\"La Sentinelle\" \/>\n<meta property=\"article:publisher\" content=\"https:\/\/www.facebook.com\/La-Sentinelle-104059864394773\" \/>\n<meta property=\"article:published_time\" content=\"2022-04-06T23:05:00+00:00\" \/>\n<meta property=\"og:image\" content=\"https:\/\/lasentinelle.dz\/wp-content\/uploads\/2022\/04\/Lamamra.png\" \/>\n\t<meta property=\"og:image:width\" content=\"1600\" \/>\n\t<meta property=\"og:image:height\" content=\"900\" \/>\n\t<meta property=\"og:image:type\" content=\"image\/png\" \/>\n<meta name=\"author\" content=\"La Sentinelle\" \/>\n<meta name=\"twitter:card\" content=\"summary_large_image\" \/>\n<meta name=\"twitter:label1\" content=\"\u00c9crit par\" \/>\n\t<meta name=\"twitter:data1\" content=\"La Sentinelle\" \/>\n\t<meta name=\"twitter:label2\" content=\"Dur\u00e9e de lecture estim\u00e9e\" \/>\n\t<meta name=\"twitter:data2\" content=\"3 minutes\" \/>\n<script type=\"application\/ld+json\" class=\"yoast-schema-graph\">{\"@context\":\"https:\\\/\\\/schema.org\",\"@graph\":[{\"@type\":\"Article\",\"@id\":\"https:\\\/\\\/lasentinelle.dz\\\/index.php\\\/2022\\\/04\\\/07\\\/participation-de-lalgerie-a-la-mediation-arabe-dans-le-conflit-ukrainien-lefficience-de-la-diplomatie-algerienne-au-service-de-la-paix\\\/#article\",\"isPartOf\":{\"@id\":\"https:\\\/\\\/lasentinelle.dz\\\/index.php\\\/2022\\\/04\\\/07\\\/participation-de-lalgerie-a-la-mediation-arabe-dans-le-conflit-ukrainien-lefficience-de-la-diplomatie-algerienne-au-service-de-la-paix\\\/\"},\"author\":{\"name\":\"La Sentinelle\",\"@id\":\"https:\\\/\\\/lasentinelle.dz\\\/#\\\/schema\\\/person\\\/d865044e22e70a75174ce8bcad3acfb3\"},\"headline\":\"Participation de l\u2019Alg\u00e9rie \u00e0 la m\u00e9diation arabe dans le conflit ukrainien\u00a0: L\u2019efficience de la diplomatie alg\u00e9rienne au service de la paix\",\"datePublished\":\"2022-04-06T23:05:00+00:00\",\"mainEntityOfPage\":{\"@id\":\"https:\\\/\\\/lasentinelle.dz\\\/index.php\\\/2022\\\/04\\\/07\\\/participation-de-lalgerie-a-la-mediation-arabe-dans-le-conflit-ukrainien-lefficience-de-la-diplomatie-algerienne-au-service-de-la-paix\\\/\"},\"wordCount\":621,\"commentCount\":0,\"publisher\":{\"@id\":\"https:\\\/\\\/lasentinelle.dz\\\/#organization\"},\"image\":{\"@id\":\"https:\\\/\\\/lasentinelle.dz\\\/index.php\\\/2022\\\/04\\\/07\\\/participation-de-lalgerie-a-la-mediation-arabe-dans-le-conflit-ukrainien-lefficience-de-la-diplomatie-algerienne-au-service-de-la-paix\\\/#primaryimage\"},\"thumbnailUrl\":\"https:\\\/\\\/lasentinelle.dz\\\/wp-content\\\/uploads\\\/2022\\\/04\\\/Lamamra.png\",\"articleSection\":[\"\u00c0 la Une\",\"Actualit\u00e9\"],\"inLanguage\":\"fr-FR\",\"potentialAction\":[{\"@type\":\"CommentAction\",\"name\":\"Comment\",\"target\":[\"https:\\\/\\\/lasentinelle.dz\\\/index.php\\\/2022\\\/04\\\/07\\\/participation-de-lalgerie-a-la-mediation-arabe-dans-le-conflit-ukrainien-lefficience-de-la-diplomatie-algerienne-au-service-de-la-paix\\\/#respond\"]}]},{\"@type\":\"WebPage\",\"@id\":\"https:\\\/\\\/lasentinelle.dz\\\/index.php\\\/2022\\\/04\\\/07\\\/participation-de-lalgerie-a-la-mediation-arabe-dans-le-conflit-ukrainien-lefficience-de-la-diplomatie-algerienne-au-service-de-la-paix\\\/\",\"url\":\"https:\\\/\\\/lasentinelle.dz\\\/index.php\\\/2022\\\/04\\\/07\\\/participation-de-lalgerie-a-la-mediation-arabe-dans-le-conflit-ukrainien-lefficience-de-la-diplomatie-algerienne-au-service-de-la-paix\\\/\",\"name\":\"Participation de l\u2019Alg\u00e9rie \u00e0 la m\u00e9diation arabe dans le conflit ukrainien\u00a0: L\u2019efficience de la diplomatie alg\u00e9rienne au service de la paix - La Sentinelle\",\"isPartOf\":{\"@id\":\"https:\\\/\\\/lasentinelle.dz\\\/#website\"},\"primaryImageOfPage\":{\"@id\":\"https:\\\/\\\/lasentinelle.dz\\\/index.php\\\/2022\\\/04\\\/07\\\/participation-de-lalgerie-a-la-mediation-arabe-dans-le-conflit-ukrainien-lefficience-de-la-diplomatie-algerienne-au-service-de-la-paix\\\/#primaryimage\"},\"image\":{\"@id\":\"https:\\\/\\\/lasentinelle.dz\\\/index.php\\\/2022\\\/04\\\/07\\\/participation-de-lalgerie-a-la-mediation-arabe-dans-le-conflit-ukrainien-lefficience-de-la-diplomatie-algerienne-au-service-de-la-paix\\\/#primaryimage\"},\"thumbnailUrl\":\"https:\\\/\\\/lasentinelle.dz\\\/wp-content\\\/uploads\\\/2022\\\/04\\\/Lamamra.png\",\"datePublished\":\"2022-04-06T23:05:00+00:00\",\"breadcrumb\":{\"@id\":\"https:\\\/\\\/lasentinelle.dz\\\/index.php\\\/2022\\\/04\\\/07\\\/participation-de-lalgerie-a-la-mediation-arabe-dans-le-conflit-ukrainien-lefficience-de-la-diplomatie-algerienne-au-service-de-la-paix\\\/#breadcrumb\"},\"inLanguage\":\"fr-FR\",\"potentialAction\":[{\"@type\":\"ReadAction\",\"target\":[\"https:\\\/\\\/lasentinelle.dz\\\/index.php\\\/2022\\\/04\\\/07\\\/participation-de-lalgerie-a-la-mediation-arabe-dans-le-conflit-ukrainien-lefficience-de-la-diplomatie-algerienne-au-service-de-la-paix\\\/\"]}]},{\"@type\":\"ImageObject\",\"inLanguage\":\"fr-FR\",\"@id\":\"https:\\\/\\\/lasentinelle.dz\\\/index.php\\\/2022\\\/04\\\/07\\\/participation-de-lalgerie-a-la-mediation-arabe-dans-le-conflit-ukrainien-lefficience-de-la-diplomatie-algerienne-au-service-de-la-paix\\\/#primaryimage\",\"url\":\"https:\\\/\\\/lasentinelle.dz\\\/wp-content\\\/uploads\\\/2022\\\/04\\\/Lamamra.png\",\"contentUrl\":\"https:\\\/\\\/lasentinelle.dz\\\/wp-content\\\/uploads\\\/2022\\\/04\\\/Lamamra.png\",\"width\":1600,\"height\":900},{\"@type\":\"BreadcrumbList\",\"@id\":\"https:\\\/\\\/lasentinelle.dz\\\/index.php\\\/2022\\\/04\\\/07\\\/participation-de-lalgerie-a-la-mediation-arabe-dans-le-conflit-ukrainien-lefficience-de-la-diplomatie-algerienne-au-service-de-la-paix\\\/#breadcrumb\",\"itemListElement\":[{\"@type\":\"ListItem\",\"position\":1,\"name\":\"Accueil\",\"item\":\"https:\\\/\\\/lasentinelle.dz\\\/\"},{\"@type\":\"ListItem\",\"position\":2,\"name\":\"Participation de l\u2019Alg\u00e9rie \u00e0 la m\u00e9diation arabe dans le conflit ukrainien\u00a0: L\u2019efficience de la diplomatie alg\u00e9rienne au service de la paix\"}]},{\"@type\":\"WebSite\",\"@id\":\"https:\\\/\\\/lasentinelle.dz\\\/#website\",\"url\":\"https:\\\/\\\/lasentinelle.dz\\\/\",\"name\":\"La Sentinelle\",\"description\":\"Quotidien national d&#039;information\",\"publisher\":{\"@id\":\"https:\\\/\\\/lasentinelle.dz\\\/#organization\"},\"potentialAction\":[{\"@type\":\"SearchAction\",\"target\":{\"@type\":\"EntryPoint\",\"urlTemplate\":\"https:\\\/\\\/lasentinelle.dz\\\/?s={search_term_string}\"},\"query-input\":{\"@type\":\"PropertyValueSpecification\",\"valueRequired\":true,\"valueName\":\"search_term_string\"}}],\"inLanguage\":\"fr-FR\"},{\"@type\":\"Organization\",\"@id\":\"https:\\\/\\\/lasentinelle.dz\\\/#organization\",\"name\":\"Quotidien La Sentinelle\",\"url\":\"https:\\\/\\\/lasentinelle.dz\\\/\",\"logo\":{\"@type\":\"ImageObject\",\"inLanguage\":\"fr-FR\",\"@id\":\"https:\\\/\\\/lasentinelle.dz\\\/#\\\/schema\\\/logo\\\/image\\\/\",\"url\":\"https:\\\/\\\/lasentinelle.dz\\\/wp-content\\\/uploads\\\/2021\\\/09\\\/logo-sentinelleSLOGAN-1.png\",\"contentUrl\":\"https:\\\/\\\/lasentinelle.dz\\\/wp-content\\\/uploads\\\/2021\\\/09\\\/logo-sentinelleSLOGAN-1.png\",\"width\":615,\"height\":142,\"caption\":\"Quotidien La Sentinelle\"},\"image\":{\"@id\":\"https:\\\/\\\/lasentinelle.dz\\\/#\\\/schema\\\/logo\\\/image\\\/\"},\"sameAs\":[\"https:\\\/\\\/www.facebook.com\\\/La-Sentinelle-104059864394773\"]},{\"@type\":\"Person\",\"@id\":\"https:\\\/\\\/lasentinelle.dz\\\/#\\\/schema\\\/person\\\/d865044e22e70a75174ce8bcad3acfb3\",\"name\":\"La Sentinelle\",\"image\":{\"@type\":\"ImageObject\",\"inLanguage\":\"fr-FR\",\"@id\":\"https:\\\/\\\/secure.gravatar.com\\\/avatar\\\/57de8e5d4b15d43fb361a71fbb36338450fe67865b528a43dd10ef7c51a20392?s=96&d=mm&r=g\",\"url\":\"https:\\\/\\\/secure.gravatar.com\\\/avatar\\\/57de8e5d4b15d43fb361a71fbb36338450fe67865b528a43dd10ef7c51a20392?s=96&d=mm&r=g\",\"contentUrl\":\"https:\\\/\\\/secure.gravatar.com\\\/avatar\\\/57de8e5d4b15d43fb361a71fbb36338450fe67865b528a43dd10ef7c51a20392?s=96&d=mm&r=g\",\"caption\":\"La Sentinelle\"},\"sameAs\":[\"http:\\\/\\\/www.lasentinelle.dz\"],\"url\":\"https:\\\/\\\/lasentinelle.dz\\\/author\\\/redaction\\\/\"}]}<\/script>\n<!-- \/ Yoast SEO plugin. -->","yoast_head_json":{"title":"Participation de l\u2019Alg\u00e9rie \u00e0 la m\u00e9diation arabe dans le conflit ukrainien\u00a0: L\u2019efficience de la diplomatie alg\u00e9rienne au service de la paix - La Sentinelle","robots":{"index":"index","follow":"follow","max-snippet":"max-snippet:-1","max-image-preview":"max-image-preview:large","max-video-preview":"max-video-preview:-1"},"canonical":"https:\/\/lasentinelle.dz\/index.php\/2022\/04\/07\/participation-de-lalgerie-a-la-mediation-arabe-dans-le-conflit-ukrainien-lefficience-de-la-diplomatie-algerienne-au-service-de-la-paix\/","og_locale":"fr_FR","og_type":"article","og_title":"Participation de l\u2019Alg\u00e9rie \u00e0 la m\u00e9diation arabe dans le conflit ukrainien\u00a0: L\u2019efficience de la diplomatie alg\u00e9rienne au service de la paix - La Sentinelle","og_description":"La participation&nbsp;de l\u2019Alg\u00e9rie&nbsp;aux&nbsp;efforts de m\u00e9diation pour le r\u00e8glement du conflit Russo-ukrainien est un indicateur de reconnaissance des pays arabes pour","og_url":"https:\/\/lasentinelle.dz\/index.php\/2022\/04\/07\/participation-de-lalgerie-a-la-mediation-arabe-dans-le-conflit-ukrainien-lefficience-de-la-diplomatie-algerienne-au-service-de-la-paix\/","og_site_name":"La Sentinelle","article_publisher":"https:\/\/www.facebook.com\/La-Sentinelle-104059864394773","article_published_time":"2022-04-06T23:05:00+00:00","og_image":[{"width":1600,"height":900,"url":"https:\/\/lasentinelle.dz\/wp-content\/uploads\/2022\/04\/Lamamra.png","type":"image\/png"}],"author":"La Sentinelle","twitter_card":"summary_large_image","twitter_misc":{"\u00c9crit par":"La Sentinelle","Dur\u00e9e de lecture estim\u00e9e":"3 minutes"},"schema":{"@context":"https:\/\/schema.org","@graph":[{"@type":"Article","@id":"https:\/\/lasentinelle.dz\/index.php\/2022\/04\/07\/participation-de-lalgerie-a-la-mediation-arabe-dans-le-conflit-ukrainien-lefficience-de-la-diplomatie-algerienne-au-service-de-la-paix\/#article","isPartOf":{"@id":"https:\/\/lasentinelle.dz\/index.php\/2022\/04\/07\/participation-de-lalgerie-a-la-mediation-arabe-dans-le-conflit-ukrainien-lefficience-de-la-diplomatie-algerienne-au-service-de-la-paix\/"},"author":{"name":"La Sentinelle","@id":"https:\/\/lasentinelle.dz\/#\/schema\/person\/d865044e22e70a75174ce8bcad3acfb3"},"headline":"Participation de l\u2019Alg\u00e9rie \u00e0 la m\u00e9diation arabe dans le conflit ukrainien\u00a0: L\u2019efficience de la diplomatie alg\u00e9rienne au service de la paix","datePublished":"2022-04-06T23:05:00+00:00","mainEntityOfPage":{"@id":"https:\/\/lasentinelle.dz\/index.php\/2022\/04\/07\/participation-de-lalgerie-a-la-mediation-arabe-dans-le-conflit-ukrainien-lefficience-de-la-diplomatie-algerienne-au-service-de-la-paix\/"},"wordCount":621,"commentCount":0,"publisher":{"@id":"https:\/\/lasentinelle.dz\/#organization"},"image":{"@id":"https:\/\/lasentinelle.dz\/index.php\/2022\/04\/07\/participation-de-lalgerie-a-la-mediation-arabe-dans-le-conflit-ukrainien-lefficience-de-la-diplomatie-algerienne-au-service-de-la-paix\/#primaryimage"},"thumbnailUrl":"https:\/\/lasentinelle.dz\/wp-content\/uploads\/2022\/04\/Lamamra.png","articleSection":["\u00c0 la Une","Actualit\u00e9"],"inLanguage":"fr-FR","potentialAction":[{"@type":"CommentAction","name":"Comment","target":["https:\/\/lasentinelle.dz\/index.php\/2022\/04\/07\/participation-de-lalgerie-a-la-mediation-arabe-dans-le-conflit-ukrainien-lefficience-de-la-diplomatie-algerienne-au-service-de-la-paix\/#respond"]}]},{"@type":"WebPage","@id":"https:\/\/lasentinelle.dz\/index.php\/2022\/04\/07\/participation-de-lalgerie-a-la-mediation-arabe-dans-le-conflit-ukrainien-lefficience-de-la-diplomatie-algerienne-au-service-de-la-paix\/","url":"https:\/\/lasentinelle.dz\/index.php\/2022\/04\/07\/participation-de-lalgerie-a-la-mediation-arabe-dans-le-conflit-ukrainien-lefficience-de-la-diplomatie-algerienne-au-service-de-la-paix\/","name":"Participation de l\u2019Alg\u00e9rie \u00e0 la m\u00e9diation arabe dans le conflit ukrainien\u00a0: L\u2019efficience de la diplomatie alg\u00e9rienne au service de la paix - La Sentinelle","isPartOf":{"@id":"https:\/\/lasentinelle.dz\/#website"},"primaryImageOfPage":{"@id":"https:\/\/lasentinelle.dz\/index.php\/2022\/04\/07\/participation-de-lalgerie-a-la-mediation-arabe-dans-le-conflit-ukrainien-lefficience-de-la-diplomatie-algerienne-au-service-de-la-paix\/#primaryimage"},"image":{"@id":"https:\/\/lasentinelle.dz\/index.php\/2022\/04\/07\/participation-de-lalgerie-a-la-mediation-arabe-dans-le-conflit-ukrainien-lefficience-de-la-diplomatie-algerienne-au-service-de-la-paix\/#primaryimage"},"thumbnailUrl":"https:\/\/lasentinelle.dz\/wp-content\/uploads\/2022\/04\/Lamamra.png","datePublished":"2022-04-06T23:05:00+00:00","breadcrumb":{"@id":"https:\/\/lasentinelle.dz\/index.php\/2022\/04\/07\/participation-de-lalgerie-a-la-mediation-arabe-dans-le-conflit-ukrainien-lefficience-de-la-diplomatie-algerienne-au-service-de-la-paix\/#breadcrumb"},"inLanguage":"fr-FR","potentialAction":[{"@type":"ReadAction","target":["https:\/\/lasentinelle.dz\/index.php\/2022\/04\/07\/participation-de-lalgerie-a-la-mediation-arabe-dans-le-conflit-ukrainien-lefficience-de-la-diplomatie-algerienne-au-service-de-la-paix\/"]}]},{"@type":"ImageObject","inLanguage":"fr-FR","@id":"https:\/\/lasentinelle.dz\/index.php\/2022\/04\/07\/participation-de-lalgerie-a-la-mediation-arabe-dans-le-conflit-ukrainien-lefficience-de-la-diplomatie-algerienne-au-service-de-la-paix\/#primaryimage","url":"https:\/\/lasentinelle.dz\/wp-content\/uploads\/2022\/04\/Lamamra.png","contentUrl":"https:\/\/lasentinelle.dz\/wp-content\/uploads\/2022\/04\/Lamamra.png","width":1600,"height":900},{"@type":"BreadcrumbList","@id":"https:\/\/lasentinelle.dz\/index.php\/2022\/04\/07\/participation-de-lalgerie-a-la-mediation-arabe-dans-le-conflit-ukrainien-lefficience-de-la-diplomatie-algerienne-au-service-de-la-paix\/#breadcrumb","itemListElement":[{"@type":"ListItem","position":1,"name":"Accueil","item":"https:\/\/lasentinelle.dz\/"},{"@type":"ListItem","position":2,"name":"Participation de l\u2019Alg\u00e9rie \u00e0 la m\u00e9diation arabe dans le conflit ukrainien\u00a0: L\u2019efficience de la diplomatie alg\u00e9rienne au service de la paix"}]},{"@type":"WebSite","@id":"https:\/\/lasentinelle.dz\/#website","url":"https:\/\/lasentinelle.dz\/","name":"La Sentinelle","description":"Quotidien national d&#039;information","publisher":{"@id":"https:\/\/lasentinelle.dz\/#organization"},"potentialAction":[{"@type":"SearchAction","target":{"@type":"EntryPoint","urlTemplate":"https:\/\/lasentinelle.dz\/?s={search_term_string}"},"query-input":{"@type":"PropertyValueSpecification","valueRequired":true,"valueName":"search_term_string"}}],"inLanguage":"fr-FR"},{"@type":"Organization","@id":"https:\/\/lasentinelle.dz\/#organization","name":"Quotidien La Sentinelle","url":"https:\/\/lasentinelle.dz\/","logo":{"@type":"ImageObject","inLanguage":"fr-FR","@id":"https:\/\/lasentinelle.dz\/#\/schema\/logo\/image\/","url":"https:\/\/lasentinelle.dz\/wp-content\/uploads\/2021\/09\/logo-sentinelleSLOGAN-1.png","contentUrl":"https:\/\/lasentinelle.dz\/wp-content\/uploads\/2021\/09\/logo-sentinelleSLOGAN-1.png","width":615,"height":142,"caption":"Quotidien La Sentinelle"},"image":{"@id":"https:\/\/lasentinelle.dz\/#\/schema\/logo\/image\/"},"sameAs":["https:\/\/www.facebook.com\/La-Sentinelle-104059864394773"]},{"@type":"Person","@id":"https:\/\/lasentinelle.dz\/#\/schema\/person\/d865044e22e70a75174ce8bcad3acfb3","name":"La Sentinelle","image":{"@type":"ImageObject","inLanguage":"fr-FR","@id":"https:\/\/secure.gravatar.com\/avatar\/57de8e5d4b15d43fb361a71fbb36338450fe67865b528a43dd10ef7c51a20392?s=96&d=mm&r=g","url":"https:\/\/secure.gravatar.com\/avatar\/57de8e5d4b15d43fb361a71fbb36338450fe67865b528a43dd10ef7c51a20392?s=96&d=mm&r=g","contentUrl":"https:\/\/secure.gravatar.com\/avatar\/57de8e5d4b15d43fb361a71fbb36338450fe67865b528a43dd10ef7c51a20392?s=96&d=mm&r=g","caption":"La Sentinelle"},"sameAs":["http:\/\/www.lasentinelle.dz"],"url":"https:\/\/lasentinelle.dz\/author\/redaction\/"}]}},"_links":{"self":[{"href":"https:\/\/lasentinelle.dz\/index.php\/wp-json\/wp\/v2\/posts\/19523","targetHints":{"allow":["GET"]}}],"collection":[{"href":"https:\/\/lasentinelle.dz\/index.php\/wp-json\/wp\/v2\/posts"}],"about":[{"href":"https:\/\/lasentinelle.dz\/index.php\/wp-json\/wp\/v2\/types\/post"}],"author":[{"embeddable":true,"href":"https:\/\/lasentinelle.dz\/index.php\/wp-json\/wp\/v2\/users\/3"}],"replies":[{"embeddable":true,"href":"https:\/\/lasentinelle.dz\/index.php\/wp-json\/wp\/v2\/comments?post=19523"}],"version-history":[{"count":1,"href":"https:\/\/lasentinelle.dz\/index.php\/wp-json\/wp\/v2\/posts\/19523\/revisions"}],"predecessor-version":[{"id":19542,"href":"https:\/\/lasentinelle.dz\/index.php\/wp-json\/wp\/v2\/posts\/19523\/revisions\/19542"}],"wp:featuredmedia":[{"embeddable":true,"href":"https:\/\/lasentinelle.dz\/index.php\/wp-json\/wp\/v2\/media\/19535"}],"wp:attachment":[{"href":"https:\/\/lasentinelle.dz\/index.php\/wp-json\/wp\/v2\/media?parent=19523"}],"wp:term":[{"taxonomy":"category","embeddable":true,"href":"https:\/\/lasentinelle.dz\/index.php\/wp-json\/wp\/v2\/categories?post=19523"},{"taxonomy":"post_tag","embeddable":true,"href":"https:\/\/lasentinelle.dz\/index.php\/wp-json\/wp\/v2\/tags?post=19523"}],"curies":[{"name":"wp","href":"https:\/\/api.w.org\/{rel}","templated":true}]}}