{"id":19532,"date":"2022-04-07T00:05:00","date_gmt":"2022-04-06T23:05:00","guid":{"rendered":"https:\/\/lasentinelle.dz\/?p=19532"},"modified":"2022-04-06T20:58:20","modified_gmt":"2022-04-06T19:58:20","slug":"revelations-des-terroristes-captures-a-skikda-rachad-et-al-qaida-les-deux-visages-du-terrorisme","status":"publish","type":"post","link":"https:\/\/lasentinelle.dz\/index.php\/2022\/04\/07\/revelations-des-terroristes-captures-a-skikda-rachad-et-al-qaida-les-deux-visages-du-terrorisme\/","title":{"rendered":"R\u00e9v\u00e9lations des terroristes captur\u00e9s \u00e0 Skikda : Rachad et Al Qaida, les deux visages du terrorisme"},"content":{"rendered":"\n<p>Diffus\u00e9s hier, les aveux film\u00e9s des terroristes r\u00e9cemment captur\u00e9s dans les massifs de la wilaya de Skikda l\u00e8vent le voile sur un projet malfaisant que cible les fondements de l\u2019\u00c9tat et de la Nation alg\u00e9rienne. Un projet promu par l\u2019organisation terroriste Rachad et ses alli\u00e9s d\u2019Al Qaida au Maghreb islamique (AQMI), ainsi que les groupuscules terroristes \u00e0 l\u2019\u0153uvre dans notre pays.&nbsp;<\/p>\n\n\n\n<p>Captur\u00e9s \u00e0 Skikda par les forces de s\u00e9curit\u00e9, les terroristes ont fait des r\u00e9v\u00e9lations dans lesquelles ils ont d\u00e9taill\u00e9 l\u2019ensemble de leurs actions qu\u2019ils menaient depuis qu\u2019ils ralli\u00e9 les maquis terroristes mais ont aussi sur leurs sombres desseins en menant des actions terroristes de grande envergure \u00e0 l\u2019int\u00e9rieur du pays et commandit\u00e9es depuis l\u2019\u00e9tranger, sous l\u2019impulsion de organisation terroriste de Rachad et les accointances de celle ci avec l\u2019organisation terroriste d\u2019El Qaida au Sahel guid\u00e9e par&nbsp; Droukdel. L\u2019un des terroristes captur\u00e9s a r\u00e9v\u00e9l\u00e9 \u00abl\u2019existence de contacts secrets entre le groupe dans lequel il activait et Larbi Zitout et l\u2019organisation de Droukdel\u00bb. Dans leurs aveux, chacun des terroriste indique avoir accompli une mission bien \u00ab sp\u00e9cifique\u00bb allant de simples contacts jusqu\u2019\u00e0 l\u2019ex\u00e9cution des actes terroristes. D\u2019ailleurs, fera savoir l\u2019un des terroriste arr\u00eat\u00e9s, \u00abils se pr\u00e9paraient \u00e0 accomplir une attaque \u00e0 l\u2019aide d\u2019une voiture pi\u00e9g\u00e9e contre le commissariat de Mekla dans la wilaya de Tizi Ouzou. Et un autre de r\u00e9v\u00e9ler que son \u00abgroupe s\u2019appr\u00e9tait \u00e0 lancer une offensive contre une entreprise de s\u00e9curit\u00e9 travaillant pour&nbsp; la Sonelgaz\u00bb, en plus du recrutement&nbsp; jeunes&nbsp; individus qu\u2019ils utilisent dans leurs diff\u00e9rentes actions. Le nomm\u00e9 Leslous Madani, alias Cheikh Asim Abou Hayyan, \u00abgrand Mufti des groupes terroristes, a r\u00e9v\u00e9l\u00e9 de \u00abnombreux d\u00e9tails sur l&rsquo;action arm\u00e9e et les \u00e9l\u00e9ments des groupes terroristes qu\u2019il a rejoints depuis 1994\u00bb.&nbsp; Le terroriste se pr\u00e9sentait comme juge charia du groupe, titulaire d&rsquo;une licence en sciences administratives et juridiques, dipl\u00f4m\u00e9 de la facult\u00e9 de droit de Ben Aknoun. Avant de rejoindre les groupes terroristes, il \u00e9tait imam ou pr\u00e9dicateur dans l&rsquo;un des mosqu\u00e9es de la capitale dans le quartier \u00ab La Glaci\u00e8re\u00bb, puis a d\u00e9m\u00e9nag\u00e9 \u00e0 Bir Khadem. Il a annonc\u00e9 son repentir. Il a appel\u00e9 les r\u00e9sidus du terrorisme \u00e0 \u00ab\u00a0renoncer d\u00e9finitivement \u00e0 l&rsquo;action arm\u00e9e et ne plus suivre les ordres\u00a0\u00bb du chef terroriste Youssef El-Annabi.<\/p>\n\n\n\n<p>\u00ab\u00a0Je me suis repenti de l&rsquo;action terroriste arm\u00e9e et c\u2019est totalement convaincu que j\u2019appelle les r\u00e9sidus du terrorisme \u00e0 revenir au droit chemin\u00a0\u00bb, a-t-il dit. \u00ab\u00a0Je suis aujourd\u2019hui entre les mains des forces de s\u00e9curit\u00e9. J\u2019ai \u00e9t\u00e9 trait\u00e9 convenablement et je ne m&rsquo;adresse pas \u00e0 vous sous pression. Au contraire, je parle parce que telle est ma volont\u00e9\u00a0\u00bb, a-t-il dit.<\/p>\n\n\n\n<p>Leslous Madani, qui a rejoint les groupes terroristes en 1994, plus pr\u00e9cis\u00e9ment la katiba de Jbel Ellouh, a avou\u00e9 avoir \u00ab\u00a0fait du tort au peuple alg\u00e9rien qui a \u00e9norm\u00e9ment p\u00e2ti de l&rsquo;action terroriste arm\u00e9e dans sa chair, son honneur et son argent\u00a0\u00bb, demandant \u00ab\u00a0pardon \u00e0 tous, \u00e0 l&rsquo;Arm\u00e9e nationale populaire et \u00e0 l&rsquo;ensemble des corps de s\u00e9curit\u00e9\u00a0\u00bb. Revenant sur son adh\u00e9sion aux groupes terroristes, il a indiqu\u00e9 que \u00ab\u00a0Cheikh Abdelkader Saouane\u00a0\u00bb lui avait confi\u00e9 une t\u00e2che juridictionnelle, c&rsquo;est-\u00e0-dire de trancher les diff\u00e9rends entre les \u00e9l\u00e9ments de ce groupe, tout en le chargeant \u00ab\u00a0d&rsquo;inciter\u00a0\u00bb les citoyens \u00e0 rejoindre des groupes terroristes et les convaincre de la \u00ab\u00a0l\u00e9gitimit\u00e9\u00a0\u00bb du \u00ab\u00a0Djihad\u00a0\u00bb, dira-t-il. \u00ab\u00a0Au d\u00e9but, je me suis rendu compte que j\u2019ignorais \u00e9norm\u00e9ment de d\u00e9tails de l\u2019action arm\u00e9e, puis, j&rsquo;ai fini par adopter leur approche et partager leurs diverses actions jusqu\u2019\u00e0 ce que je sois devenu un membre du groupe, voire plus, officier de justice, juge, imam et m\u00eame Moufti\u00a0\u00bb, pr\u00e9cise le terroriste. Vers la fin de l\u2019ann\u00e9e 1995 et le d\u00e9but de 1996, poursuit le terroriste, \u00ab\u00a0je me rends compte de la dangerosit\u00e9 de la chose, en ce sens que l&rsquo;action arm\u00e9e aura des cons\u00e9quences d\u00e9sastreuses\u00a0\u00bb.<\/p>\n\n\n\n<p>Il a \u00e9galement d\u00e9clar\u00e9 avoir eu des contacts avec le terroriste Djamel Zitouni, dit Abderrahmane Abou Amin, qu&rsquo;il connaissait personnellement \u00e0 Bir Khadem dans la capitale. Et de reprendre: \u00ab\u00a0j\u2019ai fini par saisir que l&rsquo;action arm\u00e9e menait vers la d\u00e9pravation, dans la mesure o\u00f9 violence et fausses accusations commen\u00e7aient \u00e0 surgir\u00a0\u00bb. \u00ab\u00a0Aujourd&rsquo;hui, et apr\u00e8s 28 ans dans l&rsquo;action arm\u00e9e, j\u2019annonce mon repentir et mon regret de m\u2019y \u00eatre laiss\u00e9 entra\u00eener dans cette action que je r\u00e9pudie solennellement\u00a0\u00bb, a-t-il annonc\u00e9. Estimant que \u00ab\u00a0les individus \u00e0 l&rsquo;origine du d\u00e9clenchement de l&rsquo;action arm\u00e9e n&rsquo;\u00e9taient pas \u00e0 la hauteur\u00a0\u00bb, il a indiqu\u00e9 qu&rsquo;en sa qualit\u00e9 d'\u00a0\u00bb\u00e9mir de la r\u00e9gion de l&rsquo;Ouest sous la banni\u00e8re du Groupe salafiste pour la pr\u00e9dication et le combat (GSPC), de 2004 \u00e0 2008, je connais bien ses \u00e9mirs et son Conseil de la Choura. Durant cette p\u00e9riode, le nombre de combattants dans la r\u00e9gion oscillait entre 150 et 160 jusqu&rsquo;au moment o\u00f9 on m&rsquo;a confi\u00e9 une mission \u00e0 Tizi Ouzou\u00a0\u00bb. Il a r\u00e9v\u00e9l\u00e9 \u00e0 cet \u00e9gard que \u00ab\u00a0le d\u00e9nomm\u00e9 Abdelhafid Abou Tammam qui a repris l&rsquo;Emirat apr\u00e8s lui a \u00e9t\u00e9 \u00e9limin\u00e9 l&rsquo;ann\u00e9e derni\u00e8re avant d&rsquo;\u00eatre remplac\u00e9 par Abou Khalil Idris\u00a0\u00bb.<\/p>\n\n\n\n<p>Pour rappel, le 16 mars dernier, des d\u00e9tachements de l&rsquo;ANP avaient captur\u00e9, dans la for\u00eat d&rsquo;Oued Edouar pr\u00e8s de la commune de Beni Zid, Da\u00efra de Collo, willaya de Skikda, sept terroristes et d\u00e9couvert le cadavre d\u2019un autre terroriste, bless\u00e9 lors de la derni\u00e8re op\u00e9ration men\u00e9e le 19 f\u00e9vrier dernier\u00a0\u00bb.<\/p>\n\n\n\n<p><strong>Amar Malki<\/strong><\/p>\n","protected":false},"excerpt":{"rendered":"<p>Diffus\u00e9s hier, les aveux film\u00e9s des terroristes r\u00e9cemment captur\u00e9s dans les massifs de la wilaya de Skikda l\u00e8vent le voile<\/p>\n","protected":false},"author":3,"featured_media":19546,"comment_status":"open","ping_status":"closed","sticky":false,"template":"","format":"standard","meta":{"colormag_page_container_layout":"default_layout","colormag_page_sidebar_layout":"default_layout","om_disable_all_campaigns":false,"_monsterinsights_skip_tracking":false,"_monsterinsights_sitenote_active":false,"_monsterinsights_sitenote_note":"","_monsterinsights_sitenote_category":0,"footnotes":"","_wpscppro_dont_share_socialmedia":false,"_wpscppro_custom_social_share_image":0,"_facebook_share_type":"","_twitter_share_type":"","_linkedin_share_type":"","_pinterest_share_type":"","_linkedin_share_type_page":"","_instagram_share_type":"","_medium_share_type":"","_threads_share_type":"","_google_business_share_type":"","_selected_social_profile":[],"_wpsp_enable_custom_social_template":false,"_wpsp_social_scheduling":{"enabled":false,"datetime":null,"platforms":[],"status":"template_only","dateOption":"today","timeOption":"now","customDays":"","customHours":"","customDate":"","customTime":"","schedulingType":"absolute"},"_wpsp_active_default_template":true},"categories":[52,27],"tags":[],"class_list":["post-19532","post","type-post","status-publish","format-standard","has-post-thumbnail","hentry","category-a-la-une","category-actualite"],"aioseo_notices":[],"yoast_head":"<!-- This site is optimized with the Yoast SEO plugin v27.5 - https:\/\/yoast.com\/product\/yoast-seo-wordpress\/ -->\n<title>R\u00e9v\u00e9lations des terroristes captur\u00e9s \u00e0 Skikda : Rachad et Al Qaida, les deux visages du terrorisme - La Sentinelle<\/title>\n<meta name=\"robots\" content=\"index, follow, max-snippet:-1, max-image-preview:large, max-video-preview:-1\" \/>\n<link rel=\"canonical\" href=\"https:\/\/lasentinelle.dz\/index.php\/2022\/04\/07\/revelations-des-terroristes-captures-a-skikda-rachad-et-al-qaida-les-deux-visages-du-terrorisme\/\" \/>\n<meta property=\"og:locale\" content=\"fr_FR\" \/>\n<meta property=\"og:type\" content=\"article\" \/>\n<meta property=\"og:title\" content=\"R\u00e9v\u00e9lations des terroristes captur\u00e9s \u00e0 Skikda : Rachad et Al Qaida, les deux visages du terrorisme - La Sentinelle\" \/>\n<meta property=\"og:description\" content=\"Diffus\u00e9s hier, les aveux film\u00e9s des terroristes r\u00e9cemment captur\u00e9s dans les massifs de la wilaya de Skikda l\u00e8vent le voile\" \/>\n<meta property=\"og:url\" content=\"https:\/\/lasentinelle.dz\/index.php\/2022\/04\/07\/revelations-des-terroristes-captures-a-skikda-rachad-et-al-qaida-les-deux-visages-du-terrorisme\/\" \/>\n<meta property=\"og:site_name\" content=\"La Sentinelle\" \/>\n<meta property=\"article:publisher\" content=\"https:\/\/www.facebook.com\/La-Sentinelle-104059864394773\" \/>\n<meta property=\"article:published_time\" content=\"2022-04-06T23:05:00+00:00\" \/>\n<meta property=\"og:image\" content=\"https:\/\/lasentinelle.dz\/wp-content\/uploads\/2022\/04\/zit.png\" \/>\n\t<meta property=\"og:image:width\" content=\"903\" \/>\n\t<meta property=\"og:image:height\" content=\"900\" \/>\n\t<meta property=\"og:image:type\" content=\"image\/png\" \/>\n<meta name=\"author\" content=\"La Sentinelle\" \/>\n<meta name=\"twitter:card\" content=\"summary_large_image\" \/>\n<meta name=\"twitter:label1\" content=\"\u00c9crit par\" \/>\n\t<meta name=\"twitter:data1\" content=\"La Sentinelle\" \/>\n\t<meta name=\"twitter:label2\" content=\"Dur\u00e9e de lecture estim\u00e9e\" \/>\n\t<meta name=\"twitter:data2\" content=\"5 minutes\" \/>\n<script type=\"application\/ld+json\" class=\"yoast-schema-graph\">{\"@context\":\"https:\\\/\\\/schema.org\",\"@graph\":[{\"@type\":\"Article\",\"@id\":\"https:\\\/\\\/lasentinelle.dz\\\/index.php\\\/2022\\\/04\\\/07\\\/revelations-des-terroristes-captures-a-skikda-rachad-et-al-qaida-les-deux-visages-du-terrorisme\\\/#article\",\"isPartOf\":{\"@id\":\"https:\\\/\\\/lasentinelle.dz\\\/index.php\\\/2022\\\/04\\\/07\\\/revelations-des-terroristes-captures-a-skikda-rachad-et-al-qaida-les-deux-visages-du-terrorisme\\\/\"},\"author\":{\"name\":\"La Sentinelle\",\"@id\":\"https:\\\/\\\/lasentinelle.dz\\\/#\\\/schema\\\/person\\\/d865044e22e70a75174ce8bcad3acfb3\"},\"headline\":\"R\u00e9v\u00e9lations des terroristes captur\u00e9s \u00e0 Skikda : Rachad et Al Qaida, les deux visages du terrorisme\",\"datePublished\":\"2022-04-06T23:05:00+00:00\",\"mainEntityOfPage\":{\"@id\":\"https:\\\/\\\/lasentinelle.dz\\\/index.php\\\/2022\\\/04\\\/07\\\/revelations-des-terroristes-captures-a-skikda-rachad-et-al-qaida-les-deux-visages-du-terrorisme\\\/\"},\"wordCount\":1018,\"commentCount\":0,\"publisher\":{\"@id\":\"https:\\\/\\\/lasentinelle.dz\\\/#organization\"},\"image\":{\"@id\":\"https:\\\/\\\/lasentinelle.dz\\\/index.php\\\/2022\\\/04\\\/07\\\/revelations-des-terroristes-captures-a-skikda-rachad-et-al-qaida-les-deux-visages-du-terrorisme\\\/#primaryimage\"},\"thumbnailUrl\":\"https:\\\/\\\/lasentinelle.dz\\\/wp-content\\\/uploads\\\/2022\\\/04\\\/zit.png\",\"articleSection\":[\"\u00c0 la Une\",\"Actualit\u00e9\"],\"inLanguage\":\"fr-FR\",\"potentialAction\":[{\"@type\":\"CommentAction\",\"name\":\"Comment\",\"target\":[\"https:\\\/\\\/lasentinelle.dz\\\/index.php\\\/2022\\\/04\\\/07\\\/revelations-des-terroristes-captures-a-skikda-rachad-et-al-qaida-les-deux-visages-du-terrorisme\\\/#respond\"]}]},{\"@type\":\"WebPage\",\"@id\":\"https:\\\/\\\/lasentinelle.dz\\\/index.php\\\/2022\\\/04\\\/07\\\/revelations-des-terroristes-captures-a-skikda-rachad-et-al-qaida-les-deux-visages-du-terrorisme\\\/\",\"url\":\"https:\\\/\\\/lasentinelle.dz\\\/index.php\\\/2022\\\/04\\\/07\\\/revelations-des-terroristes-captures-a-skikda-rachad-et-al-qaida-les-deux-visages-du-terrorisme\\\/\",\"name\":\"R\u00e9v\u00e9lations des terroristes captur\u00e9s \u00e0 Skikda : Rachad et Al Qaida, les deux visages du terrorisme - La Sentinelle\",\"isPartOf\":{\"@id\":\"https:\\\/\\\/lasentinelle.dz\\\/#website\"},\"primaryImageOfPage\":{\"@id\":\"https:\\\/\\\/lasentinelle.dz\\\/index.php\\\/2022\\\/04\\\/07\\\/revelations-des-terroristes-captures-a-skikda-rachad-et-al-qaida-les-deux-visages-du-terrorisme\\\/#primaryimage\"},\"image\":{\"@id\":\"https:\\\/\\\/lasentinelle.dz\\\/index.php\\\/2022\\\/04\\\/07\\\/revelations-des-terroristes-captures-a-skikda-rachad-et-al-qaida-les-deux-visages-du-terrorisme\\\/#primaryimage\"},\"thumbnailUrl\":\"https:\\\/\\\/lasentinelle.dz\\\/wp-content\\\/uploads\\\/2022\\\/04\\\/zit.png\",\"datePublished\":\"2022-04-06T23:05:00+00:00\",\"breadcrumb\":{\"@id\":\"https:\\\/\\\/lasentinelle.dz\\\/index.php\\\/2022\\\/04\\\/07\\\/revelations-des-terroristes-captures-a-skikda-rachad-et-al-qaida-les-deux-visages-du-terrorisme\\\/#breadcrumb\"},\"inLanguage\":\"fr-FR\",\"potentialAction\":[{\"@type\":\"ReadAction\",\"target\":[\"https:\\\/\\\/lasentinelle.dz\\\/index.php\\\/2022\\\/04\\\/07\\\/revelations-des-terroristes-captures-a-skikda-rachad-et-al-qaida-les-deux-visages-du-terrorisme\\\/\"]}]},{\"@type\":\"ImageObject\",\"inLanguage\":\"fr-FR\",\"@id\":\"https:\\\/\\\/lasentinelle.dz\\\/index.php\\\/2022\\\/04\\\/07\\\/revelations-des-terroristes-captures-a-skikda-rachad-et-al-qaida-les-deux-visages-du-terrorisme\\\/#primaryimage\",\"url\":\"https:\\\/\\\/lasentinelle.dz\\\/wp-content\\\/uploads\\\/2022\\\/04\\\/zit.png\",\"contentUrl\":\"https:\\\/\\\/lasentinelle.dz\\\/wp-content\\\/uploads\\\/2022\\\/04\\\/zit.png\",\"width\":903,\"height\":900},{\"@type\":\"BreadcrumbList\",\"@id\":\"https:\\\/\\\/lasentinelle.dz\\\/index.php\\\/2022\\\/04\\\/07\\\/revelations-des-terroristes-captures-a-skikda-rachad-et-al-qaida-les-deux-visages-du-terrorisme\\\/#breadcrumb\",\"itemListElement\":[{\"@type\":\"ListItem\",\"position\":1,\"name\":\"Accueil\",\"item\":\"https:\\\/\\\/lasentinelle.dz\\\/\"},{\"@type\":\"ListItem\",\"position\":2,\"name\":\"R\u00e9v\u00e9lations des terroristes captur\u00e9s \u00e0 Skikda : Rachad et Al Qaida, les deux visages du terrorisme\"}]},{\"@type\":\"WebSite\",\"@id\":\"https:\\\/\\\/lasentinelle.dz\\\/#website\",\"url\":\"https:\\\/\\\/lasentinelle.dz\\\/\",\"name\":\"La Sentinelle\",\"description\":\"Quotidien national d&#039;information\",\"publisher\":{\"@id\":\"https:\\\/\\\/lasentinelle.dz\\\/#organization\"},\"potentialAction\":[{\"@type\":\"SearchAction\",\"target\":{\"@type\":\"EntryPoint\",\"urlTemplate\":\"https:\\\/\\\/lasentinelle.dz\\\/?s={search_term_string}\"},\"query-input\":{\"@type\":\"PropertyValueSpecification\",\"valueRequired\":true,\"valueName\":\"search_term_string\"}}],\"inLanguage\":\"fr-FR\"},{\"@type\":\"Organization\",\"@id\":\"https:\\\/\\\/lasentinelle.dz\\\/#organization\",\"name\":\"Quotidien La Sentinelle\",\"url\":\"https:\\\/\\\/lasentinelle.dz\\\/\",\"logo\":{\"@type\":\"ImageObject\",\"inLanguage\":\"fr-FR\",\"@id\":\"https:\\\/\\\/lasentinelle.dz\\\/#\\\/schema\\\/logo\\\/image\\\/\",\"url\":\"https:\\\/\\\/lasentinelle.dz\\\/wp-content\\\/uploads\\\/2021\\\/09\\\/logo-sentinelleSLOGAN-1.png\",\"contentUrl\":\"https:\\\/\\\/lasentinelle.dz\\\/wp-content\\\/uploads\\\/2021\\\/09\\\/logo-sentinelleSLOGAN-1.png\",\"width\":615,\"height\":142,\"caption\":\"Quotidien La Sentinelle\"},\"image\":{\"@id\":\"https:\\\/\\\/lasentinelle.dz\\\/#\\\/schema\\\/logo\\\/image\\\/\"},\"sameAs\":[\"https:\\\/\\\/www.facebook.com\\\/La-Sentinelle-104059864394773\"]},{\"@type\":\"Person\",\"@id\":\"https:\\\/\\\/lasentinelle.dz\\\/#\\\/schema\\\/person\\\/d865044e22e70a75174ce8bcad3acfb3\",\"name\":\"La Sentinelle\",\"image\":{\"@type\":\"ImageObject\",\"inLanguage\":\"fr-FR\",\"@id\":\"https:\\\/\\\/secure.gravatar.com\\\/avatar\\\/57de8e5d4b15d43fb361a71fbb36338450fe67865b528a43dd10ef7c51a20392?s=96&d=mm&r=g\",\"url\":\"https:\\\/\\\/secure.gravatar.com\\\/avatar\\\/57de8e5d4b15d43fb361a71fbb36338450fe67865b528a43dd10ef7c51a20392?s=96&d=mm&r=g\",\"contentUrl\":\"https:\\\/\\\/secure.gravatar.com\\\/avatar\\\/57de8e5d4b15d43fb361a71fbb36338450fe67865b528a43dd10ef7c51a20392?s=96&d=mm&r=g\",\"caption\":\"La Sentinelle\"},\"sameAs\":[\"http:\\\/\\\/www.lasentinelle.dz\"],\"url\":\"https:\\\/\\\/lasentinelle.dz\\\/author\\\/redaction\\\/\"}]}<\/script>\n<!-- \/ Yoast SEO plugin. -->","yoast_head_json":{"title":"R\u00e9v\u00e9lations des terroristes captur\u00e9s \u00e0 Skikda : Rachad et Al Qaida, les deux visages du terrorisme - La Sentinelle","robots":{"index":"index","follow":"follow","max-snippet":"max-snippet:-1","max-image-preview":"max-image-preview:large","max-video-preview":"max-video-preview:-1"},"canonical":"https:\/\/lasentinelle.dz\/index.php\/2022\/04\/07\/revelations-des-terroristes-captures-a-skikda-rachad-et-al-qaida-les-deux-visages-du-terrorisme\/","og_locale":"fr_FR","og_type":"article","og_title":"R\u00e9v\u00e9lations des terroristes captur\u00e9s \u00e0 Skikda : Rachad et Al Qaida, les deux visages du terrorisme - La Sentinelle","og_description":"Diffus\u00e9s hier, les aveux film\u00e9s des terroristes r\u00e9cemment captur\u00e9s dans les massifs de la wilaya de Skikda l\u00e8vent le voile","og_url":"https:\/\/lasentinelle.dz\/index.php\/2022\/04\/07\/revelations-des-terroristes-captures-a-skikda-rachad-et-al-qaida-les-deux-visages-du-terrorisme\/","og_site_name":"La Sentinelle","article_publisher":"https:\/\/www.facebook.com\/La-Sentinelle-104059864394773","article_published_time":"2022-04-06T23:05:00+00:00","og_image":[{"width":903,"height":900,"url":"https:\/\/lasentinelle.dz\/wp-content\/uploads\/2022\/04\/zit.png","type":"image\/png"}],"author":"La Sentinelle","twitter_card":"summary_large_image","twitter_misc":{"\u00c9crit par":"La Sentinelle","Dur\u00e9e de lecture estim\u00e9e":"5 minutes"},"schema":{"@context":"https:\/\/schema.org","@graph":[{"@type":"Article","@id":"https:\/\/lasentinelle.dz\/index.php\/2022\/04\/07\/revelations-des-terroristes-captures-a-skikda-rachad-et-al-qaida-les-deux-visages-du-terrorisme\/#article","isPartOf":{"@id":"https:\/\/lasentinelle.dz\/index.php\/2022\/04\/07\/revelations-des-terroristes-captures-a-skikda-rachad-et-al-qaida-les-deux-visages-du-terrorisme\/"},"author":{"name":"La Sentinelle","@id":"https:\/\/lasentinelle.dz\/#\/schema\/person\/d865044e22e70a75174ce8bcad3acfb3"},"headline":"R\u00e9v\u00e9lations des terroristes captur\u00e9s \u00e0 Skikda : Rachad et Al Qaida, les deux visages du terrorisme","datePublished":"2022-04-06T23:05:00+00:00","mainEntityOfPage":{"@id":"https:\/\/lasentinelle.dz\/index.php\/2022\/04\/07\/revelations-des-terroristes-captures-a-skikda-rachad-et-al-qaida-les-deux-visages-du-terrorisme\/"},"wordCount":1018,"commentCount":0,"publisher":{"@id":"https:\/\/lasentinelle.dz\/#organization"},"image":{"@id":"https:\/\/lasentinelle.dz\/index.php\/2022\/04\/07\/revelations-des-terroristes-captures-a-skikda-rachad-et-al-qaida-les-deux-visages-du-terrorisme\/#primaryimage"},"thumbnailUrl":"https:\/\/lasentinelle.dz\/wp-content\/uploads\/2022\/04\/zit.png","articleSection":["\u00c0 la Une","Actualit\u00e9"],"inLanguage":"fr-FR","potentialAction":[{"@type":"CommentAction","name":"Comment","target":["https:\/\/lasentinelle.dz\/index.php\/2022\/04\/07\/revelations-des-terroristes-captures-a-skikda-rachad-et-al-qaida-les-deux-visages-du-terrorisme\/#respond"]}]},{"@type":"WebPage","@id":"https:\/\/lasentinelle.dz\/index.php\/2022\/04\/07\/revelations-des-terroristes-captures-a-skikda-rachad-et-al-qaida-les-deux-visages-du-terrorisme\/","url":"https:\/\/lasentinelle.dz\/index.php\/2022\/04\/07\/revelations-des-terroristes-captures-a-skikda-rachad-et-al-qaida-les-deux-visages-du-terrorisme\/","name":"R\u00e9v\u00e9lations des terroristes captur\u00e9s \u00e0 Skikda : Rachad et Al Qaida, les deux visages du terrorisme - La Sentinelle","isPartOf":{"@id":"https:\/\/lasentinelle.dz\/#website"},"primaryImageOfPage":{"@id":"https:\/\/lasentinelle.dz\/index.php\/2022\/04\/07\/revelations-des-terroristes-captures-a-skikda-rachad-et-al-qaida-les-deux-visages-du-terrorisme\/#primaryimage"},"image":{"@id":"https:\/\/lasentinelle.dz\/index.php\/2022\/04\/07\/revelations-des-terroristes-captures-a-skikda-rachad-et-al-qaida-les-deux-visages-du-terrorisme\/#primaryimage"},"thumbnailUrl":"https:\/\/lasentinelle.dz\/wp-content\/uploads\/2022\/04\/zit.png","datePublished":"2022-04-06T23:05:00+00:00","breadcrumb":{"@id":"https:\/\/lasentinelle.dz\/index.php\/2022\/04\/07\/revelations-des-terroristes-captures-a-skikda-rachad-et-al-qaida-les-deux-visages-du-terrorisme\/#breadcrumb"},"inLanguage":"fr-FR","potentialAction":[{"@type":"ReadAction","target":["https:\/\/lasentinelle.dz\/index.php\/2022\/04\/07\/revelations-des-terroristes-captures-a-skikda-rachad-et-al-qaida-les-deux-visages-du-terrorisme\/"]}]},{"@type":"ImageObject","inLanguage":"fr-FR","@id":"https:\/\/lasentinelle.dz\/index.php\/2022\/04\/07\/revelations-des-terroristes-captures-a-skikda-rachad-et-al-qaida-les-deux-visages-du-terrorisme\/#primaryimage","url":"https:\/\/lasentinelle.dz\/wp-content\/uploads\/2022\/04\/zit.png","contentUrl":"https:\/\/lasentinelle.dz\/wp-content\/uploads\/2022\/04\/zit.png","width":903,"height":900},{"@type":"BreadcrumbList","@id":"https:\/\/lasentinelle.dz\/index.php\/2022\/04\/07\/revelations-des-terroristes-captures-a-skikda-rachad-et-al-qaida-les-deux-visages-du-terrorisme\/#breadcrumb","itemListElement":[{"@type":"ListItem","position":1,"name":"Accueil","item":"https:\/\/lasentinelle.dz\/"},{"@type":"ListItem","position":2,"name":"R\u00e9v\u00e9lations des terroristes captur\u00e9s \u00e0 Skikda : Rachad et Al Qaida, les deux visages du terrorisme"}]},{"@type":"WebSite","@id":"https:\/\/lasentinelle.dz\/#website","url":"https:\/\/lasentinelle.dz\/","name":"La Sentinelle","description":"Quotidien national d&#039;information","publisher":{"@id":"https:\/\/lasentinelle.dz\/#organization"},"potentialAction":[{"@type":"SearchAction","target":{"@type":"EntryPoint","urlTemplate":"https:\/\/lasentinelle.dz\/?s={search_term_string}"},"query-input":{"@type":"PropertyValueSpecification","valueRequired":true,"valueName":"search_term_string"}}],"inLanguage":"fr-FR"},{"@type":"Organization","@id":"https:\/\/lasentinelle.dz\/#organization","name":"Quotidien La Sentinelle","url":"https:\/\/lasentinelle.dz\/","logo":{"@type":"ImageObject","inLanguage":"fr-FR","@id":"https:\/\/lasentinelle.dz\/#\/schema\/logo\/image\/","url":"https:\/\/lasentinelle.dz\/wp-content\/uploads\/2021\/09\/logo-sentinelleSLOGAN-1.png","contentUrl":"https:\/\/lasentinelle.dz\/wp-content\/uploads\/2021\/09\/logo-sentinelleSLOGAN-1.png","width":615,"height":142,"caption":"Quotidien La Sentinelle"},"image":{"@id":"https:\/\/lasentinelle.dz\/#\/schema\/logo\/image\/"},"sameAs":["https:\/\/www.facebook.com\/La-Sentinelle-104059864394773"]},{"@type":"Person","@id":"https:\/\/lasentinelle.dz\/#\/schema\/person\/d865044e22e70a75174ce8bcad3acfb3","name":"La Sentinelle","image":{"@type":"ImageObject","inLanguage":"fr-FR","@id":"https:\/\/secure.gravatar.com\/avatar\/57de8e5d4b15d43fb361a71fbb36338450fe67865b528a43dd10ef7c51a20392?s=96&d=mm&r=g","url":"https:\/\/secure.gravatar.com\/avatar\/57de8e5d4b15d43fb361a71fbb36338450fe67865b528a43dd10ef7c51a20392?s=96&d=mm&r=g","contentUrl":"https:\/\/secure.gravatar.com\/avatar\/57de8e5d4b15d43fb361a71fbb36338450fe67865b528a43dd10ef7c51a20392?s=96&d=mm&r=g","caption":"La Sentinelle"},"sameAs":["http:\/\/www.lasentinelle.dz"],"url":"https:\/\/lasentinelle.dz\/author\/redaction\/"}]}},"_links":{"self":[{"href":"https:\/\/lasentinelle.dz\/index.php\/wp-json\/wp\/v2\/posts\/19532","targetHints":{"allow":["GET"]}}],"collection":[{"href":"https:\/\/lasentinelle.dz\/index.php\/wp-json\/wp\/v2\/posts"}],"about":[{"href":"https:\/\/lasentinelle.dz\/index.php\/wp-json\/wp\/v2\/types\/post"}],"author":[{"embeddable":true,"href":"https:\/\/lasentinelle.dz\/index.php\/wp-json\/wp\/v2\/users\/3"}],"replies":[{"embeddable":true,"href":"https:\/\/lasentinelle.dz\/index.php\/wp-json\/wp\/v2\/comments?post=19532"}],"version-history":[{"count":1,"href":"https:\/\/lasentinelle.dz\/index.php\/wp-json\/wp\/v2\/posts\/19532\/revisions"}],"predecessor-version":[{"id":19547,"href":"https:\/\/lasentinelle.dz\/index.php\/wp-json\/wp\/v2\/posts\/19532\/revisions\/19547"}],"wp:featuredmedia":[{"embeddable":true,"href":"https:\/\/lasentinelle.dz\/index.php\/wp-json\/wp\/v2\/media\/19546"}],"wp:attachment":[{"href":"https:\/\/lasentinelle.dz\/index.php\/wp-json\/wp\/v2\/media?parent=19532"}],"wp:term":[{"taxonomy":"category","embeddable":true,"href":"https:\/\/lasentinelle.dz\/index.php\/wp-json\/wp\/v2\/categories?post=19532"},{"taxonomy":"post_tag","embeddable":true,"href":"https:\/\/lasentinelle.dz\/index.php\/wp-json\/wp\/v2\/tags?post=19532"}],"curies":[{"name":"wp","href":"https:\/\/api.w.org\/{rel}","templated":true}]}}