{"id":19538,"date":"2022-04-07T00:01:00","date_gmt":"2022-04-06T23:01:00","guid":{"rendered":"https:\/\/lasentinelle.dz\/?p=19538"},"modified":"2022-04-06T18:20:33","modified_gmt":"2022-04-06T17:20:33","slug":"proces-hamel-le-durcissement-des-peines-requis-contre-tous-les-accuses","status":"publish","type":"post","link":"https:\/\/lasentinelle.dz\/index.php\/2022\/04\/07\/proces-hamel-le-durcissement-des-peines-requis-contre-tous-les-accuses\/","title":{"rendered":"Proc\u00e8s Hamel\u00a0: Le durcissement des peines requis contre tous les accus\u00e9s"},"content":{"rendered":"\n<p>Le repr\u00e9sentant du minist\u00e8re public pr\u00e8s&nbsp;la Cour&nbsp;d\u2019appel de Boumerdes a requis, mardi soir,&nbsp;\u00able durcissement de la peine pour tous les accus\u00e9s poursuivis dans l\u2019affaire de l\u2019ancien&nbsp;Directeur g\u00e9n\u00e9ral de la&nbsp;S\u00fbret\u00e9 nationale, Abdelghani Hamel \u00bb.&nbsp;Outre l\u2019ancien DGSN, son fils Chafik et d&rsquo;anciens responsables de la wilaya de Tipasa&nbsp;sont poursuivis dans cette affaire. L\u2019avocat g\u00e9n\u00e9ral a \u00e9galement requis une peine de cinq ans de prison ferme assortie d&rsquo;une amende de 500.000 dinars \u00e0 l\u2019encontre de l\u2019ancien Directeur g\u00e9n\u00e9ral des domaines de l&rsquo;Etat, Djamel Kheznadji. Ce dernier a \u00e9t\u00e9 acquitt\u00e9 en premi\u00e8re instance lors du verdict rendu le 4 juin 2020 et dans le lequel l\u2019ancien DGSN et l&rsquo;ancien wali de Tipasa Moussa Ghelai ont \u00e9t\u00e9 condamn\u00e9s \u00e0 douze ans de prison ferme. La m\u00eame instance a \u00e9galement&nbsp;r\u00e9clam\u00e9 la confirmation de&nbsp;la&nbsp;peine de 10 ans de prison ferme contre chacun des ex-walis de Tipasa, Kadi Abdelkader et Layadi Mustapha, ainsi que la peine de 3 ans de prison ferme contre Chafik Hamel (fils de l&rsquo;ancien DGSN) et Salim Djai Djai, ex-chef de la s\u00fbret\u00e9 de wilaya de Tipasa.&nbsp;Pour rappel, le tribunal de premi\u00e8re instance&nbsp;a condamn\u00e9, dans la m\u00eame affaire, \u00e0 4 ans de prison avec sursis l&rsquo;ancien ministre des Finances, Hadji Baba Ammi, et \u00e0 5 ans de prison ferme l&rsquo;ancien directeur des domaines de Tipasa, Ali Bouamrane, une peine de 2 ans de prison ferme a \u00e9t\u00e9 prononc\u00e9e contre l&rsquo;ancien directeur de l&rsquo;Industrie et des mines de Tipasa, Haddou Abderrezak, et l&rsquo;ancien Conservateur foncier de Kol\u00e9a, Mohamed Bouamama. Lors du proc\u00e8s en premi\u00e8re instance, l\u2019investisseur priv\u00e9 Zerad Abdelhakim a \u00e9t\u00e9 condamn\u00e9 \u00e0 une ann\u00e9e de prison ferme. Ayant intervenu dans leurs plaidoiries, les avocats de la d\u00e9fense ont clam\u00e9 l\u2019innocence de leurs mandants, affirmant que \u00ables d\u00e9cisions prises par les concern\u00e9s \u00e9taient l\u00e9gales et&nbsp;prises&nbsp;dans le cadre de la loi en vigueur. La d\u00e9cision de r\u00e9ouverture du proc\u00e8s avec une nouvelle composante judiciaire intervient apr\u00e8s un pourvoi en cassation interjet\u00e9 aupr\u00e8s de la Cour supr\u00eame \u00e0 la demande du collectif de d\u00e9fense. Le proc\u00e8s \u00e9t\u00e9 ouvert dimanche dernier. Les mis en cause ont, dans leur totalit\u00e9, clam\u00e9 leur innocence. Les deux ex-walis de Tipaza, Kadi Abdelkader et Layadi Mustapha, l&rsquo;ancien directeur des Domaines de Tipaza, Ali Bouamrir\u00e8ne, ont r\u00e9fut\u00e9 les accusations pour lesquelles ils ont \u00e9t\u00e9 poursuivis, notamment les griefs contre eux comme le trafic d&rsquo;influence et&nbsp;le&nbsp;non-respect des proc\u00e9dures l\u00e9gales dans l&rsquo;octroi des actes de concession et du foncier destin\u00e9 \u00e0 l&rsquo;investissement. Les accus\u00e9s dans cette affaire sont poursuivis pour plusieurs chefs d&rsquo;accusation, notamment d\u00e9tournement de foncier agricole, \u00ab\u00a0dilapidation de deniers publics, abus de fonction, trafic d&rsquo;influence, et&nbsp;usage&nbsp;du pouvoir et de l&rsquo;influence des agents de l&rsquo;Etat \u00e0 l&rsquo;effet d&rsquo;augmenter les prix et modifier la qualit\u00e9 des mat\u00e9riaux, des services.<\/p>\n\n\n\n<p><strong>Salim Abdenour<\/strong><\/p>\n","protected":false},"excerpt":{"rendered":"<p>Le repr\u00e9sentant du minist\u00e8re public pr\u00e8s&nbsp;la Cour&nbsp;d\u2019appel de Boumerdes a requis, mardi soir,&nbsp;\u00able durcissement de la peine pour tous les<\/p>\n","protected":false},"author":3,"featured_media":19540,"comment_status":"open","ping_status":"closed","sticky":false,"template":"","format":"standard","meta":{"colormag_page_container_layout":"default_layout","colormag_page_sidebar_layout":"default_layout","om_disable_all_campaigns":false,"_monsterinsights_skip_tracking":false,"_monsterinsights_sitenote_active":false,"_monsterinsights_sitenote_note":"","_monsterinsights_sitenote_category":0,"footnotes":"","_wpscppro_dont_share_socialmedia":false,"_wpscppro_custom_social_share_image":0,"_facebook_share_type":"","_twitter_share_type":"","_linkedin_share_type":"","_pinterest_share_type":"","_linkedin_share_type_page":"","_instagram_share_type":"","_medium_share_type":"","_threads_share_type":"","_google_business_share_type":"","_selected_social_profile":[],"_wpsp_enable_custom_social_template":false,"_wpsp_social_scheduling":{"enabled":false,"datetime":null,"platforms":[],"status":"template_only","dateOption":"today","timeOption":"now","customDays":"","customHours":"","customDate":"","customTime":"","schedulingType":"absolute"},"_wpsp_active_default_template":true},"categories":[27],"tags":[],"class_list":["post-19538","post","type-post","status-publish","format-standard","has-post-thumbnail","hentry","category-actualite"],"aioseo_notices":[],"yoast_head":"<!-- This site is optimized with the Yoast SEO plugin v27.5 - https:\/\/yoast.com\/product\/yoast-seo-wordpress\/ -->\n<title>Proc\u00e8s Hamel\u00a0: Le durcissement des peines requis contre tous les accus\u00e9s - La Sentinelle<\/title>\n<meta name=\"robots\" content=\"index, follow, max-snippet:-1, max-image-preview:large, max-video-preview:-1\" \/>\n<link rel=\"canonical\" href=\"https:\/\/lasentinelle.dz\/index.php\/2022\/04\/07\/proces-hamel-le-durcissement-des-peines-requis-contre-tous-les-accuses\/\" \/>\n<meta property=\"og:locale\" content=\"fr_FR\" \/>\n<meta property=\"og:type\" content=\"article\" \/>\n<meta property=\"og:title\" content=\"Proc\u00e8s Hamel\u00a0: Le durcissement des peines requis contre tous les accus\u00e9s - La Sentinelle\" \/>\n<meta property=\"og:description\" content=\"Le repr\u00e9sentant du minist\u00e8re public pr\u00e8s&nbsp;la Cour&nbsp;d\u2019appel de Boumerdes a requis, mardi soir,&nbsp;\u00able durcissement de la peine pour tous les\" \/>\n<meta property=\"og:url\" content=\"https:\/\/lasentinelle.dz\/index.php\/2022\/04\/07\/proces-hamel-le-durcissement-des-peines-requis-contre-tous-les-accuses\/\" \/>\n<meta property=\"og:site_name\" content=\"La Sentinelle\" \/>\n<meta property=\"article:publisher\" content=\"https:\/\/www.facebook.com\/La-Sentinelle-104059864394773\" \/>\n<meta property=\"article:published_time\" content=\"2022-04-06T23:01:00+00:00\" \/>\n<meta property=\"og:image\" content=\"https:\/\/lasentinelle.dz\/wp-content\/uploads\/2022\/04\/hamel-scaled-1.png\" \/>\n\t<meta property=\"og:image:width\" content=\"325\" \/>\n\t<meta property=\"og:image:height\" content=\"216\" \/>\n\t<meta property=\"og:image:type\" content=\"image\/png\" \/>\n<meta name=\"author\" content=\"La Sentinelle\" \/>\n<meta name=\"twitter:card\" content=\"summary_large_image\" \/>\n<meta name=\"twitter:label1\" content=\"\u00c9crit par\" \/>\n\t<meta name=\"twitter:data1\" content=\"La Sentinelle\" \/>\n\t<meta name=\"twitter:label2\" content=\"Dur\u00e9e de lecture estim\u00e9e\" \/>\n\t<meta name=\"twitter:data2\" content=\"3 minutes\" \/>\n<script type=\"application\/ld+json\" class=\"yoast-schema-graph\">{\"@context\":\"https:\\\/\\\/schema.org\",\"@graph\":[{\"@type\":\"Article\",\"@id\":\"https:\\\/\\\/lasentinelle.dz\\\/index.php\\\/2022\\\/04\\\/07\\\/proces-hamel-le-durcissement-des-peines-requis-contre-tous-les-accuses\\\/#article\",\"isPartOf\":{\"@id\":\"https:\\\/\\\/lasentinelle.dz\\\/index.php\\\/2022\\\/04\\\/07\\\/proces-hamel-le-durcissement-des-peines-requis-contre-tous-les-accuses\\\/\"},\"author\":{\"name\":\"La Sentinelle\",\"@id\":\"https:\\\/\\\/lasentinelle.dz\\\/#\\\/schema\\\/person\\\/d865044e22e70a75174ce8bcad3acfb3\"},\"headline\":\"Proc\u00e8s Hamel\u00a0: Le durcissement des peines requis contre tous les accus\u00e9s\",\"datePublished\":\"2022-04-06T23:01:00+00:00\",\"mainEntityOfPage\":{\"@id\":\"https:\\\/\\\/lasentinelle.dz\\\/index.php\\\/2022\\\/04\\\/07\\\/proces-hamel-le-durcissement-des-peines-requis-contre-tous-les-accuses\\\/\"},\"wordCount\":550,\"commentCount\":0,\"publisher\":{\"@id\":\"https:\\\/\\\/lasentinelle.dz\\\/#organization\"},\"image\":{\"@id\":\"https:\\\/\\\/lasentinelle.dz\\\/index.php\\\/2022\\\/04\\\/07\\\/proces-hamel-le-durcissement-des-peines-requis-contre-tous-les-accuses\\\/#primaryimage\"},\"thumbnailUrl\":\"https:\\\/\\\/lasentinelle.dz\\\/wp-content\\\/uploads\\\/2022\\\/04\\\/hamel-scaled-1.png\",\"articleSection\":[\"Actualit\u00e9\"],\"inLanguage\":\"fr-FR\",\"potentialAction\":[{\"@type\":\"CommentAction\",\"name\":\"Comment\",\"target\":[\"https:\\\/\\\/lasentinelle.dz\\\/index.php\\\/2022\\\/04\\\/07\\\/proces-hamel-le-durcissement-des-peines-requis-contre-tous-les-accuses\\\/#respond\"]}]},{\"@type\":\"WebPage\",\"@id\":\"https:\\\/\\\/lasentinelle.dz\\\/index.php\\\/2022\\\/04\\\/07\\\/proces-hamel-le-durcissement-des-peines-requis-contre-tous-les-accuses\\\/\",\"url\":\"https:\\\/\\\/lasentinelle.dz\\\/index.php\\\/2022\\\/04\\\/07\\\/proces-hamel-le-durcissement-des-peines-requis-contre-tous-les-accuses\\\/\",\"name\":\"Proc\u00e8s Hamel\u00a0: Le durcissement des peines requis contre tous les accus\u00e9s - La Sentinelle\",\"isPartOf\":{\"@id\":\"https:\\\/\\\/lasentinelle.dz\\\/#website\"},\"primaryImageOfPage\":{\"@id\":\"https:\\\/\\\/lasentinelle.dz\\\/index.php\\\/2022\\\/04\\\/07\\\/proces-hamel-le-durcissement-des-peines-requis-contre-tous-les-accuses\\\/#primaryimage\"},\"image\":{\"@id\":\"https:\\\/\\\/lasentinelle.dz\\\/index.php\\\/2022\\\/04\\\/07\\\/proces-hamel-le-durcissement-des-peines-requis-contre-tous-les-accuses\\\/#primaryimage\"},\"thumbnailUrl\":\"https:\\\/\\\/lasentinelle.dz\\\/wp-content\\\/uploads\\\/2022\\\/04\\\/hamel-scaled-1.png\",\"datePublished\":\"2022-04-06T23:01:00+00:00\",\"breadcrumb\":{\"@id\":\"https:\\\/\\\/lasentinelle.dz\\\/index.php\\\/2022\\\/04\\\/07\\\/proces-hamel-le-durcissement-des-peines-requis-contre-tous-les-accuses\\\/#breadcrumb\"},\"inLanguage\":\"fr-FR\",\"potentialAction\":[{\"@type\":\"ReadAction\",\"target\":[\"https:\\\/\\\/lasentinelle.dz\\\/index.php\\\/2022\\\/04\\\/07\\\/proces-hamel-le-durcissement-des-peines-requis-contre-tous-les-accuses\\\/\"]}]},{\"@type\":\"ImageObject\",\"inLanguage\":\"fr-FR\",\"@id\":\"https:\\\/\\\/lasentinelle.dz\\\/index.php\\\/2022\\\/04\\\/07\\\/proces-hamel-le-durcissement-des-peines-requis-contre-tous-les-accuses\\\/#primaryimage\",\"url\":\"https:\\\/\\\/lasentinelle.dz\\\/wp-content\\\/uploads\\\/2022\\\/04\\\/hamel-scaled-1.png\",\"contentUrl\":\"https:\\\/\\\/lasentinelle.dz\\\/wp-content\\\/uploads\\\/2022\\\/04\\\/hamel-scaled-1.png\",\"width\":325,\"height\":216},{\"@type\":\"BreadcrumbList\",\"@id\":\"https:\\\/\\\/lasentinelle.dz\\\/index.php\\\/2022\\\/04\\\/07\\\/proces-hamel-le-durcissement-des-peines-requis-contre-tous-les-accuses\\\/#breadcrumb\",\"itemListElement\":[{\"@type\":\"ListItem\",\"position\":1,\"name\":\"Accueil\",\"item\":\"https:\\\/\\\/lasentinelle.dz\\\/\"},{\"@type\":\"ListItem\",\"position\":2,\"name\":\"Proc\u00e8s Hamel\u00a0: Le durcissement des peines requis contre tous les accus\u00e9s\"}]},{\"@type\":\"WebSite\",\"@id\":\"https:\\\/\\\/lasentinelle.dz\\\/#website\",\"url\":\"https:\\\/\\\/lasentinelle.dz\\\/\",\"name\":\"La Sentinelle\",\"description\":\"Quotidien national d&#039;information\",\"publisher\":{\"@id\":\"https:\\\/\\\/lasentinelle.dz\\\/#organization\"},\"potentialAction\":[{\"@type\":\"SearchAction\",\"target\":{\"@type\":\"EntryPoint\",\"urlTemplate\":\"https:\\\/\\\/lasentinelle.dz\\\/?s={search_term_string}\"},\"query-input\":{\"@type\":\"PropertyValueSpecification\",\"valueRequired\":true,\"valueName\":\"search_term_string\"}}],\"inLanguage\":\"fr-FR\"},{\"@type\":\"Organization\",\"@id\":\"https:\\\/\\\/lasentinelle.dz\\\/#organization\",\"name\":\"Quotidien La Sentinelle\",\"url\":\"https:\\\/\\\/lasentinelle.dz\\\/\",\"logo\":{\"@type\":\"ImageObject\",\"inLanguage\":\"fr-FR\",\"@id\":\"https:\\\/\\\/lasentinelle.dz\\\/#\\\/schema\\\/logo\\\/image\\\/\",\"url\":\"https:\\\/\\\/lasentinelle.dz\\\/wp-content\\\/uploads\\\/2021\\\/09\\\/logo-sentinelleSLOGAN-1.png\",\"contentUrl\":\"https:\\\/\\\/lasentinelle.dz\\\/wp-content\\\/uploads\\\/2021\\\/09\\\/logo-sentinelleSLOGAN-1.png\",\"width\":615,\"height\":142,\"caption\":\"Quotidien La Sentinelle\"},\"image\":{\"@id\":\"https:\\\/\\\/lasentinelle.dz\\\/#\\\/schema\\\/logo\\\/image\\\/\"},\"sameAs\":[\"https:\\\/\\\/www.facebook.com\\\/La-Sentinelle-104059864394773\"]},{\"@type\":\"Person\",\"@id\":\"https:\\\/\\\/lasentinelle.dz\\\/#\\\/schema\\\/person\\\/d865044e22e70a75174ce8bcad3acfb3\",\"name\":\"La Sentinelle\",\"image\":{\"@type\":\"ImageObject\",\"inLanguage\":\"fr-FR\",\"@id\":\"https:\\\/\\\/secure.gravatar.com\\\/avatar\\\/57de8e5d4b15d43fb361a71fbb36338450fe67865b528a43dd10ef7c51a20392?s=96&d=mm&r=g\",\"url\":\"https:\\\/\\\/secure.gravatar.com\\\/avatar\\\/57de8e5d4b15d43fb361a71fbb36338450fe67865b528a43dd10ef7c51a20392?s=96&d=mm&r=g\",\"contentUrl\":\"https:\\\/\\\/secure.gravatar.com\\\/avatar\\\/57de8e5d4b15d43fb361a71fbb36338450fe67865b528a43dd10ef7c51a20392?s=96&d=mm&r=g\",\"caption\":\"La Sentinelle\"},\"sameAs\":[\"http:\\\/\\\/www.lasentinelle.dz\"],\"url\":\"https:\\\/\\\/lasentinelle.dz\\\/author\\\/redaction\\\/\"}]}<\/script>\n<!-- \/ Yoast SEO plugin. -->","yoast_head_json":{"title":"Proc\u00e8s Hamel\u00a0: Le durcissement des peines requis contre tous les accus\u00e9s - La Sentinelle","robots":{"index":"index","follow":"follow","max-snippet":"max-snippet:-1","max-image-preview":"max-image-preview:large","max-video-preview":"max-video-preview:-1"},"canonical":"https:\/\/lasentinelle.dz\/index.php\/2022\/04\/07\/proces-hamel-le-durcissement-des-peines-requis-contre-tous-les-accuses\/","og_locale":"fr_FR","og_type":"article","og_title":"Proc\u00e8s Hamel\u00a0: Le durcissement des peines requis contre tous les accus\u00e9s - La Sentinelle","og_description":"Le repr\u00e9sentant du minist\u00e8re public pr\u00e8s&nbsp;la Cour&nbsp;d\u2019appel de Boumerdes a requis, mardi soir,&nbsp;\u00able durcissement de la peine pour tous les","og_url":"https:\/\/lasentinelle.dz\/index.php\/2022\/04\/07\/proces-hamel-le-durcissement-des-peines-requis-contre-tous-les-accuses\/","og_site_name":"La Sentinelle","article_publisher":"https:\/\/www.facebook.com\/La-Sentinelle-104059864394773","article_published_time":"2022-04-06T23:01:00+00:00","og_image":[{"width":325,"height":216,"url":"https:\/\/lasentinelle.dz\/wp-content\/uploads\/2022\/04\/hamel-scaled-1.png","type":"image\/png"}],"author":"La Sentinelle","twitter_card":"summary_large_image","twitter_misc":{"\u00c9crit par":"La Sentinelle","Dur\u00e9e de lecture estim\u00e9e":"3 minutes"},"schema":{"@context":"https:\/\/schema.org","@graph":[{"@type":"Article","@id":"https:\/\/lasentinelle.dz\/index.php\/2022\/04\/07\/proces-hamel-le-durcissement-des-peines-requis-contre-tous-les-accuses\/#article","isPartOf":{"@id":"https:\/\/lasentinelle.dz\/index.php\/2022\/04\/07\/proces-hamel-le-durcissement-des-peines-requis-contre-tous-les-accuses\/"},"author":{"name":"La Sentinelle","@id":"https:\/\/lasentinelle.dz\/#\/schema\/person\/d865044e22e70a75174ce8bcad3acfb3"},"headline":"Proc\u00e8s Hamel\u00a0: Le durcissement des peines requis contre tous les accus\u00e9s","datePublished":"2022-04-06T23:01:00+00:00","mainEntityOfPage":{"@id":"https:\/\/lasentinelle.dz\/index.php\/2022\/04\/07\/proces-hamel-le-durcissement-des-peines-requis-contre-tous-les-accuses\/"},"wordCount":550,"commentCount":0,"publisher":{"@id":"https:\/\/lasentinelle.dz\/#organization"},"image":{"@id":"https:\/\/lasentinelle.dz\/index.php\/2022\/04\/07\/proces-hamel-le-durcissement-des-peines-requis-contre-tous-les-accuses\/#primaryimage"},"thumbnailUrl":"https:\/\/lasentinelle.dz\/wp-content\/uploads\/2022\/04\/hamel-scaled-1.png","articleSection":["Actualit\u00e9"],"inLanguage":"fr-FR","potentialAction":[{"@type":"CommentAction","name":"Comment","target":["https:\/\/lasentinelle.dz\/index.php\/2022\/04\/07\/proces-hamel-le-durcissement-des-peines-requis-contre-tous-les-accuses\/#respond"]}]},{"@type":"WebPage","@id":"https:\/\/lasentinelle.dz\/index.php\/2022\/04\/07\/proces-hamel-le-durcissement-des-peines-requis-contre-tous-les-accuses\/","url":"https:\/\/lasentinelle.dz\/index.php\/2022\/04\/07\/proces-hamel-le-durcissement-des-peines-requis-contre-tous-les-accuses\/","name":"Proc\u00e8s Hamel\u00a0: Le durcissement des peines requis contre tous les accus\u00e9s - La Sentinelle","isPartOf":{"@id":"https:\/\/lasentinelle.dz\/#website"},"primaryImageOfPage":{"@id":"https:\/\/lasentinelle.dz\/index.php\/2022\/04\/07\/proces-hamel-le-durcissement-des-peines-requis-contre-tous-les-accuses\/#primaryimage"},"image":{"@id":"https:\/\/lasentinelle.dz\/index.php\/2022\/04\/07\/proces-hamel-le-durcissement-des-peines-requis-contre-tous-les-accuses\/#primaryimage"},"thumbnailUrl":"https:\/\/lasentinelle.dz\/wp-content\/uploads\/2022\/04\/hamel-scaled-1.png","datePublished":"2022-04-06T23:01:00+00:00","breadcrumb":{"@id":"https:\/\/lasentinelle.dz\/index.php\/2022\/04\/07\/proces-hamel-le-durcissement-des-peines-requis-contre-tous-les-accuses\/#breadcrumb"},"inLanguage":"fr-FR","potentialAction":[{"@type":"ReadAction","target":["https:\/\/lasentinelle.dz\/index.php\/2022\/04\/07\/proces-hamel-le-durcissement-des-peines-requis-contre-tous-les-accuses\/"]}]},{"@type":"ImageObject","inLanguage":"fr-FR","@id":"https:\/\/lasentinelle.dz\/index.php\/2022\/04\/07\/proces-hamel-le-durcissement-des-peines-requis-contre-tous-les-accuses\/#primaryimage","url":"https:\/\/lasentinelle.dz\/wp-content\/uploads\/2022\/04\/hamel-scaled-1.png","contentUrl":"https:\/\/lasentinelle.dz\/wp-content\/uploads\/2022\/04\/hamel-scaled-1.png","width":325,"height":216},{"@type":"BreadcrumbList","@id":"https:\/\/lasentinelle.dz\/index.php\/2022\/04\/07\/proces-hamel-le-durcissement-des-peines-requis-contre-tous-les-accuses\/#breadcrumb","itemListElement":[{"@type":"ListItem","position":1,"name":"Accueil","item":"https:\/\/lasentinelle.dz\/"},{"@type":"ListItem","position":2,"name":"Proc\u00e8s Hamel\u00a0: Le durcissement des peines requis contre tous les accus\u00e9s"}]},{"@type":"WebSite","@id":"https:\/\/lasentinelle.dz\/#website","url":"https:\/\/lasentinelle.dz\/","name":"La Sentinelle","description":"Quotidien national d&#039;information","publisher":{"@id":"https:\/\/lasentinelle.dz\/#organization"},"potentialAction":[{"@type":"SearchAction","target":{"@type":"EntryPoint","urlTemplate":"https:\/\/lasentinelle.dz\/?s={search_term_string}"},"query-input":{"@type":"PropertyValueSpecification","valueRequired":true,"valueName":"search_term_string"}}],"inLanguage":"fr-FR"},{"@type":"Organization","@id":"https:\/\/lasentinelle.dz\/#organization","name":"Quotidien La Sentinelle","url":"https:\/\/lasentinelle.dz\/","logo":{"@type":"ImageObject","inLanguage":"fr-FR","@id":"https:\/\/lasentinelle.dz\/#\/schema\/logo\/image\/","url":"https:\/\/lasentinelle.dz\/wp-content\/uploads\/2021\/09\/logo-sentinelleSLOGAN-1.png","contentUrl":"https:\/\/lasentinelle.dz\/wp-content\/uploads\/2021\/09\/logo-sentinelleSLOGAN-1.png","width":615,"height":142,"caption":"Quotidien La Sentinelle"},"image":{"@id":"https:\/\/lasentinelle.dz\/#\/schema\/logo\/image\/"},"sameAs":["https:\/\/www.facebook.com\/La-Sentinelle-104059864394773"]},{"@type":"Person","@id":"https:\/\/lasentinelle.dz\/#\/schema\/person\/d865044e22e70a75174ce8bcad3acfb3","name":"La Sentinelle","image":{"@type":"ImageObject","inLanguage":"fr-FR","@id":"https:\/\/secure.gravatar.com\/avatar\/57de8e5d4b15d43fb361a71fbb36338450fe67865b528a43dd10ef7c51a20392?s=96&d=mm&r=g","url":"https:\/\/secure.gravatar.com\/avatar\/57de8e5d4b15d43fb361a71fbb36338450fe67865b528a43dd10ef7c51a20392?s=96&d=mm&r=g","contentUrl":"https:\/\/secure.gravatar.com\/avatar\/57de8e5d4b15d43fb361a71fbb36338450fe67865b528a43dd10ef7c51a20392?s=96&d=mm&r=g","caption":"La Sentinelle"},"sameAs":["http:\/\/www.lasentinelle.dz"],"url":"https:\/\/lasentinelle.dz\/author\/redaction\/"}]}},"_links":{"self":[{"href":"https:\/\/lasentinelle.dz\/index.php\/wp-json\/wp\/v2\/posts\/19538","targetHints":{"allow":["GET"]}}],"collection":[{"href":"https:\/\/lasentinelle.dz\/index.php\/wp-json\/wp\/v2\/posts"}],"about":[{"href":"https:\/\/lasentinelle.dz\/index.php\/wp-json\/wp\/v2\/types\/post"}],"author":[{"embeddable":true,"href":"https:\/\/lasentinelle.dz\/index.php\/wp-json\/wp\/v2\/users\/3"}],"replies":[{"embeddable":true,"href":"https:\/\/lasentinelle.dz\/index.php\/wp-json\/wp\/v2\/comments?post=19538"}],"version-history":[{"count":1,"href":"https:\/\/lasentinelle.dz\/index.php\/wp-json\/wp\/v2\/posts\/19538\/revisions"}],"predecessor-version":[{"id":19541,"href":"https:\/\/lasentinelle.dz\/index.php\/wp-json\/wp\/v2\/posts\/19538\/revisions\/19541"}],"wp:featuredmedia":[{"embeddable":true,"href":"https:\/\/lasentinelle.dz\/index.php\/wp-json\/wp\/v2\/media\/19540"}],"wp:attachment":[{"href":"https:\/\/lasentinelle.dz\/index.php\/wp-json\/wp\/v2\/media?parent=19538"}],"wp:term":[{"taxonomy":"category","embeddable":true,"href":"https:\/\/lasentinelle.dz\/index.php\/wp-json\/wp\/v2\/categories?post=19538"},{"taxonomy":"post_tag","embeddable":true,"href":"https:\/\/lasentinelle.dz\/index.php\/wp-json\/wp\/v2\/tags?post=19538"}],"curies":[{"name":"wp","href":"https:\/\/api.w.org\/{rel}","templated":true}]}}