{"id":19574,"date":"2022-04-10T00:01:00","date_gmt":"2022-04-09T23:01:00","guid":{"rendered":"https:\/\/lasentinelle.dz\/?p=19574"},"modified":"2022-04-09T17:33:01","modified_gmt":"2022-04-09T16:33:01","slug":"annaba-des-projets-a-larret-et-des-interrogations","status":"publish","type":"post","link":"https:\/\/lasentinelle.dz\/index.php\/2022\/04\/10\/annaba-des-projets-a-larret-et-des-interrogations\/","title":{"rendered":"Annaba\u00a0:\u00a0Des projets \u00e0 l\u2019arr\u00eat et des interrogations"},"content":{"rendered":"\n<p>Un nouveau scandale li\u00e9 \u00e0 la gestion du foncier secoue la wilaya d\u2019Annaba.&nbsp;<\/p>\n\n\n\n<p>La gestion scandaleuse&nbsp;&nbsp;des assiettes fonci\u00e8res destin\u00e9es \u00e0 certains projets vient d\u2019\u00eatre&nbsp;&nbsp;mise \u00e0 nu par le wali d\u2019Annaba, Djamel-Eddine Berrimi,&nbsp;au bout de&nbsp;multiples visites d\u2019inspection des travaux d\u2019assainissement dans les lieux d\u2019h\u00e9bergement des \u00e9quipes participantes au CHAN 2023 et le complexe du 19 mai 1956. Lors de sa derni\u00e8re sortie d\u2019inspection, Djamel Eddine Berrimi a remarqu\u00e9 voire constat\u00e9, apr\u00e8s les informations qui lui ont \u00e9t\u00e9&nbsp;rapport\u00e9es sur la zone de r\u00e9tention naturelle,&nbsp;&nbsp;la multitude d\u2019irr\u00e9gularit\u00e9s et d\u2019entorses \u00e0 la r\u00e9glementation commises par de pr\u00e9tendus porteurs de projets de d\u00e9veloppement. Signalons que cette zone de r\u00e9tention naturelle est une zone presque humide o\u00f9 il est impossible de construire\u2026 Cette situation probl\u00e9matique \u00e0 plus d\u2019un titre suscite moult interrogations. De son c\u00f4t\u00e9 le wali d\u2019Annaba a fait part de sa d\u00e9convenue lors de sa derni\u00e8re rencontre&nbsp;&nbsp;avec les op\u00e9rateurs \u00e9conomiques b\u00e9n\u00e9ficiaires d\u2019assiettes fonci\u00e8res aux abords de la r\u00e9tention naturelle des eaux de pluies, dans le cadre du Comit\u00e9 d&rsquo;Assistance \u00e0 la Localisation et \u00e0 la Promotion des Investissements et de la R\u00e9gulation du Foncier (CALPIREF). Tr\u00e8s remont\u00e9 par la situation \u00e9maill\u00e9e de tricheries, de n\u00e9gligence et de laxisme coupable, le wali n\u2019a pas m\u00e2ch\u00e9 ses mots pour d\u00e9noncer haut et fort&nbsp;la non concr\u00e9tisation des projets de d\u00e9veloppement pr\u00e9vus dans cette zone, assurent certains d\u2019entre les op\u00e9rateurs \u00e9conomiques pr\u00e9sents \u00e0 cette r\u00e9union.&nbsp;Car&nbsp;sur onze projets, dont certains ont re\u00e7u le permis de construire en 2012,&nbsp;&nbsp;deux seulement ont \u00e9t\u00e9 achev\u00e9s. Il s\u2019agit&nbsp;&nbsp;d\u2019une station-service&nbsp;\u00ab&nbsp;Petro-Baraka&nbsp;\u00bb&nbsp;entr\u00e9e derni\u00e8rement en exploitation et&nbsp;&nbsp;\u00ab&nbsp;Proster Chicken&nbsp;\u00bb, un centre de loisir familial, dot\u00e9 de toutes les commodit\u00e9s, dont les travaux sont achev\u00e9s \u00e0 90% et qui sera ouvert au public durant la prochaine saison estivale. Hormis ces deux projets, le reste est qualifi\u00e9 d\u2019\u00e9chec total, notamment pour un centre d\u2019affaires de sept \u00e9tages, dont les travaux sont&nbsp;\u00e0 l\u2019arr\u00eat&nbsp;depuis plusieurs ann\u00e9es, en raison d\u2019un affaissement de terrain qui a provoqu\u00e9 l\u2019entassement de la b\u00e2tisse. Ironie du sort et selon une expertise, le projet risque de rester en \u00e9tat d\u2019inach\u00e8vement, car, la construction de l\u2019\u00e9difice ne peut d\u00e9passer les deux \u00e9tages, surtout au niveau de la partie basse de cette zone mar\u00e9cageuse, class\u00e9e d\u2019ailleurs inconstructible ! Quelques m\u00e8tres \u00e0 c\u00f4t\u00e9, un centre commercial qui n\u2019a du projet que le nom. Un centre commercial \u00e0 l\u2019allure d\u2019un souk avec des magasins en forme de stands. Un g\u00e2chis qui d\u00e9note de la spoliation du foncier \u00e0 Annaba au nom de l\u2019investissement. Quand \u00e0 l\u2019autre terrain jouxtant l\u2019\u00e9changeur de Sidi-Achour, cens\u00e9&nbsp;&nbsp;abriter un centre commercial,&nbsp;celui-ci&nbsp;a \u00e9t\u00e9 d\u00e9tourn\u00e9 de sa vocation et transform\u00e9e illicitement en site d\u2019exploitation d\u2019une centrale \u00e0 b\u00e9ton au sein d\u2019un centre urbain et en face de la piscine olympique d\u2019Annaba. Ce terrain&nbsp;qui&nbsp;devait servir d\u2019espace de d\u00e9tente pour les familles, a fini par \u00eatre brad\u00e9e l\u00e9galement&nbsp;\u00e0&nbsp;un propri\u00e9taire d\u2019une station d\u2019essence. Ce dernier lui-m\u00eame avait en 2014 plaid\u00e9, lors d\u2019une rencontre qu\u2019il avait organis\u00e9 au sein de sa pompe \u00e0 essence, pour la pr\u00e9servation de l\u2019assiette, en la transformant en lieu de d\u00e9tente. Autre projet en souffrance,&nbsp;&nbsp;pour des raisons inconnues, cet h\u00f4tel de sept \u00e9tages, l\u2019Eden Park, un investissement lanc\u00e9 en&nbsp;grandes pompes&nbsp;en 2018 ,et qui&nbsp;est depuis des mois&nbsp;\u00e0 l\u2019arr\u00eat. Le hic est que son propri\u00e9taire ne s\u2019est pas rapproch\u00e9 de la cellule de suivi et d\u2019accompagnement des investisseurs, pour soulever&nbsp;les obstacles&nbsp;auxquels il fait face&nbsp;! Idem pour&nbsp;&nbsp;&nbsp;pas moins de six lots, accord\u00e9s dans le m\u00eame cadre, cl\u00f4tur\u00e9s, mais les projets n\u2019ont toujours pas \u00e9t\u00e9 pas \u00e9t\u00e9 lanc\u00e9s. Parmi ces lots, une assiette attribu\u00e9e&nbsp;au&nbsp;fils d\u2019un ex- chef du protocole&nbsp;de wilaya. Le terrain&nbsp;&nbsp;a \u00e9t\u00e9 revendu dans l\u2019opacit\u00e9 la plus totale. V\u00e9ritable fl\u00e9au dans cette ville, le trafic du foncier a pris des dimensions d\u00e9mesur\u00e9es, \u00e0 Annaba pour toucher, ces derni\u00e8res ann\u00e9es, des sites donnant sur le littoral, voire m\u00eame dans des zones inconstructibles. Pour ne citer que ces cas qui ont mis le wali d\u2019Annaba, Djamel Eddine Berrimi hors de lui.&nbsp;Une situation qui&nbsp;risque de d\u00e9boucher sur l\u2019ouverture d\u2019enqu\u00eate.<\/p>\n\n\n\n<p><strong>Sofia Chahine<\/strong><\/p>\n","protected":false},"excerpt":{"rendered":"<p>Un nouveau scandale li\u00e9 \u00e0 la gestion du foncier secoue la wilaya d\u2019Annaba.&nbsp; La gestion scandaleuse&nbsp;&nbsp;des assiettes fonci\u00e8res destin\u00e9es \u00e0<\/p>\n","protected":false},"author":3,"featured_media":19575,"comment_status":"open","ping_status":"closed","sticky":false,"template":"","format":"standard","meta":{"colormag_page_container_layout":"default_layout","colormag_page_sidebar_layout":"default_layout","om_disable_all_campaigns":false,"_monsterinsights_skip_tracking":false,"_monsterinsights_sitenote_active":false,"_monsterinsights_sitenote_note":"","_monsterinsights_sitenote_category":0,"footnotes":"","_wpscppro_dont_share_socialmedia":false,"_wpscppro_custom_social_share_image":0,"_facebook_share_type":"","_twitter_share_type":"","_linkedin_share_type":"","_pinterest_share_type":"","_linkedin_share_type_page":"","_instagram_share_type":"","_medium_share_type":"","_threads_share_type":"","_google_business_share_type":"","_selected_social_profile":[],"_wpsp_enable_custom_social_template":false,"_wpsp_social_scheduling":{"enabled":false,"datetime":null,"platforms":[],"status":"template_only","dateOption":"today","timeOption":"now","customDays":"","customHours":"","customDate":"","customTime":"","schedulingType":"absolute"},"_wpsp_active_default_template":true},"categories":[31],"tags":[],"class_list":["post-19574","post","type-post","status-publish","format-standard","has-post-thumbnail","hentry","category-regions"],"aioseo_notices":[],"yoast_head":"<!-- This site is optimized with the Yoast SEO plugin v27.5 - https:\/\/yoast.com\/product\/yoast-seo-wordpress\/ -->\n<title>Annaba\u00a0:\u00a0Des projets \u00e0 l\u2019arr\u00eat et des interrogations - La Sentinelle<\/title>\n<meta name=\"robots\" content=\"index, follow, max-snippet:-1, max-image-preview:large, max-video-preview:-1\" \/>\n<link rel=\"canonical\" href=\"https:\/\/lasentinelle.dz\/index.php\/2022\/04\/10\/annaba-des-projets-a-larret-et-des-interrogations\/\" \/>\n<meta property=\"og:locale\" content=\"fr_FR\" \/>\n<meta property=\"og:type\" content=\"article\" \/>\n<meta property=\"og:title\" content=\"Annaba\u00a0:\u00a0Des projets \u00e0 l\u2019arr\u00eat et des interrogations - La Sentinelle\" \/>\n<meta property=\"og:description\" content=\"Un nouveau scandale li\u00e9 \u00e0 la gestion du foncier secoue la wilaya d\u2019Annaba.&nbsp; La gestion scandaleuse&nbsp;&nbsp;des assiettes fonci\u00e8res destin\u00e9es \u00e0\" \/>\n<meta property=\"og:url\" content=\"https:\/\/lasentinelle.dz\/index.php\/2022\/04\/10\/annaba-des-projets-a-larret-et-des-interrogations\/\" \/>\n<meta property=\"og:site_name\" content=\"La Sentinelle\" \/>\n<meta property=\"article:publisher\" content=\"https:\/\/www.facebook.com\/La-Sentinelle-104059864394773\" \/>\n<meta property=\"article:published_time\" content=\"2022-04-09T23:01:00+00:00\" \/>\n<meta property=\"og:image\" content=\"https:\/\/lasentinelle.dz\/wp-content\/uploads\/2022\/04\/annaba.jpeg\" \/>\n\t<meta property=\"og:image:width\" content=\"600\" \/>\n\t<meta property=\"og:image:height\" content=\"600\" \/>\n\t<meta property=\"og:image:type\" content=\"image\/jpeg\" \/>\n<meta name=\"author\" content=\"La Sentinelle\" \/>\n<meta name=\"twitter:card\" content=\"summary_large_image\" \/>\n<meta name=\"twitter:label1\" content=\"\u00c9crit par\" \/>\n\t<meta name=\"twitter:data1\" content=\"La Sentinelle\" \/>\n\t<meta name=\"twitter:label2\" content=\"Dur\u00e9e de lecture estim\u00e9e\" \/>\n\t<meta name=\"twitter:data2\" content=\"4 minutes\" \/>\n<script type=\"application\/ld+json\" class=\"yoast-schema-graph\">{\"@context\":\"https:\\\/\\\/schema.org\",\"@graph\":[{\"@type\":\"Article\",\"@id\":\"https:\\\/\\\/lasentinelle.dz\\\/index.php\\\/2022\\\/04\\\/10\\\/annaba-des-projets-a-larret-et-des-interrogations\\\/#article\",\"isPartOf\":{\"@id\":\"https:\\\/\\\/lasentinelle.dz\\\/index.php\\\/2022\\\/04\\\/10\\\/annaba-des-projets-a-larret-et-des-interrogations\\\/\"},\"author\":{\"name\":\"La Sentinelle\",\"@id\":\"https:\\\/\\\/lasentinelle.dz\\\/#\\\/schema\\\/person\\\/d865044e22e70a75174ce8bcad3acfb3\"},\"headline\":\"Annaba\u00a0:\u00a0Des projets \u00e0 l\u2019arr\u00eat et des interrogations\",\"datePublished\":\"2022-04-09T23:01:00+00:00\",\"mainEntityOfPage\":{\"@id\":\"https:\\\/\\\/lasentinelle.dz\\\/index.php\\\/2022\\\/04\\\/10\\\/annaba-des-projets-a-larret-et-des-interrogations\\\/\"},\"wordCount\":852,\"commentCount\":0,\"publisher\":{\"@id\":\"https:\\\/\\\/lasentinelle.dz\\\/#organization\"},\"image\":{\"@id\":\"https:\\\/\\\/lasentinelle.dz\\\/index.php\\\/2022\\\/04\\\/10\\\/annaba-des-projets-a-larret-et-des-interrogations\\\/#primaryimage\"},\"thumbnailUrl\":\"https:\\\/\\\/lasentinelle.dz\\\/wp-content\\\/uploads\\\/2022\\\/04\\\/annaba.jpeg\",\"articleSection\":[\"R\u00e9gions\"],\"inLanguage\":\"fr-FR\",\"potentialAction\":[{\"@type\":\"CommentAction\",\"name\":\"Comment\",\"target\":[\"https:\\\/\\\/lasentinelle.dz\\\/index.php\\\/2022\\\/04\\\/10\\\/annaba-des-projets-a-larret-et-des-interrogations\\\/#respond\"]}]},{\"@type\":\"WebPage\",\"@id\":\"https:\\\/\\\/lasentinelle.dz\\\/index.php\\\/2022\\\/04\\\/10\\\/annaba-des-projets-a-larret-et-des-interrogations\\\/\",\"url\":\"https:\\\/\\\/lasentinelle.dz\\\/index.php\\\/2022\\\/04\\\/10\\\/annaba-des-projets-a-larret-et-des-interrogations\\\/\",\"name\":\"Annaba\u00a0:\u00a0Des projets \u00e0 l\u2019arr\u00eat et des interrogations - La Sentinelle\",\"isPartOf\":{\"@id\":\"https:\\\/\\\/lasentinelle.dz\\\/#website\"},\"primaryImageOfPage\":{\"@id\":\"https:\\\/\\\/lasentinelle.dz\\\/index.php\\\/2022\\\/04\\\/10\\\/annaba-des-projets-a-larret-et-des-interrogations\\\/#primaryimage\"},\"image\":{\"@id\":\"https:\\\/\\\/lasentinelle.dz\\\/index.php\\\/2022\\\/04\\\/10\\\/annaba-des-projets-a-larret-et-des-interrogations\\\/#primaryimage\"},\"thumbnailUrl\":\"https:\\\/\\\/lasentinelle.dz\\\/wp-content\\\/uploads\\\/2022\\\/04\\\/annaba.jpeg\",\"datePublished\":\"2022-04-09T23:01:00+00:00\",\"breadcrumb\":{\"@id\":\"https:\\\/\\\/lasentinelle.dz\\\/index.php\\\/2022\\\/04\\\/10\\\/annaba-des-projets-a-larret-et-des-interrogations\\\/#breadcrumb\"},\"inLanguage\":\"fr-FR\",\"potentialAction\":[{\"@type\":\"ReadAction\",\"target\":[\"https:\\\/\\\/lasentinelle.dz\\\/index.php\\\/2022\\\/04\\\/10\\\/annaba-des-projets-a-larret-et-des-interrogations\\\/\"]}]},{\"@type\":\"ImageObject\",\"inLanguage\":\"fr-FR\",\"@id\":\"https:\\\/\\\/lasentinelle.dz\\\/index.php\\\/2022\\\/04\\\/10\\\/annaba-des-projets-a-larret-et-des-interrogations\\\/#primaryimage\",\"url\":\"https:\\\/\\\/lasentinelle.dz\\\/wp-content\\\/uploads\\\/2022\\\/04\\\/annaba.jpeg\",\"contentUrl\":\"https:\\\/\\\/lasentinelle.dz\\\/wp-content\\\/uploads\\\/2022\\\/04\\\/annaba.jpeg\",\"width\":600,\"height\":600},{\"@type\":\"BreadcrumbList\",\"@id\":\"https:\\\/\\\/lasentinelle.dz\\\/index.php\\\/2022\\\/04\\\/10\\\/annaba-des-projets-a-larret-et-des-interrogations\\\/#breadcrumb\",\"itemListElement\":[{\"@type\":\"ListItem\",\"position\":1,\"name\":\"Accueil\",\"item\":\"https:\\\/\\\/lasentinelle.dz\\\/\"},{\"@type\":\"ListItem\",\"position\":2,\"name\":\"Annaba\u00a0:\u00a0Des projets \u00e0 l\u2019arr\u00eat et des interrogations\"}]},{\"@type\":\"WebSite\",\"@id\":\"https:\\\/\\\/lasentinelle.dz\\\/#website\",\"url\":\"https:\\\/\\\/lasentinelle.dz\\\/\",\"name\":\"La Sentinelle\",\"description\":\"Quotidien national d&#039;information\",\"publisher\":{\"@id\":\"https:\\\/\\\/lasentinelle.dz\\\/#organization\"},\"potentialAction\":[{\"@type\":\"SearchAction\",\"target\":{\"@type\":\"EntryPoint\",\"urlTemplate\":\"https:\\\/\\\/lasentinelle.dz\\\/?s={search_term_string}\"},\"query-input\":{\"@type\":\"PropertyValueSpecification\",\"valueRequired\":true,\"valueName\":\"search_term_string\"}}],\"inLanguage\":\"fr-FR\"},{\"@type\":\"Organization\",\"@id\":\"https:\\\/\\\/lasentinelle.dz\\\/#organization\",\"name\":\"Quotidien La Sentinelle\",\"url\":\"https:\\\/\\\/lasentinelle.dz\\\/\",\"logo\":{\"@type\":\"ImageObject\",\"inLanguage\":\"fr-FR\",\"@id\":\"https:\\\/\\\/lasentinelle.dz\\\/#\\\/schema\\\/logo\\\/image\\\/\",\"url\":\"https:\\\/\\\/lasentinelle.dz\\\/wp-content\\\/uploads\\\/2021\\\/09\\\/logo-sentinelleSLOGAN-1.png\",\"contentUrl\":\"https:\\\/\\\/lasentinelle.dz\\\/wp-content\\\/uploads\\\/2021\\\/09\\\/logo-sentinelleSLOGAN-1.png\",\"width\":615,\"height\":142,\"caption\":\"Quotidien La Sentinelle\"},\"image\":{\"@id\":\"https:\\\/\\\/lasentinelle.dz\\\/#\\\/schema\\\/logo\\\/image\\\/\"},\"sameAs\":[\"https:\\\/\\\/www.facebook.com\\\/La-Sentinelle-104059864394773\"]},{\"@type\":\"Person\",\"@id\":\"https:\\\/\\\/lasentinelle.dz\\\/#\\\/schema\\\/person\\\/d865044e22e70a75174ce8bcad3acfb3\",\"name\":\"La Sentinelle\",\"image\":{\"@type\":\"ImageObject\",\"inLanguage\":\"fr-FR\",\"@id\":\"https:\\\/\\\/secure.gravatar.com\\\/avatar\\\/57de8e5d4b15d43fb361a71fbb36338450fe67865b528a43dd10ef7c51a20392?s=96&d=mm&r=g\",\"url\":\"https:\\\/\\\/secure.gravatar.com\\\/avatar\\\/57de8e5d4b15d43fb361a71fbb36338450fe67865b528a43dd10ef7c51a20392?s=96&d=mm&r=g\",\"contentUrl\":\"https:\\\/\\\/secure.gravatar.com\\\/avatar\\\/57de8e5d4b15d43fb361a71fbb36338450fe67865b528a43dd10ef7c51a20392?s=96&d=mm&r=g\",\"caption\":\"La Sentinelle\"},\"sameAs\":[\"http:\\\/\\\/www.lasentinelle.dz\"],\"url\":\"https:\\\/\\\/lasentinelle.dz\\\/author\\\/redaction\\\/\"}]}<\/script>\n<!-- \/ Yoast SEO plugin. -->","yoast_head_json":{"title":"Annaba\u00a0:\u00a0Des projets \u00e0 l\u2019arr\u00eat et des interrogations - La Sentinelle","robots":{"index":"index","follow":"follow","max-snippet":"max-snippet:-1","max-image-preview":"max-image-preview:large","max-video-preview":"max-video-preview:-1"},"canonical":"https:\/\/lasentinelle.dz\/index.php\/2022\/04\/10\/annaba-des-projets-a-larret-et-des-interrogations\/","og_locale":"fr_FR","og_type":"article","og_title":"Annaba\u00a0:\u00a0Des projets \u00e0 l\u2019arr\u00eat et des interrogations - La Sentinelle","og_description":"Un nouveau scandale li\u00e9 \u00e0 la gestion du foncier secoue la wilaya d\u2019Annaba.&nbsp; La gestion scandaleuse&nbsp;&nbsp;des assiettes fonci\u00e8res destin\u00e9es \u00e0","og_url":"https:\/\/lasentinelle.dz\/index.php\/2022\/04\/10\/annaba-des-projets-a-larret-et-des-interrogations\/","og_site_name":"La Sentinelle","article_publisher":"https:\/\/www.facebook.com\/La-Sentinelle-104059864394773","article_published_time":"2022-04-09T23:01:00+00:00","og_image":[{"width":600,"height":600,"url":"https:\/\/lasentinelle.dz\/wp-content\/uploads\/2022\/04\/annaba.jpeg","type":"image\/jpeg"}],"author":"La Sentinelle","twitter_card":"summary_large_image","twitter_misc":{"\u00c9crit par":"La Sentinelle","Dur\u00e9e de lecture estim\u00e9e":"4 minutes"},"schema":{"@context":"https:\/\/schema.org","@graph":[{"@type":"Article","@id":"https:\/\/lasentinelle.dz\/index.php\/2022\/04\/10\/annaba-des-projets-a-larret-et-des-interrogations\/#article","isPartOf":{"@id":"https:\/\/lasentinelle.dz\/index.php\/2022\/04\/10\/annaba-des-projets-a-larret-et-des-interrogations\/"},"author":{"name":"La Sentinelle","@id":"https:\/\/lasentinelle.dz\/#\/schema\/person\/d865044e22e70a75174ce8bcad3acfb3"},"headline":"Annaba\u00a0:\u00a0Des projets \u00e0 l\u2019arr\u00eat et des interrogations","datePublished":"2022-04-09T23:01:00+00:00","mainEntityOfPage":{"@id":"https:\/\/lasentinelle.dz\/index.php\/2022\/04\/10\/annaba-des-projets-a-larret-et-des-interrogations\/"},"wordCount":852,"commentCount":0,"publisher":{"@id":"https:\/\/lasentinelle.dz\/#organization"},"image":{"@id":"https:\/\/lasentinelle.dz\/index.php\/2022\/04\/10\/annaba-des-projets-a-larret-et-des-interrogations\/#primaryimage"},"thumbnailUrl":"https:\/\/lasentinelle.dz\/wp-content\/uploads\/2022\/04\/annaba.jpeg","articleSection":["R\u00e9gions"],"inLanguage":"fr-FR","potentialAction":[{"@type":"CommentAction","name":"Comment","target":["https:\/\/lasentinelle.dz\/index.php\/2022\/04\/10\/annaba-des-projets-a-larret-et-des-interrogations\/#respond"]}]},{"@type":"WebPage","@id":"https:\/\/lasentinelle.dz\/index.php\/2022\/04\/10\/annaba-des-projets-a-larret-et-des-interrogations\/","url":"https:\/\/lasentinelle.dz\/index.php\/2022\/04\/10\/annaba-des-projets-a-larret-et-des-interrogations\/","name":"Annaba\u00a0:\u00a0Des projets \u00e0 l\u2019arr\u00eat et des interrogations - La Sentinelle","isPartOf":{"@id":"https:\/\/lasentinelle.dz\/#website"},"primaryImageOfPage":{"@id":"https:\/\/lasentinelle.dz\/index.php\/2022\/04\/10\/annaba-des-projets-a-larret-et-des-interrogations\/#primaryimage"},"image":{"@id":"https:\/\/lasentinelle.dz\/index.php\/2022\/04\/10\/annaba-des-projets-a-larret-et-des-interrogations\/#primaryimage"},"thumbnailUrl":"https:\/\/lasentinelle.dz\/wp-content\/uploads\/2022\/04\/annaba.jpeg","datePublished":"2022-04-09T23:01:00+00:00","breadcrumb":{"@id":"https:\/\/lasentinelle.dz\/index.php\/2022\/04\/10\/annaba-des-projets-a-larret-et-des-interrogations\/#breadcrumb"},"inLanguage":"fr-FR","potentialAction":[{"@type":"ReadAction","target":["https:\/\/lasentinelle.dz\/index.php\/2022\/04\/10\/annaba-des-projets-a-larret-et-des-interrogations\/"]}]},{"@type":"ImageObject","inLanguage":"fr-FR","@id":"https:\/\/lasentinelle.dz\/index.php\/2022\/04\/10\/annaba-des-projets-a-larret-et-des-interrogations\/#primaryimage","url":"https:\/\/lasentinelle.dz\/wp-content\/uploads\/2022\/04\/annaba.jpeg","contentUrl":"https:\/\/lasentinelle.dz\/wp-content\/uploads\/2022\/04\/annaba.jpeg","width":600,"height":600},{"@type":"BreadcrumbList","@id":"https:\/\/lasentinelle.dz\/index.php\/2022\/04\/10\/annaba-des-projets-a-larret-et-des-interrogations\/#breadcrumb","itemListElement":[{"@type":"ListItem","position":1,"name":"Accueil","item":"https:\/\/lasentinelle.dz\/"},{"@type":"ListItem","position":2,"name":"Annaba\u00a0:\u00a0Des projets \u00e0 l\u2019arr\u00eat et des interrogations"}]},{"@type":"WebSite","@id":"https:\/\/lasentinelle.dz\/#website","url":"https:\/\/lasentinelle.dz\/","name":"La Sentinelle","description":"Quotidien national d&#039;information","publisher":{"@id":"https:\/\/lasentinelle.dz\/#organization"},"potentialAction":[{"@type":"SearchAction","target":{"@type":"EntryPoint","urlTemplate":"https:\/\/lasentinelle.dz\/?s={search_term_string}"},"query-input":{"@type":"PropertyValueSpecification","valueRequired":true,"valueName":"search_term_string"}}],"inLanguage":"fr-FR"},{"@type":"Organization","@id":"https:\/\/lasentinelle.dz\/#organization","name":"Quotidien La Sentinelle","url":"https:\/\/lasentinelle.dz\/","logo":{"@type":"ImageObject","inLanguage":"fr-FR","@id":"https:\/\/lasentinelle.dz\/#\/schema\/logo\/image\/","url":"https:\/\/lasentinelle.dz\/wp-content\/uploads\/2021\/09\/logo-sentinelleSLOGAN-1.png","contentUrl":"https:\/\/lasentinelle.dz\/wp-content\/uploads\/2021\/09\/logo-sentinelleSLOGAN-1.png","width":615,"height":142,"caption":"Quotidien La Sentinelle"},"image":{"@id":"https:\/\/lasentinelle.dz\/#\/schema\/logo\/image\/"},"sameAs":["https:\/\/www.facebook.com\/La-Sentinelle-104059864394773"]},{"@type":"Person","@id":"https:\/\/lasentinelle.dz\/#\/schema\/person\/d865044e22e70a75174ce8bcad3acfb3","name":"La Sentinelle","image":{"@type":"ImageObject","inLanguage":"fr-FR","@id":"https:\/\/secure.gravatar.com\/avatar\/57de8e5d4b15d43fb361a71fbb36338450fe67865b528a43dd10ef7c51a20392?s=96&d=mm&r=g","url":"https:\/\/secure.gravatar.com\/avatar\/57de8e5d4b15d43fb361a71fbb36338450fe67865b528a43dd10ef7c51a20392?s=96&d=mm&r=g","contentUrl":"https:\/\/secure.gravatar.com\/avatar\/57de8e5d4b15d43fb361a71fbb36338450fe67865b528a43dd10ef7c51a20392?s=96&d=mm&r=g","caption":"La Sentinelle"},"sameAs":["http:\/\/www.lasentinelle.dz"],"url":"https:\/\/lasentinelle.dz\/author\/redaction\/"}]}},"_links":{"self":[{"href":"https:\/\/lasentinelle.dz\/index.php\/wp-json\/wp\/v2\/posts\/19574","targetHints":{"allow":["GET"]}}],"collection":[{"href":"https:\/\/lasentinelle.dz\/index.php\/wp-json\/wp\/v2\/posts"}],"about":[{"href":"https:\/\/lasentinelle.dz\/index.php\/wp-json\/wp\/v2\/types\/post"}],"author":[{"embeddable":true,"href":"https:\/\/lasentinelle.dz\/index.php\/wp-json\/wp\/v2\/users\/3"}],"replies":[{"embeddable":true,"href":"https:\/\/lasentinelle.dz\/index.php\/wp-json\/wp\/v2\/comments?post=19574"}],"version-history":[{"count":1,"href":"https:\/\/lasentinelle.dz\/index.php\/wp-json\/wp\/v2\/posts\/19574\/revisions"}],"predecessor-version":[{"id":19576,"href":"https:\/\/lasentinelle.dz\/index.php\/wp-json\/wp\/v2\/posts\/19574\/revisions\/19576"}],"wp:featuredmedia":[{"embeddable":true,"href":"https:\/\/lasentinelle.dz\/index.php\/wp-json\/wp\/v2\/media\/19575"}],"wp:attachment":[{"href":"https:\/\/lasentinelle.dz\/index.php\/wp-json\/wp\/v2\/media?parent=19574"}],"wp:term":[{"taxonomy":"category","embeddable":true,"href":"https:\/\/lasentinelle.dz\/index.php\/wp-json\/wp\/v2\/categories?post=19574"},{"taxonomy":"post_tag","embeddable":true,"href":"https:\/\/lasentinelle.dz\/index.php\/wp-json\/wp\/v2\/tags?post=19574"}],"curies":[{"name":"wp","href":"https:\/\/api.w.org\/{rel}","templated":true}]}}