{"id":19624,"date":"2022-04-11T00:05:00","date_gmt":"2022-04-10T23:05:00","guid":{"rendered":"https:\/\/lasentinelle.dz\/?p=19624"},"modified":"2022-04-10T20:21:18","modified_gmt":"2022-04-10T19:21:18","slug":"nouvelle-restructuration-des-filiales-de-groupe-sonelgaz-creation-de-deux-nouvelles-filiales-de-travaux","status":"publish","type":"post","link":"https:\/\/lasentinelle.dz\/index.php\/2022\/04\/11\/nouvelle-restructuration-des-filiales-de-groupe-sonelgaz-creation-de-deux-nouvelles-filiales-de-travaux\/","title":{"rendered":"Nouvelle restructuration des filiales de Groupe Sonelgaz\u00a0: Cr\u00e9ation de deux nouvelles filiales de travaux\u00a0"},"content":{"rendered":"\n<p>Le groupe Sonelgaz a lanc\u00e9 une nouvelle et vaste op\u00e9ration de restructuration de ses filiales. Une op\u00e9ration assise sur la fusion de certaines de ses filiales afin de b\u00e9n\u00e9ficier des synergies et des \u00e9conomies d\u2019\u00e9chelle. Une op\u00e9ration qui a permis la cr\u00e9ation de deux nouvelles filiales concentrant toutes les activit\u00e9s li\u00e9es aux grands travaux dans le gaz pour l\u2019une, et celles li\u00e9es \u00e0 la r\u00e9alisation d\u2019infrastructures \u00e9nerg\u00e9tiques pour l\u2019autre.&nbsp;<\/p>\n\n\n\n<p>Selon un communiqu\u00e9 du Groupe Sonelgaz publi\u00e9 hier, \u00ab&nbsp;la&nbsp;fusion des filiales vient d\u2019\u00eatre couronn\u00e9e de succ\u00e8s&nbsp;\u00bb. Et d\u2019ajouter&nbsp;que cette op\u00e9ration&nbsp;a \u00e9t\u00e9&nbsp;lanc\u00e9e dans l\u2019optique de faire atteindre \u00e0 ses filiales une taille critique et booster leur croissance et leur activit\u00e9 en taille de march\u00e9 et en croissance. Le communiqu\u00e9 indique en effet que la fusion des groupes Kahrif, Kahrakib et Kanagaz d\u2019un c\u00f4t\u00e9 et Inerga et Etterkib d\u2019autre part a \u00e9t\u00e9 effectu\u00e9e avec succ\u00e8s.<\/p>\n\n\n\n<p>L\u2019op\u00e9ration de fusion et d\u2019absorption par Kahrakib de Kahrif et Kanagaz, pr\u00e9cise le communiqu\u00e9, a abouti \u00e0 l\u2019\u00e9mergence d\u2019une nouvelle soci\u00e9t\u00e9 d\u00e9nomm\u00e9e Kahragaz (Soci\u00e9t\u00e9 de Grands Travaux de Gaz),&nbsp;tandis que la fusion et l\u2019absorption d\u2019Etterkib par Inerga a \u00ab permis la naissance d\u2019une nouvelle soci\u00e9t\u00e9 sous l\u2019appellation d\u2019Inerkib (Soci\u00e9t\u00e9 de R\u00e9alisation des Infrastructures&nbsp;&nbsp;\u00e9nerg\u00e9tiques et Industrielles) \u00bb. Deux soci\u00e9t\u00e9s qui disposent d\u2019une nouvelle identit\u00e9 visuelle, explique le communiqu\u00e9,&nbsp;\u00ab&nbsp;parall\u00e8lement \u00e0 leur lancement dans un nouveau positionnement dans le march\u00e9 avec un ma\u00eetre-mot qui est l\u2019efficacit\u00e9, l\u2019efficience et la performance&nbsp;\u00bb. Un d\u00e9veloppement qui sera r\u00e9alis\u00e9, ajoute Sonelgaz, gr\u00e2ce \u00e0 \u00ab la mutualisation et l\u2019optimisation de leurs ressources et de leurs moyens \u00bb.<\/p>\n\n\n\n<p>En fait, la soci\u00e9t\u00e9 alg\u00e9rienne sp\u00e9cialis\u00e9e dans l\u2019\u00e9lectricit\u00e9 et le gaz explique vise, par&nbsp;&nbsp;ces op\u00e9rations de r\u00e9organisation, \u00e0 \u00ab rationaliser les d\u00e9penses et aboutir \u00e0 une synergie des co\u00fbts&nbsp;&nbsp;et \u00e9galement \u00e0 b\u00e2tir des entit\u00e9s \u00e9conomiques plus fortes capables \u00bb, pr\u00e9cise-t-on, afin \u00ab de cr\u00e9er de la valeur ajout\u00e9e assurant le d\u00e9veloppement \u00e9conomique national \u00e0 long terme \u00bb. Rassurant, le communiqu\u00e9 de la Sonelgaz, mentionne que la soci\u00e9t\u00e9 tient \u00ab ses engagements \u00e0 pr\u00e9server tous les acquis socioprofessionnels des personnels concern\u00e9s et de leur donner des opportunit\u00e9s nouvelles de d\u00e9veloppement et d\u2019\u00e9volution des carri\u00e8res \u00bb. \u00ab Des chantiers sont d\u00e9j\u00e0 en cours en mati\u00e8re d\u2019harmonisation des grilles des salaires, de r\u00e9vision et d\u2019harmonisation des indemnit\u00e9s de zone outre la perspective de r\u00e9mun\u00e9ration plus juste \u00bb, ajoute Sonelgaz dans son communiqu\u00e9.<\/p>\n\n\n\n<p>Enfin, il est \u00e0 rappeler que depuis plus d\u2019une ann\u00e9e, le groupe Sonelgaz s&rsquo;est engag\u00e9 dans un processus de modernisation en adoptant une nouvelle strat\u00e9gie lui permettant d&rsquo;\u00e9voluer vers un nouveau style de gouvernance et de gestion. Un \u00ab nouveau type de gouvernance prot\u00e8ge les droits et les int\u00e9r\u00eats de l&rsquo;entreprise et des travailleurs, ainsi que les clients de Sonelgaz et les droits de l&rsquo;Etat qui est l&rsquo;unique propri\u00e9taire et actionnaire de cette soci\u00e9t\u00e9\u00a0\u00bb, avait affirm\u00e9 en 2021, le ministre&nbsp;&nbsp;de l\u2019\u00c9nergie et des&nbsp;Mines,&nbsp;Mohamed Arkab, lors d\u2019une visite dans le Sud du pays.&nbsp;<\/p>\n\n\n\n<p><strong>Kamel Nait Ameur<\/strong><\/p>\n","protected":false},"excerpt":{"rendered":"<p>Le groupe Sonelgaz a lanc\u00e9 une nouvelle et vaste op\u00e9ration de restructuration de ses filiales. Une op\u00e9ration assise sur la<\/p>\n","protected":false},"author":3,"featured_media":19632,"comment_status":"open","ping_status":"closed","sticky":false,"template":"","format":"standard","meta":{"colormag_page_container_layout":"default_layout","colormag_page_sidebar_layout":"default_layout","om_disable_all_campaigns":false,"_monsterinsights_skip_tracking":false,"_monsterinsights_sitenote_active":false,"_monsterinsights_sitenote_note":"","_monsterinsights_sitenote_category":0,"footnotes":"","_wpscppro_dont_share_socialmedia":false,"_wpscppro_custom_social_share_image":0,"_facebook_share_type":"","_twitter_share_type":"","_linkedin_share_type":"","_pinterest_share_type":"","_linkedin_share_type_page":"","_instagram_share_type":"","_medium_share_type":"","_threads_share_type":"","_google_business_share_type":"","_selected_social_profile":[],"_wpsp_enable_custom_social_template":false,"_wpsp_social_scheduling":{"enabled":false,"datetime":null,"platforms":[],"status":"template_only","dateOption":"today","timeOption":"now","customDays":"","customHours":"","customDate":"","customTime":"","schedulingType":"absolute"},"_wpsp_active_default_template":true},"categories":[52,29],"tags":[],"class_list":["post-19624","post","type-post","status-publish","format-standard","has-post-thumbnail","hentry","category-a-la-une","category-economie"],"aioseo_notices":[],"yoast_head":"<!-- This site is optimized with the Yoast SEO plugin v27.5 - https:\/\/yoast.com\/product\/yoast-seo-wordpress\/ -->\n<title>Nouvelle restructuration des filiales de Groupe Sonelgaz\u00a0: Cr\u00e9ation de deux nouvelles filiales de travaux\u00a0 - La Sentinelle<\/title>\n<meta name=\"robots\" content=\"index, follow, max-snippet:-1, max-image-preview:large, max-video-preview:-1\" \/>\n<link rel=\"canonical\" href=\"https:\/\/lasentinelle.dz\/index.php\/2022\/04\/11\/nouvelle-restructuration-des-filiales-de-groupe-sonelgaz-creation-de-deux-nouvelles-filiales-de-travaux\/\" \/>\n<meta property=\"og:locale\" content=\"fr_FR\" \/>\n<meta property=\"og:type\" content=\"article\" \/>\n<meta property=\"og:title\" content=\"Nouvelle restructuration des filiales de Groupe Sonelgaz\u00a0: Cr\u00e9ation de deux nouvelles filiales de travaux\u00a0 - La Sentinelle\" \/>\n<meta property=\"og:description\" content=\"Le groupe Sonelgaz a lanc\u00e9 une nouvelle et vaste op\u00e9ration de restructuration de ses filiales. Une op\u00e9ration assise sur la\" \/>\n<meta property=\"og:url\" content=\"https:\/\/lasentinelle.dz\/index.php\/2022\/04\/11\/nouvelle-restructuration-des-filiales-de-groupe-sonelgaz-creation-de-deux-nouvelles-filiales-de-travaux\/\" \/>\n<meta property=\"og:site_name\" content=\"La Sentinelle\" \/>\n<meta property=\"article:publisher\" content=\"https:\/\/www.facebook.com\/La-Sentinelle-104059864394773\" \/>\n<meta property=\"article:published_time\" content=\"2022-04-10T23:05:00+00:00\" \/>\n<meta property=\"og:image\" content=\"https:\/\/lasentinelle.dz\/wp-content\/uploads\/2022\/04\/sonelgaz.png\" \/>\n\t<meta property=\"og:image:width\" content=\"1600\" \/>\n\t<meta property=\"og:image:height\" content=\"900\" \/>\n\t<meta property=\"og:image:type\" content=\"image\/png\" \/>\n<meta name=\"author\" content=\"La Sentinelle\" \/>\n<meta name=\"twitter:card\" content=\"summary_large_image\" \/>\n<meta name=\"twitter:label1\" content=\"\u00c9crit par\" \/>\n\t<meta name=\"twitter:data1\" content=\"La Sentinelle\" \/>\n\t<meta name=\"twitter:label2\" content=\"Dur\u00e9e de lecture estim\u00e9e\" \/>\n\t<meta name=\"twitter:data2\" content=\"3 minutes\" \/>\n<script type=\"application\/ld+json\" class=\"yoast-schema-graph\">{\"@context\":\"https:\\\/\\\/schema.org\",\"@graph\":[{\"@type\":\"Article\",\"@id\":\"https:\\\/\\\/lasentinelle.dz\\\/index.php\\\/2022\\\/04\\\/11\\\/nouvelle-restructuration-des-filiales-de-groupe-sonelgaz-creation-de-deux-nouvelles-filiales-de-travaux\\\/#article\",\"isPartOf\":{\"@id\":\"https:\\\/\\\/lasentinelle.dz\\\/index.php\\\/2022\\\/04\\\/11\\\/nouvelle-restructuration-des-filiales-de-groupe-sonelgaz-creation-de-deux-nouvelles-filiales-de-travaux\\\/\"},\"author\":{\"name\":\"La Sentinelle\",\"@id\":\"https:\\\/\\\/lasentinelle.dz\\\/#\\\/schema\\\/person\\\/d865044e22e70a75174ce8bcad3acfb3\"},\"headline\":\"Nouvelle restructuration des filiales de Groupe Sonelgaz\u00a0: Cr\u00e9ation de deux nouvelles filiales de travaux\u00a0\",\"datePublished\":\"2022-04-10T23:05:00+00:00\",\"mainEntityOfPage\":{\"@id\":\"https:\\\/\\\/lasentinelle.dz\\\/index.php\\\/2022\\\/04\\\/11\\\/nouvelle-restructuration-des-filiales-de-groupe-sonelgaz-creation-de-deux-nouvelles-filiales-de-travaux\\\/\"},\"wordCount\":601,\"commentCount\":0,\"publisher\":{\"@id\":\"https:\\\/\\\/lasentinelle.dz\\\/#organization\"},\"image\":{\"@id\":\"https:\\\/\\\/lasentinelle.dz\\\/index.php\\\/2022\\\/04\\\/11\\\/nouvelle-restructuration-des-filiales-de-groupe-sonelgaz-creation-de-deux-nouvelles-filiales-de-travaux\\\/#primaryimage\"},\"thumbnailUrl\":\"https:\\\/\\\/lasentinelle.dz\\\/wp-content\\\/uploads\\\/2022\\\/04\\\/sonelgaz.png\",\"articleSection\":[\"\u00c0 la Une\",\"\u00c9conomie\"],\"inLanguage\":\"fr-FR\",\"potentialAction\":[{\"@type\":\"CommentAction\",\"name\":\"Comment\",\"target\":[\"https:\\\/\\\/lasentinelle.dz\\\/index.php\\\/2022\\\/04\\\/11\\\/nouvelle-restructuration-des-filiales-de-groupe-sonelgaz-creation-de-deux-nouvelles-filiales-de-travaux\\\/#respond\"]}]},{\"@type\":\"WebPage\",\"@id\":\"https:\\\/\\\/lasentinelle.dz\\\/index.php\\\/2022\\\/04\\\/11\\\/nouvelle-restructuration-des-filiales-de-groupe-sonelgaz-creation-de-deux-nouvelles-filiales-de-travaux\\\/\",\"url\":\"https:\\\/\\\/lasentinelle.dz\\\/index.php\\\/2022\\\/04\\\/11\\\/nouvelle-restructuration-des-filiales-de-groupe-sonelgaz-creation-de-deux-nouvelles-filiales-de-travaux\\\/\",\"name\":\"Nouvelle restructuration des filiales de Groupe Sonelgaz\u00a0: Cr\u00e9ation de deux nouvelles filiales de travaux\u00a0 - La Sentinelle\",\"isPartOf\":{\"@id\":\"https:\\\/\\\/lasentinelle.dz\\\/#website\"},\"primaryImageOfPage\":{\"@id\":\"https:\\\/\\\/lasentinelle.dz\\\/index.php\\\/2022\\\/04\\\/11\\\/nouvelle-restructuration-des-filiales-de-groupe-sonelgaz-creation-de-deux-nouvelles-filiales-de-travaux\\\/#primaryimage\"},\"image\":{\"@id\":\"https:\\\/\\\/lasentinelle.dz\\\/index.php\\\/2022\\\/04\\\/11\\\/nouvelle-restructuration-des-filiales-de-groupe-sonelgaz-creation-de-deux-nouvelles-filiales-de-travaux\\\/#primaryimage\"},\"thumbnailUrl\":\"https:\\\/\\\/lasentinelle.dz\\\/wp-content\\\/uploads\\\/2022\\\/04\\\/sonelgaz.png\",\"datePublished\":\"2022-04-10T23:05:00+00:00\",\"breadcrumb\":{\"@id\":\"https:\\\/\\\/lasentinelle.dz\\\/index.php\\\/2022\\\/04\\\/11\\\/nouvelle-restructuration-des-filiales-de-groupe-sonelgaz-creation-de-deux-nouvelles-filiales-de-travaux\\\/#breadcrumb\"},\"inLanguage\":\"fr-FR\",\"potentialAction\":[{\"@type\":\"ReadAction\",\"target\":[\"https:\\\/\\\/lasentinelle.dz\\\/index.php\\\/2022\\\/04\\\/11\\\/nouvelle-restructuration-des-filiales-de-groupe-sonelgaz-creation-de-deux-nouvelles-filiales-de-travaux\\\/\"]}]},{\"@type\":\"ImageObject\",\"inLanguage\":\"fr-FR\",\"@id\":\"https:\\\/\\\/lasentinelle.dz\\\/index.php\\\/2022\\\/04\\\/11\\\/nouvelle-restructuration-des-filiales-de-groupe-sonelgaz-creation-de-deux-nouvelles-filiales-de-travaux\\\/#primaryimage\",\"url\":\"https:\\\/\\\/lasentinelle.dz\\\/wp-content\\\/uploads\\\/2022\\\/04\\\/sonelgaz.png\",\"contentUrl\":\"https:\\\/\\\/lasentinelle.dz\\\/wp-content\\\/uploads\\\/2022\\\/04\\\/sonelgaz.png\",\"width\":1600,\"height\":900},{\"@type\":\"BreadcrumbList\",\"@id\":\"https:\\\/\\\/lasentinelle.dz\\\/index.php\\\/2022\\\/04\\\/11\\\/nouvelle-restructuration-des-filiales-de-groupe-sonelgaz-creation-de-deux-nouvelles-filiales-de-travaux\\\/#breadcrumb\",\"itemListElement\":[{\"@type\":\"ListItem\",\"position\":1,\"name\":\"Accueil\",\"item\":\"https:\\\/\\\/lasentinelle.dz\\\/\"},{\"@type\":\"ListItem\",\"position\":2,\"name\":\"Nouvelle restructuration des filiales de Groupe Sonelgaz\u00a0: Cr\u00e9ation de deux nouvelles filiales de travaux\u00a0\"}]},{\"@type\":\"WebSite\",\"@id\":\"https:\\\/\\\/lasentinelle.dz\\\/#website\",\"url\":\"https:\\\/\\\/lasentinelle.dz\\\/\",\"name\":\"La Sentinelle\",\"description\":\"Quotidien national d&#039;information\",\"publisher\":{\"@id\":\"https:\\\/\\\/lasentinelle.dz\\\/#organization\"},\"potentialAction\":[{\"@type\":\"SearchAction\",\"target\":{\"@type\":\"EntryPoint\",\"urlTemplate\":\"https:\\\/\\\/lasentinelle.dz\\\/?s={search_term_string}\"},\"query-input\":{\"@type\":\"PropertyValueSpecification\",\"valueRequired\":true,\"valueName\":\"search_term_string\"}}],\"inLanguage\":\"fr-FR\"},{\"@type\":\"Organization\",\"@id\":\"https:\\\/\\\/lasentinelle.dz\\\/#organization\",\"name\":\"Quotidien La Sentinelle\",\"url\":\"https:\\\/\\\/lasentinelle.dz\\\/\",\"logo\":{\"@type\":\"ImageObject\",\"inLanguage\":\"fr-FR\",\"@id\":\"https:\\\/\\\/lasentinelle.dz\\\/#\\\/schema\\\/logo\\\/image\\\/\",\"url\":\"https:\\\/\\\/lasentinelle.dz\\\/wp-content\\\/uploads\\\/2021\\\/09\\\/logo-sentinelleSLOGAN-1.png\",\"contentUrl\":\"https:\\\/\\\/lasentinelle.dz\\\/wp-content\\\/uploads\\\/2021\\\/09\\\/logo-sentinelleSLOGAN-1.png\",\"width\":615,\"height\":142,\"caption\":\"Quotidien La Sentinelle\"},\"image\":{\"@id\":\"https:\\\/\\\/lasentinelle.dz\\\/#\\\/schema\\\/logo\\\/image\\\/\"},\"sameAs\":[\"https:\\\/\\\/www.facebook.com\\\/La-Sentinelle-104059864394773\"]},{\"@type\":\"Person\",\"@id\":\"https:\\\/\\\/lasentinelle.dz\\\/#\\\/schema\\\/person\\\/d865044e22e70a75174ce8bcad3acfb3\",\"name\":\"La Sentinelle\",\"image\":{\"@type\":\"ImageObject\",\"inLanguage\":\"fr-FR\",\"@id\":\"https:\\\/\\\/secure.gravatar.com\\\/avatar\\\/57de8e5d4b15d43fb361a71fbb36338450fe67865b528a43dd10ef7c51a20392?s=96&d=mm&r=g\",\"url\":\"https:\\\/\\\/secure.gravatar.com\\\/avatar\\\/57de8e5d4b15d43fb361a71fbb36338450fe67865b528a43dd10ef7c51a20392?s=96&d=mm&r=g\",\"contentUrl\":\"https:\\\/\\\/secure.gravatar.com\\\/avatar\\\/57de8e5d4b15d43fb361a71fbb36338450fe67865b528a43dd10ef7c51a20392?s=96&d=mm&r=g\",\"caption\":\"La Sentinelle\"},\"sameAs\":[\"http:\\\/\\\/www.lasentinelle.dz\"],\"url\":\"https:\\\/\\\/lasentinelle.dz\\\/author\\\/redaction\\\/\"}]}<\/script>\n<!-- \/ Yoast SEO plugin. -->","yoast_head_json":{"title":"Nouvelle restructuration des filiales de Groupe Sonelgaz\u00a0: Cr\u00e9ation de deux nouvelles filiales de travaux\u00a0 - La Sentinelle","robots":{"index":"index","follow":"follow","max-snippet":"max-snippet:-1","max-image-preview":"max-image-preview:large","max-video-preview":"max-video-preview:-1"},"canonical":"https:\/\/lasentinelle.dz\/index.php\/2022\/04\/11\/nouvelle-restructuration-des-filiales-de-groupe-sonelgaz-creation-de-deux-nouvelles-filiales-de-travaux\/","og_locale":"fr_FR","og_type":"article","og_title":"Nouvelle restructuration des filiales de Groupe Sonelgaz\u00a0: Cr\u00e9ation de deux nouvelles filiales de travaux\u00a0 - La Sentinelle","og_description":"Le groupe Sonelgaz a lanc\u00e9 une nouvelle et vaste op\u00e9ration de restructuration de ses filiales. Une op\u00e9ration assise sur la","og_url":"https:\/\/lasentinelle.dz\/index.php\/2022\/04\/11\/nouvelle-restructuration-des-filiales-de-groupe-sonelgaz-creation-de-deux-nouvelles-filiales-de-travaux\/","og_site_name":"La Sentinelle","article_publisher":"https:\/\/www.facebook.com\/La-Sentinelle-104059864394773","article_published_time":"2022-04-10T23:05:00+00:00","og_image":[{"width":1600,"height":900,"url":"https:\/\/lasentinelle.dz\/wp-content\/uploads\/2022\/04\/sonelgaz.png","type":"image\/png"}],"author":"La Sentinelle","twitter_card":"summary_large_image","twitter_misc":{"\u00c9crit par":"La Sentinelle","Dur\u00e9e de lecture estim\u00e9e":"3 minutes"},"schema":{"@context":"https:\/\/schema.org","@graph":[{"@type":"Article","@id":"https:\/\/lasentinelle.dz\/index.php\/2022\/04\/11\/nouvelle-restructuration-des-filiales-de-groupe-sonelgaz-creation-de-deux-nouvelles-filiales-de-travaux\/#article","isPartOf":{"@id":"https:\/\/lasentinelle.dz\/index.php\/2022\/04\/11\/nouvelle-restructuration-des-filiales-de-groupe-sonelgaz-creation-de-deux-nouvelles-filiales-de-travaux\/"},"author":{"name":"La Sentinelle","@id":"https:\/\/lasentinelle.dz\/#\/schema\/person\/d865044e22e70a75174ce8bcad3acfb3"},"headline":"Nouvelle restructuration des filiales de Groupe Sonelgaz\u00a0: Cr\u00e9ation de deux nouvelles filiales de travaux\u00a0","datePublished":"2022-04-10T23:05:00+00:00","mainEntityOfPage":{"@id":"https:\/\/lasentinelle.dz\/index.php\/2022\/04\/11\/nouvelle-restructuration-des-filiales-de-groupe-sonelgaz-creation-de-deux-nouvelles-filiales-de-travaux\/"},"wordCount":601,"commentCount":0,"publisher":{"@id":"https:\/\/lasentinelle.dz\/#organization"},"image":{"@id":"https:\/\/lasentinelle.dz\/index.php\/2022\/04\/11\/nouvelle-restructuration-des-filiales-de-groupe-sonelgaz-creation-de-deux-nouvelles-filiales-de-travaux\/#primaryimage"},"thumbnailUrl":"https:\/\/lasentinelle.dz\/wp-content\/uploads\/2022\/04\/sonelgaz.png","articleSection":["\u00c0 la Une","\u00c9conomie"],"inLanguage":"fr-FR","potentialAction":[{"@type":"CommentAction","name":"Comment","target":["https:\/\/lasentinelle.dz\/index.php\/2022\/04\/11\/nouvelle-restructuration-des-filiales-de-groupe-sonelgaz-creation-de-deux-nouvelles-filiales-de-travaux\/#respond"]}]},{"@type":"WebPage","@id":"https:\/\/lasentinelle.dz\/index.php\/2022\/04\/11\/nouvelle-restructuration-des-filiales-de-groupe-sonelgaz-creation-de-deux-nouvelles-filiales-de-travaux\/","url":"https:\/\/lasentinelle.dz\/index.php\/2022\/04\/11\/nouvelle-restructuration-des-filiales-de-groupe-sonelgaz-creation-de-deux-nouvelles-filiales-de-travaux\/","name":"Nouvelle restructuration des filiales de Groupe Sonelgaz\u00a0: Cr\u00e9ation de deux nouvelles filiales de travaux\u00a0 - La Sentinelle","isPartOf":{"@id":"https:\/\/lasentinelle.dz\/#website"},"primaryImageOfPage":{"@id":"https:\/\/lasentinelle.dz\/index.php\/2022\/04\/11\/nouvelle-restructuration-des-filiales-de-groupe-sonelgaz-creation-de-deux-nouvelles-filiales-de-travaux\/#primaryimage"},"image":{"@id":"https:\/\/lasentinelle.dz\/index.php\/2022\/04\/11\/nouvelle-restructuration-des-filiales-de-groupe-sonelgaz-creation-de-deux-nouvelles-filiales-de-travaux\/#primaryimage"},"thumbnailUrl":"https:\/\/lasentinelle.dz\/wp-content\/uploads\/2022\/04\/sonelgaz.png","datePublished":"2022-04-10T23:05:00+00:00","breadcrumb":{"@id":"https:\/\/lasentinelle.dz\/index.php\/2022\/04\/11\/nouvelle-restructuration-des-filiales-de-groupe-sonelgaz-creation-de-deux-nouvelles-filiales-de-travaux\/#breadcrumb"},"inLanguage":"fr-FR","potentialAction":[{"@type":"ReadAction","target":["https:\/\/lasentinelle.dz\/index.php\/2022\/04\/11\/nouvelle-restructuration-des-filiales-de-groupe-sonelgaz-creation-de-deux-nouvelles-filiales-de-travaux\/"]}]},{"@type":"ImageObject","inLanguage":"fr-FR","@id":"https:\/\/lasentinelle.dz\/index.php\/2022\/04\/11\/nouvelle-restructuration-des-filiales-de-groupe-sonelgaz-creation-de-deux-nouvelles-filiales-de-travaux\/#primaryimage","url":"https:\/\/lasentinelle.dz\/wp-content\/uploads\/2022\/04\/sonelgaz.png","contentUrl":"https:\/\/lasentinelle.dz\/wp-content\/uploads\/2022\/04\/sonelgaz.png","width":1600,"height":900},{"@type":"BreadcrumbList","@id":"https:\/\/lasentinelle.dz\/index.php\/2022\/04\/11\/nouvelle-restructuration-des-filiales-de-groupe-sonelgaz-creation-de-deux-nouvelles-filiales-de-travaux\/#breadcrumb","itemListElement":[{"@type":"ListItem","position":1,"name":"Accueil","item":"https:\/\/lasentinelle.dz\/"},{"@type":"ListItem","position":2,"name":"Nouvelle restructuration des filiales de Groupe Sonelgaz\u00a0: Cr\u00e9ation de deux nouvelles filiales de travaux\u00a0"}]},{"@type":"WebSite","@id":"https:\/\/lasentinelle.dz\/#website","url":"https:\/\/lasentinelle.dz\/","name":"La Sentinelle","description":"Quotidien national d&#039;information","publisher":{"@id":"https:\/\/lasentinelle.dz\/#organization"},"potentialAction":[{"@type":"SearchAction","target":{"@type":"EntryPoint","urlTemplate":"https:\/\/lasentinelle.dz\/?s={search_term_string}"},"query-input":{"@type":"PropertyValueSpecification","valueRequired":true,"valueName":"search_term_string"}}],"inLanguage":"fr-FR"},{"@type":"Organization","@id":"https:\/\/lasentinelle.dz\/#organization","name":"Quotidien La Sentinelle","url":"https:\/\/lasentinelle.dz\/","logo":{"@type":"ImageObject","inLanguage":"fr-FR","@id":"https:\/\/lasentinelle.dz\/#\/schema\/logo\/image\/","url":"https:\/\/lasentinelle.dz\/wp-content\/uploads\/2021\/09\/logo-sentinelleSLOGAN-1.png","contentUrl":"https:\/\/lasentinelle.dz\/wp-content\/uploads\/2021\/09\/logo-sentinelleSLOGAN-1.png","width":615,"height":142,"caption":"Quotidien La Sentinelle"},"image":{"@id":"https:\/\/lasentinelle.dz\/#\/schema\/logo\/image\/"},"sameAs":["https:\/\/www.facebook.com\/La-Sentinelle-104059864394773"]},{"@type":"Person","@id":"https:\/\/lasentinelle.dz\/#\/schema\/person\/d865044e22e70a75174ce8bcad3acfb3","name":"La Sentinelle","image":{"@type":"ImageObject","inLanguage":"fr-FR","@id":"https:\/\/secure.gravatar.com\/avatar\/57de8e5d4b15d43fb361a71fbb36338450fe67865b528a43dd10ef7c51a20392?s=96&d=mm&r=g","url":"https:\/\/secure.gravatar.com\/avatar\/57de8e5d4b15d43fb361a71fbb36338450fe67865b528a43dd10ef7c51a20392?s=96&d=mm&r=g","contentUrl":"https:\/\/secure.gravatar.com\/avatar\/57de8e5d4b15d43fb361a71fbb36338450fe67865b528a43dd10ef7c51a20392?s=96&d=mm&r=g","caption":"La Sentinelle"},"sameAs":["http:\/\/www.lasentinelle.dz"],"url":"https:\/\/lasentinelle.dz\/author\/redaction\/"}]}},"_links":{"self":[{"href":"https:\/\/lasentinelle.dz\/index.php\/wp-json\/wp\/v2\/posts\/19624","targetHints":{"allow":["GET"]}}],"collection":[{"href":"https:\/\/lasentinelle.dz\/index.php\/wp-json\/wp\/v2\/posts"}],"about":[{"href":"https:\/\/lasentinelle.dz\/index.php\/wp-json\/wp\/v2\/types\/post"}],"author":[{"embeddable":true,"href":"https:\/\/lasentinelle.dz\/index.php\/wp-json\/wp\/v2\/users\/3"}],"replies":[{"embeddable":true,"href":"https:\/\/lasentinelle.dz\/index.php\/wp-json\/wp\/v2\/comments?post=19624"}],"version-history":[{"count":1,"href":"https:\/\/lasentinelle.dz\/index.php\/wp-json\/wp\/v2\/posts\/19624\/revisions"}],"predecessor-version":[{"id":19633,"href":"https:\/\/lasentinelle.dz\/index.php\/wp-json\/wp\/v2\/posts\/19624\/revisions\/19633"}],"wp:featuredmedia":[{"embeddable":true,"href":"https:\/\/lasentinelle.dz\/index.php\/wp-json\/wp\/v2\/media\/19632"}],"wp:attachment":[{"href":"https:\/\/lasentinelle.dz\/index.php\/wp-json\/wp\/v2\/media?parent=19624"}],"wp:term":[{"taxonomy":"category","embeddable":true,"href":"https:\/\/lasentinelle.dz\/index.php\/wp-json\/wp\/v2\/categories?post=19624"},{"taxonomy":"post_tag","embeddable":true,"href":"https:\/\/lasentinelle.dz\/index.php\/wp-json\/wp\/v2\/tags?post=19624"}],"curies":[{"name":"wp","href":"https:\/\/api.w.org\/{rel}","templated":true}]}}