{"id":19628,"date":"2022-04-11T00:01:00","date_gmt":"2022-04-10T23:01:00","guid":{"rendered":"https:\/\/lasentinelle.dz\/?p=19628"},"modified":"2022-04-10T18:21:04","modified_gmt":"2022-04-10T17:21:04","slug":"karim-ouamane-directeur-general-de-lagence-nationale-des-dechets-15-de-dechets-collectes-sont-constitues-de-plastique","status":"publish","type":"post","link":"https:\/\/lasentinelle.dz\/index.php\/2022\/04\/11\/karim-ouamane-directeur-general-de-lagence-nationale-des-dechets-15-de-dechets-collectes-sont-constitues-de-plastique\/","title":{"rendered":"Karim Ouamane,\u00a0Directeur g\u00e9n\u00e9ral de l&rsquo;Agence nationale des d\u00e9chets\u00a0:\u00a0\u00ab15% de d\u00e9chets collect\u00e9s sont constitu\u00e9s de plastique\u00bb"},"content":{"rendered":"\n<p>Le&nbsp;Directeur g\u00e9n\u00e9ral de l&rsquo;Agence nationale des d\u00e9chets, Karim Ouamane a affirm\u00e9 que \u00abla quantit\u00e9 de d\u00e9chets produite pendant le mois de Ramadhan a augment\u00e9 de 2 \u00e0 5% par rapport \u00e0 la quantit\u00e9 produite au cours des mois de l&rsquo;ann\u00e9e\u00bb.&nbsp;Invit\u00e9 \u00e0 s\u2019exprimer sur les ondes de la Radio alg\u00e9rienne, le DG de l\u2019AND&nbsp;a&nbsp;soulign\u00e9 dans ce contexte le gaspillage qui caract\u00e9rise ce mois en particulier en se r\u00e9f\u00e9rant aux chiffres du mois de ramadhan 2021. Il explique que 19 % des d\u00e9chet organiques produits durant cette p\u00e9riode sont issus du gaspillage.&nbsp;<\/p>\n\n\n\n<p>En r\u00e9ponse \u00e0 la question sur la quantit\u00e9 de d\u00e9chets li\u00e9s au pain pendant le mois sacr\u00e9,&nbsp;le m\u00eame intervenant&nbsp;a indiqu\u00e9 que \u00ab&nbsp;le gaspillage&nbsp;du pain a diminu\u00e9 cette ann\u00e9e comparativement aux ann\u00e9es pr\u00e9c\u00e9dentes \u00bb. La m\u00eame source s\u2019est r\u00e9serv\u00e9e le droit de n\u2019avancer aucun chiffre, soulignant qu\u2019il \u00ab pr\u00e9f\u00e8re attendre jusqu\u2019\u00e0 la fin du mois pour fournir les statistiques et les chiffres corrects et pr\u00e9cis.<\/p>\n\n\n\n<p>Il expliquera sur un autre registre&nbsp;que \u00ables d\u00e9chets plastiques repr\u00e9sentent un taux 15% de d\u00e9chets globaux collect\u00e9s \u00bb. \u00abCes derniers constituent de v\u00e9ritables handicaps en les collectant compte tenu compte tenu de leur taille et de leur volume, en les entassant notamment dans les camions de collectes des ordures \u00bb. L&rsquo;invit\u00e9 de la cha\u00eene 2 a renouvel\u00e9 son appel aux citoyens les exhortant \u00e0 \u00abproc\u00e9der au tri de leurs d\u00e9chets afin de faciliter le processus de r\u00e9cup\u00e9ration du&nbsp;plastique\u00bb. S&rsquo;agissant du tri s\u00e9lectif, l\u2019invit\u00e9 de la radio a expliqu\u00e9 que \u00able minist\u00e8re de l&rsquo;Environnement travaille \u00e0 la mise \u00e0 jour des m\u00e9canismes pour d\u00e9velopper le tri s\u00e9lectif \u00bb, appelant \u00ab\u00e0 la n\u00e9cessit\u00e9 de cr\u00e9er de v\u00e9ritables march\u00e9s pour valoriser la mati\u00e8re premi\u00e8re&nbsp;issue de ces d\u00e9chets et en faire l&rsquo;une des sources cr\u00e9atrices d&#8217;emplois\u00bb, dans le cadre de l\u2019\u00e9conomie circulaire. Dans ce contexte, l&rsquo;intervenant a salu\u00e9 certaines exp\u00e9riences et initiatives locales r\u00e9ussies.&nbsp;Il&nbsp;a&nbsp;\u00e9galement expliqu\u00e9&nbsp;que \u00abla responsabilit\u00e9 de la gestion des d\u00e9chets incombe \u00e0 tous, du citoyen aux gestionnaires des municipalit\u00e9s et \u00e0 l&rsquo;institution de collecte des d\u00e9chets\u00bb, soulignant la \u00abn\u00e9cessit\u00e9 d&rsquo;efforts concert\u00e9s pour que le processus r\u00e9ussisse\u00bb. Il a expliqu\u00e9 que \u00abl&rsquo;une des t\u00e2ches les plus importantes de l&rsquo;Agence, qui a \u00e9t\u00e9 cr\u00e9\u00e9e en 2002, est d&rsquo;accompagner les populations locales et de mettre \u00e0 jour le syst\u00e8me national d&rsquo;information sur les d\u00e9chets au niveau national, en plus du travail de sensibilisation\u00bb. \u00c0 cet \u00e9gard, il a expliqu\u00e9 que \u00able syst\u00e8me national d&rsquo;information sur les d\u00e9chets est un outil utile qui sera inclus dans le plan national de gestion des d\u00e9chets . Car, il s&rsquo;inscrit dans la voie de la num\u00e9risation du secteur \u00bb.&nbsp;Et d\u2019ajouter&nbsp;que \u00abcela permettra \u00e0 ce syst\u00e8me de passer d&rsquo;une base de donn\u00e9es \u00e0 l&rsquo;\u00e9tat brut \u00e0&nbsp;un panneau&nbsp;de contr\u00f4le constitu\u00e9e de plusieurs indicateurs li\u00e9s \u00e0 la gestion des d\u00e9chets, mat\u00e9rialisant ainsi le lien entre des entit\u00e9s g\u00e9ographiquement s\u00e9par\u00e9es et des concessionnaires, ainsi que des concessionnaires priv\u00e9s\u00bb. Et d\u2019ajouter que \u00ables donn\u00e9es qui seront collect\u00e9es aupr\u00e8s des populations locales seront enregistr\u00e9es via la plate-forme du syst\u00e8me d&rsquo;information, les traitant automatiquement avant de les prendre en compte sous forme d&rsquo;indicateurs et de statistiques pour chaque&nbsp;wilaya\u00bb. Dans ce contexte, Karim Oumane a ajout\u00e9 que \u00able moment est venu de g\u00e9rer les d\u00e9chets de mani\u00e8re moderne et avec une vision moderne \u00bb. \u00abNous nous orientons \u00e9galement dans d&rsquo;autres secteurs tels que l&rsquo;eau et les transports afin d&rsquo;\u00e9viter de futurs probl\u00e8mes environnementaux, sociaux et \u00e9conomiques \u00bb, a-t-il indiqu\u00e9. Dans le but d&rsquo;inciter les jeunes \u00e0 s&rsquo;int\u00e9resser \u00e0 l&rsquo;investissement dans la gestion des d\u00e9chets, l&rsquo;intervenant a rappel\u00e9 la plateforme num\u00e9rique mod\u00e8le lanc\u00e9e en 2020 pour servir de lien entre les producteurs de d\u00e9chets, les r\u00e9cup\u00e9rateurs et les recycleurs.<\/p>\n\n\n\n<p><strong>Amar Malki<\/strong><\/p>\n","protected":false},"excerpt":{"rendered":"<p>Le&nbsp;Directeur g\u00e9n\u00e9ral de l&rsquo;Agence nationale des d\u00e9chets, Karim Ouamane a affirm\u00e9 que \u00abla quantit\u00e9 de d\u00e9chets produite pendant le mois<\/p>\n","protected":false},"author":3,"featured_media":19638,"comment_status":"open","ping_status":"closed","sticky":false,"template":"","format":"standard","meta":{"colormag_page_container_layout":"default_layout","colormag_page_sidebar_layout":"default_layout","om_disable_all_campaigns":false,"_monsterinsights_skip_tracking":false,"_monsterinsights_sitenote_active":false,"_monsterinsights_sitenote_note":"","_monsterinsights_sitenote_category":0,"footnotes":"","_wpscppro_dont_share_socialmedia":false,"_wpscppro_custom_social_share_image":0,"_facebook_share_type":"","_twitter_share_type":"","_linkedin_share_type":"","_pinterest_share_type":"","_linkedin_share_type_page":"","_instagram_share_type":"","_medium_share_type":"","_threads_share_type":"","_google_business_share_type":"","_selected_social_profile":[],"_wpsp_enable_custom_social_template":false,"_wpsp_social_scheduling":{"enabled":false,"datetime":null,"platforms":[],"status":"template_only","dateOption":"today","timeOption":"now","customDays":"","customHours":"","customDate":"","customTime":"","schedulingType":"absolute"},"_wpsp_active_default_template":true},"categories":[29],"tags":[],"class_list":["post-19628","post","type-post","status-publish","format-standard","has-post-thumbnail","hentry","category-economie"],"aioseo_notices":[],"yoast_head":"<!-- This site is optimized with the Yoast SEO plugin v27.5 - https:\/\/yoast.com\/product\/yoast-seo-wordpress\/ -->\n<title>Karim Ouamane,\u00a0Directeur g\u00e9n\u00e9ral de l&#039;Agence nationale des d\u00e9chets\u00a0:\u00a0\u00ab15% de d\u00e9chets collect\u00e9s sont constitu\u00e9s de plastique\u00bb - La Sentinelle<\/title>\n<meta name=\"robots\" content=\"index, follow, max-snippet:-1, max-image-preview:large, max-video-preview:-1\" \/>\n<link rel=\"canonical\" href=\"https:\/\/lasentinelle.dz\/index.php\/2022\/04\/11\/karim-ouamane-directeur-general-de-lagence-nationale-des-dechets-15-de-dechets-collectes-sont-constitues-de-plastique\/\" \/>\n<meta property=\"og:locale\" content=\"fr_FR\" \/>\n<meta property=\"og:type\" content=\"article\" \/>\n<meta property=\"og:title\" content=\"Karim Ouamane,\u00a0Directeur g\u00e9n\u00e9ral de l&#039;Agence nationale des d\u00e9chets\u00a0:\u00a0\u00ab15% de d\u00e9chets collect\u00e9s sont constitu\u00e9s de plastique\u00bb - La Sentinelle\" \/>\n<meta property=\"og:description\" content=\"Le&nbsp;Directeur g\u00e9n\u00e9ral de l&rsquo;Agence nationale des d\u00e9chets, Karim Ouamane a affirm\u00e9 que \u00abla quantit\u00e9 de d\u00e9chets produite pendant le mois\" \/>\n<meta property=\"og:url\" content=\"https:\/\/lasentinelle.dz\/index.php\/2022\/04\/11\/karim-ouamane-directeur-general-de-lagence-nationale-des-dechets-15-de-dechets-collectes-sont-constitues-de-plastique\/\" \/>\n<meta property=\"og:site_name\" content=\"La Sentinelle\" \/>\n<meta property=\"article:publisher\" content=\"https:\/\/www.facebook.com\/La-Sentinelle-104059864394773\" \/>\n<meta property=\"article:published_time\" content=\"2022-04-10T23:01:00+00:00\" \/>\n<meta property=\"og:image\" content=\"https:\/\/lasentinelle.dz\/wp-content\/uploads\/2022\/04\/ouamane.png\" \/>\n\t<meta property=\"og:image:width\" content=\"1351\" \/>\n\t<meta property=\"og:image:height\" content=\"900\" \/>\n\t<meta property=\"og:image:type\" content=\"image\/png\" \/>\n<meta name=\"author\" content=\"La Sentinelle\" \/>\n<meta name=\"twitter:card\" content=\"summary_large_image\" \/>\n<meta name=\"twitter:label1\" content=\"\u00c9crit par\" \/>\n\t<meta name=\"twitter:data1\" content=\"La Sentinelle\" \/>\n\t<meta name=\"twitter:label2\" content=\"Dur\u00e9e de lecture estim\u00e9e\" \/>\n\t<meta name=\"twitter:data2\" content=\"4 minutes\" \/>\n<script type=\"application\/ld+json\" class=\"yoast-schema-graph\">{\"@context\":\"https:\\\/\\\/schema.org\",\"@graph\":[{\"@type\":\"Article\",\"@id\":\"https:\\\/\\\/lasentinelle.dz\\\/index.php\\\/2022\\\/04\\\/11\\\/karim-ouamane-directeur-general-de-lagence-nationale-des-dechets-15-de-dechets-collectes-sont-constitues-de-plastique\\\/#article\",\"isPartOf\":{\"@id\":\"https:\\\/\\\/lasentinelle.dz\\\/index.php\\\/2022\\\/04\\\/11\\\/karim-ouamane-directeur-general-de-lagence-nationale-des-dechets-15-de-dechets-collectes-sont-constitues-de-plastique\\\/\"},\"author\":{\"name\":\"La Sentinelle\",\"@id\":\"https:\\\/\\\/lasentinelle.dz\\\/#\\\/schema\\\/person\\\/d865044e22e70a75174ce8bcad3acfb3\"},\"headline\":\"Karim Ouamane,\u00a0Directeur g\u00e9n\u00e9ral de l&rsquo;Agence nationale des d\u00e9chets\u00a0:\u00a0\u00ab15% de d\u00e9chets collect\u00e9s sont constitu\u00e9s de plastique\u00bb\",\"datePublished\":\"2022-04-10T23:01:00+00:00\",\"mainEntityOfPage\":{\"@id\":\"https:\\\/\\\/lasentinelle.dz\\\/index.php\\\/2022\\\/04\\\/11\\\/karim-ouamane-directeur-general-de-lagence-nationale-des-dechets-15-de-dechets-collectes-sont-constitues-de-plastique\\\/\"},\"wordCount\":753,\"commentCount\":0,\"publisher\":{\"@id\":\"https:\\\/\\\/lasentinelle.dz\\\/#organization\"},\"image\":{\"@id\":\"https:\\\/\\\/lasentinelle.dz\\\/index.php\\\/2022\\\/04\\\/11\\\/karim-ouamane-directeur-general-de-lagence-nationale-des-dechets-15-de-dechets-collectes-sont-constitues-de-plastique\\\/#primaryimage\"},\"thumbnailUrl\":\"https:\\\/\\\/lasentinelle.dz\\\/wp-content\\\/uploads\\\/2022\\\/04\\\/ouamane.png\",\"articleSection\":[\"\u00c9conomie\"],\"inLanguage\":\"fr-FR\",\"potentialAction\":[{\"@type\":\"CommentAction\",\"name\":\"Comment\",\"target\":[\"https:\\\/\\\/lasentinelle.dz\\\/index.php\\\/2022\\\/04\\\/11\\\/karim-ouamane-directeur-general-de-lagence-nationale-des-dechets-15-de-dechets-collectes-sont-constitues-de-plastique\\\/#respond\"]}]},{\"@type\":\"WebPage\",\"@id\":\"https:\\\/\\\/lasentinelle.dz\\\/index.php\\\/2022\\\/04\\\/11\\\/karim-ouamane-directeur-general-de-lagence-nationale-des-dechets-15-de-dechets-collectes-sont-constitues-de-plastique\\\/\",\"url\":\"https:\\\/\\\/lasentinelle.dz\\\/index.php\\\/2022\\\/04\\\/11\\\/karim-ouamane-directeur-general-de-lagence-nationale-des-dechets-15-de-dechets-collectes-sont-constitues-de-plastique\\\/\",\"name\":\"Karim Ouamane,\u00a0Directeur g\u00e9n\u00e9ral de l'Agence nationale des d\u00e9chets\u00a0:\u00a0\u00ab15% de d\u00e9chets collect\u00e9s sont constitu\u00e9s de plastique\u00bb - La Sentinelle\",\"isPartOf\":{\"@id\":\"https:\\\/\\\/lasentinelle.dz\\\/#website\"},\"primaryImageOfPage\":{\"@id\":\"https:\\\/\\\/lasentinelle.dz\\\/index.php\\\/2022\\\/04\\\/11\\\/karim-ouamane-directeur-general-de-lagence-nationale-des-dechets-15-de-dechets-collectes-sont-constitues-de-plastique\\\/#primaryimage\"},\"image\":{\"@id\":\"https:\\\/\\\/lasentinelle.dz\\\/index.php\\\/2022\\\/04\\\/11\\\/karim-ouamane-directeur-general-de-lagence-nationale-des-dechets-15-de-dechets-collectes-sont-constitues-de-plastique\\\/#primaryimage\"},\"thumbnailUrl\":\"https:\\\/\\\/lasentinelle.dz\\\/wp-content\\\/uploads\\\/2022\\\/04\\\/ouamane.png\",\"datePublished\":\"2022-04-10T23:01:00+00:00\",\"breadcrumb\":{\"@id\":\"https:\\\/\\\/lasentinelle.dz\\\/index.php\\\/2022\\\/04\\\/11\\\/karim-ouamane-directeur-general-de-lagence-nationale-des-dechets-15-de-dechets-collectes-sont-constitues-de-plastique\\\/#breadcrumb\"},\"inLanguage\":\"fr-FR\",\"potentialAction\":[{\"@type\":\"ReadAction\",\"target\":[\"https:\\\/\\\/lasentinelle.dz\\\/index.php\\\/2022\\\/04\\\/11\\\/karim-ouamane-directeur-general-de-lagence-nationale-des-dechets-15-de-dechets-collectes-sont-constitues-de-plastique\\\/\"]}]},{\"@type\":\"ImageObject\",\"inLanguage\":\"fr-FR\",\"@id\":\"https:\\\/\\\/lasentinelle.dz\\\/index.php\\\/2022\\\/04\\\/11\\\/karim-ouamane-directeur-general-de-lagence-nationale-des-dechets-15-de-dechets-collectes-sont-constitues-de-plastique\\\/#primaryimage\",\"url\":\"https:\\\/\\\/lasentinelle.dz\\\/wp-content\\\/uploads\\\/2022\\\/04\\\/ouamane.png\",\"contentUrl\":\"https:\\\/\\\/lasentinelle.dz\\\/wp-content\\\/uploads\\\/2022\\\/04\\\/ouamane.png\",\"width\":1351,\"height\":900},{\"@type\":\"BreadcrumbList\",\"@id\":\"https:\\\/\\\/lasentinelle.dz\\\/index.php\\\/2022\\\/04\\\/11\\\/karim-ouamane-directeur-general-de-lagence-nationale-des-dechets-15-de-dechets-collectes-sont-constitues-de-plastique\\\/#breadcrumb\",\"itemListElement\":[{\"@type\":\"ListItem\",\"position\":1,\"name\":\"Accueil\",\"item\":\"https:\\\/\\\/lasentinelle.dz\\\/\"},{\"@type\":\"ListItem\",\"position\":2,\"name\":\"Karim Ouamane,\u00a0Directeur g\u00e9n\u00e9ral de l&rsquo;Agence nationale des d\u00e9chets\u00a0:\u00a0\u00ab15% de d\u00e9chets collect\u00e9s sont constitu\u00e9s de plastique\u00bb\"}]},{\"@type\":\"WebSite\",\"@id\":\"https:\\\/\\\/lasentinelle.dz\\\/#website\",\"url\":\"https:\\\/\\\/lasentinelle.dz\\\/\",\"name\":\"La Sentinelle\",\"description\":\"Quotidien national d&#039;information\",\"publisher\":{\"@id\":\"https:\\\/\\\/lasentinelle.dz\\\/#organization\"},\"potentialAction\":[{\"@type\":\"SearchAction\",\"target\":{\"@type\":\"EntryPoint\",\"urlTemplate\":\"https:\\\/\\\/lasentinelle.dz\\\/?s={search_term_string}\"},\"query-input\":{\"@type\":\"PropertyValueSpecification\",\"valueRequired\":true,\"valueName\":\"search_term_string\"}}],\"inLanguage\":\"fr-FR\"},{\"@type\":\"Organization\",\"@id\":\"https:\\\/\\\/lasentinelle.dz\\\/#organization\",\"name\":\"Quotidien La Sentinelle\",\"url\":\"https:\\\/\\\/lasentinelle.dz\\\/\",\"logo\":{\"@type\":\"ImageObject\",\"inLanguage\":\"fr-FR\",\"@id\":\"https:\\\/\\\/lasentinelle.dz\\\/#\\\/schema\\\/logo\\\/image\\\/\",\"url\":\"https:\\\/\\\/lasentinelle.dz\\\/wp-content\\\/uploads\\\/2021\\\/09\\\/logo-sentinelleSLOGAN-1.png\",\"contentUrl\":\"https:\\\/\\\/lasentinelle.dz\\\/wp-content\\\/uploads\\\/2021\\\/09\\\/logo-sentinelleSLOGAN-1.png\",\"width\":615,\"height\":142,\"caption\":\"Quotidien La Sentinelle\"},\"image\":{\"@id\":\"https:\\\/\\\/lasentinelle.dz\\\/#\\\/schema\\\/logo\\\/image\\\/\"},\"sameAs\":[\"https:\\\/\\\/www.facebook.com\\\/La-Sentinelle-104059864394773\"]},{\"@type\":\"Person\",\"@id\":\"https:\\\/\\\/lasentinelle.dz\\\/#\\\/schema\\\/person\\\/d865044e22e70a75174ce8bcad3acfb3\",\"name\":\"La Sentinelle\",\"image\":{\"@type\":\"ImageObject\",\"inLanguage\":\"fr-FR\",\"@id\":\"https:\\\/\\\/secure.gravatar.com\\\/avatar\\\/57de8e5d4b15d43fb361a71fbb36338450fe67865b528a43dd10ef7c51a20392?s=96&d=mm&r=g\",\"url\":\"https:\\\/\\\/secure.gravatar.com\\\/avatar\\\/57de8e5d4b15d43fb361a71fbb36338450fe67865b528a43dd10ef7c51a20392?s=96&d=mm&r=g\",\"contentUrl\":\"https:\\\/\\\/secure.gravatar.com\\\/avatar\\\/57de8e5d4b15d43fb361a71fbb36338450fe67865b528a43dd10ef7c51a20392?s=96&d=mm&r=g\",\"caption\":\"La Sentinelle\"},\"sameAs\":[\"http:\\\/\\\/www.lasentinelle.dz\"],\"url\":\"https:\\\/\\\/lasentinelle.dz\\\/author\\\/redaction\\\/\"}]}<\/script>\n<!-- \/ Yoast SEO plugin. -->","yoast_head_json":{"title":"Karim Ouamane,\u00a0Directeur g\u00e9n\u00e9ral de l'Agence nationale des d\u00e9chets\u00a0:\u00a0\u00ab15% de d\u00e9chets collect\u00e9s sont constitu\u00e9s de plastique\u00bb - La Sentinelle","robots":{"index":"index","follow":"follow","max-snippet":"max-snippet:-1","max-image-preview":"max-image-preview:large","max-video-preview":"max-video-preview:-1"},"canonical":"https:\/\/lasentinelle.dz\/index.php\/2022\/04\/11\/karim-ouamane-directeur-general-de-lagence-nationale-des-dechets-15-de-dechets-collectes-sont-constitues-de-plastique\/","og_locale":"fr_FR","og_type":"article","og_title":"Karim Ouamane,\u00a0Directeur g\u00e9n\u00e9ral de l'Agence nationale des d\u00e9chets\u00a0:\u00a0\u00ab15% de d\u00e9chets collect\u00e9s sont constitu\u00e9s de plastique\u00bb - La Sentinelle","og_description":"Le&nbsp;Directeur g\u00e9n\u00e9ral de l&rsquo;Agence nationale des d\u00e9chets, Karim Ouamane a affirm\u00e9 que \u00abla quantit\u00e9 de d\u00e9chets produite pendant le mois","og_url":"https:\/\/lasentinelle.dz\/index.php\/2022\/04\/11\/karim-ouamane-directeur-general-de-lagence-nationale-des-dechets-15-de-dechets-collectes-sont-constitues-de-plastique\/","og_site_name":"La Sentinelle","article_publisher":"https:\/\/www.facebook.com\/La-Sentinelle-104059864394773","article_published_time":"2022-04-10T23:01:00+00:00","og_image":[{"width":1351,"height":900,"url":"https:\/\/lasentinelle.dz\/wp-content\/uploads\/2022\/04\/ouamane.png","type":"image\/png"}],"author":"La Sentinelle","twitter_card":"summary_large_image","twitter_misc":{"\u00c9crit par":"La Sentinelle","Dur\u00e9e de lecture estim\u00e9e":"4 minutes"},"schema":{"@context":"https:\/\/schema.org","@graph":[{"@type":"Article","@id":"https:\/\/lasentinelle.dz\/index.php\/2022\/04\/11\/karim-ouamane-directeur-general-de-lagence-nationale-des-dechets-15-de-dechets-collectes-sont-constitues-de-plastique\/#article","isPartOf":{"@id":"https:\/\/lasentinelle.dz\/index.php\/2022\/04\/11\/karim-ouamane-directeur-general-de-lagence-nationale-des-dechets-15-de-dechets-collectes-sont-constitues-de-plastique\/"},"author":{"name":"La Sentinelle","@id":"https:\/\/lasentinelle.dz\/#\/schema\/person\/d865044e22e70a75174ce8bcad3acfb3"},"headline":"Karim Ouamane,\u00a0Directeur g\u00e9n\u00e9ral de l&rsquo;Agence nationale des d\u00e9chets\u00a0:\u00a0\u00ab15% de d\u00e9chets collect\u00e9s sont constitu\u00e9s de plastique\u00bb","datePublished":"2022-04-10T23:01:00+00:00","mainEntityOfPage":{"@id":"https:\/\/lasentinelle.dz\/index.php\/2022\/04\/11\/karim-ouamane-directeur-general-de-lagence-nationale-des-dechets-15-de-dechets-collectes-sont-constitues-de-plastique\/"},"wordCount":753,"commentCount":0,"publisher":{"@id":"https:\/\/lasentinelle.dz\/#organization"},"image":{"@id":"https:\/\/lasentinelle.dz\/index.php\/2022\/04\/11\/karim-ouamane-directeur-general-de-lagence-nationale-des-dechets-15-de-dechets-collectes-sont-constitues-de-plastique\/#primaryimage"},"thumbnailUrl":"https:\/\/lasentinelle.dz\/wp-content\/uploads\/2022\/04\/ouamane.png","articleSection":["\u00c9conomie"],"inLanguage":"fr-FR","potentialAction":[{"@type":"CommentAction","name":"Comment","target":["https:\/\/lasentinelle.dz\/index.php\/2022\/04\/11\/karim-ouamane-directeur-general-de-lagence-nationale-des-dechets-15-de-dechets-collectes-sont-constitues-de-plastique\/#respond"]}]},{"@type":"WebPage","@id":"https:\/\/lasentinelle.dz\/index.php\/2022\/04\/11\/karim-ouamane-directeur-general-de-lagence-nationale-des-dechets-15-de-dechets-collectes-sont-constitues-de-plastique\/","url":"https:\/\/lasentinelle.dz\/index.php\/2022\/04\/11\/karim-ouamane-directeur-general-de-lagence-nationale-des-dechets-15-de-dechets-collectes-sont-constitues-de-plastique\/","name":"Karim Ouamane,\u00a0Directeur g\u00e9n\u00e9ral de l'Agence nationale des d\u00e9chets\u00a0:\u00a0\u00ab15% de d\u00e9chets collect\u00e9s sont constitu\u00e9s de plastique\u00bb - La Sentinelle","isPartOf":{"@id":"https:\/\/lasentinelle.dz\/#website"},"primaryImageOfPage":{"@id":"https:\/\/lasentinelle.dz\/index.php\/2022\/04\/11\/karim-ouamane-directeur-general-de-lagence-nationale-des-dechets-15-de-dechets-collectes-sont-constitues-de-plastique\/#primaryimage"},"image":{"@id":"https:\/\/lasentinelle.dz\/index.php\/2022\/04\/11\/karim-ouamane-directeur-general-de-lagence-nationale-des-dechets-15-de-dechets-collectes-sont-constitues-de-plastique\/#primaryimage"},"thumbnailUrl":"https:\/\/lasentinelle.dz\/wp-content\/uploads\/2022\/04\/ouamane.png","datePublished":"2022-04-10T23:01:00+00:00","breadcrumb":{"@id":"https:\/\/lasentinelle.dz\/index.php\/2022\/04\/11\/karim-ouamane-directeur-general-de-lagence-nationale-des-dechets-15-de-dechets-collectes-sont-constitues-de-plastique\/#breadcrumb"},"inLanguage":"fr-FR","potentialAction":[{"@type":"ReadAction","target":["https:\/\/lasentinelle.dz\/index.php\/2022\/04\/11\/karim-ouamane-directeur-general-de-lagence-nationale-des-dechets-15-de-dechets-collectes-sont-constitues-de-plastique\/"]}]},{"@type":"ImageObject","inLanguage":"fr-FR","@id":"https:\/\/lasentinelle.dz\/index.php\/2022\/04\/11\/karim-ouamane-directeur-general-de-lagence-nationale-des-dechets-15-de-dechets-collectes-sont-constitues-de-plastique\/#primaryimage","url":"https:\/\/lasentinelle.dz\/wp-content\/uploads\/2022\/04\/ouamane.png","contentUrl":"https:\/\/lasentinelle.dz\/wp-content\/uploads\/2022\/04\/ouamane.png","width":1351,"height":900},{"@type":"BreadcrumbList","@id":"https:\/\/lasentinelle.dz\/index.php\/2022\/04\/11\/karim-ouamane-directeur-general-de-lagence-nationale-des-dechets-15-de-dechets-collectes-sont-constitues-de-plastique\/#breadcrumb","itemListElement":[{"@type":"ListItem","position":1,"name":"Accueil","item":"https:\/\/lasentinelle.dz\/"},{"@type":"ListItem","position":2,"name":"Karim Ouamane,\u00a0Directeur g\u00e9n\u00e9ral de l&rsquo;Agence nationale des d\u00e9chets\u00a0:\u00a0\u00ab15% de d\u00e9chets collect\u00e9s sont constitu\u00e9s de plastique\u00bb"}]},{"@type":"WebSite","@id":"https:\/\/lasentinelle.dz\/#website","url":"https:\/\/lasentinelle.dz\/","name":"La Sentinelle","description":"Quotidien national d&#039;information","publisher":{"@id":"https:\/\/lasentinelle.dz\/#organization"},"potentialAction":[{"@type":"SearchAction","target":{"@type":"EntryPoint","urlTemplate":"https:\/\/lasentinelle.dz\/?s={search_term_string}"},"query-input":{"@type":"PropertyValueSpecification","valueRequired":true,"valueName":"search_term_string"}}],"inLanguage":"fr-FR"},{"@type":"Organization","@id":"https:\/\/lasentinelle.dz\/#organization","name":"Quotidien La Sentinelle","url":"https:\/\/lasentinelle.dz\/","logo":{"@type":"ImageObject","inLanguage":"fr-FR","@id":"https:\/\/lasentinelle.dz\/#\/schema\/logo\/image\/","url":"https:\/\/lasentinelle.dz\/wp-content\/uploads\/2021\/09\/logo-sentinelleSLOGAN-1.png","contentUrl":"https:\/\/lasentinelle.dz\/wp-content\/uploads\/2021\/09\/logo-sentinelleSLOGAN-1.png","width":615,"height":142,"caption":"Quotidien La Sentinelle"},"image":{"@id":"https:\/\/lasentinelle.dz\/#\/schema\/logo\/image\/"},"sameAs":["https:\/\/www.facebook.com\/La-Sentinelle-104059864394773"]},{"@type":"Person","@id":"https:\/\/lasentinelle.dz\/#\/schema\/person\/d865044e22e70a75174ce8bcad3acfb3","name":"La Sentinelle","image":{"@type":"ImageObject","inLanguage":"fr-FR","@id":"https:\/\/secure.gravatar.com\/avatar\/57de8e5d4b15d43fb361a71fbb36338450fe67865b528a43dd10ef7c51a20392?s=96&d=mm&r=g","url":"https:\/\/secure.gravatar.com\/avatar\/57de8e5d4b15d43fb361a71fbb36338450fe67865b528a43dd10ef7c51a20392?s=96&d=mm&r=g","contentUrl":"https:\/\/secure.gravatar.com\/avatar\/57de8e5d4b15d43fb361a71fbb36338450fe67865b528a43dd10ef7c51a20392?s=96&d=mm&r=g","caption":"La Sentinelle"},"sameAs":["http:\/\/www.lasentinelle.dz"],"url":"https:\/\/lasentinelle.dz\/author\/redaction\/"}]}},"_links":{"self":[{"href":"https:\/\/lasentinelle.dz\/index.php\/wp-json\/wp\/v2\/posts\/19628","targetHints":{"allow":["GET"]}}],"collection":[{"href":"https:\/\/lasentinelle.dz\/index.php\/wp-json\/wp\/v2\/posts"}],"about":[{"href":"https:\/\/lasentinelle.dz\/index.php\/wp-json\/wp\/v2\/types\/post"}],"author":[{"embeddable":true,"href":"https:\/\/lasentinelle.dz\/index.php\/wp-json\/wp\/v2\/users\/3"}],"replies":[{"embeddable":true,"href":"https:\/\/lasentinelle.dz\/index.php\/wp-json\/wp\/v2\/comments?post=19628"}],"version-history":[{"count":1,"href":"https:\/\/lasentinelle.dz\/index.php\/wp-json\/wp\/v2\/posts\/19628\/revisions"}],"predecessor-version":[{"id":19635,"href":"https:\/\/lasentinelle.dz\/index.php\/wp-json\/wp\/v2\/posts\/19628\/revisions\/19635"}],"wp:featuredmedia":[{"embeddable":true,"href":"https:\/\/lasentinelle.dz\/index.php\/wp-json\/wp\/v2\/media\/19638"}],"wp:attachment":[{"href":"https:\/\/lasentinelle.dz\/index.php\/wp-json\/wp\/v2\/media?parent=19628"}],"wp:term":[{"taxonomy":"category","embeddable":true,"href":"https:\/\/lasentinelle.dz\/index.php\/wp-json\/wp\/v2\/categories?post=19628"},{"taxonomy":"post_tag","embeddable":true,"href":"https:\/\/lasentinelle.dz\/index.php\/wp-json\/wp\/v2\/tags?post=19628"}],"curies":[{"name":"wp","href":"https:\/\/api.w.org\/{rel}","templated":true}]}}