{"id":19666,"date":"2022-04-11T00:05:00","date_gmt":"2022-04-10T23:05:00","guid":{"rendered":"https:\/\/lasentinelle.dz\/?p=19666"},"modified":"2022-04-10T21:47:35","modified_gmt":"2022-04-10T20:47:35","slug":"elles-augmentent-de-2-a-10-les-pensions-de-retraite-revalorisees","status":"publish","type":"post","link":"https:\/\/lasentinelle.dz\/index.php\/2022\/04\/11\/elles-augmentent-de-2-a-10-les-pensions-de-retraite-revalorisees\/","title":{"rendered":"Elles augmentent de 2 \u00e0 10%\u00a0: Les pensions de retraite revaloris\u00e9es"},"content":{"rendered":"\n<p>C\u2019est enfin d\u00e9cid\u00e9, les pensions de retraites seront revaloris\u00e9es. Revendiqu\u00e9e avec insistance par les retrait\u00e9s, annonc\u00e9e plusieurs fois sans avoir \u00e9t\u00e9 concr\u00e9tis\u00e9e, la revalorisation des pensions de retraite a \u00e9t\u00e9 d\u00e9cid\u00e9e hier en Conseil des ministres par le pr\u00e9sident de la R\u00e9publique.&nbsp;<\/p>\n\n\n\n<p>Le pr\u00e9sident de la R\u00e9publique, Abdelmadjid Tebboune, a tenu hier la r\u00e9union p\u00e9riodique du Conseil des ministres. Comme \u00e0 l\u2019accoutum\u00e9e, les questions \u00e9conomiques et sociales ont pr\u00e9domin\u00e9 les travaux de la r\u00e9union. En sus du d\u00e9sormais traditionnel expos\u00e9 du M\u00e9diateur de la R\u00e9publique sur la lev\u00e9e des obstacles sur les projets d\u2019investissement s\u2019est pench\u00e9 sur le projet industriel int\u00e9gr\u00e9 d\u2019exploitation du phosphate \u00e0 l\u2019est du pays, le programme compl\u00e9mentaire de d\u00e9veloppement de la wilaya de Khenchela, les pr\u00e9visions de production de c\u00e9r\u00e9ales, les probl\u00e8mes de distribution du lait et les relations de travail.<\/p>\n\n\n\n<p>D\u2019ailleurs, l\u2019examen de ce dernier dossier a \u00e9t\u00e9 mis \u00e0 profit par le Pr\u00e9sident Tebboune pour donner des instructions pour permettre une revalorisation des retraites, selon un bar\u00e8me bien pr\u00e9cis. La nouveaut\u00e9 est que cette revalorisation des retraites a \u00e9t\u00e9 de nouveau port\u00e9e \u00e0 un seuil maximum de 10% apr\u00e8s avoir \u00e9t\u00e9 limit\u00e9e \u00e0 7% au cours des derni\u00e8res revalorisation. Ainsi et selon le communiqu\u00e9 du Conseil des ministres, les pensions inf\u00e9rieures ou \u00e9gales \u00e0 15.000 dinars augmenteront de 10%. Une revalorisation de 5% sera appliqu\u00e9e aux pensions variant entre 15.000 et 20.000 DA. Les pensions variant entre 20.000 et 43.000 DA augmenteront de 3% et enfin, les pensions sup\u00e9rieures \u00e0 43.000 DA augmenteront de 2%. La bonne nouvelle est que cette hausse aura un effet r\u00e9troactif puisqu\u2019elle concerne les retraites au titre des exercices 2021 et 2022.&nbsp;<\/p>\n\n\n\n<p>Il est vrai que la revalorisation des retraites avait fait couleur beaucoup d\u2019encre. Les dispositions de la loi 83-12 impose une revalorisation des pensions de retraite qui prend effet au 1<sup>er<\/sup>&nbsp;mai de chaque ann\u00e9e, dans l\u2019objectif de pr\u00e9server le pouvoir d\u2019achat des retrait\u00e9s et d\u2019adapter leurs revenus \u00e0 l\u2019inflation. Annonc\u00e9e l\u2019ann\u00e9e derni\u00e8re, par l\u2019ex-ministre du Travail El Hachemi Dja\u00e2boub, la revalorisation des retraites n\u2019avait pas pris effet. Le ministre s\u2019\u00e9tait m\u00eame r\u00e9tract\u00e9, quelques heures apr\u00e8s avoir fait son annonce. Une confusion qui avait d\u2019ailleurs aliment\u00e9 les craintes quant au retard dans la revalorisation des pensions de retraite. Aujourd\u2019hui, la r\u00e9vision \u00e0 la hausse de ces pensions semble s\u2019inscrire dans les efforts consentis pour am\u00e9liorer le pouvoir d\u2019achat des m\u00e9nages avec la r\u00e9vision de la grille des salaires de la fonction publique, la baisse de l\u2019IRG sur les salaires et l\u2019institution d\u2019une allocation ch\u00f4mage. Et de l\u2019allocation ch\u00f4mage il en a justement \u00e9t\u00e9 question au cours de ce conseil. Le pr\u00e9sident de la R\u00e9publique a ainsi ordonn\u00e9 d\u2019acc\u00e9l\u00e9rer la distribution des cartes de \u00ab rChifa&nbsp;\u00bb aux&nbsp;b\u00e9n\u00e9ficiaires&nbsp;de l&rsquo;allocation ch\u00f4mage.&nbsp;Il s\u2019est \u00e9galement pench\u00e9 sur le dossier du pr\u00e9emploi et donn\u00e9 des instructions pour l&rsquo;\u00e9laboration d&rsquo;une&nbsp;cartographie&nbsp;recensant les titulaires de contrats de pr\u00e9-emploi&nbsp;en vue de leur int\u00e9gration d\u00e9finitive dans leurs fonctions.&nbsp;Il a \u00e9galement ordonn\u00e9 d\u2019int\u00e9grer tous les&nbsp;b\u00e9n\u00e9ficiaires&nbsp;contrats de pr\u00e9-emploi&nbsp;du secteur&nbsp;de l\u2019\u00c9ducation nationale&nbsp;avant fin mai 2022.&nbsp;Abdelmadjid Tebboune a aussi instruit le gouvernement de pr\u00e9parer un projet de loi sur le&nbsp;l\u2019activit\u00e9 syndicale&nbsp;qui doit b\u00e9n\u00e9ficier du d\u00e9bat et de&nbsp;la concertation&nbsp;avec les professionnels et qu\u2019il&nbsp;tienne compte de la v\u00e9ritable repr\u00e9sentativit\u00e9 des syndicats, et de l&rsquo;engagement de promouvoir l&rsquo;aspect social et professionnel des travailleurs \u00e0 l&rsquo;\u00e9cart des tendances politiques.&nbsp;Il a&nbsp;enfin&nbsp;demand\u00e9 au gouvernement de pr\u00e9parer&nbsp;les statuts particuliers sectoriels.<\/p>\n\n\n\n<p><strong>Plus de marge pour les distributeurs de lait<\/strong><\/p>\n\n\n\n<p>La r\u00e9union du Conseil des ministres s\u2019est \u00e9galement pench\u00e9e sur les questions de consommation en ce mois sacr\u00e9 de Ramadhan. Les perturbations le march\u00e9 du lait subventionn\u00e9 ont bien entendu \u00e9t\u00e9 \u00e9voqu\u00e9es. Dans ce contexte, il a \u00e9t\u00e9 d\u00e9cid\u00e9 d\u2019augmenter la marge b\u00e9n\u00e9ficiaire des transformateurs d\u2019un dinar sur chaque sachet et de deux dinars pour les distributeurs.<\/p>\n\n\n\n<p>Autre dossier strat\u00e9gique examin\u00e9, dans une contexte marqu\u00e9 par des tensions sur les cha\u00eenes mondiales d\u2019approvisionnements, celui relatif aux perspectives de production locale de c\u00e9r\u00e9ales et de l\u00e9gumes secs, qui doit \u00eatre consolid\u00e9e et renforc\u00e9e afin de permettre le limiter l\u2019impact de toute crise \u00e9ventuelle. Dans ce contexte, le chef de l\u2019\u00c9tat a ordonn\u00e9 de r\u00e9server l\u2019exclusivit\u00e9 de l\u2019importation des c\u00e9r\u00e9ales \u00e0 l\u2019OAIC, dans la mesure o\u00f9 les prix sur les march\u00e9s internationaux flambent. Il a \u00e9galement donn\u00e9 des instructions pour travailler \u00e0 l\u2019augmentation des rendements \u00e0 l\u2019hectare&nbsp;en c\u00e9r\u00e9aliculture pour les porter \u00e0&nbsp;40 quintaux&nbsp;au minimum&nbsp;en intensifiant la recherche scientifique et agronomique.&nbsp;Il a ordonn\u00e9 au gouvernement de s&rsquo;appuyer sur les derni\u00e8res m\u00e9thodes d&rsquo;irrigation et en particulier en ce qui concerne les zones de culture c\u00e9r\u00e9ali\u00e8re.&nbsp;Pour ce qui est du d\u00e9veloppement de culture de l\u00e9gumes secs et afin d\u2019encourager les agriculteurs, il a d\u00e9cid\u00e9 du rel\u00e8vement des prix d&rsquo;achat&nbsp;\u00e0&nbsp;3.000 dinars pour les haricots et&nbsp;\u00e0 2.000 dinars pour&nbsp;les lentilles&nbsp;ainsi que pour les pois-chiches.&nbsp;<\/p>\n\n\n\n<p>D\u2019autres dossiers \u00e9taient sur la table du Conseil des ministres. Il s\u2019agit&nbsp;du programme compl\u00e9mentaire&nbsp;de d\u00e9veloppement&nbsp;de la wilaya de Khenchela&nbsp;et pour lequel le Pr\u00e9sident a insist\u00e9 sur la n\u00e9cessit\u00e9&nbsp;d&rsquo;acc\u00e9l\u00e9rer la r\u00e9alisation du programme&nbsp;de son suivi&nbsp;sur une base hebdomadaire.&nbsp;Enfin et concernant l&rsquo;\u00e9tat d&rsquo;avancement du projet de production int\u00e9gr\u00e9e de phosphate, Abdelmadjid Tebboune a soulign\u00e9 la&nbsp;n\u00e9cessit\u00e9 d&rsquo;accorder&nbsp;la plus&nbsp;un suivi&nbsp;sur leterrain de ce projet, pivot du secteur minier&nbsp;en Alg\u00e9rie.&nbsp;Il a aussi ordonn\u00e9 d\u2019acc\u00e9l\u00e9rer la pr\u00e9paration&nbsp;et la r\u00e9alisation&nbsp;de la ligne ferroviaire&nbsp;reliant&nbsp;T\u00e9bessa au port d&rsquo;Annaba, afin de lancer effectivement la r\u00e9alisation de cet important projet avec&nbsp;les&nbsp;partenaires chinois.<\/p>\n\n\n\n<p>Chokri Hafed<\/p>\n","protected":false},"excerpt":{"rendered":"<p>C\u2019est enfin d\u00e9cid\u00e9, les pensions de retraites seront revaloris\u00e9es. Revendiqu\u00e9e avec insistance par les retrait\u00e9s, annonc\u00e9e plusieurs fois sans avoir<\/p>\n","protected":false},"author":3,"featured_media":19672,"comment_status":"open","ping_status":"closed","sticky":false,"template":"","format":"standard","meta":{"colormag_page_container_layout":"default_layout","colormag_page_sidebar_layout":"default_layout","om_disable_all_campaigns":false,"_monsterinsights_skip_tracking":false,"_monsterinsights_sitenote_active":false,"_monsterinsights_sitenote_note":"","_monsterinsights_sitenote_category":0,"footnotes":"","_wpscppro_dont_share_socialmedia":false,"_wpscppro_custom_social_share_image":0,"_facebook_share_type":"","_twitter_share_type":"","_linkedin_share_type":"","_pinterest_share_type":"","_linkedin_share_type_page":"","_instagram_share_type":"","_medium_share_type":"","_threads_share_type":"","_google_business_share_type":"","_selected_social_profile":[],"_wpsp_enable_custom_social_template":false,"_wpsp_social_scheduling":{"enabled":false,"datetime":null,"platforms":[],"status":"template_only","dateOption":"today","timeOption":"now","customDays":"","customHours":"","customDate":"","customTime":"","schedulingType":"absolute"},"_wpsp_active_default_template":true},"categories":[52,27],"tags":[],"class_list":["post-19666","post","type-post","status-publish","format-standard","has-post-thumbnail","hentry","category-a-la-une","category-actualite"],"aioseo_notices":[],"yoast_head":"<!-- This site is optimized with the Yoast SEO plugin v27.5 - https:\/\/yoast.com\/product\/yoast-seo-wordpress\/ -->\n<title>Elles augmentent de 2 \u00e0 10%\u00a0: Les pensions de retraite revaloris\u00e9es - La Sentinelle<\/title>\n<meta name=\"robots\" content=\"index, follow, max-snippet:-1, max-image-preview:large, max-video-preview:-1\" \/>\n<link rel=\"canonical\" href=\"https:\/\/lasentinelle.dz\/index.php\/2022\/04\/11\/elles-augmentent-de-2-a-10-les-pensions-de-retraite-revalorisees\/\" \/>\n<meta property=\"og:locale\" content=\"fr_FR\" \/>\n<meta property=\"og:type\" content=\"article\" \/>\n<meta property=\"og:title\" content=\"Elles augmentent de 2 \u00e0 10%\u00a0: Les pensions de retraite revaloris\u00e9es - La Sentinelle\" \/>\n<meta property=\"og:description\" content=\"C\u2019est enfin d\u00e9cid\u00e9, les pensions de retraites seront revaloris\u00e9es. Revendiqu\u00e9e avec insistance par les retrait\u00e9s, annonc\u00e9e plusieurs fois sans avoir\" \/>\n<meta property=\"og:url\" content=\"https:\/\/lasentinelle.dz\/index.php\/2022\/04\/11\/elles-augmentent-de-2-a-10-les-pensions-de-retraite-revalorisees\/\" \/>\n<meta property=\"og:site_name\" content=\"La Sentinelle\" \/>\n<meta property=\"article:publisher\" content=\"https:\/\/www.facebook.com\/La-Sentinelle-104059864394773\" \/>\n<meta property=\"article:published_time\" content=\"2022-04-10T23:05:00+00:00\" \/>\n<meta property=\"og:image\" content=\"https:\/\/lasentinelle.dz\/wp-content\/uploads\/2022\/04\/tebboune-conseil.png\" \/>\n\t<meta property=\"og:image:width\" content=\"1600\" \/>\n\t<meta property=\"og:image:height\" content=\"900\" \/>\n\t<meta property=\"og:image:type\" content=\"image\/png\" \/>\n<meta name=\"author\" content=\"La Sentinelle\" \/>\n<meta name=\"twitter:card\" content=\"summary_large_image\" \/>\n<meta name=\"twitter:label1\" content=\"\u00c9crit par\" \/>\n\t<meta name=\"twitter:data1\" content=\"La Sentinelle\" \/>\n\t<meta name=\"twitter:label2\" content=\"Dur\u00e9e de lecture estim\u00e9e\" \/>\n\t<meta name=\"twitter:data2\" content=\"5 minutes\" \/>\n<script type=\"application\/ld+json\" class=\"yoast-schema-graph\">{\"@context\":\"https:\\\/\\\/schema.org\",\"@graph\":[{\"@type\":\"Article\",\"@id\":\"https:\\\/\\\/lasentinelle.dz\\\/index.php\\\/2022\\\/04\\\/11\\\/elles-augmentent-de-2-a-10-les-pensions-de-retraite-revalorisees\\\/#article\",\"isPartOf\":{\"@id\":\"https:\\\/\\\/lasentinelle.dz\\\/index.php\\\/2022\\\/04\\\/11\\\/elles-augmentent-de-2-a-10-les-pensions-de-retraite-revalorisees\\\/\"},\"author\":{\"name\":\"La Sentinelle\",\"@id\":\"https:\\\/\\\/lasentinelle.dz\\\/#\\\/schema\\\/person\\\/d865044e22e70a75174ce8bcad3acfb3\"},\"headline\":\"Elles augmentent de 2 \u00e0 10%\u00a0: Les pensions de retraite revaloris\u00e9es\",\"datePublished\":\"2022-04-10T23:05:00+00:00\",\"mainEntityOfPage\":{\"@id\":\"https:\\\/\\\/lasentinelle.dz\\\/index.php\\\/2022\\\/04\\\/11\\\/elles-augmentent-de-2-a-10-les-pensions-de-retraite-revalorisees\\\/\"},\"wordCount\":1138,\"commentCount\":0,\"publisher\":{\"@id\":\"https:\\\/\\\/lasentinelle.dz\\\/#organization\"},\"image\":{\"@id\":\"https:\\\/\\\/lasentinelle.dz\\\/index.php\\\/2022\\\/04\\\/11\\\/elles-augmentent-de-2-a-10-les-pensions-de-retraite-revalorisees\\\/#primaryimage\"},\"thumbnailUrl\":\"https:\\\/\\\/lasentinelle.dz\\\/wp-content\\\/uploads\\\/2022\\\/04\\\/tebboune-conseil.png\",\"articleSection\":[\"\u00c0 la Une\",\"Actualit\u00e9\"],\"inLanguage\":\"fr-FR\",\"potentialAction\":[{\"@type\":\"CommentAction\",\"name\":\"Comment\",\"target\":[\"https:\\\/\\\/lasentinelle.dz\\\/index.php\\\/2022\\\/04\\\/11\\\/elles-augmentent-de-2-a-10-les-pensions-de-retraite-revalorisees\\\/#respond\"]}]},{\"@type\":\"WebPage\",\"@id\":\"https:\\\/\\\/lasentinelle.dz\\\/index.php\\\/2022\\\/04\\\/11\\\/elles-augmentent-de-2-a-10-les-pensions-de-retraite-revalorisees\\\/\",\"url\":\"https:\\\/\\\/lasentinelle.dz\\\/index.php\\\/2022\\\/04\\\/11\\\/elles-augmentent-de-2-a-10-les-pensions-de-retraite-revalorisees\\\/\",\"name\":\"Elles augmentent de 2 \u00e0 10%\u00a0: Les pensions de retraite revaloris\u00e9es - La Sentinelle\",\"isPartOf\":{\"@id\":\"https:\\\/\\\/lasentinelle.dz\\\/#website\"},\"primaryImageOfPage\":{\"@id\":\"https:\\\/\\\/lasentinelle.dz\\\/index.php\\\/2022\\\/04\\\/11\\\/elles-augmentent-de-2-a-10-les-pensions-de-retraite-revalorisees\\\/#primaryimage\"},\"image\":{\"@id\":\"https:\\\/\\\/lasentinelle.dz\\\/index.php\\\/2022\\\/04\\\/11\\\/elles-augmentent-de-2-a-10-les-pensions-de-retraite-revalorisees\\\/#primaryimage\"},\"thumbnailUrl\":\"https:\\\/\\\/lasentinelle.dz\\\/wp-content\\\/uploads\\\/2022\\\/04\\\/tebboune-conseil.png\",\"datePublished\":\"2022-04-10T23:05:00+00:00\",\"breadcrumb\":{\"@id\":\"https:\\\/\\\/lasentinelle.dz\\\/index.php\\\/2022\\\/04\\\/11\\\/elles-augmentent-de-2-a-10-les-pensions-de-retraite-revalorisees\\\/#breadcrumb\"},\"inLanguage\":\"fr-FR\",\"potentialAction\":[{\"@type\":\"ReadAction\",\"target\":[\"https:\\\/\\\/lasentinelle.dz\\\/index.php\\\/2022\\\/04\\\/11\\\/elles-augmentent-de-2-a-10-les-pensions-de-retraite-revalorisees\\\/\"]}]},{\"@type\":\"ImageObject\",\"inLanguage\":\"fr-FR\",\"@id\":\"https:\\\/\\\/lasentinelle.dz\\\/index.php\\\/2022\\\/04\\\/11\\\/elles-augmentent-de-2-a-10-les-pensions-de-retraite-revalorisees\\\/#primaryimage\",\"url\":\"https:\\\/\\\/lasentinelle.dz\\\/wp-content\\\/uploads\\\/2022\\\/04\\\/tebboune-conseil.png\",\"contentUrl\":\"https:\\\/\\\/lasentinelle.dz\\\/wp-content\\\/uploads\\\/2022\\\/04\\\/tebboune-conseil.png\",\"width\":1600,\"height\":900},{\"@type\":\"BreadcrumbList\",\"@id\":\"https:\\\/\\\/lasentinelle.dz\\\/index.php\\\/2022\\\/04\\\/11\\\/elles-augmentent-de-2-a-10-les-pensions-de-retraite-revalorisees\\\/#breadcrumb\",\"itemListElement\":[{\"@type\":\"ListItem\",\"position\":1,\"name\":\"Accueil\",\"item\":\"https:\\\/\\\/lasentinelle.dz\\\/\"},{\"@type\":\"ListItem\",\"position\":2,\"name\":\"Elles augmentent de 2 \u00e0 10%\u00a0: Les pensions de retraite revaloris\u00e9es\"}]},{\"@type\":\"WebSite\",\"@id\":\"https:\\\/\\\/lasentinelle.dz\\\/#website\",\"url\":\"https:\\\/\\\/lasentinelle.dz\\\/\",\"name\":\"La Sentinelle\",\"description\":\"Quotidien national d&#039;information\",\"publisher\":{\"@id\":\"https:\\\/\\\/lasentinelle.dz\\\/#organization\"},\"potentialAction\":[{\"@type\":\"SearchAction\",\"target\":{\"@type\":\"EntryPoint\",\"urlTemplate\":\"https:\\\/\\\/lasentinelle.dz\\\/?s={search_term_string}\"},\"query-input\":{\"@type\":\"PropertyValueSpecification\",\"valueRequired\":true,\"valueName\":\"search_term_string\"}}],\"inLanguage\":\"fr-FR\"},{\"@type\":\"Organization\",\"@id\":\"https:\\\/\\\/lasentinelle.dz\\\/#organization\",\"name\":\"Quotidien La Sentinelle\",\"url\":\"https:\\\/\\\/lasentinelle.dz\\\/\",\"logo\":{\"@type\":\"ImageObject\",\"inLanguage\":\"fr-FR\",\"@id\":\"https:\\\/\\\/lasentinelle.dz\\\/#\\\/schema\\\/logo\\\/image\\\/\",\"url\":\"https:\\\/\\\/lasentinelle.dz\\\/wp-content\\\/uploads\\\/2021\\\/09\\\/logo-sentinelleSLOGAN-1.png\",\"contentUrl\":\"https:\\\/\\\/lasentinelle.dz\\\/wp-content\\\/uploads\\\/2021\\\/09\\\/logo-sentinelleSLOGAN-1.png\",\"width\":615,\"height\":142,\"caption\":\"Quotidien La Sentinelle\"},\"image\":{\"@id\":\"https:\\\/\\\/lasentinelle.dz\\\/#\\\/schema\\\/logo\\\/image\\\/\"},\"sameAs\":[\"https:\\\/\\\/www.facebook.com\\\/La-Sentinelle-104059864394773\"]},{\"@type\":\"Person\",\"@id\":\"https:\\\/\\\/lasentinelle.dz\\\/#\\\/schema\\\/person\\\/d865044e22e70a75174ce8bcad3acfb3\",\"name\":\"La Sentinelle\",\"image\":{\"@type\":\"ImageObject\",\"inLanguage\":\"fr-FR\",\"@id\":\"https:\\\/\\\/secure.gravatar.com\\\/avatar\\\/57de8e5d4b15d43fb361a71fbb36338450fe67865b528a43dd10ef7c51a20392?s=96&d=mm&r=g\",\"url\":\"https:\\\/\\\/secure.gravatar.com\\\/avatar\\\/57de8e5d4b15d43fb361a71fbb36338450fe67865b528a43dd10ef7c51a20392?s=96&d=mm&r=g\",\"contentUrl\":\"https:\\\/\\\/secure.gravatar.com\\\/avatar\\\/57de8e5d4b15d43fb361a71fbb36338450fe67865b528a43dd10ef7c51a20392?s=96&d=mm&r=g\",\"caption\":\"La Sentinelle\"},\"sameAs\":[\"http:\\\/\\\/www.lasentinelle.dz\"],\"url\":\"https:\\\/\\\/lasentinelle.dz\\\/author\\\/redaction\\\/\"}]}<\/script>\n<!-- \/ Yoast SEO plugin. -->","yoast_head_json":{"title":"Elles augmentent de 2 \u00e0 10%\u00a0: Les pensions de retraite revaloris\u00e9es - La Sentinelle","robots":{"index":"index","follow":"follow","max-snippet":"max-snippet:-1","max-image-preview":"max-image-preview:large","max-video-preview":"max-video-preview:-1"},"canonical":"https:\/\/lasentinelle.dz\/index.php\/2022\/04\/11\/elles-augmentent-de-2-a-10-les-pensions-de-retraite-revalorisees\/","og_locale":"fr_FR","og_type":"article","og_title":"Elles augmentent de 2 \u00e0 10%\u00a0: Les pensions de retraite revaloris\u00e9es - La Sentinelle","og_description":"C\u2019est enfin d\u00e9cid\u00e9, les pensions de retraites seront revaloris\u00e9es. Revendiqu\u00e9e avec insistance par les retrait\u00e9s, annonc\u00e9e plusieurs fois sans avoir","og_url":"https:\/\/lasentinelle.dz\/index.php\/2022\/04\/11\/elles-augmentent-de-2-a-10-les-pensions-de-retraite-revalorisees\/","og_site_name":"La Sentinelle","article_publisher":"https:\/\/www.facebook.com\/La-Sentinelle-104059864394773","article_published_time":"2022-04-10T23:05:00+00:00","og_image":[{"width":1600,"height":900,"url":"https:\/\/lasentinelle.dz\/wp-content\/uploads\/2022\/04\/tebboune-conseil.png","type":"image\/png"}],"author":"La Sentinelle","twitter_card":"summary_large_image","twitter_misc":{"\u00c9crit par":"La Sentinelle","Dur\u00e9e de lecture estim\u00e9e":"5 minutes"},"schema":{"@context":"https:\/\/schema.org","@graph":[{"@type":"Article","@id":"https:\/\/lasentinelle.dz\/index.php\/2022\/04\/11\/elles-augmentent-de-2-a-10-les-pensions-de-retraite-revalorisees\/#article","isPartOf":{"@id":"https:\/\/lasentinelle.dz\/index.php\/2022\/04\/11\/elles-augmentent-de-2-a-10-les-pensions-de-retraite-revalorisees\/"},"author":{"name":"La Sentinelle","@id":"https:\/\/lasentinelle.dz\/#\/schema\/person\/d865044e22e70a75174ce8bcad3acfb3"},"headline":"Elles augmentent de 2 \u00e0 10%\u00a0: Les pensions de retraite revaloris\u00e9es","datePublished":"2022-04-10T23:05:00+00:00","mainEntityOfPage":{"@id":"https:\/\/lasentinelle.dz\/index.php\/2022\/04\/11\/elles-augmentent-de-2-a-10-les-pensions-de-retraite-revalorisees\/"},"wordCount":1138,"commentCount":0,"publisher":{"@id":"https:\/\/lasentinelle.dz\/#organization"},"image":{"@id":"https:\/\/lasentinelle.dz\/index.php\/2022\/04\/11\/elles-augmentent-de-2-a-10-les-pensions-de-retraite-revalorisees\/#primaryimage"},"thumbnailUrl":"https:\/\/lasentinelle.dz\/wp-content\/uploads\/2022\/04\/tebboune-conseil.png","articleSection":["\u00c0 la Une","Actualit\u00e9"],"inLanguage":"fr-FR","potentialAction":[{"@type":"CommentAction","name":"Comment","target":["https:\/\/lasentinelle.dz\/index.php\/2022\/04\/11\/elles-augmentent-de-2-a-10-les-pensions-de-retraite-revalorisees\/#respond"]}]},{"@type":"WebPage","@id":"https:\/\/lasentinelle.dz\/index.php\/2022\/04\/11\/elles-augmentent-de-2-a-10-les-pensions-de-retraite-revalorisees\/","url":"https:\/\/lasentinelle.dz\/index.php\/2022\/04\/11\/elles-augmentent-de-2-a-10-les-pensions-de-retraite-revalorisees\/","name":"Elles augmentent de 2 \u00e0 10%\u00a0: Les pensions de retraite revaloris\u00e9es - La Sentinelle","isPartOf":{"@id":"https:\/\/lasentinelle.dz\/#website"},"primaryImageOfPage":{"@id":"https:\/\/lasentinelle.dz\/index.php\/2022\/04\/11\/elles-augmentent-de-2-a-10-les-pensions-de-retraite-revalorisees\/#primaryimage"},"image":{"@id":"https:\/\/lasentinelle.dz\/index.php\/2022\/04\/11\/elles-augmentent-de-2-a-10-les-pensions-de-retraite-revalorisees\/#primaryimage"},"thumbnailUrl":"https:\/\/lasentinelle.dz\/wp-content\/uploads\/2022\/04\/tebboune-conseil.png","datePublished":"2022-04-10T23:05:00+00:00","breadcrumb":{"@id":"https:\/\/lasentinelle.dz\/index.php\/2022\/04\/11\/elles-augmentent-de-2-a-10-les-pensions-de-retraite-revalorisees\/#breadcrumb"},"inLanguage":"fr-FR","potentialAction":[{"@type":"ReadAction","target":["https:\/\/lasentinelle.dz\/index.php\/2022\/04\/11\/elles-augmentent-de-2-a-10-les-pensions-de-retraite-revalorisees\/"]}]},{"@type":"ImageObject","inLanguage":"fr-FR","@id":"https:\/\/lasentinelle.dz\/index.php\/2022\/04\/11\/elles-augmentent-de-2-a-10-les-pensions-de-retraite-revalorisees\/#primaryimage","url":"https:\/\/lasentinelle.dz\/wp-content\/uploads\/2022\/04\/tebboune-conseil.png","contentUrl":"https:\/\/lasentinelle.dz\/wp-content\/uploads\/2022\/04\/tebboune-conseil.png","width":1600,"height":900},{"@type":"BreadcrumbList","@id":"https:\/\/lasentinelle.dz\/index.php\/2022\/04\/11\/elles-augmentent-de-2-a-10-les-pensions-de-retraite-revalorisees\/#breadcrumb","itemListElement":[{"@type":"ListItem","position":1,"name":"Accueil","item":"https:\/\/lasentinelle.dz\/"},{"@type":"ListItem","position":2,"name":"Elles augmentent de 2 \u00e0 10%\u00a0: Les pensions de retraite revaloris\u00e9es"}]},{"@type":"WebSite","@id":"https:\/\/lasentinelle.dz\/#website","url":"https:\/\/lasentinelle.dz\/","name":"La Sentinelle","description":"Quotidien national d&#039;information","publisher":{"@id":"https:\/\/lasentinelle.dz\/#organization"},"potentialAction":[{"@type":"SearchAction","target":{"@type":"EntryPoint","urlTemplate":"https:\/\/lasentinelle.dz\/?s={search_term_string}"},"query-input":{"@type":"PropertyValueSpecification","valueRequired":true,"valueName":"search_term_string"}}],"inLanguage":"fr-FR"},{"@type":"Organization","@id":"https:\/\/lasentinelle.dz\/#organization","name":"Quotidien La Sentinelle","url":"https:\/\/lasentinelle.dz\/","logo":{"@type":"ImageObject","inLanguage":"fr-FR","@id":"https:\/\/lasentinelle.dz\/#\/schema\/logo\/image\/","url":"https:\/\/lasentinelle.dz\/wp-content\/uploads\/2021\/09\/logo-sentinelleSLOGAN-1.png","contentUrl":"https:\/\/lasentinelle.dz\/wp-content\/uploads\/2021\/09\/logo-sentinelleSLOGAN-1.png","width":615,"height":142,"caption":"Quotidien La Sentinelle"},"image":{"@id":"https:\/\/lasentinelle.dz\/#\/schema\/logo\/image\/"},"sameAs":["https:\/\/www.facebook.com\/La-Sentinelle-104059864394773"]},{"@type":"Person","@id":"https:\/\/lasentinelle.dz\/#\/schema\/person\/d865044e22e70a75174ce8bcad3acfb3","name":"La Sentinelle","image":{"@type":"ImageObject","inLanguage":"fr-FR","@id":"https:\/\/secure.gravatar.com\/avatar\/57de8e5d4b15d43fb361a71fbb36338450fe67865b528a43dd10ef7c51a20392?s=96&d=mm&r=g","url":"https:\/\/secure.gravatar.com\/avatar\/57de8e5d4b15d43fb361a71fbb36338450fe67865b528a43dd10ef7c51a20392?s=96&d=mm&r=g","contentUrl":"https:\/\/secure.gravatar.com\/avatar\/57de8e5d4b15d43fb361a71fbb36338450fe67865b528a43dd10ef7c51a20392?s=96&d=mm&r=g","caption":"La Sentinelle"},"sameAs":["http:\/\/www.lasentinelle.dz"],"url":"https:\/\/lasentinelle.dz\/author\/redaction\/"}]}},"_links":{"self":[{"href":"https:\/\/lasentinelle.dz\/index.php\/wp-json\/wp\/v2\/posts\/19666","targetHints":{"allow":["GET"]}}],"collection":[{"href":"https:\/\/lasentinelle.dz\/index.php\/wp-json\/wp\/v2\/posts"}],"about":[{"href":"https:\/\/lasentinelle.dz\/index.php\/wp-json\/wp\/v2\/types\/post"}],"author":[{"embeddable":true,"href":"https:\/\/lasentinelle.dz\/index.php\/wp-json\/wp\/v2\/users\/3"}],"replies":[{"embeddable":true,"href":"https:\/\/lasentinelle.dz\/index.php\/wp-json\/wp\/v2\/comments?post=19666"}],"version-history":[{"count":1,"href":"https:\/\/lasentinelle.dz\/index.php\/wp-json\/wp\/v2\/posts\/19666\/revisions"}],"predecessor-version":[{"id":19674,"href":"https:\/\/lasentinelle.dz\/index.php\/wp-json\/wp\/v2\/posts\/19666\/revisions\/19674"}],"wp:featuredmedia":[{"embeddable":true,"href":"https:\/\/lasentinelle.dz\/index.php\/wp-json\/wp\/v2\/media\/19672"}],"wp:attachment":[{"href":"https:\/\/lasentinelle.dz\/index.php\/wp-json\/wp\/v2\/media?parent=19666"}],"wp:term":[{"taxonomy":"category","embeddable":true,"href":"https:\/\/lasentinelle.dz\/index.php\/wp-json\/wp\/v2\/categories?post=19666"},{"taxonomy":"post_tag","embeddable":true,"href":"https:\/\/lasentinelle.dz\/index.php\/wp-json\/wp\/v2\/tags?post=19666"}],"curies":[{"name":"wp","href":"https:\/\/api.w.org\/{rel}","templated":true}]}}