{"id":19679,"date":"2022-04-12T00:01:00","date_gmt":"2022-04-11T23:01:00","guid":{"rendered":"https:\/\/lasentinelle.dz\/?p=19679"},"modified":"2022-04-11T21:51:20","modified_gmt":"2022-04-11T20:51:20","slug":"banque-dalgerie-fadli-tient-une-reunion-avec-la-presidente-du-cmfi","status":"publish","type":"post","link":"https:\/\/lasentinelle.dz\/index.php\/2022\/04\/12\/banque-dalgerie-fadli-tient-une-reunion-avec-la-presidente-du-cmfi\/","title":{"rendered":"Banque d\u2019Alg\u00e9rie\u00a0: Fadli tient une r\u00e9union avec la pr\u00e9sidente du CMFI"},"content":{"rendered":"\n<p>&nbsp;Le gouverneur de la Banque d&rsquo;Alg\u00e9rie (BA), Rosthom Fadli, a tenu une r\u00e9union par visioconf\u00e9rence avec la pr\u00e9sidente du Comit\u00e9 mon\u00e9taire et financier international (CMFI) du FMI, Nadia Calvino,&nbsp;a&nbsp;indiqu\u00e9&nbsp;hier&nbsp;un communique de BA.&nbsp;Cette r\u00e9union entre dans le cadre de la pr\u00e9paration de la pl\u00e9ni\u00e8re du CMFI, pr\u00e9vue le 21 avril prochain \u00e0 Washington.&nbsp;La r\u00e9union s&rsquo;inscrit, \u00e9galement, dans l&rsquo;ordre d&rsquo;une s\u00e9rie d&rsquo;entrevues que Mme Calvino, \u00e9galement ministre espagnole des Affaires \u00e9conomiques et de la Transformation digitale, a entam\u00e9es avec les membres du Comit\u00e9, afin de se pr\u00e9senter et partager les points de vues sur \u00ab\u00a0la conjoncture \u00e9conomique mondiale et les r\u00e9cents d\u00e9veloppements g\u00e9opolitiques et leurs r\u00e9percussions sur le plan macro\u00e9conomique notamment sur la stabilit\u00e9 financiers et les prix des produits de base\u00a0\u00bb, ajoute-t-on dans le m\u00eame texte.&nbsp;M. Fadli s&rsquo;est entretenu avec Mme Calvino en sa qualit\u00e9 de repr\u00e9sentant de la circonscription comptant, l&rsquo;Afghanistan, l&rsquo;Alg\u00e9rie, le Ghana, l&rsquo;Irak, la Libye, le Maroc, le Pakistan et la Tunisie au sein du Comit\u00e9 mon\u00e9taire et financier international (CMFI) du FMI.&nbsp;Le CMFI donne des avis et fait rapport au Conseil des gouverneurs du FMI concernant la surveillance et la gestion du syst\u00e8me mon\u00e9taire et financier international, notamment la mani\u00e8re de r\u00e9agir aux \u00e9v\u00e9nements qui risqueraient de perturber le syst\u00e8me.&nbsp;Il examine aussi des propositions du Conseil d&rsquo;administration visant \u00e0 modifier les statuts et offre des avis sur toute autre question dont peut le saisir le Conseil des gouverneurs.&nbsp;Bien qu&rsquo;il ne dispose pas de pouvoir de d\u00e9cision officiel, le CMFI est devenu dans la pratique un instrument essentiel pour l&rsquo;orientation strat\u00e9gique des travaux et des politiques du FMI.&nbsp;Le CMFI se r\u00e9unit en g\u00e9n\u00e9ral deux fois par an, en septembre ou en octobre lors de l&rsquo;Assembl\u00e9e annuelle de la Banque mondiale et du FMI, et en mars ou en avril avant les r\u00e9unions de printemps.&nbsp;Pour chaque r\u00e9union, le directeur g\u00e9n\u00e9ral \u00e9labore un projet d&rsquo;ordre du jour qui est examin\u00e9 par le Conseil d&rsquo;administration, approuv\u00e9 par le pr\u00e9sident du CMFI et adopt\u00e9 de mani\u00e8re formelle par le Comit\u00e9 pendant sa r\u00e9union.&nbsp;A l&rsquo;issue de ses r\u00e9unions, le CMFI publie un communiqu\u00e9 qui r\u00e9sume ses vues. Ces communiqu\u00e9s orientent le programme de travail du FMI pendant le semestre qui conduit \u00e0 l&rsquo;assembl\u00e9e ou aux r\u00e9unions de printemps suivantes.<\/p>\n\n\n\n<p>APS<\/p>\n","protected":false},"excerpt":{"rendered":"<p>&nbsp;Le gouverneur de la Banque d&rsquo;Alg\u00e9rie (BA), Rosthom Fadli, a tenu une r\u00e9union par visioconf\u00e9rence avec la pr\u00e9sidente du Comit\u00e9<\/p>\n","protected":false},"author":3,"featured_media":16782,"comment_status":"open","ping_status":"closed","sticky":false,"template":"","format":"standard","meta":{"colormag_page_container_layout":"default_layout","colormag_page_sidebar_layout":"default_layout","om_disable_all_campaigns":false,"_monsterinsights_skip_tracking":false,"_monsterinsights_sitenote_active":false,"_monsterinsights_sitenote_note":"","_monsterinsights_sitenote_category":0,"footnotes":"","_wpscppro_dont_share_socialmedia":false,"_wpscppro_custom_social_share_image":0,"_facebook_share_type":"","_twitter_share_type":"","_linkedin_share_type":"","_pinterest_share_type":"","_linkedin_share_type_page":"","_instagram_share_type":"","_medium_share_type":"","_threads_share_type":"","_google_business_share_type":"","_selected_social_profile":[],"_wpsp_enable_custom_social_template":false,"_wpsp_social_scheduling":{"enabled":false,"datetime":null,"platforms":[],"status":"template_only","dateOption":"today","timeOption":"now","customDays":"","customHours":"","customDate":"","customTime":"","schedulingType":"absolute"},"_wpsp_active_default_template":true},"categories":[27],"tags":[],"class_list":["post-19679","post","type-post","status-publish","format-standard","has-post-thumbnail","hentry","category-actualite"],"aioseo_notices":[],"yoast_head":"<!-- This site is optimized with the Yoast SEO plugin v27.5 - https:\/\/yoast.com\/product\/yoast-seo-wordpress\/ -->\n<title>Banque d\u2019Alg\u00e9rie\u00a0: Fadli tient une r\u00e9union avec la pr\u00e9sidente du CMFI - La Sentinelle<\/title>\n<meta name=\"robots\" content=\"index, follow, max-snippet:-1, max-image-preview:large, max-video-preview:-1\" \/>\n<link rel=\"canonical\" href=\"https:\/\/lasentinelle.dz\/index.php\/2022\/04\/12\/banque-dalgerie-fadli-tient-une-reunion-avec-la-presidente-du-cmfi\/\" \/>\n<meta property=\"og:locale\" content=\"fr_FR\" \/>\n<meta property=\"og:type\" content=\"article\" \/>\n<meta property=\"og:title\" content=\"Banque d\u2019Alg\u00e9rie\u00a0: Fadli tient une r\u00e9union avec la pr\u00e9sidente du CMFI - La Sentinelle\" \/>\n<meta property=\"og:description\" content=\"&nbsp;Le gouverneur de la Banque d&rsquo;Alg\u00e9rie (BA), Rosthom Fadli, a tenu une r\u00e9union par visioconf\u00e9rence avec la pr\u00e9sidente du Comit\u00e9\" \/>\n<meta property=\"og:url\" content=\"https:\/\/lasentinelle.dz\/index.php\/2022\/04\/12\/banque-dalgerie-fadli-tient-une-reunion-avec-la-presidente-du-cmfi\/\" \/>\n<meta property=\"og:site_name\" content=\"La Sentinelle\" \/>\n<meta property=\"article:publisher\" content=\"https:\/\/www.facebook.com\/La-Sentinelle-104059864394773\" \/>\n<meta property=\"article:published_time\" content=\"2022-04-11T23:01:00+00:00\" \/>\n<meta property=\"og:image\" content=\"https:\/\/lasentinelle.dz\/wp-content\/uploads\/2022\/02\/banque-dalgerie-1024x683.png\" \/>\n\t<meta property=\"og:image:width\" content=\"1024\" \/>\n\t<meta property=\"og:image:height\" content=\"683\" \/>\n\t<meta property=\"og:image:type\" content=\"image\/png\" \/>\n<meta name=\"author\" content=\"La Sentinelle\" \/>\n<meta name=\"twitter:card\" content=\"summary_large_image\" \/>\n<meta name=\"twitter:label1\" content=\"\u00c9crit par\" \/>\n\t<meta name=\"twitter:data1\" content=\"La Sentinelle\" \/>\n\t<meta name=\"twitter:label2\" content=\"Dur\u00e9e de lecture estim\u00e9e\" \/>\n\t<meta name=\"twitter:data2\" content=\"2 minutes\" \/>\n<script type=\"application\/ld+json\" class=\"yoast-schema-graph\">{\"@context\":\"https:\\\/\\\/schema.org\",\"@graph\":[{\"@type\":\"Article\",\"@id\":\"https:\\\/\\\/lasentinelle.dz\\\/index.php\\\/2022\\\/04\\\/12\\\/banque-dalgerie-fadli-tient-une-reunion-avec-la-presidente-du-cmfi\\\/#article\",\"isPartOf\":{\"@id\":\"https:\\\/\\\/lasentinelle.dz\\\/index.php\\\/2022\\\/04\\\/12\\\/banque-dalgerie-fadli-tient-une-reunion-avec-la-presidente-du-cmfi\\\/\"},\"author\":{\"name\":\"La Sentinelle\",\"@id\":\"https:\\\/\\\/lasentinelle.dz\\\/#\\\/schema\\\/person\\\/d865044e22e70a75174ce8bcad3acfb3\"},\"headline\":\"Banque d\u2019Alg\u00e9rie\u00a0: Fadli tient une r\u00e9union avec la pr\u00e9sidente du CMFI\",\"datePublished\":\"2022-04-11T23:01:00+00:00\",\"mainEntityOfPage\":{\"@id\":\"https:\\\/\\\/lasentinelle.dz\\\/index.php\\\/2022\\\/04\\\/12\\\/banque-dalgerie-fadli-tient-une-reunion-avec-la-presidente-du-cmfi\\\/\"},\"wordCount\":469,\"commentCount\":0,\"publisher\":{\"@id\":\"https:\\\/\\\/lasentinelle.dz\\\/#organization\"},\"image\":{\"@id\":\"https:\\\/\\\/lasentinelle.dz\\\/index.php\\\/2022\\\/04\\\/12\\\/banque-dalgerie-fadli-tient-une-reunion-avec-la-presidente-du-cmfi\\\/#primaryimage\"},\"thumbnailUrl\":\"https:\\\/\\\/lasentinelle.dz\\\/wp-content\\\/uploads\\\/2022\\\/02\\\/banque-dalgerie.png\",\"articleSection\":[\"Actualit\u00e9\"],\"inLanguage\":\"fr-FR\",\"potentialAction\":[{\"@type\":\"CommentAction\",\"name\":\"Comment\",\"target\":[\"https:\\\/\\\/lasentinelle.dz\\\/index.php\\\/2022\\\/04\\\/12\\\/banque-dalgerie-fadli-tient-une-reunion-avec-la-presidente-du-cmfi\\\/#respond\"]}]},{\"@type\":\"WebPage\",\"@id\":\"https:\\\/\\\/lasentinelle.dz\\\/index.php\\\/2022\\\/04\\\/12\\\/banque-dalgerie-fadli-tient-une-reunion-avec-la-presidente-du-cmfi\\\/\",\"url\":\"https:\\\/\\\/lasentinelle.dz\\\/index.php\\\/2022\\\/04\\\/12\\\/banque-dalgerie-fadli-tient-une-reunion-avec-la-presidente-du-cmfi\\\/\",\"name\":\"Banque d\u2019Alg\u00e9rie\u00a0: Fadli tient une r\u00e9union avec la pr\u00e9sidente du CMFI - La Sentinelle\",\"isPartOf\":{\"@id\":\"https:\\\/\\\/lasentinelle.dz\\\/#website\"},\"primaryImageOfPage\":{\"@id\":\"https:\\\/\\\/lasentinelle.dz\\\/index.php\\\/2022\\\/04\\\/12\\\/banque-dalgerie-fadli-tient-une-reunion-avec-la-presidente-du-cmfi\\\/#primaryimage\"},\"image\":{\"@id\":\"https:\\\/\\\/lasentinelle.dz\\\/index.php\\\/2022\\\/04\\\/12\\\/banque-dalgerie-fadli-tient-une-reunion-avec-la-presidente-du-cmfi\\\/#primaryimage\"},\"thumbnailUrl\":\"https:\\\/\\\/lasentinelle.dz\\\/wp-content\\\/uploads\\\/2022\\\/02\\\/banque-dalgerie.png\",\"datePublished\":\"2022-04-11T23:01:00+00:00\",\"breadcrumb\":{\"@id\":\"https:\\\/\\\/lasentinelle.dz\\\/index.php\\\/2022\\\/04\\\/12\\\/banque-dalgerie-fadli-tient-une-reunion-avec-la-presidente-du-cmfi\\\/#breadcrumb\"},\"inLanguage\":\"fr-FR\",\"potentialAction\":[{\"@type\":\"ReadAction\",\"target\":[\"https:\\\/\\\/lasentinelle.dz\\\/index.php\\\/2022\\\/04\\\/12\\\/banque-dalgerie-fadli-tient-une-reunion-avec-la-presidente-du-cmfi\\\/\"]}]},{\"@type\":\"ImageObject\",\"inLanguage\":\"fr-FR\",\"@id\":\"https:\\\/\\\/lasentinelle.dz\\\/index.php\\\/2022\\\/04\\\/12\\\/banque-dalgerie-fadli-tient-une-reunion-avec-la-presidente-du-cmfi\\\/#primaryimage\",\"url\":\"https:\\\/\\\/lasentinelle.dz\\\/wp-content\\\/uploads\\\/2022\\\/02\\\/banque-dalgerie.png\",\"contentUrl\":\"https:\\\/\\\/lasentinelle.dz\\\/wp-content\\\/uploads\\\/2022\\\/02\\\/banque-dalgerie.png\",\"width\":1350,\"height\":900},{\"@type\":\"BreadcrumbList\",\"@id\":\"https:\\\/\\\/lasentinelle.dz\\\/index.php\\\/2022\\\/04\\\/12\\\/banque-dalgerie-fadli-tient-une-reunion-avec-la-presidente-du-cmfi\\\/#breadcrumb\",\"itemListElement\":[{\"@type\":\"ListItem\",\"position\":1,\"name\":\"Accueil\",\"item\":\"https:\\\/\\\/lasentinelle.dz\\\/\"},{\"@type\":\"ListItem\",\"position\":2,\"name\":\"Banque d\u2019Alg\u00e9rie\u00a0: Fadli tient une r\u00e9union avec la pr\u00e9sidente du CMFI\"}]},{\"@type\":\"WebSite\",\"@id\":\"https:\\\/\\\/lasentinelle.dz\\\/#website\",\"url\":\"https:\\\/\\\/lasentinelle.dz\\\/\",\"name\":\"La Sentinelle\",\"description\":\"Quotidien national d&#039;information\",\"publisher\":{\"@id\":\"https:\\\/\\\/lasentinelle.dz\\\/#organization\"},\"potentialAction\":[{\"@type\":\"SearchAction\",\"target\":{\"@type\":\"EntryPoint\",\"urlTemplate\":\"https:\\\/\\\/lasentinelle.dz\\\/?s={search_term_string}\"},\"query-input\":{\"@type\":\"PropertyValueSpecification\",\"valueRequired\":true,\"valueName\":\"search_term_string\"}}],\"inLanguage\":\"fr-FR\"},{\"@type\":\"Organization\",\"@id\":\"https:\\\/\\\/lasentinelle.dz\\\/#organization\",\"name\":\"Quotidien La Sentinelle\",\"url\":\"https:\\\/\\\/lasentinelle.dz\\\/\",\"logo\":{\"@type\":\"ImageObject\",\"inLanguage\":\"fr-FR\",\"@id\":\"https:\\\/\\\/lasentinelle.dz\\\/#\\\/schema\\\/logo\\\/image\\\/\",\"url\":\"https:\\\/\\\/lasentinelle.dz\\\/wp-content\\\/uploads\\\/2021\\\/09\\\/logo-sentinelleSLOGAN-1.png\",\"contentUrl\":\"https:\\\/\\\/lasentinelle.dz\\\/wp-content\\\/uploads\\\/2021\\\/09\\\/logo-sentinelleSLOGAN-1.png\",\"width\":615,\"height\":142,\"caption\":\"Quotidien La Sentinelle\"},\"image\":{\"@id\":\"https:\\\/\\\/lasentinelle.dz\\\/#\\\/schema\\\/logo\\\/image\\\/\"},\"sameAs\":[\"https:\\\/\\\/www.facebook.com\\\/La-Sentinelle-104059864394773\"]},{\"@type\":\"Person\",\"@id\":\"https:\\\/\\\/lasentinelle.dz\\\/#\\\/schema\\\/person\\\/d865044e22e70a75174ce8bcad3acfb3\",\"name\":\"La Sentinelle\",\"image\":{\"@type\":\"ImageObject\",\"inLanguage\":\"fr-FR\",\"@id\":\"https:\\\/\\\/secure.gravatar.com\\\/avatar\\\/57de8e5d4b15d43fb361a71fbb36338450fe67865b528a43dd10ef7c51a20392?s=96&d=mm&r=g\",\"url\":\"https:\\\/\\\/secure.gravatar.com\\\/avatar\\\/57de8e5d4b15d43fb361a71fbb36338450fe67865b528a43dd10ef7c51a20392?s=96&d=mm&r=g\",\"contentUrl\":\"https:\\\/\\\/secure.gravatar.com\\\/avatar\\\/57de8e5d4b15d43fb361a71fbb36338450fe67865b528a43dd10ef7c51a20392?s=96&d=mm&r=g\",\"caption\":\"La Sentinelle\"},\"sameAs\":[\"http:\\\/\\\/www.lasentinelle.dz\"],\"url\":\"https:\\\/\\\/lasentinelle.dz\\\/author\\\/redaction\\\/\"}]}<\/script>\n<!-- \/ Yoast SEO plugin. -->","yoast_head_json":{"title":"Banque d\u2019Alg\u00e9rie\u00a0: Fadli tient une r\u00e9union avec la pr\u00e9sidente du CMFI - La Sentinelle","robots":{"index":"index","follow":"follow","max-snippet":"max-snippet:-1","max-image-preview":"max-image-preview:large","max-video-preview":"max-video-preview:-1"},"canonical":"https:\/\/lasentinelle.dz\/index.php\/2022\/04\/12\/banque-dalgerie-fadli-tient-une-reunion-avec-la-presidente-du-cmfi\/","og_locale":"fr_FR","og_type":"article","og_title":"Banque d\u2019Alg\u00e9rie\u00a0: Fadli tient une r\u00e9union avec la pr\u00e9sidente du CMFI - La Sentinelle","og_description":"&nbsp;Le gouverneur de la Banque d&rsquo;Alg\u00e9rie (BA), Rosthom Fadli, a tenu une r\u00e9union par visioconf\u00e9rence avec la pr\u00e9sidente du Comit\u00e9","og_url":"https:\/\/lasentinelle.dz\/index.php\/2022\/04\/12\/banque-dalgerie-fadli-tient-une-reunion-avec-la-presidente-du-cmfi\/","og_site_name":"La Sentinelle","article_publisher":"https:\/\/www.facebook.com\/La-Sentinelle-104059864394773","article_published_time":"2022-04-11T23:01:00+00:00","og_image":[{"width":1024,"height":683,"url":"https:\/\/lasentinelle.dz\/wp-content\/uploads\/2022\/02\/banque-dalgerie-1024x683.png","type":"image\/png"}],"author":"La Sentinelle","twitter_card":"summary_large_image","twitter_misc":{"\u00c9crit par":"La Sentinelle","Dur\u00e9e de lecture estim\u00e9e":"2 minutes"},"schema":{"@context":"https:\/\/schema.org","@graph":[{"@type":"Article","@id":"https:\/\/lasentinelle.dz\/index.php\/2022\/04\/12\/banque-dalgerie-fadli-tient-une-reunion-avec-la-presidente-du-cmfi\/#article","isPartOf":{"@id":"https:\/\/lasentinelle.dz\/index.php\/2022\/04\/12\/banque-dalgerie-fadli-tient-une-reunion-avec-la-presidente-du-cmfi\/"},"author":{"name":"La Sentinelle","@id":"https:\/\/lasentinelle.dz\/#\/schema\/person\/d865044e22e70a75174ce8bcad3acfb3"},"headline":"Banque d\u2019Alg\u00e9rie\u00a0: Fadli tient une r\u00e9union avec la pr\u00e9sidente du CMFI","datePublished":"2022-04-11T23:01:00+00:00","mainEntityOfPage":{"@id":"https:\/\/lasentinelle.dz\/index.php\/2022\/04\/12\/banque-dalgerie-fadli-tient-une-reunion-avec-la-presidente-du-cmfi\/"},"wordCount":469,"commentCount":0,"publisher":{"@id":"https:\/\/lasentinelle.dz\/#organization"},"image":{"@id":"https:\/\/lasentinelle.dz\/index.php\/2022\/04\/12\/banque-dalgerie-fadli-tient-une-reunion-avec-la-presidente-du-cmfi\/#primaryimage"},"thumbnailUrl":"https:\/\/lasentinelle.dz\/wp-content\/uploads\/2022\/02\/banque-dalgerie.png","articleSection":["Actualit\u00e9"],"inLanguage":"fr-FR","potentialAction":[{"@type":"CommentAction","name":"Comment","target":["https:\/\/lasentinelle.dz\/index.php\/2022\/04\/12\/banque-dalgerie-fadli-tient-une-reunion-avec-la-presidente-du-cmfi\/#respond"]}]},{"@type":"WebPage","@id":"https:\/\/lasentinelle.dz\/index.php\/2022\/04\/12\/banque-dalgerie-fadli-tient-une-reunion-avec-la-presidente-du-cmfi\/","url":"https:\/\/lasentinelle.dz\/index.php\/2022\/04\/12\/banque-dalgerie-fadli-tient-une-reunion-avec-la-presidente-du-cmfi\/","name":"Banque d\u2019Alg\u00e9rie\u00a0: Fadli tient une r\u00e9union avec la pr\u00e9sidente du CMFI - La Sentinelle","isPartOf":{"@id":"https:\/\/lasentinelle.dz\/#website"},"primaryImageOfPage":{"@id":"https:\/\/lasentinelle.dz\/index.php\/2022\/04\/12\/banque-dalgerie-fadli-tient-une-reunion-avec-la-presidente-du-cmfi\/#primaryimage"},"image":{"@id":"https:\/\/lasentinelle.dz\/index.php\/2022\/04\/12\/banque-dalgerie-fadli-tient-une-reunion-avec-la-presidente-du-cmfi\/#primaryimage"},"thumbnailUrl":"https:\/\/lasentinelle.dz\/wp-content\/uploads\/2022\/02\/banque-dalgerie.png","datePublished":"2022-04-11T23:01:00+00:00","breadcrumb":{"@id":"https:\/\/lasentinelle.dz\/index.php\/2022\/04\/12\/banque-dalgerie-fadli-tient-une-reunion-avec-la-presidente-du-cmfi\/#breadcrumb"},"inLanguage":"fr-FR","potentialAction":[{"@type":"ReadAction","target":["https:\/\/lasentinelle.dz\/index.php\/2022\/04\/12\/banque-dalgerie-fadli-tient-une-reunion-avec-la-presidente-du-cmfi\/"]}]},{"@type":"ImageObject","inLanguage":"fr-FR","@id":"https:\/\/lasentinelle.dz\/index.php\/2022\/04\/12\/banque-dalgerie-fadli-tient-une-reunion-avec-la-presidente-du-cmfi\/#primaryimage","url":"https:\/\/lasentinelle.dz\/wp-content\/uploads\/2022\/02\/banque-dalgerie.png","contentUrl":"https:\/\/lasentinelle.dz\/wp-content\/uploads\/2022\/02\/banque-dalgerie.png","width":1350,"height":900},{"@type":"BreadcrumbList","@id":"https:\/\/lasentinelle.dz\/index.php\/2022\/04\/12\/banque-dalgerie-fadli-tient-une-reunion-avec-la-presidente-du-cmfi\/#breadcrumb","itemListElement":[{"@type":"ListItem","position":1,"name":"Accueil","item":"https:\/\/lasentinelle.dz\/"},{"@type":"ListItem","position":2,"name":"Banque d\u2019Alg\u00e9rie\u00a0: Fadli tient une r\u00e9union avec la pr\u00e9sidente du CMFI"}]},{"@type":"WebSite","@id":"https:\/\/lasentinelle.dz\/#website","url":"https:\/\/lasentinelle.dz\/","name":"La Sentinelle","description":"Quotidien national d&#039;information","publisher":{"@id":"https:\/\/lasentinelle.dz\/#organization"},"potentialAction":[{"@type":"SearchAction","target":{"@type":"EntryPoint","urlTemplate":"https:\/\/lasentinelle.dz\/?s={search_term_string}"},"query-input":{"@type":"PropertyValueSpecification","valueRequired":true,"valueName":"search_term_string"}}],"inLanguage":"fr-FR"},{"@type":"Organization","@id":"https:\/\/lasentinelle.dz\/#organization","name":"Quotidien La Sentinelle","url":"https:\/\/lasentinelle.dz\/","logo":{"@type":"ImageObject","inLanguage":"fr-FR","@id":"https:\/\/lasentinelle.dz\/#\/schema\/logo\/image\/","url":"https:\/\/lasentinelle.dz\/wp-content\/uploads\/2021\/09\/logo-sentinelleSLOGAN-1.png","contentUrl":"https:\/\/lasentinelle.dz\/wp-content\/uploads\/2021\/09\/logo-sentinelleSLOGAN-1.png","width":615,"height":142,"caption":"Quotidien La Sentinelle"},"image":{"@id":"https:\/\/lasentinelle.dz\/#\/schema\/logo\/image\/"},"sameAs":["https:\/\/www.facebook.com\/La-Sentinelle-104059864394773"]},{"@type":"Person","@id":"https:\/\/lasentinelle.dz\/#\/schema\/person\/d865044e22e70a75174ce8bcad3acfb3","name":"La Sentinelle","image":{"@type":"ImageObject","inLanguage":"fr-FR","@id":"https:\/\/secure.gravatar.com\/avatar\/57de8e5d4b15d43fb361a71fbb36338450fe67865b528a43dd10ef7c51a20392?s=96&d=mm&r=g","url":"https:\/\/secure.gravatar.com\/avatar\/57de8e5d4b15d43fb361a71fbb36338450fe67865b528a43dd10ef7c51a20392?s=96&d=mm&r=g","contentUrl":"https:\/\/secure.gravatar.com\/avatar\/57de8e5d4b15d43fb361a71fbb36338450fe67865b528a43dd10ef7c51a20392?s=96&d=mm&r=g","caption":"La Sentinelle"},"sameAs":["http:\/\/www.lasentinelle.dz"],"url":"https:\/\/lasentinelle.dz\/author\/redaction\/"}]}},"_links":{"self":[{"href":"https:\/\/lasentinelle.dz\/index.php\/wp-json\/wp\/v2\/posts\/19679","targetHints":{"allow":["GET"]}}],"collection":[{"href":"https:\/\/lasentinelle.dz\/index.php\/wp-json\/wp\/v2\/posts"}],"about":[{"href":"https:\/\/lasentinelle.dz\/index.php\/wp-json\/wp\/v2\/types\/post"}],"author":[{"embeddable":true,"href":"https:\/\/lasentinelle.dz\/index.php\/wp-json\/wp\/v2\/users\/3"}],"replies":[{"embeddable":true,"href":"https:\/\/lasentinelle.dz\/index.php\/wp-json\/wp\/v2\/comments?post=19679"}],"version-history":[{"count":1,"href":"https:\/\/lasentinelle.dz\/index.php\/wp-json\/wp\/v2\/posts\/19679\/revisions"}],"predecessor-version":[{"id":19736,"href":"https:\/\/lasentinelle.dz\/index.php\/wp-json\/wp\/v2\/posts\/19679\/revisions\/19736"}],"wp:featuredmedia":[{"embeddable":true,"href":"https:\/\/lasentinelle.dz\/index.php\/wp-json\/wp\/v2\/media\/16782"}],"wp:attachment":[{"href":"https:\/\/lasentinelle.dz\/index.php\/wp-json\/wp\/v2\/media?parent=19679"}],"wp:term":[{"taxonomy":"category","embeddable":true,"href":"https:\/\/lasentinelle.dz\/index.php\/wp-json\/wp\/v2\/categories?post=19679"},{"taxonomy":"post_tag","embeddable":true,"href":"https:\/\/lasentinelle.dz\/index.php\/wp-json\/wp\/v2\/tags?post=19679"}],"curies":[{"name":"wp","href":"https:\/\/api.w.org\/{rel}","templated":true}]}}