{"id":19684,"date":"2022-04-12T00:05:00","date_gmt":"2022-04-11T23:05:00","guid":{"rendered":"https:\/\/lasentinelle.dz\/?p=19684"},"modified":"2022-04-11T17:01:48","modified_gmt":"2022-04-11T16:01:48","slug":"faf-amara-suspend-aissaoui-et-bahloul","status":"publish","type":"post","link":"https:\/\/lasentinelle.dz\/index.php\/2022\/04\/12\/faf-amara-suspend-aissaoui-et-bahloul\/","title":{"rendered":"FAF\u00a0:\u00a0Amara suspend Aissaoui et Bahloul\u00a0"},"content":{"rendered":"\n<p>Il est, \u00e0 priori, loin le jour o\u00f9 l\u2019on verra la F\u00e9d\u00e9ration alg\u00e9rienne de football retrouver le calme et la s\u00e9r\u00e9nit\u00e9.&nbsp;<\/p>\n\n\n\n<p>Le conflit opposant le pr\u00e9sident d\u00e9missionnaire, Charaf Eddine Amara,&nbsp;\u00e0&nbsp;des membres de son Burau f\u00e9d\u00e9ral prend&nbsp;une&nbsp;nouvelle tournure. Dimanche soir, Amara a pris la d\u00e9cision de suspendre provisoirement deux membres, en l\u2019occurrence Mouldi Aissaoui et Ammar Bahloul, \u00ab en vertu des pr\u00e9rogatives qui lui sont conf\u00e9r\u00e9es, notamment l\u2019article 39.2 des statuts de la F\u00e9d\u00e9ration \u00bb. \u00ab La suspension provisoire des deux membres, au titre des mesures strictement conservatoires, concerne toutes leurs fonctions au sein du BF de la FAF et a pour suite directe et naturelle, d\u00e8s sa prise d\u2019effet, d\u2019interdire l\u2019exercice de toute activit\u00e9 li\u00e9e directement ou indirectement \u00e0 la fonction de membre du BF \u00bb, indique un communiqu\u00e9 de la FAF, ajoutant que ladite suspension a \u00e9galement pour cons\u00e9quence d\u2019interdire toute d\u00e9claration sur quelconque question concernant le fonctionnement et les d\u00e9cisions, pass\u00e9es ou \u00e0 venir, de la FAF. La m\u00eame source ajoute que la d\u00e9cision prise par Amara a \u00e9t\u00e9 motiv\u00e9e par le constat d\u2019atteintes r\u00e9p\u00e9t\u00e9es \u00e0 l\u2019obligation de r\u00e9serve impos\u00e9e par les statuts de la F\u00e9d\u00e9ration et pesant sur chacun des membres du BF, comme le stipule l\u2019article 35, alin\u00e9a 7, desdits statuts. Amara a us\u00e9, certes, de l\u2019article 39 des statuts de son instance, qui lui donne les pr\u00e9rogatives de prendre les mesures conservatoires et disciplinaires conform\u00e9ment aux lois et r\u00e8glements en vigueur, mais les membres concern\u00e9s contestent cette d\u00e9cision, se demandant sur le fait qu\u2019un pr\u00e9sident ayant remis sa d\u00e9mission le 31 mars au Bureau f\u00e9d\u00e9ral prenne une telle d\u00e9cision le 10 avril. En sus, seul cas inscrit aux statuts concernant la perte de qualit\u00e9 d\u2019un membre du BF est mentionn\u00e9 dans l\u2019article&nbsp;&nbsp;35, alin\u00e9a 6 : \u00ab Tout membre du Bureau f\u00e9d\u00e9ral qui, sans justification, n\u2019assiste pas \u00e0 plusieurs r\u00e9unions du bureau, perd sa qualit\u00e9 de membre du Bureau f\u00e9d\u00e9ral.\u00bb&nbsp;&nbsp;Encore une fois, l\u2019on est en droit de se demander sur le r\u00f4le du ministre de la Jeunesse et des Sports, Abderreag Sebgag, qui observe toujours un silence radio. Or, il est clairement stipul\u00e9 dans stipule l&rsquo;article 181 de la loi 13-05 du 23 juillet 2013, que \u00ab le ministre charg\u00e9 des Sports veille au contr\u00f4le du respect des lois et r\u00e8glements en vigueur par le Comit\u00e9 national olympique, le Comit\u00e9 national paralympique, les F\u00e9d\u00e9rations sportives nationales ligues et clubs sportifs \u00bb.&nbsp;<\/p>\n\n\n\n<p><strong>Abderrahim Mahious&nbsp;<\/strong><\/p>\n","protected":false},"excerpt":{"rendered":"<p>Il est, \u00e0 priori, loin le jour o\u00f9 l\u2019on verra la F\u00e9d\u00e9ration alg\u00e9rienne de football retrouver le calme et la<\/p>\n","protected":false},"author":2,"featured_media":19687,"comment_status":"open","ping_status":"closed","sticky":false,"template":"","format":"standard","meta":{"colormag_page_container_layout":"default_layout","colormag_page_sidebar_layout":"default_layout","om_disable_all_campaigns":false,"_monsterinsights_skip_tracking":false,"_monsterinsights_sitenote_active":false,"_monsterinsights_sitenote_note":"","_monsterinsights_sitenote_category":0,"footnotes":"","_wpscppro_dont_share_socialmedia":false,"_wpscppro_custom_social_share_image":0,"_facebook_share_type":"","_twitter_share_type":"","_linkedin_share_type":"","_pinterest_share_type":"","_linkedin_share_type_page":"","_instagram_share_type":"","_medium_share_type":"","_threads_share_type":"","_google_business_share_type":"","_selected_social_profile":[],"_wpsp_enable_custom_social_template":false,"_wpsp_social_scheduling":{"enabled":false,"datetime":null,"platforms":[],"status":"template_only","dateOption":"today","timeOption":"now","customDays":"","customHours":"","customDate":"","customTime":"","schedulingType":"absolute"},"_wpsp_active_default_template":true},"categories":[52,33],"tags":[],"class_list":["post-19684","post","type-post","status-publish","format-standard","has-post-thumbnail","hentry","category-a-la-une","category-sports"],"aioseo_notices":[],"yoast_head":"<!-- This site is optimized with the Yoast SEO plugin v27.5 - https:\/\/yoast.com\/product\/yoast-seo-wordpress\/ -->\n<title>FAF\u00a0:\u00a0Amara suspend Aissaoui et Bahloul\u00a0 - La Sentinelle<\/title>\n<meta name=\"robots\" content=\"index, follow, max-snippet:-1, max-image-preview:large, max-video-preview:-1\" \/>\n<link rel=\"canonical\" href=\"https:\/\/lasentinelle.dz\/index.php\/2022\/04\/12\/faf-amara-suspend-aissaoui-et-bahloul\/\" \/>\n<meta property=\"og:locale\" content=\"fr_FR\" \/>\n<meta property=\"og:type\" content=\"article\" \/>\n<meta property=\"og:title\" content=\"FAF\u00a0:\u00a0Amara suspend Aissaoui et Bahloul\u00a0 - La Sentinelle\" \/>\n<meta property=\"og:description\" content=\"Il est, \u00e0 priori, loin le jour o\u00f9 l\u2019on verra la F\u00e9d\u00e9ration alg\u00e9rienne de football retrouver le calme et la\" \/>\n<meta property=\"og:url\" content=\"https:\/\/lasentinelle.dz\/index.php\/2022\/04\/12\/faf-amara-suspend-aissaoui-et-bahloul\/\" \/>\n<meta property=\"og:site_name\" content=\"La Sentinelle\" \/>\n<meta property=\"article:publisher\" content=\"https:\/\/www.facebook.com\/La-Sentinelle-104059864394773\" \/>\n<meta property=\"article:published_time\" content=\"2022-04-11T23:05:00+00:00\" \/>\n<meta property=\"og:image\" content=\"https:\/\/lasentinelle.dz\/wp-content\/uploads\/2022\/04\/bahloul-aissaoui.png\" \/>\n\t<meta property=\"og:image:width\" content=\"1500\" \/>\n\t<meta property=\"og:image:height\" content=\"900\" \/>\n\t<meta property=\"og:image:type\" content=\"image\/png\" \/>\n<meta name=\"author\" content=\"Azzedine Belferag\" \/>\n<meta name=\"twitter:card\" content=\"summary_large_image\" \/>\n<meta name=\"twitter:label1\" content=\"\u00c9crit par\" \/>\n\t<meta name=\"twitter:data1\" content=\"Azzedine Belferag\" \/>\n\t<meta name=\"twitter:label2\" content=\"Dur\u00e9e de lecture estim\u00e9e\" \/>\n\t<meta name=\"twitter:data2\" content=\"2 minutes\" \/>\n<script type=\"application\/ld+json\" class=\"yoast-schema-graph\">{\"@context\":\"https:\\\/\\\/schema.org\",\"@graph\":[{\"@type\":\"Article\",\"@id\":\"https:\\\/\\\/lasentinelle.dz\\\/index.php\\\/2022\\\/04\\\/12\\\/faf-amara-suspend-aissaoui-et-bahloul\\\/#article\",\"isPartOf\":{\"@id\":\"https:\\\/\\\/lasentinelle.dz\\\/index.php\\\/2022\\\/04\\\/12\\\/faf-amara-suspend-aissaoui-et-bahloul\\\/\"},\"author\":{\"name\":\"Azzedine Belferag\",\"@id\":\"https:\\\/\\\/lasentinelle.dz\\\/#\\\/schema\\\/person\\\/e22c868643946ece5f328ac9d185b29f\"},\"headline\":\"FAF\u00a0:\u00a0Amara suspend Aissaoui et Bahloul\u00a0\",\"datePublished\":\"2022-04-11T23:05:00+00:00\",\"mainEntityOfPage\":{\"@id\":\"https:\\\/\\\/lasentinelle.dz\\\/index.php\\\/2022\\\/04\\\/12\\\/faf-amara-suspend-aissaoui-et-bahloul\\\/\"},\"wordCount\":465,\"commentCount\":0,\"publisher\":{\"@id\":\"https:\\\/\\\/lasentinelle.dz\\\/#organization\"},\"image\":{\"@id\":\"https:\\\/\\\/lasentinelle.dz\\\/index.php\\\/2022\\\/04\\\/12\\\/faf-amara-suspend-aissaoui-et-bahloul\\\/#primaryimage\"},\"thumbnailUrl\":\"https:\\\/\\\/lasentinelle.dz\\\/wp-content\\\/uploads\\\/2022\\\/04\\\/bahloul-aissaoui.png\",\"articleSection\":[\"\u00c0 la Une\",\"Sports\"],\"inLanguage\":\"fr-FR\",\"potentialAction\":[{\"@type\":\"CommentAction\",\"name\":\"Comment\",\"target\":[\"https:\\\/\\\/lasentinelle.dz\\\/index.php\\\/2022\\\/04\\\/12\\\/faf-amara-suspend-aissaoui-et-bahloul\\\/#respond\"]}]},{\"@type\":\"WebPage\",\"@id\":\"https:\\\/\\\/lasentinelle.dz\\\/index.php\\\/2022\\\/04\\\/12\\\/faf-amara-suspend-aissaoui-et-bahloul\\\/\",\"url\":\"https:\\\/\\\/lasentinelle.dz\\\/index.php\\\/2022\\\/04\\\/12\\\/faf-amara-suspend-aissaoui-et-bahloul\\\/\",\"name\":\"FAF\u00a0:\u00a0Amara suspend Aissaoui et Bahloul\u00a0 - La Sentinelle\",\"isPartOf\":{\"@id\":\"https:\\\/\\\/lasentinelle.dz\\\/#website\"},\"primaryImageOfPage\":{\"@id\":\"https:\\\/\\\/lasentinelle.dz\\\/index.php\\\/2022\\\/04\\\/12\\\/faf-amara-suspend-aissaoui-et-bahloul\\\/#primaryimage\"},\"image\":{\"@id\":\"https:\\\/\\\/lasentinelle.dz\\\/index.php\\\/2022\\\/04\\\/12\\\/faf-amara-suspend-aissaoui-et-bahloul\\\/#primaryimage\"},\"thumbnailUrl\":\"https:\\\/\\\/lasentinelle.dz\\\/wp-content\\\/uploads\\\/2022\\\/04\\\/bahloul-aissaoui.png\",\"datePublished\":\"2022-04-11T23:05:00+00:00\",\"breadcrumb\":{\"@id\":\"https:\\\/\\\/lasentinelle.dz\\\/index.php\\\/2022\\\/04\\\/12\\\/faf-amara-suspend-aissaoui-et-bahloul\\\/#breadcrumb\"},\"inLanguage\":\"fr-FR\",\"potentialAction\":[{\"@type\":\"ReadAction\",\"target\":[\"https:\\\/\\\/lasentinelle.dz\\\/index.php\\\/2022\\\/04\\\/12\\\/faf-amara-suspend-aissaoui-et-bahloul\\\/\"]}]},{\"@type\":\"ImageObject\",\"inLanguage\":\"fr-FR\",\"@id\":\"https:\\\/\\\/lasentinelle.dz\\\/index.php\\\/2022\\\/04\\\/12\\\/faf-amara-suspend-aissaoui-et-bahloul\\\/#primaryimage\",\"url\":\"https:\\\/\\\/lasentinelle.dz\\\/wp-content\\\/uploads\\\/2022\\\/04\\\/bahloul-aissaoui.png\",\"contentUrl\":\"https:\\\/\\\/lasentinelle.dz\\\/wp-content\\\/uploads\\\/2022\\\/04\\\/bahloul-aissaoui.png\",\"width\":1500,\"height\":900},{\"@type\":\"BreadcrumbList\",\"@id\":\"https:\\\/\\\/lasentinelle.dz\\\/index.php\\\/2022\\\/04\\\/12\\\/faf-amara-suspend-aissaoui-et-bahloul\\\/#breadcrumb\",\"itemListElement\":[{\"@type\":\"ListItem\",\"position\":1,\"name\":\"Accueil\",\"item\":\"https:\\\/\\\/lasentinelle.dz\\\/\"},{\"@type\":\"ListItem\",\"position\":2,\"name\":\"FAF\u00a0:\u00a0Amara suspend Aissaoui et Bahloul\u00a0\"}]},{\"@type\":\"WebSite\",\"@id\":\"https:\\\/\\\/lasentinelle.dz\\\/#website\",\"url\":\"https:\\\/\\\/lasentinelle.dz\\\/\",\"name\":\"La Sentinelle\",\"description\":\"Quotidien national d&#039;information\",\"publisher\":{\"@id\":\"https:\\\/\\\/lasentinelle.dz\\\/#organization\"},\"potentialAction\":[{\"@type\":\"SearchAction\",\"target\":{\"@type\":\"EntryPoint\",\"urlTemplate\":\"https:\\\/\\\/lasentinelle.dz\\\/?s={search_term_string}\"},\"query-input\":{\"@type\":\"PropertyValueSpecification\",\"valueRequired\":true,\"valueName\":\"search_term_string\"}}],\"inLanguage\":\"fr-FR\"},{\"@type\":\"Organization\",\"@id\":\"https:\\\/\\\/lasentinelle.dz\\\/#organization\",\"name\":\"Quotidien La Sentinelle\",\"url\":\"https:\\\/\\\/lasentinelle.dz\\\/\",\"logo\":{\"@type\":\"ImageObject\",\"inLanguage\":\"fr-FR\",\"@id\":\"https:\\\/\\\/lasentinelle.dz\\\/#\\\/schema\\\/logo\\\/image\\\/\",\"url\":\"https:\\\/\\\/lasentinelle.dz\\\/wp-content\\\/uploads\\\/2021\\\/09\\\/logo-sentinelleSLOGAN-1.png\",\"contentUrl\":\"https:\\\/\\\/lasentinelle.dz\\\/wp-content\\\/uploads\\\/2021\\\/09\\\/logo-sentinelleSLOGAN-1.png\",\"width\":615,\"height\":142,\"caption\":\"Quotidien La Sentinelle\"},\"image\":{\"@id\":\"https:\\\/\\\/lasentinelle.dz\\\/#\\\/schema\\\/logo\\\/image\\\/\"},\"sameAs\":[\"https:\\\/\\\/www.facebook.com\\\/La-Sentinelle-104059864394773\"]},{\"@type\":\"Person\",\"@id\":\"https:\\\/\\\/lasentinelle.dz\\\/#\\\/schema\\\/person\\\/e22c868643946ece5f328ac9d185b29f\",\"name\":\"Azzedine Belferag\",\"image\":{\"@type\":\"ImageObject\",\"inLanguage\":\"fr-FR\",\"@id\":\"https:\\\/\\\/secure.gravatar.com\\\/avatar\\\/767ecc3bfcf23cd6d0dae1705f124feb13a88fded1daa56498e4fb3aa3fc36a1?s=96&d=mm&r=g\",\"url\":\"https:\\\/\\\/secure.gravatar.com\\\/avatar\\\/767ecc3bfcf23cd6d0dae1705f124feb13a88fded1daa56498e4fb3aa3fc36a1?s=96&d=mm&r=g\",\"contentUrl\":\"https:\\\/\\\/secure.gravatar.com\\\/avatar\\\/767ecc3bfcf23cd6d0dae1705f124feb13a88fded1daa56498e4fb3aa3fc36a1?s=96&d=mm&r=g\",\"caption\":\"Azzedine Belferag\"},\"sameAs\":[\"http:\\\/\\\/www.lasentinelle.dz\"],\"url\":\"https:\\\/\\\/lasentinelle.dz\\\/author\\\/belferag\\\/\"}]}<\/script>\n<!-- \/ Yoast SEO plugin. -->","yoast_head_json":{"title":"FAF\u00a0:\u00a0Amara suspend Aissaoui et Bahloul\u00a0 - La Sentinelle","robots":{"index":"index","follow":"follow","max-snippet":"max-snippet:-1","max-image-preview":"max-image-preview:large","max-video-preview":"max-video-preview:-1"},"canonical":"https:\/\/lasentinelle.dz\/index.php\/2022\/04\/12\/faf-amara-suspend-aissaoui-et-bahloul\/","og_locale":"fr_FR","og_type":"article","og_title":"FAF\u00a0:\u00a0Amara suspend Aissaoui et Bahloul\u00a0 - La Sentinelle","og_description":"Il est, \u00e0 priori, loin le jour o\u00f9 l\u2019on verra la F\u00e9d\u00e9ration alg\u00e9rienne de football retrouver le calme et la","og_url":"https:\/\/lasentinelle.dz\/index.php\/2022\/04\/12\/faf-amara-suspend-aissaoui-et-bahloul\/","og_site_name":"La Sentinelle","article_publisher":"https:\/\/www.facebook.com\/La-Sentinelle-104059864394773","article_published_time":"2022-04-11T23:05:00+00:00","og_image":[{"width":1500,"height":900,"url":"https:\/\/lasentinelle.dz\/wp-content\/uploads\/2022\/04\/bahloul-aissaoui.png","type":"image\/png"}],"author":"Azzedine Belferag","twitter_card":"summary_large_image","twitter_misc":{"\u00c9crit par":"Azzedine Belferag","Dur\u00e9e de lecture estim\u00e9e":"2 minutes"},"schema":{"@context":"https:\/\/schema.org","@graph":[{"@type":"Article","@id":"https:\/\/lasentinelle.dz\/index.php\/2022\/04\/12\/faf-amara-suspend-aissaoui-et-bahloul\/#article","isPartOf":{"@id":"https:\/\/lasentinelle.dz\/index.php\/2022\/04\/12\/faf-amara-suspend-aissaoui-et-bahloul\/"},"author":{"name":"Azzedine Belferag","@id":"https:\/\/lasentinelle.dz\/#\/schema\/person\/e22c868643946ece5f328ac9d185b29f"},"headline":"FAF\u00a0:\u00a0Amara suspend Aissaoui et Bahloul\u00a0","datePublished":"2022-04-11T23:05:00+00:00","mainEntityOfPage":{"@id":"https:\/\/lasentinelle.dz\/index.php\/2022\/04\/12\/faf-amara-suspend-aissaoui-et-bahloul\/"},"wordCount":465,"commentCount":0,"publisher":{"@id":"https:\/\/lasentinelle.dz\/#organization"},"image":{"@id":"https:\/\/lasentinelle.dz\/index.php\/2022\/04\/12\/faf-amara-suspend-aissaoui-et-bahloul\/#primaryimage"},"thumbnailUrl":"https:\/\/lasentinelle.dz\/wp-content\/uploads\/2022\/04\/bahloul-aissaoui.png","articleSection":["\u00c0 la Une","Sports"],"inLanguage":"fr-FR","potentialAction":[{"@type":"CommentAction","name":"Comment","target":["https:\/\/lasentinelle.dz\/index.php\/2022\/04\/12\/faf-amara-suspend-aissaoui-et-bahloul\/#respond"]}]},{"@type":"WebPage","@id":"https:\/\/lasentinelle.dz\/index.php\/2022\/04\/12\/faf-amara-suspend-aissaoui-et-bahloul\/","url":"https:\/\/lasentinelle.dz\/index.php\/2022\/04\/12\/faf-amara-suspend-aissaoui-et-bahloul\/","name":"FAF\u00a0:\u00a0Amara suspend Aissaoui et Bahloul\u00a0 - La Sentinelle","isPartOf":{"@id":"https:\/\/lasentinelle.dz\/#website"},"primaryImageOfPage":{"@id":"https:\/\/lasentinelle.dz\/index.php\/2022\/04\/12\/faf-amara-suspend-aissaoui-et-bahloul\/#primaryimage"},"image":{"@id":"https:\/\/lasentinelle.dz\/index.php\/2022\/04\/12\/faf-amara-suspend-aissaoui-et-bahloul\/#primaryimage"},"thumbnailUrl":"https:\/\/lasentinelle.dz\/wp-content\/uploads\/2022\/04\/bahloul-aissaoui.png","datePublished":"2022-04-11T23:05:00+00:00","breadcrumb":{"@id":"https:\/\/lasentinelle.dz\/index.php\/2022\/04\/12\/faf-amara-suspend-aissaoui-et-bahloul\/#breadcrumb"},"inLanguage":"fr-FR","potentialAction":[{"@type":"ReadAction","target":["https:\/\/lasentinelle.dz\/index.php\/2022\/04\/12\/faf-amara-suspend-aissaoui-et-bahloul\/"]}]},{"@type":"ImageObject","inLanguage":"fr-FR","@id":"https:\/\/lasentinelle.dz\/index.php\/2022\/04\/12\/faf-amara-suspend-aissaoui-et-bahloul\/#primaryimage","url":"https:\/\/lasentinelle.dz\/wp-content\/uploads\/2022\/04\/bahloul-aissaoui.png","contentUrl":"https:\/\/lasentinelle.dz\/wp-content\/uploads\/2022\/04\/bahloul-aissaoui.png","width":1500,"height":900},{"@type":"BreadcrumbList","@id":"https:\/\/lasentinelle.dz\/index.php\/2022\/04\/12\/faf-amara-suspend-aissaoui-et-bahloul\/#breadcrumb","itemListElement":[{"@type":"ListItem","position":1,"name":"Accueil","item":"https:\/\/lasentinelle.dz\/"},{"@type":"ListItem","position":2,"name":"FAF\u00a0:\u00a0Amara suspend Aissaoui et Bahloul\u00a0"}]},{"@type":"WebSite","@id":"https:\/\/lasentinelle.dz\/#website","url":"https:\/\/lasentinelle.dz\/","name":"La Sentinelle","description":"Quotidien national d&#039;information","publisher":{"@id":"https:\/\/lasentinelle.dz\/#organization"},"potentialAction":[{"@type":"SearchAction","target":{"@type":"EntryPoint","urlTemplate":"https:\/\/lasentinelle.dz\/?s={search_term_string}"},"query-input":{"@type":"PropertyValueSpecification","valueRequired":true,"valueName":"search_term_string"}}],"inLanguage":"fr-FR"},{"@type":"Organization","@id":"https:\/\/lasentinelle.dz\/#organization","name":"Quotidien La Sentinelle","url":"https:\/\/lasentinelle.dz\/","logo":{"@type":"ImageObject","inLanguage":"fr-FR","@id":"https:\/\/lasentinelle.dz\/#\/schema\/logo\/image\/","url":"https:\/\/lasentinelle.dz\/wp-content\/uploads\/2021\/09\/logo-sentinelleSLOGAN-1.png","contentUrl":"https:\/\/lasentinelle.dz\/wp-content\/uploads\/2021\/09\/logo-sentinelleSLOGAN-1.png","width":615,"height":142,"caption":"Quotidien La Sentinelle"},"image":{"@id":"https:\/\/lasentinelle.dz\/#\/schema\/logo\/image\/"},"sameAs":["https:\/\/www.facebook.com\/La-Sentinelle-104059864394773"]},{"@type":"Person","@id":"https:\/\/lasentinelle.dz\/#\/schema\/person\/e22c868643946ece5f328ac9d185b29f","name":"Azzedine Belferag","image":{"@type":"ImageObject","inLanguage":"fr-FR","@id":"https:\/\/secure.gravatar.com\/avatar\/767ecc3bfcf23cd6d0dae1705f124feb13a88fded1daa56498e4fb3aa3fc36a1?s=96&d=mm&r=g","url":"https:\/\/secure.gravatar.com\/avatar\/767ecc3bfcf23cd6d0dae1705f124feb13a88fded1daa56498e4fb3aa3fc36a1?s=96&d=mm&r=g","contentUrl":"https:\/\/secure.gravatar.com\/avatar\/767ecc3bfcf23cd6d0dae1705f124feb13a88fded1daa56498e4fb3aa3fc36a1?s=96&d=mm&r=g","caption":"Azzedine Belferag"},"sameAs":["http:\/\/www.lasentinelle.dz"],"url":"https:\/\/lasentinelle.dz\/author\/belferag\/"}]}},"_links":{"self":[{"href":"https:\/\/lasentinelle.dz\/index.php\/wp-json\/wp\/v2\/posts\/19684","targetHints":{"allow":["GET"]}}],"collection":[{"href":"https:\/\/lasentinelle.dz\/index.php\/wp-json\/wp\/v2\/posts"}],"about":[{"href":"https:\/\/lasentinelle.dz\/index.php\/wp-json\/wp\/v2\/types\/post"}],"author":[{"embeddable":true,"href":"https:\/\/lasentinelle.dz\/index.php\/wp-json\/wp\/v2\/users\/2"}],"replies":[{"embeddable":true,"href":"https:\/\/lasentinelle.dz\/index.php\/wp-json\/wp\/v2\/comments?post=19684"}],"version-history":[{"count":1,"href":"https:\/\/lasentinelle.dz\/index.php\/wp-json\/wp\/v2\/posts\/19684\/revisions"}],"predecessor-version":[{"id":19688,"href":"https:\/\/lasentinelle.dz\/index.php\/wp-json\/wp\/v2\/posts\/19684\/revisions\/19688"}],"wp:featuredmedia":[{"embeddable":true,"href":"https:\/\/lasentinelle.dz\/index.php\/wp-json\/wp\/v2\/media\/19687"}],"wp:attachment":[{"href":"https:\/\/lasentinelle.dz\/index.php\/wp-json\/wp\/v2\/media?parent=19684"}],"wp:term":[{"taxonomy":"category","embeddable":true,"href":"https:\/\/lasentinelle.dz\/index.php\/wp-json\/wp\/v2\/categories?post=19684"},{"taxonomy":"post_tag","embeddable":true,"href":"https:\/\/lasentinelle.dz\/index.php\/wp-json\/wp\/v2\/tags?post=19684"}],"curies":[{"name":"wp","href":"https:\/\/api.w.org\/{rel}","templated":true}]}}