{"id":19696,"date":"2022-04-12T00:01:00","date_gmt":"2022-04-11T23:01:00","guid":{"rendered":"https:\/\/lasentinelle.dz\/?p=19696"},"modified":"2022-04-11T18:13:27","modified_gmt":"2022-04-11T17:13:27","slug":"fao-la-production-mondiale-de-ble-devrait-atteindre-784-millions-de-tonnes-en-2022","status":"publish","type":"post","link":"https:\/\/lasentinelle.dz\/index.php\/2022\/04\/12\/fao-la-production-mondiale-de-ble-devrait-atteindre-784-millions-de-tonnes-en-2022\/","title":{"rendered":"FAO\u00a0: La production mondiale de bl\u00e9\u00a0devrait atteindre\u00a0784 millions de tonnes en 2022"},"content":{"rendered":"\n<p>Dans son dernier Bulletin sur l&rsquo;offre et la demande de c\u00e9r\u00e9ales,&nbsp;&nbsp;&nbsp;l\u2019Organisation des Nations Unis pour l\u2019alimentation et l\u2019agriculture (FAO) pr\u00e9voit une hausse de 1,1% de la production mondiale de bl\u00e9 qui devrait atteindre, en 2022,&nbsp;&nbsp;quelque 784 millions de tonnes.&nbsp;\u00ab&nbsp;Les tendances pr\u00e9vues en mati\u00e8re de production en Am\u00e9rique du Nord, en Chine, en Inde, dans l\u2019Union europ\u00e9enne et partout ailleurs ainsi que les perspectives concernant la production de c\u00e9r\u00e9ales secondaires demeur\u00e9es favorables en Afrique du Sud, en Argentine et au Br\u00e9sil, sont, selon la m\u00eame note, les \u00e9l\u00e9ments sur lesquels reposent les pr\u00e9visions et les estimations de la FAO qui a d\u2019ailleurs \u00e9valu\u00e9 la production mondiale de c\u00e9r\u00e9ales \u00e0 2 799 millions de tonnes, durant la campagne agricole de 2021. Des chiffres qui font ressortir une l\u00e9g\u00e8re hausse par rapport \u00e0 2020 avec une production de riz qui a atteint son plus haut niveau jamais enregistr\u00e9 avec 520,3 millions de tonnes (en \u00e9quivalent riz usin\u00e9).<\/p>\n\n\n\n<p>Toujours au chapitre des pr\u00e9visions, le FAO estime que les stocks mondiaux de c\u00e9r\u00e9ales \u00e0 la cl\u00f4ture de la campagne de 2022 devraient augmenter de 2,4&nbsp;&nbsp;% par rapport \u00e0 leurs niveaux d\u2019ouverture tandis que le rapport stocks\/utilisation de c\u00e9r\u00e9ales au niveau mondial devrait, quant \u00e0 lui, \u00ab s\u2019\u00e9tablir \u00e0 29,7 % en&nbsp;&nbsp;2021-2022, un niveau l\u00e9g\u00e8rement en dessous de celui de l\u2019ann\u00e9e pr\u00e9c\u00e9dente, mais \u00a0\u00bb une offre encore relativement confortable\u00a0\u00bb. Aussi, fondant ses pr\u00e9visions sur des informations actuellement disponibles, la FAO a ramen\u00e9 \u00e0 469 millions de tonnes ses estimations pr\u00e9visionnelles concernant les \u00e9changes mondiaux de c\u00e9r\u00e9ales lors de la campagne de commercialisation actuelle. Ce qui laisse pr\u00e9sager d\u2019une augmentation des exportations de bl\u00e9 en Inde et dans l\u2019Union europ\u00e9enne, tandis que les exp\u00e9ditions de ma\u00efs devraient s\u2019accro\u00eetre en Argentine, aux Etats-Unis et en Inde. Des apports, explique le FAO,, qui devrait partiellement compenser les pertes d\u2019exportations dans la Mer Noire.<\/p>\n\n\n\n<p>Enfin, \u00e0 court terme, les experts de la FAO ne sont par ailleurs pas optimistes. \u00ab\u00a0Les perturbations qui affectent les march\u00e9s agricoles mondiaux vont s\u2019aggraver, entra\u00eenant des flamb\u00e9es des prix des denr\u00e9es alimentaires et de l\u2019\u00e9nergie et provoquant des hausses des prix des engrais, ce qui est pr\u00e9judiciable non seulement aux agriculteurs, mais aussi aux consommateurs et aux m\u00e9nages, en raison de leur capacit\u00e9 insuffisante \u00e0 acc\u00e9der \u00e0 l\u2019alimentation\u00a0\u00bb, avertit \u00e0 ce sujet \u00e9conomiste en chef de la FAO, M. Maximo Torero Cullen qui a pr\u00e9conis\u00e9 de \u00a0\u00bb surveiller ce qui se passe et r\u00e9agir au moment voulu. Nous devons donner \u00e0 notre action une double perspective: la perspective \u00e0 court terme, qui doit rem\u00e9dier \u00e0 ces chocs, et la perspective \u00e0 moyen et \u00e0 long terme de concr\u00e9tisation des objectifs de d\u00e9veloppement durable de l\u2019ONU.&nbsp;<\/p>\n\n\n\n<p><strong>Akli Amor<\/strong><\/p>\n","protected":false},"excerpt":{"rendered":"<p>Dans son dernier Bulletin sur l&rsquo;offre et la demande de c\u00e9r\u00e9ales,&nbsp;&nbsp;&nbsp;l\u2019Organisation des Nations Unis pour l\u2019alimentation et l\u2019agriculture (FAO) pr\u00e9voit<\/p>\n","protected":false},"author":3,"featured_media":19711,"comment_status":"open","ping_status":"closed","sticky":false,"template":"","format":"standard","meta":{"colormag_page_container_layout":"default_layout","colormag_page_sidebar_layout":"default_layout","om_disable_all_campaigns":false,"_monsterinsights_skip_tracking":false,"_monsterinsights_sitenote_active":false,"_monsterinsights_sitenote_note":"","_monsterinsights_sitenote_category":0,"footnotes":"","_wpscppro_dont_share_socialmedia":false,"_wpscppro_custom_social_share_image":0,"_facebook_share_type":"","_twitter_share_type":"","_linkedin_share_type":"","_pinterest_share_type":"","_linkedin_share_type_page":"","_instagram_share_type":"","_medium_share_type":"","_threads_share_type":"","_google_business_share_type":"","_selected_social_profile":[],"_wpsp_enable_custom_social_template":false,"_wpsp_social_scheduling":{"enabled":false,"datetime":null,"platforms":[],"status":"template_only","dateOption":"today","timeOption":"now","customDays":"","customHours":"","customDate":"","customTime":"","schedulingType":"absolute"},"_wpsp_active_default_template":true},"categories":[29],"tags":[],"class_list":["post-19696","post","type-post","status-publish","format-standard","has-post-thumbnail","hentry","category-economie"],"aioseo_notices":[],"yoast_head":"<!-- This site is optimized with the Yoast SEO plugin v27.5 - https:\/\/yoast.com\/product\/yoast-seo-wordpress\/ -->\n<title>FAO\u00a0: La production mondiale de bl\u00e9\u00a0devrait atteindre\u00a0784 millions de tonnes en 2022 - La Sentinelle<\/title>\n<meta name=\"robots\" content=\"index, follow, max-snippet:-1, max-image-preview:large, max-video-preview:-1\" \/>\n<link rel=\"canonical\" href=\"https:\/\/lasentinelle.dz\/index.php\/2022\/04\/12\/fao-la-production-mondiale-de-ble-devrait-atteindre-784-millions-de-tonnes-en-2022\/\" \/>\n<meta property=\"og:locale\" content=\"fr_FR\" \/>\n<meta property=\"og:type\" content=\"article\" \/>\n<meta property=\"og:title\" content=\"FAO\u00a0: La production mondiale de bl\u00e9\u00a0devrait atteindre\u00a0784 millions de tonnes en 2022 - La Sentinelle\" \/>\n<meta property=\"og:description\" content=\"Dans son dernier Bulletin sur l&rsquo;offre et la demande de c\u00e9r\u00e9ales,&nbsp;&nbsp;&nbsp;l\u2019Organisation des Nations Unis pour l\u2019alimentation et l\u2019agriculture (FAO) pr\u00e9voit\" \/>\n<meta property=\"og:url\" content=\"https:\/\/lasentinelle.dz\/index.php\/2022\/04\/12\/fao-la-production-mondiale-de-ble-devrait-atteindre-784-millions-de-tonnes-en-2022\/\" \/>\n<meta property=\"og:site_name\" content=\"La Sentinelle\" \/>\n<meta property=\"article:publisher\" content=\"https:\/\/www.facebook.com\/La-Sentinelle-104059864394773\" \/>\n<meta property=\"article:published_time\" content=\"2022-04-11T23:01:00+00:00\" \/>\n<meta property=\"og:image\" content=\"https:\/\/lasentinelle.dz\/wp-content\/uploads\/2022\/04\/ble.png\" \/>\n\t<meta property=\"og:image:width\" content=\"1595\" \/>\n\t<meta property=\"og:image:height\" content=\"900\" \/>\n\t<meta property=\"og:image:type\" content=\"image\/png\" \/>\n<meta name=\"author\" content=\"La Sentinelle\" \/>\n<meta name=\"twitter:card\" content=\"summary_large_image\" \/>\n<meta name=\"twitter:label1\" content=\"\u00c9crit par\" \/>\n\t<meta name=\"twitter:data1\" content=\"La Sentinelle\" \/>\n\t<meta name=\"twitter:label2\" content=\"Dur\u00e9e de lecture estim\u00e9e\" \/>\n\t<meta name=\"twitter:data2\" content=\"3 minutes\" \/>\n<script type=\"application\/ld+json\" class=\"yoast-schema-graph\">{\"@context\":\"https:\\\/\\\/schema.org\",\"@graph\":[{\"@type\":\"Article\",\"@id\":\"https:\\\/\\\/lasentinelle.dz\\\/index.php\\\/2022\\\/04\\\/12\\\/fao-la-production-mondiale-de-ble-devrait-atteindre-784-millions-de-tonnes-en-2022\\\/#article\",\"isPartOf\":{\"@id\":\"https:\\\/\\\/lasentinelle.dz\\\/index.php\\\/2022\\\/04\\\/12\\\/fao-la-production-mondiale-de-ble-devrait-atteindre-784-millions-de-tonnes-en-2022\\\/\"},\"author\":{\"name\":\"La Sentinelle\",\"@id\":\"https:\\\/\\\/lasentinelle.dz\\\/#\\\/schema\\\/person\\\/d865044e22e70a75174ce8bcad3acfb3\"},\"headline\":\"FAO\u00a0: La production mondiale de bl\u00e9\u00a0devrait atteindre\u00a0784 millions de tonnes en 2022\",\"datePublished\":\"2022-04-11T23:01:00+00:00\",\"mainEntityOfPage\":{\"@id\":\"https:\\\/\\\/lasentinelle.dz\\\/index.php\\\/2022\\\/04\\\/12\\\/fao-la-production-mondiale-de-ble-devrait-atteindre-784-millions-de-tonnes-en-2022\\\/\"},\"wordCount\":506,\"commentCount\":0,\"publisher\":{\"@id\":\"https:\\\/\\\/lasentinelle.dz\\\/#organization\"},\"image\":{\"@id\":\"https:\\\/\\\/lasentinelle.dz\\\/index.php\\\/2022\\\/04\\\/12\\\/fao-la-production-mondiale-de-ble-devrait-atteindre-784-millions-de-tonnes-en-2022\\\/#primaryimage\"},\"thumbnailUrl\":\"https:\\\/\\\/lasentinelle.dz\\\/wp-content\\\/uploads\\\/2022\\\/04\\\/ble.png\",\"articleSection\":[\"\u00c9conomie\"],\"inLanguage\":\"fr-FR\",\"potentialAction\":[{\"@type\":\"CommentAction\",\"name\":\"Comment\",\"target\":[\"https:\\\/\\\/lasentinelle.dz\\\/index.php\\\/2022\\\/04\\\/12\\\/fao-la-production-mondiale-de-ble-devrait-atteindre-784-millions-de-tonnes-en-2022\\\/#respond\"]}]},{\"@type\":\"WebPage\",\"@id\":\"https:\\\/\\\/lasentinelle.dz\\\/index.php\\\/2022\\\/04\\\/12\\\/fao-la-production-mondiale-de-ble-devrait-atteindre-784-millions-de-tonnes-en-2022\\\/\",\"url\":\"https:\\\/\\\/lasentinelle.dz\\\/index.php\\\/2022\\\/04\\\/12\\\/fao-la-production-mondiale-de-ble-devrait-atteindre-784-millions-de-tonnes-en-2022\\\/\",\"name\":\"FAO\u00a0: La production mondiale de bl\u00e9\u00a0devrait atteindre\u00a0784 millions de tonnes en 2022 - La Sentinelle\",\"isPartOf\":{\"@id\":\"https:\\\/\\\/lasentinelle.dz\\\/#website\"},\"primaryImageOfPage\":{\"@id\":\"https:\\\/\\\/lasentinelle.dz\\\/index.php\\\/2022\\\/04\\\/12\\\/fao-la-production-mondiale-de-ble-devrait-atteindre-784-millions-de-tonnes-en-2022\\\/#primaryimage\"},\"image\":{\"@id\":\"https:\\\/\\\/lasentinelle.dz\\\/index.php\\\/2022\\\/04\\\/12\\\/fao-la-production-mondiale-de-ble-devrait-atteindre-784-millions-de-tonnes-en-2022\\\/#primaryimage\"},\"thumbnailUrl\":\"https:\\\/\\\/lasentinelle.dz\\\/wp-content\\\/uploads\\\/2022\\\/04\\\/ble.png\",\"datePublished\":\"2022-04-11T23:01:00+00:00\",\"breadcrumb\":{\"@id\":\"https:\\\/\\\/lasentinelle.dz\\\/index.php\\\/2022\\\/04\\\/12\\\/fao-la-production-mondiale-de-ble-devrait-atteindre-784-millions-de-tonnes-en-2022\\\/#breadcrumb\"},\"inLanguage\":\"fr-FR\",\"potentialAction\":[{\"@type\":\"ReadAction\",\"target\":[\"https:\\\/\\\/lasentinelle.dz\\\/index.php\\\/2022\\\/04\\\/12\\\/fao-la-production-mondiale-de-ble-devrait-atteindre-784-millions-de-tonnes-en-2022\\\/\"]}]},{\"@type\":\"ImageObject\",\"inLanguage\":\"fr-FR\",\"@id\":\"https:\\\/\\\/lasentinelle.dz\\\/index.php\\\/2022\\\/04\\\/12\\\/fao-la-production-mondiale-de-ble-devrait-atteindre-784-millions-de-tonnes-en-2022\\\/#primaryimage\",\"url\":\"https:\\\/\\\/lasentinelle.dz\\\/wp-content\\\/uploads\\\/2022\\\/04\\\/ble.png\",\"contentUrl\":\"https:\\\/\\\/lasentinelle.dz\\\/wp-content\\\/uploads\\\/2022\\\/04\\\/ble.png\",\"width\":1595,\"height\":900},{\"@type\":\"BreadcrumbList\",\"@id\":\"https:\\\/\\\/lasentinelle.dz\\\/index.php\\\/2022\\\/04\\\/12\\\/fao-la-production-mondiale-de-ble-devrait-atteindre-784-millions-de-tonnes-en-2022\\\/#breadcrumb\",\"itemListElement\":[{\"@type\":\"ListItem\",\"position\":1,\"name\":\"Accueil\",\"item\":\"https:\\\/\\\/lasentinelle.dz\\\/\"},{\"@type\":\"ListItem\",\"position\":2,\"name\":\"FAO\u00a0: La production mondiale de bl\u00e9\u00a0devrait atteindre\u00a0784 millions de tonnes en 2022\"}]},{\"@type\":\"WebSite\",\"@id\":\"https:\\\/\\\/lasentinelle.dz\\\/#website\",\"url\":\"https:\\\/\\\/lasentinelle.dz\\\/\",\"name\":\"La Sentinelle\",\"description\":\"Quotidien national d&#039;information\",\"publisher\":{\"@id\":\"https:\\\/\\\/lasentinelle.dz\\\/#organization\"},\"potentialAction\":[{\"@type\":\"SearchAction\",\"target\":{\"@type\":\"EntryPoint\",\"urlTemplate\":\"https:\\\/\\\/lasentinelle.dz\\\/?s={search_term_string}\"},\"query-input\":{\"@type\":\"PropertyValueSpecification\",\"valueRequired\":true,\"valueName\":\"search_term_string\"}}],\"inLanguage\":\"fr-FR\"},{\"@type\":\"Organization\",\"@id\":\"https:\\\/\\\/lasentinelle.dz\\\/#organization\",\"name\":\"Quotidien La Sentinelle\",\"url\":\"https:\\\/\\\/lasentinelle.dz\\\/\",\"logo\":{\"@type\":\"ImageObject\",\"inLanguage\":\"fr-FR\",\"@id\":\"https:\\\/\\\/lasentinelle.dz\\\/#\\\/schema\\\/logo\\\/image\\\/\",\"url\":\"https:\\\/\\\/lasentinelle.dz\\\/wp-content\\\/uploads\\\/2021\\\/09\\\/logo-sentinelleSLOGAN-1.png\",\"contentUrl\":\"https:\\\/\\\/lasentinelle.dz\\\/wp-content\\\/uploads\\\/2021\\\/09\\\/logo-sentinelleSLOGAN-1.png\",\"width\":615,\"height\":142,\"caption\":\"Quotidien La Sentinelle\"},\"image\":{\"@id\":\"https:\\\/\\\/lasentinelle.dz\\\/#\\\/schema\\\/logo\\\/image\\\/\"},\"sameAs\":[\"https:\\\/\\\/www.facebook.com\\\/La-Sentinelle-104059864394773\"]},{\"@type\":\"Person\",\"@id\":\"https:\\\/\\\/lasentinelle.dz\\\/#\\\/schema\\\/person\\\/d865044e22e70a75174ce8bcad3acfb3\",\"name\":\"La Sentinelle\",\"image\":{\"@type\":\"ImageObject\",\"inLanguage\":\"fr-FR\",\"@id\":\"https:\\\/\\\/secure.gravatar.com\\\/avatar\\\/57de8e5d4b15d43fb361a71fbb36338450fe67865b528a43dd10ef7c51a20392?s=96&d=mm&r=g\",\"url\":\"https:\\\/\\\/secure.gravatar.com\\\/avatar\\\/57de8e5d4b15d43fb361a71fbb36338450fe67865b528a43dd10ef7c51a20392?s=96&d=mm&r=g\",\"contentUrl\":\"https:\\\/\\\/secure.gravatar.com\\\/avatar\\\/57de8e5d4b15d43fb361a71fbb36338450fe67865b528a43dd10ef7c51a20392?s=96&d=mm&r=g\",\"caption\":\"La Sentinelle\"},\"sameAs\":[\"http:\\\/\\\/www.lasentinelle.dz\"],\"url\":\"https:\\\/\\\/lasentinelle.dz\\\/author\\\/redaction\\\/\"}]}<\/script>\n<!-- \/ Yoast SEO plugin. -->","yoast_head_json":{"title":"FAO\u00a0: La production mondiale de bl\u00e9\u00a0devrait atteindre\u00a0784 millions de tonnes en 2022 - La Sentinelle","robots":{"index":"index","follow":"follow","max-snippet":"max-snippet:-1","max-image-preview":"max-image-preview:large","max-video-preview":"max-video-preview:-1"},"canonical":"https:\/\/lasentinelle.dz\/index.php\/2022\/04\/12\/fao-la-production-mondiale-de-ble-devrait-atteindre-784-millions-de-tonnes-en-2022\/","og_locale":"fr_FR","og_type":"article","og_title":"FAO\u00a0: La production mondiale de bl\u00e9\u00a0devrait atteindre\u00a0784 millions de tonnes en 2022 - La Sentinelle","og_description":"Dans son dernier Bulletin sur l&rsquo;offre et la demande de c\u00e9r\u00e9ales,&nbsp;&nbsp;&nbsp;l\u2019Organisation des Nations Unis pour l\u2019alimentation et l\u2019agriculture (FAO) pr\u00e9voit","og_url":"https:\/\/lasentinelle.dz\/index.php\/2022\/04\/12\/fao-la-production-mondiale-de-ble-devrait-atteindre-784-millions-de-tonnes-en-2022\/","og_site_name":"La Sentinelle","article_publisher":"https:\/\/www.facebook.com\/La-Sentinelle-104059864394773","article_published_time":"2022-04-11T23:01:00+00:00","og_image":[{"width":1595,"height":900,"url":"https:\/\/lasentinelle.dz\/wp-content\/uploads\/2022\/04\/ble.png","type":"image\/png"}],"author":"La Sentinelle","twitter_card":"summary_large_image","twitter_misc":{"\u00c9crit par":"La Sentinelle","Dur\u00e9e de lecture estim\u00e9e":"3 minutes"},"schema":{"@context":"https:\/\/schema.org","@graph":[{"@type":"Article","@id":"https:\/\/lasentinelle.dz\/index.php\/2022\/04\/12\/fao-la-production-mondiale-de-ble-devrait-atteindre-784-millions-de-tonnes-en-2022\/#article","isPartOf":{"@id":"https:\/\/lasentinelle.dz\/index.php\/2022\/04\/12\/fao-la-production-mondiale-de-ble-devrait-atteindre-784-millions-de-tonnes-en-2022\/"},"author":{"name":"La Sentinelle","@id":"https:\/\/lasentinelle.dz\/#\/schema\/person\/d865044e22e70a75174ce8bcad3acfb3"},"headline":"FAO\u00a0: La production mondiale de bl\u00e9\u00a0devrait atteindre\u00a0784 millions de tonnes en 2022","datePublished":"2022-04-11T23:01:00+00:00","mainEntityOfPage":{"@id":"https:\/\/lasentinelle.dz\/index.php\/2022\/04\/12\/fao-la-production-mondiale-de-ble-devrait-atteindre-784-millions-de-tonnes-en-2022\/"},"wordCount":506,"commentCount":0,"publisher":{"@id":"https:\/\/lasentinelle.dz\/#organization"},"image":{"@id":"https:\/\/lasentinelle.dz\/index.php\/2022\/04\/12\/fao-la-production-mondiale-de-ble-devrait-atteindre-784-millions-de-tonnes-en-2022\/#primaryimage"},"thumbnailUrl":"https:\/\/lasentinelle.dz\/wp-content\/uploads\/2022\/04\/ble.png","articleSection":["\u00c9conomie"],"inLanguage":"fr-FR","potentialAction":[{"@type":"CommentAction","name":"Comment","target":["https:\/\/lasentinelle.dz\/index.php\/2022\/04\/12\/fao-la-production-mondiale-de-ble-devrait-atteindre-784-millions-de-tonnes-en-2022\/#respond"]}]},{"@type":"WebPage","@id":"https:\/\/lasentinelle.dz\/index.php\/2022\/04\/12\/fao-la-production-mondiale-de-ble-devrait-atteindre-784-millions-de-tonnes-en-2022\/","url":"https:\/\/lasentinelle.dz\/index.php\/2022\/04\/12\/fao-la-production-mondiale-de-ble-devrait-atteindre-784-millions-de-tonnes-en-2022\/","name":"FAO\u00a0: La production mondiale de bl\u00e9\u00a0devrait atteindre\u00a0784 millions de tonnes en 2022 - La Sentinelle","isPartOf":{"@id":"https:\/\/lasentinelle.dz\/#website"},"primaryImageOfPage":{"@id":"https:\/\/lasentinelle.dz\/index.php\/2022\/04\/12\/fao-la-production-mondiale-de-ble-devrait-atteindre-784-millions-de-tonnes-en-2022\/#primaryimage"},"image":{"@id":"https:\/\/lasentinelle.dz\/index.php\/2022\/04\/12\/fao-la-production-mondiale-de-ble-devrait-atteindre-784-millions-de-tonnes-en-2022\/#primaryimage"},"thumbnailUrl":"https:\/\/lasentinelle.dz\/wp-content\/uploads\/2022\/04\/ble.png","datePublished":"2022-04-11T23:01:00+00:00","breadcrumb":{"@id":"https:\/\/lasentinelle.dz\/index.php\/2022\/04\/12\/fao-la-production-mondiale-de-ble-devrait-atteindre-784-millions-de-tonnes-en-2022\/#breadcrumb"},"inLanguage":"fr-FR","potentialAction":[{"@type":"ReadAction","target":["https:\/\/lasentinelle.dz\/index.php\/2022\/04\/12\/fao-la-production-mondiale-de-ble-devrait-atteindre-784-millions-de-tonnes-en-2022\/"]}]},{"@type":"ImageObject","inLanguage":"fr-FR","@id":"https:\/\/lasentinelle.dz\/index.php\/2022\/04\/12\/fao-la-production-mondiale-de-ble-devrait-atteindre-784-millions-de-tonnes-en-2022\/#primaryimage","url":"https:\/\/lasentinelle.dz\/wp-content\/uploads\/2022\/04\/ble.png","contentUrl":"https:\/\/lasentinelle.dz\/wp-content\/uploads\/2022\/04\/ble.png","width":1595,"height":900},{"@type":"BreadcrumbList","@id":"https:\/\/lasentinelle.dz\/index.php\/2022\/04\/12\/fao-la-production-mondiale-de-ble-devrait-atteindre-784-millions-de-tonnes-en-2022\/#breadcrumb","itemListElement":[{"@type":"ListItem","position":1,"name":"Accueil","item":"https:\/\/lasentinelle.dz\/"},{"@type":"ListItem","position":2,"name":"FAO\u00a0: La production mondiale de bl\u00e9\u00a0devrait atteindre\u00a0784 millions de tonnes en 2022"}]},{"@type":"WebSite","@id":"https:\/\/lasentinelle.dz\/#website","url":"https:\/\/lasentinelle.dz\/","name":"La Sentinelle","description":"Quotidien national d&#039;information","publisher":{"@id":"https:\/\/lasentinelle.dz\/#organization"},"potentialAction":[{"@type":"SearchAction","target":{"@type":"EntryPoint","urlTemplate":"https:\/\/lasentinelle.dz\/?s={search_term_string}"},"query-input":{"@type":"PropertyValueSpecification","valueRequired":true,"valueName":"search_term_string"}}],"inLanguage":"fr-FR"},{"@type":"Organization","@id":"https:\/\/lasentinelle.dz\/#organization","name":"Quotidien La Sentinelle","url":"https:\/\/lasentinelle.dz\/","logo":{"@type":"ImageObject","inLanguage":"fr-FR","@id":"https:\/\/lasentinelle.dz\/#\/schema\/logo\/image\/","url":"https:\/\/lasentinelle.dz\/wp-content\/uploads\/2021\/09\/logo-sentinelleSLOGAN-1.png","contentUrl":"https:\/\/lasentinelle.dz\/wp-content\/uploads\/2021\/09\/logo-sentinelleSLOGAN-1.png","width":615,"height":142,"caption":"Quotidien La Sentinelle"},"image":{"@id":"https:\/\/lasentinelle.dz\/#\/schema\/logo\/image\/"},"sameAs":["https:\/\/www.facebook.com\/La-Sentinelle-104059864394773"]},{"@type":"Person","@id":"https:\/\/lasentinelle.dz\/#\/schema\/person\/d865044e22e70a75174ce8bcad3acfb3","name":"La Sentinelle","image":{"@type":"ImageObject","inLanguage":"fr-FR","@id":"https:\/\/secure.gravatar.com\/avatar\/57de8e5d4b15d43fb361a71fbb36338450fe67865b528a43dd10ef7c51a20392?s=96&d=mm&r=g","url":"https:\/\/secure.gravatar.com\/avatar\/57de8e5d4b15d43fb361a71fbb36338450fe67865b528a43dd10ef7c51a20392?s=96&d=mm&r=g","contentUrl":"https:\/\/secure.gravatar.com\/avatar\/57de8e5d4b15d43fb361a71fbb36338450fe67865b528a43dd10ef7c51a20392?s=96&d=mm&r=g","caption":"La Sentinelle"},"sameAs":["http:\/\/www.lasentinelle.dz"],"url":"https:\/\/lasentinelle.dz\/author\/redaction\/"}]}},"_links":{"self":[{"href":"https:\/\/lasentinelle.dz\/index.php\/wp-json\/wp\/v2\/posts\/19696","targetHints":{"allow":["GET"]}}],"collection":[{"href":"https:\/\/lasentinelle.dz\/index.php\/wp-json\/wp\/v2\/posts"}],"about":[{"href":"https:\/\/lasentinelle.dz\/index.php\/wp-json\/wp\/v2\/types\/post"}],"author":[{"embeddable":true,"href":"https:\/\/lasentinelle.dz\/index.php\/wp-json\/wp\/v2\/users\/3"}],"replies":[{"embeddable":true,"href":"https:\/\/lasentinelle.dz\/index.php\/wp-json\/wp\/v2\/comments?post=19696"}],"version-history":[{"count":1,"href":"https:\/\/lasentinelle.dz\/index.php\/wp-json\/wp\/v2\/posts\/19696\/revisions"}],"predecessor-version":[{"id":19706,"href":"https:\/\/lasentinelle.dz\/index.php\/wp-json\/wp\/v2\/posts\/19696\/revisions\/19706"}],"wp:featuredmedia":[{"embeddable":true,"href":"https:\/\/lasentinelle.dz\/index.php\/wp-json\/wp\/v2\/media\/19711"}],"wp:attachment":[{"href":"https:\/\/lasentinelle.dz\/index.php\/wp-json\/wp\/v2\/media?parent=19696"}],"wp:term":[{"taxonomy":"category","embeddable":true,"href":"https:\/\/lasentinelle.dz\/index.php\/wp-json\/wp\/v2\/categories?post=19696"},{"taxonomy":"post_tag","embeddable":true,"href":"https:\/\/lasentinelle.dz\/index.php\/wp-json\/wp\/v2\/tags?post=19696"}],"curies":[{"name":"wp","href":"https:\/\/api.w.org\/{rel}","templated":true}]}}