{"id":19702,"date":"2022-04-12T00:01:00","date_gmt":"2022-04-11T23:01:00","guid":{"rendered":"https:\/\/lasentinelle.dz\/?p=19702"},"modified":"2022-04-11T17:42:19","modified_gmt":"2022-04-11T16:42:19","slug":"augmentation-des-marges-beneficiaires-sur-le-lait-subventionne-entre-satisfaction-et-appel-a-la-revision-des-subventions","status":"publish","type":"post","link":"https:\/\/lasentinelle.dz\/index.php\/2022\/04\/12\/augmentation-des-marges-beneficiaires-sur-le-lait-subventionne-entre-satisfaction-et-appel-a-la-revision-des-subventions\/","title":{"rendered":"Augmentation des marges b\u00e9n\u00e9ficiaires sur le lait subventionn\u00e9\u00a0: Entre satisfaction et appel \u00e0 la r\u00e9vision des subventions"},"content":{"rendered":"\n<p>La d\u00e9cision prise par le pr\u00e9sident de la&nbsp;R\u00e9publique,&nbsp;lors du&nbsp;dernier,&nbsp;conseil des ministres d\u2019augmenter la marge b\u00e9n\u00e9ficiaire des producteurs et des distributeurs de lait en sachet a \u00e9t\u00e9 ressentie comme une bouff\u00e9e d\u2019oxyg\u00e8ne par les&nbsp;professionnels du secteur&nbsp;qui souffraient justement&nbsp;de la faiblesse, voire de la disparition de leurs marges.&nbsp;<\/p>\n\n\n\n<p>Le pr\u00e9sident de la R\u00e9publique a en effet d\u00e9cid\u00e9 que l\u2019\u00c9tat prendrait en charge un dinar de plus pour les producteurs et deux dinars pour les distributeurs&nbsp;sur chaque sachet de lait subventionn\u00e9, ce qui offre une plus grande marge. Une grande satisfaction est ainsi ressentie dans les milieux qui peinent justement, ces derni\u00e8res ann\u00e9es, \u00e0 satisfaire \u00ab la demande nationale annuelle avoisinant les 5 milliards de litres&nbsp;et&nbsp;qui d\u00e9passe de loin la production \u00e9valu\u00e9e elle \u00e0 1,5 milliards de litres \u00bb,&nbsp;explique \u00e0 ce&nbsp;propos&nbsp;El-Hadj Tahar&nbsp;Boualenouar, pr\u00e9sident de l\u2019Association nationale des commer\u00e7ants et artisans alg\u00e9rien. Celui-ci a d\u2019ailleurs&nbsp;consid\u00e9r\u00e9 la d\u00e9cision du pr\u00e9sident de la&nbsp;R\u00e9publique comme \u00ab une bonne chose \u00bb.&nbsp;&nbsp;&nbsp;<\/p>\n\n\n\n<p>Aussi, ajoute notre interlocuteur, \u00ab cette augmentation de la marge b\u00e9n\u00e9ficiaire des distributeurs et des producteurs de lait en sachet va sans nul doute permettre \u00e0 cette corporation d\u2019augmenter leur production actuellement faible par rapport \u00e0 la demande nationale qui avoisine les 5 milliards de litres \u00bb. Pour M. Boualenouar, \u00ab cette d\u00e9cision est tr\u00e8s positive \u00e9tant donn\u00e9 qu\u2019elle va booster la production en encourageant les producteurs et les distributeurs \u00e0 investir dans le lait en sachet mais la solution d\u00e9finitive r\u00e9side dans la r\u00e9vision de fond en comble de la politique nationale des subventions \u00bb.&nbsp;&nbsp;<\/p>\n\n\n\n<p>En effet, la mani\u00e8re de distribuer ces subventions entrave grandement la production de lait en sachet outre la petite marge offerte aux producteurs et distributeurs qui rechignent de plus en plus \u00e0 investir dans ce produit \u00e0 grandes pertes, estiment-ils d\u2019ailleurs \u00e0 chaque occasion. Certains distributeurs refusent carr\u00e9ment d\u2019investir dans le lait en sachet car, consid\u00e8rent-ils, les pertes sont grandes rendant ainsi le b\u00e9n\u00e9ficie nul. Ces derni\u00e8res semaines, un grand nombre de distributeurs \u00e9voquent avec insistance l\u2019autre inconv\u00e9nient relatif au refus des producteurs de rembourser les sachets d\u00e9fectueux.<\/p>\n\n\n\n<p>Par ailleurs, notons que la m\u00eame probl\u00e9matique est pos\u00e9e au niveau des points de vente qui se plaignent de ces pertes. Ces derniers ne sont d\u2019ailleurs pas assez nombreux pour assurer une distribution r\u00e9guli\u00e8re et sans tension. Ce qui engendre des pressions se caract\u00e9risant par des&nbsp;queues&nbsp;interminables devant ces commerces sp\u00e9cialis\u00e9s. Dans certaines villes du pays, les cha\u00eenes sont constat\u00e9es m\u00eame devant les usines de production de lait en ces jours du mois de Ramadhan. Un ph\u00e9nom\u00e8ne qui pourrait ainsi dispara\u00eetre avec la mise en application de cette d\u00e9cision du pr\u00e9sident de la r\u00e9publique d\u2019augmenter la marge b\u00e9n\u00e9ficiaire des producteurs et des distributeurs. Une demande port\u00e9e depuis longtemps par cette cat\u00e9gorie mais qui est rest\u00e9e lettre morte, jusqu\u2019\u00e0 avant-hier dimanche.&nbsp;<\/p>\n\n\n\n<p>Kamel Nait Ameur<\/p>\n","protected":false},"excerpt":{"rendered":"<p>La d\u00e9cision prise par le pr\u00e9sident de la&nbsp;R\u00e9publique,&nbsp;lors du&nbsp;dernier,&nbsp;conseil des ministres d\u2019augmenter la marge b\u00e9n\u00e9ficiaire des producteurs et des distributeurs<\/p>\n","protected":false},"author":3,"featured_media":19703,"comment_status":"open","ping_status":"closed","sticky":false,"template":"","format":"standard","meta":{"colormag_page_container_layout":"default_layout","colormag_page_sidebar_layout":"default_layout","om_disable_all_campaigns":false,"_monsterinsights_skip_tracking":false,"_monsterinsights_sitenote_active":false,"_monsterinsights_sitenote_note":"","_monsterinsights_sitenote_category":0,"footnotes":"","_wpscppro_dont_share_socialmedia":false,"_wpscppro_custom_social_share_image":0,"_facebook_share_type":"","_twitter_share_type":"","_linkedin_share_type":"","_pinterest_share_type":"","_linkedin_share_type_page":"","_instagram_share_type":"","_medium_share_type":"","_threads_share_type":"","_google_business_share_type":"","_selected_social_profile":[],"_wpsp_enable_custom_social_template":false,"_wpsp_social_scheduling":{"enabled":false,"datetime":null,"platforms":[],"status":"template_only","dateOption":"today","timeOption":"now","customDays":"","customHours":"","customDate":"","customTime":"","schedulingType":"absolute"},"_wpsp_active_default_template":true},"categories":[29],"tags":[],"class_list":["post-19702","post","type-post","status-publish","format-standard","has-post-thumbnail","hentry","category-economie"],"aioseo_notices":[],"yoast_head":"<!-- This site is optimized with the Yoast SEO plugin v27.4 - https:\/\/yoast.com\/product\/yoast-seo-wordpress\/ -->\n<title>Augmentation des marges b\u00e9n\u00e9ficiaires sur le lait subventionn\u00e9\u00a0: Entre satisfaction et appel \u00e0 la r\u00e9vision des subventions - La Sentinelle<\/title>\n<meta name=\"robots\" content=\"index, follow, max-snippet:-1, max-image-preview:large, max-video-preview:-1\" \/>\n<link rel=\"canonical\" href=\"https:\/\/lasentinelle.dz\/index.php\/2022\/04\/12\/augmentation-des-marges-beneficiaires-sur-le-lait-subventionne-entre-satisfaction-et-appel-a-la-revision-des-subventions\/\" \/>\n<meta property=\"og:locale\" content=\"fr_FR\" \/>\n<meta property=\"og:type\" content=\"article\" \/>\n<meta property=\"og:title\" content=\"Augmentation des marges b\u00e9n\u00e9ficiaires sur le lait subventionn\u00e9\u00a0: Entre satisfaction et appel \u00e0 la r\u00e9vision des subventions - La Sentinelle\" \/>\n<meta property=\"og:description\" content=\"La d\u00e9cision prise par le pr\u00e9sident de la&nbsp;R\u00e9publique,&nbsp;lors du&nbsp;dernier,&nbsp;conseil des ministres d\u2019augmenter la marge b\u00e9n\u00e9ficiaire des producteurs et des distributeurs\" \/>\n<meta property=\"og:url\" content=\"https:\/\/lasentinelle.dz\/index.php\/2022\/04\/12\/augmentation-des-marges-beneficiaires-sur-le-lait-subventionne-entre-satisfaction-et-appel-a-la-revision-des-subventions\/\" \/>\n<meta property=\"og:site_name\" content=\"La Sentinelle\" \/>\n<meta property=\"article:publisher\" content=\"https:\/\/www.facebook.com\/La-Sentinelle-104059864394773\" \/>\n<meta property=\"article:published_time\" content=\"2022-04-11T23:01:00+00:00\" \/>\n<meta property=\"og:image\" content=\"https:\/\/lasentinelle.dz\/wp-content\/uploads\/2022\/04\/lait-1.png\" \/>\n\t<meta property=\"og:image:width\" content=\"1491\" \/>\n\t<meta property=\"og:image:height\" content=\"900\" \/>\n\t<meta property=\"og:image:type\" content=\"image\/png\" \/>\n<meta name=\"author\" content=\"La Sentinelle\" \/>\n<meta name=\"twitter:card\" content=\"summary_large_image\" \/>\n<meta name=\"twitter:label1\" content=\"\u00c9crit par\" \/>\n\t<meta name=\"twitter:data1\" content=\"La Sentinelle\" \/>\n\t<meta name=\"twitter:label2\" content=\"Dur\u00e9e de lecture estim\u00e9e\" \/>\n\t<meta name=\"twitter:data2\" content=\"3 minutes\" \/>\n<script type=\"application\/ld+json\" class=\"yoast-schema-graph\">{\"@context\":\"https:\\\/\\\/schema.org\",\"@graph\":[{\"@type\":\"Article\",\"@id\":\"https:\\\/\\\/lasentinelle.dz\\\/index.php\\\/2022\\\/04\\\/12\\\/augmentation-des-marges-beneficiaires-sur-le-lait-subventionne-entre-satisfaction-et-appel-a-la-revision-des-subventions\\\/#article\",\"isPartOf\":{\"@id\":\"https:\\\/\\\/lasentinelle.dz\\\/index.php\\\/2022\\\/04\\\/12\\\/augmentation-des-marges-beneficiaires-sur-le-lait-subventionne-entre-satisfaction-et-appel-a-la-revision-des-subventions\\\/\"},\"author\":{\"name\":\"La Sentinelle\",\"@id\":\"https:\\\/\\\/lasentinelle.dz\\\/#\\\/schema\\\/person\\\/d865044e22e70a75174ce8bcad3acfb3\"},\"headline\":\"Augmentation des marges b\u00e9n\u00e9ficiaires sur le lait subventionn\u00e9\u00a0: Entre satisfaction et appel \u00e0 la r\u00e9vision des subventions\",\"datePublished\":\"2022-04-11T23:01:00+00:00\",\"mainEntityOfPage\":{\"@id\":\"https:\\\/\\\/lasentinelle.dz\\\/index.php\\\/2022\\\/04\\\/12\\\/augmentation-des-marges-beneficiaires-sur-le-lait-subventionne-entre-satisfaction-et-appel-a-la-revision-des-subventions\\\/\"},\"wordCount\":571,\"commentCount\":0,\"publisher\":{\"@id\":\"https:\\\/\\\/lasentinelle.dz\\\/#organization\"},\"image\":{\"@id\":\"https:\\\/\\\/lasentinelle.dz\\\/index.php\\\/2022\\\/04\\\/12\\\/augmentation-des-marges-beneficiaires-sur-le-lait-subventionne-entre-satisfaction-et-appel-a-la-revision-des-subventions\\\/#primaryimage\"},\"thumbnailUrl\":\"https:\\\/\\\/lasentinelle.dz\\\/wp-content\\\/uploads\\\/2022\\\/04\\\/lait-1.png\",\"articleSection\":[\"\u00c9conomie\"],\"inLanguage\":\"fr-FR\",\"potentialAction\":[{\"@type\":\"CommentAction\",\"name\":\"Comment\",\"target\":[\"https:\\\/\\\/lasentinelle.dz\\\/index.php\\\/2022\\\/04\\\/12\\\/augmentation-des-marges-beneficiaires-sur-le-lait-subventionne-entre-satisfaction-et-appel-a-la-revision-des-subventions\\\/#respond\"]}]},{\"@type\":\"WebPage\",\"@id\":\"https:\\\/\\\/lasentinelle.dz\\\/index.php\\\/2022\\\/04\\\/12\\\/augmentation-des-marges-beneficiaires-sur-le-lait-subventionne-entre-satisfaction-et-appel-a-la-revision-des-subventions\\\/\",\"url\":\"https:\\\/\\\/lasentinelle.dz\\\/index.php\\\/2022\\\/04\\\/12\\\/augmentation-des-marges-beneficiaires-sur-le-lait-subventionne-entre-satisfaction-et-appel-a-la-revision-des-subventions\\\/\",\"name\":\"Augmentation des marges b\u00e9n\u00e9ficiaires sur le lait subventionn\u00e9\u00a0: Entre satisfaction et appel \u00e0 la r\u00e9vision des subventions - La Sentinelle\",\"isPartOf\":{\"@id\":\"https:\\\/\\\/lasentinelle.dz\\\/#website\"},\"primaryImageOfPage\":{\"@id\":\"https:\\\/\\\/lasentinelle.dz\\\/index.php\\\/2022\\\/04\\\/12\\\/augmentation-des-marges-beneficiaires-sur-le-lait-subventionne-entre-satisfaction-et-appel-a-la-revision-des-subventions\\\/#primaryimage\"},\"image\":{\"@id\":\"https:\\\/\\\/lasentinelle.dz\\\/index.php\\\/2022\\\/04\\\/12\\\/augmentation-des-marges-beneficiaires-sur-le-lait-subventionne-entre-satisfaction-et-appel-a-la-revision-des-subventions\\\/#primaryimage\"},\"thumbnailUrl\":\"https:\\\/\\\/lasentinelle.dz\\\/wp-content\\\/uploads\\\/2022\\\/04\\\/lait-1.png\",\"datePublished\":\"2022-04-11T23:01:00+00:00\",\"breadcrumb\":{\"@id\":\"https:\\\/\\\/lasentinelle.dz\\\/index.php\\\/2022\\\/04\\\/12\\\/augmentation-des-marges-beneficiaires-sur-le-lait-subventionne-entre-satisfaction-et-appel-a-la-revision-des-subventions\\\/#breadcrumb\"},\"inLanguage\":\"fr-FR\",\"potentialAction\":[{\"@type\":\"ReadAction\",\"target\":[\"https:\\\/\\\/lasentinelle.dz\\\/index.php\\\/2022\\\/04\\\/12\\\/augmentation-des-marges-beneficiaires-sur-le-lait-subventionne-entre-satisfaction-et-appel-a-la-revision-des-subventions\\\/\"]}]},{\"@type\":\"ImageObject\",\"inLanguage\":\"fr-FR\",\"@id\":\"https:\\\/\\\/lasentinelle.dz\\\/index.php\\\/2022\\\/04\\\/12\\\/augmentation-des-marges-beneficiaires-sur-le-lait-subventionne-entre-satisfaction-et-appel-a-la-revision-des-subventions\\\/#primaryimage\",\"url\":\"https:\\\/\\\/lasentinelle.dz\\\/wp-content\\\/uploads\\\/2022\\\/04\\\/lait-1.png\",\"contentUrl\":\"https:\\\/\\\/lasentinelle.dz\\\/wp-content\\\/uploads\\\/2022\\\/04\\\/lait-1.png\",\"width\":1491,\"height\":900},{\"@type\":\"BreadcrumbList\",\"@id\":\"https:\\\/\\\/lasentinelle.dz\\\/index.php\\\/2022\\\/04\\\/12\\\/augmentation-des-marges-beneficiaires-sur-le-lait-subventionne-entre-satisfaction-et-appel-a-la-revision-des-subventions\\\/#breadcrumb\",\"itemListElement\":[{\"@type\":\"ListItem\",\"position\":1,\"name\":\"Accueil\",\"item\":\"https:\\\/\\\/lasentinelle.dz\\\/\"},{\"@type\":\"ListItem\",\"position\":2,\"name\":\"Augmentation des marges b\u00e9n\u00e9ficiaires sur le lait subventionn\u00e9\u00a0: Entre satisfaction et appel \u00e0 la r\u00e9vision des subventions\"}]},{\"@type\":\"WebSite\",\"@id\":\"https:\\\/\\\/lasentinelle.dz\\\/#website\",\"url\":\"https:\\\/\\\/lasentinelle.dz\\\/\",\"name\":\"La Sentinelle\",\"description\":\"Quotidien national d&#039;information\",\"publisher\":{\"@id\":\"https:\\\/\\\/lasentinelle.dz\\\/#organization\"},\"potentialAction\":[{\"@type\":\"SearchAction\",\"target\":{\"@type\":\"EntryPoint\",\"urlTemplate\":\"https:\\\/\\\/lasentinelle.dz\\\/?s={search_term_string}\"},\"query-input\":{\"@type\":\"PropertyValueSpecification\",\"valueRequired\":true,\"valueName\":\"search_term_string\"}}],\"inLanguage\":\"fr-FR\"},{\"@type\":\"Organization\",\"@id\":\"https:\\\/\\\/lasentinelle.dz\\\/#organization\",\"name\":\"Quotidien La Sentinelle\",\"url\":\"https:\\\/\\\/lasentinelle.dz\\\/\",\"logo\":{\"@type\":\"ImageObject\",\"inLanguage\":\"fr-FR\",\"@id\":\"https:\\\/\\\/lasentinelle.dz\\\/#\\\/schema\\\/logo\\\/image\\\/\",\"url\":\"https:\\\/\\\/lasentinelle.dz\\\/wp-content\\\/uploads\\\/2021\\\/09\\\/logo-sentinelleSLOGAN-1.png\",\"contentUrl\":\"https:\\\/\\\/lasentinelle.dz\\\/wp-content\\\/uploads\\\/2021\\\/09\\\/logo-sentinelleSLOGAN-1.png\",\"width\":615,\"height\":142,\"caption\":\"Quotidien La Sentinelle\"},\"image\":{\"@id\":\"https:\\\/\\\/lasentinelle.dz\\\/#\\\/schema\\\/logo\\\/image\\\/\"},\"sameAs\":[\"https:\\\/\\\/www.facebook.com\\\/La-Sentinelle-104059864394773\"]},{\"@type\":\"Person\",\"@id\":\"https:\\\/\\\/lasentinelle.dz\\\/#\\\/schema\\\/person\\\/d865044e22e70a75174ce8bcad3acfb3\",\"name\":\"La Sentinelle\",\"image\":{\"@type\":\"ImageObject\",\"inLanguage\":\"fr-FR\",\"@id\":\"https:\\\/\\\/secure.gravatar.com\\\/avatar\\\/57de8e5d4b15d43fb361a71fbb36338450fe67865b528a43dd10ef7c51a20392?s=96&d=mm&r=g\",\"url\":\"https:\\\/\\\/secure.gravatar.com\\\/avatar\\\/57de8e5d4b15d43fb361a71fbb36338450fe67865b528a43dd10ef7c51a20392?s=96&d=mm&r=g\",\"contentUrl\":\"https:\\\/\\\/secure.gravatar.com\\\/avatar\\\/57de8e5d4b15d43fb361a71fbb36338450fe67865b528a43dd10ef7c51a20392?s=96&d=mm&r=g\",\"caption\":\"La Sentinelle\"},\"sameAs\":[\"http:\\\/\\\/www.lasentinelle.dz\"],\"url\":\"https:\\\/\\\/lasentinelle.dz\\\/author\\\/redaction\\\/\"}]}<\/script>\n<!-- \/ Yoast SEO plugin. -->","yoast_head_json":{"title":"Augmentation des marges b\u00e9n\u00e9ficiaires sur le lait subventionn\u00e9\u00a0: Entre satisfaction et appel \u00e0 la r\u00e9vision des subventions - La Sentinelle","robots":{"index":"index","follow":"follow","max-snippet":"max-snippet:-1","max-image-preview":"max-image-preview:large","max-video-preview":"max-video-preview:-1"},"canonical":"https:\/\/lasentinelle.dz\/index.php\/2022\/04\/12\/augmentation-des-marges-beneficiaires-sur-le-lait-subventionne-entre-satisfaction-et-appel-a-la-revision-des-subventions\/","og_locale":"fr_FR","og_type":"article","og_title":"Augmentation des marges b\u00e9n\u00e9ficiaires sur le lait subventionn\u00e9\u00a0: Entre satisfaction et appel \u00e0 la r\u00e9vision des subventions - La Sentinelle","og_description":"La d\u00e9cision prise par le pr\u00e9sident de la&nbsp;R\u00e9publique,&nbsp;lors du&nbsp;dernier,&nbsp;conseil des ministres d\u2019augmenter la marge b\u00e9n\u00e9ficiaire des producteurs et des distributeurs","og_url":"https:\/\/lasentinelle.dz\/index.php\/2022\/04\/12\/augmentation-des-marges-beneficiaires-sur-le-lait-subventionne-entre-satisfaction-et-appel-a-la-revision-des-subventions\/","og_site_name":"La Sentinelle","article_publisher":"https:\/\/www.facebook.com\/La-Sentinelle-104059864394773","article_published_time":"2022-04-11T23:01:00+00:00","og_image":[{"width":1491,"height":900,"url":"https:\/\/lasentinelle.dz\/wp-content\/uploads\/2022\/04\/lait-1.png","type":"image\/png"}],"author":"La Sentinelle","twitter_card":"summary_large_image","twitter_misc":{"\u00c9crit par":"La Sentinelle","Dur\u00e9e de lecture estim\u00e9e":"3 minutes"},"schema":{"@context":"https:\/\/schema.org","@graph":[{"@type":"Article","@id":"https:\/\/lasentinelle.dz\/index.php\/2022\/04\/12\/augmentation-des-marges-beneficiaires-sur-le-lait-subventionne-entre-satisfaction-et-appel-a-la-revision-des-subventions\/#article","isPartOf":{"@id":"https:\/\/lasentinelle.dz\/index.php\/2022\/04\/12\/augmentation-des-marges-beneficiaires-sur-le-lait-subventionne-entre-satisfaction-et-appel-a-la-revision-des-subventions\/"},"author":{"name":"La Sentinelle","@id":"https:\/\/lasentinelle.dz\/#\/schema\/person\/d865044e22e70a75174ce8bcad3acfb3"},"headline":"Augmentation des marges b\u00e9n\u00e9ficiaires sur le lait subventionn\u00e9\u00a0: Entre satisfaction et appel \u00e0 la r\u00e9vision des subventions","datePublished":"2022-04-11T23:01:00+00:00","mainEntityOfPage":{"@id":"https:\/\/lasentinelle.dz\/index.php\/2022\/04\/12\/augmentation-des-marges-beneficiaires-sur-le-lait-subventionne-entre-satisfaction-et-appel-a-la-revision-des-subventions\/"},"wordCount":571,"commentCount":0,"publisher":{"@id":"https:\/\/lasentinelle.dz\/#organization"},"image":{"@id":"https:\/\/lasentinelle.dz\/index.php\/2022\/04\/12\/augmentation-des-marges-beneficiaires-sur-le-lait-subventionne-entre-satisfaction-et-appel-a-la-revision-des-subventions\/#primaryimage"},"thumbnailUrl":"https:\/\/lasentinelle.dz\/wp-content\/uploads\/2022\/04\/lait-1.png","articleSection":["\u00c9conomie"],"inLanguage":"fr-FR","potentialAction":[{"@type":"CommentAction","name":"Comment","target":["https:\/\/lasentinelle.dz\/index.php\/2022\/04\/12\/augmentation-des-marges-beneficiaires-sur-le-lait-subventionne-entre-satisfaction-et-appel-a-la-revision-des-subventions\/#respond"]}]},{"@type":"WebPage","@id":"https:\/\/lasentinelle.dz\/index.php\/2022\/04\/12\/augmentation-des-marges-beneficiaires-sur-le-lait-subventionne-entre-satisfaction-et-appel-a-la-revision-des-subventions\/","url":"https:\/\/lasentinelle.dz\/index.php\/2022\/04\/12\/augmentation-des-marges-beneficiaires-sur-le-lait-subventionne-entre-satisfaction-et-appel-a-la-revision-des-subventions\/","name":"Augmentation des marges b\u00e9n\u00e9ficiaires sur le lait subventionn\u00e9\u00a0: Entre satisfaction et appel \u00e0 la r\u00e9vision des subventions - La Sentinelle","isPartOf":{"@id":"https:\/\/lasentinelle.dz\/#website"},"primaryImageOfPage":{"@id":"https:\/\/lasentinelle.dz\/index.php\/2022\/04\/12\/augmentation-des-marges-beneficiaires-sur-le-lait-subventionne-entre-satisfaction-et-appel-a-la-revision-des-subventions\/#primaryimage"},"image":{"@id":"https:\/\/lasentinelle.dz\/index.php\/2022\/04\/12\/augmentation-des-marges-beneficiaires-sur-le-lait-subventionne-entre-satisfaction-et-appel-a-la-revision-des-subventions\/#primaryimage"},"thumbnailUrl":"https:\/\/lasentinelle.dz\/wp-content\/uploads\/2022\/04\/lait-1.png","datePublished":"2022-04-11T23:01:00+00:00","breadcrumb":{"@id":"https:\/\/lasentinelle.dz\/index.php\/2022\/04\/12\/augmentation-des-marges-beneficiaires-sur-le-lait-subventionne-entre-satisfaction-et-appel-a-la-revision-des-subventions\/#breadcrumb"},"inLanguage":"fr-FR","potentialAction":[{"@type":"ReadAction","target":["https:\/\/lasentinelle.dz\/index.php\/2022\/04\/12\/augmentation-des-marges-beneficiaires-sur-le-lait-subventionne-entre-satisfaction-et-appel-a-la-revision-des-subventions\/"]}]},{"@type":"ImageObject","inLanguage":"fr-FR","@id":"https:\/\/lasentinelle.dz\/index.php\/2022\/04\/12\/augmentation-des-marges-beneficiaires-sur-le-lait-subventionne-entre-satisfaction-et-appel-a-la-revision-des-subventions\/#primaryimage","url":"https:\/\/lasentinelle.dz\/wp-content\/uploads\/2022\/04\/lait-1.png","contentUrl":"https:\/\/lasentinelle.dz\/wp-content\/uploads\/2022\/04\/lait-1.png","width":1491,"height":900},{"@type":"BreadcrumbList","@id":"https:\/\/lasentinelle.dz\/index.php\/2022\/04\/12\/augmentation-des-marges-beneficiaires-sur-le-lait-subventionne-entre-satisfaction-et-appel-a-la-revision-des-subventions\/#breadcrumb","itemListElement":[{"@type":"ListItem","position":1,"name":"Accueil","item":"https:\/\/lasentinelle.dz\/"},{"@type":"ListItem","position":2,"name":"Augmentation des marges b\u00e9n\u00e9ficiaires sur le lait subventionn\u00e9\u00a0: Entre satisfaction et appel \u00e0 la r\u00e9vision des subventions"}]},{"@type":"WebSite","@id":"https:\/\/lasentinelle.dz\/#website","url":"https:\/\/lasentinelle.dz\/","name":"La Sentinelle","description":"Quotidien national d&#039;information","publisher":{"@id":"https:\/\/lasentinelle.dz\/#organization"},"potentialAction":[{"@type":"SearchAction","target":{"@type":"EntryPoint","urlTemplate":"https:\/\/lasentinelle.dz\/?s={search_term_string}"},"query-input":{"@type":"PropertyValueSpecification","valueRequired":true,"valueName":"search_term_string"}}],"inLanguage":"fr-FR"},{"@type":"Organization","@id":"https:\/\/lasentinelle.dz\/#organization","name":"Quotidien La Sentinelle","url":"https:\/\/lasentinelle.dz\/","logo":{"@type":"ImageObject","inLanguage":"fr-FR","@id":"https:\/\/lasentinelle.dz\/#\/schema\/logo\/image\/","url":"https:\/\/lasentinelle.dz\/wp-content\/uploads\/2021\/09\/logo-sentinelleSLOGAN-1.png","contentUrl":"https:\/\/lasentinelle.dz\/wp-content\/uploads\/2021\/09\/logo-sentinelleSLOGAN-1.png","width":615,"height":142,"caption":"Quotidien La Sentinelle"},"image":{"@id":"https:\/\/lasentinelle.dz\/#\/schema\/logo\/image\/"},"sameAs":["https:\/\/www.facebook.com\/La-Sentinelle-104059864394773"]},{"@type":"Person","@id":"https:\/\/lasentinelle.dz\/#\/schema\/person\/d865044e22e70a75174ce8bcad3acfb3","name":"La Sentinelle","image":{"@type":"ImageObject","inLanguage":"fr-FR","@id":"https:\/\/secure.gravatar.com\/avatar\/57de8e5d4b15d43fb361a71fbb36338450fe67865b528a43dd10ef7c51a20392?s=96&d=mm&r=g","url":"https:\/\/secure.gravatar.com\/avatar\/57de8e5d4b15d43fb361a71fbb36338450fe67865b528a43dd10ef7c51a20392?s=96&d=mm&r=g","contentUrl":"https:\/\/secure.gravatar.com\/avatar\/57de8e5d4b15d43fb361a71fbb36338450fe67865b528a43dd10ef7c51a20392?s=96&d=mm&r=g","caption":"La Sentinelle"},"sameAs":["http:\/\/www.lasentinelle.dz"],"url":"https:\/\/lasentinelle.dz\/author\/redaction\/"}]}},"_links":{"self":[{"href":"https:\/\/lasentinelle.dz\/index.php\/wp-json\/wp\/v2\/posts\/19702","targetHints":{"allow":["GET"]}}],"collection":[{"href":"https:\/\/lasentinelle.dz\/index.php\/wp-json\/wp\/v2\/posts"}],"about":[{"href":"https:\/\/lasentinelle.dz\/index.php\/wp-json\/wp\/v2\/types\/post"}],"author":[{"embeddable":true,"href":"https:\/\/lasentinelle.dz\/index.php\/wp-json\/wp\/v2\/users\/3"}],"replies":[{"embeddable":true,"href":"https:\/\/lasentinelle.dz\/index.php\/wp-json\/wp\/v2\/comments?post=19702"}],"version-history":[{"count":1,"href":"https:\/\/lasentinelle.dz\/index.php\/wp-json\/wp\/v2\/posts\/19702\/revisions"}],"predecessor-version":[{"id":19705,"href":"https:\/\/lasentinelle.dz\/index.php\/wp-json\/wp\/v2\/posts\/19702\/revisions\/19705"}],"wp:featuredmedia":[{"embeddable":true,"href":"https:\/\/lasentinelle.dz\/index.php\/wp-json\/wp\/v2\/media\/19703"}],"wp:attachment":[{"href":"https:\/\/lasentinelle.dz\/index.php\/wp-json\/wp\/v2\/media?parent=19702"}],"wp:term":[{"taxonomy":"category","embeddable":true,"href":"https:\/\/lasentinelle.dz\/index.php\/wp-json\/wp\/v2\/categories?post=19702"},{"taxonomy":"post_tag","embeddable":true,"href":"https:\/\/lasentinelle.dz\/index.php\/wp-json\/wp\/v2\/tags?post=19702"}],"curies":[{"name":"wp","href":"https:\/\/api.w.org\/{rel}","templated":true}]}}