{"id":19722,"date":"2022-04-12T00:01:00","date_gmt":"2022-04-11T23:01:00","guid":{"rendered":"https:\/\/lasentinelle.dz\/?p=19722"},"modified":"2022-04-11T21:47:18","modified_gmt":"2022-04-11T20:47:18","slug":"abdelaziz-medjahed-dg-de-linesg-la-position-de-sanchez-na-plus-aucun-sens","status":"publish","type":"post","link":"https:\/\/lasentinelle.dz\/index.php\/2022\/04\/12\/abdelaziz-medjahed-dg-de-linesg-la-position-de-sanchez-na-plus-aucun-sens\/","title":{"rendered":"Abdelaziz Medjahed, DG de l\u2019Inesg\u00a0: \u00ab\u00a0La position de Sanchez n\u2019a plus aucun sens\u00a0\u00bb"},"content":{"rendered":"\n<p>Intervenant \u00e0 travers les ondes de la radio Internationale, le\u00a0Directeur g\u00e9n\u00e9ral de l&rsquo;Institut national d&rsquo;\u00e9tudes strat\u00e9giques globales, Abdelaziz Medjahed a \u00e9voqu\u00e9 plusieurs dossiers internationaux dont notamment la crise ukrainienne\u00a0et la question sahraouie. Il a\u00a0salu\u00e9, dans ce sens,\u00a0la victoire remport\u00e9e par la cause sahraouie\u00a0apr\u00e8s que le Parlement espagnol ait clairement\u00a0rejet\u00e9\u00a0le revirement du gouvernement\u00a0Sanchez, la qualifiant de trahison. \u00bb. Interrog\u00e9 sur la position espagnole sur la question du Sahara Occidental, l\u2019invit\u00e9 de la radio internationale a d\u00e9clar\u00e9 que \u00able vote du Parlement espagnol contre la position de Sanchez est une grande victoire pour la cause sahraouie\u00bb, soulignant que \u00abla position de Sanchez est d\u00e9sormais d\u00e9nu\u00e9e de tout sens\u00bb. Abdelaziz Medjahed a point\u00e9 du doigt les\u00a0\u00a0\u00c9tats-Unis\u00a0\u00a0les accusant \u00abd\u2019exercer de pression sur l&rsquo;Espagne dans le but de contr\u00f4ler le d\u00e9troit de Gibraltar via le syst\u00e8me Makhzen, ce qui, selon lui, explique \u00abla position controvers\u00e9e de Sanchez\u00bb.<\/p>\n\n\n\n<p>\u00c9voquant les \u00e9volutions sur le plan g\u00e9opolitique \u00e0 la lumi\u00e8re du conflit en Ukraine, le Directeur de l\u2019Inesg n\u2019a pas manqu\u00e9 de souligner le r\u00f4le de&nbsp;\u00abl&rsquo;Alg\u00e9rie&nbsp;qui&nbsp;dirige le groupe de contact de la Ligue arabe pour la&nbsp;m\u00e9diation entre Kiev et Moscou \u00bb.&nbsp;Il rappellera \u00e9galement que&nbsp;\u00abl\u2019Alg\u00e9rie&nbsp;qui&nbsp;accueillera le&nbsp;prochain Sommet arabe,&nbsp;entretient&nbsp;de ses bonnes relations avec&nbsp;l&rsquo;Ukraine et la Russie,&nbsp;et peut&nbsp;se pr\u00e9senter comme un m\u00e9diateur cr\u00e9dible\u00bb. Evoquant les chances d\u2019aboutissement de cette m\u00e9diation, l\u2019invit\u00e9 de la radio internationale a d\u00e9clar\u00e9 que \u00ables efforts alg\u00e9riens et turcs ne peuvent \u00eatre s\u00e9par\u00e9s l&rsquo;un de l&rsquo;autre\u00bb, soulignant que \u00ab l&rsquo;axe du monde islamique constitue l&rsquo;une des cinq civilisations qui, selon Arnold Toynbee, reviendront fortement dans les d\u00e9cennies \u00e0 venir\u00bb.&nbsp;Le m\u00eame responsable&nbsp;a ajout\u00e9 que \u00abla crise ukrainienne n\u2019est pas le r\u00e9sultat&nbsp;d\u2019un contexte imm\u00e9diat, mais plut\u00f4t&nbsp;d\u2019une crise&nbsp;latente depuis plusieurs ann\u00e9es&nbsp;\u00bb, soulignant qu&rsquo;\u00aben se r\u00e9f\u00e9rant \u00e0 la g\u00e9opolitique, on constate que la r\u00e9gion est d\u00e9crite comme le c\u0153ur de la terre, c&rsquo;est-\u00e0-dire (l&rsquo;Europe de l&rsquo;Est et la Russie)\u00bb. \u00abEt celui qui la contr\u00f4le, contr\u00f4le le monde\u00bb, a-t-il dit, ajoutant que \u00abla Russie n&rsquo;a pas provoqu\u00e9 la crise&nbsp;\u00bb, et il a port\u00e9, dans ce contexte, l&rsquo;OTAN en tant que responsable&nbsp;de la crise. Il rappelle ainsi les interrogations quant aux raisons du maintien de l\u2019Alliance atlantique et sa non dissolution apr\u00e8s la disparition du Pacte de Varsovie. Il estime ainsi l\u00e9gitimes les soup\u00e7ons quant aux objectifs de l\u2019\u00e9largissement de l\u2019OTAN&nbsp;vers l&rsquo;Est. Un \u00e9largissement qui a \u00e9t\u00e9 la premi\u00e8re cause&nbsp;la crise ukrainienne, explique-t-il. Abdelaziz Medjahed a ajout\u00e9 que \u00abl&rsquo;ordre mondial actuel a \u00e9t\u00e9 \u00e9tabli en l&rsquo;absence de 143 pays, ce qui appelle \u00e0 la formation d&rsquo;un nouvel ordre mondial, et a rappel\u00e9 \u00abla position de l&rsquo;ancien pr\u00e9sident alg\u00e9rien Houari Boumediene aux Nations Unies en 1974, qui a d\u00e9crit l&rsquo;ordre mondial comme un syst\u00e8me injuste. Un propos&nbsp;confirm\u00e9 aujourd&rsquo;hui par Moscou et&nbsp;P\u00e9kin.<\/p>\n\n\n\n<p><strong>Amar Malki<\/strong><\/p>\n","protected":false},"excerpt":{"rendered":"<p>Intervenant \u00e0 travers les ondes de la radio Internationale, le\u00a0Directeur g\u00e9n\u00e9ral de l&rsquo;Institut national d&rsquo;\u00e9tudes strat\u00e9giques globales, Abdelaziz Medjahed a<\/p>\n","protected":false},"author":3,"featured_media":19724,"comment_status":"open","ping_status":"closed","sticky":false,"template":"","format":"standard","meta":{"colormag_page_container_layout":"default_layout","colormag_page_sidebar_layout":"default_layout","om_disable_all_campaigns":false,"_monsterinsights_skip_tracking":false,"_monsterinsights_sitenote_active":false,"_monsterinsights_sitenote_note":"","_monsterinsights_sitenote_category":0,"footnotes":"","_wpscppro_dont_share_socialmedia":false,"_wpscppro_custom_social_share_image":0,"_facebook_share_type":"","_twitter_share_type":"","_linkedin_share_type":"","_pinterest_share_type":"","_linkedin_share_type_page":"","_instagram_share_type":"","_medium_share_type":"","_threads_share_type":"","_google_business_share_type":"","_selected_social_profile":[],"_wpsp_enable_custom_social_template":false,"_wpsp_social_scheduling":{"enabled":false,"datetime":null,"platforms":[],"status":"template_only","dateOption":"today","timeOption":"now","customDays":"","customHours":"","customDate":"","customTime":"","schedulingType":"absolute"},"_wpsp_active_default_template":true},"categories":[27],"tags":[],"class_list":["post-19722","post","type-post","status-publish","format-standard","has-post-thumbnail","hentry","category-actualite"],"aioseo_notices":[],"yoast_head":"<!-- This site is optimized with the Yoast SEO plugin v27.5 - https:\/\/yoast.com\/product\/yoast-seo-wordpress\/ -->\n<title>Abdelaziz Medjahed, DG de l\u2019Inesg\u00a0: \u00ab\u00a0La position de Sanchez n\u2019a plus aucun sens\u00a0\u00bb - La Sentinelle<\/title>\n<meta name=\"robots\" content=\"index, follow, max-snippet:-1, max-image-preview:large, max-video-preview:-1\" \/>\n<link rel=\"canonical\" href=\"https:\/\/lasentinelle.dz\/index.php\/2022\/04\/12\/abdelaziz-medjahed-dg-de-linesg-la-position-de-sanchez-na-plus-aucun-sens\/\" \/>\n<meta property=\"og:locale\" content=\"fr_FR\" \/>\n<meta property=\"og:type\" content=\"article\" \/>\n<meta property=\"og:title\" content=\"Abdelaziz Medjahed, DG de l\u2019Inesg\u00a0: \u00ab\u00a0La position de Sanchez n\u2019a plus aucun sens\u00a0\u00bb - La Sentinelle\" \/>\n<meta property=\"og:description\" content=\"Intervenant \u00e0 travers les ondes de la radio Internationale, le\u00a0Directeur g\u00e9n\u00e9ral de l&rsquo;Institut national d&rsquo;\u00e9tudes strat\u00e9giques globales, Abdelaziz Medjahed a\" \/>\n<meta property=\"og:url\" content=\"https:\/\/lasentinelle.dz\/index.php\/2022\/04\/12\/abdelaziz-medjahed-dg-de-linesg-la-position-de-sanchez-na-plus-aucun-sens\/\" \/>\n<meta property=\"og:site_name\" content=\"La Sentinelle\" \/>\n<meta property=\"article:publisher\" content=\"https:\/\/www.facebook.com\/La-Sentinelle-104059864394773\" \/>\n<meta property=\"article:published_time\" content=\"2022-04-11T23:01:00+00:00\" \/>\n<meta property=\"og:image\" content=\"https:\/\/lasentinelle.dz\/wp-content\/uploads\/2022\/04\/abdelaziz-Medjahed.jpg\" \/>\n\t<meta property=\"og:image:width\" content=\"350\" \/>\n\t<meta property=\"og:image:height\" content=\"215\" \/>\n\t<meta property=\"og:image:type\" content=\"image\/jpeg\" \/>\n<meta name=\"author\" content=\"La Sentinelle\" \/>\n<meta name=\"twitter:card\" content=\"summary_large_image\" \/>\n<meta name=\"twitter:label1\" content=\"\u00c9crit par\" \/>\n\t<meta name=\"twitter:data1\" content=\"La Sentinelle\" \/>\n\t<meta name=\"twitter:label2\" content=\"Dur\u00e9e de lecture estim\u00e9e\" \/>\n\t<meta name=\"twitter:data2\" content=\"3 minutes\" \/>\n<script type=\"application\/ld+json\" class=\"yoast-schema-graph\">{\"@context\":\"https:\\\/\\\/schema.org\",\"@graph\":[{\"@type\":\"Article\",\"@id\":\"https:\\\/\\\/lasentinelle.dz\\\/index.php\\\/2022\\\/04\\\/12\\\/abdelaziz-medjahed-dg-de-linesg-la-position-de-sanchez-na-plus-aucun-sens\\\/#article\",\"isPartOf\":{\"@id\":\"https:\\\/\\\/lasentinelle.dz\\\/index.php\\\/2022\\\/04\\\/12\\\/abdelaziz-medjahed-dg-de-linesg-la-position-de-sanchez-na-plus-aucun-sens\\\/\"},\"author\":{\"name\":\"La Sentinelle\",\"@id\":\"https:\\\/\\\/lasentinelle.dz\\\/#\\\/schema\\\/person\\\/d865044e22e70a75174ce8bcad3acfb3\"},\"headline\":\"Abdelaziz Medjahed, DG de l\u2019Inesg\u00a0: \u00ab\u00a0La position de Sanchez n\u2019a plus aucun sens\u00a0\u00bb\",\"datePublished\":\"2022-04-11T23:01:00+00:00\",\"mainEntityOfPage\":{\"@id\":\"https:\\\/\\\/lasentinelle.dz\\\/index.php\\\/2022\\\/04\\\/12\\\/abdelaziz-medjahed-dg-de-linesg-la-position-de-sanchez-na-plus-aucun-sens\\\/\"},\"wordCount\":590,\"commentCount\":0,\"publisher\":{\"@id\":\"https:\\\/\\\/lasentinelle.dz\\\/#organization\"},\"image\":{\"@id\":\"https:\\\/\\\/lasentinelle.dz\\\/index.php\\\/2022\\\/04\\\/12\\\/abdelaziz-medjahed-dg-de-linesg-la-position-de-sanchez-na-plus-aucun-sens\\\/#primaryimage\"},\"thumbnailUrl\":\"https:\\\/\\\/lasentinelle.dz\\\/wp-content\\\/uploads\\\/2022\\\/04\\\/abdelaziz-Medjahed.jpg\",\"articleSection\":[\"Actualit\u00e9\"],\"inLanguage\":\"fr-FR\",\"potentialAction\":[{\"@type\":\"CommentAction\",\"name\":\"Comment\",\"target\":[\"https:\\\/\\\/lasentinelle.dz\\\/index.php\\\/2022\\\/04\\\/12\\\/abdelaziz-medjahed-dg-de-linesg-la-position-de-sanchez-na-plus-aucun-sens\\\/#respond\"]}]},{\"@type\":\"WebPage\",\"@id\":\"https:\\\/\\\/lasentinelle.dz\\\/index.php\\\/2022\\\/04\\\/12\\\/abdelaziz-medjahed-dg-de-linesg-la-position-de-sanchez-na-plus-aucun-sens\\\/\",\"url\":\"https:\\\/\\\/lasentinelle.dz\\\/index.php\\\/2022\\\/04\\\/12\\\/abdelaziz-medjahed-dg-de-linesg-la-position-de-sanchez-na-plus-aucun-sens\\\/\",\"name\":\"Abdelaziz Medjahed, DG de l\u2019Inesg\u00a0: \u00ab\u00a0La position de Sanchez n\u2019a plus aucun sens\u00a0\u00bb - La Sentinelle\",\"isPartOf\":{\"@id\":\"https:\\\/\\\/lasentinelle.dz\\\/#website\"},\"primaryImageOfPage\":{\"@id\":\"https:\\\/\\\/lasentinelle.dz\\\/index.php\\\/2022\\\/04\\\/12\\\/abdelaziz-medjahed-dg-de-linesg-la-position-de-sanchez-na-plus-aucun-sens\\\/#primaryimage\"},\"image\":{\"@id\":\"https:\\\/\\\/lasentinelle.dz\\\/index.php\\\/2022\\\/04\\\/12\\\/abdelaziz-medjahed-dg-de-linesg-la-position-de-sanchez-na-plus-aucun-sens\\\/#primaryimage\"},\"thumbnailUrl\":\"https:\\\/\\\/lasentinelle.dz\\\/wp-content\\\/uploads\\\/2022\\\/04\\\/abdelaziz-Medjahed.jpg\",\"datePublished\":\"2022-04-11T23:01:00+00:00\",\"breadcrumb\":{\"@id\":\"https:\\\/\\\/lasentinelle.dz\\\/index.php\\\/2022\\\/04\\\/12\\\/abdelaziz-medjahed-dg-de-linesg-la-position-de-sanchez-na-plus-aucun-sens\\\/#breadcrumb\"},\"inLanguage\":\"fr-FR\",\"potentialAction\":[{\"@type\":\"ReadAction\",\"target\":[\"https:\\\/\\\/lasentinelle.dz\\\/index.php\\\/2022\\\/04\\\/12\\\/abdelaziz-medjahed-dg-de-linesg-la-position-de-sanchez-na-plus-aucun-sens\\\/\"]}]},{\"@type\":\"ImageObject\",\"inLanguage\":\"fr-FR\",\"@id\":\"https:\\\/\\\/lasentinelle.dz\\\/index.php\\\/2022\\\/04\\\/12\\\/abdelaziz-medjahed-dg-de-linesg-la-position-de-sanchez-na-plus-aucun-sens\\\/#primaryimage\",\"url\":\"https:\\\/\\\/lasentinelle.dz\\\/wp-content\\\/uploads\\\/2022\\\/04\\\/abdelaziz-Medjahed.jpg\",\"contentUrl\":\"https:\\\/\\\/lasentinelle.dz\\\/wp-content\\\/uploads\\\/2022\\\/04\\\/abdelaziz-Medjahed.jpg\",\"width\":350,\"height\":215},{\"@type\":\"BreadcrumbList\",\"@id\":\"https:\\\/\\\/lasentinelle.dz\\\/index.php\\\/2022\\\/04\\\/12\\\/abdelaziz-medjahed-dg-de-linesg-la-position-de-sanchez-na-plus-aucun-sens\\\/#breadcrumb\",\"itemListElement\":[{\"@type\":\"ListItem\",\"position\":1,\"name\":\"Accueil\",\"item\":\"https:\\\/\\\/lasentinelle.dz\\\/\"},{\"@type\":\"ListItem\",\"position\":2,\"name\":\"Abdelaziz Medjahed, DG de l\u2019Inesg\u00a0: \u00ab\u00a0La position de Sanchez n\u2019a plus aucun sens\u00a0\u00bb\"}]},{\"@type\":\"WebSite\",\"@id\":\"https:\\\/\\\/lasentinelle.dz\\\/#website\",\"url\":\"https:\\\/\\\/lasentinelle.dz\\\/\",\"name\":\"La Sentinelle\",\"description\":\"Quotidien national d&#039;information\",\"publisher\":{\"@id\":\"https:\\\/\\\/lasentinelle.dz\\\/#organization\"},\"potentialAction\":[{\"@type\":\"SearchAction\",\"target\":{\"@type\":\"EntryPoint\",\"urlTemplate\":\"https:\\\/\\\/lasentinelle.dz\\\/?s={search_term_string}\"},\"query-input\":{\"@type\":\"PropertyValueSpecification\",\"valueRequired\":true,\"valueName\":\"search_term_string\"}}],\"inLanguage\":\"fr-FR\"},{\"@type\":\"Organization\",\"@id\":\"https:\\\/\\\/lasentinelle.dz\\\/#organization\",\"name\":\"Quotidien La Sentinelle\",\"url\":\"https:\\\/\\\/lasentinelle.dz\\\/\",\"logo\":{\"@type\":\"ImageObject\",\"inLanguage\":\"fr-FR\",\"@id\":\"https:\\\/\\\/lasentinelle.dz\\\/#\\\/schema\\\/logo\\\/image\\\/\",\"url\":\"https:\\\/\\\/lasentinelle.dz\\\/wp-content\\\/uploads\\\/2021\\\/09\\\/logo-sentinelleSLOGAN-1.png\",\"contentUrl\":\"https:\\\/\\\/lasentinelle.dz\\\/wp-content\\\/uploads\\\/2021\\\/09\\\/logo-sentinelleSLOGAN-1.png\",\"width\":615,\"height\":142,\"caption\":\"Quotidien La Sentinelle\"},\"image\":{\"@id\":\"https:\\\/\\\/lasentinelle.dz\\\/#\\\/schema\\\/logo\\\/image\\\/\"},\"sameAs\":[\"https:\\\/\\\/www.facebook.com\\\/La-Sentinelle-104059864394773\"]},{\"@type\":\"Person\",\"@id\":\"https:\\\/\\\/lasentinelle.dz\\\/#\\\/schema\\\/person\\\/d865044e22e70a75174ce8bcad3acfb3\",\"name\":\"La Sentinelle\",\"image\":{\"@type\":\"ImageObject\",\"inLanguage\":\"fr-FR\",\"@id\":\"https:\\\/\\\/secure.gravatar.com\\\/avatar\\\/57de8e5d4b15d43fb361a71fbb36338450fe67865b528a43dd10ef7c51a20392?s=96&d=mm&r=g\",\"url\":\"https:\\\/\\\/secure.gravatar.com\\\/avatar\\\/57de8e5d4b15d43fb361a71fbb36338450fe67865b528a43dd10ef7c51a20392?s=96&d=mm&r=g\",\"contentUrl\":\"https:\\\/\\\/secure.gravatar.com\\\/avatar\\\/57de8e5d4b15d43fb361a71fbb36338450fe67865b528a43dd10ef7c51a20392?s=96&d=mm&r=g\",\"caption\":\"La Sentinelle\"},\"sameAs\":[\"http:\\\/\\\/www.lasentinelle.dz\"],\"url\":\"https:\\\/\\\/lasentinelle.dz\\\/author\\\/redaction\\\/\"}]}<\/script>\n<!-- \/ Yoast SEO plugin. -->","yoast_head_json":{"title":"Abdelaziz Medjahed, DG de l\u2019Inesg\u00a0: \u00ab\u00a0La position de Sanchez n\u2019a plus aucun sens\u00a0\u00bb - La Sentinelle","robots":{"index":"index","follow":"follow","max-snippet":"max-snippet:-1","max-image-preview":"max-image-preview:large","max-video-preview":"max-video-preview:-1"},"canonical":"https:\/\/lasentinelle.dz\/index.php\/2022\/04\/12\/abdelaziz-medjahed-dg-de-linesg-la-position-de-sanchez-na-plus-aucun-sens\/","og_locale":"fr_FR","og_type":"article","og_title":"Abdelaziz Medjahed, DG de l\u2019Inesg\u00a0: \u00ab\u00a0La position de Sanchez n\u2019a plus aucun sens\u00a0\u00bb - La Sentinelle","og_description":"Intervenant \u00e0 travers les ondes de la radio Internationale, le\u00a0Directeur g\u00e9n\u00e9ral de l&rsquo;Institut national d&rsquo;\u00e9tudes strat\u00e9giques globales, Abdelaziz Medjahed a","og_url":"https:\/\/lasentinelle.dz\/index.php\/2022\/04\/12\/abdelaziz-medjahed-dg-de-linesg-la-position-de-sanchez-na-plus-aucun-sens\/","og_site_name":"La Sentinelle","article_publisher":"https:\/\/www.facebook.com\/La-Sentinelle-104059864394773","article_published_time":"2022-04-11T23:01:00+00:00","og_image":[{"width":350,"height":215,"url":"https:\/\/lasentinelle.dz\/wp-content\/uploads\/2022\/04\/abdelaziz-Medjahed.jpg","type":"image\/jpeg"}],"author":"La Sentinelle","twitter_card":"summary_large_image","twitter_misc":{"\u00c9crit par":"La Sentinelle","Dur\u00e9e de lecture estim\u00e9e":"3 minutes"},"schema":{"@context":"https:\/\/schema.org","@graph":[{"@type":"Article","@id":"https:\/\/lasentinelle.dz\/index.php\/2022\/04\/12\/abdelaziz-medjahed-dg-de-linesg-la-position-de-sanchez-na-plus-aucun-sens\/#article","isPartOf":{"@id":"https:\/\/lasentinelle.dz\/index.php\/2022\/04\/12\/abdelaziz-medjahed-dg-de-linesg-la-position-de-sanchez-na-plus-aucun-sens\/"},"author":{"name":"La Sentinelle","@id":"https:\/\/lasentinelle.dz\/#\/schema\/person\/d865044e22e70a75174ce8bcad3acfb3"},"headline":"Abdelaziz Medjahed, DG de l\u2019Inesg\u00a0: \u00ab\u00a0La position de Sanchez n\u2019a plus aucun sens\u00a0\u00bb","datePublished":"2022-04-11T23:01:00+00:00","mainEntityOfPage":{"@id":"https:\/\/lasentinelle.dz\/index.php\/2022\/04\/12\/abdelaziz-medjahed-dg-de-linesg-la-position-de-sanchez-na-plus-aucun-sens\/"},"wordCount":590,"commentCount":0,"publisher":{"@id":"https:\/\/lasentinelle.dz\/#organization"},"image":{"@id":"https:\/\/lasentinelle.dz\/index.php\/2022\/04\/12\/abdelaziz-medjahed-dg-de-linesg-la-position-de-sanchez-na-plus-aucun-sens\/#primaryimage"},"thumbnailUrl":"https:\/\/lasentinelle.dz\/wp-content\/uploads\/2022\/04\/abdelaziz-Medjahed.jpg","articleSection":["Actualit\u00e9"],"inLanguage":"fr-FR","potentialAction":[{"@type":"CommentAction","name":"Comment","target":["https:\/\/lasentinelle.dz\/index.php\/2022\/04\/12\/abdelaziz-medjahed-dg-de-linesg-la-position-de-sanchez-na-plus-aucun-sens\/#respond"]}]},{"@type":"WebPage","@id":"https:\/\/lasentinelle.dz\/index.php\/2022\/04\/12\/abdelaziz-medjahed-dg-de-linesg-la-position-de-sanchez-na-plus-aucun-sens\/","url":"https:\/\/lasentinelle.dz\/index.php\/2022\/04\/12\/abdelaziz-medjahed-dg-de-linesg-la-position-de-sanchez-na-plus-aucun-sens\/","name":"Abdelaziz Medjahed, DG de l\u2019Inesg\u00a0: \u00ab\u00a0La position de Sanchez n\u2019a plus aucun sens\u00a0\u00bb - La Sentinelle","isPartOf":{"@id":"https:\/\/lasentinelle.dz\/#website"},"primaryImageOfPage":{"@id":"https:\/\/lasentinelle.dz\/index.php\/2022\/04\/12\/abdelaziz-medjahed-dg-de-linesg-la-position-de-sanchez-na-plus-aucun-sens\/#primaryimage"},"image":{"@id":"https:\/\/lasentinelle.dz\/index.php\/2022\/04\/12\/abdelaziz-medjahed-dg-de-linesg-la-position-de-sanchez-na-plus-aucun-sens\/#primaryimage"},"thumbnailUrl":"https:\/\/lasentinelle.dz\/wp-content\/uploads\/2022\/04\/abdelaziz-Medjahed.jpg","datePublished":"2022-04-11T23:01:00+00:00","breadcrumb":{"@id":"https:\/\/lasentinelle.dz\/index.php\/2022\/04\/12\/abdelaziz-medjahed-dg-de-linesg-la-position-de-sanchez-na-plus-aucun-sens\/#breadcrumb"},"inLanguage":"fr-FR","potentialAction":[{"@type":"ReadAction","target":["https:\/\/lasentinelle.dz\/index.php\/2022\/04\/12\/abdelaziz-medjahed-dg-de-linesg-la-position-de-sanchez-na-plus-aucun-sens\/"]}]},{"@type":"ImageObject","inLanguage":"fr-FR","@id":"https:\/\/lasentinelle.dz\/index.php\/2022\/04\/12\/abdelaziz-medjahed-dg-de-linesg-la-position-de-sanchez-na-plus-aucun-sens\/#primaryimage","url":"https:\/\/lasentinelle.dz\/wp-content\/uploads\/2022\/04\/abdelaziz-Medjahed.jpg","contentUrl":"https:\/\/lasentinelle.dz\/wp-content\/uploads\/2022\/04\/abdelaziz-Medjahed.jpg","width":350,"height":215},{"@type":"BreadcrumbList","@id":"https:\/\/lasentinelle.dz\/index.php\/2022\/04\/12\/abdelaziz-medjahed-dg-de-linesg-la-position-de-sanchez-na-plus-aucun-sens\/#breadcrumb","itemListElement":[{"@type":"ListItem","position":1,"name":"Accueil","item":"https:\/\/lasentinelle.dz\/"},{"@type":"ListItem","position":2,"name":"Abdelaziz Medjahed, DG de l\u2019Inesg\u00a0: \u00ab\u00a0La position de Sanchez n\u2019a plus aucun sens\u00a0\u00bb"}]},{"@type":"WebSite","@id":"https:\/\/lasentinelle.dz\/#website","url":"https:\/\/lasentinelle.dz\/","name":"La Sentinelle","description":"Quotidien national d&#039;information","publisher":{"@id":"https:\/\/lasentinelle.dz\/#organization"},"potentialAction":[{"@type":"SearchAction","target":{"@type":"EntryPoint","urlTemplate":"https:\/\/lasentinelle.dz\/?s={search_term_string}"},"query-input":{"@type":"PropertyValueSpecification","valueRequired":true,"valueName":"search_term_string"}}],"inLanguage":"fr-FR"},{"@type":"Organization","@id":"https:\/\/lasentinelle.dz\/#organization","name":"Quotidien La Sentinelle","url":"https:\/\/lasentinelle.dz\/","logo":{"@type":"ImageObject","inLanguage":"fr-FR","@id":"https:\/\/lasentinelle.dz\/#\/schema\/logo\/image\/","url":"https:\/\/lasentinelle.dz\/wp-content\/uploads\/2021\/09\/logo-sentinelleSLOGAN-1.png","contentUrl":"https:\/\/lasentinelle.dz\/wp-content\/uploads\/2021\/09\/logo-sentinelleSLOGAN-1.png","width":615,"height":142,"caption":"Quotidien La Sentinelle"},"image":{"@id":"https:\/\/lasentinelle.dz\/#\/schema\/logo\/image\/"},"sameAs":["https:\/\/www.facebook.com\/La-Sentinelle-104059864394773"]},{"@type":"Person","@id":"https:\/\/lasentinelle.dz\/#\/schema\/person\/d865044e22e70a75174ce8bcad3acfb3","name":"La Sentinelle","image":{"@type":"ImageObject","inLanguage":"fr-FR","@id":"https:\/\/secure.gravatar.com\/avatar\/57de8e5d4b15d43fb361a71fbb36338450fe67865b528a43dd10ef7c51a20392?s=96&d=mm&r=g","url":"https:\/\/secure.gravatar.com\/avatar\/57de8e5d4b15d43fb361a71fbb36338450fe67865b528a43dd10ef7c51a20392?s=96&d=mm&r=g","contentUrl":"https:\/\/secure.gravatar.com\/avatar\/57de8e5d4b15d43fb361a71fbb36338450fe67865b528a43dd10ef7c51a20392?s=96&d=mm&r=g","caption":"La Sentinelle"},"sameAs":["http:\/\/www.lasentinelle.dz"],"url":"https:\/\/lasentinelle.dz\/author\/redaction\/"}]}},"_links":{"self":[{"href":"https:\/\/lasentinelle.dz\/index.php\/wp-json\/wp\/v2\/posts\/19722","targetHints":{"allow":["GET"]}}],"collection":[{"href":"https:\/\/lasentinelle.dz\/index.php\/wp-json\/wp\/v2\/posts"}],"about":[{"href":"https:\/\/lasentinelle.dz\/index.php\/wp-json\/wp\/v2\/types\/post"}],"author":[{"embeddable":true,"href":"https:\/\/lasentinelle.dz\/index.php\/wp-json\/wp\/v2\/users\/3"}],"replies":[{"embeddable":true,"href":"https:\/\/lasentinelle.dz\/index.php\/wp-json\/wp\/v2\/comments?post=19722"}],"version-history":[{"count":1,"href":"https:\/\/lasentinelle.dz\/index.php\/wp-json\/wp\/v2\/posts\/19722\/revisions"}],"predecessor-version":[{"id":19725,"href":"https:\/\/lasentinelle.dz\/index.php\/wp-json\/wp\/v2\/posts\/19722\/revisions\/19725"}],"wp:featuredmedia":[{"embeddable":true,"href":"https:\/\/lasentinelle.dz\/index.php\/wp-json\/wp\/v2\/media\/19724"}],"wp:attachment":[{"href":"https:\/\/lasentinelle.dz\/index.php\/wp-json\/wp\/v2\/media?parent=19722"}],"wp:term":[{"taxonomy":"category","embeddable":true,"href":"https:\/\/lasentinelle.dz\/index.php\/wp-json\/wp\/v2\/categories?post=19722"},{"taxonomy":"post_tag","embeddable":true,"href":"https:\/\/lasentinelle.dz\/index.php\/wp-json\/wp\/v2\/tags?post=19722"}],"curies":[{"name":"wp","href":"https:\/\/api.w.org\/{rel}","templated":true}]}}