{"id":1974,"date":"2021-07-24T00:01:00","date_gmt":"2021-07-23T23:01:00","guid":{"rendered":"https:\/\/lasentinelle.dz\/?p=1974"},"modified":"2021-07-23T17:42:11","modified_gmt":"2021-07-23T16:42:11","slug":"pour-pallier-au-manque-doxygene-au-niveau-des-hopitaux-des-entreprises-de-production-et-de-transport-requisitionnees","status":"publish","type":"post","link":"https:\/\/lasentinelle.dz\/index.php\/2021\/07\/24\/pour-pallier-au-manque-doxygene-au-niveau-des-hopitaux-des-entreprises-de-production-et-de-transport-requisitionnees\/","title":{"rendered":"Pour pallier au manque d\u2019oxyg\u00e8ne au niveau des h\u00f4pitaux : Des entreprises de production et de transport r\u00e9quisitionn\u00e9es"},"content":{"rendered":"\n<p>Des mesures viennent d\u2019\u00eatre prises dans l\u2019optique d\u2019une meilleure distribution d\u2019oxyg\u00e8ne destin\u00e9 aux malades atteints de la pand\u00e9mie du Covid 19.<\/p>\n\n\n\n<p>La grande pression que conna\u00eet ce cr\u00e9neau industriel a fait qu\u2019une augmentation significative de la production a \u00e9t\u00e9 constat\u00e9e mais la p\u00e9nurie persiste en contrepartie \u00e0 travers certaines wilayas du pays. Dans certaines wilayas, ce sont carr\u00e9ment les citoyens et les op\u00e9rateurs \u00e9conomiques qui se sont port\u00e9s volontaires pour doter les structures sanitaires de concentrateurs d\u2019oxyg\u00e8ne utilis\u00e9s dans les services de r\u00e9animation.&nbsp;<\/p>\n\n\n\n<p>Dans cette optique justement, le ministre de l\u2019Industrie pharmaceutique M. Lotfi Benbahmed, a affirm\u00e9 jeudi que \u00ab les moyens de production et de transport de l&rsquo;oxyg\u00e8ne liquide seront d\u00e9sormais coordonn\u00e9s par une cellule au niveau du Premier minist\u00e8re pour pouvoir acheminer l&rsquo;oxyg\u00e8ne vers toutes les structures hospitali\u00e8res\u00a0\u00bb. R\u00e9quisitionn\u00e9s par les deux minist\u00e8res de l\u2019Industrie et de l\u2019Industrie pharmaceutique, les entreprises activant dans ce domaine travaillent d\u00e9sormais en \u00e9troite collaboration avec ces deux d\u00e9partements concern\u00e9s par l\u2019acheminement de l\u2019oxyg\u00e8ne vers toutes les wilayas du pays.<\/p>\n\n\n\n<p>Pour le ministre de l\u2019Industrie pharmaceutique, \u00ab&nbsp; il ne s&rsquo;agit pas seulement de produire de l&rsquo;oxyg\u00e8ne, mais aussi de le transporter dans un pays continent&nbsp;\u00bb. Une t\u00e2che rendue possible, ajoute-t-il, par le \u00ab maillage formidable d&rsquo;infrastructures hospitali\u00e8res \u00bb. Toujours au chapitre de la production d\u2019oxyg\u00e8ne, M. Lotfi Benbahmed a, sur la page Facebook de son d\u00e9partement, fait savoir que \u00ab l&rsquo;Alg\u00e9rie produit actuellement pr\u00e8s de 430.000 litres par jour d&rsquo;oxyg\u00e8ne liquide, soit le triple de la production moyenne en 2020 \u00bb.&nbsp; Une quantit\u00e9, ajoute-t-il, qui repr\u00e9sente pr\u00e8s 400 millions de litres d&rsquo;oxyg\u00e8ne gazeux permettant de prendre en charge des dizaines de milliers de malades. Par ailleurs, afin de mettre l\u2019Alg\u00e9rie \u00e0 l\u2019abri du besoin en mati\u00e8re d\u2019oxyg\u00e8ne, le gouvernement a, selon le ministre de l\u2019Industrie pharmaceutique, pris deux autres d\u00e9cisions. En effet, fait savoir Lotfi Benbahmed de nouveaux intervenants qui \u00ab&nbsp;ont quasiment fini leurs installations \u00bb&nbsp; devraient \u00eatre op\u00e9rationnels dans les semaines \u00e0 venir afin d\u2019atteindre une plus importante production d\u2019oxyg\u00e8ne. En plus de ces nouveaux op\u00e9rateurs, de nombreuses op\u00e9rations d&rsquo;importation de concentrateurs d&rsquo;oxyg\u00e8ne ont \u00e9t\u00e9 introduites afin de renforcer les capacit\u00e9s de stockage. \u00ab Pr\u00e8s de 6.000 concentrateurs devraient \u00eatre import\u00e9s dans les semaines \u00e0 venir dont pr\u00e8s d&rsquo;un millier dans les jours qui viennent \u00bb, a fait savoir le ministre de l\u2019industrie pharmaceutique.<\/p>\n\n\n\n<p>Enfin, notons que cette troisi\u00e8me vague provoqu\u00e9e par le variant Delta a mis tous les h\u00f4pitaux dans le besoin en oxyg\u00e8ne \u00e9tant donn\u00e9 que tous les malades n\u00e9cessitent ce produit. Fabriqu\u00e9 au niveau national, l\u2019oxyg\u00e8ne s\u2019en trouve mal distribu\u00e9 laissant ainsi des failles colossales dans certaines wilayas comme celles du Sud du pays. Une situation \u00e0 laquelle va palier la d\u00e9cision des minist\u00e8res de l\u2019industrie et de l\u2019industrie pharmaceutique.<\/p>\n\n\n\n<p>Akli Amor<\/p>\n\n\n\n<p><strong>Vaccin anti-covid&nbsp;<\/strong><strong>: Des experts chinois en visite prochainement \u00e0 l&rsquo;unit\u00e9 Saidal de Constantine<\/strong><\/p>\n\n\n\n<p>Des experts chinois effectueront dans les prochains jours une visite \u00e0 l&rsquo;unit\u00e9 Saidal de Constantine destin\u00e9e \u00e0 la production des vaccins anti-covid, a indiqu\u00e9 jeudi le minist\u00e8re de l&rsquo;Industrie pharmaceutique. Cette r\u00e9union a \u00e9t\u00e9 l&rsquo;un des axes de la r\u00e9union du comit\u00e9 intersectoriel du suivi du projet de la production du vaccin anti-covid-19 tenue ce jour sous la pr\u00e9sidence du ministre de l&rsquo;Industrie pharmaceutique, Abderrahmane Lotfi Djamel Benbahmed. La coordination et le suivi du projet de production des vaccins russe et chinois a \u00e9galement \u00e9t\u00e9 au centre de cette r\u00e9union, qui s&rsquo;est d\u00e9roul\u00e9e en pr\u00e9sence des cadres du minist\u00e8re de l&rsquo;Industrie pharmaceutique, de repr\u00e9sentants du minist\u00e8re des Affaires \u00e9trang\u00e8res, de l&rsquo;Agence nationale de la s\u00e9curit\u00e9 sanitaire, du Groupe Saidal et de l&rsquo;Agence nationale des produits pharmaceutiques (ANPP), pr\u00e9cise le minist\u00e8re sur sa page Facebook.<\/p>\n\n\n\n<p>APS<\/p>\n","protected":false},"excerpt":{"rendered":"<p>Des mesures viennent d\u2019\u00eatre prises dans l\u2019optique d\u2019une meilleure distribution d\u2019oxyg\u00e8ne destin\u00e9 aux malades atteints de la pand\u00e9mie du Covid<\/p>\n","protected":false},"author":3,"featured_media":1990,"comment_status":"open","ping_status":"closed","sticky":false,"template":"","format":"standard","meta":{"colormag_page_container_layout":"default_layout","colormag_page_sidebar_layout":"default_layout","om_disable_all_campaigns":false,"_monsterinsights_skip_tracking":false,"_monsterinsights_sitenote_active":false,"_monsterinsights_sitenote_note":"","_monsterinsights_sitenote_category":0,"footnotes":"","_wpscppro_dont_share_socialmedia":false,"_wpscppro_custom_social_share_image":0,"_facebook_share_type":"","_twitter_share_type":"","_linkedin_share_type":"","_pinterest_share_type":"","_linkedin_share_type_page":"","_instagram_share_type":"","_medium_share_type":"","_threads_share_type":"","_google_business_share_type":"","_selected_social_profile":[],"_wpsp_enable_custom_social_template":false,"_wpsp_social_scheduling":{"enabled":false,"datetime":null,"platforms":[],"status":"template_only","dateOption":"today","timeOption":"now","customDays":"","customHours":"","customDate":"","customTime":"","schedulingType":"absolute"},"_wpsp_active_default_template":true},"categories":[27],"tags":[],"class_list":["post-1974","post","type-post","status-publish","format-standard","has-post-thumbnail","hentry","category-actualite"],"aioseo_notices":[],"yoast_head":"<!-- This site is optimized with the Yoast SEO plugin v27.5 - https:\/\/yoast.com\/product\/yoast-seo-wordpress\/ -->\n<title>Pour pallier au manque d\u2019oxyg\u00e8ne au niveau des h\u00f4pitaux : Des entreprises de production et de transport r\u00e9quisitionn\u00e9es - La Sentinelle<\/title>\n<meta name=\"robots\" content=\"index, follow, max-snippet:-1, max-image-preview:large, max-video-preview:-1\" \/>\n<link rel=\"canonical\" href=\"https:\/\/lasentinelle.dz\/index.php\/2021\/07\/24\/pour-pallier-au-manque-doxygene-au-niveau-des-hopitaux-des-entreprises-de-production-et-de-transport-requisitionnees\/\" \/>\n<meta property=\"og:locale\" content=\"fr_FR\" \/>\n<meta property=\"og:type\" content=\"article\" \/>\n<meta property=\"og:title\" content=\"Pour pallier au manque d\u2019oxyg\u00e8ne au niveau des h\u00f4pitaux : Des entreprises de production et de transport r\u00e9quisitionn\u00e9es - La Sentinelle\" \/>\n<meta property=\"og:description\" content=\"Des mesures viennent d\u2019\u00eatre prises dans l\u2019optique d\u2019une meilleure distribution d\u2019oxyg\u00e8ne destin\u00e9 aux malades atteints de la pand\u00e9mie du Covid\" \/>\n<meta property=\"og:url\" content=\"https:\/\/lasentinelle.dz\/index.php\/2021\/07\/24\/pour-pallier-au-manque-doxygene-au-niveau-des-hopitaux-des-entreprises-de-production-et-de-transport-requisitionnees\/\" \/>\n<meta property=\"og:site_name\" content=\"La Sentinelle\" \/>\n<meta property=\"article:publisher\" content=\"https:\/\/www.facebook.com\/La-Sentinelle-104059864394773\" \/>\n<meta property=\"article:published_time\" content=\"2021-07-23T23:01:00+00:00\" \/>\n<meta property=\"og:image\" content=\"https:\/\/lasentinelle.dz\/wp-content\/uploads\/2021\/07\/oxygene-medical.png\" \/>\n\t<meta property=\"og:image:width\" content=\"998\" \/>\n\t<meta property=\"og:image:height\" content=\"900\" \/>\n\t<meta property=\"og:image:type\" content=\"image\/png\" \/>\n<meta name=\"author\" content=\"La Sentinelle\" \/>\n<meta name=\"twitter:card\" content=\"summary_large_image\" \/>\n<meta name=\"twitter:label1\" content=\"\u00c9crit par\" \/>\n\t<meta name=\"twitter:data1\" content=\"La Sentinelle\" \/>\n\t<meta name=\"twitter:label2\" content=\"Dur\u00e9e de lecture estim\u00e9e\" \/>\n\t<meta name=\"twitter:data2\" content=\"3 minutes\" \/>\n<script type=\"application\/ld+json\" class=\"yoast-schema-graph\">{\"@context\":\"https:\\\/\\\/schema.org\",\"@graph\":[{\"@type\":\"Article\",\"@id\":\"https:\\\/\\\/lasentinelle.dz\\\/index.php\\\/2021\\\/07\\\/24\\\/pour-pallier-au-manque-doxygene-au-niveau-des-hopitaux-des-entreprises-de-production-et-de-transport-requisitionnees\\\/#article\",\"isPartOf\":{\"@id\":\"https:\\\/\\\/lasentinelle.dz\\\/index.php\\\/2021\\\/07\\\/24\\\/pour-pallier-au-manque-doxygene-au-niveau-des-hopitaux-des-entreprises-de-production-et-de-transport-requisitionnees\\\/\"},\"author\":{\"name\":\"La Sentinelle\",\"@id\":\"https:\\\/\\\/lasentinelle.dz\\\/#\\\/schema\\\/person\\\/d865044e22e70a75174ce8bcad3acfb3\"},\"headline\":\"Pour pallier au manque d\u2019oxyg\u00e8ne au niveau des h\u00f4pitaux : Des entreprises de production et de transport r\u00e9quisitionn\u00e9es\",\"datePublished\":\"2021-07-23T23:01:00+00:00\",\"mainEntityOfPage\":{\"@id\":\"https:\\\/\\\/lasentinelle.dz\\\/index.php\\\/2021\\\/07\\\/24\\\/pour-pallier-au-manque-doxygene-au-niveau-des-hopitaux-des-entreprises-de-production-et-de-transport-requisitionnees\\\/\"},\"wordCount\":725,\"commentCount\":0,\"publisher\":{\"@id\":\"https:\\\/\\\/lasentinelle.dz\\\/#organization\"},\"image\":{\"@id\":\"https:\\\/\\\/lasentinelle.dz\\\/index.php\\\/2021\\\/07\\\/24\\\/pour-pallier-au-manque-doxygene-au-niveau-des-hopitaux-des-entreprises-de-production-et-de-transport-requisitionnees\\\/#primaryimage\"},\"thumbnailUrl\":\"https:\\\/\\\/lasentinelle.dz\\\/wp-content\\\/uploads\\\/2021\\\/07\\\/oxygene-medical.png\",\"articleSection\":[\"Actualit\u00e9\"],\"inLanguage\":\"fr-FR\",\"potentialAction\":[{\"@type\":\"CommentAction\",\"name\":\"Comment\",\"target\":[\"https:\\\/\\\/lasentinelle.dz\\\/index.php\\\/2021\\\/07\\\/24\\\/pour-pallier-au-manque-doxygene-au-niveau-des-hopitaux-des-entreprises-de-production-et-de-transport-requisitionnees\\\/#respond\"]}]},{\"@type\":\"WebPage\",\"@id\":\"https:\\\/\\\/lasentinelle.dz\\\/index.php\\\/2021\\\/07\\\/24\\\/pour-pallier-au-manque-doxygene-au-niveau-des-hopitaux-des-entreprises-de-production-et-de-transport-requisitionnees\\\/\",\"url\":\"https:\\\/\\\/lasentinelle.dz\\\/index.php\\\/2021\\\/07\\\/24\\\/pour-pallier-au-manque-doxygene-au-niveau-des-hopitaux-des-entreprises-de-production-et-de-transport-requisitionnees\\\/\",\"name\":\"Pour pallier au manque d\u2019oxyg\u00e8ne au niveau des h\u00f4pitaux : Des entreprises de production et de transport r\u00e9quisitionn\u00e9es - La Sentinelle\",\"isPartOf\":{\"@id\":\"https:\\\/\\\/lasentinelle.dz\\\/#website\"},\"primaryImageOfPage\":{\"@id\":\"https:\\\/\\\/lasentinelle.dz\\\/index.php\\\/2021\\\/07\\\/24\\\/pour-pallier-au-manque-doxygene-au-niveau-des-hopitaux-des-entreprises-de-production-et-de-transport-requisitionnees\\\/#primaryimage\"},\"image\":{\"@id\":\"https:\\\/\\\/lasentinelle.dz\\\/index.php\\\/2021\\\/07\\\/24\\\/pour-pallier-au-manque-doxygene-au-niveau-des-hopitaux-des-entreprises-de-production-et-de-transport-requisitionnees\\\/#primaryimage\"},\"thumbnailUrl\":\"https:\\\/\\\/lasentinelle.dz\\\/wp-content\\\/uploads\\\/2021\\\/07\\\/oxygene-medical.png\",\"datePublished\":\"2021-07-23T23:01:00+00:00\",\"breadcrumb\":{\"@id\":\"https:\\\/\\\/lasentinelle.dz\\\/index.php\\\/2021\\\/07\\\/24\\\/pour-pallier-au-manque-doxygene-au-niveau-des-hopitaux-des-entreprises-de-production-et-de-transport-requisitionnees\\\/#breadcrumb\"},\"inLanguage\":\"fr-FR\",\"potentialAction\":[{\"@type\":\"ReadAction\",\"target\":[\"https:\\\/\\\/lasentinelle.dz\\\/index.php\\\/2021\\\/07\\\/24\\\/pour-pallier-au-manque-doxygene-au-niveau-des-hopitaux-des-entreprises-de-production-et-de-transport-requisitionnees\\\/\"]}]},{\"@type\":\"ImageObject\",\"inLanguage\":\"fr-FR\",\"@id\":\"https:\\\/\\\/lasentinelle.dz\\\/index.php\\\/2021\\\/07\\\/24\\\/pour-pallier-au-manque-doxygene-au-niveau-des-hopitaux-des-entreprises-de-production-et-de-transport-requisitionnees\\\/#primaryimage\",\"url\":\"https:\\\/\\\/lasentinelle.dz\\\/wp-content\\\/uploads\\\/2021\\\/07\\\/oxygene-medical.png\",\"contentUrl\":\"https:\\\/\\\/lasentinelle.dz\\\/wp-content\\\/uploads\\\/2021\\\/07\\\/oxygene-medical.png\",\"width\":998,\"height\":900},{\"@type\":\"BreadcrumbList\",\"@id\":\"https:\\\/\\\/lasentinelle.dz\\\/index.php\\\/2021\\\/07\\\/24\\\/pour-pallier-au-manque-doxygene-au-niveau-des-hopitaux-des-entreprises-de-production-et-de-transport-requisitionnees\\\/#breadcrumb\",\"itemListElement\":[{\"@type\":\"ListItem\",\"position\":1,\"name\":\"Accueil\",\"item\":\"https:\\\/\\\/lasentinelle.dz\\\/\"},{\"@type\":\"ListItem\",\"position\":2,\"name\":\"Pour pallier au manque d\u2019oxyg\u00e8ne au niveau des h\u00f4pitaux : Des entreprises de production et de transport r\u00e9quisitionn\u00e9es\"}]},{\"@type\":\"WebSite\",\"@id\":\"https:\\\/\\\/lasentinelle.dz\\\/#website\",\"url\":\"https:\\\/\\\/lasentinelle.dz\\\/\",\"name\":\"La Sentinelle\",\"description\":\"Quotidien national d&#039;information\",\"publisher\":{\"@id\":\"https:\\\/\\\/lasentinelle.dz\\\/#organization\"},\"potentialAction\":[{\"@type\":\"SearchAction\",\"target\":{\"@type\":\"EntryPoint\",\"urlTemplate\":\"https:\\\/\\\/lasentinelle.dz\\\/?s={search_term_string}\"},\"query-input\":{\"@type\":\"PropertyValueSpecification\",\"valueRequired\":true,\"valueName\":\"search_term_string\"}}],\"inLanguage\":\"fr-FR\"},{\"@type\":\"Organization\",\"@id\":\"https:\\\/\\\/lasentinelle.dz\\\/#organization\",\"name\":\"Quotidien La Sentinelle\",\"url\":\"https:\\\/\\\/lasentinelle.dz\\\/\",\"logo\":{\"@type\":\"ImageObject\",\"inLanguage\":\"fr-FR\",\"@id\":\"https:\\\/\\\/lasentinelle.dz\\\/#\\\/schema\\\/logo\\\/image\\\/\",\"url\":\"https:\\\/\\\/lasentinelle.dz\\\/wp-content\\\/uploads\\\/2021\\\/09\\\/logo-sentinelleSLOGAN-1.png\",\"contentUrl\":\"https:\\\/\\\/lasentinelle.dz\\\/wp-content\\\/uploads\\\/2021\\\/09\\\/logo-sentinelleSLOGAN-1.png\",\"width\":615,\"height\":142,\"caption\":\"Quotidien La Sentinelle\"},\"image\":{\"@id\":\"https:\\\/\\\/lasentinelle.dz\\\/#\\\/schema\\\/logo\\\/image\\\/\"},\"sameAs\":[\"https:\\\/\\\/www.facebook.com\\\/La-Sentinelle-104059864394773\"]},{\"@type\":\"Person\",\"@id\":\"https:\\\/\\\/lasentinelle.dz\\\/#\\\/schema\\\/person\\\/d865044e22e70a75174ce8bcad3acfb3\",\"name\":\"La Sentinelle\",\"image\":{\"@type\":\"ImageObject\",\"inLanguage\":\"fr-FR\",\"@id\":\"https:\\\/\\\/secure.gravatar.com\\\/avatar\\\/57de8e5d4b15d43fb361a71fbb36338450fe67865b528a43dd10ef7c51a20392?s=96&d=mm&r=g\",\"url\":\"https:\\\/\\\/secure.gravatar.com\\\/avatar\\\/57de8e5d4b15d43fb361a71fbb36338450fe67865b528a43dd10ef7c51a20392?s=96&d=mm&r=g\",\"contentUrl\":\"https:\\\/\\\/secure.gravatar.com\\\/avatar\\\/57de8e5d4b15d43fb361a71fbb36338450fe67865b528a43dd10ef7c51a20392?s=96&d=mm&r=g\",\"caption\":\"La Sentinelle\"},\"sameAs\":[\"http:\\\/\\\/www.lasentinelle.dz\"],\"url\":\"https:\\\/\\\/lasentinelle.dz\\\/author\\\/redaction\\\/\"}]}<\/script>\n<!-- \/ Yoast SEO plugin. -->","yoast_head_json":{"title":"Pour pallier au manque d\u2019oxyg\u00e8ne au niveau des h\u00f4pitaux : Des entreprises de production et de transport r\u00e9quisitionn\u00e9es - La Sentinelle","robots":{"index":"index","follow":"follow","max-snippet":"max-snippet:-1","max-image-preview":"max-image-preview:large","max-video-preview":"max-video-preview:-1"},"canonical":"https:\/\/lasentinelle.dz\/index.php\/2021\/07\/24\/pour-pallier-au-manque-doxygene-au-niveau-des-hopitaux-des-entreprises-de-production-et-de-transport-requisitionnees\/","og_locale":"fr_FR","og_type":"article","og_title":"Pour pallier au manque d\u2019oxyg\u00e8ne au niveau des h\u00f4pitaux : Des entreprises de production et de transport r\u00e9quisitionn\u00e9es - La Sentinelle","og_description":"Des mesures viennent d\u2019\u00eatre prises dans l\u2019optique d\u2019une meilleure distribution d\u2019oxyg\u00e8ne destin\u00e9 aux malades atteints de la pand\u00e9mie du Covid","og_url":"https:\/\/lasentinelle.dz\/index.php\/2021\/07\/24\/pour-pallier-au-manque-doxygene-au-niveau-des-hopitaux-des-entreprises-de-production-et-de-transport-requisitionnees\/","og_site_name":"La Sentinelle","article_publisher":"https:\/\/www.facebook.com\/La-Sentinelle-104059864394773","article_published_time":"2021-07-23T23:01:00+00:00","og_image":[{"width":998,"height":900,"url":"https:\/\/lasentinelle.dz\/wp-content\/uploads\/2021\/07\/oxygene-medical.png","type":"image\/png"}],"author":"La Sentinelle","twitter_card":"summary_large_image","twitter_misc":{"\u00c9crit par":"La Sentinelle","Dur\u00e9e de lecture estim\u00e9e":"3 minutes"},"schema":{"@context":"https:\/\/schema.org","@graph":[{"@type":"Article","@id":"https:\/\/lasentinelle.dz\/index.php\/2021\/07\/24\/pour-pallier-au-manque-doxygene-au-niveau-des-hopitaux-des-entreprises-de-production-et-de-transport-requisitionnees\/#article","isPartOf":{"@id":"https:\/\/lasentinelle.dz\/index.php\/2021\/07\/24\/pour-pallier-au-manque-doxygene-au-niveau-des-hopitaux-des-entreprises-de-production-et-de-transport-requisitionnees\/"},"author":{"name":"La Sentinelle","@id":"https:\/\/lasentinelle.dz\/#\/schema\/person\/d865044e22e70a75174ce8bcad3acfb3"},"headline":"Pour pallier au manque d\u2019oxyg\u00e8ne au niveau des h\u00f4pitaux : Des entreprises de production et de transport r\u00e9quisitionn\u00e9es","datePublished":"2021-07-23T23:01:00+00:00","mainEntityOfPage":{"@id":"https:\/\/lasentinelle.dz\/index.php\/2021\/07\/24\/pour-pallier-au-manque-doxygene-au-niveau-des-hopitaux-des-entreprises-de-production-et-de-transport-requisitionnees\/"},"wordCount":725,"commentCount":0,"publisher":{"@id":"https:\/\/lasentinelle.dz\/#organization"},"image":{"@id":"https:\/\/lasentinelle.dz\/index.php\/2021\/07\/24\/pour-pallier-au-manque-doxygene-au-niveau-des-hopitaux-des-entreprises-de-production-et-de-transport-requisitionnees\/#primaryimage"},"thumbnailUrl":"https:\/\/lasentinelle.dz\/wp-content\/uploads\/2021\/07\/oxygene-medical.png","articleSection":["Actualit\u00e9"],"inLanguage":"fr-FR","potentialAction":[{"@type":"CommentAction","name":"Comment","target":["https:\/\/lasentinelle.dz\/index.php\/2021\/07\/24\/pour-pallier-au-manque-doxygene-au-niveau-des-hopitaux-des-entreprises-de-production-et-de-transport-requisitionnees\/#respond"]}]},{"@type":"WebPage","@id":"https:\/\/lasentinelle.dz\/index.php\/2021\/07\/24\/pour-pallier-au-manque-doxygene-au-niveau-des-hopitaux-des-entreprises-de-production-et-de-transport-requisitionnees\/","url":"https:\/\/lasentinelle.dz\/index.php\/2021\/07\/24\/pour-pallier-au-manque-doxygene-au-niveau-des-hopitaux-des-entreprises-de-production-et-de-transport-requisitionnees\/","name":"Pour pallier au manque d\u2019oxyg\u00e8ne au niveau des h\u00f4pitaux : Des entreprises de production et de transport r\u00e9quisitionn\u00e9es - La Sentinelle","isPartOf":{"@id":"https:\/\/lasentinelle.dz\/#website"},"primaryImageOfPage":{"@id":"https:\/\/lasentinelle.dz\/index.php\/2021\/07\/24\/pour-pallier-au-manque-doxygene-au-niveau-des-hopitaux-des-entreprises-de-production-et-de-transport-requisitionnees\/#primaryimage"},"image":{"@id":"https:\/\/lasentinelle.dz\/index.php\/2021\/07\/24\/pour-pallier-au-manque-doxygene-au-niveau-des-hopitaux-des-entreprises-de-production-et-de-transport-requisitionnees\/#primaryimage"},"thumbnailUrl":"https:\/\/lasentinelle.dz\/wp-content\/uploads\/2021\/07\/oxygene-medical.png","datePublished":"2021-07-23T23:01:00+00:00","breadcrumb":{"@id":"https:\/\/lasentinelle.dz\/index.php\/2021\/07\/24\/pour-pallier-au-manque-doxygene-au-niveau-des-hopitaux-des-entreprises-de-production-et-de-transport-requisitionnees\/#breadcrumb"},"inLanguage":"fr-FR","potentialAction":[{"@type":"ReadAction","target":["https:\/\/lasentinelle.dz\/index.php\/2021\/07\/24\/pour-pallier-au-manque-doxygene-au-niveau-des-hopitaux-des-entreprises-de-production-et-de-transport-requisitionnees\/"]}]},{"@type":"ImageObject","inLanguage":"fr-FR","@id":"https:\/\/lasentinelle.dz\/index.php\/2021\/07\/24\/pour-pallier-au-manque-doxygene-au-niveau-des-hopitaux-des-entreprises-de-production-et-de-transport-requisitionnees\/#primaryimage","url":"https:\/\/lasentinelle.dz\/wp-content\/uploads\/2021\/07\/oxygene-medical.png","contentUrl":"https:\/\/lasentinelle.dz\/wp-content\/uploads\/2021\/07\/oxygene-medical.png","width":998,"height":900},{"@type":"BreadcrumbList","@id":"https:\/\/lasentinelle.dz\/index.php\/2021\/07\/24\/pour-pallier-au-manque-doxygene-au-niveau-des-hopitaux-des-entreprises-de-production-et-de-transport-requisitionnees\/#breadcrumb","itemListElement":[{"@type":"ListItem","position":1,"name":"Accueil","item":"https:\/\/lasentinelle.dz\/"},{"@type":"ListItem","position":2,"name":"Pour pallier au manque d\u2019oxyg\u00e8ne au niveau des h\u00f4pitaux : Des entreprises de production et de transport r\u00e9quisitionn\u00e9es"}]},{"@type":"WebSite","@id":"https:\/\/lasentinelle.dz\/#website","url":"https:\/\/lasentinelle.dz\/","name":"La Sentinelle","description":"Quotidien national d&#039;information","publisher":{"@id":"https:\/\/lasentinelle.dz\/#organization"},"potentialAction":[{"@type":"SearchAction","target":{"@type":"EntryPoint","urlTemplate":"https:\/\/lasentinelle.dz\/?s={search_term_string}"},"query-input":{"@type":"PropertyValueSpecification","valueRequired":true,"valueName":"search_term_string"}}],"inLanguage":"fr-FR"},{"@type":"Organization","@id":"https:\/\/lasentinelle.dz\/#organization","name":"Quotidien La Sentinelle","url":"https:\/\/lasentinelle.dz\/","logo":{"@type":"ImageObject","inLanguage":"fr-FR","@id":"https:\/\/lasentinelle.dz\/#\/schema\/logo\/image\/","url":"https:\/\/lasentinelle.dz\/wp-content\/uploads\/2021\/09\/logo-sentinelleSLOGAN-1.png","contentUrl":"https:\/\/lasentinelle.dz\/wp-content\/uploads\/2021\/09\/logo-sentinelleSLOGAN-1.png","width":615,"height":142,"caption":"Quotidien La Sentinelle"},"image":{"@id":"https:\/\/lasentinelle.dz\/#\/schema\/logo\/image\/"},"sameAs":["https:\/\/www.facebook.com\/La-Sentinelle-104059864394773"]},{"@type":"Person","@id":"https:\/\/lasentinelle.dz\/#\/schema\/person\/d865044e22e70a75174ce8bcad3acfb3","name":"La Sentinelle","image":{"@type":"ImageObject","inLanguage":"fr-FR","@id":"https:\/\/secure.gravatar.com\/avatar\/57de8e5d4b15d43fb361a71fbb36338450fe67865b528a43dd10ef7c51a20392?s=96&d=mm&r=g","url":"https:\/\/secure.gravatar.com\/avatar\/57de8e5d4b15d43fb361a71fbb36338450fe67865b528a43dd10ef7c51a20392?s=96&d=mm&r=g","contentUrl":"https:\/\/secure.gravatar.com\/avatar\/57de8e5d4b15d43fb361a71fbb36338450fe67865b528a43dd10ef7c51a20392?s=96&d=mm&r=g","caption":"La Sentinelle"},"sameAs":["http:\/\/www.lasentinelle.dz"],"url":"https:\/\/lasentinelle.dz\/author\/redaction\/"}]}},"_links":{"self":[{"href":"https:\/\/lasentinelle.dz\/index.php\/wp-json\/wp\/v2\/posts\/1974","targetHints":{"allow":["GET"]}}],"collection":[{"href":"https:\/\/lasentinelle.dz\/index.php\/wp-json\/wp\/v2\/posts"}],"about":[{"href":"https:\/\/lasentinelle.dz\/index.php\/wp-json\/wp\/v2\/types\/post"}],"author":[{"embeddable":true,"href":"https:\/\/lasentinelle.dz\/index.php\/wp-json\/wp\/v2\/users\/3"}],"replies":[{"embeddable":true,"href":"https:\/\/lasentinelle.dz\/index.php\/wp-json\/wp\/v2\/comments?post=1974"}],"version-history":[{"count":1,"href":"https:\/\/lasentinelle.dz\/index.php\/wp-json\/wp\/v2\/posts\/1974\/revisions"}],"predecessor-version":[{"id":1991,"href":"https:\/\/lasentinelle.dz\/index.php\/wp-json\/wp\/v2\/posts\/1974\/revisions\/1991"}],"wp:featuredmedia":[{"embeddable":true,"href":"https:\/\/lasentinelle.dz\/index.php\/wp-json\/wp\/v2\/media\/1990"}],"wp:attachment":[{"href":"https:\/\/lasentinelle.dz\/index.php\/wp-json\/wp\/v2\/media?parent=1974"}],"wp:term":[{"taxonomy":"category","embeddable":true,"href":"https:\/\/lasentinelle.dz\/index.php\/wp-json\/wp\/v2\/categories?post=1974"},{"taxonomy":"post_tag","embeddable":true,"href":"https:\/\/lasentinelle.dz\/index.php\/wp-json\/wp\/v2\/tags?post=1974"}],"curies":[{"name":"wp","href":"https:\/\/api.w.org\/{rel}","templated":true}]}}