{"id":19760,"date":"2022-04-13T00:01:00","date_gmt":"2022-04-12T23:01:00","guid":{"rendered":"https:\/\/lasentinelle.dz\/?p=19760"},"modified":"2022-04-12T18:06:36","modified_gmt":"2022-04-12T17:06:36","slug":"il-se-tiendra-les-11-et-12-mai-prochain-alger-abrite-le-forum-africain-sur-linvestissement-et-le-commerce","status":"publish","type":"post","link":"https:\/\/lasentinelle.dz\/index.php\/2022\/04\/13\/il-se-tiendra-les-11-et-12-mai-prochain-alger-abrite-le-forum-africain-sur-linvestissement-et-le-commerce\/","title":{"rendered":"Il se tiendra les 11 et 12 mai prochain\u00a0:\u00a0Alger abrite le\u00a0Forum africain sur l\u2019investissement et le commerce"},"content":{"rendered":"\n<p>Alger abritera, les&nbsp;11 et 12 mai prochain,&nbsp;un forum africain sur l&rsquo;investissement et le commerce sous le th\u00e8me \u00ab\u00a0L&rsquo;Afrique, c&rsquo;est l&rsquo;avenir\u00a0\u00bb, selon le Directeur g\u00e9n\u00e9ral du Centre arabo-africain d&rsquo;investissement et de d\u00e9veloppement (CAAID), Amine Boutalbi. Celui-ci a expliqu\u00e9&nbsp;que \u00ab cet \u00e9v\u00e8nement international&nbsp;qui&nbsp;se d\u00e9clinera sous forme d&rsquo;exposition, ateliers, tables rondes ainsi que de rencontres BtoB et BtoC, vise la vulgarisation des opportunit\u00e9s de commerce et d&rsquo;investissement dans le continent et d&rsquo;impulser les \u00e9changes et le partenariat interafricains \u00bb.&nbsp;&nbsp;Lors d&rsquo;une rencontre, organis\u00e9e lundi soir par le Centre, regroupant des ambassadeurs africains accr\u00e9dit\u00e9s en Alg\u00e9rie, des op\u00e9rateurs \u00e9conomiques et des experts, le m\u00eame responsable a indiqu\u00e9 que \u00ab la manifestation sera l\u2019occasion pour les pays participants&nbsp;de&nbsp;pr\u00e9senter les avantages comparatifs de leurs pays respectifs et d&rsquo;explorer les opportunit\u00e9s d&rsquo;investissement, de commerce et de partenariat \u00bb.<\/p>\n\n\n\n<p>Par ailleurs&nbsp;et sur un autre volet, les participants&nbsp;\u00e0 la rencontre organis\u00e9e par le CAAID lundi,&nbsp;ont notamment d\u00e9battu sur les capacit\u00e9s des produits alg\u00e9riens d&rsquo;acc\u00e9der aux march\u00e9s africains afin de relever le d\u00e9fi d&rsquo;atteindre l&rsquo;objectif de 7 milliards d&rsquo;exportations hors hydrocarbures en 2023. Une r\u00e9union qui a \u00e9t\u00e9 l\u2019occasion&nbsp;pour les&nbsp;ambassadeurs pr\u00e9sents&nbsp;de&nbsp;souligner&nbsp;le r\u00f4le central de l&rsquo;Alg\u00e9rie dans la promotion de l&rsquo;investissement en Afrique, en l&rsquo;invitant \u00e0 partager son expertise notamment en mati\u00e8re d&rsquo;exploitation des hydrocarbures, tout en affichant la volont\u00e9 de leurs pays respectifs \u00e0 fournir toutes les facilitations n\u00e9cessaires pour encourager l&rsquo;acc\u00e8s des produits alg\u00e9riens \u00e0 leurs march\u00e9s. C\u2019est,&nbsp;par ailleurs,&nbsp;dans ce m\u00eame ordre d\u2019id\u00e9e que la ZLECAF a \u00e9t\u00e9 largement \u00e9t\u00e9 au menu des&nbsp;d\u00e9bats&nbsp;qui ont soulign\u00e9 son importance dans le d\u00e9veloppement du commerce sur le continent africain.<\/p>\n\n\n\n<p>Notons que ce n\u2019est pas la premi\u00e8re fois que&nbsp;&nbsp;l\u2019Alg\u00e9rie est appel\u00e9e \u00e0 accompagner, par son exp\u00e9rience et ses capacit\u00e9s, le d\u00e9veloppement du commerce sur le continent noir. Lors du Forum africain de l&rsquo;investissement et du Commerce organis\u00e9 l\u2019ann\u00e9e derni\u00e8re, les participants n\u2019ont pas manqu\u00e9 de faire appel \u00e0 notre pays pour conduire les pays du continent vers la cristallisation de leur march\u00e9 commun, escompt\u00e9 dans le cadre de la Zone de libre \u00e9change commercial africain (ZLECAF), entr\u00e9e en vigueur le 1er janvier 2021. Tenu sous le th\u00e8me \u00ab\u00a0La production africaine\u00a0\u00bb, le pr\u00e9c\u00e9dent Forum de l\u2019ann\u00e9e 2021 a, pour rappel, r\u00e9uni quelque 350 op\u00e9rateurs \u00e9conomiques venus de plus de 49 pays africains.<\/p>\n\n\n\n<p>Enfin, il convient de rappeler que l\u2019Alg\u00e9rie, de part ses capacit\u00e9s \u00e9conomiques, financi\u00e8res et techniques outre sa situation g\u00e9ographique repr\u00e9sente le moteur du d\u00e9veloppement du continent africain. Son r\u00f4le dans ce domaine ne date pas d\u2019hier. L\u2019Alg\u00e9rie est l\u2019\u00e9l\u00e9ment moteur dans la cr\u00e9ation de la Zone de Libre-\u00e9change africaine (Zlecaf) et le pays assure la r\u00e9alisation&nbsp;la plus grande partie de la route transsaharienne destin\u00e9e \u00e0 renforcer les \u00e9changes commerciaux entre les pays du continent. D\u2019ailleurs, nous assistons, ces derni\u00e8res ann\u00e9es, \u00e0 une visible perc\u00e9e des produits alg\u00e9riens, dans les march\u00e9s de nombreux pays africains, y compris d\u2019Afrique de l\u2019Ouest tel que le S\u00e9n\u00e9gal.&nbsp;&nbsp;<\/p>\n\n\n\n<p><strong>Kamel Nait Ameur<\/strong><\/p>\n","protected":false},"excerpt":{"rendered":"<p>Alger abritera, les&nbsp;11 et 12 mai prochain,&nbsp;un forum africain sur l&rsquo;investissement et le commerce sous le th\u00e8me \u00ab\u00a0L&rsquo;Afrique, c&rsquo;est l&rsquo;avenir\u00a0\u00bb,<\/p>\n","protected":false},"author":3,"featured_media":19770,"comment_status":"open","ping_status":"closed","sticky":false,"template":"","format":"standard","meta":{"colormag_page_container_layout":"default_layout","colormag_page_sidebar_layout":"default_layout","om_disable_all_campaigns":false,"_monsterinsights_skip_tracking":false,"_monsterinsights_sitenote_active":false,"_monsterinsights_sitenote_note":"","_monsterinsights_sitenote_category":0,"footnotes":"","_wpscppro_dont_share_socialmedia":false,"_wpscppro_custom_social_share_image":0,"_facebook_share_type":"","_twitter_share_type":"","_linkedin_share_type":"","_pinterest_share_type":"","_linkedin_share_type_page":"","_instagram_share_type":"","_medium_share_type":"","_threads_share_type":"","_google_business_share_type":"","_selected_social_profile":[],"_wpsp_enable_custom_social_template":false,"_wpsp_social_scheduling":{"enabled":false,"datetime":null,"platforms":[],"status":"template_only","dateOption":"today","timeOption":"now","customDays":"","customHours":"","customDate":"","customTime":"","schedulingType":"absolute"},"_wpsp_active_default_template":true},"categories":[29],"tags":[],"class_list":["post-19760","post","type-post","status-publish","format-standard","has-post-thumbnail","hentry","category-economie"],"aioseo_notices":[],"yoast_head":"<!-- This site is optimized with the Yoast SEO plugin v27.5 - https:\/\/yoast.com\/product\/yoast-seo-wordpress\/ -->\n<title>Il se tiendra les 11 et 12 mai prochain\u00a0:\u00a0Alger abrite le\u00a0Forum africain sur l\u2019investissement et le commerce - La Sentinelle<\/title>\n<meta name=\"robots\" content=\"index, follow, max-snippet:-1, max-image-preview:large, max-video-preview:-1\" \/>\n<link rel=\"canonical\" href=\"https:\/\/lasentinelle.dz\/index.php\/2022\/04\/13\/il-se-tiendra-les-11-et-12-mai-prochain-alger-abrite-le-forum-africain-sur-linvestissement-et-le-commerce\/\" \/>\n<meta property=\"og:locale\" content=\"fr_FR\" \/>\n<meta property=\"og:type\" content=\"article\" \/>\n<meta property=\"og:title\" content=\"Il se tiendra les 11 et 12 mai prochain\u00a0:\u00a0Alger abrite le\u00a0Forum africain sur l\u2019investissement et le commerce - La Sentinelle\" \/>\n<meta property=\"og:description\" content=\"Alger abritera, les&nbsp;11 et 12 mai prochain,&nbsp;un forum africain sur l&rsquo;investissement et le commerce sous le th\u00e8me \u00ab\u00a0L&rsquo;Afrique, c&rsquo;est l&rsquo;avenir\u00a0\u00bb,\" \/>\n<meta property=\"og:url\" content=\"https:\/\/lasentinelle.dz\/index.php\/2022\/04\/13\/il-se-tiendra-les-11-et-12-mai-prochain-alger-abrite-le-forum-africain-sur-linvestissement-et-le-commerce\/\" \/>\n<meta property=\"og:site_name\" content=\"La Sentinelle\" \/>\n<meta property=\"article:publisher\" content=\"https:\/\/www.facebook.com\/La-Sentinelle-104059864394773\" \/>\n<meta property=\"article:published_time\" content=\"2022-04-12T23:01:00+00:00\" \/>\n<meta property=\"og:image\" content=\"https:\/\/lasentinelle.dz\/wp-content\/uploads\/2022\/04\/67e8_1.png\" \/>\n\t<meta property=\"og:image:width\" content=\"2040\" \/>\n\t<meta property=\"og:image:height\" content=\"900\" \/>\n\t<meta property=\"og:image:type\" content=\"image\/png\" \/>\n<meta name=\"author\" content=\"La Sentinelle\" \/>\n<meta name=\"twitter:card\" content=\"summary_large_image\" \/>\n<meta name=\"twitter:label1\" content=\"\u00c9crit par\" \/>\n\t<meta name=\"twitter:data1\" content=\"La Sentinelle\" \/>\n\t<meta name=\"twitter:label2\" content=\"Dur\u00e9e de lecture estim\u00e9e\" \/>\n\t<meta name=\"twitter:data2\" content=\"3 minutes\" \/>\n<script type=\"application\/ld+json\" class=\"yoast-schema-graph\">{\"@context\":\"https:\\\/\\\/schema.org\",\"@graph\":[{\"@type\":\"Article\",\"@id\":\"https:\\\/\\\/lasentinelle.dz\\\/index.php\\\/2022\\\/04\\\/13\\\/il-se-tiendra-les-11-et-12-mai-prochain-alger-abrite-le-forum-africain-sur-linvestissement-et-le-commerce\\\/#article\",\"isPartOf\":{\"@id\":\"https:\\\/\\\/lasentinelle.dz\\\/index.php\\\/2022\\\/04\\\/13\\\/il-se-tiendra-les-11-et-12-mai-prochain-alger-abrite-le-forum-africain-sur-linvestissement-et-le-commerce\\\/\"},\"author\":{\"name\":\"La Sentinelle\",\"@id\":\"https:\\\/\\\/lasentinelle.dz\\\/#\\\/schema\\\/person\\\/d865044e22e70a75174ce8bcad3acfb3\"},\"headline\":\"Il se tiendra les 11 et 12 mai prochain\u00a0:\u00a0Alger abrite le\u00a0Forum africain sur l\u2019investissement et le commerce\",\"datePublished\":\"2022-04-12T23:01:00+00:00\",\"mainEntityOfPage\":{\"@id\":\"https:\\\/\\\/lasentinelle.dz\\\/index.php\\\/2022\\\/04\\\/13\\\/il-se-tiendra-les-11-et-12-mai-prochain-alger-abrite-le-forum-africain-sur-linvestissement-et-le-commerce\\\/\"},\"wordCount\":626,\"commentCount\":0,\"publisher\":{\"@id\":\"https:\\\/\\\/lasentinelle.dz\\\/#organization\"},\"image\":{\"@id\":\"https:\\\/\\\/lasentinelle.dz\\\/index.php\\\/2022\\\/04\\\/13\\\/il-se-tiendra-les-11-et-12-mai-prochain-alger-abrite-le-forum-africain-sur-linvestissement-et-le-commerce\\\/#primaryimage\"},\"thumbnailUrl\":\"https:\\\/\\\/lasentinelle.dz\\\/wp-content\\\/uploads\\\/2022\\\/04\\\/67e8_1.png\",\"articleSection\":[\"\u00c9conomie\"],\"inLanguage\":\"fr-FR\",\"potentialAction\":[{\"@type\":\"CommentAction\",\"name\":\"Comment\",\"target\":[\"https:\\\/\\\/lasentinelle.dz\\\/index.php\\\/2022\\\/04\\\/13\\\/il-se-tiendra-les-11-et-12-mai-prochain-alger-abrite-le-forum-africain-sur-linvestissement-et-le-commerce\\\/#respond\"]}]},{\"@type\":\"WebPage\",\"@id\":\"https:\\\/\\\/lasentinelle.dz\\\/index.php\\\/2022\\\/04\\\/13\\\/il-se-tiendra-les-11-et-12-mai-prochain-alger-abrite-le-forum-africain-sur-linvestissement-et-le-commerce\\\/\",\"url\":\"https:\\\/\\\/lasentinelle.dz\\\/index.php\\\/2022\\\/04\\\/13\\\/il-se-tiendra-les-11-et-12-mai-prochain-alger-abrite-le-forum-africain-sur-linvestissement-et-le-commerce\\\/\",\"name\":\"Il se tiendra les 11 et 12 mai prochain\u00a0:\u00a0Alger abrite le\u00a0Forum africain sur l\u2019investissement et le commerce - La Sentinelle\",\"isPartOf\":{\"@id\":\"https:\\\/\\\/lasentinelle.dz\\\/#website\"},\"primaryImageOfPage\":{\"@id\":\"https:\\\/\\\/lasentinelle.dz\\\/index.php\\\/2022\\\/04\\\/13\\\/il-se-tiendra-les-11-et-12-mai-prochain-alger-abrite-le-forum-africain-sur-linvestissement-et-le-commerce\\\/#primaryimage\"},\"image\":{\"@id\":\"https:\\\/\\\/lasentinelle.dz\\\/index.php\\\/2022\\\/04\\\/13\\\/il-se-tiendra-les-11-et-12-mai-prochain-alger-abrite-le-forum-africain-sur-linvestissement-et-le-commerce\\\/#primaryimage\"},\"thumbnailUrl\":\"https:\\\/\\\/lasentinelle.dz\\\/wp-content\\\/uploads\\\/2022\\\/04\\\/67e8_1.png\",\"datePublished\":\"2022-04-12T23:01:00+00:00\",\"breadcrumb\":{\"@id\":\"https:\\\/\\\/lasentinelle.dz\\\/index.php\\\/2022\\\/04\\\/13\\\/il-se-tiendra-les-11-et-12-mai-prochain-alger-abrite-le-forum-africain-sur-linvestissement-et-le-commerce\\\/#breadcrumb\"},\"inLanguage\":\"fr-FR\",\"potentialAction\":[{\"@type\":\"ReadAction\",\"target\":[\"https:\\\/\\\/lasentinelle.dz\\\/index.php\\\/2022\\\/04\\\/13\\\/il-se-tiendra-les-11-et-12-mai-prochain-alger-abrite-le-forum-africain-sur-linvestissement-et-le-commerce\\\/\"]}]},{\"@type\":\"ImageObject\",\"inLanguage\":\"fr-FR\",\"@id\":\"https:\\\/\\\/lasentinelle.dz\\\/index.php\\\/2022\\\/04\\\/13\\\/il-se-tiendra-les-11-et-12-mai-prochain-alger-abrite-le-forum-africain-sur-linvestissement-et-le-commerce\\\/#primaryimage\",\"url\":\"https:\\\/\\\/lasentinelle.dz\\\/wp-content\\\/uploads\\\/2022\\\/04\\\/67e8_1.png\",\"contentUrl\":\"https:\\\/\\\/lasentinelle.dz\\\/wp-content\\\/uploads\\\/2022\\\/04\\\/67e8_1.png\",\"width\":2040,\"height\":900},{\"@type\":\"BreadcrumbList\",\"@id\":\"https:\\\/\\\/lasentinelle.dz\\\/index.php\\\/2022\\\/04\\\/13\\\/il-se-tiendra-les-11-et-12-mai-prochain-alger-abrite-le-forum-africain-sur-linvestissement-et-le-commerce\\\/#breadcrumb\",\"itemListElement\":[{\"@type\":\"ListItem\",\"position\":1,\"name\":\"Accueil\",\"item\":\"https:\\\/\\\/lasentinelle.dz\\\/\"},{\"@type\":\"ListItem\",\"position\":2,\"name\":\"Il se tiendra les 11 et 12 mai prochain\u00a0:\u00a0Alger abrite le\u00a0Forum africain sur l\u2019investissement et le commerce\"}]},{\"@type\":\"WebSite\",\"@id\":\"https:\\\/\\\/lasentinelle.dz\\\/#website\",\"url\":\"https:\\\/\\\/lasentinelle.dz\\\/\",\"name\":\"La Sentinelle\",\"description\":\"Quotidien national d&#039;information\",\"publisher\":{\"@id\":\"https:\\\/\\\/lasentinelle.dz\\\/#organization\"},\"potentialAction\":[{\"@type\":\"SearchAction\",\"target\":{\"@type\":\"EntryPoint\",\"urlTemplate\":\"https:\\\/\\\/lasentinelle.dz\\\/?s={search_term_string}\"},\"query-input\":{\"@type\":\"PropertyValueSpecification\",\"valueRequired\":true,\"valueName\":\"search_term_string\"}}],\"inLanguage\":\"fr-FR\"},{\"@type\":\"Organization\",\"@id\":\"https:\\\/\\\/lasentinelle.dz\\\/#organization\",\"name\":\"Quotidien La Sentinelle\",\"url\":\"https:\\\/\\\/lasentinelle.dz\\\/\",\"logo\":{\"@type\":\"ImageObject\",\"inLanguage\":\"fr-FR\",\"@id\":\"https:\\\/\\\/lasentinelle.dz\\\/#\\\/schema\\\/logo\\\/image\\\/\",\"url\":\"https:\\\/\\\/lasentinelle.dz\\\/wp-content\\\/uploads\\\/2021\\\/09\\\/logo-sentinelleSLOGAN-1.png\",\"contentUrl\":\"https:\\\/\\\/lasentinelle.dz\\\/wp-content\\\/uploads\\\/2021\\\/09\\\/logo-sentinelleSLOGAN-1.png\",\"width\":615,\"height\":142,\"caption\":\"Quotidien La Sentinelle\"},\"image\":{\"@id\":\"https:\\\/\\\/lasentinelle.dz\\\/#\\\/schema\\\/logo\\\/image\\\/\"},\"sameAs\":[\"https:\\\/\\\/www.facebook.com\\\/La-Sentinelle-104059864394773\"]},{\"@type\":\"Person\",\"@id\":\"https:\\\/\\\/lasentinelle.dz\\\/#\\\/schema\\\/person\\\/d865044e22e70a75174ce8bcad3acfb3\",\"name\":\"La Sentinelle\",\"image\":{\"@type\":\"ImageObject\",\"inLanguage\":\"fr-FR\",\"@id\":\"https:\\\/\\\/secure.gravatar.com\\\/avatar\\\/57de8e5d4b15d43fb361a71fbb36338450fe67865b528a43dd10ef7c51a20392?s=96&d=mm&r=g\",\"url\":\"https:\\\/\\\/secure.gravatar.com\\\/avatar\\\/57de8e5d4b15d43fb361a71fbb36338450fe67865b528a43dd10ef7c51a20392?s=96&d=mm&r=g\",\"contentUrl\":\"https:\\\/\\\/secure.gravatar.com\\\/avatar\\\/57de8e5d4b15d43fb361a71fbb36338450fe67865b528a43dd10ef7c51a20392?s=96&d=mm&r=g\",\"caption\":\"La Sentinelle\"},\"sameAs\":[\"http:\\\/\\\/www.lasentinelle.dz\"],\"url\":\"https:\\\/\\\/lasentinelle.dz\\\/author\\\/redaction\\\/\"}]}<\/script>\n<!-- \/ Yoast SEO plugin. -->","yoast_head_json":{"title":"Il se tiendra les 11 et 12 mai prochain\u00a0:\u00a0Alger abrite le\u00a0Forum africain sur l\u2019investissement et le commerce - La Sentinelle","robots":{"index":"index","follow":"follow","max-snippet":"max-snippet:-1","max-image-preview":"max-image-preview:large","max-video-preview":"max-video-preview:-1"},"canonical":"https:\/\/lasentinelle.dz\/index.php\/2022\/04\/13\/il-se-tiendra-les-11-et-12-mai-prochain-alger-abrite-le-forum-africain-sur-linvestissement-et-le-commerce\/","og_locale":"fr_FR","og_type":"article","og_title":"Il se tiendra les 11 et 12 mai prochain\u00a0:\u00a0Alger abrite le\u00a0Forum africain sur l\u2019investissement et le commerce - La Sentinelle","og_description":"Alger abritera, les&nbsp;11 et 12 mai prochain,&nbsp;un forum africain sur l&rsquo;investissement et le commerce sous le th\u00e8me \u00ab\u00a0L&rsquo;Afrique, c&rsquo;est l&rsquo;avenir\u00a0\u00bb,","og_url":"https:\/\/lasentinelle.dz\/index.php\/2022\/04\/13\/il-se-tiendra-les-11-et-12-mai-prochain-alger-abrite-le-forum-africain-sur-linvestissement-et-le-commerce\/","og_site_name":"La Sentinelle","article_publisher":"https:\/\/www.facebook.com\/La-Sentinelle-104059864394773","article_published_time":"2022-04-12T23:01:00+00:00","og_image":[{"width":2040,"height":900,"url":"https:\/\/lasentinelle.dz\/wp-content\/uploads\/2022\/04\/67e8_1.png","type":"image\/png"}],"author":"La Sentinelle","twitter_card":"summary_large_image","twitter_misc":{"\u00c9crit par":"La Sentinelle","Dur\u00e9e de lecture estim\u00e9e":"3 minutes"},"schema":{"@context":"https:\/\/schema.org","@graph":[{"@type":"Article","@id":"https:\/\/lasentinelle.dz\/index.php\/2022\/04\/13\/il-se-tiendra-les-11-et-12-mai-prochain-alger-abrite-le-forum-africain-sur-linvestissement-et-le-commerce\/#article","isPartOf":{"@id":"https:\/\/lasentinelle.dz\/index.php\/2022\/04\/13\/il-se-tiendra-les-11-et-12-mai-prochain-alger-abrite-le-forum-africain-sur-linvestissement-et-le-commerce\/"},"author":{"name":"La Sentinelle","@id":"https:\/\/lasentinelle.dz\/#\/schema\/person\/d865044e22e70a75174ce8bcad3acfb3"},"headline":"Il se tiendra les 11 et 12 mai prochain\u00a0:\u00a0Alger abrite le\u00a0Forum africain sur l\u2019investissement et le commerce","datePublished":"2022-04-12T23:01:00+00:00","mainEntityOfPage":{"@id":"https:\/\/lasentinelle.dz\/index.php\/2022\/04\/13\/il-se-tiendra-les-11-et-12-mai-prochain-alger-abrite-le-forum-africain-sur-linvestissement-et-le-commerce\/"},"wordCount":626,"commentCount":0,"publisher":{"@id":"https:\/\/lasentinelle.dz\/#organization"},"image":{"@id":"https:\/\/lasentinelle.dz\/index.php\/2022\/04\/13\/il-se-tiendra-les-11-et-12-mai-prochain-alger-abrite-le-forum-africain-sur-linvestissement-et-le-commerce\/#primaryimage"},"thumbnailUrl":"https:\/\/lasentinelle.dz\/wp-content\/uploads\/2022\/04\/67e8_1.png","articleSection":["\u00c9conomie"],"inLanguage":"fr-FR","potentialAction":[{"@type":"CommentAction","name":"Comment","target":["https:\/\/lasentinelle.dz\/index.php\/2022\/04\/13\/il-se-tiendra-les-11-et-12-mai-prochain-alger-abrite-le-forum-africain-sur-linvestissement-et-le-commerce\/#respond"]}]},{"@type":"WebPage","@id":"https:\/\/lasentinelle.dz\/index.php\/2022\/04\/13\/il-se-tiendra-les-11-et-12-mai-prochain-alger-abrite-le-forum-africain-sur-linvestissement-et-le-commerce\/","url":"https:\/\/lasentinelle.dz\/index.php\/2022\/04\/13\/il-se-tiendra-les-11-et-12-mai-prochain-alger-abrite-le-forum-africain-sur-linvestissement-et-le-commerce\/","name":"Il se tiendra les 11 et 12 mai prochain\u00a0:\u00a0Alger abrite le\u00a0Forum africain sur l\u2019investissement et le commerce - La Sentinelle","isPartOf":{"@id":"https:\/\/lasentinelle.dz\/#website"},"primaryImageOfPage":{"@id":"https:\/\/lasentinelle.dz\/index.php\/2022\/04\/13\/il-se-tiendra-les-11-et-12-mai-prochain-alger-abrite-le-forum-africain-sur-linvestissement-et-le-commerce\/#primaryimage"},"image":{"@id":"https:\/\/lasentinelle.dz\/index.php\/2022\/04\/13\/il-se-tiendra-les-11-et-12-mai-prochain-alger-abrite-le-forum-africain-sur-linvestissement-et-le-commerce\/#primaryimage"},"thumbnailUrl":"https:\/\/lasentinelle.dz\/wp-content\/uploads\/2022\/04\/67e8_1.png","datePublished":"2022-04-12T23:01:00+00:00","breadcrumb":{"@id":"https:\/\/lasentinelle.dz\/index.php\/2022\/04\/13\/il-se-tiendra-les-11-et-12-mai-prochain-alger-abrite-le-forum-africain-sur-linvestissement-et-le-commerce\/#breadcrumb"},"inLanguage":"fr-FR","potentialAction":[{"@type":"ReadAction","target":["https:\/\/lasentinelle.dz\/index.php\/2022\/04\/13\/il-se-tiendra-les-11-et-12-mai-prochain-alger-abrite-le-forum-africain-sur-linvestissement-et-le-commerce\/"]}]},{"@type":"ImageObject","inLanguage":"fr-FR","@id":"https:\/\/lasentinelle.dz\/index.php\/2022\/04\/13\/il-se-tiendra-les-11-et-12-mai-prochain-alger-abrite-le-forum-africain-sur-linvestissement-et-le-commerce\/#primaryimage","url":"https:\/\/lasentinelle.dz\/wp-content\/uploads\/2022\/04\/67e8_1.png","contentUrl":"https:\/\/lasentinelle.dz\/wp-content\/uploads\/2022\/04\/67e8_1.png","width":2040,"height":900},{"@type":"BreadcrumbList","@id":"https:\/\/lasentinelle.dz\/index.php\/2022\/04\/13\/il-se-tiendra-les-11-et-12-mai-prochain-alger-abrite-le-forum-africain-sur-linvestissement-et-le-commerce\/#breadcrumb","itemListElement":[{"@type":"ListItem","position":1,"name":"Accueil","item":"https:\/\/lasentinelle.dz\/"},{"@type":"ListItem","position":2,"name":"Il se tiendra les 11 et 12 mai prochain\u00a0:\u00a0Alger abrite le\u00a0Forum africain sur l\u2019investissement et le commerce"}]},{"@type":"WebSite","@id":"https:\/\/lasentinelle.dz\/#website","url":"https:\/\/lasentinelle.dz\/","name":"La Sentinelle","description":"Quotidien national d&#039;information","publisher":{"@id":"https:\/\/lasentinelle.dz\/#organization"},"potentialAction":[{"@type":"SearchAction","target":{"@type":"EntryPoint","urlTemplate":"https:\/\/lasentinelle.dz\/?s={search_term_string}"},"query-input":{"@type":"PropertyValueSpecification","valueRequired":true,"valueName":"search_term_string"}}],"inLanguage":"fr-FR"},{"@type":"Organization","@id":"https:\/\/lasentinelle.dz\/#organization","name":"Quotidien La Sentinelle","url":"https:\/\/lasentinelle.dz\/","logo":{"@type":"ImageObject","inLanguage":"fr-FR","@id":"https:\/\/lasentinelle.dz\/#\/schema\/logo\/image\/","url":"https:\/\/lasentinelle.dz\/wp-content\/uploads\/2021\/09\/logo-sentinelleSLOGAN-1.png","contentUrl":"https:\/\/lasentinelle.dz\/wp-content\/uploads\/2021\/09\/logo-sentinelleSLOGAN-1.png","width":615,"height":142,"caption":"Quotidien La Sentinelle"},"image":{"@id":"https:\/\/lasentinelle.dz\/#\/schema\/logo\/image\/"},"sameAs":["https:\/\/www.facebook.com\/La-Sentinelle-104059864394773"]},{"@type":"Person","@id":"https:\/\/lasentinelle.dz\/#\/schema\/person\/d865044e22e70a75174ce8bcad3acfb3","name":"La Sentinelle","image":{"@type":"ImageObject","inLanguage":"fr-FR","@id":"https:\/\/secure.gravatar.com\/avatar\/57de8e5d4b15d43fb361a71fbb36338450fe67865b528a43dd10ef7c51a20392?s=96&d=mm&r=g","url":"https:\/\/secure.gravatar.com\/avatar\/57de8e5d4b15d43fb361a71fbb36338450fe67865b528a43dd10ef7c51a20392?s=96&d=mm&r=g","contentUrl":"https:\/\/secure.gravatar.com\/avatar\/57de8e5d4b15d43fb361a71fbb36338450fe67865b528a43dd10ef7c51a20392?s=96&d=mm&r=g","caption":"La Sentinelle"},"sameAs":["http:\/\/www.lasentinelle.dz"],"url":"https:\/\/lasentinelle.dz\/author\/redaction\/"}]}},"_links":{"self":[{"href":"https:\/\/lasentinelle.dz\/index.php\/wp-json\/wp\/v2\/posts\/19760","targetHints":{"allow":["GET"]}}],"collection":[{"href":"https:\/\/lasentinelle.dz\/index.php\/wp-json\/wp\/v2\/posts"}],"about":[{"href":"https:\/\/lasentinelle.dz\/index.php\/wp-json\/wp\/v2\/types\/post"}],"author":[{"embeddable":true,"href":"https:\/\/lasentinelle.dz\/index.php\/wp-json\/wp\/v2\/users\/3"}],"replies":[{"embeddable":true,"href":"https:\/\/lasentinelle.dz\/index.php\/wp-json\/wp\/v2\/comments?post=19760"}],"version-history":[{"count":1,"href":"https:\/\/lasentinelle.dz\/index.php\/wp-json\/wp\/v2\/posts\/19760\/revisions"}],"predecessor-version":[{"id":19771,"href":"https:\/\/lasentinelle.dz\/index.php\/wp-json\/wp\/v2\/posts\/19760\/revisions\/19771"}],"wp:featuredmedia":[{"embeddable":true,"href":"https:\/\/lasentinelle.dz\/index.php\/wp-json\/wp\/v2\/media\/19770"}],"wp:attachment":[{"href":"https:\/\/lasentinelle.dz\/index.php\/wp-json\/wp\/v2\/media?parent=19760"}],"wp:term":[{"taxonomy":"category","embeddable":true,"href":"https:\/\/lasentinelle.dz\/index.php\/wp-json\/wp\/v2\/categories?post=19760"},{"taxonomy":"post_tag","embeddable":true,"href":"https:\/\/lasentinelle.dz\/index.php\/wp-json\/wp\/v2\/tags?post=19760"}],"curies":[{"name":"wp","href":"https:\/\/api.w.org\/{rel}","templated":true}]}}