{"id":19763,"date":"2022-04-13T00:05:00","date_gmt":"2022-04-12T23:05:00","guid":{"rendered":"https:\/\/lasentinelle.dz\/?p=19763"},"modified":"2022-04-12T20:54:28","modified_gmt":"2022-04-12T19:54:28","slug":"sante-benbouzid-exige-la-reouverture-des-salles-doperations-inutilisees","status":"publish","type":"post","link":"https:\/\/lasentinelle.dz\/index.php\/2022\/04\/13\/sante-benbouzid-exige-la-reouverture-des-salles-doperations-inutilisees\/","title":{"rendered":"Sant\u00e9\u00a0:\u00a0Benbouzid\u00a0exige\u00a0la r\u00e9ouverture des salles d\u2019op\u00e9rations inutilis\u00e9es"},"content":{"rendered":"\n<p>Le ministre de la Sant\u00e9, de la Population et de la R\u00e9forme hospitali\u00e8re,&nbsp;le&nbsp;Pr.&nbsp;Abderrahmane Benbouzid a appel\u00e9 les responsables de son secteur \u00e0 travers les wilayas \u00e0 \u00ab mettre \u00e0 profit la disponibilit\u00e9 des ressources humaines requises&nbsp;pour proc\u00e9der \u00e0 la r\u00e9ouverture des salles d\u2019op\u00e9ration actuellement inutilis\u00e9es pour pouvoir am\u00e9liorer les prestations&nbsp;aux malades \u00bb.&nbsp;<\/p>\n\n\n\n<p>L\u2019instruction a \u00e9t\u00e9 donn\u00e9e,&nbsp;lundi, \u00e0 l\u2019issue de la r\u00e9union hebdomadaire qui l\u2019a regroup\u00e9 par le moyen de la visioconf\u00e9rence avec les directeurs de la sant\u00e9 de toutes les wilayas du pays, selon un communiqu\u00e9 du minist\u00e8re. Ce fut \u00e9galement l\u2019occasion pour le ministre de souligner&nbsp;tout&nbsp;\u00ab l\u2019int\u00e9r\u00eat accord\u00e9 par le minist\u00e8re de tutelle \u00e0 la convergence des efforts de tous les intervenants dans l\u2019optique d\u2019offrir&nbsp;aux citoyens des prestations sanitaires de haute qualit\u00e9 \u00bb.&nbsp;Le&nbsp;Pr.&nbsp;Benbouzid n\u2019a pas manqu\u00e9 non plus de mettre l\u2019accent sur \u00ab la n\u00e9cessit\u00e9 de r\u00e9aliser plus de centres sp\u00e9cialis\u00e9s dans les urgences m\u00e9dicales et les urgences chirurgicales outre la cr\u00e9ation de grands p\u00f4les dans les plus grandes villes du pays \u00e0 l\u2019instar de la ville d\u2019Oran, Annaba et Alger tel que recommand\u00e9 par le pr\u00e9sident de la&nbsp;R\u00e9publique \u00bb. Une&nbsp;d\u00e9marche&nbsp;&nbsp;qui&nbsp;&nbsp;doit permettre de&nbsp;garantir&nbsp;des prestations de qualit\u00e9 \u00e9tant donn\u00e9, explique le premier responsable du secteur de la sant\u00e9, que les urgences sont la premi\u00e8re destination de tous les malades.&nbsp;\u00ab La qualit\u00e9 des soins passe \u00bb, selon le ministre de la Sant\u00e9, \u00ab par la dotation des \u00e9tablissements de sant\u00e9 de tous les \u00e9quipements et mat\u00e9riels dont ont besoin&nbsp;&nbsp;les malades \u00bb. Des \u00e9quipements qui doivent \u00eatre disponibles m\u00eame dans tous les \u00e9tablissements de sant\u00e9 de proximit\u00e9 \u00e0 l\u2019instar des polycliniques qui sont d\u2019ailleurs en train d\u2019\u00eatre adapt\u00e9es pour pouvoir assurer les services&nbsp;24h\/24, ajoute&nbsp;lePr.&nbsp;Benbouzid.&nbsp;&nbsp;A la fin de&nbsp;la&nbsp;r\u00e9union p\u00e9riodique avec les responsables de son secteur au niveau des wilayas, le ministre de la Sant\u00e9, de la Population et de la R\u00e9forme hospitali\u00e8re n\u2019a pas manqu\u00e9 de souligner \u00ab le r\u00f4le tr\u00e8s important que jouent les partenaires sociaux \u00bb. \u00ab Des partenaires qui soul\u00e8vent des pr\u00e9occupations qui repr\u00e9sentent des recommandations qu\u2019il faudra prendre en compte dans toutes les d\u00e9marches visant \u00e0 am\u00e9liorer le syst\u00e8me national de sant\u00e9 \u00bb, explique-t-il.<\/p>\n\n\n\n<p>Pour rappel, au cours d\u2019une intervention jeudi&nbsp;devant les membres du Conseil de la nation,&nbsp;le ministre de la Sant\u00e9 a&nbsp;assur\u00e9 que son d\u00e9partement \u00ab \u0153uvrait \u00e0 instaurer une couverture sanitaire universelle dans les r\u00e9gions du&nbsp;Sud et des Hauts Plateaux via des mesures destin\u00e9es \u00e0 l\u2019am\u00e9lioration des conditions socioprofessionnelles&nbsp;&nbsp;des personnels de la sant\u00e9 dans ces r\u00e9gions \u00bb. D\u2019ailleurs, en veut-il pour preuve, le minist\u00e8re de la Sant\u00e9, de la Population et de la R\u00e9forme hospitali\u00e8re a proc\u00e9d\u00e9 \u00e0 \u00ab l&rsquo;ouverture de postes budg\u00e9taires pour le recrutement des personnel m\u00e9dical et param\u00e9dical et les incitations salariales mises en place outre la r\u00e9alisation de plusieurs structures sanitaires dans ces r\u00e9gions \u00bb.&nbsp;<\/p>\n\n\n\n<p>Akli Amor<\/p>\n","protected":false},"excerpt":{"rendered":"<p>Le ministre de la Sant\u00e9, de la Population et de la R\u00e9forme hospitali\u00e8re,&nbsp;le&nbsp;Pr.&nbsp;Abderrahmane Benbouzid a appel\u00e9 les responsables de son<\/p>\n","protected":false},"author":3,"featured_media":19774,"comment_status":"open","ping_status":"closed","sticky":false,"template":"","format":"standard","meta":{"colormag_page_container_layout":"default_layout","colormag_page_sidebar_layout":"default_layout","om_disable_all_campaigns":false,"_monsterinsights_skip_tracking":false,"_monsterinsights_sitenote_active":false,"_monsterinsights_sitenote_note":"","_monsterinsights_sitenote_category":0,"footnotes":"","_wpscppro_dont_share_socialmedia":false,"_wpscppro_custom_social_share_image":0,"_facebook_share_type":"","_twitter_share_type":"","_linkedin_share_type":"","_pinterest_share_type":"","_linkedin_share_type_page":"","_instagram_share_type":"","_medium_share_type":"","_threads_share_type":"","_google_business_share_type":"","_selected_social_profile":[],"_wpsp_enable_custom_social_template":false,"_wpsp_social_scheduling":{"enabled":false,"datetime":null,"platforms":[],"status":"template_only","dateOption":"today","timeOption":"now","customDays":"","customHours":"","customDate":"","customTime":"","schedulingType":"absolute"},"_wpsp_active_default_template":true},"categories":[52,27],"tags":[],"class_list":["post-19763","post","type-post","status-publish","format-standard","has-post-thumbnail","hentry","category-a-la-une","category-actualite"],"aioseo_notices":[],"yoast_head":"<!-- This site is optimized with the Yoast SEO plugin v27.5 - https:\/\/yoast.com\/product\/yoast-seo-wordpress\/ -->\n<title>Sant\u00e9\u00a0:\u00a0Benbouzid\u00a0exige\u00a0la r\u00e9ouverture des salles d\u2019op\u00e9rations inutilis\u00e9es - La Sentinelle<\/title>\n<meta name=\"robots\" content=\"index, follow, max-snippet:-1, max-image-preview:large, max-video-preview:-1\" \/>\n<link rel=\"canonical\" href=\"https:\/\/lasentinelle.dz\/index.php\/2022\/04\/13\/sante-benbouzid-exige-la-reouverture-des-salles-doperations-inutilisees\/\" \/>\n<meta property=\"og:locale\" content=\"fr_FR\" \/>\n<meta property=\"og:type\" content=\"article\" \/>\n<meta property=\"og:title\" content=\"Sant\u00e9\u00a0:\u00a0Benbouzid\u00a0exige\u00a0la r\u00e9ouverture des salles d\u2019op\u00e9rations inutilis\u00e9es - La Sentinelle\" \/>\n<meta property=\"og:description\" content=\"Le ministre de la Sant\u00e9, de la Population et de la R\u00e9forme hospitali\u00e8re,&nbsp;le&nbsp;Pr.&nbsp;Abderrahmane Benbouzid a appel\u00e9 les responsables de son\" \/>\n<meta property=\"og:url\" content=\"https:\/\/lasentinelle.dz\/index.php\/2022\/04\/13\/sante-benbouzid-exige-la-reouverture-des-salles-doperations-inutilisees\/\" \/>\n<meta property=\"og:site_name\" content=\"La Sentinelle\" \/>\n<meta property=\"article:publisher\" content=\"https:\/\/www.facebook.com\/La-Sentinelle-104059864394773\" \/>\n<meta property=\"article:published_time\" content=\"2022-04-12T23:05:00+00:00\" \/>\n<meta property=\"og:image\" content=\"https:\/\/lasentinelle.dz\/wp-content\/uploads\/2022\/04\/benbouzid-1.png\" \/>\n\t<meta property=\"og:image:width\" content=\"405\" \/>\n\t<meta property=\"og:image:height\" content=\"900\" \/>\n\t<meta property=\"og:image:type\" content=\"image\/png\" \/>\n<meta name=\"author\" content=\"La Sentinelle\" \/>\n<meta name=\"twitter:card\" content=\"summary_large_image\" \/>\n<meta name=\"twitter:label1\" content=\"\u00c9crit par\" \/>\n\t<meta name=\"twitter:data1\" content=\"La Sentinelle\" \/>\n\t<meta name=\"twitter:label2\" content=\"Dur\u00e9e de lecture estim\u00e9e\" \/>\n\t<meta name=\"twitter:data2\" content=\"3 minutes\" \/>\n<script type=\"application\/ld+json\" class=\"yoast-schema-graph\">{\"@context\":\"https:\\\/\\\/schema.org\",\"@graph\":[{\"@type\":\"Article\",\"@id\":\"https:\\\/\\\/lasentinelle.dz\\\/index.php\\\/2022\\\/04\\\/13\\\/sante-benbouzid-exige-la-reouverture-des-salles-doperations-inutilisees\\\/#article\",\"isPartOf\":{\"@id\":\"https:\\\/\\\/lasentinelle.dz\\\/index.php\\\/2022\\\/04\\\/13\\\/sante-benbouzid-exige-la-reouverture-des-salles-doperations-inutilisees\\\/\"},\"author\":{\"name\":\"La Sentinelle\",\"@id\":\"https:\\\/\\\/lasentinelle.dz\\\/#\\\/schema\\\/person\\\/d865044e22e70a75174ce8bcad3acfb3\"},\"headline\":\"Sant\u00e9\u00a0:\u00a0Benbouzid\u00a0exige\u00a0la r\u00e9ouverture des salles d\u2019op\u00e9rations inutilis\u00e9es\",\"datePublished\":\"2022-04-12T23:05:00+00:00\",\"mainEntityOfPage\":{\"@id\":\"https:\\\/\\\/lasentinelle.dz\\\/index.php\\\/2022\\\/04\\\/13\\\/sante-benbouzid-exige-la-reouverture-des-salles-doperations-inutilisees\\\/\"},\"wordCount\":581,\"commentCount\":0,\"publisher\":{\"@id\":\"https:\\\/\\\/lasentinelle.dz\\\/#organization\"},\"image\":{\"@id\":\"https:\\\/\\\/lasentinelle.dz\\\/index.php\\\/2022\\\/04\\\/13\\\/sante-benbouzid-exige-la-reouverture-des-salles-doperations-inutilisees\\\/#primaryimage\"},\"thumbnailUrl\":\"https:\\\/\\\/lasentinelle.dz\\\/wp-content\\\/uploads\\\/2022\\\/04\\\/benbouzid-1.png\",\"articleSection\":[\"\u00c0 la Une\",\"Actualit\u00e9\"],\"inLanguage\":\"fr-FR\",\"potentialAction\":[{\"@type\":\"CommentAction\",\"name\":\"Comment\",\"target\":[\"https:\\\/\\\/lasentinelle.dz\\\/index.php\\\/2022\\\/04\\\/13\\\/sante-benbouzid-exige-la-reouverture-des-salles-doperations-inutilisees\\\/#respond\"]}]},{\"@type\":\"WebPage\",\"@id\":\"https:\\\/\\\/lasentinelle.dz\\\/index.php\\\/2022\\\/04\\\/13\\\/sante-benbouzid-exige-la-reouverture-des-salles-doperations-inutilisees\\\/\",\"url\":\"https:\\\/\\\/lasentinelle.dz\\\/index.php\\\/2022\\\/04\\\/13\\\/sante-benbouzid-exige-la-reouverture-des-salles-doperations-inutilisees\\\/\",\"name\":\"Sant\u00e9\u00a0:\u00a0Benbouzid\u00a0exige\u00a0la r\u00e9ouverture des salles d\u2019op\u00e9rations inutilis\u00e9es - La Sentinelle\",\"isPartOf\":{\"@id\":\"https:\\\/\\\/lasentinelle.dz\\\/#website\"},\"primaryImageOfPage\":{\"@id\":\"https:\\\/\\\/lasentinelle.dz\\\/index.php\\\/2022\\\/04\\\/13\\\/sante-benbouzid-exige-la-reouverture-des-salles-doperations-inutilisees\\\/#primaryimage\"},\"image\":{\"@id\":\"https:\\\/\\\/lasentinelle.dz\\\/index.php\\\/2022\\\/04\\\/13\\\/sante-benbouzid-exige-la-reouverture-des-salles-doperations-inutilisees\\\/#primaryimage\"},\"thumbnailUrl\":\"https:\\\/\\\/lasentinelle.dz\\\/wp-content\\\/uploads\\\/2022\\\/04\\\/benbouzid-1.png\",\"datePublished\":\"2022-04-12T23:05:00+00:00\",\"breadcrumb\":{\"@id\":\"https:\\\/\\\/lasentinelle.dz\\\/index.php\\\/2022\\\/04\\\/13\\\/sante-benbouzid-exige-la-reouverture-des-salles-doperations-inutilisees\\\/#breadcrumb\"},\"inLanguage\":\"fr-FR\",\"potentialAction\":[{\"@type\":\"ReadAction\",\"target\":[\"https:\\\/\\\/lasentinelle.dz\\\/index.php\\\/2022\\\/04\\\/13\\\/sante-benbouzid-exige-la-reouverture-des-salles-doperations-inutilisees\\\/\"]}]},{\"@type\":\"ImageObject\",\"inLanguage\":\"fr-FR\",\"@id\":\"https:\\\/\\\/lasentinelle.dz\\\/index.php\\\/2022\\\/04\\\/13\\\/sante-benbouzid-exige-la-reouverture-des-salles-doperations-inutilisees\\\/#primaryimage\",\"url\":\"https:\\\/\\\/lasentinelle.dz\\\/wp-content\\\/uploads\\\/2022\\\/04\\\/benbouzid-1.png\",\"contentUrl\":\"https:\\\/\\\/lasentinelle.dz\\\/wp-content\\\/uploads\\\/2022\\\/04\\\/benbouzid-1.png\",\"width\":405,\"height\":900},{\"@type\":\"BreadcrumbList\",\"@id\":\"https:\\\/\\\/lasentinelle.dz\\\/index.php\\\/2022\\\/04\\\/13\\\/sante-benbouzid-exige-la-reouverture-des-salles-doperations-inutilisees\\\/#breadcrumb\",\"itemListElement\":[{\"@type\":\"ListItem\",\"position\":1,\"name\":\"Accueil\",\"item\":\"https:\\\/\\\/lasentinelle.dz\\\/\"},{\"@type\":\"ListItem\",\"position\":2,\"name\":\"Sant\u00e9\u00a0:\u00a0Benbouzid\u00a0exige\u00a0la r\u00e9ouverture des salles d\u2019op\u00e9rations inutilis\u00e9es\"}]},{\"@type\":\"WebSite\",\"@id\":\"https:\\\/\\\/lasentinelle.dz\\\/#website\",\"url\":\"https:\\\/\\\/lasentinelle.dz\\\/\",\"name\":\"La Sentinelle\",\"description\":\"Quotidien national d&#039;information\",\"publisher\":{\"@id\":\"https:\\\/\\\/lasentinelle.dz\\\/#organization\"},\"potentialAction\":[{\"@type\":\"SearchAction\",\"target\":{\"@type\":\"EntryPoint\",\"urlTemplate\":\"https:\\\/\\\/lasentinelle.dz\\\/?s={search_term_string}\"},\"query-input\":{\"@type\":\"PropertyValueSpecification\",\"valueRequired\":true,\"valueName\":\"search_term_string\"}}],\"inLanguage\":\"fr-FR\"},{\"@type\":\"Organization\",\"@id\":\"https:\\\/\\\/lasentinelle.dz\\\/#organization\",\"name\":\"Quotidien La Sentinelle\",\"url\":\"https:\\\/\\\/lasentinelle.dz\\\/\",\"logo\":{\"@type\":\"ImageObject\",\"inLanguage\":\"fr-FR\",\"@id\":\"https:\\\/\\\/lasentinelle.dz\\\/#\\\/schema\\\/logo\\\/image\\\/\",\"url\":\"https:\\\/\\\/lasentinelle.dz\\\/wp-content\\\/uploads\\\/2021\\\/09\\\/logo-sentinelleSLOGAN-1.png\",\"contentUrl\":\"https:\\\/\\\/lasentinelle.dz\\\/wp-content\\\/uploads\\\/2021\\\/09\\\/logo-sentinelleSLOGAN-1.png\",\"width\":615,\"height\":142,\"caption\":\"Quotidien La Sentinelle\"},\"image\":{\"@id\":\"https:\\\/\\\/lasentinelle.dz\\\/#\\\/schema\\\/logo\\\/image\\\/\"},\"sameAs\":[\"https:\\\/\\\/www.facebook.com\\\/La-Sentinelle-104059864394773\"]},{\"@type\":\"Person\",\"@id\":\"https:\\\/\\\/lasentinelle.dz\\\/#\\\/schema\\\/person\\\/d865044e22e70a75174ce8bcad3acfb3\",\"name\":\"La Sentinelle\",\"image\":{\"@type\":\"ImageObject\",\"inLanguage\":\"fr-FR\",\"@id\":\"https:\\\/\\\/secure.gravatar.com\\\/avatar\\\/57de8e5d4b15d43fb361a71fbb36338450fe67865b528a43dd10ef7c51a20392?s=96&d=mm&r=g\",\"url\":\"https:\\\/\\\/secure.gravatar.com\\\/avatar\\\/57de8e5d4b15d43fb361a71fbb36338450fe67865b528a43dd10ef7c51a20392?s=96&d=mm&r=g\",\"contentUrl\":\"https:\\\/\\\/secure.gravatar.com\\\/avatar\\\/57de8e5d4b15d43fb361a71fbb36338450fe67865b528a43dd10ef7c51a20392?s=96&d=mm&r=g\",\"caption\":\"La Sentinelle\"},\"sameAs\":[\"http:\\\/\\\/www.lasentinelle.dz\"],\"url\":\"https:\\\/\\\/lasentinelle.dz\\\/author\\\/redaction\\\/\"}]}<\/script>\n<!-- \/ Yoast SEO plugin. -->","yoast_head_json":{"title":"Sant\u00e9\u00a0:\u00a0Benbouzid\u00a0exige\u00a0la r\u00e9ouverture des salles d\u2019op\u00e9rations inutilis\u00e9es - La Sentinelle","robots":{"index":"index","follow":"follow","max-snippet":"max-snippet:-1","max-image-preview":"max-image-preview:large","max-video-preview":"max-video-preview:-1"},"canonical":"https:\/\/lasentinelle.dz\/index.php\/2022\/04\/13\/sante-benbouzid-exige-la-reouverture-des-salles-doperations-inutilisees\/","og_locale":"fr_FR","og_type":"article","og_title":"Sant\u00e9\u00a0:\u00a0Benbouzid\u00a0exige\u00a0la r\u00e9ouverture des salles d\u2019op\u00e9rations inutilis\u00e9es - La Sentinelle","og_description":"Le ministre de la Sant\u00e9, de la Population et de la R\u00e9forme hospitali\u00e8re,&nbsp;le&nbsp;Pr.&nbsp;Abderrahmane Benbouzid a appel\u00e9 les responsables de son","og_url":"https:\/\/lasentinelle.dz\/index.php\/2022\/04\/13\/sante-benbouzid-exige-la-reouverture-des-salles-doperations-inutilisees\/","og_site_name":"La Sentinelle","article_publisher":"https:\/\/www.facebook.com\/La-Sentinelle-104059864394773","article_published_time":"2022-04-12T23:05:00+00:00","og_image":[{"width":405,"height":900,"url":"https:\/\/lasentinelle.dz\/wp-content\/uploads\/2022\/04\/benbouzid-1.png","type":"image\/png"}],"author":"La Sentinelle","twitter_card":"summary_large_image","twitter_misc":{"\u00c9crit par":"La Sentinelle","Dur\u00e9e de lecture estim\u00e9e":"3 minutes"},"schema":{"@context":"https:\/\/schema.org","@graph":[{"@type":"Article","@id":"https:\/\/lasentinelle.dz\/index.php\/2022\/04\/13\/sante-benbouzid-exige-la-reouverture-des-salles-doperations-inutilisees\/#article","isPartOf":{"@id":"https:\/\/lasentinelle.dz\/index.php\/2022\/04\/13\/sante-benbouzid-exige-la-reouverture-des-salles-doperations-inutilisees\/"},"author":{"name":"La Sentinelle","@id":"https:\/\/lasentinelle.dz\/#\/schema\/person\/d865044e22e70a75174ce8bcad3acfb3"},"headline":"Sant\u00e9\u00a0:\u00a0Benbouzid\u00a0exige\u00a0la r\u00e9ouverture des salles d\u2019op\u00e9rations inutilis\u00e9es","datePublished":"2022-04-12T23:05:00+00:00","mainEntityOfPage":{"@id":"https:\/\/lasentinelle.dz\/index.php\/2022\/04\/13\/sante-benbouzid-exige-la-reouverture-des-salles-doperations-inutilisees\/"},"wordCount":581,"commentCount":0,"publisher":{"@id":"https:\/\/lasentinelle.dz\/#organization"},"image":{"@id":"https:\/\/lasentinelle.dz\/index.php\/2022\/04\/13\/sante-benbouzid-exige-la-reouverture-des-salles-doperations-inutilisees\/#primaryimage"},"thumbnailUrl":"https:\/\/lasentinelle.dz\/wp-content\/uploads\/2022\/04\/benbouzid-1.png","articleSection":["\u00c0 la Une","Actualit\u00e9"],"inLanguage":"fr-FR","potentialAction":[{"@type":"CommentAction","name":"Comment","target":["https:\/\/lasentinelle.dz\/index.php\/2022\/04\/13\/sante-benbouzid-exige-la-reouverture-des-salles-doperations-inutilisees\/#respond"]}]},{"@type":"WebPage","@id":"https:\/\/lasentinelle.dz\/index.php\/2022\/04\/13\/sante-benbouzid-exige-la-reouverture-des-salles-doperations-inutilisees\/","url":"https:\/\/lasentinelle.dz\/index.php\/2022\/04\/13\/sante-benbouzid-exige-la-reouverture-des-salles-doperations-inutilisees\/","name":"Sant\u00e9\u00a0:\u00a0Benbouzid\u00a0exige\u00a0la r\u00e9ouverture des salles d\u2019op\u00e9rations inutilis\u00e9es - La Sentinelle","isPartOf":{"@id":"https:\/\/lasentinelle.dz\/#website"},"primaryImageOfPage":{"@id":"https:\/\/lasentinelle.dz\/index.php\/2022\/04\/13\/sante-benbouzid-exige-la-reouverture-des-salles-doperations-inutilisees\/#primaryimage"},"image":{"@id":"https:\/\/lasentinelle.dz\/index.php\/2022\/04\/13\/sante-benbouzid-exige-la-reouverture-des-salles-doperations-inutilisees\/#primaryimage"},"thumbnailUrl":"https:\/\/lasentinelle.dz\/wp-content\/uploads\/2022\/04\/benbouzid-1.png","datePublished":"2022-04-12T23:05:00+00:00","breadcrumb":{"@id":"https:\/\/lasentinelle.dz\/index.php\/2022\/04\/13\/sante-benbouzid-exige-la-reouverture-des-salles-doperations-inutilisees\/#breadcrumb"},"inLanguage":"fr-FR","potentialAction":[{"@type":"ReadAction","target":["https:\/\/lasentinelle.dz\/index.php\/2022\/04\/13\/sante-benbouzid-exige-la-reouverture-des-salles-doperations-inutilisees\/"]}]},{"@type":"ImageObject","inLanguage":"fr-FR","@id":"https:\/\/lasentinelle.dz\/index.php\/2022\/04\/13\/sante-benbouzid-exige-la-reouverture-des-salles-doperations-inutilisees\/#primaryimage","url":"https:\/\/lasentinelle.dz\/wp-content\/uploads\/2022\/04\/benbouzid-1.png","contentUrl":"https:\/\/lasentinelle.dz\/wp-content\/uploads\/2022\/04\/benbouzid-1.png","width":405,"height":900},{"@type":"BreadcrumbList","@id":"https:\/\/lasentinelle.dz\/index.php\/2022\/04\/13\/sante-benbouzid-exige-la-reouverture-des-salles-doperations-inutilisees\/#breadcrumb","itemListElement":[{"@type":"ListItem","position":1,"name":"Accueil","item":"https:\/\/lasentinelle.dz\/"},{"@type":"ListItem","position":2,"name":"Sant\u00e9\u00a0:\u00a0Benbouzid\u00a0exige\u00a0la r\u00e9ouverture des salles d\u2019op\u00e9rations inutilis\u00e9es"}]},{"@type":"WebSite","@id":"https:\/\/lasentinelle.dz\/#website","url":"https:\/\/lasentinelle.dz\/","name":"La Sentinelle","description":"Quotidien national d&#039;information","publisher":{"@id":"https:\/\/lasentinelle.dz\/#organization"},"potentialAction":[{"@type":"SearchAction","target":{"@type":"EntryPoint","urlTemplate":"https:\/\/lasentinelle.dz\/?s={search_term_string}"},"query-input":{"@type":"PropertyValueSpecification","valueRequired":true,"valueName":"search_term_string"}}],"inLanguage":"fr-FR"},{"@type":"Organization","@id":"https:\/\/lasentinelle.dz\/#organization","name":"Quotidien La Sentinelle","url":"https:\/\/lasentinelle.dz\/","logo":{"@type":"ImageObject","inLanguage":"fr-FR","@id":"https:\/\/lasentinelle.dz\/#\/schema\/logo\/image\/","url":"https:\/\/lasentinelle.dz\/wp-content\/uploads\/2021\/09\/logo-sentinelleSLOGAN-1.png","contentUrl":"https:\/\/lasentinelle.dz\/wp-content\/uploads\/2021\/09\/logo-sentinelleSLOGAN-1.png","width":615,"height":142,"caption":"Quotidien La Sentinelle"},"image":{"@id":"https:\/\/lasentinelle.dz\/#\/schema\/logo\/image\/"},"sameAs":["https:\/\/www.facebook.com\/La-Sentinelle-104059864394773"]},{"@type":"Person","@id":"https:\/\/lasentinelle.dz\/#\/schema\/person\/d865044e22e70a75174ce8bcad3acfb3","name":"La Sentinelle","image":{"@type":"ImageObject","inLanguage":"fr-FR","@id":"https:\/\/secure.gravatar.com\/avatar\/57de8e5d4b15d43fb361a71fbb36338450fe67865b528a43dd10ef7c51a20392?s=96&d=mm&r=g","url":"https:\/\/secure.gravatar.com\/avatar\/57de8e5d4b15d43fb361a71fbb36338450fe67865b528a43dd10ef7c51a20392?s=96&d=mm&r=g","contentUrl":"https:\/\/secure.gravatar.com\/avatar\/57de8e5d4b15d43fb361a71fbb36338450fe67865b528a43dd10ef7c51a20392?s=96&d=mm&r=g","caption":"La Sentinelle"},"sameAs":["http:\/\/www.lasentinelle.dz"],"url":"https:\/\/lasentinelle.dz\/author\/redaction\/"}]}},"_links":{"self":[{"href":"https:\/\/lasentinelle.dz\/index.php\/wp-json\/wp\/v2\/posts\/19763","targetHints":{"allow":["GET"]}}],"collection":[{"href":"https:\/\/lasentinelle.dz\/index.php\/wp-json\/wp\/v2\/posts"}],"about":[{"href":"https:\/\/lasentinelle.dz\/index.php\/wp-json\/wp\/v2\/types\/post"}],"author":[{"embeddable":true,"href":"https:\/\/lasentinelle.dz\/index.php\/wp-json\/wp\/v2\/users\/3"}],"replies":[{"embeddable":true,"href":"https:\/\/lasentinelle.dz\/index.php\/wp-json\/wp\/v2\/comments?post=19763"}],"version-history":[{"count":1,"href":"https:\/\/lasentinelle.dz\/index.php\/wp-json\/wp\/v2\/posts\/19763\/revisions"}],"predecessor-version":[{"id":19775,"href":"https:\/\/lasentinelle.dz\/index.php\/wp-json\/wp\/v2\/posts\/19763\/revisions\/19775"}],"wp:featuredmedia":[{"embeddable":true,"href":"https:\/\/lasentinelle.dz\/index.php\/wp-json\/wp\/v2\/media\/19774"}],"wp:attachment":[{"href":"https:\/\/lasentinelle.dz\/index.php\/wp-json\/wp\/v2\/media?parent=19763"}],"wp:term":[{"taxonomy":"category","embeddable":true,"href":"https:\/\/lasentinelle.dz\/index.php\/wp-json\/wp\/v2\/categories?post=19763"},{"taxonomy":"post_tag","embeddable":true,"href":"https:\/\/lasentinelle.dz\/index.php\/wp-json\/wp\/v2\/tags?post=19763"}],"curies":[{"name":"wp","href":"https:\/\/api.w.org\/{rel}","templated":true}]}}