{"id":19765,"date":"2022-04-13T00:05:00","date_gmt":"2022-04-12T23:05:00","guid":{"rendered":"https:\/\/lasentinelle.dz\/?p=19765"},"modified":"2022-04-12T20:54:44","modified_gmt":"2022-04-12T19:54:44","slug":"petrole-lopep-pessimiste-sur-les-perspectives-de-demande","status":"publish","type":"post","link":"https:\/\/lasentinelle.dz\/index.php\/2022\/04\/13\/petrole-lopep-pessimiste-sur-les-perspectives-de-demande\/","title":{"rendered":"P\u00e9trole\u00a0: L\u2019Opep pessimiste sur les perspectives de demande"},"content":{"rendered":"\n<p>L\u2019Organisation des pays exportateurs de p\u00e9trole affiche un certain pessimisme quant aux fondamentaux du march\u00e9 p\u00e9trolier. Dans son dernier rapport mensuel, l\u2019Organisation bas\u00e9e \u00e0 Vienne a abaiss\u00e9 ses pr\u00e9visions de demande de p\u00e9trole pour l\u2019ann\u00e9e en cours. Une \u00e9volution des fondamentaux qui devrait d\u2019ailleurs l\u2019inciter \u00e0 s\u2019en tenir \u00e0 la prudence et \u00e0 sa strat\u00e9gie d\u2019augmentation progressive de p\u00e9trole.&nbsp;<\/p>\n\n\n\n<p>L\u2019Opep a indiqu\u00e9 hier dans son rapport&nbsp;que la demande mondiale&nbsp;de p\u00e9trole&nbsp;augmenterait de 3,67 millions de barils par jour (bpj) en 2022, soit 480 000 bpj de moins que sa pr\u00e9c\u00e9dente pr\u00e9vision.&nbsp;Une baisse de la pr\u00e9vision motiv\u00e9e par les cons\u00e9quences de la crise en Ukraine sur la croissance de l\u2019\u00e9conomie mondiale.&nbsp;&nbsp;\u00ab&nbsp;Si l&rsquo;on pr\u00e9voit que la Russie et l&rsquo;Ukraine seront toutes deux confront\u00e9es \u00e0 des r\u00e9cessions en 2022, le reste de l&rsquo;\u00e9conomie mondiale sera \u00e9galement profond\u00e9ment touch\u00e9&nbsp;\u00bb, a&nbsp;explique le document.&nbsp;L\u2019Opep s\u2019en tient \u00e9galement \u00e0 sa ligne de conduite en rejetant les arguments des pays de l\u2019AIE qui veulent imputer la hausse de l\u2019inflation mondiale aux prix de l\u2019\u00e9nergie. Elle rappelle ainsi que \u00ab&nbsp;la forte hausse des prix des produits de base, combin\u00e9e aux goulets d&rsquo;\u00e9tranglement permanents de la cha\u00eene d&rsquo;approvisionnement et aux embouteillages logistiques li\u00e9s au COVID-19 en Chine et ailleurs, alimente l&rsquo;inflation mondiale.&nbsp;\u00bb&nbsp;Malgr\u00e9 cela, la consommation mondiale de p\u00e9trole devrait encore d\u00e9passer la barre des 100 millions de bpj au troisi\u00e8me trimestre, comme le pr\u00e9voit l&rsquo;OPEP.&nbsp;Sur une base annuelle selon l&rsquo;OPEP, le monde a utilis\u00e9 pour la derni\u00e8re fois plus de 100 millions de bpj de p\u00e9trole en 2019.<\/p>\n\n\n\n<p>Il est utile de rappeler dans ce contexte que l\u2019Opep fait face \u00e0 des pressions occidentales afin d\u2019augmenter la production de p\u00e9trole afin d\u2019imposer un embargo p\u00e9trolier. Le&nbsp;secr\u00e9taire g\u00e9n\u00e9ral de l&rsquo;Organisation des pays exportateurs de p\u00e9trole (OPEP), Mohammed Barkindo, a&nbsp;d\u2019ailleurs&nbsp;pr\u00e9venu lundi l&rsquo;Union europ\u00e9enne que les 7 millions de barils par jour d&rsquo;exportations russes qui seraient perdus en raison des sanctions ne pourraient pas \u00eatre int\u00e9gralement remplac\u00e9s.<\/p>\n\n\n\n<p>L\u2019Opep refuse aussi toute augmentation d\u00e9mesur\u00e9e dans la mesure o\u00f9 la hausse des prix actuels sur les march\u00e9s p\u00e9troliers par des facteurs g\u00e9opolitiques li\u00e9s \u00e0 la crise en Ukraine&nbsp;&nbsp;et non par les fondamentaux du march\u00e9. Lors de sa derni\u00e8re r\u00e9union l\u2019Opep et ses alli\u00e9s de l\u2019Opep+ ont d\u00e9cid\u00e9 de s\u2019en tenir \u00e0 leur politique d\u2019augmentation progressive de l\u2019offre en injectant 432.000 barils Jour pour le mois de mai. Il faut \u00e9galement pr\u00e9ciser que les pays de l\u2019alliance peinent \u00e9galement \u00e0 atteindre les objectifs de production en raison des d\u00e9sinvestissements qui marqu\u00e9 la p\u00e9riode de la pand\u00e9mie et qui a vu les prix de l\u2019\u00e9nergie plonger.&nbsp;&nbsp;Le rapport de l&rsquo;OPEP montre que la production de l&rsquo;OPEP en mars n&rsquo;a augment\u00e9 que de 57 000 bpj pour atteindre 28,56 millions de bpj, en retard sur l&rsquo;augmentation de 253.&nbsp;000 bpj que l&rsquo;OPEP est autoris\u00e9e \u00e0 r\u00e9aliser dans le cadre de l&rsquo;accord OPEP+.<\/p>\n\n\n\n<p>Sur les march\u00e9s, les deux r\u00e9f\u00e9rences&nbsp;de cotation&nbsp;du p\u00e9trole grimpaient&nbsp;hier \u00e0 la mi-journ\u00e9e&nbsp;de plus de 5%, galvanis\u00e9es par l&rsquo;all\u00e8gement des mesures anti-Covid en Chine, ce qui devrait soutenir la demande.<\/p>\n\n\n\n<p>Vers 13H45 GMT, le Brent&nbsp;de la mer du Nord, r\u00e9f\u00e9rence du brut en Europe, se hissait de 5,55% \u00e0 103,95 dollars le baril,&nbsp;tandis&nbsp;le West Texas Intermediate (WTI)&nbsp;am\u00e9ricain grimpait de 5,24% \u00e0 99,23 dollars le baril.&nbsp;&nbsp;\u00ab\u00a0Les prix du p\u00e9trole rebondissent plus vite qu&rsquo;ils n&rsquo;ont chut\u00e9 hier, car la baisse de la demande chinoise due \u00e0 la pand\u00e9mie et la lib\u00e9ration des r\u00e9serves strat\u00e9giques am\u00e9ricaines ne sont pas convaincantes pour les perspectives \u00e0 moyen terme\u00a0\u00bb, qui restent haussi\u00e8res, explique \u00e0 l&rsquo;AFP Ipek Ozkardeskaya, analyste chez Swissquote.<\/p>\n\n\n\n<p>Notons que le panier de l&rsquo;OPEP, constitu\u00e9 de prix de r\u00e9f\u00e9rence de 13 p\u00e9troles bruts, dont le Sahara Blend alg\u00e9rien, s&rsquo;est maintenu \u00e0 plus de 100 dollars en d\u00e9but de la semaine en cours.&nbsp;\u00ab\u00a0Le prix du panier de treize bruts de l&rsquo;OPEP (ORB) s&rsquo;est \u00e9tabli \u00e0 100,08&nbsp;&nbsp;dollars le baril lundi, contre 101,06 vendredi dernier\u00a0\u00bb, selon les donn\u00e9es de l&rsquo;Organisation des pays exportateurs de p\u00e9trole, publi\u00e9es mardi sur son site web.<\/p>\n\n\n\n<p><strong>Chokri Hafed<\/strong><\/p>\n","protected":false},"excerpt":{"rendered":"<p>L\u2019Organisation des pays exportateurs de p\u00e9trole affiche un certain pessimisme quant aux fondamentaux du march\u00e9 p\u00e9trolier. Dans son dernier rapport<\/p>\n","protected":false},"author":3,"featured_media":19767,"comment_status":"open","ping_status":"closed","sticky":false,"template":"","format":"standard","meta":{"colormag_page_container_layout":"default_layout","colormag_page_sidebar_layout":"default_layout","om_disable_all_campaigns":false,"_monsterinsights_skip_tracking":false,"_monsterinsights_sitenote_active":false,"_monsterinsights_sitenote_note":"","_monsterinsights_sitenote_category":0,"footnotes":"","_wpscppro_dont_share_socialmedia":false,"_wpscppro_custom_social_share_image":0,"_facebook_share_type":"","_twitter_share_type":"","_linkedin_share_type":"","_pinterest_share_type":"","_linkedin_share_type_page":"","_instagram_share_type":"","_medium_share_type":"","_threads_share_type":"","_google_business_share_type":"","_selected_social_profile":[],"_wpsp_enable_custom_social_template":false,"_wpsp_social_scheduling":{"enabled":false,"datetime":null,"platforms":[],"status":"template_only","dateOption":"today","timeOption":"now","customDays":"","customHours":"","customDate":"","customTime":"","schedulingType":"absolute"},"_wpsp_active_default_template":true},"categories":[52,29],"tags":[],"class_list":["post-19765","post","type-post","status-publish","format-standard","has-post-thumbnail","hentry","category-a-la-une","category-economie"],"aioseo_notices":[],"yoast_head":"<!-- This site is optimized with the Yoast SEO plugin v27.4 - https:\/\/yoast.com\/product\/yoast-seo-wordpress\/ -->\n<title>P\u00e9trole\u00a0: L\u2019Opep pessimiste sur les perspectives de demande - La Sentinelle<\/title>\n<meta name=\"robots\" content=\"index, follow, max-snippet:-1, max-image-preview:large, max-video-preview:-1\" \/>\n<link rel=\"canonical\" href=\"https:\/\/lasentinelle.dz\/index.php\/2022\/04\/13\/petrole-lopep-pessimiste-sur-les-perspectives-de-demande\/\" \/>\n<meta property=\"og:locale\" content=\"fr_FR\" \/>\n<meta property=\"og:type\" content=\"article\" \/>\n<meta property=\"og:title\" content=\"P\u00e9trole\u00a0: L\u2019Opep pessimiste sur les perspectives de demande - La Sentinelle\" \/>\n<meta property=\"og:description\" content=\"L\u2019Organisation des pays exportateurs de p\u00e9trole affiche un certain pessimisme quant aux fondamentaux du march\u00e9 p\u00e9trolier. Dans son dernier rapport\" \/>\n<meta property=\"og:url\" content=\"https:\/\/lasentinelle.dz\/index.php\/2022\/04\/13\/petrole-lopep-pessimiste-sur-les-perspectives-de-demande\/\" \/>\n<meta property=\"og:site_name\" content=\"La Sentinelle\" \/>\n<meta property=\"article:publisher\" content=\"https:\/\/www.facebook.com\/La-Sentinelle-104059864394773\" \/>\n<meta property=\"article:published_time\" content=\"2022-04-12T23:05:00+00:00\" \/>\n<meta property=\"og:image\" content=\"https:\/\/lasentinelle.dz\/wp-content\/uploads\/2022\/04\/petrole.png\" \/>\n\t<meta property=\"og:image:width\" content=\"1556\" \/>\n\t<meta property=\"og:image:height\" content=\"900\" \/>\n\t<meta property=\"og:image:type\" content=\"image\/png\" \/>\n<meta name=\"author\" content=\"La Sentinelle\" \/>\n<meta name=\"twitter:card\" content=\"summary_large_image\" \/>\n<meta name=\"twitter:label1\" content=\"\u00c9crit par\" \/>\n\t<meta name=\"twitter:data1\" content=\"La Sentinelle\" \/>\n\t<meta name=\"twitter:label2\" content=\"Dur\u00e9e de lecture estim\u00e9e\" \/>\n\t<meta name=\"twitter:data2\" content=\"4 minutes\" \/>\n<script type=\"application\/ld+json\" class=\"yoast-schema-graph\">{\"@context\":\"https:\\\/\\\/schema.org\",\"@graph\":[{\"@type\":\"Article\",\"@id\":\"https:\\\/\\\/lasentinelle.dz\\\/index.php\\\/2022\\\/04\\\/13\\\/petrole-lopep-pessimiste-sur-les-perspectives-de-demande\\\/#article\",\"isPartOf\":{\"@id\":\"https:\\\/\\\/lasentinelle.dz\\\/index.php\\\/2022\\\/04\\\/13\\\/petrole-lopep-pessimiste-sur-les-perspectives-de-demande\\\/\"},\"author\":{\"name\":\"La Sentinelle\",\"@id\":\"https:\\\/\\\/lasentinelle.dz\\\/#\\\/schema\\\/person\\\/d865044e22e70a75174ce8bcad3acfb3\"},\"headline\":\"P\u00e9trole\u00a0: L\u2019Opep pessimiste sur les perspectives de demande\",\"datePublished\":\"2022-04-12T23:05:00+00:00\",\"mainEntityOfPage\":{\"@id\":\"https:\\\/\\\/lasentinelle.dz\\\/index.php\\\/2022\\\/04\\\/13\\\/petrole-lopep-pessimiste-sur-les-perspectives-de-demande\\\/\"},\"wordCount\":806,\"commentCount\":0,\"publisher\":{\"@id\":\"https:\\\/\\\/lasentinelle.dz\\\/#organization\"},\"image\":{\"@id\":\"https:\\\/\\\/lasentinelle.dz\\\/index.php\\\/2022\\\/04\\\/13\\\/petrole-lopep-pessimiste-sur-les-perspectives-de-demande\\\/#primaryimage\"},\"thumbnailUrl\":\"https:\\\/\\\/lasentinelle.dz\\\/wp-content\\\/uploads\\\/2022\\\/04\\\/petrole.png\",\"articleSection\":[\"\u00c0 la Une\",\"\u00c9conomie\"],\"inLanguage\":\"fr-FR\",\"potentialAction\":[{\"@type\":\"CommentAction\",\"name\":\"Comment\",\"target\":[\"https:\\\/\\\/lasentinelle.dz\\\/index.php\\\/2022\\\/04\\\/13\\\/petrole-lopep-pessimiste-sur-les-perspectives-de-demande\\\/#respond\"]}]},{\"@type\":\"WebPage\",\"@id\":\"https:\\\/\\\/lasentinelle.dz\\\/index.php\\\/2022\\\/04\\\/13\\\/petrole-lopep-pessimiste-sur-les-perspectives-de-demande\\\/\",\"url\":\"https:\\\/\\\/lasentinelle.dz\\\/index.php\\\/2022\\\/04\\\/13\\\/petrole-lopep-pessimiste-sur-les-perspectives-de-demande\\\/\",\"name\":\"P\u00e9trole\u00a0: L\u2019Opep pessimiste sur les perspectives de demande - La Sentinelle\",\"isPartOf\":{\"@id\":\"https:\\\/\\\/lasentinelle.dz\\\/#website\"},\"primaryImageOfPage\":{\"@id\":\"https:\\\/\\\/lasentinelle.dz\\\/index.php\\\/2022\\\/04\\\/13\\\/petrole-lopep-pessimiste-sur-les-perspectives-de-demande\\\/#primaryimage\"},\"image\":{\"@id\":\"https:\\\/\\\/lasentinelle.dz\\\/index.php\\\/2022\\\/04\\\/13\\\/petrole-lopep-pessimiste-sur-les-perspectives-de-demande\\\/#primaryimage\"},\"thumbnailUrl\":\"https:\\\/\\\/lasentinelle.dz\\\/wp-content\\\/uploads\\\/2022\\\/04\\\/petrole.png\",\"datePublished\":\"2022-04-12T23:05:00+00:00\",\"breadcrumb\":{\"@id\":\"https:\\\/\\\/lasentinelle.dz\\\/index.php\\\/2022\\\/04\\\/13\\\/petrole-lopep-pessimiste-sur-les-perspectives-de-demande\\\/#breadcrumb\"},\"inLanguage\":\"fr-FR\",\"potentialAction\":[{\"@type\":\"ReadAction\",\"target\":[\"https:\\\/\\\/lasentinelle.dz\\\/index.php\\\/2022\\\/04\\\/13\\\/petrole-lopep-pessimiste-sur-les-perspectives-de-demande\\\/\"]}]},{\"@type\":\"ImageObject\",\"inLanguage\":\"fr-FR\",\"@id\":\"https:\\\/\\\/lasentinelle.dz\\\/index.php\\\/2022\\\/04\\\/13\\\/petrole-lopep-pessimiste-sur-les-perspectives-de-demande\\\/#primaryimage\",\"url\":\"https:\\\/\\\/lasentinelle.dz\\\/wp-content\\\/uploads\\\/2022\\\/04\\\/petrole.png\",\"contentUrl\":\"https:\\\/\\\/lasentinelle.dz\\\/wp-content\\\/uploads\\\/2022\\\/04\\\/petrole.png\",\"width\":1556,\"height\":900},{\"@type\":\"BreadcrumbList\",\"@id\":\"https:\\\/\\\/lasentinelle.dz\\\/index.php\\\/2022\\\/04\\\/13\\\/petrole-lopep-pessimiste-sur-les-perspectives-de-demande\\\/#breadcrumb\",\"itemListElement\":[{\"@type\":\"ListItem\",\"position\":1,\"name\":\"Accueil\",\"item\":\"https:\\\/\\\/lasentinelle.dz\\\/\"},{\"@type\":\"ListItem\",\"position\":2,\"name\":\"P\u00e9trole\u00a0: L\u2019Opep pessimiste sur les perspectives de demande\"}]},{\"@type\":\"WebSite\",\"@id\":\"https:\\\/\\\/lasentinelle.dz\\\/#website\",\"url\":\"https:\\\/\\\/lasentinelle.dz\\\/\",\"name\":\"La Sentinelle\",\"description\":\"Quotidien national d&#039;information\",\"publisher\":{\"@id\":\"https:\\\/\\\/lasentinelle.dz\\\/#organization\"},\"potentialAction\":[{\"@type\":\"SearchAction\",\"target\":{\"@type\":\"EntryPoint\",\"urlTemplate\":\"https:\\\/\\\/lasentinelle.dz\\\/?s={search_term_string}\"},\"query-input\":{\"@type\":\"PropertyValueSpecification\",\"valueRequired\":true,\"valueName\":\"search_term_string\"}}],\"inLanguage\":\"fr-FR\"},{\"@type\":\"Organization\",\"@id\":\"https:\\\/\\\/lasentinelle.dz\\\/#organization\",\"name\":\"Quotidien La Sentinelle\",\"url\":\"https:\\\/\\\/lasentinelle.dz\\\/\",\"logo\":{\"@type\":\"ImageObject\",\"inLanguage\":\"fr-FR\",\"@id\":\"https:\\\/\\\/lasentinelle.dz\\\/#\\\/schema\\\/logo\\\/image\\\/\",\"url\":\"https:\\\/\\\/lasentinelle.dz\\\/wp-content\\\/uploads\\\/2021\\\/09\\\/logo-sentinelleSLOGAN-1.png\",\"contentUrl\":\"https:\\\/\\\/lasentinelle.dz\\\/wp-content\\\/uploads\\\/2021\\\/09\\\/logo-sentinelleSLOGAN-1.png\",\"width\":615,\"height\":142,\"caption\":\"Quotidien La Sentinelle\"},\"image\":{\"@id\":\"https:\\\/\\\/lasentinelle.dz\\\/#\\\/schema\\\/logo\\\/image\\\/\"},\"sameAs\":[\"https:\\\/\\\/www.facebook.com\\\/La-Sentinelle-104059864394773\"]},{\"@type\":\"Person\",\"@id\":\"https:\\\/\\\/lasentinelle.dz\\\/#\\\/schema\\\/person\\\/d865044e22e70a75174ce8bcad3acfb3\",\"name\":\"La Sentinelle\",\"image\":{\"@type\":\"ImageObject\",\"inLanguage\":\"fr-FR\",\"@id\":\"https:\\\/\\\/secure.gravatar.com\\\/avatar\\\/57de8e5d4b15d43fb361a71fbb36338450fe67865b528a43dd10ef7c51a20392?s=96&d=mm&r=g\",\"url\":\"https:\\\/\\\/secure.gravatar.com\\\/avatar\\\/57de8e5d4b15d43fb361a71fbb36338450fe67865b528a43dd10ef7c51a20392?s=96&d=mm&r=g\",\"contentUrl\":\"https:\\\/\\\/secure.gravatar.com\\\/avatar\\\/57de8e5d4b15d43fb361a71fbb36338450fe67865b528a43dd10ef7c51a20392?s=96&d=mm&r=g\",\"caption\":\"La Sentinelle\"},\"sameAs\":[\"http:\\\/\\\/www.lasentinelle.dz\"],\"url\":\"https:\\\/\\\/lasentinelle.dz\\\/author\\\/redaction\\\/\"}]}<\/script>\n<!-- \/ Yoast SEO plugin. -->","yoast_head_json":{"title":"P\u00e9trole\u00a0: L\u2019Opep pessimiste sur les perspectives de demande - La Sentinelle","robots":{"index":"index","follow":"follow","max-snippet":"max-snippet:-1","max-image-preview":"max-image-preview:large","max-video-preview":"max-video-preview:-1"},"canonical":"https:\/\/lasentinelle.dz\/index.php\/2022\/04\/13\/petrole-lopep-pessimiste-sur-les-perspectives-de-demande\/","og_locale":"fr_FR","og_type":"article","og_title":"P\u00e9trole\u00a0: L\u2019Opep pessimiste sur les perspectives de demande - La Sentinelle","og_description":"L\u2019Organisation des pays exportateurs de p\u00e9trole affiche un certain pessimisme quant aux fondamentaux du march\u00e9 p\u00e9trolier. Dans son dernier rapport","og_url":"https:\/\/lasentinelle.dz\/index.php\/2022\/04\/13\/petrole-lopep-pessimiste-sur-les-perspectives-de-demande\/","og_site_name":"La Sentinelle","article_publisher":"https:\/\/www.facebook.com\/La-Sentinelle-104059864394773","article_published_time":"2022-04-12T23:05:00+00:00","og_image":[{"width":1556,"height":900,"url":"https:\/\/lasentinelle.dz\/wp-content\/uploads\/2022\/04\/petrole.png","type":"image\/png"}],"author":"La Sentinelle","twitter_card":"summary_large_image","twitter_misc":{"\u00c9crit par":"La Sentinelle","Dur\u00e9e de lecture estim\u00e9e":"4 minutes"},"schema":{"@context":"https:\/\/schema.org","@graph":[{"@type":"Article","@id":"https:\/\/lasentinelle.dz\/index.php\/2022\/04\/13\/petrole-lopep-pessimiste-sur-les-perspectives-de-demande\/#article","isPartOf":{"@id":"https:\/\/lasentinelle.dz\/index.php\/2022\/04\/13\/petrole-lopep-pessimiste-sur-les-perspectives-de-demande\/"},"author":{"name":"La Sentinelle","@id":"https:\/\/lasentinelle.dz\/#\/schema\/person\/d865044e22e70a75174ce8bcad3acfb3"},"headline":"P\u00e9trole\u00a0: L\u2019Opep pessimiste sur les perspectives de demande","datePublished":"2022-04-12T23:05:00+00:00","mainEntityOfPage":{"@id":"https:\/\/lasentinelle.dz\/index.php\/2022\/04\/13\/petrole-lopep-pessimiste-sur-les-perspectives-de-demande\/"},"wordCount":806,"commentCount":0,"publisher":{"@id":"https:\/\/lasentinelle.dz\/#organization"},"image":{"@id":"https:\/\/lasentinelle.dz\/index.php\/2022\/04\/13\/petrole-lopep-pessimiste-sur-les-perspectives-de-demande\/#primaryimage"},"thumbnailUrl":"https:\/\/lasentinelle.dz\/wp-content\/uploads\/2022\/04\/petrole.png","articleSection":["\u00c0 la Une","\u00c9conomie"],"inLanguage":"fr-FR","potentialAction":[{"@type":"CommentAction","name":"Comment","target":["https:\/\/lasentinelle.dz\/index.php\/2022\/04\/13\/petrole-lopep-pessimiste-sur-les-perspectives-de-demande\/#respond"]}]},{"@type":"WebPage","@id":"https:\/\/lasentinelle.dz\/index.php\/2022\/04\/13\/petrole-lopep-pessimiste-sur-les-perspectives-de-demande\/","url":"https:\/\/lasentinelle.dz\/index.php\/2022\/04\/13\/petrole-lopep-pessimiste-sur-les-perspectives-de-demande\/","name":"P\u00e9trole\u00a0: L\u2019Opep pessimiste sur les perspectives de demande - La Sentinelle","isPartOf":{"@id":"https:\/\/lasentinelle.dz\/#website"},"primaryImageOfPage":{"@id":"https:\/\/lasentinelle.dz\/index.php\/2022\/04\/13\/petrole-lopep-pessimiste-sur-les-perspectives-de-demande\/#primaryimage"},"image":{"@id":"https:\/\/lasentinelle.dz\/index.php\/2022\/04\/13\/petrole-lopep-pessimiste-sur-les-perspectives-de-demande\/#primaryimage"},"thumbnailUrl":"https:\/\/lasentinelle.dz\/wp-content\/uploads\/2022\/04\/petrole.png","datePublished":"2022-04-12T23:05:00+00:00","breadcrumb":{"@id":"https:\/\/lasentinelle.dz\/index.php\/2022\/04\/13\/petrole-lopep-pessimiste-sur-les-perspectives-de-demande\/#breadcrumb"},"inLanguage":"fr-FR","potentialAction":[{"@type":"ReadAction","target":["https:\/\/lasentinelle.dz\/index.php\/2022\/04\/13\/petrole-lopep-pessimiste-sur-les-perspectives-de-demande\/"]}]},{"@type":"ImageObject","inLanguage":"fr-FR","@id":"https:\/\/lasentinelle.dz\/index.php\/2022\/04\/13\/petrole-lopep-pessimiste-sur-les-perspectives-de-demande\/#primaryimage","url":"https:\/\/lasentinelle.dz\/wp-content\/uploads\/2022\/04\/petrole.png","contentUrl":"https:\/\/lasentinelle.dz\/wp-content\/uploads\/2022\/04\/petrole.png","width":1556,"height":900},{"@type":"BreadcrumbList","@id":"https:\/\/lasentinelle.dz\/index.php\/2022\/04\/13\/petrole-lopep-pessimiste-sur-les-perspectives-de-demande\/#breadcrumb","itemListElement":[{"@type":"ListItem","position":1,"name":"Accueil","item":"https:\/\/lasentinelle.dz\/"},{"@type":"ListItem","position":2,"name":"P\u00e9trole\u00a0: L\u2019Opep pessimiste sur les perspectives de demande"}]},{"@type":"WebSite","@id":"https:\/\/lasentinelle.dz\/#website","url":"https:\/\/lasentinelle.dz\/","name":"La Sentinelle","description":"Quotidien national d&#039;information","publisher":{"@id":"https:\/\/lasentinelle.dz\/#organization"},"potentialAction":[{"@type":"SearchAction","target":{"@type":"EntryPoint","urlTemplate":"https:\/\/lasentinelle.dz\/?s={search_term_string}"},"query-input":{"@type":"PropertyValueSpecification","valueRequired":true,"valueName":"search_term_string"}}],"inLanguage":"fr-FR"},{"@type":"Organization","@id":"https:\/\/lasentinelle.dz\/#organization","name":"Quotidien La Sentinelle","url":"https:\/\/lasentinelle.dz\/","logo":{"@type":"ImageObject","inLanguage":"fr-FR","@id":"https:\/\/lasentinelle.dz\/#\/schema\/logo\/image\/","url":"https:\/\/lasentinelle.dz\/wp-content\/uploads\/2021\/09\/logo-sentinelleSLOGAN-1.png","contentUrl":"https:\/\/lasentinelle.dz\/wp-content\/uploads\/2021\/09\/logo-sentinelleSLOGAN-1.png","width":615,"height":142,"caption":"Quotidien La Sentinelle"},"image":{"@id":"https:\/\/lasentinelle.dz\/#\/schema\/logo\/image\/"},"sameAs":["https:\/\/www.facebook.com\/La-Sentinelle-104059864394773"]},{"@type":"Person","@id":"https:\/\/lasentinelle.dz\/#\/schema\/person\/d865044e22e70a75174ce8bcad3acfb3","name":"La Sentinelle","image":{"@type":"ImageObject","inLanguage":"fr-FR","@id":"https:\/\/secure.gravatar.com\/avatar\/57de8e5d4b15d43fb361a71fbb36338450fe67865b528a43dd10ef7c51a20392?s=96&d=mm&r=g","url":"https:\/\/secure.gravatar.com\/avatar\/57de8e5d4b15d43fb361a71fbb36338450fe67865b528a43dd10ef7c51a20392?s=96&d=mm&r=g","contentUrl":"https:\/\/secure.gravatar.com\/avatar\/57de8e5d4b15d43fb361a71fbb36338450fe67865b528a43dd10ef7c51a20392?s=96&d=mm&r=g","caption":"La Sentinelle"},"sameAs":["http:\/\/www.lasentinelle.dz"],"url":"https:\/\/lasentinelle.dz\/author\/redaction\/"}]}},"_links":{"self":[{"href":"https:\/\/lasentinelle.dz\/index.php\/wp-json\/wp\/v2\/posts\/19765","targetHints":{"allow":["GET"]}}],"collection":[{"href":"https:\/\/lasentinelle.dz\/index.php\/wp-json\/wp\/v2\/posts"}],"about":[{"href":"https:\/\/lasentinelle.dz\/index.php\/wp-json\/wp\/v2\/types\/post"}],"author":[{"embeddable":true,"href":"https:\/\/lasentinelle.dz\/index.php\/wp-json\/wp\/v2\/users\/3"}],"replies":[{"embeddable":true,"href":"https:\/\/lasentinelle.dz\/index.php\/wp-json\/wp\/v2\/comments?post=19765"}],"version-history":[{"count":1,"href":"https:\/\/lasentinelle.dz\/index.php\/wp-json\/wp\/v2\/posts\/19765\/revisions"}],"predecessor-version":[{"id":19769,"href":"https:\/\/lasentinelle.dz\/index.php\/wp-json\/wp\/v2\/posts\/19765\/revisions\/19769"}],"wp:featuredmedia":[{"embeddable":true,"href":"https:\/\/lasentinelle.dz\/index.php\/wp-json\/wp\/v2\/media\/19767"}],"wp:attachment":[{"href":"https:\/\/lasentinelle.dz\/index.php\/wp-json\/wp\/v2\/media?parent=19765"}],"wp:term":[{"taxonomy":"category","embeddable":true,"href":"https:\/\/lasentinelle.dz\/index.php\/wp-json\/wp\/v2\/categories?post=19765"},{"taxonomy":"post_tag","embeddable":true,"href":"https:\/\/lasentinelle.dz\/index.php\/wp-json\/wp\/v2\/tags?post=19765"}],"curies":[{"name":"wp","href":"https:\/\/api.w.org\/{rel}","templated":true}]}}