{"id":19768,"date":"2022-04-13T00:01:00","date_gmt":"2022-04-12T23:01:00","guid":{"rendered":"https:\/\/lasentinelle.dz\/?p=19768"},"modified":"2022-04-12T18:07:21","modified_gmt":"2022-04-12T17:07:21","slug":"visite-parlementaire-sur-le-site-du-complexe-el-hadjar-le-deblocage-de-la-deuxieme-tranche-du-plan-dinvestissement-en-question","status":"publish","type":"post","link":"https:\/\/lasentinelle.dz\/index.php\/2022\/04\/13\/visite-parlementaire-sur-le-site-du-complexe-el-hadjar-le-deblocage-de-la-deuxieme-tranche-du-plan-dinvestissement-en-question\/","title":{"rendered":"Visite parlementaire sur le site du Complexe El-Hadjar\u00a0: Le d\u00e9blocage de la deuxi\u00e8me tranche du plan d\u2019investissement en question"},"content":{"rendered":"\n<p>Pour mieux conna\u00eetre les obstacles auxquels fait face&nbsp;le d\u00e9veloppement de&nbsp;&nbsp;l\u2019usine El Hadjar d\u2019Annaba ainsi que ses perspectives d&rsquo;avenir, les d\u00e9put\u00e9s de la wilaya d\u2019Annaba&nbsp;ont d\u00e9cid\u00e9 d\u2019investir le terrain.&nbsp;L\u2019initiative traduit les pr\u00e9occupations des&nbsp;\u00e9lus&nbsp;de la wilaya d\u2019Annaba quant \u00e0 la situation pr\u00e9valant au sein du complexe. La visite a \u00e9t\u00e9 une occasion pr\u00e9cieuse au cours de laquelle&nbsp;parlementaires et sid\u00e9rurgistes ont \u00e9chang\u00e9 leurs points de vue&nbsp;et ont soulev\u00e9 plusieurs questions li\u00e9es aux obstacles auxquels est confront\u00e9 le complexe et ses perspectives d&rsquo;avenir. Pour les parlementaire trouver o\u00f9 se situe le mal qui freine la reprise du secteur de l\u2019industrie \u00e0 Annaba est une priorit\u00e9. Dans cette optique, les&nbsp;parlementaires&nbsp;&nbsp;ont \u00e9t\u00e9 re\u00e7us par le pr\u00e9sident du conseil d\u2019administration et le directeur g\u00e9n\u00e9ral du complexe Sider. La rencontre a eu trait notamment aux probl\u00e8mes et difficult\u00e9s qui freinent le d\u00e9veloppement de la production du complexe. Un d\u00e9veloppement qui reste tributaire de la&nbsp;lib\u00e9ration de la&nbsp;deuxi\u00e8me tranche du plan d\u2019investissement, qui n\u2019a pas encore \u00e9t\u00e9 d\u00e9bloqu\u00e9e par les pouvoirs&nbsp;publics. Le partenaire social et la&nbsp;Direction g\u00e9n\u00e9rale du complexe continuent de demander le d\u00e9blocage de ces fonds, afin que le seconde phase de l\u2019investissement soit achev\u00e9e&nbsp;et permettre au complexe d\u2019achever le processus de modernisation et&nbsp;de&nbsp;r\u00e9habilitation des \u00e9quipements du complexe.&nbsp;Les d\u00e9put\u00e9s ont pris note de&nbsp;&nbsp;&nbsp;tous les probl\u00e8mes et contraintes auxquels fait face Sider El Hadjar. Ils&nbsp;&nbsp;seront port\u00e9es \u00e0 la connaissance des responsables&nbsp;publics, afin qu\u2019ils puissent les prendre en charge,&nbsp;nous confie&nbsp;une source relevant de la&nbsp;Direction g\u00e9n\u00e9rale du complexe Sider. Rappelons que 46 milliards DA ont \u00e9t\u00e9 mobilis\u00e9s au titre de la seconde tranche du plan d\u2019investissement&nbsp;&nbsp;pour la concr\u00e9tisation de plus de 100 projets. Une enveloppe de 20 milliards DA du montant repr\u00e9sente un financement compl\u00e9mentaire destin\u00e9 \u00e0 consolider et assurer le succ\u00e8s du plan d\u2019investissement global. Cette seconde tranche porte sur des projets structurants et strat\u00e9giques pour l\u2019activit\u00e9 sid\u00e9rurgique dont&nbsp;&nbsp;les&nbsp;&nbsp;deux laminoirs \u00e0 oxyg\u00e8ne ainsi que la r\u00e9habilitation des infrastructures de produits ferreux plats et longs&nbsp;&nbsp;et l\u2019acquisition d\u2019\u00e9quipements logistiques entre autres. 28 projets&nbsp;&nbsp;ont \u00e9t\u00e9 lanc\u00e9s en 2018 mobilisant 7,3 % du montant total, rappelle-on encore. En attendant que les fonds destin\u00e9s \u00e0 la concr\u00e9tisation de la seconde phase du plan d\u2019investissement soient d\u00e9bloqu\u00e9s, on souligne que de l&rsquo;avis des d\u00e9put\u00e9s cette visite au complexe Sider El Hadjar fait partie de leur&nbsp;de visites sur le terrain&nbsp;qui n&rsquo;exclut aucun secteur.&nbsp;&nbsp;Les membres de l\u2019Assembl\u00e9e Populaire Nationale, repr\u00e9sentant la wilaya d\u2019Annaba, \u00e0 Dayra Abdel Wahab, Tebesi Mohamed El Hadi, Hattab Noureddine et Seklouli Walid, ont \u00e9t\u00e9 re\u00e7u par les dirigeants du complexe d\u2019El Hadjar, Larbi Hacene, pr\u00e9sident du conseil d\u2019administration et Lotfi Kamel Manaa,&nbsp;Directeur g\u00e9n\u00e9ral de Sider, qui ont&nbsp;&nbsp;beaucoup appr\u00e9ci\u00e9 l\u2019initiative et la visite.<\/p>\n\n\n\n<p><strong>Sofia Chahine<\/strong><\/p>\n","protected":false},"excerpt":{"rendered":"<p>Pour mieux conna\u00eetre les obstacles auxquels fait face&nbsp;le d\u00e9veloppement de&nbsp;&nbsp;l\u2019usine El Hadjar d\u2019Annaba ainsi que ses perspectives d&rsquo;avenir, les d\u00e9put\u00e9s<\/p>\n","protected":false},"author":3,"featured_media":13823,"comment_status":"open","ping_status":"closed","sticky":false,"template":"","format":"standard","meta":{"colormag_page_container_layout":"default_layout","colormag_page_sidebar_layout":"default_layout","om_disable_all_campaigns":false,"_monsterinsights_skip_tracking":false,"_monsterinsights_sitenote_active":false,"_monsterinsights_sitenote_note":"","_monsterinsights_sitenote_category":0,"footnotes":"","_wpscppro_dont_share_socialmedia":false,"_wpscppro_custom_social_share_image":0,"_facebook_share_type":"","_twitter_share_type":"","_linkedin_share_type":"","_pinterest_share_type":"","_linkedin_share_type_page":"","_instagram_share_type":"","_medium_share_type":"","_threads_share_type":"","_google_business_share_type":"","_selected_social_profile":[],"_wpsp_enable_custom_social_template":false,"_wpsp_social_scheduling":{"enabled":false,"datetime":null,"platforms":[],"status":"template_only","dateOption":"today","timeOption":"now","customDays":"","customHours":"","customDate":"","customTime":"","schedulingType":"absolute"},"_wpsp_active_default_template":true},"categories":[29],"tags":[],"class_list":["post-19768","post","type-post","status-publish","format-standard","has-post-thumbnail","hentry","category-economie"],"aioseo_notices":[],"yoast_head":"<!-- This site is optimized with the Yoast SEO plugin v27.5 - https:\/\/yoast.com\/product\/yoast-seo-wordpress\/ -->\n<title>Visite parlementaire sur le site du Complexe El-Hadjar\u00a0: Le d\u00e9blocage de la deuxi\u00e8me tranche du plan d\u2019investissement en question - La Sentinelle<\/title>\n<meta name=\"robots\" content=\"index, follow, max-snippet:-1, max-image-preview:large, max-video-preview:-1\" \/>\n<link rel=\"canonical\" href=\"https:\/\/lasentinelle.dz\/index.php\/2022\/04\/13\/visite-parlementaire-sur-le-site-du-complexe-el-hadjar-le-deblocage-de-la-deuxieme-tranche-du-plan-dinvestissement-en-question\/\" \/>\n<meta property=\"og:locale\" content=\"fr_FR\" \/>\n<meta property=\"og:type\" content=\"article\" \/>\n<meta property=\"og:title\" content=\"Visite parlementaire sur le site du Complexe El-Hadjar\u00a0: Le d\u00e9blocage de la deuxi\u00e8me tranche du plan d\u2019investissement en question - La Sentinelle\" \/>\n<meta property=\"og:description\" content=\"Pour mieux conna\u00eetre les obstacles auxquels fait face&nbsp;le d\u00e9veloppement de&nbsp;&nbsp;l\u2019usine El Hadjar d\u2019Annaba ainsi que ses perspectives d&rsquo;avenir, les d\u00e9put\u00e9s\" \/>\n<meta property=\"og:url\" content=\"https:\/\/lasentinelle.dz\/index.php\/2022\/04\/13\/visite-parlementaire-sur-le-site-du-complexe-el-hadjar-le-deblocage-de-la-deuxieme-tranche-du-plan-dinvestissement-en-question\/\" \/>\n<meta property=\"og:site_name\" content=\"La Sentinelle\" \/>\n<meta property=\"article:publisher\" content=\"https:\/\/www.facebook.com\/La-Sentinelle-104059864394773\" \/>\n<meta property=\"article:published_time\" content=\"2022-04-12T23:01:00+00:00\" \/>\n<meta property=\"og:image\" content=\"https:\/\/lasentinelle.dz\/wp-content\/uploads\/2021\/11\/el-hadjar.png\" \/>\n\t<meta property=\"og:image:width\" content=\"1363\" \/>\n\t<meta property=\"og:image:height\" content=\"900\" \/>\n\t<meta property=\"og:image:type\" content=\"image\/png\" \/>\n<meta name=\"author\" content=\"La Sentinelle\" \/>\n<meta name=\"twitter:card\" content=\"summary_large_image\" \/>\n<meta name=\"twitter:label1\" content=\"\u00c9crit par\" \/>\n\t<meta name=\"twitter:data1\" content=\"La Sentinelle\" \/>\n\t<meta name=\"twitter:label2\" content=\"Dur\u00e9e de lecture estim\u00e9e\" \/>\n\t<meta name=\"twitter:data2\" content=\"3 minutes\" \/>\n<script type=\"application\/ld+json\" class=\"yoast-schema-graph\">{\"@context\":\"https:\\\/\\\/schema.org\",\"@graph\":[{\"@type\":\"Article\",\"@id\":\"https:\\\/\\\/lasentinelle.dz\\\/index.php\\\/2022\\\/04\\\/13\\\/visite-parlementaire-sur-le-site-du-complexe-el-hadjar-le-deblocage-de-la-deuxieme-tranche-du-plan-dinvestissement-en-question\\\/#article\",\"isPartOf\":{\"@id\":\"https:\\\/\\\/lasentinelle.dz\\\/index.php\\\/2022\\\/04\\\/13\\\/visite-parlementaire-sur-le-site-du-complexe-el-hadjar-le-deblocage-de-la-deuxieme-tranche-du-plan-dinvestissement-en-question\\\/\"},\"author\":{\"name\":\"La Sentinelle\",\"@id\":\"https:\\\/\\\/lasentinelle.dz\\\/#\\\/schema\\\/person\\\/d865044e22e70a75174ce8bcad3acfb3\"},\"headline\":\"Visite parlementaire sur le site du Complexe El-Hadjar\u00a0: Le d\u00e9blocage de la deuxi\u00e8me tranche du plan d\u2019investissement en question\",\"datePublished\":\"2022-04-12T23:01:00+00:00\",\"mainEntityOfPage\":{\"@id\":\"https:\\\/\\\/lasentinelle.dz\\\/index.php\\\/2022\\\/04\\\/13\\\/visite-parlementaire-sur-le-site-du-complexe-el-hadjar-le-deblocage-de-la-deuxieme-tranche-du-plan-dinvestissement-en-question\\\/\"},\"wordCount\":601,\"commentCount\":0,\"publisher\":{\"@id\":\"https:\\\/\\\/lasentinelle.dz\\\/#organization\"},\"image\":{\"@id\":\"https:\\\/\\\/lasentinelle.dz\\\/index.php\\\/2022\\\/04\\\/13\\\/visite-parlementaire-sur-le-site-du-complexe-el-hadjar-le-deblocage-de-la-deuxieme-tranche-du-plan-dinvestissement-en-question\\\/#primaryimage\"},\"thumbnailUrl\":\"https:\\\/\\\/lasentinelle.dz\\\/wp-content\\\/uploads\\\/2021\\\/11\\\/el-hadjar.png\",\"articleSection\":[\"\u00c9conomie\"],\"inLanguage\":\"fr-FR\",\"potentialAction\":[{\"@type\":\"CommentAction\",\"name\":\"Comment\",\"target\":[\"https:\\\/\\\/lasentinelle.dz\\\/index.php\\\/2022\\\/04\\\/13\\\/visite-parlementaire-sur-le-site-du-complexe-el-hadjar-le-deblocage-de-la-deuxieme-tranche-du-plan-dinvestissement-en-question\\\/#respond\"]}]},{\"@type\":\"WebPage\",\"@id\":\"https:\\\/\\\/lasentinelle.dz\\\/index.php\\\/2022\\\/04\\\/13\\\/visite-parlementaire-sur-le-site-du-complexe-el-hadjar-le-deblocage-de-la-deuxieme-tranche-du-plan-dinvestissement-en-question\\\/\",\"url\":\"https:\\\/\\\/lasentinelle.dz\\\/index.php\\\/2022\\\/04\\\/13\\\/visite-parlementaire-sur-le-site-du-complexe-el-hadjar-le-deblocage-de-la-deuxieme-tranche-du-plan-dinvestissement-en-question\\\/\",\"name\":\"Visite parlementaire sur le site du Complexe El-Hadjar\u00a0: Le d\u00e9blocage de la deuxi\u00e8me tranche du plan d\u2019investissement en question - La Sentinelle\",\"isPartOf\":{\"@id\":\"https:\\\/\\\/lasentinelle.dz\\\/#website\"},\"primaryImageOfPage\":{\"@id\":\"https:\\\/\\\/lasentinelle.dz\\\/index.php\\\/2022\\\/04\\\/13\\\/visite-parlementaire-sur-le-site-du-complexe-el-hadjar-le-deblocage-de-la-deuxieme-tranche-du-plan-dinvestissement-en-question\\\/#primaryimage\"},\"image\":{\"@id\":\"https:\\\/\\\/lasentinelle.dz\\\/index.php\\\/2022\\\/04\\\/13\\\/visite-parlementaire-sur-le-site-du-complexe-el-hadjar-le-deblocage-de-la-deuxieme-tranche-du-plan-dinvestissement-en-question\\\/#primaryimage\"},\"thumbnailUrl\":\"https:\\\/\\\/lasentinelle.dz\\\/wp-content\\\/uploads\\\/2021\\\/11\\\/el-hadjar.png\",\"datePublished\":\"2022-04-12T23:01:00+00:00\",\"breadcrumb\":{\"@id\":\"https:\\\/\\\/lasentinelle.dz\\\/index.php\\\/2022\\\/04\\\/13\\\/visite-parlementaire-sur-le-site-du-complexe-el-hadjar-le-deblocage-de-la-deuxieme-tranche-du-plan-dinvestissement-en-question\\\/#breadcrumb\"},\"inLanguage\":\"fr-FR\",\"potentialAction\":[{\"@type\":\"ReadAction\",\"target\":[\"https:\\\/\\\/lasentinelle.dz\\\/index.php\\\/2022\\\/04\\\/13\\\/visite-parlementaire-sur-le-site-du-complexe-el-hadjar-le-deblocage-de-la-deuxieme-tranche-du-plan-dinvestissement-en-question\\\/\"]}]},{\"@type\":\"ImageObject\",\"inLanguage\":\"fr-FR\",\"@id\":\"https:\\\/\\\/lasentinelle.dz\\\/index.php\\\/2022\\\/04\\\/13\\\/visite-parlementaire-sur-le-site-du-complexe-el-hadjar-le-deblocage-de-la-deuxieme-tranche-du-plan-dinvestissement-en-question\\\/#primaryimage\",\"url\":\"https:\\\/\\\/lasentinelle.dz\\\/wp-content\\\/uploads\\\/2021\\\/11\\\/el-hadjar.png\",\"contentUrl\":\"https:\\\/\\\/lasentinelle.dz\\\/wp-content\\\/uploads\\\/2021\\\/11\\\/el-hadjar.png\",\"width\":1363,\"height\":900},{\"@type\":\"BreadcrumbList\",\"@id\":\"https:\\\/\\\/lasentinelle.dz\\\/index.php\\\/2022\\\/04\\\/13\\\/visite-parlementaire-sur-le-site-du-complexe-el-hadjar-le-deblocage-de-la-deuxieme-tranche-du-plan-dinvestissement-en-question\\\/#breadcrumb\",\"itemListElement\":[{\"@type\":\"ListItem\",\"position\":1,\"name\":\"Accueil\",\"item\":\"https:\\\/\\\/lasentinelle.dz\\\/\"},{\"@type\":\"ListItem\",\"position\":2,\"name\":\"Visite parlementaire sur le site du Complexe El-Hadjar\u00a0: Le d\u00e9blocage de la deuxi\u00e8me tranche du plan d\u2019investissement en question\"}]},{\"@type\":\"WebSite\",\"@id\":\"https:\\\/\\\/lasentinelle.dz\\\/#website\",\"url\":\"https:\\\/\\\/lasentinelle.dz\\\/\",\"name\":\"La Sentinelle\",\"description\":\"Quotidien national d&#039;information\",\"publisher\":{\"@id\":\"https:\\\/\\\/lasentinelle.dz\\\/#organization\"},\"potentialAction\":[{\"@type\":\"SearchAction\",\"target\":{\"@type\":\"EntryPoint\",\"urlTemplate\":\"https:\\\/\\\/lasentinelle.dz\\\/?s={search_term_string}\"},\"query-input\":{\"@type\":\"PropertyValueSpecification\",\"valueRequired\":true,\"valueName\":\"search_term_string\"}}],\"inLanguage\":\"fr-FR\"},{\"@type\":\"Organization\",\"@id\":\"https:\\\/\\\/lasentinelle.dz\\\/#organization\",\"name\":\"Quotidien La Sentinelle\",\"url\":\"https:\\\/\\\/lasentinelle.dz\\\/\",\"logo\":{\"@type\":\"ImageObject\",\"inLanguage\":\"fr-FR\",\"@id\":\"https:\\\/\\\/lasentinelle.dz\\\/#\\\/schema\\\/logo\\\/image\\\/\",\"url\":\"https:\\\/\\\/lasentinelle.dz\\\/wp-content\\\/uploads\\\/2021\\\/09\\\/logo-sentinelleSLOGAN-1.png\",\"contentUrl\":\"https:\\\/\\\/lasentinelle.dz\\\/wp-content\\\/uploads\\\/2021\\\/09\\\/logo-sentinelleSLOGAN-1.png\",\"width\":615,\"height\":142,\"caption\":\"Quotidien La Sentinelle\"},\"image\":{\"@id\":\"https:\\\/\\\/lasentinelle.dz\\\/#\\\/schema\\\/logo\\\/image\\\/\"},\"sameAs\":[\"https:\\\/\\\/www.facebook.com\\\/La-Sentinelle-104059864394773\"]},{\"@type\":\"Person\",\"@id\":\"https:\\\/\\\/lasentinelle.dz\\\/#\\\/schema\\\/person\\\/d865044e22e70a75174ce8bcad3acfb3\",\"name\":\"La Sentinelle\",\"image\":{\"@type\":\"ImageObject\",\"inLanguage\":\"fr-FR\",\"@id\":\"https:\\\/\\\/secure.gravatar.com\\\/avatar\\\/57de8e5d4b15d43fb361a71fbb36338450fe67865b528a43dd10ef7c51a20392?s=96&d=mm&r=g\",\"url\":\"https:\\\/\\\/secure.gravatar.com\\\/avatar\\\/57de8e5d4b15d43fb361a71fbb36338450fe67865b528a43dd10ef7c51a20392?s=96&d=mm&r=g\",\"contentUrl\":\"https:\\\/\\\/secure.gravatar.com\\\/avatar\\\/57de8e5d4b15d43fb361a71fbb36338450fe67865b528a43dd10ef7c51a20392?s=96&d=mm&r=g\",\"caption\":\"La Sentinelle\"},\"sameAs\":[\"http:\\\/\\\/www.lasentinelle.dz\"],\"url\":\"https:\\\/\\\/lasentinelle.dz\\\/author\\\/redaction\\\/\"}]}<\/script>\n<!-- \/ Yoast SEO plugin. -->","yoast_head_json":{"title":"Visite parlementaire sur le site du Complexe El-Hadjar\u00a0: Le d\u00e9blocage de la deuxi\u00e8me tranche du plan d\u2019investissement en question - La Sentinelle","robots":{"index":"index","follow":"follow","max-snippet":"max-snippet:-1","max-image-preview":"max-image-preview:large","max-video-preview":"max-video-preview:-1"},"canonical":"https:\/\/lasentinelle.dz\/index.php\/2022\/04\/13\/visite-parlementaire-sur-le-site-du-complexe-el-hadjar-le-deblocage-de-la-deuxieme-tranche-du-plan-dinvestissement-en-question\/","og_locale":"fr_FR","og_type":"article","og_title":"Visite parlementaire sur le site du Complexe El-Hadjar\u00a0: Le d\u00e9blocage de la deuxi\u00e8me tranche du plan d\u2019investissement en question - La Sentinelle","og_description":"Pour mieux conna\u00eetre les obstacles auxquels fait face&nbsp;le d\u00e9veloppement de&nbsp;&nbsp;l\u2019usine El Hadjar d\u2019Annaba ainsi que ses perspectives d&rsquo;avenir, les d\u00e9put\u00e9s","og_url":"https:\/\/lasentinelle.dz\/index.php\/2022\/04\/13\/visite-parlementaire-sur-le-site-du-complexe-el-hadjar-le-deblocage-de-la-deuxieme-tranche-du-plan-dinvestissement-en-question\/","og_site_name":"La Sentinelle","article_publisher":"https:\/\/www.facebook.com\/La-Sentinelle-104059864394773","article_published_time":"2022-04-12T23:01:00+00:00","og_image":[{"width":1363,"height":900,"url":"https:\/\/lasentinelle.dz\/wp-content\/uploads\/2021\/11\/el-hadjar.png","type":"image\/png"}],"author":"La Sentinelle","twitter_card":"summary_large_image","twitter_misc":{"\u00c9crit par":"La Sentinelle","Dur\u00e9e de lecture estim\u00e9e":"3 minutes"},"schema":{"@context":"https:\/\/schema.org","@graph":[{"@type":"Article","@id":"https:\/\/lasentinelle.dz\/index.php\/2022\/04\/13\/visite-parlementaire-sur-le-site-du-complexe-el-hadjar-le-deblocage-de-la-deuxieme-tranche-du-plan-dinvestissement-en-question\/#article","isPartOf":{"@id":"https:\/\/lasentinelle.dz\/index.php\/2022\/04\/13\/visite-parlementaire-sur-le-site-du-complexe-el-hadjar-le-deblocage-de-la-deuxieme-tranche-du-plan-dinvestissement-en-question\/"},"author":{"name":"La Sentinelle","@id":"https:\/\/lasentinelle.dz\/#\/schema\/person\/d865044e22e70a75174ce8bcad3acfb3"},"headline":"Visite parlementaire sur le site du Complexe El-Hadjar\u00a0: Le d\u00e9blocage de la deuxi\u00e8me tranche du plan d\u2019investissement en question","datePublished":"2022-04-12T23:01:00+00:00","mainEntityOfPage":{"@id":"https:\/\/lasentinelle.dz\/index.php\/2022\/04\/13\/visite-parlementaire-sur-le-site-du-complexe-el-hadjar-le-deblocage-de-la-deuxieme-tranche-du-plan-dinvestissement-en-question\/"},"wordCount":601,"commentCount":0,"publisher":{"@id":"https:\/\/lasentinelle.dz\/#organization"},"image":{"@id":"https:\/\/lasentinelle.dz\/index.php\/2022\/04\/13\/visite-parlementaire-sur-le-site-du-complexe-el-hadjar-le-deblocage-de-la-deuxieme-tranche-du-plan-dinvestissement-en-question\/#primaryimage"},"thumbnailUrl":"https:\/\/lasentinelle.dz\/wp-content\/uploads\/2021\/11\/el-hadjar.png","articleSection":["\u00c9conomie"],"inLanguage":"fr-FR","potentialAction":[{"@type":"CommentAction","name":"Comment","target":["https:\/\/lasentinelle.dz\/index.php\/2022\/04\/13\/visite-parlementaire-sur-le-site-du-complexe-el-hadjar-le-deblocage-de-la-deuxieme-tranche-du-plan-dinvestissement-en-question\/#respond"]}]},{"@type":"WebPage","@id":"https:\/\/lasentinelle.dz\/index.php\/2022\/04\/13\/visite-parlementaire-sur-le-site-du-complexe-el-hadjar-le-deblocage-de-la-deuxieme-tranche-du-plan-dinvestissement-en-question\/","url":"https:\/\/lasentinelle.dz\/index.php\/2022\/04\/13\/visite-parlementaire-sur-le-site-du-complexe-el-hadjar-le-deblocage-de-la-deuxieme-tranche-du-plan-dinvestissement-en-question\/","name":"Visite parlementaire sur le site du Complexe El-Hadjar\u00a0: Le d\u00e9blocage de la deuxi\u00e8me tranche du plan d\u2019investissement en question - La Sentinelle","isPartOf":{"@id":"https:\/\/lasentinelle.dz\/#website"},"primaryImageOfPage":{"@id":"https:\/\/lasentinelle.dz\/index.php\/2022\/04\/13\/visite-parlementaire-sur-le-site-du-complexe-el-hadjar-le-deblocage-de-la-deuxieme-tranche-du-plan-dinvestissement-en-question\/#primaryimage"},"image":{"@id":"https:\/\/lasentinelle.dz\/index.php\/2022\/04\/13\/visite-parlementaire-sur-le-site-du-complexe-el-hadjar-le-deblocage-de-la-deuxieme-tranche-du-plan-dinvestissement-en-question\/#primaryimage"},"thumbnailUrl":"https:\/\/lasentinelle.dz\/wp-content\/uploads\/2021\/11\/el-hadjar.png","datePublished":"2022-04-12T23:01:00+00:00","breadcrumb":{"@id":"https:\/\/lasentinelle.dz\/index.php\/2022\/04\/13\/visite-parlementaire-sur-le-site-du-complexe-el-hadjar-le-deblocage-de-la-deuxieme-tranche-du-plan-dinvestissement-en-question\/#breadcrumb"},"inLanguage":"fr-FR","potentialAction":[{"@type":"ReadAction","target":["https:\/\/lasentinelle.dz\/index.php\/2022\/04\/13\/visite-parlementaire-sur-le-site-du-complexe-el-hadjar-le-deblocage-de-la-deuxieme-tranche-du-plan-dinvestissement-en-question\/"]}]},{"@type":"ImageObject","inLanguage":"fr-FR","@id":"https:\/\/lasentinelle.dz\/index.php\/2022\/04\/13\/visite-parlementaire-sur-le-site-du-complexe-el-hadjar-le-deblocage-de-la-deuxieme-tranche-du-plan-dinvestissement-en-question\/#primaryimage","url":"https:\/\/lasentinelle.dz\/wp-content\/uploads\/2021\/11\/el-hadjar.png","contentUrl":"https:\/\/lasentinelle.dz\/wp-content\/uploads\/2021\/11\/el-hadjar.png","width":1363,"height":900},{"@type":"BreadcrumbList","@id":"https:\/\/lasentinelle.dz\/index.php\/2022\/04\/13\/visite-parlementaire-sur-le-site-du-complexe-el-hadjar-le-deblocage-de-la-deuxieme-tranche-du-plan-dinvestissement-en-question\/#breadcrumb","itemListElement":[{"@type":"ListItem","position":1,"name":"Accueil","item":"https:\/\/lasentinelle.dz\/"},{"@type":"ListItem","position":2,"name":"Visite parlementaire sur le site du Complexe El-Hadjar\u00a0: Le d\u00e9blocage de la deuxi\u00e8me tranche du plan d\u2019investissement en question"}]},{"@type":"WebSite","@id":"https:\/\/lasentinelle.dz\/#website","url":"https:\/\/lasentinelle.dz\/","name":"La Sentinelle","description":"Quotidien national d&#039;information","publisher":{"@id":"https:\/\/lasentinelle.dz\/#organization"},"potentialAction":[{"@type":"SearchAction","target":{"@type":"EntryPoint","urlTemplate":"https:\/\/lasentinelle.dz\/?s={search_term_string}"},"query-input":{"@type":"PropertyValueSpecification","valueRequired":true,"valueName":"search_term_string"}}],"inLanguage":"fr-FR"},{"@type":"Organization","@id":"https:\/\/lasentinelle.dz\/#organization","name":"Quotidien La Sentinelle","url":"https:\/\/lasentinelle.dz\/","logo":{"@type":"ImageObject","inLanguage":"fr-FR","@id":"https:\/\/lasentinelle.dz\/#\/schema\/logo\/image\/","url":"https:\/\/lasentinelle.dz\/wp-content\/uploads\/2021\/09\/logo-sentinelleSLOGAN-1.png","contentUrl":"https:\/\/lasentinelle.dz\/wp-content\/uploads\/2021\/09\/logo-sentinelleSLOGAN-1.png","width":615,"height":142,"caption":"Quotidien La Sentinelle"},"image":{"@id":"https:\/\/lasentinelle.dz\/#\/schema\/logo\/image\/"},"sameAs":["https:\/\/www.facebook.com\/La-Sentinelle-104059864394773"]},{"@type":"Person","@id":"https:\/\/lasentinelle.dz\/#\/schema\/person\/d865044e22e70a75174ce8bcad3acfb3","name":"La Sentinelle","image":{"@type":"ImageObject","inLanguage":"fr-FR","@id":"https:\/\/secure.gravatar.com\/avatar\/57de8e5d4b15d43fb361a71fbb36338450fe67865b528a43dd10ef7c51a20392?s=96&d=mm&r=g","url":"https:\/\/secure.gravatar.com\/avatar\/57de8e5d4b15d43fb361a71fbb36338450fe67865b528a43dd10ef7c51a20392?s=96&d=mm&r=g","contentUrl":"https:\/\/secure.gravatar.com\/avatar\/57de8e5d4b15d43fb361a71fbb36338450fe67865b528a43dd10ef7c51a20392?s=96&d=mm&r=g","caption":"La Sentinelle"},"sameAs":["http:\/\/www.lasentinelle.dz"],"url":"https:\/\/lasentinelle.dz\/author\/redaction\/"}]}},"_links":{"self":[{"href":"https:\/\/lasentinelle.dz\/index.php\/wp-json\/wp\/v2\/posts\/19768","targetHints":{"allow":["GET"]}}],"collection":[{"href":"https:\/\/lasentinelle.dz\/index.php\/wp-json\/wp\/v2\/posts"}],"about":[{"href":"https:\/\/lasentinelle.dz\/index.php\/wp-json\/wp\/v2\/types\/post"}],"author":[{"embeddable":true,"href":"https:\/\/lasentinelle.dz\/index.php\/wp-json\/wp\/v2\/users\/3"}],"replies":[{"embeddable":true,"href":"https:\/\/lasentinelle.dz\/index.php\/wp-json\/wp\/v2\/comments?post=19768"}],"version-history":[{"count":1,"href":"https:\/\/lasentinelle.dz\/index.php\/wp-json\/wp\/v2\/posts\/19768\/revisions"}],"predecessor-version":[{"id":19772,"href":"https:\/\/lasentinelle.dz\/index.php\/wp-json\/wp\/v2\/posts\/19768\/revisions\/19772"}],"wp:featuredmedia":[{"embeddable":true,"href":"https:\/\/lasentinelle.dz\/index.php\/wp-json\/wp\/v2\/media\/13823"}],"wp:attachment":[{"href":"https:\/\/lasentinelle.dz\/index.php\/wp-json\/wp\/v2\/media?parent=19768"}],"wp:term":[{"taxonomy":"category","embeddable":true,"href":"https:\/\/lasentinelle.dz\/index.php\/wp-json\/wp\/v2\/categories?post=19768"},{"taxonomy":"post_tag","embeddable":true,"href":"https:\/\/lasentinelle.dz\/index.php\/wp-json\/wp\/v2\/tags?post=19768"}],"curies":[{"name":"wp","href":"https:\/\/api.w.org\/{rel}","templated":true}]}}