{"id":19803,"date":"2022-04-14T00:01:00","date_gmt":"2022-04-13T23:01:00","guid":{"rendered":"https:\/\/lasentinelle.dz\/?p=19803"},"modified":"2022-04-13T19:03:50","modified_gmt":"2022-04-13T18:03:50","slug":"bilan-operationnel-de-lanp-16-elements-de-soutien-aux-groupes-terroristes-arretes","status":"publish","type":"post","link":"https:\/\/lasentinelle.dz\/index.php\/2022\/04\/14\/bilan-operationnel-de-lanp-16-elements-de-soutien-aux-groupes-terroristes-arretes\/","title":{"rendered":"Bilan op\u00e9rationnel de l\u2019ANP\u00a0:\u00a016 \u00e9l\u00e9ments de soutien aux groupes terroristes arr\u00eat\u00e9s\u00a0"},"content":{"rendered":"\n<p>Des d\u00e9tachements de l&rsquo;ANP ont, lors d\u2019op\u00e9rations distinctes men\u00e9es \u00e0 travers le territoire national, arr\u00eat\u00e9 16 \u00e9l\u00e9ments de soutien aux groupes terroristes, a indiqu\u00e9 hier, un communiqu\u00e9 rendu public par le&nbsp;minist\u00e8re de la D\u00e9fense Nationale. Ces op\u00e9rations et bien d\u2019autres men\u00e9es&nbsp;&nbsp;entre le 6 au 12 avril courant,&nbsp;\u00ab&nbsp;s\u2019inscrivent dans la dynamique des efforts soutenus de lutte antiterroriste et contre la criminalit\u00e9 organis\u00e9e multiforme ex\u00e9cut\u00e9es par des unit\u00e9s et des d\u00e9tachements de l&rsquo;ANP et t\u00e9moignent de l\u2019engagement et le haut professionnalisme ainsi que la vigilance et la disponibilit\u00e9 permanente des Forces de notre Arm\u00e9es \u00e0 travers l\u2019ensemble du territoire national&nbsp;\u00bb. Par ailleurs, dans le cadre de la lutte contre la criminalit\u00e9 transfrontali\u00e8re organis\u00e9e,&nbsp;et notamment contre&nbsp;le fl\u00e9au du narcotrafic, des d\u00e9tachements combin\u00e9s de l&rsquo;ANP&nbsp;sont parvenus,&nbsp;en coordination avec les diff\u00e9rents services de s\u00e9curit\u00e9 au niveau des territoires des 2e et 3e R\u00e9gions&nbsp;militaires, \u00e0 d\u00e9jouer&nbsp;des tentatives d\u2019introduction via les fronti\u00e8res avec le Maroc, d\u2019une grande quantit\u00e9 de drogue estim\u00e9e \u00e0&nbsp;&nbsp;de 09 qx et 13 kg de kif trait\u00e9, a&nbsp;pr\u00e9cis\u00e9&nbsp;le m\u00eame communiqu\u00e9. Selon les d\u00e9tails&nbsp;rapport\u00e9s par ladite source,&nbsp;&nbsp;17 narcotrafiquants ont \u00e9t\u00e9 arr\u00eat\u00e9s au titre de cette op\u00e9ration,&nbsp;&nbsp;alors que 16 autres ont \u00e9t\u00e9 arr\u00eat\u00e9s lors de diverses op\u00e9rations men\u00e9es \u00e0 travers les autres R\u00e9gions&nbsp;militaires,&nbsp;&nbsp;avec&nbsp;en leur possession 64 kg de la m\u00eame substance ainsi que 97.370 comprim\u00e9s psychotropes. Dans un autre contexte, des d\u00e9tachements de l&rsquo;ANP ont,dans le cadre de la lutte contre l\u2019orpaillage illicite, intercept\u00e9 \u00e0 Tamanrasset, Bordj Badji Mokhtar, In Guezzam, Djanet et Tindouf,&nbsp;56 individus. Dans le d\u00e9tail,&nbsp;le bilan fait \u00e9tat&nbsp;&nbsp;de la saisie de&nbsp;12 v\u00e9hicules, 83 groupes \u00e9lectrog\u00e8nes, 53 marteaux piqueurs, 02 d\u00e9tecteurs de m\u00e9taux, des quantit\u00e9s d&rsquo;explosifs et des outils de d\u00e9tonation, outre des \u00e9quipements utilis\u00e9s dans des op\u00e9rations d&rsquo;orpaillage illicite, tandis que 02 individus ont \u00e9t\u00e9 arr\u00eat\u00e9s en possession de 02 fusils de chasse \u00e0 T\u00e9bessa et El-Oued, a ajout\u00e9 ledit document. Dans le m\u00eame volet, les&nbsp;Garde-fronti\u00e8res ont, pour leur part,&nbsp;mis en \u00e9chec des tentatives de contrebande de grandes quantit\u00e9s de carburants s&rsquo;\u00e9levant \u00e0 71.311 litres \u00e0 T\u00e9bessa, El-Tarf, Souk Ahras, Bordj Badji Mokhtar et El-Oued, alors que 45 immigrants clandestins de diff\u00e9rentes nationalit\u00e9s ont \u00e9t\u00e9 arr\u00eat\u00e9s \u00e0 B\u00e9char, El-M\u00e9n\u00e9a, Tlemcen et In Amenas, a conclu la m\u00eame source.<\/p>\n\n\n\n<p><strong>Sofia Chahine<\/strong><\/p>\n","protected":false},"excerpt":{"rendered":"<p>Des d\u00e9tachements de l&rsquo;ANP ont, lors d\u2019op\u00e9rations distinctes men\u00e9es \u00e0 travers le territoire national, arr\u00eat\u00e9 16 \u00e9l\u00e9ments de soutien aux<\/p>\n","protected":false},"author":3,"featured_media":19855,"comment_status":"open","ping_status":"closed","sticky":false,"template":"","format":"standard","meta":{"colormag_page_container_layout":"default_layout","colormag_page_sidebar_layout":"default_layout","om_disable_all_campaigns":false,"_monsterinsights_skip_tracking":false,"_monsterinsights_sitenote_active":false,"_monsterinsights_sitenote_note":"","_monsterinsights_sitenote_category":0,"footnotes":"","_wpscppro_dont_share_socialmedia":false,"_wpscppro_custom_social_share_image":0,"_facebook_share_type":"","_twitter_share_type":"","_linkedin_share_type":"","_pinterest_share_type":"","_linkedin_share_type_page":"","_instagram_share_type":"","_medium_share_type":"","_threads_share_type":"","_google_business_share_type":"","_selected_social_profile":[],"_wpsp_enable_custom_social_template":false,"_wpsp_social_scheduling":{"enabled":false,"datetime":null,"platforms":[],"status":"template_only","dateOption":"today","timeOption":"now","customDays":"","customHours":"","customDate":"","customTime":"","schedulingType":"absolute"},"_wpsp_active_default_template":true},"categories":[27],"tags":[],"class_list":["post-19803","post","type-post","status-publish","format-standard","has-post-thumbnail","hentry","category-actualite"],"aioseo_notices":[],"yoast_head":"<!-- This site is optimized with the Yoast SEO plugin v27.5 - https:\/\/yoast.com\/product\/yoast-seo-wordpress\/ -->\n<title>Bilan op\u00e9rationnel de l\u2019ANP\u00a0:\u00a016 \u00e9l\u00e9ments de soutien aux groupes terroristes arr\u00eat\u00e9s\u00a0 - La Sentinelle<\/title>\n<meta name=\"robots\" content=\"index, follow, max-snippet:-1, max-image-preview:large, max-video-preview:-1\" \/>\n<link rel=\"canonical\" href=\"https:\/\/lasentinelle.dz\/index.php\/2022\/04\/14\/bilan-operationnel-de-lanp-16-elements-de-soutien-aux-groupes-terroristes-arretes\/\" \/>\n<meta property=\"og:locale\" content=\"fr_FR\" \/>\n<meta property=\"og:type\" content=\"article\" \/>\n<meta property=\"og:title\" content=\"Bilan op\u00e9rationnel de l\u2019ANP\u00a0:\u00a016 \u00e9l\u00e9ments de soutien aux groupes terroristes arr\u00eat\u00e9s\u00a0 - La Sentinelle\" \/>\n<meta property=\"og:description\" content=\"Des d\u00e9tachements de l&rsquo;ANP ont, lors d\u2019op\u00e9rations distinctes men\u00e9es \u00e0 travers le territoire national, arr\u00eat\u00e9 16 \u00e9l\u00e9ments de soutien aux\" \/>\n<meta property=\"og:url\" content=\"https:\/\/lasentinelle.dz\/index.php\/2022\/04\/14\/bilan-operationnel-de-lanp-16-elements-de-soutien-aux-groupes-terroristes-arretes\/\" \/>\n<meta property=\"og:site_name\" content=\"La Sentinelle\" \/>\n<meta property=\"article:publisher\" content=\"https:\/\/www.facebook.com\/La-Sentinelle-104059864394773\" \/>\n<meta property=\"article:published_time\" content=\"2022-04-13T23:01:00+00:00\" \/>\n<meta property=\"og:image\" content=\"https:\/\/lasentinelle.dz\/wp-content\/uploads\/2022\/04\/16f1514d2a40ed4481cef430e54b69fc_M.jpg\" \/>\n\t<meta property=\"og:image:width\" content=\"580\" \/>\n\t<meta property=\"og:image:height\" content=\"350\" \/>\n\t<meta property=\"og:image:type\" content=\"image\/jpeg\" \/>\n<meta name=\"author\" content=\"La Sentinelle\" \/>\n<meta name=\"twitter:card\" content=\"summary_large_image\" \/>\n<meta name=\"twitter:label1\" content=\"\u00c9crit par\" \/>\n\t<meta name=\"twitter:data1\" content=\"La Sentinelle\" \/>\n\t<meta name=\"twitter:label2\" content=\"Dur\u00e9e de lecture estim\u00e9e\" \/>\n\t<meta name=\"twitter:data2\" content=\"2 minutes\" \/>\n<script type=\"application\/ld+json\" class=\"yoast-schema-graph\">{\"@context\":\"https:\\\/\\\/schema.org\",\"@graph\":[{\"@type\":\"Article\",\"@id\":\"https:\\\/\\\/lasentinelle.dz\\\/index.php\\\/2022\\\/04\\\/14\\\/bilan-operationnel-de-lanp-16-elements-de-soutien-aux-groupes-terroristes-arretes\\\/#article\",\"isPartOf\":{\"@id\":\"https:\\\/\\\/lasentinelle.dz\\\/index.php\\\/2022\\\/04\\\/14\\\/bilan-operationnel-de-lanp-16-elements-de-soutien-aux-groupes-terroristes-arretes\\\/\"},\"author\":{\"name\":\"La Sentinelle\",\"@id\":\"https:\\\/\\\/lasentinelle.dz\\\/#\\\/schema\\\/person\\\/d865044e22e70a75174ce8bcad3acfb3\"},\"headline\":\"Bilan op\u00e9rationnel de l\u2019ANP\u00a0:\u00a016 \u00e9l\u00e9ments de soutien aux groupes terroristes arr\u00eat\u00e9s\u00a0\",\"datePublished\":\"2022-04-13T23:01:00+00:00\",\"mainEntityOfPage\":{\"@id\":\"https:\\\/\\\/lasentinelle.dz\\\/index.php\\\/2022\\\/04\\\/14\\\/bilan-operationnel-de-lanp-16-elements-de-soutien-aux-groupes-terroristes-arretes\\\/\"},\"wordCount\":483,\"commentCount\":0,\"publisher\":{\"@id\":\"https:\\\/\\\/lasentinelle.dz\\\/#organization\"},\"image\":{\"@id\":\"https:\\\/\\\/lasentinelle.dz\\\/index.php\\\/2022\\\/04\\\/14\\\/bilan-operationnel-de-lanp-16-elements-de-soutien-aux-groupes-terroristes-arretes\\\/#primaryimage\"},\"thumbnailUrl\":\"https:\\\/\\\/lasentinelle.dz\\\/wp-content\\\/uploads\\\/2022\\\/04\\\/16f1514d2a40ed4481cef430e54b69fc_M.jpg\",\"articleSection\":[\"Actualit\u00e9\"],\"inLanguage\":\"fr-FR\",\"potentialAction\":[{\"@type\":\"CommentAction\",\"name\":\"Comment\",\"target\":[\"https:\\\/\\\/lasentinelle.dz\\\/index.php\\\/2022\\\/04\\\/14\\\/bilan-operationnel-de-lanp-16-elements-de-soutien-aux-groupes-terroristes-arretes\\\/#respond\"]}]},{\"@type\":\"WebPage\",\"@id\":\"https:\\\/\\\/lasentinelle.dz\\\/index.php\\\/2022\\\/04\\\/14\\\/bilan-operationnel-de-lanp-16-elements-de-soutien-aux-groupes-terroristes-arretes\\\/\",\"url\":\"https:\\\/\\\/lasentinelle.dz\\\/index.php\\\/2022\\\/04\\\/14\\\/bilan-operationnel-de-lanp-16-elements-de-soutien-aux-groupes-terroristes-arretes\\\/\",\"name\":\"Bilan op\u00e9rationnel de l\u2019ANP\u00a0:\u00a016 \u00e9l\u00e9ments de soutien aux groupes terroristes arr\u00eat\u00e9s\u00a0 - La Sentinelle\",\"isPartOf\":{\"@id\":\"https:\\\/\\\/lasentinelle.dz\\\/#website\"},\"primaryImageOfPage\":{\"@id\":\"https:\\\/\\\/lasentinelle.dz\\\/index.php\\\/2022\\\/04\\\/14\\\/bilan-operationnel-de-lanp-16-elements-de-soutien-aux-groupes-terroristes-arretes\\\/#primaryimage\"},\"image\":{\"@id\":\"https:\\\/\\\/lasentinelle.dz\\\/index.php\\\/2022\\\/04\\\/14\\\/bilan-operationnel-de-lanp-16-elements-de-soutien-aux-groupes-terroristes-arretes\\\/#primaryimage\"},\"thumbnailUrl\":\"https:\\\/\\\/lasentinelle.dz\\\/wp-content\\\/uploads\\\/2022\\\/04\\\/16f1514d2a40ed4481cef430e54b69fc_M.jpg\",\"datePublished\":\"2022-04-13T23:01:00+00:00\",\"breadcrumb\":{\"@id\":\"https:\\\/\\\/lasentinelle.dz\\\/index.php\\\/2022\\\/04\\\/14\\\/bilan-operationnel-de-lanp-16-elements-de-soutien-aux-groupes-terroristes-arretes\\\/#breadcrumb\"},\"inLanguage\":\"fr-FR\",\"potentialAction\":[{\"@type\":\"ReadAction\",\"target\":[\"https:\\\/\\\/lasentinelle.dz\\\/index.php\\\/2022\\\/04\\\/14\\\/bilan-operationnel-de-lanp-16-elements-de-soutien-aux-groupes-terroristes-arretes\\\/\"]}]},{\"@type\":\"ImageObject\",\"inLanguage\":\"fr-FR\",\"@id\":\"https:\\\/\\\/lasentinelle.dz\\\/index.php\\\/2022\\\/04\\\/14\\\/bilan-operationnel-de-lanp-16-elements-de-soutien-aux-groupes-terroristes-arretes\\\/#primaryimage\",\"url\":\"https:\\\/\\\/lasentinelle.dz\\\/wp-content\\\/uploads\\\/2022\\\/04\\\/16f1514d2a40ed4481cef430e54b69fc_M.jpg\",\"contentUrl\":\"https:\\\/\\\/lasentinelle.dz\\\/wp-content\\\/uploads\\\/2022\\\/04\\\/16f1514d2a40ed4481cef430e54b69fc_M.jpg\",\"width\":580,\"height\":350},{\"@type\":\"BreadcrumbList\",\"@id\":\"https:\\\/\\\/lasentinelle.dz\\\/index.php\\\/2022\\\/04\\\/14\\\/bilan-operationnel-de-lanp-16-elements-de-soutien-aux-groupes-terroristes-arretes\\\/#breadcrumb\",\"itemListElement\":[{\"@type\":\"ListItem\",\"position\":1,\"name\":\"Accueil\",\"item\":\"https:\\\/\\\/lasentinelle.dz\\\/\"},{\"@type\":\"ListItem\",\"position\":2,\"name\":\"Bilan op\u00e9rationnel de l\u2019ANP\u00a0:\u00a016 \u00e9l\u00e9ments de soutien aux groupes terroristes arr\u00eat\u00e9s\u00a0\"}]},{\"@type\":\"WebSite\",\"@id\":\"https:\\\/\\\/lasentinelle.dz\\\/#website\",\"url\":\"https:\\\/\\\/lasentinelle.dz\\\/\",\"name\":\"La Sentinelle\",\"description\":\"Quotidien national d&#039;information\",\"publisher\":{\"@id\":\"https:\\\/\\\/lasentinelle.dz\\\/#organization\"},\"potentialAction\":[{\"@type\":\"SearchAction\",\"target\":{\"@type\":\"EntryPoint\",\"urlTemplate\":\"https:\\\/\\\/lasentinelle.dz\\\/?s={search_term_string}\"},\"query-input\":{\"@type\":\"PropertyValueSpecification\",\"valueRequired\":true,\"valueName\":\"search_term_string\"}}],\"inLanguage\":\"fr-FR\"},{\"@type\":\"Organization\",\"@id\":\"https:\\\/\\\/lasentinelle.dz\\\/#organization\",\"name\":\"Quotidien La Sentinelle\",\"url\":\"https:\\\/\\\/lasentinelle.dz\\\/\",\"logo\":{\"@type\":\"ImageObject\",\"inLanguage\":\"fr-FR\",\"@id\":\"https:\\\/\\\/lasentinelle.dz\\\/#\\\/schema\\\/logo\\\/image\\\/\",\"url\":\"https:\\\/\\\/lasentinelle.dz\\\/wp-content\\\/uploads\\\/2021\\\/09\\\/logo-sentinelleSLOGAN-1.png\",\"contentUrl\":\"https:\\\/\\\/lasentinelle.dz\\\/wp-content\\\/uploads\\\/2021\\\/09\\\/logo-sentinelleSLOGAN-1.png\",\"width\":615,\"height\":142,\"caption\":\"Quotidien La Sentinelle\"},\"image\":{\"@id\":\"https:\\\/\\\/lasentinelle.dz\\\/#\\\/schema\\\/logo\\\/image\\\/\"},\"sameAs\":[\"https:\\\/\\\/www.facebook.com\\\/La-Sentinelle-104059864394773\"]},{\"@type\":\"Person\",\"@id\":\"https:\\\/\\\/lasentinelle.dz\\\/#\\\/schema\\\/person\\\/d865044e22e70a75174ce8bcad3acfb3\",\"name\":\"La Sentinelle\",\"image\":{\"@type\":\"ImageObject\",\"inLanguage\":\"fr-FR\",\"@id\":\"https:\\\/\\\/secure.gravatar.com\\\/avatar\\\/57de8e5d4b15d43fb361a71fbb36338450fe67865b528a43dd10ef7c51a20392?s=96&d=mm&r=g\",\"url\":\"https:\\\/\\\/secure.gravatar.com\\\/avatar\\\/57de8e5d4b15d43fb361a71fbb36338450fe67865b528a43dd10ef7c51a20392?s=96&d=mm&r=g\",\"contentUrl\":\"https:\\\/\\\/secure.gravatar.com\\\/avatar\\\/57de8e5d4b15d43fb361a71fbb36338450fe67865b528a43dd10ef7c51a20392?s=96&d=mm&r=g\",\"caption\":\"La Sentinelle\"},\"sameAs\":[\"http:\\\/\\\/www.lasentinelle.dz\"],\"url\":\"https:\\\/\\\/lasentinelle.dz\\\/author\\\/redaction\\\/\"}]}<\/script>\n<!-- \/ Yoast SEO plugin. -->","yoast_head_json":{"title":"Bilan op\u00e9rationnel de l\u2019ANP\u00a0:\u00a016 \u00e9l\u00e9ments de soutien aux groupes terroristes arr\u00eat\u00e9s\u00a0 - La Sentinelle","robots":{"index":"index","follow":"follow","max-snippet":"max-snippet:-1","max-image-preview":"max-image-preview:large","max-video-preview":"max-video-preview:-1"},"canonical":"https:\/\/lasentinelle.dz\/index.php\/2022\/04\/14\/bilan-operationnel-de-lanp-16-elements-de-soutien-aux-groupes-terroristes-arretes\/","og_locale":"fr_FR","og_type":"article","og_title":"Bilan op\u00e9rationnel de l\u2019ANP\u00a0:\u00a016 \u00e9l\u00e9ments de soutien aux groupes terroristes arr\u00eat\u00e9s\u00a0 - La Sentinelle","og_description":"Des d\u00e9tachements de l&rsquo;ANP ont, lors d\u2019op\u00e9rations distinctes men\u00e9es \u00e0 travers le territoire national, arr\u00eat\u00e9 16 \u00e9l\u00e9ments de soutien aux","og_url":"https:\/\/lasentinelle.dz\/index.php\/2022\/04\/14\/bilan-operationnel-de-lanp-16-elements-de-soutien-aux-groupes-terroristes-arretes\/","og_site_name":"La Sentinelle","article_publisher":"https:\/\/www.facebook.com\/La-Sentinelle-104059864394773","article_published_time":"2022-04-13T23:01:00+00:00","og_image":[{"width":580,"height":350,"url":"https:\/\/lasentinelle.dz\/wp-content\/uploads\/2022\/04\/16f1514d2a40ed4481cef430e54b69fc_M.jpg","type":"image\/jpeg"}],"author":"La Sentinelle","twitter_card":"summary_large_image","twitter_misc":{"\u00c9crit par":"La Sentinelle","Dur\u00e9e de lecture estim\u00e9e":"2 minutes"},"schema":{"@context":"https:\/\/schema.org","@graph":[{"@type":"Article","@id":"https:\/\/lasentinelle.dz\/index.php\/2022\/04\/14\/bilan-operationnel-de-lanp-16-elements-de-soutien-aux-groupes-terroristes-arretes\/#article","isPartOf":{"@id":"https:\/\/lasentinelle.dz\/index.php\/2022\/04\/14\/bilan-operationnel-de-lanp-16-elements-de-soutien-aux-groupes-terroristes-arretes\/"},"author":{"name":"La Sentinelle","@id":"https:\/\/lasentinelle.dz\/#\/schema\/person\/d865044e22e70a75174ce8bcad3acfb3"},"headline":"Bilan op\u00e9rationnel de l\u2019ANP\u00a0:\u00a016 \u00e9l\u00e9ments de soutien aux groupes terroristes arr\u00eat\u00e9s\u00a0","datePublished":"2022-04-13T23:01:00+00:00","mainEntityOfPage":{"@id":"https:\/\/lasentinelle.dz\/index.php\/2022\/04\/14\/bilan-operationnel-de-lanp-16-elements-de-soutien-aux-groupes-terroristes-arretes\/"},"wordCount":483,"commentCount":0,"publisher":{"@id":"https:\/\/lasentinelle.dz\/#organization"},"image":{"@id":"https:\/\/lasentinelle.dz\/index.php\/2022\/04\/14\/bilan-operationnel-de-lanp-16-elements-de-soutien-aux-groupes-terroristes-arretes\/#primaryimage"},"thumbnailUrl":"https:\/\/lasentinelle.dz\/wp-content\/uploads\/2022\/04\/16f1514d2a40ed4481cef430e54b69fc_M.jpg","articleSection":["Actualit\u00e9"],"inLanguage":"fr-FR","potentialAction":[{"@type":"CommentAction","name":"Comment","target":["https:\/\/lasentinelle.dz\/index.php\/2022\/04\/14\/bilan-operationnel-de-lanp-16-elements-de-soutien-aux-groupes-terroristes-arretes\/#respond"]}]},{"@type":"WebPage","@id":"https:\/\/lasentinelle.dz\/index.php\/2022\/04\/14\/bilan-operationnel-de-lanp-16-elements-de-soutien-aux-groupes-terroristes-arretes\/","url":"https:\/\/lasentinelle.dz\/index.php\/2022\/04\/14\/bilan-operationnel-de-lanp-16-elements-de-soutien-aux-groupes-terroristes-arretes\/","name":"Bilan op\u00e9rationnel de l\u2019ANP\u00a0:\u00a016 \u00e9l\u00e9ments de soutien aux groupes terroristes arr\u00eat\u00e9s\u00a0 - La Sentinelle","isPartOf":{"@id":"https:\/\/lasentinelle.dz\/#website"},"primaryImageOfPage":{"@id":"https:\/\/lasentinelle.dz\/index.php\/2022\/04\/14\/bilan-operationnel-de-lanp-16-elements-de-soutien-aux-groupes-terroristes-arretes\/#primaryimage"},"image":{"@id":"https:\/\/lasentinelle.dz\/index.php\/2022\/04\/14\/bilan-operationnel-de-lanp-16-elements-de-soutien-aux-groupes-terroristes-arretes\/#primaryimage"},"thumbnailUrl":"https:\/\/lasentinelle.dz\/wp-content\/uploads\/2022\/04\/16f1514d2a40ed4481cef430e54b69fc_M.jpg","datePublished":"2022-04-13T23:01:00+00:00","breadcrumb":{"@id":"https:\/\/lasentinelle.dz\/index.php\/2022\/04\/14\/bilan-operationnel-de-lanp-16-elements-de-soutien-aux-groupes-terroristes-arretes\/#breadcrumb"},"inLanguage":"fr-FR","potentialAction":[{"@type":"ReadAction","target":["https:\/\/lasentinelle.dz\/index.php\/2022\/04\/14\/bilan-operationnel-de-lanp-16-elements-de-soutien-aux-groupes-terroristes-arretes\/"]}]},{"@type":"ImageObject","inLanguage":"fr-FR","@id":"https:\/\/lasentinelle.dz\/index.php\/2022\/04\/14\/bilan-operationnel-de-lanp-16-elements-de-soutien-aux-groupes-terroristes-arretes\/#primaryimage","url":"https:\/\/lasentinelle.dz\/wp-content\/uploads\/2022\/04\/16f1514d2a40ed4481cef430e54b69fc_M.jpg","contentUrl":"https:\/\/lasentinelle.dz\/wp-content\/uploads\/2022\/04\/16f1514d2a40ed4481cef430e54b69fc_M.jpg","width":580,"height":350},{"@type":"BreadcrumbList","@id":"https:\/\/lasentinelle.dz\/index.php\/2022\/04\/14\/bilan-operationnel-de-lanp-16-elements-de-soutien-aux-groupes-terroristes-arretes\/#breadcrumb","itemListElement":[{"@type":"ListItem","position":1,"name":"Accueil","item":"https:\/\/lasentinelle.dz\/"},{"@type":"ListItem","position":2,"name":"Bilan op\u00e9rationnel de l\u2019ANP\u00a0:\u00a016 \u00e9l\u00e9ments de soutien aux groupes terroristes arr\u00eat\u00e9s\u00a0"}]},{"@type":"WebSite","@id":"https:\/\/lasentinelle.dz\/#website","url":"https:\/\/lasentinelle.dz\/","name":"La Sentinelle","description":"Quotidien national d&#039;information","publisher":{"@id":"https:\/\/lasentinelle.dz\/#organization"},"potentialAction":[{"@type":"SearchAction","target":{"@type":"EntryPoint","urlTemplate":"https:\/\/lasentinelle.dz\/?s={search_term_string}"},"query-input":{"@type":"PropertyValueSpecification","valueRequired":true,"valueName":"search_term_string"}}],"inLanguage":"fr-FR"},{"@type":"Organization","@id":"https:\/\/lasentinelle.dz\/#organization","name":"Quotidien La Sentinelle","url":"https:\/\/lasentinelle.dz\/","logo":{"@type":"ImageObject","inLanguage":"fr-FR","@id":"https:\/\/lasentinelle.dz\/#\/schema\/logo\/image\/","url":"https:\/\/lasentinelle.dz\/wp-content\/uploads\/2021\/09\/logo-sentinelleSLOGAN-1.png","contentUrl":"https:\/\/lasentinelle.dz\/wp-content\/uploads\/2021\/09\/logo-sentinelleSLOGAN-1.png","width":615,"height":142,"caption":"Quotidien La Sentinelle"},"image":{"@id":"https:\/\/lasentinelle.dz\/#\/schema\/logo\/image\/"},"sameAs":["https:\/\/www.facebook.com\/La-Sentinelle-104059864394773"]},{"@type":"Person","@id":"https:\/\/lasentinelle.dz\/#\/schema\/person\/d865044e22e70a75174ce8bcad3acfb3","name":"La Sentinelle","image":{"@type":"ImageObject","inLanguage":"fr-FR","@id":"https:\/\/secure.gravatar.com\/avatar\/57de8e5d4b15d43fb361a71fbb36338450fe67865b528a43dd10ef7c51a20392?s=96&d=mm&r=g","url":"https:\/\/secure.gravatar.com\/avatar\/57de8e5d4b15d43fb361a71fbb36338450fe67865b528a43dd10ef7c51a20392?s=96&d=mm&r=g","contentUrl":"https:\/\/secure.gravatar.com\/avatar\/57de8e5d4b15d43fb361a71fbb36338450fe67865b528a43dd10ef7c51a20392?s=96&d=mm&r=g","caption":"La Sentinelle"},"sameAs":["http:\/\/www.lasentinelle.dz"],"url":"https:\/\/lasentinelle.dz\/author\/redaction\/"}]}},"_links":{"self":[{"href":"https:\/\/lasentinelle.dz\/index.php\/wp-json\/wp\/v2\/posts\/19803","targetHints":{"allow":["GET"]}}],"collection":[{"href":"https:\/\/lasentinelle.dz\/index.php\/wp-json\/wp\/v2\/posts"}],"about":[{"href":"https:\/\/lasentinelle.dz\/index.php\/wp-json\/wp\/v2\/types\/post"}],"author":[{"embeddable":true,"href":"https:\/\/lasentinelle.dz\/index.php\/wp-json\/wp\/v2\/users\/3"}],"replies":[{"embeddable":true,"href":"https:\/\/lasentinelle.dz\/index.php\/wp-json\/wp\/v2\/comments?post=19803"}],"version-history":[{"count":1,"href":"https:\/\/lasentinelle.dz\/index.php\/wp-json\/wp\/v2\/posts\/19803\/revisions"}],"predecessor-version":[{"id":19856,"href":"https:\/\/lasentinelle.dz\/index.php\/wp-json\/wp\/v2\/posts\/19803\/revisions\/19856"}],"wp:featuredmedia":[{"embeddable":true,"href":"https:\/\/lasentinelle.dz\/index.php\/wp-json\/wp\/v2\/media\/19855"}],"wp:attachment":[{"href":"https:\/\/lasentinelle.dz\/index.php\/wp-json\/wp\/v2\/media?parent=19803"}],"wp:term":[{"taxonomy":"category","embeddable":true,"href":"https:\/\/lasentinelle.dz\/index.php\/wp-json\/wp\/v2\/categories?post=19803"},{"taxonomy":"post_tag","embeddable":true,"href":"https:\/\/lasentinelle.dz\/index.php\/wp-json\/wp\/v2\/tags?post=19803"}],"curies":[{"name":"wp","href":"https:\/\/api.w.org\/{rel}","templated":true}]}}