{"id":19804,"date":"2022-04-14T00:01:00","date_gmt":"2022-04-13T23:01:00","guid":{"rendered":"https:\/\/lasentinelle.dz\/?p=19804"},"modified":"2022-04-13T18:12:01","modified_gmt":"2022-04-13T17:12:01","slug":"affaire-benamor-nouvelles-condamnations-pour-ouyahia-et-sellal","status":"publish","type":"post","link":"https:\/\/lasentinelle.dz\/index.php\/2022\/04\/14\/affaire-benamor-nouvelles-condamnations-pour-ouyahia-et-sellal\/","title":{"rendered":"Affaire Benamor\u00a0: Nouvelles condamnations pour Ouyahia et Sellal"},"content":{"rendered":"\n<p>Le p\u00f4le p\u00e9nal \u00e9conomique et financier pr\u00e8s le Tribunal de Sidi Mhamed \u00e0 Alger a d\u00e9s les premi\u00e8res heures de la matin\u00e9e d\u2019hier rendu son verdict&nbsp;dans le proc\u00e8s de l\u2019affaire Benamor. L&rsquo;ancien Premier ministre Abdelmalek Sellal&nbsp;a, ainsi, \u00e9t\u00e9 condamn\u00e9&nbsp;\u00e0 5 ans de prison et \u00e0 une amende d&rsquo;un million de dinars. Pour sa part,&nbsp;l&rsquo;ancien Premier ministre Ahmed Ouyahia&nbsp;a \u00e9cop\u00e9 de&nbsp;4 ans de prison et une amende d&rsquo;un million de dinars. Des peines ont \u00e9galement \u00e9t\u00e9 prononc\u00e9es contre les fr\u00e8res Benamor, dont&nbsp;Mohamed&nbsp;Laid Benamor condamn\u00e9 \u00e0 8 ans de prison et El Hadi Benamor&nbsp;\u00e0&nbsp;7 ans de prison ferme&nbsp;en sus d\u2019une amende de 8 millions de&nbsp;pour chacun&nbsp;des deux accus\u00e9s. Leur&nbsp;fr\u00e8re&nbsp;a \u00e9cop\u00e9&nbsp;5 ans d&#8217;emprisonnement&nbsp;ferme&nbsp;avec l&rsquo;ex\u00e9cution d&rsquo;une amende estim\u00e9e \u00e0 8 Millions de dinars. Plusieurs autres accus\u00e9s ont condamn\u00e9s \u00e0 des peines allant entre 18 mois et 3 ans de prison tandis que d\u2019autres ont \u00e9t\u00e9 acquitt\u00e9s. Le tribunal a ordonn\u00e9 la confiscation de tous les biens, des avoirs immobiliers et bancaires&nbsp;des accus\u00e9s&nbsp;et une amende de 32 millions de dinars pour certaines soci\u00e9t\u00e9s des fr\u00e8res&nbsp;Benamor. Des&nbsp;d\u00e9dommagements&nbsp;de&nbsp;20 millions de dinars&nbsp;ont \u00e9galement \u00e9t\u00e9 d\u00e9cid\u00e9s. Ouyahia, Sellal, Medjoubi et Benaissa ont \u00e9t\u00e9 condamn\u00e9s de payer 100 000 dinars au tr\u00e9sor public, en plus d&rsquo;obliger les fr\u00e8res condamn\u00e9s, les Benamor, \u00e0 payer plus de 3 milliards de dinars au&nbsp;Tr\u00e9sor&nbsp;public. Dans l&rsquo;affaire, aux c\u00f4t\u00e9s des anciens Premiers ministres Ahmed Ouyahia et Abdelmalek Sellal, l&rsquo;ancien ministre de l&rsquo;Agriculture et du D\u00e9veloppement rural, Rachid Benaissa, ainsi qu&rsquo;un grand nombre de responsables et d&rsquo;agents de l&rsquo;\u00c9tat sont poursuivis dans cette l&rsquo;affaire, tandis que l&rsquo;ancienne ministre de l&rsquo;Industrie et des Mines, Djamila Tamazirt, a \u00e9t\u00e9 appel\u00e9e en tant que t\u00e9moin. Dans son requisitoire, le procureur de la R\u00e9publique pr\u00e8s le Tribunal de Sidi M&rsquo;hamed (Alger) a requis lundi une peine de dix ans de prison ferme assortie d&rsquo;une amende de deux millions de dinars \u00e0 l&rsquo;encontre des anciens Premiers ministres Ahmed Ouyahia et Abdelmalek Sellal, poursuivis pour des chefs d&rsquo;accusation li\u00e9s \u00e0 la corruption. Le procureur de la R\u00e9publique a \u00e9galement requis, dans la m\u00eame affaire, une peine de six ans de prison ferme assortie d&rsquo;une amende de deux millions de dinars \u00e0 l&rsquo;encontre de l&rsquo;ancien ministre de l&rsquo;Agriculture, Rachid Benaissa. Il a en outre requis une peine de dix ans de prison ferme assortie d&rsquo;une amende de huit millions de dinars \u00e0 l&rsquo;encontre des propri\u00e9taires du groupe, La\u00efd et El-Hadi Benamor, et une peine de huit&nbsp;&nbsp;ans de prison ferme \u00e0 l&rsquo;encontre de Sami Benamor. Des peines allant de deux \u00e0 six ans de prison ferme ont \u00e9t\u00e9 requises contre les autres accus\u00e9s dans cette affaire et une amende de 32 millions de dinars \u00e0 l&rsquo;encontre des soci\u00e9t\u00e9s incrimin\u00e9es. Les accus\u00e9s dans cette affaire sont poursuivis pour dilapidation de deniers publics, blanchiment d&rsquo;argent, obtention d&rsquo;indus avantages et exploitation ill\u00e9gale de terres agricoles.&nbsp;&nbsp;L\u2019affaire concerne les avantages accord\u00e9s au&nbsp;complexe&nbsp;AmorBenamor&nbsp;qui&nbsp;a b\u00e9n\u00e9fici\u00e9 de grandes quantit\u00e9s de bl\u00e9 subventionn\u00e9,&nbsp;et qui les a&nbsp;retransf\u00e9r\u00e9es&nbsp;et vendues&nbsp;au march\u00e9 noir, en plus de b\u00e9n\u00e9ficier de 350 quintaux de bl\u00e9 ill\u00e9galement, ce qui a inflig\u00e9 une perte importante pertes sur le tr\u00e9sor public. Le 23 mars 2022 au p\u00f4le p\u00e9nal \u00e9conomique et financier de tribunal de sidi Mhamed avait&nbsp;ouvert&nbsp;le proc\u00e8s&nbsp;qui a vu plusieurs responsables d\u00e9filer \u00e0 la barre&nbsp;pour dilapidation de deniers publics, blanchiment d\u2019argent, obtention d\u2019indu-avantages et exploitation ill\u00e9gale de terres agricoles.<\/p>\n\n\n\n<p><strong>Salim Abdenour<\/strong><\/p>\n","protected":false},"excerpt":{"rendered":"<p>Le p\u00f4le p\u00e9nal \u00e9conomique et financier pr\u00e8s le Tribunal de Sidi Mhamed \u00e0 Alger a d\u00e9s les premi\u00e8res heures de<\/p>\n","protected":false},"author":3,"featured_media":19837,"comment_status":"open","ping_status":"closed","sticky":false,"template":"","format":"standard","meta":{"colormag_page_container_layout":"default_layout","colormag_page_sidebar_layout":"default_layout","om_disable_all_campaigns":false,"_monsterinsights_skip_tracking":false,"_monsterinsights_sitenote_active":false,"_monsterinsights_sitenote_note":"","_monsterinsights_sitenote_category":0,"footnotes":"","_wpscppro_dont_share_socialmedia":false,"_wpscppro_custom_social_share_image":0,"_facebook_share_type":"","_twitter_share_type":"","_linkedin_share_type":"","_pinterest_share_type":"","_linkedin_share_type_page":"","_instagram_share_type":"","_medium_share_type":"","_threads_share_type":"","_google_business_share_type":"","_selected_social_profile":[],"_wpsp_enable_custom_social_template":false,"_wpsp_social_scheduling":{"enabled":false,"datetime":null,"platforms":[],"status":"template_only","dateOption":"today","timeOption":"now","customDays":"","customHours":"","customDate":"","customTime":"","schedulingType":"absolute"},"_wpsp_active_default_template":true},"categories":[27],"tags":[],"class_list":["post-19804","post","type-post","status-publish","format-standard","has-post-thumbnail","hentry","category-actualite"],"aioseo_notices":[],"yoast_head":"<!-- This site is optimized with the Yoast SEO plugin v27.5 - https:\/\/yoast.com\/product\/yoast-seo-wordpress\/ -->\n<title>Affaire Benamor\u00a0: Nouvelles condamnations pour Ouyahia et Sellal - La Sentinelle<\/title>\n<meta name=\"robots\" content=\"index, follow, max-snippet:-1, max-image-preview:large, max-video-preview:-1\" \/>\n<link rel=\"canonical\" href=\"https:\/\/lasentinelle.dz\/index.php\/2022\/04\/14\/affaire-benamor-nouvelles-condamnations-pour-ouyahia-et-sellal\/\" \/>\n<meta property=\"og:locale\" content=\"fr_FR\" \/>\n<meta property=\"og:type\" content=\"article\" \/>\n<meta property=\"og:title\" content=\"Affaire Benamor\u00a0: Nouvelles condamnations pour Ouyahia et Sellal - La Sentinelle\" \/>\n<meta property=\"og:description\" content=\"Le p\u00f4le p\u00e9nal \u00e9conomique et financier pr\u00e8s le Tribunal de Sidi Mhamed \u00e0 Alger a d\u00e9s les premi\u00e8res heures de\" \/>\n<meta property=\"og:url\" content=\"https:\/\/lasentinelle.dz\/index.php\/2022\/04\/14\/affaire-benamor-nouvelles-condamnations-pour-ouyahia-et-sellal\/\" \/>\n<meta property=\"og:site_name\" content=\"La Sentinelle\" \/>\n<meta property=\"article:publisher\" content=\"https:\/\/www.facebook.com\/La-Sentinelle-104059864394773\" \/>\n<meta property=\"article:published_time\" content=\"2022-04-13T23:01:00+00:00\" \/>\n<meta property=\"og:image\" content=\"https:\/\/lasentinelle.dz\/wp-content\/uploads\/2022\/04\/OUYAHIA-SELLAL-fa71.png\" \/>\n\t<meta property=\"og:image:width\" content=\"1601\" \/>\n\t<meta property=\"og:image:height\" content=\"900\" \/>\n\t<meta property=\"og:image:type\" content=\"image\/png\" \/>\n<meta name=\"author\" content=\"La Sentinelle\" \/>\n<meta name=\"twitter:card\" content=\"summary_large_image\" \/>\n<meta name=\"twitter:label1\" content=\"\u00c9crit par\" \/>\n\t<meta name=\"twitter:data1\" content=\"La Sentinelle\" \/>\n\t<meta name=\"twitter:label2\" content=\"Dur\u00e9e de lecture estim\u00e9e\" \/>\n\t<meta name=\"twitter:data2\" content=\"3 minutes\" \/>\n<script type=\"application\/ld+json\" class=\"yoast-schema-graph\">{\"@context\":\"https:\\\/\\\/schema.org\",\"@graph\":[{\"@type\":\"Article\",\"@id\":\"https:\\\/\\\/lasentinelle.dz\\\/index.php\\\/2022\\\/04\\\/14\\\/affaire-benamor-nouvelles-condamnations-pour-ouyahia-et-sellal\\\/#article\",\"isPartOf\":{\"@id\":\"https:\\\/\\\/lasentinelle.dz\\\/index.php\\\/2022\\\/04\\\/14\\\/affaire-benamor-nouvelles-condamnations-pour-ouyahia-et-sellal\\\/\"},\"author\":{\"name\":\"La Sentinelle\",\"@id\":\"https:\\\/\\\/lasentinelle.dz\\\/#\\\/schema\\\/person\\\/d865044e22e70a75174ce8bcad3acfb3\"},\"headline\":\"Affaire Benamor\u00a0: Nouvelles condamnations pour Ouyahia et Sellal\",\"datePublished\":\"2022-04-13T23:01:00+00:00\",\"mainEntityOfPage\":{\"@id\":\"https:\\\/\\\/lasentinelle.dz\\\/index.php\\\/2022\\\/04\\\/14\\\/affaire-benamor-nouvelles-condamnations-pour-ouyahia-et-sellal\\\/\"},\"wordCount\":696,\"commentCount\":0,\"publisher\":{\"@id\":\"https:\\\/\\\/lasentinelle.dz\\\/#organization\"},\"image\":{\"@id\":\"https:\\\/\\\/lasentinelle.dz\\\/index.php\\\/2022\\\/04\\\/14\\\/affaire-benamor-nouvelles-condamnations-pour-ouyahia-et-sellal\\\/#primaryimage\"},\"thumbnailUrl\":\"https:\\\/\\\/lasentinelle.dz\\\/wp-content\\\/uploads\\\/2022\\\/04\\\/OUYAHIA-SELLAL-fa71.png\",\"articleSection\":[\"Actualit\u00e9\"],\"inLanguage\":\"fr-FR\",\"potentialAction\":[{\"@type\":\"CommentAction\",\"name\":\"Comment\",\"target\":[\"https:\\\/\\\/lasentinelle.dz\\\/index.php\\\/2022\\\/04\\\/14\\\/affaire-benamor-nouvelles-condamnations-pour-ouyahia-et-sellal\\\/#respond\"]}]},{\"@type\":\"WebPage\",\"@id\":\"https:\\\/\\\/lasentinelle.dz\\\/index.php\\\/2022\\\/04\\\/14\\\/affaire-benamor-nouvelles-condamnations-pour-ouyahia-et-sellal\\\/\",\"url\":\"https:\\\/\\\/lasentinelle.dz\\\/index.php\\\/2022\\\/04\\\/14\\\/affaire-benamor-nouvelles-condamnations-pour-ouyahia-et-sellal\\\/\",\"name\":\"Affaire Benamor\u00a0: Nouvelles condamnations pour Ouyahia et Sellal - La Sentinelle\",\"isPartOf\":{\"@id\":\"https:\\\/\\\/lasentinelle.dz\\\/#website\"},\"primaryImageOfPage\":{\"@id\":\"https:\\\/\\\/lasentinelle.dz\\\/index.php\\\/2022\\\/04\\\/14\\\/affaire-benamor-nouvelles-condamnations-pour-ouyahia-et-sellal\\\/#primaryimage\"},\"image\":{\"@id\":\"https:\\\/\\\/lasentinelle.dz\\\/index.php\\\/2022\\\/04\\\/14\\\/affaire-benamor-nouvelles-condamnations-pour-ouyahia-et-sellal\\\/#primaryimage\"},\"thumbnailUrl\":\"https:\\\/\\\/lasentinelle.dz\\\/wp-content\\\/uploads\\\/2022\\\/04\\\/OUYAHIA-SELLAL-fa71.png\",\"datePublished\":\"2022-04-13T23:01:00+00:00\",\"breadcrumb\":{\"@id\":\"https:\\\/\\\/lasentinelle.dz\\\/index.php\\\/2022\\\/04\\\/14\\\/affaire-benamor-nouvelles-condamnations-pour-ouyahia-et-sellal\\\/#breadcrumb\"},\"inLanguage\":\"fr-FR\",\"potentialAction\":[{\"@type\":\"ReadAction\",\"target\":[\"https:\\\/\\\/lasentinelle.dz\\\/index.php\\\/2022\\\/04\\\/14\\\/affaire-benamor-nouvelles-condamnations-pour-ouyahia-et-sellal\\\/\"]}]},{\"@type\":\"ImageObject\",\"inLanguage\":\"fr-FR\",\"@id\":\"https:\\\/\\\/lasentinelle.dz\\\/index.php\\\/2022\\\/04\\\/14\\\/affaire-benamor-nouvelles-condamnations-pour-ouyahia-et-sellal\\\/#primaryimage\",\"url\":\"https:\\\/\\\/lasentinelle.dz\\\/wp-content\\\/uploads\\\/2022\\\/04\\\/OUYAHIA-SELLAL-fa71.png\",\"contentUrl\":\"https:\\\/\\\/lasentinelle.dz\\\/wp-content\\\/uploads\\\/2022\\\/04\\\/OUYAHIA-SELLAL-fa71.png\",\"width\":1601,\"height\":900},{\"@type\":\"BreadcrumbList\",\"@id\":\"https:\\\/\\\/lasentinelle.dz\\\/index.php\\\/2022\\\/04\\\/14\\\/affaire-benamor-nouvelles-condamnations-pour-ouyahia-et-sellal\\\/#breadcrumb\",\"itemListElement\":[{\"@type\":\"ListItem\",\"position\":1,\"name\":\"Accueil\",\"item\":\"https:\\\/\\\/lasentinelle.dz\\\/\"},{\"@type\":\"ListItem\",\"position\":2,\"name\":\"Affaire Benamor\u00a0: Nouvelles condamnations pour Ouyahia et Sellal\"}]},{\"@type\":\"WebSite\",\"@id\":\"https:\\\/\\\/lasentinelle.dz\\\/#website\",\"url\":\"https:\\\/\\\/lasentinelle.dz\\\/\",\"name\":\"La Sentinelle\",\"description\":\"Quotidien national d&#039;information\",\"publisher\":{\"@id\":\"https:\\\/\\\/lasentinelle.dz\\\/#organization\"},\"potentialAction\":[{\"@type\":\"SearchAction\",\"target\":{\"@type\":\"EntryPoint\",\"urlTemplate\":\"https:\\\/\\\/lasentinelle.dz\\\/?s={search_term_string}\"},\"query-input\":{\"@type\":\"PropertyValueSpecification\",\"valueRequired\":true,\"valueName\":\"search_term_string\"}}],\"inLanguage\":\"fr-FR\"},{\"@type\":\"Organization\",\"@id\":\"https:\\\/\\\/lasentinelle.dz\\\/#organization\",\"name\":\"Quotidien La Sentinelle\",\"url\":\"https:\\\/\\\/lasentinelle.dz\\\/\",\"logo\":{\"@type\":\"ImageObject\",\"inLanguage\":\"fr-FR\",\"@id\":\"https:\\\/\\\/lasentinelle.dz\\\/#\\\/schema\\\/logo\\\/image\\\/\",\"url\":\"https:\\\/\\\/lasentinelle.dz\\\/wp-content\\\/uploads\\\/2021\\\/09\\\/logo-sentinelleSLOGAN-1.png\",\"contentUrl\":\"https:\\\/\\\/lasentinelle.dz\\\/wp-content\\\/uploads\\\/2021\\\/09\\\/logo-sentinelleSLOGAN-1.png\",\"width\":615,\"height\":142,\"caption\":\"Quotidien La Sentinelle\"},\"image\":{\"@id\":\"https:\\\/\\\/lasentinelle.dz\\\/#\\\/schema\\\/logo\\\/image\\\/\"},\"sameAs\":[\"https:\\\/\\\/www.facebook.com\\\/La-Sentinelle-104059864394773\"]},{\"@type\":\"Person\",\"@id\":\"https:\\\/\\\/lasentinelle.dz\\\/#\\\/schema\\\/person\\\/d865044e22e70a75174ce8bcad3acfb3\",\"name\":\"La Sentinelle\",\"image\":{\"@type\":\"ImageObject\",\"inLanguage\":\"fr-FR\",\"@id\":\"https:\\\/\\\/secure.gravatar.com\\\/avatar\\\/57de8e5d4b15d43fb361a71fbb36338450fe67865b528a43dd10ef7c51a20392?s=96&d=mm&r=g\",\"url\":\"https:\\\/\\\/secure.gravatar.com\\\/avatar\\\/57de8e5d4b15d43fb361a71fbb36338450fe67865b528a43dd10ef7c51a20392?s=96&d=mm&r=g\",\"contentUrl\":\"https:\\\/\\\/secure.gravatar.com\\\/avatar\\\/57de8e5d4b15d43fb361a71fbb36338450fe67865b528a43dd10ef7c51a20392?s=96&d=mm&r=g\",\"caption\":\"La Sentinelle\"},\"sameAs\":[\"http:\\\/\\\/www.lasentinelle.dz\"],\"url\":\"https:\\\/\\\/lasentinelle.dz\\\/author\\\/redaction\\\/\"}]}<\/script>\n<!-- \/ Yoast SEO plugin. -->","yoast_head_json":{"title":"Affaire Benamor\u00a0: Nouvelles condamnations pour Ouyahia et Sellal - La Sentinelle","robots":{"index":"index","follow":"follow","max-snippet":"max-snippet:-1","max-image-preview":"max-image-preview:large","max-video-preview":"max-video-preview:-1"},"canonical":"https:\/\/lasentinelle.dz\/index.php\/2022\/04\/14\/affaire-benamor-nouvelles-condamnations-pour-ouyahia-et-sellal\/","og_locale":"fr_FR","og_type":"article","og_title":"Affaire Benamor\u00a0: Nouvelles condamnations pour Ouyahia et Sellal - La Sentinelle","og_description":"Le p\u00f4le p\u00e9nal \u00e9conomique et financier pr\u00e8s le Tribunal de Sidi Mhamed \u00e0 Alger a d\u00e9s les premi\u00e8res heures de","og_url":"https:\/\/lasentinelle.dz\/index.php\/2022\/04\/14\/affaire-benamor-nouvelles-condamnations-pour-ouyahia-et-sellal\/","og_site_name":"La Sentinelle","article_publisher":"https:\/\/www.facebook.com\/La-Sentinelle-104059864394773","article_published_time":"2022-04-13T23:01:00+00:00","og_image":[{"width":1601,"height":900,"url":"https:\/\/lasentinelle.dz\/wp-content\/uploads\/2022\/04\/OUYAHIA-SELLAL-fa71.png","type":"image\/png"}],"author":"La Sentinelle","twitter_card":"summary_large_image","twitter_misc":{"\u00c9crit par":"La Sentinelle","Dur\u00e9e de lecture estim\u00e9e":"3 minutes"},"schema":{"@context":"https:\/\/schema.org","@graph":[{"@type":"Article","@id":"https:\/\/lasentinelle.dz\/index.php\/2022\/04\/14\/affaire-benamor-nouvelles-condamnations-pour-ouyahia-et-sellal\/#article","isPartOf":{"@id":"https:\/\/lasentinelle.dz\/index.php\/2022\/04\/14\/affaire-benamor-nouvelles-condamnations-pour-ouyahia-et-sellal\/"},"author":{"name":"La Sentinelle","@id":"https:\/\/lasentinelle.dz\/#\/schema\/person\/d865044e22e70a75174ce8bcad3acfb3"},"headline":"Affaire Benamor\u00a0: Nouvelles condamnations pour Ouyahia et Sellal","datePublished":"2022-04-13T23:01:00+00:00","mainEntityOfPage":{"@id":"https:\/\/lasentinelle.dz\/index.php\/2022\/04\/14\/affaire-benamor-nouvelles-condamnations-pour-ouyahia-et-sellal\/"},"wordCount":696,"commentCount":0,"publisher":{"@id":"https:\/\/lasentinelle.dz\/#organization"},"image":{"@id":"https:\/\/lasentinelle.dz\/index.php\/2022\/04\/14\/affaire-benamor-nouvelles-condamnations-pour-ouyahia-et-sellal\/#primaryimage"},"thumbnailUrl":"https:\/\/lasentinelle.dz\/wp-content\/uploads\/2022\/04\/OUYAHIA-SELLAL-fa71.png","articleSection":["Actualit\u00e9"],"inLanguage":"fr-FR","potentialAction":[{"@type":"CommentAction","name":"Comment","target":["https:\/\/lasentinelle.dz\/index.php\/2022\/04\/14\/affaire-benamor-nouvelles-condamnations-pour-ouyahia-et-sellal\/#respond"]}]},{"@type":"WebPage","@id":"https:\/\/lasentinelle.dz\/index.php\/2022\/04\/14\/affaire-benamor-nouvelles-condamnations-pour-ouyahia-et-sellal\/","url":"https:\/\/lasentinelle.dz\/index.php\/2022\/04\/14\/affaire-benamor-nouvelles-condamnations-pour-ouyahia-et-sellal\/","name":"Affaire Benamor\u00a0: Nouvelles condamnations pour Ouyahia et Sellal - La Sentinelle","isPartOf":{"@id":"https:\/\/lasentinelle.dz\/#website"},"primaryImageOfPage":{"@id":"https:\/\/lasentinelle.dz\/index.php\/2022\/04\/14\/affaire-benamor-nouvelles-condamnations-pour-ouyahia-et-sellal\/#primaryimage"},"image":{"@id":"https:\/\/lasentinelle.dz\/index.php\/2022\/04\/14\/affaire-benamor-nouvelles-condamnations-pour-ouyahia-et-sellal\/#primaryimage"},"thumbnailUrl":"https:\/\/lasentinelle.dz\/wp-content\/uploads\/2022\/04\/OUYAHIA-SELLAL-fa71.png","datePublished":"2022-04-13T23:01:00+00:00","breadcrumb":{"@id":"https:\/\/lasentinelle.dz\/index.php\/2022\/04\/14\/affaire-benamor-nouvelles-condamnations-pour-ouyahia-et-sellal\/#breadcrumb"},"inLanguage":"fr-FR","potentialAction":[{"@type":"ReadAction","target":["https:\/\/lasentinelle.dz\/index.php\/2022\/04\/14\/affaire-benamor-nouvelles-condamnations-pour-ouyahia-et-sellal\/"]}]},{"@type":"ImageObject","inLanguage":"fr-FR","@id":"https:\/\/lasentinelle.dz\/index.php\/2022\/04\/14\/affaire-benamor-nouvelles-condamnations-pour-ouyahia-et-sellal\/#primaryimage","url":"https:\/\/lasentinelle.dz\/wp-content\/uploads\/2022\/04\/OUYAHIA-SELLAL-fa71.png","contentUrl":"https:\/\/lasentinelle.dz\/wp-content\/uploads\/2022\/04\/OUYAHIA-SELLAL-fa71.png","width":1601,"height":900},{"@type":"BreadcrumbList","@id":"https:\/\/lasentinelle.dz\/index.php\/2022\/04\/14\/affaire-benamor-nouvelles-condamnations-pour-ouyahia-et-sellal\/#breadcrumb","itemListElement":[{"@type":"ListItem","position":1,"name":"Accueil","item":"https:\/\/lasentinelle.dz\/"},{"@type":"ListItem","position":2,"name":"Affaire Benamor\u00a0: Nouvelles condamnations pour Ouyahia et Sellal"}]},{"@type":"WebSite","@id":"https:\/\/lasentinelle.dz\/#website","url":"https:\/\/lasentinelle.dz\/","name":"La Sentinelle","description":"Quotidien national d&#039;information","publisher":{"@id":"https:\/\/lasentinelle.dz\/#organization"},"potentialAction":[{"@type":"SearchAction","target":{"@type":"EntryPoint","urlTemplate":"https:\/\/lasentinelle.dz\/?s={search_term_string}"},"query-input":{"@type":"PropertyValueSpecification","valueRequired":true,"valueName":"search_term_string"}}],"inLanguage":"fr-FR"},{"@type":"Organization","@id":"https:\/\/lasentinelle.dz\/#organization","name":"Quotidien La Sentinelle","url":"https:\/\/lasentinelle.dz\/","logo":{"@type":"ImageObject","inLanguage":"fr-FR","@id":"https:\/\/lasentinelle.dz\/#\/schema\/logo\/image\/","url":"https:\/\/lasentinelle.dz\/wp-content\/uploads\/2021\/09\/logo-sentinelleSLOGAN-1.png","contentUrl":"https:\/\/lasentinelle.dz\/wp-content\/uploads\/2021\/09\/logo-sentinelleSLOGAN-1.png","width":615,"height":142,"caption":"Quotidien La Sentinelle"},"image":{"@id":"https:\/\/lasentinelle.dz\/#\/schema\/logo\/image\/"},"sameAs":["https:\/\/www.facebook.com\/La-Sentinelle-104059864394773"]},{"@type":"Person","@id":"https:\/\/lasentinelle.dz\/#\/schema\/person\/d865044e22e70a75174ce8bcad3acfb3","name":"La Sentinelle","image":{"@type":"ImageObject","inLanguage":"fr-FR","@id":"https:\/\/secure.gravatar.com\/avatar\/57de8e5d4b15d43fb361a71fbb36338450fe67865b528a43dd10ef7c51a20392?s=96&d=mm&r=g","url":"https:\/\/secure.gravatar.com\/avatar\/57de8e5d4b15d43fb361a71fbb36338450fe67865b528a43dd10ef7c51a20392?s=96&d=mm&r=g","contentUrl":"https:\/\/secure.gravatar.com\/avatar\/57de8e5d4b15d43fb361a71fbb36338450fe67865b528a43dd10ef7c51a20392?s=96&d=mm&r=g","caption":"La Sentinelle"},"sameAs":["http:\/\/www.lasentinelle.dz"],"url":"https:\/\/lasentinelle.dz\/author\/redaction\/"}]}},"_links":{"self":[{"href":"https:\/\/lasentinelle.dz\/index.php\/wp-json\/wp\/v2\/posts\/19804","targetHints":{"allow":["GET"]}}],"collection":[{"href":"https:\/\/lasentinelle.dz\/index.php\/wp-json\/wp\/v2\/posts"}],"about":[{"href":"https:\/\/lasentinelle.dz\/index.php\/wp-json\/wp\/v2\/types\/post"}],"author":[{"embeddable":true,"href":"https:\/\/lasentinelle.dz\/index.php\/wp-json\/wp\/v2\/users\/3"}],"replies":[{"embeddable":true,"href":"https:\/\/lasentinelle.dz\/index.php\/wp-json\/wp\/v2\/comments?post=19804"}],"version-history":[{"count":1,"href":"https:\/\/lasentinelle.dz\/index.php\/wp-json\/wp\/v2\/posts\/19804\/revisions"}],"predecessor-version":[{"id":19838,"href":"https:\/\/lasentinelle.dz\/index.php\/wp-json\/wp\/v2\/posts\/19804\/revisions\/19838"}],"wp:featuredmedia":[{"embeddable":true,"href":"https:\/\/lasentinelle.dz\/index.php\/wp-json\/wp\/v2\/media\/19837"}],"wp:attachment":[{"href":"https:\/\/lasentinelle.dz\/index.php\/wp-json\/wp\/v2\/media?parent=19804"}],"wp:term":[{"taxonomy":"category","embeddable":true,"href":"https:\/\/lasentinelle.dz\/index.php\/wp-json\/wp\/v2\/categories?post=19804"},{"taxonomy":"post_tag","embeddable":true,"href":"https:\/\/lasentinelle.dz\/index.php\/wp-json\/wp\/v2\/tags?post=19804"}],"curies":[{"name":"wp","href":"https:\/\/api.w.org\/{rel}","templated":true}]}}