{"id":19819,"date":"2022-04-14T00:01:00","date_gmt":"2022-04-13T23:01:00","guid":{"rendered":"https:\/\/lasentinelle.dz\/?p=19819"},"modified":"2022-04-13T17:58:37","modified_gmt":"2022-04-13T16:58:37","slug":"salaires-retraites-pouvoir-dachat-le-pt-appelle-a-des-mesures-courageuses","status":"publish","type":"post","link":"https:\/\/lasentinelle.dz\/index.php\/2022\/04\/14\/salaires-retraites-pouvoir-dachat-le-pt-appelle-a-des-mesures-courageuses\/","title":{"rendered":"Salaires, retraites, pouvoir d\u2019achat\u00a0: Le PT appelle \u00e0 des \u00ab\u00a0mesures courageuses\u00a0\u00bb"},"content":{"rendered":"\n<p>Dans un communiqu\u00e9&nbsp;&nbsp;ayant sanctionn\u00e9 la r\u00e9union de son secr\u00e9tariat g\u00e9n\u00e9ral provisoire, le Parti des travailleurs (PT) a livr\u00e9 un tableau exhaustif de la situation pr\u00e9valant actuellement sur les plans national et international. Le Parti des travailleurs qui poursuit les op\u00e9rations de d\u00e9p\u00f4t du dossier n\u00e9cessaire \u00e0 l\u2019organisation de son 8\u00e8me congr\u00e8s au niveau du minist\u00e8re de l\u2019Int\u00e9rieur et des Collectivit\u00e9s locales a ainsi mis \u00e0 profit cette occasion pour \u00e9voquer les r\u00e9cents d\u00e9veloppements de la sc\u00e8ne nationale dont la revalorisation des salaires des travailleurs de la fonction publique et la fermeture du quotidien Libert\u00e9, outre l\u2019augmentation des pensions des retrait\u00e9s.&nbsp;<\/p>\n\n\n\n<p>En effet, dans son communiqu\u00e9, le parti de Louisa Hanoun n\u2019a pas manqu\u00e9 l\u2019occasion pour \u00ab se f\u00e9liciter de la d\u00e9cision du gouvernement de d\u00e9cider d\u2019aides aux producteurs nationaux des c\u00e9r\u00e9ales et des l\u00e9gumes ainsi que l\u2019augmentation des marges b\u00e9n\u00e9ficiaires des distributeurs et producteurs de lait en sachet \u00bb. Des d\u00e9cisions \u00ab positives mais insuffisantes \u00bb pour le PT qui a estim\u00e9 que \u00ab la s\u00e9curit\u00e9 alimentaire passe par des d\u00e9cisions courageuses de permettre \u00e0 l\u2019Etat de reprendre le contr\u00f4le du commerce ext\u00e9rieur outre les mesures d\u2019aides aux secteurs publics de production agroalimentaire avec des pouvoirs plus grands pour le secteur public dans la distribution \u00bb.<\/p>\n\n\n\n<p>Par contre, le Parti des Travailleurs qui commente&nbsp;la derni\u00e8re revalorisation des salaires des travailleurs de la fonction publique a d\u00e9plor\u00e9 que \u00ab cette hausse n&rsquo;ait pas touch\u00e9 le point indiciaire&nbsp;&nbsp;comme r\u00e9clam\u00e9 par les concern\u00e9s qui ont \u00e9t\u00e9 d\u00e9\u00e7us par la d\u00e9cision \u00bb.&nbsp;&nbsp;\u00ab Les 2.000 \u00e0 6.000 dinars amen\u00e9s par la d\u00e9cision sont vite an\u00e9anties par les augmentations des prix&nbsp;\u00bb, explique le parti des Travailleurs dans son communiqu\u00e9 o\u00f9 il rappelle les recommandations des experts qui ont estim\u00e9 le salaire minimum n\u00e9cessaire pour les alg\u00e9riens \u00e0&nbsp;80.000&nbsp;dinars, pr\u00e9cisant que c\u2019est l\u00e0 un \u00ab seuil au dessous duquel, le pouvoir d\u2019achat serait d\u00e9risoire et jetterait les familles dans une grande pauvret\u00e9 et une grande paup\u00e9risation \u00bb. Aussi, le PT affirme se joindre aux&nbsp;&nbsp;syndicats qui appellent le gouvernement \u00e0 retirer ce d\u00e9cret jug\u00e9 d\u00e9cevant par tous les fonctionnaires.<\/p>\n\n\n\n<p>Le PT use du&nbsp;m\u00eame ton au sujet de la revalorisation des pensions de retraite annonc\u00e9e dimanche \u00e0 l\u2019issue du conseil des ministres. Le PT estime en effet que \u00ab ces augmentations ne sont gu\u00e8re suffisantes pour produire un quelconque apport au quotidien difficile des retrait\u00e9s alg\u00e9riens \u00bb. Aussi, dans son communiqu\u00e9, le parti de Louisa Hanoun n\u2019a pas manqu\u00e9 de se joindre \u00e0 cette cat\u00e9gorie qui r\u00e9clame des augmentations plus cons\u00e9quentes.<\/p>\n\n\n\n<p>Enfin, le Parti des Travailleurs a mis \u00e0 profit la r\u00e9union de son secr\u00e9tariat g\u00e9n\u00e9ral pour exprimer sa \u00ab d\u00e9ception de la fermeture du quotidien Libert\u00e9 \u00bb. Une d\u00e9cision qu\u2019il consid\u00e8re comme une atteinte au droit des&nbsp;Alg\u00e9riens \u00e0 l\u2019information tout en apportant son soutien inconditionnel \u00e0 tout le personnel.&nbsp;<\/p>\n\n\n\n<p>Kamel Nait Ameur<\/p>\n","protected":false},"excerpt":{"rendered":"<p>Dans un communiqu\u00e9&nbsp;&nbsp;ayant sanctionn\u00e9 la r\u00e9union de son secr\u00e9tariat g\u00e9n\u00e9ral provisoire, le Parti des travailleurs (PT) a livr\u00e9 un tableau<\/p>\n","protected":false},"author":3,"featured_media":19826,"comment_status":"open","ping_status":"closed","sticky":false,"template":"","format":"standard","meta":{"colormag_page_container_layout":"default_layout","colormag_page_sidebar_layout":"default_layout","om_disable_all_campaigns":false,"_monsterinsights_skip_tracking":false,"_monsterinsights_sitenote_active":false,"_monsterinsights_sitenote_note":"","_monsterinsights_sitenote_category":0,"footnotes":"","_wpscppro_dont_share_socialmedia":false,"_wpscppro_custom_social_share_image":0,"_facebook_share_type":"","_twitter_share_type":"","_linkedin_share_type":"","_pinterest_share_type":"","_linkedin_share_type_page":"","_instagram_share_type":"","_medium_share_type":"","_threads_share_type":"","_google_business_share_type":"","_selected_social_profile":[],"_wpsp_enable_custom_social_template":false,"_wpsp_social_scheduling":{"enabled":false,"datetime":null,"platforms":[],"status":"template_only","dateOption":"today","timeOption":"now","customDays":"","customHours":"","customDate":"","customTime":"","schedulingType":"absolute"},"_wpsp_active_default_template":true},"categories":[29],"tags":[],"class_list":["post-19819","post","type-post","status-publish","format-standard","has-post-thumbnail","hentry","category-economie"],"aioseo_notices":[],"yoast_head":"<!-- This site is optimized with the Yoast SEO plugin v27.5 - https:\/\/yoast.com\/product\/yoast-seo-wordpress\/ -->\n<title>Salaires, retraites, pouvoir d\u2019achat\u00a0: Le PT appelle \u00e0 des \u00ab\u00a0mesures courageuses\u00a0\u00bb - La Sentinelle<\/title>\n<meta name=\"robots\" content=\"index, follow, max-snippet:-1, max-image-preview:large, max-video-preview:-1\" \/>\n<link rel=\"canonical\" href=\"https:\/\/lasentinelle.dz\/index.php\/2022\/04\/14\/salaires-retraites-pouvoir-dachat-le-pt-appelle-a-des-mesures-courageuses\/\" \/>\n<meta property=\"og:locale\" content=\"fr_FR\" \/>\n<meta property=\"og:type\" content=\"article\" \/>\n<meta property=\"og:title\" content=\"Salaires, retraites, pouvoir d\u2019achat\u00a0: Le PT appelle \u00e0 des \u00ab\u00a0mesures courageuses\u00a0\u00bb - La Sentinelle\" \/>\n<meta property=\"og:description\" content=\"Dans un communiqu\u00e9&nbsp;&nbsp;ayant sanctionn\u00e9 la r\u00e9union de son secr\u00e9tariat g\u00e9n\u00e9ral provisoire, le Parti des travailleurs (PT) a livr\u00e9 un tableau\" \/>\n<meta property=\"og:url\" content=\"https:\/\/lasentinelle.dz\/index.php\/2022\/04\/14\/salaires-retraites-pouvoir-dachat-le-pt-appelle-a-des-mesures-courageuses\/\" \/>\n<meta property=\"og:site_name\" content=\"La Sentinelle\" \/>\n<meta property=\"article:publisher\" content=\"https:\/\/www.facebook.com\/La-Sentinelle-104059864394773\" \/>\n<meta property=\"article:published_time\" content=\"2022-04-13T23:01:00+00:00\" \/>\n<meta property=\"og:image\" content=\"https:\/\/lasentinelle.dz\/wp-content\/uploads\/2022\/04\/parti-outcsh.png\" \/>\n\t<meta property=\"og:image:width\" content=\"700\" \/>\n\t<meta property=\"og:image:height\" content=\"500\" \/>\n\t<meta property=\"og:image:type\" content=\"image\/png\" \/>\n<meta name=\"author\" content=\"La Sentinelle\" \/>\n<meta name=\"twitter:card\" content=\"summary_large_image\" \/>\n<meta name=\"twitter:label1\" content=\"\u00c9crit par\" \/>\n\t<meta name=\"twitter:data1\" content=\"La Sentinelle\" \/>\n\t<meta name=\"twitter:label2\" content=\"Dur\u00e9e de lecture estim\u00e9e\" \/>\n\t<meta name=\"twitter:data2\" content=\"3 minutes\" \/>\n<script type=\"application\/ld+json\" class=\"yoast-schema-graph\">{\"@context\":\"https:\\\/\\\/schema.org\",\"@graph\":[{\"@type\":\"Article\",\"@id\":\"https:\\\/\\\/lasentinelle.dz\\\/index.php\\\/2022\\\/04\\\/14\\\/salaires-retraites-pouvoir-dachat-le-pt-appelle-a-des-mesures-courageuses\\\/#article\",\"isPartOf\":{\"@id\":\"https:\\\/\\\/lasentinelle.dz\\\/index.php\\\/2022\\\/04\\\/14\\\/salaires-retraites-pouvoir-dachat-le-pt-appelle-a-des-mesures-courageuses\\\/\"},\"author\":{\"name\":\"La Sentinelle\",\"@id\":\"https:\\\/\\\/lasentinelle.dz\\\/#\\\/schema\\\/person\\\/d865044e22e70a75174ce8bcad3acfb3\"},\"headline\":\"Salaires, retraites, pouvoir d\u2019achat\u00a0: Le PT appelle \u00e0 des \u00ab\u00a0mesures courageuses\u00a0\u00bb\",\"datePublished\":\"2022-04-13T23:01:00+00:00\",\"mainEntityOfPage\":{\"@id\":\"https:\\\/\\\/lasentinelle.dz\\\/index.php\\\/2022\\\/04\\\/14\\\/salaires-retraites-pouvoir-dachat-le-pt-appelle-a-des-mesures-courageuses\\\/\"},\"wordCount\":548,\"commentCount\":0,\"publisher\":{\"@id\":\"https:\\\/\\\/lasentinelle.dz\\\/#organization\"},\"image\":{\"@id\":\"https:\\\/\\\/lasentinelle.dz\\\/index.php\\\/2022\\\/04\\\/14\\\/salaires-retraites-pouvoir-dachat-le-pt-appelle-a-des-mesures-courageuses\\\/#primaryimage\"},\"thumbnailUrl\":\"https:\\\/\\\/lasentinelle.dz\\\/wp-content\\\/uploads\\\/2022\\\/04\\\/parti-outcsh.png\",\"articleSection\":[\"\u00c9conomie\"],\"inLanguage\":\"fr-FR\",\"potentialAction\":[{\"@type\":\"CommentAction\",\"name\":\"Comment\",\"target\":[\"https:\\\/\\\/lasentinelle.dz\\\/index.php\\\/2022\\\/04\\\/14\\\/salaires-retraites-pouvoir-dachat-le-pt-appelle-a-des-mesures-courageuses\\\/#respond\"]}]},{\"@type\":\"WebPage\",\"@id\":\"https:\\\/\\\/lasentinelle.dz\\\/index.php\\\/2022\\\/04\\\/14\\\/salaires-retraites-pouvoir-dachat-le-pt-appelle-a-des-mesures-courageuses\\\/\",\"url\":\"https:\\\/\\\/lasentinelle.dz\\\/index.php\\\/2022\\\/04\\\/14\\\/salaires-retraites-pouvoir-dachat-le-pt-appelle-a-des-mesures-courageuses\\\/\",\"name\":\"Salaires, retraites, pouvoir d\u2019achat\u00a0: Le PT appelle \u00e0 des \u00ab\u00a0mesures courageuses\u00a0\u00bb - La Sentinelle\",\"isPartOf\":{\"@id\":\"https:\\\/\\\/lasentinelle.dz\\\/#website\"},\"primaryImageOfPage\":{\"@id\":\"https:\\\/\\\/lasentinelle.dz\\\/index.php\\\/2022\\\/04\\\/14\\\/salaires-retraites-pouvoir-dachat-le-pt-appelle-a-des-mesures-courageuses\\\/#primaryimage\"},\"image\":{\"@id\":\"https:\\\/\\\/lasentinelle.dz\\\/index.php\\\/2022\\\/04\\\/14\\\/salaires-retraites-pouvoir-dachat-le-pt-appelle-a-des-mesures-courageuses\\\/#primaryimage\"},\"thumbnailUrl\":\"https:\\\/\\\/lasentinelle.dz\\\/wp-content\\\/uploads\\\/2022\\\/04\\\/parti-outcsh.png\",\"datePublished\":\"2022-04-13T23:01:00+00:00\",\"breadcrumb\":{\"@id\":\"https:\\\/\\\/lasentinelle.dz\\\/index.php\\\/2022\\\/04\\\/14\\\/salaires-retraites-pouvoir-dachat-le-pt-appelle-a-des-mesures-courageuses\\\/#breadcrumb\"},\"inLanguage\":\"fr-FR\",\"potentialAction\":[{\"@type\":\"ReadAction\",\"target\":[\"https:\\\/\\\/lasentinelle.dz\\\/index.php\\\/2022\\\/04\\\/14\\\/salaires-retraites-pouvoir-dachat-le-pt-appelle-a-des-mesures-courageuses\\\/\"]}]},{\"@type\":\"ImageObject\",\"inLanguage\":\"fr-FR\",\"@id\":\"https:\\\/\\\/lasentinelle.dz\\\/index.php\\\/2022\\\/04\\\/14\\\/salaires-retraites-pouvoir-dachat-le-pt-appelle-a-des-mesures-courageuses\\\/#primaryimage\",\"url\":\"https:\\\/\\\/lasentinelle.dz\\\/wp-content\\\/uploads\\\/2022\\\/04\\\/parti-outcsh.png\",\"contentUrl\":\"https:\\\/\\\/lasentinelle.dz\\\/wp-content\\\/uploads\\\/2022\\\/04\\\/parti-outcsh.png\",\"width\":700,\"height\":500},{\"@type\":\"BreadcrumbList\",\"@id\":\"https:\\\/\\\/lasentinelle.dz\\\/index.php\\\/2022\\\/04\\\/14\\\/salaires-retraites-pouvoir-dachat-le-pt-appelle-a-des-mesures-courageuses\\\/#breadcrumb\",\"itemListElement\":[{\"@type\":\"ListItem\",\"position\":1,\"name\":\"Accueil\",\"item\":\"https:\\\/\\\/lasentinelle.dz\\\/\"},{\"@type\":\"ListItem\",\"position\":2,\"name\":\"Salaires, retraites, pouvoir d\u2019achat\u00a0: Le PT appelle \u00e0 des \u00ab\u00a0mesures courageuses\u00a0\u00bb\"}]},{\"@type\":\"WebSite\",\"@id\":\"https:\\\/\\\/lasentinelle.dz\\\/#website\",\"url\":\"https:\\\/\\\/lasentinelle.dz\\\/\",\"name\":\"La Sentinelle\",\"description\":\"Quotidien national d&#039;information\",\"publisher\":{\"@id\":\"https:\\\/\\\/lasentinelle.dz\\\/#organization\"},\"potentialAction\":[{\"@type\":\"SearchAction\",\"target\":{\"@type\":\"EntryPoint\",\"urlTemplate\":\"https:\\\/\\\/lasentinelle.dz\\\/?s={search_term_string}\"},\"query-input\":{\"@type\":\"PropertyValueSpecification\",\"valueRequired\":true,\"valueName\":\"search_term_string\"}}],\"inLanguage\":\"fr-FR\"},{\"@type\":\"Organization\",\"@id\":\"https:\\\/\\\/lasentinelle.dz\\\/#organization\",\"name\":\"Quotidien La Sentinelle\",\"url\":\"https:\\\/\\\/lasentinelle.dz\\\/\",\"logo\":{\"@type\":\"ImageObject\",\"inLanguage\":\"fr-FR\",\"@id\":\"https:\\\/\\\/lasentinelle.dz\\\/#\\\/schema\\\/logo\\\/image\\\/\",\"url\":\"https:\\\/\\\/lasentinelle.dz\\\/wp-content\\\/uploads\\\/2021\\\/09\\\/logo-sentinelleSLOGAN-1.png\",\"contentUrl\":\"https:\\\/\\\/lasentinelle.dz\\\/wp-content\\\/uploads\\\/2021\\\/09\\\/logo-sentinelleSLOGAN-1.png\",\"width\":615,\"height\":142,\"caption\":\"Quotidien La Sentinelle\"},\"image\":{\"@id\":\"https:\\\/\\\/lasentinelle.dz\\\/#\\\/schema\\\/logo\\\/image\\\/\"},\"sameAs\":[\"https:\\\/\\\/www.facebook.com\\\/La-Sentinelle-104059864394773\"]},{\"@type\":\"Person\",\"@id\":\"https:\\\/\\\/lasentinelle.dz\\\/#\\\/schema\\\/person\\\/d865044e22e70a75174ce8bcad3acfb3\",\"name\":\"La Sentinelle\",\"image\":{\"@type\":\"ImageObject\",\"inLanguage\":\"fr-FR\",\"@id\":\"https:\\\/\\\/secure.gravatar.com\\\/avatar\\\/57de8e5d4b15d43fb361a71fbb36338450fe67865b528a43dd10ef7c51a20392?s=96&d=mm&r=g\",\"url\":\"https:\\\/\\\/secure.gravatar.com\\\/avatar\\\/57de8e5d4b15d43fb361a71fbb36338450fe67865b528a43dd10ef7c51a20392?s=96&d=mm&r=g\",\"contentUrl\":\"https:\\\/\\\/secure.gravatar.com\\\/avatar\\\/57de8e5d4b15d43fb361a71fbb36338450fe67865b528a43dd10ef7c51a20392?s=96&d=mm&r=g\",\"caption\":\"La Sentinelle\"},\"sameAs\":[\"http:\\\/\\\/www.lasentinelle.dz\"],\"url\":\"https:\\\/\\\/lasentinelle.dz\\\/author\\\/redaction\\\/\"}]}<\/script>\n<!-- \/ Yoast SEO plugin. -->","yoast_head_json":{"title":"Salaires, retraites, pouvoir d\u2019achat\u00a0: Le PT appelle \u00e0 des \u00ab\u00a0mesures courageuses\u00a0\u00bb - La Sentinelle","robots":{"index":"index","follow":"follow","max-snippet":"max-snippet:-1","max-image-preview":"max-image-preview:large","max-video-preview":"max-video-preview:-1"},"canonical":"https:\/\/lasentinelle.dz\/index.php\/2022\/04\/14\/salaires-retraites-pouvoir-dachat-le-pt-appelle-a-des-mesures-courageuses\/","og_locale":"fr_FR","og_type":"article","og_title":"Salaires, retraites, pouvoir d\u2019achat\u00a0: Le PT appelle \u00e0 des \u00ab\u00a0mesures courageuses\u00a0\u00bb - La Sentinelle","og_description":"Dans un communiqu\u00e9&nbsp;&nbsp;ayant sanctionn\u00e9 la r\u00e9union de son secr\u00e9tariat g\u00e9n\u00e9ral provisoire, le Parti des travailleurs (PT) a livr\u00e9 un tableau","og_url":"https:\/\/lasentinelle.dz\/index.php\/2022\/04\/14\/salaires-retraites-pouvoir-dachat-le-pt-appelle-a-des-mesures-courageuses\/","og_site_name":"La Sentinelle","article_publisher":"https:\/\/www.facebook.com\/La-Sentinelle-104059864394773","article_published_time":"2022-04-13T23:01:00+00:00","og_image":[{"width":700,"height":500,"url":"https:\/\/lasentinelle.dz\/wp-content\/uploads\/2022\/04\/parti-outcsh.png","type":"image\/png"}],"author":"La Sentinelle","twitter_card":"summary_large_image","twitter_misc":{"\u00c9crit par":"La Sentinelle","Dur\u00e9e de lecture estim\u00e9e":"3 minutes"},"schema":{"@context":"https:\/\/schema.org","@graph":[{"@type":"Article","@id":"https:\/\/lasentinelle.dz\/index.php\/2022\/04\/14\/salaires-retraites-pouvoir-dachat-le-pt-appelle-a-des-mesures-courageuses\/#article","isPartOf":{"@id":"https:\/\/lasentinelle.dz\/index.php\/2022\/04\/14\/salaires-retraites-pouvoir-dachat-le-pt-appelle-a-des-mesures-courageuses\/"},"author":{"name":"La Sentinelle","@id":"https:\/\/lasentinelle.dz\/#\/schema\/person\/d865044e22e70a75174ce8bcad3acfb3"},"headline":"Salaires, retraites, pouvoir d\u2019achat\u00a0: Le PT appelle \u00e0 des \u00ab\u00a0mesures courageuses\u00a0\u00bb","datePublished":"2022-04-13T23:01:00+00:00","mainEntityOfPage":{"@id":"https:\/\/lasentinelle.dz\/index.php\/2022\/04\/14\/salaires-retraites-pouvoir-dachat-le-pt-appelle-a-des-mesures-courageuses\/"},"wordCount":548,"commentCount":0,"publisher":{"@id":"https:\/\/lasentinelle.dz\/#organization"},"image":{"@id":"https:\/\/lasentinelle.dz\/index.php\/2022\/04\/14\/salaires-retraites-pouvoir-dachat-le-pt-appelle-a-des-mesures-courageuses\/#primaryimage"},"thumbnailUrl":"https:\/\/lasentinelle.dz\/wp-content\/uploads\/2022\/04\/parti-outcsh.png","articleSection":["\u00c9conomie"],"inLanguage":"fr-FR","potentialAction":[{"@type":"CommentAction","name":"Comment","target":["https:\/\/lasentinelle.dz\/index.php\/2022\/04\/14\/salaires-retraites-pouvoir-dachat-le-pt-appelle-a-des-mesures-courageuses\/#respond"]}]},{"@type":"WebPage","@id":"https:\/\/lasentinelle.dz\/index.php\/2022\/04\/14\/salaires-retraites-pouvoir-dachat-le-pt-appelle-a-des-mesures-courageuses\/","url":"https:\/\/lasentinelle.dz\/index.php\/2022\/04\/14\/salaires-retraites-pouvoir-dachat-le-pt-appelle-a-des-mesures-courageuses\/","name":"Salaires, retraites, pouvoir d\u2019achat\u00a0: Le PT appelle \u00e0 des \u00ab\u00a0mesures courageuses\u00a0\u00bb - La Sentinelle","isPartOf":{"@id":"https:\/\/lasentinelle.dz\/#website"},"primaryImageOfPage":{"@id":"https:\/\/lasentinelle.dz\/index.php\/2022\/04\/14\/salaires-retraites-pouvoir-dachat-le-pt-appelle-a-des-mesures-courageuses\/#primaryimage"},"image":{"@id":"https:\/\/lasentinelle.dz\/index.php\/2022\/04\/14\/salaires-retraites-pouvoir-dachat-le-pt-appelle-a-des-mesures-courageuses\/#primaryimage"},"thumbnailUrl":"https:\/\/lasentinelle.dz\/wp-content\/uploads\/2022\/04\/parti-outcsh.png","datePublished":"2022-04-13T23:01:00+00:00","breadcrumb":{"@id":"https:\/\/lasentinelle.dz\/index.php\/2022\/04\/14\/salaires-retraites-pouvoir-dachat-le-pt-appelle-a-des-mesures-courageuses\/#breadcrumb"},"inLanguage":"fr-FR","potentialAction":[{"@type":"ReadAction","target":["https:\/\/lasentinelle.dz\/index.php\/2022\/04\/14\/salaires-retraites-pouvoir-dachat-le-pt-appelle-a-des-mesures-courageuses\/"]}]},{"@type":"ImageObject","inLanguage":"fr-FR","@id":"https:\/\/lasentinelle.dz\/index.php\/2022\/04\/14\/salaires-retraites-pouvoir-dachat-le-pt-appelle-a-des-mesures-courageuses\/#primaryimage","url":"https:\/\/lasentinelle.dz\/wp-content\/uploads\/2022\/04\/parti-outcsh.png","contentUrl":"https:\/\/lasentinelle.dz\/wp-content\/uploads\/2022\/04\/parti-outcsh.png","width":700,"height":500},{"@type":"BreadcrumbList","@id":"https:\/\/lasentinelle.dz\/index.php\/2022\/04\/14\/salaires-retraites-pouvoir-dachat-le-pt-appelle-a-des-mesures-courageuses\/#breadcrumb","itemListElement":[{"@type":"ListItem","position":1,"name":"Accueil","item":"https:\/\/lasentinelle.dz\/"},{"@type":"ListItem","position":2,"name":"Salaires, retraites, pouvoir d\u2019achat\u00a0: Le PT appelle \u00e0 des \u00ab\u00a0mesures courageuses\u00a0\u00bb"}]},{"@type":"WebSite","@id":"https:\/\/lasentinelle.dz\/#website","url":"https:\/\/lasentinelle.dz\/","name":"La Sentinelle","description":"Quotidien national d&#039;information","publisher":{"@id":"https:\/\/lasentinelle.dz\/#organization"},"potentialAction":[{"@type":"SearchAction","target":{"@type":"EntryPoint","urlTemplate":"https:\/\/lasentinelle.dz\/?s={search_term_string}"},"query-input":{"@type":"PropertyValueSpecification","valueRequired":true,"valueName":"search_term_string"}}],"inLanguage":"fr-FR"},{"@type":"Organization","@id":"https:\/\/lasentinelle.dz\/#organization","name":"Quotidien La Sentinelle","url":"https:\/\/lasentinelle.dz\/","logo":{"@type":"ImageObject","inLanguage":"fr-FR","@id":"https:\/\/lasentinelle.dz\/#\/schema\/logo\/image\/","url":"https:\/\/lasentinelle.dz\/wp-content\/uploads\/2021\/09\/logo-sentinelleSLOGAN-1.png","contentUrl":"https:\/\/lasentinelle.dz\/wp-content\/uploads\/2021\/09\/logo-sentinelleSLOGAN-1.png","width":615,"height":142,"caption":"Quotidien La Sentinelle"},"image":{"@id":"https:\/\/lasentinelle.dz\/#\/schema\/logo\/image\/"},"sameAs":["https:\/\/www.facebook.com\/La-Sentinelle-104059864394773"]},{"@type":"Person","@id":"https:\/\/lasentinelle.dz\/#\/schema\/person\/d865044e22e70a75174ce8bcad3acfb3","name":"La Sentinelle","image":{"@type":"ImageObject","inLanguage":"fr-FR","@id":"https:\/\/secure.gravatar.com\/avatar\/57de8e5d4b15d43fb361a71fbb36338450fe67865b528a43dd10ef7c51a20392?s=96&d=mm&r=g","url":"https:\/\/secure.gravatar.com\/avatar\/57de8e5d4b15d43fb361a71fbb36338450fe67865b528a43dd10ef7c51a20392?s=96&d=mm&r=g","contentUrl":"https:\/\/secure.gravatar.com\/avatar\/57de8e5d4b15d43fb361a71fbb36338450fe67865b528a43dd10ef7c51a20392?s=96&d=mm&r=g","caption":"La Sentinelle"},"sameAs":["http:\/\/www.lasentinelle.dz"],"url":"https:\/\/lasentinelle.dz\/author\/redaction\/"}]}},"_links":{"self":[{"href":"https:\/\/lasentinelle.dz\/index.php\/wp-json\/wp\/v2\/posts\/19819","targetHints":{"allow":["GET"]}}],"collection":[{"href":"https:\/\/lasentinelle.dz\/index.php\/wp-json\/wp\/v2\/posts"}],"about":[{"href":"https:\/\/lasentinelle.dz\/index.php\/wp-json\/wp\/v2\/types\/post"}],"author":[{"embeddable":true,"href":"https:\/\/lasentinelle.dz\/index.php\/wp-json\/wp\/v2\/users\/3"}],"replies":[{"embeddable":true,"href":"https:\/\/lasentinelle.dz\/index.php\/wp-json\/wp\/v2\/comments?post=19819"}],"version-history":[{"count":1,"href":"https:\/\/lasentinelle.dz\/index.php\/wp-json\/wp\/v2\/posts\/19819\/revisions"}],"predecessor-version":[{"id":19827,"href":"https:\/\/lasentinelle.dz\/index.php\/wp-json\/wp\/v2\/posts\/19819\/revisions\/19827"}],"wp:featuredmedia":[{"embeddable":true,"href":"https:\/\/lasentinelle.dz\/index.php\/wp-json\/wp\/v2\/media\/19826"}],"wp:attachment":[{"href":"https:\/\/lasentinelle.dz\/index.php\/wp-json\/wp\/v2\/media?parent=19819"}],"wp:term":[{"taxonomy":"category","embeddable":true,"href":"https:\/\/lasentinelle.dz\/index.php\/wp-json\/wp\/v2\/categories?post=19819"},{"taxonomy":"post_tag","embeddable":true,"href":"https:\/\/lasentinelle.dz\/index.php\/wp-json\/wp\/v2\/tags?post=19819"}],"curies":[{"name":"wp","href":"https:\/\/api.w.org\/{rel}","templated":true}]}}