{"id":19828,"date":"2022-04-14T00:05:00","date_gmt":"2022-04-13T23:05:00","guid":{"rendered":"https:\/\/lasentinelle.dz\/?p=19828"},"modified":"2022-04-13T19:07:17","modified_gmt":"2022-04-13T18:07:17","slug":"industrie-pharmaceutique-un-couloir-vert-pour-limportation-des-medicaments-anticancereux","status":"publish","type":"post","link":"https:\/\/lasentinelle.dz\/index.php\/2022\/04\/14\/industrie-pharmaceutique-un-couloir-vert-pour-limportation-des-medicaments-anticancereux\/","title":{"rendered":"Industrie pharmaceutique\u00a0:\u00a0Un couloir vert pour l\u2019importation des m\u00e9dicaments anticanc\u00e9reux"},"content":{"rendered":"\n<p>Un couloir vert sera ouvert pour permettre l\u2019importation, en urgence, des m\u00e9dicaments n\u00e9cessaires aux traitements canc\u00e9reux, selon le ministre de l\u2019Industrie pharmaceutique, M. Djamel Lotfi Benbahmed.&nbsp;<\/p>\n\n\n\n<p>\u00ab&nbsp;L\u2019importation de cette cat\u00e9gorie &nbsp;de m\u00e9dicaments&nbsp; &nbsp;destin\u00e9s \u00e0 approvisionner la&nbsp;Pharmacie centrale&nbsp; devra faire l\u2019objet en permanence d\u2019un contr\u00f4le et d\u2019un suivi des plus rigoureux&nbsp;\u00bb, a indiqu\u00e9 le ministre lors d\u2019une r\u00e9union&nbsp;qu\u2019il a pr\u00e9sid\u00e9e&nbsp;avec les sp\u00e9cialistes de l\u2019oncologie.&nbsp;Cette r\u00e9union qui a regroup\u00e9 des cadres du minist\u00e8re de la Sant\u00e9, de la Population et de la R\u00e9forme hospitali\u00e8re aux c\u00f4t\u00e9s du directeur g\u00e9n\u00e9ral de l\u2019Agence nationale du m\u00e9dicament a donc \u00e9t\u00e9 consacr\u00e9e \u00e0 l\u2019importation des m\u00e9dicaments anti-canc\u00e9reux qui, selon M. Benbahmed, \u00ab&nbsp;b\u00e9n\u00e9ficieront d\u2019un couloir vert&nbsp; pour l\u2019obtention des autorisations d\u2019importation&nbsp;dans le cadre d\u2019un programme d\u2019urgence r\u00e9serv\u00e9 \u00e0 cette cat\u00e9gorie de m\u00e9dicaments&nbsp;\u00bb.&nbsp;L\u2019enregistrement pour importation des bio-traitements et les m\u00e9dicaments g\u00e9n\u00e9riques par l\u2019Agence nationale du m\u00e9dicament permettra d\u2019assurer une bonne distribution et de garantir un approvisionnement &nbsp;suffisant&nbsp; dans l\u2019optique d&rsquo;assurer leur disponibilit\u00e9. \u00ab&nbsp;Une approche qui fera&nbsp;\u00bb, explique-t-il, \u00ab&nbsp;r\u00e9duire les prix en engageant la concurrence via les soumissions lanc\u00e9es par l\u2019Agence nationale du m\u00e9dicament&nbsp;\u00bb. Par ailleurs, le ministre de l\u2019Industrie pharmaceutique a mis l\u2019accent sur \u00ab&nbsp;le n\u00e9cessaire suivi rigoureux de la tra\u00e7abilit\u00e9 des m\u00e9dicaments afin de permettre de couvrir avec efficacit\u00e9 les besoins et de garantir des soins de qualit\u00e9 aux malades&nbsp;\u00bb.&nbsp;Aussi, cette r\u00e9union a \u00e9t\u00e9 l\u2019occasion pour Lotfi Benbahmed de rappeler que \u00ab&nbsp;la promotion de la production nationale est l\u2019unique voie pour parvenir \u00e0 la disponibilit\u00e9 en permanence des m\u00e9dicaments dans notre pays&nbsp;\u00bb. Une commission regroupant les sp\u00e9cialistes de l\u2019oncologie et les cadres du minist\u00e8re de l\u2019Industrie pharmaceutique sera d\u2019ailleurs prochainement mise en place afin de promouvoir la production locale des m\u00e9dicaments notamment destin\u00e9s \u00e0 cette sp\u00e9cialit\u00e9. La commission aura \u00e9galement pour mission d\u2019orienter l\u2019investissement vers ce cr\u00e9neau.&nbsp;Pour rappel, s\u2019exprimant&nbsp;\u00e0 l\u2019ouverture des travaux de la session ordinaire de l\u2019observatoire de veille sur la disponibilit\u00e9 des produits pharmaceutique qui s\u2019est r\u00e9uni dimanche pass\u00e9, &nbsp;le ministre de l\u2019Industrie pharmaceutique, Abderrahmane Djamel Lotfi Benbahmed, a appel\u00e9 \u00e0 \u00ab\u00a0la mobilisation et au sens de la responsabilit\u00e9\u00a0\u00bb de tous les acteurs de la cha\u00eene du m\u00e9dicament pour r\u00e9pondre aux besoins du march\u00e9 national des m\u00e9dicaments et prioriser l\u2019int\u00e9r\u00eat des patients alg\u00e9riens.&nbsp;<\/p>\n\n\n\n<p><strong>Kamel Nait Ameur<\/strong><\/p>\n","protected":false},"excerpt":{"rendered":"<p>Un couloir vert sera ouvert pour permettre l\u2019importation, en urgence, des m\u00e9dicaments n\u00e9cessaires aux traitements canc\u00e9reux, selon le ministre de<\/p>\n","protected":false},"author":3,"featured_media":19831,"comment_status":"open","ping_status":"closed","sticky":false,"template":"","format":"standard","meta":{"colormag_page_container_layout":"default_layout","colormag_page_sidebar_layout":"default_layout","om_disable_all_campaigns":false,"_monsterinsights_skip_tracking":false,"_monsterinsights_sitenote_active":false,"_monsterinsights_sitenote_note":"","_monsterinsights_sitenote_category":0,"footnotes":"","_wpscppro_dont_share_socialmedia":false,"_wpscppro_custom_social_share_image":0,"_facebook_share_type":"","_twitter_share_type":"","_linkedin_share_type":"","_pinterest_share_type":"","_linkedin_share_type_page":"","_instagram_share_type":"","_medium_share_type":"","_threads_share_type":"","_google_business_share_type":"","_selected_social_profile":[],"_wpsp_enable_custom_social_template":false,"_wpsp_social_scheduling":{"enabled":false,"datetime":null,"platforms":[],"status":"template_only","dateOption":"today","timeOption":"now","customDays":"","customHours":"","customDate":"","customTime":"","schedulingType":"absolute"},"_wpsp_active_default_template":true},"categories":[52,27],"tags":[],"class_list":["post-19828","post","type-post","status-publish","format-standard","has-post-thumbnail","hentry","category-a-la-une","category-actualite"],"aioseo_notices":[],"yoast_head":"<!-- This site is optimized with the Yoast SEO plugin v27.5 - https:\/\/yoast.com\/product\/yoast-seo-wordpress\/ -->\n<title>Industrie pharmaceutique\u00a0:\u00a0Un couloir vert pour l\u2019importation des m\u00e9dicaments anticanc\u00e9reux - La Sentinelle<\/title>\n<meta name=\"robots\" content=\"index, follow, max-snippet:-1, max-image-preview:large, max-video-preview:-1\" \/>\n<link rel=\"canonical\" href=\"https:\/\/lasentinelle.dz\/index.php\/2022\/04\/14\/industrie-pharmaceutique-un-couloir-vert-pour-limportation-des-medicaments-anticancereux\/\" \/>\n<meta property=\"og:locale\" content=\"fr_FR\" \/>\n<meta property=\"og:type\" content=\"article\" \/>\n<meta property=\"og:title\" content=\"Industrie pharmaceutique\u00a0:\u00a0Un couloir vert pour l\u2019importation des m\u00e9dicaments anticanc\u00e9reux - La Sentinelle\" \/>\n<meta property=\"og:description\" content=\"Un couloir vert sera ouvert pour permettre l\u2019importation, en urgence, des m\u00e9dicaments n\u00e9cessaires aux traitements canc\u00e9reux, selon le ministre de\" \/>\n<meta property=\"og:url\" content=\"https:\/\/lasentinelle.dz\/index.php\/2022\/04\/14\/industrie-pharmaceutique-un-couloir-vert-pour-limportation-des-medicaments-anticancereux\/\" \/>\n<meta property=\"og:site_name\" content=\"La Sentinelle\" \/>\n<meta property=\"article:publisher\" content=\"https:\/\/www.facebook.com\/La-Sentinelle-104059864394773\" \/>\n<meta property=\"article:published_time\" content=\"2022-04-13T23:05:00+00:00\" \/>\n<meta property=\"og:image\" content=\"https:\/\/lasentinelle.dz\/wp-content\/uploads\/2022\/04\/benbahmed-1.png\" \/>\n\t<meta property=\"og:image:width\" content=\"1378\" \/>\n\t<meta property=\"og:image:height\" content=\"900\" \/>\n\t<meta property=\"og:image:type\" content=\"image\/png\" \/>\n<meta name=\"author\" content=\"La Sentinelle\" \/>\n<meta name=\"twitter:card\" content=\"summary_large_image\" \/>\n<meta name=\"twitter:label1\" content=\"\u00c9crit par\" \/>\n\t<meta name=\"twitter:data1\" content=\"La Sentinelle\" \/>\n\t<meta name=\"twitter:label2\" content=\"Dur\u00e9e de lecture estim\u00e9e\" \/>\n\t<meta name=\"twitter:data2\" content=\"2 minutes\" \/>\n<script type=\"application\/ld+json\" class=\"yoast-schema-graph\">{\"@context\":\"https:\\\/\\\/schema.org\",\"@graph\":[{\"@type\":\"Article\",\"@id\":\"https:\\\/\\\/lasentinelle.dz\\\/index.php\\\/2022\\\/04\\\/14\\\/industrie-pharmaceutique-un-couloir-vert-pour-limportation-des-medicaments-anticancereux\\\/#article\",\"isPartOf\":{\"@id\":\"https:\\\/\\\/lasentinelle.dz\\\/index.php\\\/2022\\\/04\\\/14\\\/industrie-pharmaceutique-un-couloir-vert-pour-limportation-des-medicaments-anticancereux\\\/\"},\"author\":{\"name\":\"La Sentinelle\",\"@id\":\"https:\\\/\\\/lasentinelle.dz\\\/#\\\/schema\\\/person\\\/d865044e22e70a75174ce8bcad3acfb3\"},\"headline\":\"Industrie pharmaceutique\u00a0:\u00a0Un couloir vert pour l\u2019importation des m\u00e9dicaments anticanc\u00e9reux\",\"datePublished\":\"2022-04-13T23:05:00+00:00\",\"mainEntityOfPage\":{\"@id\":\"https:\\\/\\\/lasentinelle.dz\\\/index.php\\\/2022\\\/04\\\/14\\\/industrie-pharmaceutique-un-couloir-vert-pour-limportation-des-medicaments-anticancereux\\\/\"},\"wordCount\":498,\"commentCount\":0,\"publisher\":{\"@id\":\"https:\\\/\\\/lasentinelle.dz\\\/#organization\"},\"image\":{\"@id\":\"https:\\\/\\\/lasentinelle.dz\\\/index.php\\\/2022\\\/04\\\/14\\\/industrie-pharmaceutique-un-couloir-vert-pour-limportation-des-medicaments-anticancereux\\\/#primaryimage\"},\"thumbnailUrl\":\"https:\\\/\\\/lasentinelle.dz\\\/wp-content\\\/uploads\\\/2022\\\/04\\\/benbahmed-1.png\",\"articleSection\":[\"\u00c0 la Une\",\"Actualit\u00e9\"],\"inLanguage\":\"fr-FR\",\"potentialAction\":[{\"@type\":\"CommentAction\",\"name\":\"Comment\",\"target\":[\"https:\\\/\\\/lasentinelle.dz\\\/index.php\\\/2022\\\/04\\\/14\\\/industrie-pharmaceutique-un-couloir-vert-pour-limportation-des-medicaments-anticancereux\\\/#respond\"]}]},{\"@type\":\"WebPage\",\"@id\":\"https:\\\/\\\/lasentinelle.dz\\\/index.php\\\/2022\\\/04\\\/14\\\/industrie-pharmaceutique-un-couloir-vert-pour-limportation-des-medicaments-anticancereux\\\/\",\"url\":\"https:\\\/\\\/lasentinelle.dz\\\/index.php\\\/2022\\\/04\\\/14\\\/industrie-pharmaceutique-un-couloir-vert-pour-limportation-des-medicaments-anticancereux\\\/\",\"name\":\"Industrie pharmaceutique\u00a0:\u00a0Un couloir vert pour l\u2019importation des m\u00e9dicaments anticanc\u00e9reux - La Sentinelle\",\"isPartOf\":{\"@id\":\"https:\\\/\\\/lasentinelle.dz\\\/#website\"},\"primaryImageOfPage\":{\"@id\":\"https:\\\/\\\/lasentinelle.dz\\\/index.php\\\/2022\\\/04\\\/14\\\/industrie-pharmaceutique-un-couloir-vert-pour-limportation-des-medicaments-anticancereux\\\/#primaryimage\"},\"image\":{\"@id\":\"https:\\\/\\\/lasentinelle.dz\\\/index.php\\\/2022\\\/04\\\/14\\\/industrie-pharmaceutique-un-couloir-vert-pour-limportation-des-medicaments-anticancereux\\\/#primaryimage\"},\"thumbnailUrl\":\"https:\\\/\\\/lasentinelle.dz\\\/wp-content\\\/uploads\\\/2022\\\/04\\\/benbahmed-1.png\",\"datePublished\":\"2022-04-13T23:05:00+00:00\",\"breadcrumb\":{\"@id\":\"https:\\\/\\\/lasentinelle.dz\\\/index.php\\\/2022\\\/04\\\/14\\\/industrie-pharmaceutique-un-couloir-vert-pour-limportation-des-medicaments-anticancereux\\\/#breadcrumb\"},\"inLanguage\":\"fr-FR\",\"potentialAction\":[{\"@type\":\"ReadAction\",\"target\":[\"https:\\\/\\\/lasentinelle.dz\\\/index.php\\\/2022\\\/04\\\/14\\\/industrie-pharmaceutique-un-couloir-vert-pour-limportation-des-medicaments-anticancereux\\\/\"]}]},{\"@type\":\"ImageObject\",\"inLanguage\":\"fr-FR\",\"@id\":\"https:\\\/\\\/lasentinelle.dz\\\/index.php\\\/2022\\\/04\\\/14\\\/industrie-pharmaceutique-un-couloir-vert-pour-limportation-des-medicaments-anticancereux\\\/#primaryimage\",\"url\":\"https:\\\/\\\/lasentinelle.dz\\\/wp-content\\\/uploads\\\/2022\\\/04\\\/benbahmed-1.png\",\"contentUrl\":\"https:\\\/\\\/lasentinelle.dz\\\/wp-content\\\/uploads\\\/2022\\\/04\\\/benbahmed-1.png\",\"width\":1378,\"height\":900},{\"@type\":\"BreadcrumbList\",\"@id\":\"https:\\\/\\\/lasentinelle.dz\\\/index.php\\\/2022\\\/04\\\/14\\\/industrie-pharmaceutique-un-couloir-vert-pour-limportation-des-medicaments-anticancereux\\\/#breadcrumb\",\"itemListElement\":[{\"@type\":\"ListItem\",\"position\":1,\"name\":\"Accueil\",\"item\":\"https:\\\/\\\/lasentinelle.dz\\\/\"},{\"@type\":\"ListItem\",\"position\":2,\"name\":\"Industrie pharmaceutique\u00a0:\u00a0Un couloir vert pour l\u2019importation des m\u00e9dicaments anticanc\u00e9reux\"}]},{\"@type\":\"WebSite\",\"@id\":\"https:\\\/\\\/lasentinelle.dz\\\/#website\",\"url\":\"https:\\\/\\\/lasentinelle.dz\\\/\",\"name\":\"La Sentinelle\",\"description\":\"Quotidien national d&#039;information\",\"publisher\":{\"@id\":\"https:\\\/\\\/lasentinelle.dz\\\/#organization\"},\"potentialAction\":[{\"@type\":\"SearchAction\",\"target\":{\"@type\":\"EntryPoint\",\"urlTemplate\":\"https:\\\/\\\/lasentinelle.dz\\\/?s={search_term_string}\"},\"query-input\":{\"@type\":\"PropertyValueSpecification\",\"valueRequired\":true,\"valueName\":\"search_term_string\"}}],\"inLanguage\":\"fr-FR\"},{\"@type\":\"Organization\",\"@id\":\"https:\\\/\\\/lasentinelle.dz\\\/#organization\",\"name\":\"Quotidien La Sentinelle\",\"url\":\"https:\\\/\\\/lasentinelle.dz\\\/\",\"logo\":{\"@type\":\"ImageObject\",\"inLanguage\":\"fr-FR\",\"@id\":\"https:\\\/\\\/lasentinelle.dz\\\/#\\\/schema\\\/logo\\\/image\\\/\",\"url\":\"https:\\\/\\\/lasentinelle.dz\\\/wp-content\\\/uploads\\\/2021\\\/09\\\/logo-sentinelleSLOGAN-1.png\",\"contentUrl\":\"https:\\\/\\\/lasentinelle.dz\\\/wp-content\\\/uploads\\\/2021\\\/09\\\/logo-sentinelleSLOGAN-1.png\",\"width\":615,\"height\":142,\"caption\":\"Quotidien La Sentinelle\"},\"image\":{\"@id\":\"https:\\\/\\\/lasentinelle.dz\\\/#\\\/schema\\\/logo\\\/image\\\/\"},\"sameAs\":[\"https:\\\/\\\/www.facebook.com\\\/La-Sentinelle-104059864394773\"]},{\"@type\":\"Person\",\"@id\":\"https:\\\/\\\/lasentinelle.dz\\\/#\\\/schema\\\/person\\\/d865044e22e70a75174ce8bcad3acfb3\",\"name\":\"La Sentinelle\",\"image\":{\"@type\":\"ImageObject\",\"inLanguage\":\"fr-FR\",\"@id\":\"https:\\\/\\\/secure.gravatar.com\\\/avatar\\\/57de8e5d4b15d43fb361a71fbb36338450fe67865b528a43dd10ef7c51a20392?s=96&d=mm&r=g\",\"url\":\"https:\\\/\\\/secure.gravatar.com\\\/avatar\\\/57de8e5d4b15d43fb361a71fbb36338450fe67865b528a43dd10ef7c51a20392?s=96&d=mm&r=g\",\"contentUrl\":\"https:\\\/\\\/secure.gravatar.com\\\/avatar\\\/57de8e5d4b15d43fb361a71fbb36338450fe67865b528a43dd10ef7c51a20392?s=96&d=mm&r=g\",\"caption\":\"La Sentinelle\"},\"sameAs\":[\"http:\\\/\\\/www.lasentinelle.dz\"],\"url\":\"https:\\\/\\\/lasentinelle.dz\\\/author\\\/redaction\\\/\"}]}<\/script>\n<!-- \/ Yoast SEO plugin. -->","yoast_head_json":{"title":"Industrie pharmaceutique\u00a0:\u00a0Un couloir vert pour l\u2019importation des m\u00e9dicaments anticanc\u00e9reux - La Sentinelle","robots":{"index":"index","follow":"follow","max-snippet":"max-snippet:-1","max-image-preview":"max-image-preview:large","max-video-preview":"max-video-preview:-1"},"canonical":"https:\/\/lasentinelle.dz\/index.php\/2022\/04\/14\/industrie-pharmaceutique-un-couloir-vert-pour-limportation-des-medicaments-anticancereux\/","og_locale":"fr_FR","og_type":"article","og_title":"Industrie pharmaceutique\u00a0:\u00a0Un couloir vert pour l\u2019importation des m\u00e9dicaments anticanc\u00e9reux - La Sentinelle","og_description":"Un couloir vert sera ouvert pour permettre l\u2019importation, en urgence, des m\u00e9dicaments n\u00e9cessaires aux traitements canc\u00e9reux, selon le ministre de","og_url":"https:\/\/lasentinelle.dz\/index.php\/2022\/04\/14\/industrie-pharmaceutique-un-couloir-vert-pour-limportation-des-medicaments-anticancereux\/","og_site_name":"La Sentinelle","article_publisher":"https:\/\/www.facebook.com\/La-Sentinelle-104059864394773","article_published_time":"2022-04-13T23:05:00+00:00","og_image":[{"width":1378,"height":900,"url":"https:\/\/lasentinelle.dz\/wp-content\/uploads\/2022\/04\/benbahmed-1.png","type":"image\/png"}],"author":"La Sentinelle","twitter_card":"summary_large_image","twitter_misc":{"\u00c9crit par":"La Sentinelle","Dur\u00e9e de lecture estim\u00e9e":"2 minutes"},"schema":{"@context":"https:\/\/schema.org","@graph":[{"@type":"Article","@id":"https:\/\/lasentinelle.dz\/index.php\/2022\/04\/14\/industrie-pharmaceutique-un-couloir-vert-pour-limportation-des-medicaments-anticancereux\/#article","isPartOf":{"@id":"https:\/\/lasentinelle.dz\/index.php\/2022\/04\/14\/industrie-pharmaceutique-un-couloir-vert-pour-limportation-des-medicaments-anticancereux\/"},"author":{"name":"La Sentinelle","@id":"https:\/\/lasentinelle.dz\/#\/schema\/person\/d865044e22e70a75174ce8bcad3acfb3"},"headline":"Industrie pharmaceutique\u00a0:\u00a0Un couloir vert pour l\u2019importation des m\u00e9dicaments anticanc\u00e9reux","datePublished":"2022-04-13T23:05:00+00:00","mainEntityOfPage":{"@id":"https:\/\/lasentinelle.dz\/index.php\/2022\/04\/14\/industrie-pharmaceutique-un-couloir-vert-pour-limportation-des-medicaments-anticancereux\/"},"wordCount":498,"commentCount":0,"publisher":{"@id":"https:\/\/lasentinelle.dz\/#organization"},"image":{"@id":"https:\/\/lasentinelle.dz\/index.php\/2022\/04\/14\/industrie-pharmaceutique-un-couloir-vert-pour-limportation-des-medicaments-anticancereux\/#primaryimage"},"thumbnailUrl":"https:\/\/lasentinelle.dz\/wp-content\/uploads\/2022\/04\/benbahmed-1.png","articleSection":["\u00c0 la Une","Actualit\u00e9"],"inLanguage":"fr-FR","potentialAction":[{"@type":"CommentAction","name":"Comment","target":["https:\/\/lasentinelle.dz\/index.php\/2022\/04\/14\/industrie-pharmaceutique-un-couloir-vert-pour-limportation-des-medicaments-anticancereux\/#respond"]}]},{"@type":"WebPage","@id":"https:\/\/lasentinelle.dz\/index.php\/2022\/04\/14\/industrie-pharmaceutique-un-couloir-vert-pour-limportation-des-medicaments-anticancereux\/","url":"https:\/\/lasentinelle.dz\/index.php\/2022\/04\/14\/industrie-pharmaceutique-un-couloir-vert-pour-limportation-des-medicaments-anticancereux\/","name":"Industrie pharmaceutique\u00a0:\u00a0Un couloir vert pour l\u2019importation des m\u00e9dicaments anticanc\u00e9reux - La Sentinelle","isPartOf":{"@id":"https:\/\/lasentinelle.dz\/#website"},"primaryImageOfPage":{"@id":"https:\/\/lasentinelle.dz\/index.php\/2022\/04\/14\/industrie-pharmaceutique-un-couloir-vert-pour-limportation-des-medicaments-anticancereux\/#primaryimage"},"image":{"@id":"https:\/\/lasentinelle.dz\/index.php\/2022\/04\/14\/industrie-pharmaceutique-un-couloir-vert-pour-limportation-des-medicaments-anticancereux\/#primaryimage"},"thumbnailUrl":"https:\/\/lasentinelle.dz\/wp-content\/uploads\/2022\/04\/benbahmed-1.png","datePublished":"2022-04-13T23:05:00+00:00","breadcrumb":{"@id":"https:\/\/lasentinelle.dz\/index.php\/2022\/04\/14\/industrie-pharmaceutique-un-couloir-vert-pour-limportation-des-medicaments-anticancereux\/#breadcrumb"},"inLanguage":"fr-FR","potentialAction":[{"@type":"ReadAction","target":["https:\/\/lasentinelle.dz\/index.php\/2022\/04\/14\/industrie-pharmaceutique-un-couloir-vert-pour-limportation-des-medicaments-anticancereux\/"]}]},{"@type":"ImageObject","inLanguage":"fr-FR","@id":"https:\/\/lasentinelle.dz\/index.php\/2022\/04\/14\/industrie-pharmaceutique-un-couloir-vert-pour-limportation-des-medicaments-anticancereux\/#primaryimage","url":"https:\/\/lasentinelle.dz\/wp-content\/uploads\/2022\/04\/benbahmed-1.png","contentUrl":"https:\/\/lasentinelle.dz\/wp-content\/uploads\/2022\/04\/benbahmed-1.png","width":1378,"height":900},{"@type":"BreadcrumbList","@id":"https:\/\/lasentinelle.dz\/index.php\/2022\/04\/14\/industrie-pharmaceutique-un-couloir-vert-pour-limportation-des-medicaments-anticancereux\/#breadcrumb","itemListElement":[{"@type":"ListItem","position":1,"name":"Accueil","item":"https:\/\/lasentinelle.dz\/"},{"@type":"ListItem","position":2,"name":"Industrie pharmaceutique\u00a0:\u00a0Un couloir vert pour l\u2019importation des m\u00e9dicaments anticanc\u00e9reux"}]},{"@type":"WebSite","@id":"https:\/\/lasentinelle.dz\/#website","url":"https:\/\/lasentinelle.dz\/","name":"La Sentinelle","description":"Quotidien national d&#039;information","publisher":{"@id":"https:\/\/lasentinelle.dz\/#organization"},"potentialAction":[{"@type":"SearchAction","target":{"@type":"EntryPoint","urlTemplate":"https:\/\/lasentinelle.dz\/?s={search_term_string}"},"query-input":{"@type":"PropertyValueSpecification","valueRequired":true,"valueName":"search_term_string"}}],"inLanguage":"fr-FR"},{"@type":"Organization","@id":"https:\/\/lasentinelle.dz\/#organization","name":"Quotidien La Sentinelle","url":"https:\/\/lasentinelle.dz\/","logo":{"@type":"ImageObject","inLanguage":"fr-FR","@id":"https:\/\/lasentinelle.dz\/#\/schema\/logo\/image\/","url":"https:\/\/lasentinelle.dz\/wp-content\/uploads\/2021\/09\/logo-sentinelleSLOGAN-1.png","contentUrl":"https:\/\/lasentinelle.dz\/wp-content\/uploads\/2021\/09\/logo-sentinelleSLOGAN-1.png","width":615,"height":142,"caption":"Quotidien La Sentinelle"},"image":{"@id":"https:\/\/lasentinelle.dz\/#\/schema\/logo\/image\/"},"sameAs":["https:\/\/www.facebook.com\/La-Sentinelle-104059864394773"]},{"@type":"Person","@id":"https:\/\/lasentinelle.dz\/#\/schema\/person\/d865044e22e70a75174ce8bcad3acfb3","name":"La Sentinelle","image":{"@type":"ImageObject","inLanguage":"fr-FR","@id":"https:\/\/secure.gravatar.com\/avatar\/57de8e5d4b15d43fb361a71fbb36338450fe67865b528a43dd10ef7c51a20392?s=96&d=mm&r=g","url":"https:\/\/secure.gravatar.com\/avatar\/57de8e5d4b15d43fb361a71fbb36338450fe67865b528a43dd10ef7c51a20392?s=96&d=mm&r=g","contentUrl":"https:\/\/secure.gravatar.com\/avatar\/57de8e5d4b15d43fb361a71fbb36338450fe67865b528a43dd10ef7c51a20392?s=96&d=mm&r=g","caption":"La Sentinelle"},"sameAs":["http:\/\/www.lasentinelle.dz"],"url":"https:\/\/lasentinelle.dz\/author\/redaction\/"}]}},"_links":{"self":[{"href":"https:\/\/lasentinelle.dz\/index.php\/wp-json\/wp\/v2\/posts\/19828","targetHints":{"allow":["GET"]}}],"collection":[{"href":"https:\/\/lasentinelle.dz\/index.php\/wp-json\/wp\/v2\/posts"}],"about":[{"href":"https:\/\/lasentinelle.dz\/index.php\/wp-json\/wp\/v2\/types\/post"}],"author":[{"embeddable":true,"href":"https:\/\/lasentinelle.dz\/index.php\/wp-json\/wp\/v2\/users\/3"}],"replies":[{"embeddable":true,"href":"https:\/\/lasentinelle.dz\/index.php\/wp-json\/wp\/v2\/comments?post=19828"}],"version-history":[{"count":1,"href":"https:\/\/lasentinelle.dz\/index.php\/wp-json\/wp\/v2\/posts\/19828\/revisions"}],"predecessor-version":[{"id":19832,"href":"https:\/\/lasentinelle.dz\/index.php\/wp-json\/wp\/v2\/posts\/19828\/revisions\/19832"}],"wp:featuredmedia":[{"embeddable":true,"href":"https:\/\/lasentinelle.dz\/index.php\/wp-json\/wp\/v2\/media\/19831"}],"wp:attachment":[{"href":"https:\/\/lasentinelle.dz\/index.php\/wp-json\/wp\/v2\/media?parent=19828"}],"wp:term":[{"taxonomy":"category","embeddable":true,"href":"https:\/\/lasentinelle.dz\/index.php\/wp-json\/wp\/v2\/categories?post=19828"},{"taxonomy":"post_tag","embeddable":true,"href":"https:\/\/lasentinelle.dz\/index.php\/wp-json\/wp\/v2\/tags?post=19828"}],"curies":[{"name":"wp","href":"https:\/\/api.w.org\/{rel}","templated":true}]}}