{"id":19829,"date":"2022-04-14T00:01:00","date_gmt":"2022-04-13T23:01:00","guid":{"rendered":"https:\/\/lasentinelle.dz\/?p=19829"},"modified":"2022-04-13T18:11:05","modified_gmt":"2022-04-13T17:11:05","slug":"sante-lamelioration-des-prestations-dans-le-sud-en-ligne-de-mire","status":"publish","type":"post","link":"https:\/\/lasentinelle.dz\/index.php\/2022\/04\/14\/sante-lamelioration-des-prestations-dans-le-sud-en-ligne-de-mire\/","title":{"rendered":"Sant\u00e9\u00a0: L\u2019am\u00e9lioration des prestations dans le Sud en ligne de mire"},"content":{"rendered":"\n<p>\u00ab La formation des m\u00e9decins g\u00e9n\u00e9ralistes issus des r\u00e9gions du sud et des Hauts-Plateaux dans les diff\u00e9rentes sp\u00e9cialit\u00e9s est n\u00e9cessaire pour assurer une prise en charge efficiente des patients des wilayas sous m\u00e9dicalis\u00e9es \u00bb, a estim\u00e9 lors d\u2019un point de presse anim\u00e9 en marge de sa visite&nbsp;mardi&nbsp;dans la wilaya de Gharda\u00efa,&nbsp;&nbsp;le ministre de la Sant\u00e9, de la Population et de la R\u00e9forme hospitali\u00e8re, Pr Abderrahmane Benbouzid. Celui-ci&nbsp;a affirm\u00e9 que \u00ab la g\u00e9n\u00e9ralisation de la couverture sanitaire \u00e0 l\u2019ensemble des&nbsp;Alg\u00e9riens exige \u00e9galement un syst\u00e8me de sant\u00e9 performant, efficient aux normes universelles qui offre des services de sant\u00e9 en H24 \u00e0 la hauteur des exigences de la population \u00bb.<\/p>\n\n\n\n<p>Soulignant \u00ab la disponibilit\u00e9 des pouvoirs publics \u00e0 donner les moyens pour l\u2019acquisition de mat\u00e9riels sophistiqu\u00e9s au profit des \u00e9tablissements de sant\u00e9 anciens ou nouveaux notamment apr\u00e8s le d\u00e9gel des projets de sant\u00e9 conform\u00e9ment aux orientations du pr\u00e9sident de la R\u00e9publique, M. Abdelmadjid Tebboune\u00a0\u00bb \u00bb,&nbsp;le&nbsp;Pr.&nbsp;Benbouzid a expliqu\u00e9 que \u00ab l\u2019instabilit\u00e9 des m\u00e9decins sp\u00e9cialistes affect\u00e9s au niveau des services hospitaliers dans les r\u00e9gions du Sud et des Hauts-Plateaux et le d\u00e9ficit enregistr\u00e9 en mati\u00e8re de personnel m\u00e9dical a contraint son d\u00e9partement&nbsp;&nbsp;\u00e0 accorder une formation sp\u00e9cialis\u00e9e pour les m\u00e9decins g\u00e9n\u00e9ralistes ayant cumul\u00e9 5 ans de service dans ces r\u00e9gions en tant que m\u00e9decin g\u00e9n\u00e9raliste afin d\u2019obtenir un certificat d&rsquo;\u00e9tudes sp\u00e9cialis\u00e9es en sciences m\u00e9dicales de son choix \u00bb.<\/p>\n\n\n\n<p>Annon\u00e7ant par ailleurs la reprise des op\u00e9rations de jumelage entre les diff\u00e9rentes structures de sant\u00e9 du pays, interrompues suite \u00e0 la propagation de la pand\u00e9mie de coronavirus durant deux ann\u00e9es et qui ont donn\u00e9 des r\u00e9sultats positifs, le premier responsable du secteur de la sant\u00e9 n\u2019a pas manqu\u00e9 de plaider pour \u00ab l\u2019am\u00e9lioration du niveau des soins m\u00e9dicaux prodigu\u00e9s dans les diff\u00e9rentes r\u00e9gions du pays en s\u2019appuyant sur les nouvelles technologies la t\u00e9l\u00e9m\u00e9decine dans les diagnostics pour une meilleure prise en charge du malade et la formation continue du personnel m\u00e9dicale \u00bb.<\/p>\n\n\n\n<p>Enfin,&nbsp;au cours de&nbsp;sa visite d\u2019inspection dans la wilaya de Gharda\u00efa,&nbsp;le&nbsp;Pr.&nbsp;Benbouzid a \u00e9galement plaid\u00e9 pour&nbsp;\u00ab&nbsp;l\u2019am\u00e9lioration de l\u2019offre des soins au niveau de ces deux localit\u00e9s du nord de Gharda\u00efa ainsi que pour l\u2019accessibilit\u00e9 de la population aux paniers des soins prodigu\u00e9s, est tributaire du niveau de comp\u00e9tence manag\u00e9riale adapt\u00e9 \u00e0 la disponibilit\u00e9 des ressources humaines qualifi\u00e9es avec l\u2019appui de tous les partenaires concern\u00e9s&nbsp;\u00bb. Lors de ce p\u00e9riple, le ministre de la Sant\u00e9 a proc\u00e9d\u00e9 \u00e0 la mise en service de deux polycliniques situ\u00e9e \u00e0 M\u00e9tlili El Djadida et \u00e0 Oued N\u2019Chou nouvelle zone urbaine situ\u00e9e \u00e0 15 Km au nord de Ghardaia avant d\u2019inspecter le projet de r\u00e9alisation d\u2019un h\u00f4pital de 240 lits de Gharda\u00efa o\u00f9 il a annonc\u00e9 la cr\u00e9ation au sein de cet h\u00f4pital d\u2019un centre anticanc\u00e9reux.&nbsp;<\/p>\n\n\n\n<p><strong>Akli Amor<\/strong><\/p>\n","protected":false},"excerpt":{"rendered":"<p>\u00ab La formation des m\u00e9decins g\u00e9n\u00e9ralistes issus des r\u00e9gions du sud et des Hauts-Plateaux dans les diff\u00e9rentes sp\u00e9cialit\u00e9s est n\u00e9cessaire<\/p>\n","protected":false},"author":3,"featured_media":19833,"comment_status":"open","ping_status":"closed","sticky":false,"template":"","format":"standard","meta":{"colormag_page_container_layout":"default_layout","colormag_page_sidebar_layout":"default_layout","om_disable_all_campaigns":false,"_monsterinsights_skip_tracking":false,"_monsterinsights_sitenote_active":false,"_monsterinsights_sitenote_note":"","_monsterinsights_sitenote_category":0,"footnotes":"","_wpscppro_dont_share_socialmedia":false,"_wpscppro_custom_social_share_image":0,"_facebook_share_type":"","_twitter_share_type":"","_linkedin_share_type":"","_pinterest_share_type":"","_linkedin_share_type_page":"","_instagram_share_type":"","_medium_share_type":"","_threads_share_type":"","_google_business_share_type":"","_selected_social_profile":[],"_wpsp_enable_custom_social_template":false,"_wpsp_social_scheduling":{"enabled":false,"datetime":null,"platforms":[],"status":"template_only","dateOption":"today","timeOption":"now","customDays":"","customHours":"","customDate":"","customTime":"","schedulingType":"absolute"},"_wpsp_active_default_template":true},"categories":[27],"tags":[],"class_list":["post-19829","post","type-post","status-publish","format-standard","has-post-thumbnail","hentry","category-actualite"],"aioseo_notices":[],"yoast_head":"<!-- This site is optimized with the Yoast SEO plugin v27.5 - https:\/\/yoast.com\/product\/yoast-seo-wordpress\/ -->\n<title>Sant\u00e9\u00a0: L\u2019am\u00e9lioration des prestations dans le Sud en ligne de mire - La Sentinelle<\/title>\n<meta name=\"robots\" content=\"index, follow, max-snippet:-1, max-image-preview:large, max-video-preview:-1\" \/>\n<link rel=\"canonical\" href=\"https:\/\/lasentinelle.dz\/index.php\/2022\/04\/14\/sante-lamelioration-des-prestations-dans-le-sud-en-ligne-de-mire\/\" \/>\n<meta property=\"og:locale\" content=\"fr_FR\" \/>\n<meta property=\"og:type\" content=\"article\" \/>\n<meta property=\"og:title\" content=\"Sant\u00e9\u00a0: L\u2019am\u00e9lioration des prestations dans le Sud en ligne de mire - La Sentinelle\" \/>\n<meta property=\"og:description\" content=\"\u00ab La formation des m\u00e9decins g\u00e9n\u00e9ralistes issus des r\u00e9gions du sud et des Hauts-Plateaux dans les diff\u00e9rentes sp\u00e9cialit\u00e9s est n\u00e9cessaire\" \/>\n<meta property=\"og:url\" content=\"https:\/\/lasentinelle.dz\/index.php\/2022\/04\/14\/sante-lamelioration-des-prestations-dans-le-sud-en-ligne-de-mire\/\" \/>\n<meta property=\"og:site_name\" content=\"La Sentinelle\" \/>\n<meta property=\"article:publisher\" content=\"https:\/\/www.facebook.com\/La-Sentinelle-104059864394773\" \/>\n<meta property=\"article:published_time\" content=\"2022-04-13T23:01:00+00:00\" \/>\n<meta property=\"og:image\" content=\"https:\/\/lasentinelle.dz\/wp-content\/uploads\/2022\/04\/medecin.png\" \/>\n\t<meta property=\"og:image:width\" content=\"1491\" \/>\n\t<meta property=\"og:image:height\" content=\"900\" \/>\n\t<meta property=\"og:image:type\" content=\"image\/png\" \/>\n<meta name=\"author\" content=\"La Sentinelle\" \/>\n<meta name=\"twitter:card\" content=\"summary_large_image\" \/>\n<meta name=\"twitter:label1\" content=\"\u00c9crit par\" \/>\n\t<meta name=\"twitter:data1\" content=\"La Sentinelle\" \/>\n\t<meta name=\"twitter:label2\" content=\"Dur\u00e9e de lecture estim\u00e9e\" \/>\n\t<meta name=\"twitter:data2\" content=\"3 minutes\" \/>\n<script type=\"application\/ld+json\" class=\"yoast-schema-graph\">{\"@context\":\"https:\\\/\\\/schema.org\",\"@graph\":[{\"@type\":\"Article\",\"@id\":\"https:\\\/\\\/lasentinelle.dz\\\/index.php\\\/2022\\\/04\\\/14\\\/sante-lamelioration-des-prestations-dans-le-sud-en-ligne-de-mire\\\/#article\",\"isPartOf\":{\"@id\":\"https:\\\/\\\/lasentinelle.dz\\\/index.php\\\/2022\\\/04\\\/14\\\/sante-lamelioration-des-prestations-dans-le-sud-en-ligne-de-mire\\\/\"},\"author\":{\"name\":\"La Sentinelle\",\"@id\":\"https:\\\/\\\/lasentinelle.dz\\\/#\\\/schema\\\/person\\\/d865044e22e70a75174ce8bcad3acfb3\"},\"headline\":\"Sant\u00e9\u00a0: L\u2019am\u00e9lioration des prestations dans le Sud en ligne de mire\",\"datePublished\":\"2022-04-13T23:01:00+00:00\",\"mainEntityOfPage\":{\"@id\":\"https:\\\/\\\/lasentinelle.dz\\\/index.php\\\/2022\\\/04\\\/14\\\/sante-lamelioration-des-prestations-dans-le-sud-en-ligne-de-mire\\\/\"},\"wordCount\":566,\"commentCount\":0,\"publisher\":{\"@id\":\"https:\\\/\\\/lasentinelle.dz\\\/#organization\"},\"image\":{\"@id\":\"https:\\\/\\\/lasentinelle.dz\\\/index.php\\\/2022\\\/04\\\/14\\\/sante-lamelioration-des-prestations-dans-le-sud-en-ligne-de-mire\\\/#primaryimage\"},\"thumbnailUrl\":\"https:\\\/\\\/lasentinelle.dz\\\/wp-content\\\/uploads\\\/2022\\\/04\\\/medecin.png\",\"articleSection\":[\"Actualit\u00e9\"],\"inLanguage\":\"fr-FR\",\"potentialAction\":[{\"@type\":\"CommentAction\",\"name\":\"Comment\",\"target\":[\"https:\\\/\\\/lasentinelle.dz\\\/index.php\\\/2022\\\/04\\\/14\\\/sante-lamelioration-des-prestations-dans-le-sud-en-ligne-de-mire\\\/#respond\"]}]},{\"@type\":\"WebPage\",\"@id\":\"https:\\\/\\\/lasentinelle.dz\\\/index.php\\\/2022\\\/04\\\/14\\\/sante-lamelioration-des-prestations-dans-le-sud-en-ligne-de-mire\\\/\",\"url\":\"https:\\\/\\\/lasentinelle.dz\\\/index.php\\\/2022\\\/04\\\/14\\\/sante-lamelioration-des-prestations-dans-le-sud-en-ligne-de-mire\\\/\",\"name\":\"Sant\u00e9\u00a0: L\u2019am\u00e9lioration des prestations dans le Sud en ligne de mire - La Sentinelle\",\"isPartOf\":{\"@id\":\"https:\\\/\\\/lasentinelle.dz\\\/#website\"},\"primaryImageOfPage\":{\"@id\":\"https:\\\/\\\/lasentinelle.dz\\\/index.php\\\/2022\\\/04\\\/14\\\/sante-lamelioration-des-prestations-dans-le-sud-en-ligne-de-mire\\\/#primaryimage\"},\"image\":{\"@id\":\"https:\\\/\\\/lasentinelle.dz\\\/index.php\\\/2022\\\/04\\\/14\\\/sante-lamelioration-des-prestations-dans-le-sud-en-ligne-de-mire\\\/#primaryimage\"},\"thumbnailUrl\":\"https:\\\/\\\/lasentinelle.dz\\\/wp-content\\\/uploads\\\/2022\\\/04\\\/medecin.png\",\"datePublished\":\"2022-04-13T23:01:00+00:00\",\"breadcrumb\":{\"@id\":\"https:\\\/\\\/lasentinelle.dz\\\/index.php\\\/2022\\\/04\\\/14\\\/sante-lamelioration-des-prestations-dans-le-sud-en-ligne-de-mire\\\/#breadcrumb\"},\"inLanguage\":\"fr-FR\",\"potentialAction\":[{\"@type\":\"ReadAction\",\"target\":[\"https:\\\/\\\/lasentinelle.dz\\\/index.php\\\/2022\\\/04\\\/14\\\/sante-lamelioration-des-prestations-dans-le-sud-en-ligne-de-mire\\\/\"]}]},{\"@type\":\"ImageObject\",\"inLanguage\":\"fr-FR\",\"@id\":\"https:\\\/\\\/lasentinelle.dz\\\/index.php\\\/2022\\\/04\\\/14\\\/sante-lamelioration-des-prestations-dans-le-sud-en-ligne-de-mire\\\/#primaryimage\",\"url\":\"https:\\\/\\\/lasentinelle.dz\\\/wp-content\\\/uploads\\\/2022\\\/04\\\/medecin.png\",\"contentUrl\":\"https:\\\/\\\/lasentinelle.dz\\\/wp-content\\\/uploads\\\/2022\\\/04\\\/medecin.png\",\"width\":1491,\"height\":900},{\"@type\":\"BreadcrumbList\",\"@id\":\"https:\\\/\\\/lasentinelle.dz\\\/index.php\\\/2022\\\/04\\\/14\\\/sante-lamelioration-des-prestations-dans-le-sud-en-ligne-de-mire\\\/#breadcrumb\",\"itemListElement\":[{\"@type\":\"ListItem\",\"position\":1,\"name\":\"Accueil\",\"item\":\"https:\\\/\\\/lasentinelle.dz\\\/\"},{\"@type\":\"ListItem\",\"position\":2,\"name\":\"Sant\u00e9\u00a0: L\u2019am\u00e9lioration des prestations dans le Sud en ligne de mire\"}]},{\"@type\":\"WebSite\",\"@id\":\"https:\\\/\\\/lasentinelle.dz\\\/#website\",\"url\":\"https:\\\/\\\/lasentinelle.dz\\\/\",\"name\":\"La Sentinelle\",\"description\":\"Quotidien national d&#039;information\",\"publisher\":{\"@id\":\"https:\\\/\\\/lasentinelle.dz\\\/#organization\"},\"potentialAction\":[{\"@type\":\"SearchAction\",\"target\":{\"@type\":\"EntryPoint\",\"urlTemplate\":\"https:\\\/\\\/lasentinelle.dz\\\/?s={search_term_string}\"},\"query-input\":{\"@type\":\"PropertyValueSpecification\",\"valueRequired\":true,\"valueName\":\"search_term_string\"}}],\"inLanguage\":\"fr-FR\"},{\"@type\":\"Organization\",\"@id\":\"https:\\\/\\\/lasentinelle.dz\\\/#organization\",\"name\":\"Quotidien La Sentinelle\",\"url\":\"https:\\\/\\\/lasentinelle.dz\\\/\",\"logo\":{\"@type\":\"ImageObject\",\"inLanguage\":\"fr-FR\",\"@id\":\"https:\\\/\\\/lasentinelle.dz\\\/#\\\/schema\\\/logo\\\/image\\\/\",\"url\":\"https:\\\/\\\/lasentinelle.dz\\\/wp-content\\\/uploads\\\/2021\\\/09\\\/logo-sentinelleSLOGAN-1.png\",\"contentUrl\":\"https:\\\/\\\/lasentinelle.dz\\\/wp-content\\\/uploads\\\/2021\\\/09\\\/logo-sentinelleSLOGAN-1.png\",\"width\":615,\"height\":142,\"caption\":\"Quotidien La Sentinelle\"},\"image\":{\"@id\":\"https:\\\/\\\/lasentinelle.dz\\\/#\\\/schema\\\/logo\\\/image\\\/\"},\"sameAs\":[\"https:\\\/\\\/www.facebook.com\\\/La-Sentinelle-104059864394773\"]},{\"@type\":\"Person\",\"@id\":\"https:\\\/\\\/lasentinelle.dz\\\/#\\\/schema\\\/person\\\/d865044e22e70a75174ce8bcad3acfb3\",\"name\":\"La Sentinelle\",\"image\":{\"@type\":\"ImageObject\",\"inLanguage\":\"fr-FR\",\"@id\":\"https:\\\/\\\/secure.gravatar.com\\\/avatar\\\/57de8e5d4b15d43fb361a71fbb36338450fe67865b528a43dd10ef7c51a20392?s=96&d=mm&r=g\",\"url\":\"https:\\\/\\\/secure.gravatar.com\\\/avatar\\\/57de8e5d4b15d43fb361a71fbb36338450fe67865b528a43dd10ef7c51a20392?s=96&d=mm&r=g\",\"contentUrl\":\"https:\\\/\\\/secure.gravatar.com\\\/avatar\\\/57de8e5d4b15d43fb361a71fbb36338450fe67865b528a43dd10ef7c51a20392?s=96&d=mm&r=g\",\"caption\":\"La Sentinelle\"},\"sameAs\":[\"http:\\\/\\\/www.lasentinelle.dz\"],\"url\":\"https:\\\/\\\/lasentinelle.dz\\\/author\\\/redaction\\\/\"}]}<\/script>\n<!-- \/ Yoast SEO plugin. -->","yoast_head_json":{"title":"Sant\u00e9\u00a0: L\u2019am\u00e9lioration des prestations dans le Sud en ligne de mire - La Sentinelle","robots":{"index":"index","follow":"follow","max-snippet":"max-snippet:-1","max-image-preview":"max-image-preview:large","max-video-preview":"max-video-preview:-1"},"canonical":"https:\/\/lasentinelle.dz\/index.php\/2022\/04\/14\/sante-lamelioration-des-prestations-dans-le-sud-en-ligne-de-mire\/","og_locale":"fr_FR","og_type":"article","og_title":"Sant\u00e9\u00a0: L\u2019am\u00e9lioration des prestations dans le Sud en ligne de mire - La Sentinelle","og_description":"\u00ab La formation des m\u00e9decins g\u00e9n\u00e9ralistes issus des r\u00e9gions du sud et des Hauts-Plateaux dans les diff\u00e9rentes sp\u00e9cialit\u00e9s est n\u00e9cessaire","og_url":"https:\/\/lasentinelle.dz\/index.php\/2022\/04\/14\/sante-lamelioration-des-prestations-dans-le-sud-en-ligne-de-mire\/","og_site_name":"La Sentinelle","article_publisher":"https:\/\/www.facebook.com\/La-Sentinelle-104059864394773","article_published_time":"2022-04-13T23:01:00+00:00","og_image":[{"width":1491,"height":900,"url":"https:\/\/lasentinelle.dz\/wp-content\/uploads\/2022\/04\/medecin.png","type":"image\/png"}],"author":"La Sentinelle","twitter_card":"summary_large_image","twitter_misc":{"\u00c9crit par":"La Sentinelle","Dur\u00e9e de lecture estim\u00e9e":"3 minutes"},"schema":{"@context":"https:\/\/schema.org","@graph":[{"@type":"Article","@id":"https:\/\/lasentinelle.dz\/index.php\/2022\/04\/14\/sante-lamelioration-des-prestations-dans-le-sud-en-ligne-de-mire\/#article","isPartOf":{"@id":"https:\/\/lasentinelle.dz\/index.php\/2022\/04\/14\/sante-lamelioration-des-prestations-dans-le-sud-en-ligne-de-mire\/"},"author":{"name":"La Sentinelle","@id":"https:\/\/lasentinelle.dz\/#\/schema\/person\/d865044e22e70a75174ce8bcad3acfb3"},"headline":"Sant\u00e9\u00a0: L\u2019am\u00e9lioration des prestations dans le Sud en ligne de mire","datePublished":"2022-04-13T23:01:00+00:00","mainEntityOfPage":{"@id":"https:\/\/lasentinelle.dz\/index.php\/2022\/04\/14\/sante-lamelioration-des-prestations-dans-le-sud-en-ligne-de-mire\/"},"wordCount":566,"commentCount":0,"publisher":{"@id":"https:\/\/lasentinelle.dz\/#organization"},"image":{"@id":"https:\/\/lasentinelle.dz\/index.php\/2022\/04\/14\/sante-lamelioration-des-prestations-dans-le-sud-en-ligne-de-mire\/#primaryimage"},"thumbnailUrl":"https:\/\/lasentinelle.dz\/wp-content\/uploads\/2022\/04\/medecin.png","articleSection":["Actualit\u00e9"],"inLanguage":"fr-FR","potentialAction":[{"@type":"CommentAction","name":"Comment","target":["https:\/\/lasentinelle.dz\/index.php\/2022\/04\/14\/sante-lamelioration-des-prestations-dans-le-sud-en-ligne-de-mire\/#respond"]}]},{"@type":"WebPage","@id":"https:\/\/lasentinelle.dz\/index.php\/2022\/04\/14\/sante-lamelioration-des-prestations-dans-le-sud-en-ligne-de-mire\/","url":"https:\/\/lasentinelle.dz\/index.php\/2022\/04\/14\/sante-lamelioration-des-prestations-dans-le-sud-en-ligne-de-mire\/","name":"Sant\u00e9\u00a0: L\u2019am\u00e9lioration des prestations dans le Sud en ligne de mire - La Sentinelle","isPartOf":{"@id":"https:\/\/lasentinelle.dz\/#website"},"primaryImageOfPage":{"@id":"https:\/\/lasentinelle.dz\/index.php\/2022\/04\/14\/sante-lamelioration-des-prestations-dans-le-sud-en-ligne-de-mire\/#primaryimage"},"image":{"@id":"https:\/\/lasentinelle.dz\/index.php\/2022\/04\/14\/sante-lamelioration-des-prestations-dans-le-sud-en-ligne-de-mire\/#primaryimage"},"thumbnailUrl":"https:\/\/lasentinelle.dz\/wp-content\/uploads\/2022\/04\/medecin.png","datePublished":"2022-04-13T23:01:00+00:00","breadcrumb":{"@id":"https:\/\/lasentinelle.dz\/index.php\/2022\/04\/14\/sante-lamelioration-des-prestations-dans-le-sud-en-ligne-de-mire\/#breadcrumb"},"inLanguage":"fr-FR","potentialAction":[{"@type":"ReadAction","target":["https:\/\/lasentinelle.dz\/index.php\/2022\/04\/14\/sante-lamelioration-des-prestations-dans-le-sud-en-ligne-de-mire\/"]}]},{"@type":"ImageObject","inLanguage":"fr-FR","@id":"https:\/\/lasentinelle.dz\/index.php\/2022\/04\/14\/sante-lamelioration-des-prestations-dans-le-sud-en-ligne-de-mire\/#primaryimage","url":"https:\/\/lasentinelle.dz\/wp-content\/uploads\/2022\/04\/medecin.png","contentUrl":"https:\/\/lasentinelle.dz\/wp-content\/uploads\/2022\/04\/medecin.png","width":1491,"height":900},{"@type":"BreadcrumbList","@id":"https:\/\/lasentinelle.dz\/index.php\/2022\/04\/14\/sante-lamelioration-des-prestations-dans-le-sud-en-ligne-de-mire\/#breadcrumb","itemListElement":[{"@type":"ListItem","position":1,"name":"Accueil","item":"https:\/\/lasentinelle.dz\/"},{"@type":"ListItem","position":2,"name":"Sant\u00e9\u00a0: L\u2019am\u00e9lioration des prestations dans le Sud en ligne de mire"}]},{"@type":"WebSite","@id":"https:\/\/lasentinelle.dz\/#website","url":"https:\/\/lasentinelle.dz\/","name":"La Sentinelle","description":"Quotidien national d&#039;information","publisher":{"@id":"https:\/\/lasentinelle.dz\/#organization"},"potentialAction":[{"@type":"SearchAction","target":{"@type":"EntryPoint","urlTemplate":"https:\/\/lasentinelle.dz\/?s={search_term_string}"},"query-input":{"@type":"PropertyValueSpecification","valueRequired":true,"valueName":"search_term_string"}}],"inLanguage":"fr-FR"},{"@type":"Organization","@id":"https:\/\/lasentinelle.dz\/#organization","name":"Quotidien La Sentinelle","url":"https:\/\/lasentinelle.dz\/","logo":{"@type":"ImageObject","inLanguage":"fr-FR","@id":"https:\/\/lasentinelle.dz\/#\/schema\/logo\/image\/","url":"https:\/\/lasentinelle.dz\/wp-content\/uploads\/2021\/09\/logo-sentinelleSLOGAN-1.png","contentUrl":"https:\/\/lasentinelle.dz\/wp-content\/uploads\/2021\/09\/logo-sentinelleSLOGAN-1.png","width":615,"height":142,"caption":"Quotidien La Sentinelle"},"image":{"@id":"https:\/\/lasentinelle.dz\/#\/schema\/logo\/image\/"},"sameAs":["https:\/\/www.facebook.com\/La-Sentinelle-104059864394773"]},{"@type":"Person","@id":"https:\/\/lasentinelle.dz\/#\/schema\/person\/d865044e22e70a75174ce8bcad3acfb3","name":"La Sentinelle","image":{"@type":"ImageObject","inLanguage":"fr-FR","@id":"https:\/\/secure.gravatar.com\/avatar\/57de8e5d4b15d43fb361a71fbb36338450fe67865b528a43dd10ef7c51a20392?s=96&d=mm&r=g","url":"https:\/\/secure.gravatar.com\/avatar\/57de8e5d4b15d43fb361a71fbb36338450fe67865b528a43dd10ef7c51a20392?s=96&d=mm&r=g","contentUrl":"https:\/\/secure.gravatar.com\/avatar\/57de8e5d4b15d43fb361a71fbb36338450fe67865b528a43dd10ef7c51a20392?s=96&d=mm&r=g","caption":"La Sentinelle"},"sameAs":["http:\/\/www.lasentinelle.dz"],"url":"https:\/\/lasentinelle.dz\/author\/redaction\/"}]}},"_links":{"self":[{"href":"https:\/\/lasentinelle.dz\/index.php\/wp-json\/wp\/v2\/posts\/19829","targetHints":{"allow":["GET"]}}],"collection":[{"href":"https:\/\/lasentinelle.dz\/index.php\/wp-json\/wp\/v2\/posts"}],"about":[{"href":"https:\/\/lasentinelle.dz\/index.php\/wp-json\/wp\/v2\/types\/post"}],"author":[{"embeddable":true,"href":"https:\/\/lasentinelle.dz\/index.php\/wp-json\/wp\/v2\/users\/3"}],"replies":[{"embeddable":true,"href":"https:\/\/lasentinelle.dz\/index.php\/wp-json\/wp\/v2\/comments?post=19829"}],"version-history":[{"count":1,"href":"https:\/\/lasentinelle.dz\/index.php\/wp-json\/wp\/v2\/posts\/19829\/revisions"}],"predecessor-version":[{"id":19834,"href":"https:\/\/lasentinelle.dz\/index.php\/wp-json\/wp\/v2\/posts\/19829\/revisions\/19834"}],"wp:featuredmedia":[{"embeddable":true,"href":"https:\/\/lasentinelle.dz\/index.php\/wp-json\/wp\/v2\/media\/19833"}],"wp:attachment":[{"href":"https:\/\/lasentinelle.dz\/index.php\/wp-json\/wp\/v2\/media?parent=19829"}],"wp:term":[{"taxonomy":"category","embeddable":true,"href":"https:\/\/lasentinelle.dz\/index.php\/wp-json\/wp\/v2\/categories?post=19829"},{"taxonomy":"post_tag","embeddable":true,"href":"https:\/\/lasentinelle.dz\/index.php\/wp-json\/wp\/v2\/tags?post=19829"}],"curies":[{"name":"wp","href":"https:\/\/api.w.org\/{rel}","templated":true}]}}