{"id":19844,"date":"2022-04-14T00:01:00","date_gmt":"2022-04-13T23:01:00","guid":{"rendered":"https:\/\/lasentinelle.dz\/?p=19844"},"modified":"2022-04-13T18:30:51","modified_gmt":"2022-04-13T17:30:51","slug":"ahmed-mizab-expert-des-questions-geostrategiques-lonu-doit-prendre-des-mesures-concretes","status":"publish","type":"post","link":"https:\/\/lasentinelle.dz\/index.php\/2022\/04\/14\/ahmed-mizab-expert-des-questions-geostrategiques-lonu-doit-prendre-des-mesures-concretes\/","title":{"rendered":"Ahmed Mizab,\u00a0expert des questions g\u00e9ostrat\u00e9giques\u00a0: \u00ab\u00a0L\u2019Onu doit prendre des mesures concr\u00e8tes\u00a0\u00bb"},"content":{"rendered":"\n<p>\u00ab L\u2019analyse des \u00e9v\u00e8nements qui agitent actuellement la sc\u00e8ne internationale permet de constater que le monde s\u2019appr\u00eate \u00e0 vivre de profondes et radicales transformations pr\u00e9figurant d\u2019un nouvel ordre mondial \u00bb, a affirm\u00e9 hier lors de son passage dans une \u00e9mission de la Cha\u00eene Une de la radio nationale, l\u2019expert des questions g\u00e9ostrat\u00e9giques et g\u00e9opolitiques, Ahmed Mizab qui a recommand\u00e9, \u00e0 cet effet, de \u00ab s\u2019adapter \u00e0 ces grandes mutations et transformations qui sont d\u00e9sormais en cours \u00bb.&nbsp;&nbsp;S\u2019adapter \u00e0 ce nouveau contexte est vital, affirme-t-il, pour d\u2019abord notre s\u00e9curit\u00e9 nationale et puis pour rester en phase avec l\u2019\u00e9volution via nos propres strat\u00e9gies.&nbsp;Commentant les propos du Chef d\u2019Etat-major de l\u2019Arm\u00e9e nationale populaire, le&nbsp;G\u00e9n\u00e9ral&nbsp;de Corps d\u2019Arm\u00e9e&nbsp;Sa\u00efd Chanegriha qui a estim\u00e9 avant-hier, que l\u2019adaptation \u00e0 ce nouveau contexte est un examen qu\u2019on ne peut atteindre sans relever les d\u00e9fis du d\u00e9veloppement \u00e9conomique et de la souverainet\u00e9 alimentaire,&nbsp;&nbsp;M. Mizab a estim\u00e9 qu\u2019 \u00ab il est en effet indispensable de mettre en place une vision strat\u00e9gique nationale compl\u00e8te fond\u00e9e sur tous ces \u00e9l\u00e9ments pour pouvoir s\u2019adapter \u00e0 ces changements pr\u00e9figurant d\u2019une nouvelle donne mondiale \u00bb.<\/p>\n\n\n\n<p>Par ailleurs, dans sa m\u00eame intervention, l\u2019expert des questions g\u00e9ostrat\u00e9giques et g\u00e9opolitiques internationales n\u2019a pas manqu\u00e9 d\u2019aborder longuement la derni\u00e8res attaque du Makhzen qui ont vis\u00e9 des civils sur les fronti\u00e8res mauritaniennes. A ce sujet justement, M. Mizab a expliqu\u00e9 que \u00ab le r\u00e9gime marocain tente, par ces actes, de d\u00e9stabiliser la r\u00e9gion parce qu\u2019il est dans une impasse marqu\u00e9e par la perte de plusieurs cartes et la perte de ses principaux \u00e9quilibres \u00bb. \u00ab Des \u00e9quilibres,&nbsp;&nbsp;ajoute-t-il, le poussant \u00e0 mettre sa s\u00e9curit\u00e9 entre les mains de l\u2019entit\u00e9 sioniste qui le m\u00e8ne droit vers l\u2019impasse et le danger de d\u00e9sint\u00e9gration \u00e0 cause de cette d\u00e9marche d\u00e9raisonnable \u00bb.<\/p>\n\n\n\n<p>\u00ab Le Makhzen, par ses actes, se met en porte-\u00e0-faux avec le droit international \u00bb, explique Ahmed Mizab qui n\u2019a pas manqu\u00e9 de rappeler \u00ab les vis\u00e9es expansionnistes du royaume qui n\u2019a plus aucune souverainet\u00e9 dans ses d\u00e9cisions qui r\u00e9pondent \u00e0 des agendas&nbsp;&nbsp;tr\u00e8s dangereux pour toute la r\u00e9gion \u00bb. La r\u00e9union du&nbsp;Conseil de s\u00e9curit\u00e9 sur la question sahraouie qui voit ainsi le Makhzen gesticuler par ses actes irresponsables fait dire \u00e0 M. Mizab que \u00ab l\u2019ONU doit prendre des d\u00e9cisions concr\u00e8tes \u00e0 m\u00eame de faire avancer ce dossier qui devient de jour en jour dangereux sur la s\u00e9curit\u00e9 de la r\u00e9gion \u00bb. \u00ab Des d\u00e9cisions \u00e0 m\u00eame de mettre un terme aux d\u00e9passements de ce r\u00e9gime dans les territoires occup\u00e9s et qui permettent aussi de garantir le droit du peuple sahraoui \u00e0 son autod\u00e9termination \u00bb, fait-il remarquer.&nbsp;&nbsp;<\/p>\n\n\n\n<p>Le Makhzen, explique enfin l\u2019expert des questions g\u00e9ostrat\u00e9giques et g\u00e9opolitiques, finance les groupes terroristes via ses activit\u00e9s li\u00e9es au narcotrafic. \u00ab Une activit\u00e9 terroriste aid\u00e9e par le Maroc pour intenter \u00e0 la s\u00e9curit\u00e9 de l\u2019Alg\u00e9rie qui repose sur un front&nbsp;interne fort pour faire face \u00e0 toutes les situations amen\u00e9es par ce dossier et par le contexte international pr\u00e9valant actuellement \u00bb, pr\u00e9cise-t-il.&nbsp;&nbsp;<\/p>\n\n\n\n<p><strong>Akli Amor<\/strong><\/p>\n","protected":false},"excerpt":{"rendered":"<p>\u00ab L\u2019analyse des \u00e9v\u00e8nements qui agitent actuellement la sc\u00e8ne internationale permet de constater que le monde s\u2019appr\u00eate \u00e0 vivre de<\/p>\n","protected":false},"author":3,"featured_media":1616,"comment_status":"open","ping_status":"closed","sticky":false,"template":"","format":"standard","meta":{"colormag_page_container_layout":"default_layout","colormag_page_sidebar_layout":"default_layout","om_disable_all_campaigns":false,"_monsterinsights_skip_tracking":false,"_monsterinsights_sitenote_active":false,"_monsterinsights_sitenote_note":"","_monsterinsights_sitenote_category":0,"footnotes":"","_wpscppro_dont_share_socialmedia":false,"_wpscppro_custom_social_share_image":0,"_facebook_share_type":"","_twitter_share_type":"","_linkedin_share_type":"","_pinterest_share_type":"","_linkedin_share_type_page":"","_instagram_share_type":"","_medium_share_type":"","_threads_share_type":"","_google_business_share_type":"","_selected_social_profile":[],"_wpsp_enable_custom_social_template":false,"_wpsp_social_scheduling":{"enabled":false,"datetime":null,"platforms":[],"status":"template_only","dateOption":"today","timeOption":"now","customDays":"","customHours":"","customDate":"","customTime":"","schedulingType":"absolute"},"_wpsp_active_default_template":true},"categories":[27],"tags":[],"class_list":["post-19844","post","type-post","status-publish","format-standard","has-post-thumbnail","hentry","category-actualite"],"aioseo_notices":[],"yoast_head":"<!-- This site is optimized with the Yoast SEO plugin v27.4 - https:\/\/yoast.com\/product\/yoast-seo-wordpress\/ -->\n<title>Ahmed Mizab,\u00a0expert des questions g\u00e9ostrat\u00e9giques\u00a0: \u00ab\u00a0L\u2019Onu doit prendre des mesures concr\u00e8tes\u00a0\u00bb - La Sentinelle<\/title>\n<meta name=\"robots\" content=\"index, follow, max-snippet:-1, max-image-preview:large, max-video-preview:-1\" \/>\n<link rel=\"canonical\" href=\"https:\/\/lasentinelle.dz\/index.php\/2022\/04\/14\/ahmed-mizab-expert-des-questions-geostrategiques-lonu-doit-prendre-des-mesures-concretes\/\" \/>\n<meta property=\"og:locale\" content=\"fr_FR\" \/>\n<meta property=\"og:type\" content=\"article\" \/>\n<meta property=\"og:title\" content=\"Ahmed Mizab,\u00a0expert des questions g\u00e9ostrat\u00e9giques\u00a0: \u00ab\u00a0L\u2019Onu doit prendre des mesures concr\u00e8tes\u00a0\u00bb - La Sentinelle\" \/>\n<meta property=\"og:description\" content=\"\u00ab L\u2019analyse des \u00e9v\u00e8nements qui agitent actuellement la sc\u00e8ne internationale permet de constater que le monde s\u2019appr\u00eate \u00e0 vivre de\" \/>\n<meta property=\"og:url\" content=\"https:\/\/lasentinelle.dz\/index.php\/2022\/04\/14\/ahmed-mizab-expert-des-questions-geostrategiques-lonu-doit-prendre-des-mesures-concretes\/\" \/>\n<meta property=\"og:site_name\" content=\"La Sentinelle\" \/>\n<meta property=\"article:publisher\" content=\"https:\/\/www.facebook.com\/La-Sentinelle-104059864394773\" \/>\n<meta property=\"article:published_time\" content=\"2022-04-13T23:01:00+00:00\" \/>\n<meta property=\"og:image\" content=\"https:\/\/lasentinelle.dz\/wp-content\/uploads\/2021\/07\/ahmed-mizab.png\" \/>\n\t<meta property=\"og:image:width\" content=\"1602\" \/>\n\t<meta property=\"og:image:height\" content=\"900\" \/>\n\t<meta property=\"og:image:type\" content=\"image\/png\" \/>\n<meta name=\"author\" content=\"La Sentinelle\" \/>\n<meta name=\"twitter:card\" content=\"summary_large_image\" \/>\n<meta name=\"twitter:label1\" content=\"\u00c9crit par\" \/>\n\t<meta name=\"twitter:data1\" content=\"La Sentinelle\" \/>\n\t<meta name=\"twitter:label2\" content=\"Dur\u00e9e de lecture estim\u00e9e\" \/>\n\t<meta name=\"twitter:data2\" content=\"3 minutes\" \/>\n<script type=\"application\/ld+json\" class=\"yoast-schema-graph\">{\"@context\":\"https:\\\/\\\/schema.org\",\"@graph\":[{\"@type\":\"Article\",\"@id\":\"https:\\\/\\\/lasentinelle.dz\\\/index.php\\\/2022\\\/04\\\/14\\\/ahmed-mizab-expert-des-questions-geostrategiques-lonu-doit-prendre-des-mesures-concretes\\\/#article\",\"isPartOf\":{\"@id\":\"https:\\\/\\\/lasentinelle.dz\\\/index.php\\\/2022\\\/04\\\/14\\\/ahmed-mizab-expert-des-questions-geostrategiques-lonu-doit-prendre-des-mesures-concretes\\\/\"},\"author\":{\"name\":\"La Sentinelle\",\"@id\":\"https:\\\/\\\/lasentinelle.dz\\\/#\\\/schema\\\/person\\\/d865044e22e70a75174ce8bcad3acfb3\"},\"headline\":\"Ahmed Mizab,\u00a0expert des questions g\u00e9ostrat\u00e9giques\u00a0: \u00ab\u00a0L\u2019Onu doit prendre des mesures concr\u00e8tes\u00a0\u00bb\",\"datePublished\":\"2022-04-13T23:01:00+00:00\",\"mainEntityOfPage\":{\"@id\":\"https:\\\/\\\/lasentinelle.dz\\\/index.php\\\/2022\\\/04\\\/14\\\/ahmed-mizab-expert-des-questions-geostrategiques-lonu-doit-prendre-des-mesures-concretes\\\/\"},\"wordCount\":590,\"commentCount\":0,\"publisher\":{\"@id\":\"https:\\\/\\\/lasentinelle.dz\\\/#organization\"},\"image\":{\"@id\":\"https:\\\/\\\/lasentinelle.dz\\\/index.php\\\/2022\\\/04\\\/14\\\/ahmed-mizab-expert-des-questions-geostrategiques-lonu-doit-prendre-des-mesures-concretes\\\/#primaryimage\"},\"thumbnailUrl\":\"https:\\\/\\\/lasentinelle.dz\\\/wp-content\\\/uploads\\\/2021\\\/07\\\/ahmed-mizab.png\",\"articleSection\":[\"Actualit\u00e9\"],\"inLanguage\":\"fr-FR\",\"potentialAction\":[{\"@type\":\"CommentAction\",\"name\":\"Comment\",\"target\":[\"https:\\\/\\\/lasentinelle.dz\\\/index.php\\\/2022\\\/04\\\/14\\\/ahmed-mizab-expert-des-questions-geostrategiques-lonu-doit-prendre-des-mesures-concretes\\\/#respond\"]}]},{\"@type\":\"WebPage\",\"@id\":\"https:\\\/\\\/lasentinelle.dz\\\/index.php\\\/2022\\\/04\\\/14\\\/ahmed-mizab-expert-des-questions-geostrategiques-lonu-doit-prendre-des-mesures-concretes\\\/\",\"url\":\"https:\\\/\\\/lasentinelle.dz\\\/index.php\\\/2022\\\/04\\\/14\\\/ahmed-mizab-expert-des-questions-geostrategiques-lonu-doit-prendre-des-mesures-concretes\\\/\",\"name\":\"Ahmed Mizab,\u00a0expert des questions g\u00e9ostrat\u00e9giques\u00a0: \u00ab\u00a0L\u2019Onu doit prendre des mesures concr\u00e8tes\u00a0\u00bb - La Sentinelle\",\"isPartOf\":{\"@id\":\"https:\\\/\\\/lasentinelle.dz\\\/#website\"},\"primaryImageOfPage\":{\"@id\":\"https:\\\/\\\/lasentinelle.dz\\\/index.php\\\/2022\\\/04\\\/14\\\/ahmed-mizab-expert-des-questions-geostrategiques-lonu-doit-prendre-des-mesures-concretes\\\/#primaryimage\"},\"image\":{\"@id\":\"https:\\\/\\\/lasentinelle.dz\\\/index.php\\\/2022\\\/04\\\/14\\\/ahmed-mizab-expert-des-questions-geostrategiques-lonu-doit-prendre-des-mesures-concretes\\\/#primaryimage\"},\"thumbnailUrl\":\"https:\\\/\\\/lasentinelle.dz\\\/wp-content\\\/uploads\\\/2021\\\/07\\\/ahmed-mizab.png\",\"datePublished\":\"2022-04-13T23:01:00+00:00\",\"breadcrumb\":{\"@id\":\"https:\\\/\\\/lasentinelle.dz\\\/index.php\\\/2022\\\/04\\\/14\\\/ahmed-mizab-expert-des-questions-geostrategiques-lonu-doit-prendre-des-mesures-concretes\\\/#breadcrumb\"},\"inLanguage\":\"fr-FR\",\"potentialAction\":[{\"@type\":\"ReadAction\",\"target\":[\"https:\\\/\\\/lasentinelle.dz\\\/index.php\\\/2022\\\/04\\\/14\\\/ahmed-mizab-expert-des-questions-geostrategiques-lonu-doit-prendre-des-mesures-concretes\\\/\"]}]},{\"@type\":\"ImageObject\",\"inLanguage\":\"fr-FR\",\"@id\":\"https:\\\/\\\/lasentinelle.dz\\\/index.php\\\/2022\\\/04\\\/14\\\/ahmed-mizab-expert-des-questions-geostrategiques-lonu-doit-prendre-des-mesures-concretes\\\/#primaryimage\",\"url\":\"https:\\\/\\\/lasentinelle.dz\\\/wp-content\\\/uploads\\\/2021\\\/07\\\/ahmed-mizab.png\",\"contentUrl\":\"https:\\\/\\\/lasentinelle.dz\\\/wp-content\\\/uploads\\\/2021\\\/07\\\/ahmed-mizab.png\",\"width\":1602,\"height\":900},{\"@type\":\"BreadcrumbList\",\"@id\":\"https:\\\/\\\/lasentinelle.dz\\\/index.php\\\/2022\\\/04\\\/14\\\/ahmed-mizab-expert-des-questions-geostrategiques-lonu-doit-prendre-des-mesures-concretes\\\/#breadcrumb\",\"itemListElement\":[{\"@type\":\"ListItem\",\"position\":1,\"name\":\"Accueil\",\"item\":\"https:\\\/\\\/lasentinelle.dz\\\/\"},{\"@type\":\"ListItem\",\"position\":2,\"name\":\"Ahmed Mizab,\u00a0expert des questions g\u00e9ostrat\u00e9giques\u00a0: \u00ab\u00a0L\u2019Onu doit prendre des mesures concr\u00e8tes\u00a0\u00bb\"}]},{\"@type\":\"WebSite\",\"@id\":\"https:\\\/\\\/lasentinelle.dz\\\/#website\",\"url\":\"https:\\\/\\\/lasentinelle.dz\\\/\",\"name\":\"La Sentinelle\",\"description\":\"Quotidien national d&#039;information\",\"publisher\":{\"@id\":\"https:\\\/\\\/lasentinelle.dz\\\/#organization\"},\"potentialAction\":[{\"@type\":\"SearchAction\",\"target\":{\"@type\":\"EntryPoint\",\"urlTemplate\":\"https:\\\/\\\/lasentinelle.dz\\\/?s={search_term_string}\"},\"query-input\":{\"@type\":\"PropertyValueSpecification\",\"valueRequired\":true,\"valueName\":\"search_term_string\"}}],\"inLanguage\":\"fr-FR\"},{\"@type\":\"Organization\",\"@id\":\"https:\\\/\\\/lasentinelle.dz\\\/#organization\",\"name\":\"Quotidien La Sentinelle\",\"url\":\"https:\\\/\\\/lasentinelle.dz\\\/\",\"logo\":{\"@type\":\"ImageObject\",\"inLanguage\":\"fr-FR\",\"@id\":\"https:\\\/\\\/lasentinelle.dz\\\/#\\\/schema\\\/logo\\\/image\\\/\",\"url\":\"https:\\\/\\\/lasentinelle.dz\\\/wp-content\\\/uploads\\\/2021\\\/09\\\/logo-sentinelleSLOGAN-1.png\",\"contentUrl\":\"https:\\\/\\\/lasentinelle.dz\\\/wp-content\\\/uploads\\\/2021\\\/09\\\/logo-sentinelleSLOGAN-1.png\",\"width\":615,\"height\":142,\"caption\":\"Quotidien La Sentinelle\"},\"image\":{\"@id\":\"https:\\\/\\\/lasentinelle.dz\\\/#\\\/schema\\\/logo\\\/image\\\/\"},\"sameAs\":[\"https:\\\/\\\/www.facebook.com\\\/La-Sentinelle-104059864394773\"]},{\"@type\":\"Person\",\"@id\":\"https:\\\/\\\/lasentinelle.dz\\\/#\\\/schema\\\/person\\\/d865044e22e70a75174ce8bcad3acfb3\",\"name\":\"La Sentinelle\",\"image\":{\"@type\":\"ImageObject\",\"inLanguage\":\"fr-FR\",\"@id\":\"https:\\\/\\\/secure.gravatar.com\\\/avatar\\\/57de8e5d4b15d43fb361a71fbb36338450fe67865b528a43dd10ef7c51a20392?s=96&d=mm&r=g\",\"url\":\"https:\\\/\\\/secure.gravatar.com\\\/avatar\\\/57de8e5d4b15d43fb361a71fbb36338450fe67865b528a43dd10ef7c51a20392?s=96&d=mm&r=g\",\"contentUrl\":\"https:\\\/\\\/secure.gravatar.com\\\/avatar\\\/57de8e5d4b15d43fb361a71fbb36338450fe67865b528a43dd10ef7c51a20392?s=96&d=mm&r=g\",\"caption\":\"La Sentinelle\"},\"sameAs\":[\"http:\\\/\\\/www.lasentinelle.dz\"],\"url\":\"https:\\\/\\\/lasentinelle.dz\\\/author\\\/redaction\\\/\"}]}<\/script>\n<!-- \/ Yoast SEO plugin. -->","yoast_head_json":{"title":"Ahmed Mizab,\u00a0expert des questions g\u00e9ostrat\u00e9giques\u00a0: \u00ab\u00a0L\u2019Onu doit prendre des mesures concr\u00e8tes\u00a0\u00bb - La Sentinelle","robots":{"index":"index","follow":"follow","max-snippet":"max-snippet:-1","max-image-preview":"max-image-preview:large","max-video-preview":"max-video-preview:-1"},"canonical":"https:\/\/lasentinelle.dz\/index.php\/2022\/04\/14\/ahmed-mizab-expert-des-questions-geostrategiques-lonu-doit-prendre-des-mesures-concretes\/","og_locale":"fr_FR","og_type":"article","og_title":"Ahmed Mizab,\u00a0expert des questions g\u00e9ostrat\u00e9giques\u00a0: \u00ab\u00a0L\u2019Onu doit prendre des mesures concr\u00e8tes\u00a0\u00bb - La Sentinelle","og_description":"\u00ab L\u2019analyse des \u00e9v\u00e8nements qui agitent actuellement la sc\u00e8ne internationale permet de constater que le monde s\u2019appr\u00eate \u00e0 vivre de","og_url":"https:\/\/lasentinelle.dz\/index.php\/2022\/04\/14\/ahmed-mizab-expert-des-questions-geostrategiques-lonu-doit-prendre-des-mesures-concretes\/","og_site_name":"La Sentinelle","article_publisher":"https:\/\/www.facebook.com\/La-Sentinelle-104059864394773","article_published_time":"2022-04-13T23:01:00+00:00","og_image":[{"width":1602,"height":900,"url":"https:\/\/lasentinelle.dz\/wp-content\/uploads\/2021\/07\/ahmed-mizab.png","type":"image\/png"}],"author":"La Sentinelle","twitter_card":"summary_large_image","twitter_misc":{"\u00c9crit par":"La Sentinelle","Dur\u00e9e de lecture estim\u00e9e":"3 minutes"},"schema":{"@context":"https:\/\/schema.org","@graph":[{"@type":"Article","@id":"https:\/\/lasentinelle.dz\/index.php\/2022\/04\/14\/ahmed-mizab-expert-des-questions-geostrategiques-lonu-doit-prendre-des-mesures-concretes\/#article","isPartOf":{"@id":"https:\/\/lasentinelle.dz\/index.php\/2022\/04\/14\/ahmed-mizab-expert-des-questions-geostrategiques-lonu-doit-prendre-des-mesures-concretes\/"},"author":{"name":"La Sentinelle","@id":"https:\/\/lasentinelle.dz\/#\/schema\/person\/d865044e22e70a75174ce8bcad3acfb3"},"headline":"Ahmed Mizab,\u00a0expert des questions g\u00e9ostrat\u00e9giques\u00a0: \u00ab\u00a0L\u2019Onu doit prendre des mesures concr\u00e8tes\u00a0\u00bb","datePublished":"2022-04-13T23:01:00+00:00","mainEntityOfPage":{"@id":"https:\/\/lasentinelle.dz\/index.php\/2022\/04\/14\/ahmed-mizab-expert-des-questions-geostrategiques-lonu-doit-prendre-des-mesures-concretes\/"},"wordCount":590,"commentCount":0,"publisher":{"@id":"https:\/\/lasentinelle.dz\/#organization"},"image":{"@id":"https:\/\/lasentinelle.dz\/index.php\/2022\/04\/14\/ahmed-mizab-expert-des-questions-geostrategiques-lonu-doit-prendre-des-mesures-concretes\/#primaryimage"},"thumbnailUrl":"https:\/\/lasentinelle.dz\/wp-content\/uploads\/2021\/07\/ahmed-mizab.png","articleSection":["Actualit\u00e9"],"inLanguage":"fr-FR","potentialAction":[{"@type":"CommentAction","name":"Comment","target":["https:\/\/lasentinelle.dz\/index.php\/2022\/04\/14\/ahmed-mizab-expert-des-questions-geostrategiques-lonu-doit-prendre-des-mesures-concretes\/#respond"]}]},{"@type":"WebPage","@id":"https:\/\/lasentinelle.dz\/index.php\/2022\/04\/14\/ahmed-mizab-expert-des-questions-geostrategiques-lonu-doit-prendre-des-mesures-concretes\/","url":"https:\/\/lasentinelle.dz\/index.php\/2022\/04\/14\/ahmed-mizab-expert-des-questions-geostrategiques-lonu-doit-prendre-des-mesures-concretes\/","name":"Ahmed Mizab,\u00a0expert des questions g\u00e9ostrat\u00e9giques\u00a0: \u00ab\u00a0L\u2019Onu doit prendre des mesures concr\u00e8tes\u00a0\u00bb - La Sentinelle","isPartOf":{"@id":"https:\/\/lasentinelle.dz\/#website"},"primaryImageOfPage":{"@id":"https:\/\/lasentinelle.dz\/index.php\/2022\/04\/14\/ahmed-mizab-expert-des-questions-geostrategiques-lonu-doit-prendre-des-mesures-concretes\/#primaryimage"},"image":{"@id":"https:\/\/lasentinelle.dz\/index.php\/2022\/04\/14\/ahmed-mizab-expert-des-questions-geostrategiques-lonu-doit-prendre-des-mesures-concretes\/#primaryimage"},"thumbnailUrl":"https:\/\/lasentinelle.dz\/wp-content\/uploads\/2021\/07\/ahmed-mizab.png","datePublished":"2022-04-13T23:01:00+00:00","breadcrumb":{"@id":"https:\/\/lasentinelle.dz\/index.php\/2022\/04\/14\/ahmed-mizab-expert-des-questions-geostrategiques-lonu-doit-prendre-des-mesures-concretes\/#breadcrumb"},"inLanguage":"fr-FR","potentialAction":[{"@type":"ReadAction","target":["https:\/\/lasentinelle.dz\/index.php\/2022\/04\/14\/ahmed-mizab-expert-des-questions-geostrategiques-lonu-doit-prendre-des-mesures-concretes\/"]}]},{"@type":"ImageObject","inLanguage":"fr-FR","@id":"https:\/\/lasentinelle.dz\/index.php\/2022\/04\/14\/ahmed-mizab-expert-des-questions-geostrategiques-lonu-doit-prendre-des-mesures-concretes\/#primaryimage","url":"https:\/\/lasentinelle.dz\/wp-content\/uploads\/2021\/07\/ahmed-mizab.png","contentUrl":"https:\/\/lasentinelle.dz\/wp-content\/uploads\/2021\/07\/ahmed-mizab.png","width":1602,"height":900},{"@type":"BreadcrumbList","@id":"https:\/\/lasentinelle.dz\/index.php\/2022\/04\/14\/ahmed-mizab-expert-des-questions-geostrategiques-lonu-doit-prendre-des-mesures-concretes\/#breadcrumb","itemListElement":[{"@type":"ListItem","position":1,"name":"Accueil","item":"https:\/\/lasentinelle.dz\/"},{"@type":"ListItem","position":2,"name":"Ahmed Mizab,\u00a0expert des questions g\u00e9ostrat\u00e9giques\u00a0: \u00ab\u00a0L\u2019Onu doit prendre des mesures concr\u00e8tes\u00a0\u00bb"}]},{"@type":"WebSite","@id":"https:\/\/lasentinelle.dz\/#website","url":"https:\/\/lasentinelle.dz\/","name":"La Sentinelle","description":"Quotidien national d&#039;information","publisher":{"@id":"https:\/\/lasentinelle.dz\/#organization"},"potentialAction":[{"@type":"SearchAction","target":{"@type":"EntryPoint","urlTemplate":"https:\/\/lasentinelle.dz\/?s={search_term_string}"},"query-input":{"@type":"PropertyValueSpecification","valueRequired":true,"valueName":"search_term_string"}}],"inLanguage":"fr-FR"},{"@type":"Organization","@id":"https:\/\/lasentinelle.dz\/#organization","name":"Quotidien La Sentinelle","url":"https:\/\/lasentinelle.dz\/","logo":{"@type":"ImageObject","inLanguage":"fr-FR","@id":"https:\/\/lasentinelle.dz\/#\/schema\/logo\/image\/","url":"https:\/\/lasentinelle.dz\/wp-content\/uploads\/2021\/09\/logo-sentinelleSLOGAN-1.png","contentUrl":"https:\/\/lasentinelle.dz\/wp-content\/uploads\/2021\/09\/logo-sentinelleSLOGAN-1.png","width":615,"height":142,"caption":"Quotidien La Sentinelle"},"image":{"@id":"https:\/\/lasentinelle.dz\/#\/schema\/logo\/image\/"},"sameAs":["https:\/\/www.facebook.com\/La-Sentinelle-104059864394773"]},{"@type":"Person","@id":"https:\/\/lasentinelle.dz\/#\/schema\/person\/d865044e22e70a75174ce8bcad3acfb3","name":"La Sentinelle","image":{"@type":"ImageObject","inLanguage":"fr-FR","@id":"https:\/\/secure.gravatar.com\/avatar\/57de8e5d4b15d43fb361a71fbb36338450fe67865b528a43dd10ef7c51a20392?s=96&d=mm&r=g","url":"https:\/\/secure.gravatar.com\/avatar\/57de8e5d4b15d43fb361a71fbb36338450fe67865b528a43dd10ef7c51a20392?s=96&d=mm&r=g","contentUrl":"https:\/\/secure.gravatar.com\/avatar\/57de8e5d4b15d43fb361a71fbb36338450fe67865b528a43dd10ef7c51a20392?s=96&d=mm&r=g","caption":"La Sentinelle"},"sameAs":["http:\/\/www.lasentinelle.dz"],"url":"https:\/\/lasentinelle.dz\/author\/redaction\/"}]}},"_links":{"self":[{"href":"https:\/\/lasentinelle.dz\/index.php\/wp-json\/wp\/v2\/posts\/19844","targetHints":{"allow":["GET"]}}],"collection":[{"href":"https:\/\/lasentinelle.dz\/index.php\/wp-json\/wp\/v2\/posts"}],"about":[{"href":"https:\/\/lasentinelle.dz\/index.php\/wp-json\/wp\/v2\/types\/post"}],"author":[{"embeddable":true,"href":"https:\/\/lasentinelle.dz\/index.php\/wp-json\/wp\/v2\/users\/3"}],"replies":[{"embeddable":true,"href":"https:\/\/lasentinelle.dz\/index.php\/wp-json\/wp\/v2\/comments?post=19844"}],"version-history":[{"count":1,"href":"https:\/\/lasentinelle.dz\/index.php\/wp-json\/wp\/v2\/posts\/19844\/revisions"}],"predecessor-version":[{"id":19847,"href":"https:\/\/lasentinelle.dz\/index.php\/wp-json\/wp\/v2\/posts\/19844\/revisions\/19847"}],"wp:featuredmedia":[{"embeddable":true,"href":"https:\/\/lasentinelle.dz\/index.php\/wp-json\/wp\/v2\/media\/1616"}],"wp:attachment":[{"href":"https:\/\/lasentinelle.dz\/index.php\/wp-json\/wp\/v2\/media?parent=19844"}],"wp:term":[{"taxonomy":"category","embeddable":true,"href":"https:\/\/lasentinelle.dz\/index.php\/wp-json\/wp\/v2\/categories?post=19844"},{"taxonomy":"post_tag","embeddable":true,"href":"https:\/\/lasentinelle.dz\/index.php\/wp-json\/wp\/v2\/tags?post=19844"}],"curies":[{"name":"wp","href":"https:\/\/api.w.org\/{rel}","templated":true}]}}