{"id":19852,"date":"2022-04-14T00:05:00","date_gmt":"2022-04-13T23:05:00","guid":{"rendered":"https:\/\/lasentinelle.dz\/?p=19852"},"modified":"2022-04-13T19:02:57","modified_gmt":"2022-04-13T18:02:57","slug":"le-chef-de-letat-major-de-lanp-en-visite-au-commandement-des-forces-aeriennes-de-limportance-de-la-superiorite-de-nos-forces-armees","status":"publish","type":"post","link":"https:\/\/lasentinelle.dz\/index.php\/2022\/04\/14\/le-chef-de-letat-major-de-lanp-en-visite-au-commandement-des-forces-aeriennes-de-limportance-de-la-superiorite-de-nos-forces-armees\/","title":{"rendered":"Le chef de l\u2019\u00c9tat-major de l\u2019ANP en visite au commandement des Forces a\u00e9riennes\u00a0: De l\u2019importance de la sup\u00e9riorit\u00e9 de nos forces arm\u00e9es"},"content":{"rendered":"\n<p>La sup\u00e9riorit\u00e9 a\u00e9rienne de nos forces arm\u00e9es est une \u00ab&nbsp;exigence op\u00e9rationnelle de tr\u00e8s grande importance&nbsp;\u00bb, a soulign\u00e9 hier le Chef de l\u2019\u00c9tat-Major de l\u2019Arm\u00e9e nationale populaire, le G\u00e9n\u00e9ral de Corps d\u2019Arm\u00e9e Said Chanegriha.&nbsp;<\/p>\n\n\n\n<p>Poursuivant ces visites au sein des diff\u00e9rentes r\u00e9gions militaires et commandements des forces arm\u00e9es, en ce mois de Ramadhan, le Chef de l\u2019\u00c9tat-Major de l\u2019ANP s\u2019est rendu hier au commandement des forces a\u00e9riennes. L\u2019occasion de mettre, une nouvelle fois, en avant la n\u00e9cessaires adaptation des forces arm\u00e9es aux d\u00e9fis de l\u2019heure et aux \u00e9volutions g\u00e9ostrat\u00e9giques. Une adaptation assur\u00e9e par la formation et le rehaussement des capacit\u00e9s de l\u2019ANP. C\u2019est dans ce contexte que le G\u00e9n\u00e9ral de Corps d\u2019Arm\u00e9e Said Chanegriha a soulign\u00e9 l\u2019importance de la sup\u00e9riorit\u00e9 a\u00e9rienne de nos forces arm\u00e9es, notamment dans le contexte g\u00e9opolitique actuel. Une question qui toujours \u00e9t\u00e9 au centre des priorit\u00e9 et qui b\u00e9n\u00e9ficier de tout l\u2019int\u00e9r\u00eat des hautes autorit\u00e9s du pays. \u00ab&nbsp;Partant du principe que la sup\u00e9riorit\u00e9 a\u00e9rienne est une exigence op\u00e9rationnelle d&rsquo;une tr\u00e8s haute importance pour notre pays, nous lui avons r\u00e9serv\u00e9 tout l&rsquo;int\u00e9r\u00eat n\u00e9cessaire, conform\u00e9ment aux orientations de Monsieur Abdelmadjid Tebboune, pr\u00e9sident de la R\u00e9publique, Chef Supr\u00eame des Forces arm\u00e9es, ministre de la D\u00e9fense nationale, \u00e0 travers la formation qualitative de la ressource humaine, et la mise \u00e0 disposition des \u00e9quipements modernes&nbsp;\u00bb, a indiqu\u00e9 le Chef de l\u2019\u00c9tat-major de l\u2019ANP&nbsp;lors d&rsquo;une rencontre avec les cadres et les personnels du Commandement des Forces a\u00e9riennes.&nbsp;&nbsp;Celui-ci a affirm\u00e9 lors de l\u2019allocution d\u2019orientation qu\u2019il a prononc\u00e9 lors de cette rencontre que \u00ab&nbsp;les d\u00e9marches que nous entreprenons en permanence, dans le cadre du rehaussement des capacit\u00e9s du corps de bataille de l&rsquo;ANP et du renforcement de l&rsquo;interop\u00e9rabilit\u00e9 interarmes et inter-forces, exigent de nous, aujourd&rsquo;hui, plus que jamais, de veiller \u00e0 l&rsquo;adaptation continue des formations de nos Forces arm\u00e9es aux \u00e9volutions g\u00e9ostrat\u00e9giques qui s&rsquo;op\u00e8rent sur les sc\u00e8nes r\u00e9gionale et internationale&nbsp;\u00bb.<\/p>\n\n\n\n<p>Le G\u00e9n\u00e9ral de Corps d&rsquo;Arm\u00e9e&nbsp;Said Chanegriha&nbsp;a soulign\u00e9 en outre que&nbsp;\u00ab&nbsp;a ma\u00eetrise du mat\u00e9riel moderne et son int\u00e9gration dans le corps de bataille, permettront la concr\u00e9tisation des objectifs fix\u00e9s&nbsp;\u00bb, exhortant \u00e0 ce titre&nbsp;\u00ab&nbsp;les cadres et les personnels \u00e0 accorder aux missions assign\u00e9es en ce sens tout l&rsquo;int\u00e9r\u00eat voulu&nbsp;\u00bb.&nbsp;\u00ab&nbsp;La ma\u00eetrise et l&rsquo;int\u00e9gration de ce mat\u00e9riel moderne dans le corps de bataille, ainsi que l&rsquo;exploitation idoine des \u00e9quipements sophistiqu\u00e9s mis \u00e0 disposition, permettront la concr\u00e9tisation des objectifs fix\u00e9s, \u00e0 l&rsquo;instar de la mont\u00e9e en puissance des capacit\u00e9s op\u00e9rationnelles des unit\u00e9s a\u00e9riennes et la consolidation des aptitudes des cadres dans les domaines de planification, de pr\u00e9paration et d&rsquo;ex\u00e9cution&nbsp;\u00bb, a relev\u00e9 le&nbsp;Chef de l\u2019\u00c9tat-major de l\u2019ANP.<\/p>\n\n\n\n<p>\u00ab&nbsp;Je tiens \u00e0 saisir cette occasion, pour vous exhorter en tant que cadres et personnels des Forces a\u00e9riennes, \u00e0 accorder aux missions assign\u00e9es tout l&rsquo;int\u00e9r\u00eat voulu, en les assumant aux mieux et en temps opportun et r\u00e9el, pour atteindre le rendement \u00e9lev\u00e9 attendu, quelles que soient les conditions et les circonstances&nbsp;\u00bb, a-t-il ajout\u00e9.&nbsp;A l\u2019issue de cette rencontre, le G\u00e9n\u00e9ral de Corps d&rsquo;Arm\u00e9e a donn\u00e9 un ensemble d&rsquo;orientations et d\u2019instructions, visant l\u2019optimisation du rendement des Forces a\u00e9riennes, de m\u00eame qu&rsquo;il a accord\u00e9 la parole aux cadres, pour exprimer leurs pr\u00e9occupations et propositions.&nbsp;&nbsp;<\/p>\n\n\n\n<p><strong>Chokri Hafed<\/strong><\/p>\n","protected":false},"excerpt":{"rendered":"<p>La sup\u00e9riorit\u00e9 a\u00e9rienne de nos forces arm\u00e9es est une \u00ab&nbsp;exigence op\u00e9rationnelle de tr\u00e8s grande importance&nbsp;\u00bb, a soulign\u00e9 hier le Chef<\/p>\n","protected":false},"author":3,"featured_media":19853,"comment_status":"open","ping_status":"closed","sticky":false,"template":"","format":"standard","meta":{"colormag_page_container_layout":"default_layout","colormag_page_sidebar_layout":"default_layout","om_disable_all_campaigns":false,"_monsterinsights_skip_tracking":false,"_monsterinsights_sitenote_active":false,"_monsterinsights_sitenote_note":"","_monsterinsights_sitenote_category":0,"footnotes":"","_wpscppro_dont_share_socialmedia":false,"_wpscppro_custom_social_share_image":0,"_facebook_share_type":"","_twitter_share_type":"","_linkedin_share_type":"","_pinterest_share_type":"","_linkedin_share_type_page":"","_instagram_share_type":"","_medium_share_type":"","_threads_share_type":"","_google_business_share_type":"","_selected_social_profile":[],"_wpsp_enable_custom_social_template":false,"_wpsp_social_scheduling":{"enabled":false,"datetime":null,"platforms":[],"status":"template_only","dateOption":"today","timeOption":"now","customDays":"","customHours":"","customDate":"","customTime":"","schedulingType":"absolute"},"_wpsp_active_default_template":true},"categories":[52,27],"tags":[],"class_list":["post-19852","post","type-post","status-publish","format-standard","has-post-thumbnail","hentry","category-a-la-une","category-actualite"],"aioseo_notices":[],"yoast_head":"<!-- This site is optimized with the Yoast SEO plugin v27.5 - https:\/\/yoast.com\/product\/yoast-seo-wordpress\/ -->\n<title>Le chef de l\u2019\u00c9tat-major de l\u2019ANP en visite au commandement des Forces a\u00e9riennes\u00a0: De l\u2019importance de la sup\u00e9riorit\u00e9 de nos forces arm\u00e9es - La Sentinelle<\/title>\n<meta name=\"robots\" content=\"index, follow, max-snippet:-1, max-image-preview:large, max-video-preview:-1\" \/>\n<link rel=\"canonical\" href=\"https:\/\/lasentinelle.dz\/index.php\/2022\/04\/14\/le-chef-de-letat-major-de-lanp-en-visite-au-commandement-des-forces-aeriennes-de-limportance-de-la-superiorite-de-nos-forces-armees\/\" \/>\n<meta property=\"og:locale\" content=\"fr_FR\" \/>\n<meta property=\"og:type\" content=\"article\" \/>\n<meta property=\"og:title\" content=\"Le chef de l\u2019\u00c9tat-major de l\u2019ANP en visite au commandement des Forces a\u00e9riennes\u00a0: De l\u2019importance de la sup\u00e9riorit\u00e9 de nos forces arm\u00e9es - La Sentinelle\" \/>\n<meta property=\"og:description\" content=\"La sup\u00e9riorit\u00e9 a\u00e9rienne de nos forces arm\u00e9es est une \u00ab&nbsp;exigence op\u00e9rationnelle de tr\u00e8s grande importance&nbsp;\u00bb, a soulign\u00e9 hier le Chef\" \/>\n<meta property=\"og:url\" content=\"https:\/\/lasentinelle.dz\/index.php\/2022\/04\/14\/le-chef-de-letat-major-de-lanp-en-visite-au-commandement-des-forces-aeriennes-de-limportance-de-la-superiorite-de-nos-forces-armees\/\" \/>\n<meta property=\"og:site_name\" content=\"La Sentinelle\" \/>\n<meta property=\"article:publisher\" content=\"https:\/\/www.facebook.com\/La-Sentinelle-104059864394773\" \/>\n<meta property=\"article:published_time\" content=\"2022-04-13T23:05:00+00:00\" \/>\n<meta property=\"og:image\" content=\"https:\/\/lasentinelle.dz\/wp-content\/uploads\/2022\/04\/chane-encore.png\" \/>\n\t<meta property=\"og:image:width\" content=\"450\" \/>\n\t<meta property=\"og:image:height\" content=\"300\" \/>\n\t<meta property=\"og:image:type\" content=\"image\/png\" \/>\n<meta name=\"author\" content=\"La Sentinelle\" \/>\n<meta name=\"twitter:card\" content=\"summary_large_image\" \/>\n<meta name=\"twitter:label1\" content=\"\u00c9crit par\" \/>\n\t<meta name=\"twitter:data1\" content=\"La Sentinelle\" \/>\n\t<meta name=\"twitter:label2\" content=\"Dur\u00e9e de lecture estim\u00e9e\" \/>\n\t<meta name=\"twitter:data2\" content=\"3 minutes\" \/>\n<script type=\"application\/ld+json\" class=\"yoast-schema-graph\">{\"@context\":\"https:\\\/\\\/schema.org\",\"@graph\":[{\"@type\":\"Article\",\"@id\":\"https:\\\/\\\/lasentinelle.dz\\\/index.php\\\/2022\\\/04\\\/14\\\/le-chef-de-letat-major-de-lanp-en-visite-au-commandement-des-forces-aeriennes-de-limportance-de-la-superiorite-de-nos-forces-armees\\\/#article\",\"isPartOf\":{\"@id\":\"https:\\\/\\\/lasentinelle.dz\\\/index.php\\\/2022\\\/04\\\/14\\\/le-chef-de-letat-major-de-lanp-en-visite-au-commandement-des-forces-aeriennes-de-limportance-de-la-superiorite-de-nos-forces-armees\\\/\"},\"author\":{\"name\":\"La Sentinelle\",\"@id\":\"https:\\\/\\\/lasentinelle.dz\\\/#\\\/schema\\\/person\\\/d865044e22e70a75174ce8bcad3acfb3\"},\"headline\":\"Le chef de l\u2019\u00c9tat-major de l\u2019ANP en visite au commandement des Forces a\u00e9riennes\u00a0: De l\u2019importance de la sup\u00e9riorit\u00e9 de nos forces arm\u00e9es\",\"datePublished\":\"2022-04-13T23:05:00+00:00\",\"mainEntityOfPage\":{\"@id\":\"https:\\\/\\\/lasentinelle.dz\\\/index.php\\\/2022\\\/04\\\/14\\\/le-chef-de-letat-major-de-lanp-en-visite-au-commandement-des-forces-aeriennes-de-limportance-de-la-superiorite-de-nos-forces-armees\\\/\"},\"wordCount\":696,\"commentCount\":0,\"publisher\":{\"@id\":\"https:\\\/\\\/lasentinelle.dz\\\/#organization\"},\"image\":{\"@id\":\"https:\\\/\\\/lasentinelle.dz\\\/index.php\\\/2022\\\/04\\\/14\\\/le-chef-de-letat-major-de-lanp-en-visite-au-commandement-des-forces-aeriennes-de-limportance-de-la-superiorite-de-nos-forces-armees\\\/#primaryimage\"},\"thumbnailUrl\":\"https:\\\/\\\/lasentinelle.dz\\\/wp-content\\\/uploads\\\/2022\\\/04\\\/chane-encore.png\",\"articleSection\":[\"\u00c0 la Une\",\"Actualit\u00e9\"],\"inLanguage\":\"fr-FR\",\"potentialAction\":[{\"@type\":\"CommentAction\",\"name\":\"Comment\",\"target\":[\"https:\\\/\\\/lasentinelle.dz\\\/index.php\\\/2022\\\/04\\\/14\\\/le-chef-de-letat-major-de-lanp-en-visite-au-commandement-des-forces-aeriennes-de-limportance-de-la-superiorite-de-nos-forces-armees\\\/#respond\"]}]},{\"@type\":\"WebPage\",\"@id\":\"https:\\\/\\\/lasentinelle.dz\\\/index.php\\\/2022\\\/04\\\/14\\\/le-chef-de-letat-major-de-lanp-en-visite-au-commandement-des-forces-aeriennes-de-limportance-de-la-superiorite-de-nos-forces-armees\\\/\",\"url\":\"https:\\\/\\\/lasentinelle.dz\\\/index.php\\\/2022\\\/04\\\/14\\\/le-chef-de-letat-major-de-lanp-en-visite-au-commandement-des-forces-aeriennes-de-limportance-de-la-superiorite-de-nos-forces-armees\\\/\",\"name\":\"Le chef de l\u2019\u00c9tat-major de l\u2019ANP en visite au commandement des Forces a\u00e9riennes\u00a0: De l\u2019importance de la sup\u00e9riorit\u00e9 de nos forces arm\u00e9es - La Sentinelle\",\"isPartOf\":{\"@id\":\"https:\\\/\\\/lasentinelle.dz\\\/#website\"},\"primaryImageOfPage\":{\"@id\":\"https:\\\/\\\/lasentinelle.dz\\\/index.php\\\/2022\\\/04\\\/14\\\/le-chef-de-letat-major-de-lanp-en-visite-au-commandement-des-forces-aeriennes-de-limportance-de-la-superiorite-de-nos-forces-armees\\\/#primaryimage\"},\"image\":{\"@id\":\"https:\\\/\\\/lasentinelle.dz\\\/index.php\\\/2022\\\/04\\\/14\\\/le-chef-de-letat-major-de-lanp-en-visite-au-commandement-des-forces-aeriennes-de-limportance-de-la-superiorite-de-nos-forces-armees\\\/#primaryimage\"},\"thumbnailUrl\":\"https:\\\/\\\/lasentinelle.dz\\\/wp-content\\\/uploads\\\/2022\\\/04\\\/chane-encore.png\",\"datePublished\":\"2022-04-13T23:05:00+00:00\",\"breadcrumb\":{\"@id\":\"https:\\\/\\\/lasentinelle.dz\\\/index.php\\\/2022\\\/04\\\/14\\\/le-chef-de-letat-major-de-lanp-en-visite-au-commandement-des-forces-aeriennes-de-limportance-de-la-superiorite-de-nos-forces-armees\\\/#breadcrumb\"},\"inLanguage\":\"fr-FR\",\"potentialAction\":[{\"@type\":\"ReadAction\",\"target\":[\"https:\\\/\\\/lasentinelle.dz\\\/index.php\\\/2022\\\/04\\\/14\\\/le-chef-de-letat-major-de-lanp-en-visite-au-commandement-des-forces-aeriennes-de-limportance-de-la-superiorite-de-nos-forces-armees\\\/\"]}]},{\"@type\":\"ImageObject\",\"inLanguage\":\"fr-FR\",\"@id\":\"https:\\\/\\\/lasentinelle.dz\\\/index.php\\\/2022\\\/04\\\/14\\\/le-chef-de-letat-major-de-lanp-en-visite-au-commandement-des-forces-aeriennes-de-limportance-de-la-superiorite-de-nos-forces-armees\\\/#primaryimage\",\"url\":\"https:\\\/\\\/lasentinelle.dz\\\/wp-content\\\/uploads\\\/2022\\\/04\\\/chane-encore.png\",\"contentUrl\":\"https:\\\/\\\/lasentinelle.dz\\\/wp-content\\\/uploads\\\/2022\\\/04\\\/chane-encore.png\",\"width\":450,\"height\":300},{\"@type\":\"BreadcrumbList\",\"@id\":\"https:\\\/\\\/lasentinelle.dz\\\/index.php\\\/2022\\\/04\\\/14\\\/le-chef-de-letat-major-de-lanp-en-visite-au-commandement-des-forces-aeriennes-de-limportance-de-la-superiorite-de-nos-forces-armees\\\/#breadcrumb\",\"itemListElement\":[{\"@type\":\"ListItem\",\"position\":1,\"name\":\"Accueil\",\"item\":\"https:\\\/\\\/lasentinelle.dz\\\/\"},{\"@type\":\"ListItem\",\"position\":2,\"name\":\"Le chef de l\u2019\u00c9tat-major de l\u2019ANP en visite au commandement des Forces a\u00e9riennes\u00a0: De l\u2019importance de la sup\u00e9riorit\u00e9 de nos forces arm\u00e9es\"}]},{\"@type\":\"WebSite\",\"@id\":\"https:\\\/\\\/lasentinelle.dz\\\/#website\",\"url\":\"https:\\\/\\\/lasentinelle.dz\\\/\",\"name\":\"La Sentinelle\",\"description\":\"Quotidien national d&#039;information\",\"publisher\":{\"@id\":\"https:\\\/\\\/lasentinelle.dz\\\/#organization\"},\"potentialAction\":[{\"@type\":\"SearchAction\",\"target\":{\"@type\":\"EntryPoint\",\"urlTemplate\":\"https:\\\/\\\/lasentinelle.dz\\\/?s={search_term_string}\"},\"query-input\":{\"@type\":\"PropertyValueSpecification\",\"valueRequired\":true,\"valueName\":\"search_term_string\"}}],\"inLanguage\":\"fr-FR\"},{\"@type\":\"Organization\",\"@id\":\"https:\\\/\\\/lasentinelle.dz\\\/#organization\",\"name\":\"Quotidien La Sentinelle\",\"url\":\"https:\\\/\\\/lasentinelle.dz\\\/\",\"logo\":{\"@type\":\"ImageObject\",\"inLanguage\":\"fr-FR\",\"@id\":\"https:\\\/\\\/lasentinelle.dz\\\/#\\\/schema\\\/logo\\\/image\\\/\",\"url\":\"https:\\\/\\\/lasentinelle.dz\\\/wp-content\\\/uploads\\\/2021\\\/09\\\/logo-sentinelleSLOGAN-1.png\",\"contentUrl\":\"https:\\\/\\\/lasentinelle.dz\\\/wp-content\\\/uploads\\\/2021\\\/09\\\/logo-sentinelleSLOGAN-1.png\",\"width\":615,\"height\":142,\"caption\":\"Quotidien La Sentinelle\"},\"image\":{\"@id\":\"https:\\\/\\\/lasentinelle.dz\\\/#\\\/schema\\\/logo\\\/image\\\/\"},\"sameAs\":[\"https:\\\/\\\/www.facebook.com\\\/La-Sentinelle-104059864394773\"]},{\"@type\":\"Person\",\"@id\":\"https:\\\/\\\/lasentinelle.dz\\\/#\\\/schema\\\/person\\\/d865044e22e70a75174ce8bcad3acfb3\",\"name\":\"La Sentinelle\",\"image\":{\"@type\":\"ImageObject\",\"inLanguage\":\"fr-FR\",\"@id\":\"https:\\\/\\\/secure.gravatar.com\\\/avatar\\\/57de8e5d4b15d43fb361a71fbb36338450fe67865b528a43dd10ef7c51a20392?s=96&d=mm&r=g\",\"url\":\"https:\\\/\\\/secure.gravatar.com\\\/avatar\\\/57de8e5d4b15d43fb361a71fbb36338450fe67865b528a43dd10ef7c51a20392?s=96&d=mm&r=g\",\"contentUrl\":\"https:\\\/\\\/secure.gravatar.com\\\/avatar\\\/57de8e5d4b15d43fb361a71fbb36338450fe67865b528a43dd10ef7c51a20392?s=96&d=mm&r=g\",\"caption\":\"La Sentinelle\"},\"sameAs\":[\"http:\\\/\\\/www.lasentinelle.dz\"],\"url\":\"https:\\\/\\\/lasentinelle.dz\\\/author\\\/redaction\\\/\"}]}<\/script>\n<!-- \/ Yoast SEO plugin. -->","yoast_head_json":{"title":"Le chef de l\u2019\u00c9tat-major de l\u2019ANP en visite au commandement des Forces a\u00e9riennes\u00a0: De l\u2019importance de la sup\u00e9riorit\u00e9 de nos forces arm\u00e9es - La Sentinelle","robots":{"index":"index","follow":"follow","max-snippet":"max-snippet:-1","max-image-preview":"max-image-preview:large","max-video-preview":"max-video-preview:-1"},"canonical":"https:\/\/lasentinelle.dz\/index.php\/2022\/04\/14\/le-chef-de-letat-major-de-lanp-en-visite-au-commandement-des-forces-aeriennes-de-limportance-de-la-superiorite-de-nos-forces-armees\/","og_locale":"fr_FR","og_type":"article","og_title":"Le chef de l\u2019\u00c9tat-major de l\u2019ANP en visite au commandement des Forces a\u00e9riennes\u00a0: De l\u2019importance de la sup\u00e9riorit\u00e9 de nos forces arm\u00e9es - La Sentinelle","og_description":"La sup\u00e9riorit\u00e9 a\u00e9rienne de nos forces arm\u00e9es est une \u00ab&nbsp;exigence op\u00e9rationnelle de tr\u00e8s grande importance&nbsp;\u00bb, a soulign\u00e9 hier le Chef","og_url":"https:\/\/lasentinelle.dz\/index.php\/2022\/04\/14\/le-chef-de-letat-major-de-lanp-en-visite-au-commandement-des-forces-aeriennes-de-limportance-de-la-superiorite-de-nos-forces-armees\/","og_site_name":"La Sentinelle","article_publisher":"https:\/\/www.facebook.com\/La-Sentinelle-104059864394773","article_published_time":"2022-04-13T23:05:00+00:00","og_image":[{"width":450,"height":300,"url":"https:\/\/lasentinelle.dz\/wp-content\/uploads\/2022\/04\/chane-encore.png","type":"image\/png"}],"author":"La Sentinelle","twitter_card":"summary_large_image","twitter_misc":{"\u00c9crit par":"La Sentinelle","Dur\u00e9e de lecture estim\u00e9e":"3 minutes"},"schema":{"@context":"https:\/\/schema.org","@graph":[{"@type":"Article","@id":"https:\/\/lasentinelle.dz\/index.php\/2022\/04\/14\/le-chef-de-letat-major-de-lanp-en-visite-au-commandement-des-forces-aeriennes-de-limportance-de-la-superiorite-de-nos-forces-armees\/#article","isPartOf":{"@id":"https:\/\/lasentinelle.dz\/index.php\/2022\/04\/14\/le-chef-de-letat-major-de-lanp-en-visite-au-commandement-des-forces-aeriennes-de-limportance-de-la-superiorite-de-nos-forces-armees\/"},"author":{"name":"La Sentinelle","@id":"https:\/\/lasentinelle.dz\/#\/schema\/person\/d865044e22e70a75174ce8bcad3acfb3"},"headline":"Le chef de l\u2019\u00c9tat-major de l\u2019ANP en visite au commandement des Forces a\u00e9riennes\u00a0: De l\u2019importance de la sup\u00e9riorit\u00e9 de nos forces arm\u00e9es","datePublished":"2022-04-13T23:05:00+00:00","mainEntityOfPage":{"@id":"https:\/\/lasentinelle.dz\/index.php\/2022\/04\/14\/le-chef-de-letat-major-de-lanp-en-visite-au-commandement-des-forces-aeriennes-de-limportance-de-la-superiorite-de-nos-forces-armees\/"},"wordCount":696,"commentCount":0,"publisher":{"@id":"https:\/\/lasentinelle.dz\/#organization"},"image":{"@id":"https:\/\/lasentinelle.dz\/index.php\/2022\/04\/14\/le-chef-de-letat-major-de-lanp-en-visite-au-commandement-des-forces-aeriennes-de-limportance-de-la-superiorite-de-nos-forces-armees\/#primaryimage"},"thumbnailUrl":"https:\/\/lasentinelle.dz\/wp-content\/uploads\/2022\/04\/chane-encore.png","articleSection":["\u00c0 la Une","Actualit\u00e9"],"inLanguage":"fr-FR","potentialAction":[{"@type":"CommentAction","name":"Comment","target":["https:\/\/lasentinelle.dz\/index.php\/2022\/04\/14\/le-chef-de-letat-major-de-lanp-en-visite-au-commandement-des-forces-aeriennes-de-limportance-de-la-superiorite-de-nos-forces-armees\/#respond"]}]},{"@type":"WebPage","@id":"https:\/\/lasentinelle.dz\/index.php\/2022\/04\/14\/le-chef-de-letat-major-de-lanp-en-visite-au-commandement-des-forces-aeriennes-de-limportance-de-la-superiorite-de-nos-forces-armees\/","url":"https:\/\/lasentinelle.dz\/index.php\/2022\/04\/14\/le-chef-de-letat-major-de-lanp-en-visite-au-commandement-des-forces-aeriennes-de-limportance-de-la-superiorite-de-nos-forces-armees\/","name":"Le chef de l\u2019\u00c9tat-major de l\u2019ANP en visite au commandement des Forces a\u00e9riennes\u00a0: De l\u2019importance de la sup\u00e9riorit\u00e9 de nos forces arm\u00e9es - La Sentinelle","isPartOf":{"@id":"https:\/\/lasentinelle.dz\/#website"},"primaryImageOfPage":{"@id":"https:\/\/lasentinelle.dz\/index.php\/2022\/04\/14\/le-chef-de-letat-major-de-lanp-en-visite-au-commandement-des-forces-aeriennes-de-limportance-de-la-superiorite-de-nos-forces-armees\/#primaryimage"},"image":{"@id":"https:\/\/lasentinelle.dz\/index.php\/2022\/04\/14\/le-chef-de-letat-major-de-lanp-en-visite-au-commandement-des-forces-aeriennes-de-limportance-de-la-superiorite-de-nos-forces-armees\/#primaryimage"},"thumbnailUrl":"https:\/\/lasentinelle.dz\/wp-content\/uploads\/2022\/04\/chane-encore.png","datePublished":"2022-04-13T23:05:00+00:00","breadcrumb":{"@id":"https:\/\/lasentinelle.dz\/index.php\/2022\/04\/14\/le-chef-de-letat-major-de-lanp-en-visite-au-commandement-des-forces-aeriennes-de-limportance-de-la-superiorite-de-nos-forces-armees\/#breadcrumb"},"inLanguage":"fr-FR","potentialAction":[{"@type":"ReadAction","target":["https:\/\/lasentinelle.dz\/index.php\/2022\/04\/14\/le-chef-de-letat-major-de-lanp-en-visite-au-commandement-des-forces-aeriennes-de-limportance-de-la-superiorite-de-nos-forces-armees\/"]}]},{"@type":"ImageObject","inLanguage":"fr-FR","@id":"https:\/\/lasentinelle.dz\/index.php\/2022\/04\/14\/le-chef-de-letat-major-de-lanp-en-visite-au-commandement-des-forces-aeriennes-de-limportance-de-la-superiorite-de-nos-forces-armees\/#primaryimage","url":"https:\/\/lasentinelle.dz\/wp-content\/uploads\/2022\/04\/chane-encore.png","contentUrl":"https:\/\/lasentinelle.dz\/wp-content\/uploads\/2022\/04\/chane-encore.png","width":450,"height":300},{"@type":"BreadcrumbList","@id":"https:\/\/lasentinelle.dz\/index.php\/2022\/04\/14\/le-chef-de-letat-major-de-lanp-en-visite-au-commandement-des-forces-aeriennes-de-limportance-de-la-superiorite-de-nos-forces-armees\/#breadcrumb","itemListElement":[{"@type":"ListItem","position":1,"name":"Accueil","item":"https:\/\/lasentinelle.dz\/"},{"@type":"ListItem","position":2,"name":"Le chef de l\u2019\u00c9tat-major de l\u2019ANP en visite au commandement des Forces a\u00e9riennes\u00a0: De l\u2019importance de la sup\u00e9riorit\u00e9 de nos forces arm\u00e9es"}]},{"@type":"WebSite","@id":"https:\/\/lasentinelle.dz\/#website","url":"https:\/\/lasentinelle.dz\/","name":"La Sentinelle","description":"Quotidien national d&#039;information","publisher":{"@id":"https:\/\/lasentinelle.dz\/#organization"},"potentialAction":[{"@type":"SearchAction","target":{"@type":"EntryPoint","urlTemplate":"https:\/\/lasentinelle.dz\/?s={search_term_string}"},"query-input":{"@type":"PropertyValueSpecification","valueRequired":true,"valueName":"search_term_string"}}],"inLanguage":"fr-FR"},{"@type":"Organization","@id":"https:\/\/lasentinelle.dz\/#organization","name":"Quotidien La Sentinelle","url":"https:\/\/lasentinelle.dz\/","logo":{"@type":"ImageObject","inLanguage":"fr-FR","@id":"https:\/\/lasentinelle.dz\/#\/schema\/logo\/image\/","url":"https:\/\/lasentinelle.dz\/wp-content\/uploads\/2021\/09\/logo-sentinelleSLOGAN-1.png","contentUrl":"https:\/\/lasentinelle.dz\/wp-content\/uploads\/2021\/09\/logo-sentinelleSLOGAN-1.png","width":615,"height":142,"caption":"Quotidien La Sentinelle"},"image":{"@id":"https:\/\/lasentinelle.dz\/#\/schema\/logo\/image\/"},"sameAs":["https:\/\/www.facebook.com\/La-Sentinelle-104059864394773"]},{"@type":"Person","@id":"https:\/\/lasentinelle.dz\/#\/schema\/person\/d865044e22e70a75174ce8bcad3acfb3","name":"La Sentinelle","image":{"@type":"ImageObject","inLanguage":"fr-FR","@id":"https:\/\/secure.gravatar.com\/avatar\/57de8e5d4b15d43fb361a71fbb36338450fe67865b528a43dd10ef7c51a20392?s=96&d=mm&r=g","url":"https:\/\/secure.gravatar.com\/avatar\/57de8e5d4b15d43fb361a71fbb36338450fe67865b528a43dd10ef7c51a20392?s=96&d=mm&r=g","contentUrl":"https:\/\/secure.gravatar.com\/avatar\/57de8e5d4b15d43fb361a71fbb36338450fe67865b528a43dd10ef7c51a20392?s=96&d=mm&r=g","caption":"La Sentinelle"},"sameAs":["http:\/\/www.lasentinelle.dz"],"url":"https:\/\/lasentinelle.dz\/author\/redaction\/"}]}},"_links":{"self":[{"href":"https:\/\/lasentinelle.dz\/index.php\/wp-json\/wp\/v2\/posts\/19852","targetHints":{"allow":["GET"]}}],"collection":[{"href":"https:\/\/lasentinelle.dz\/index.php\/wp-json\/wp\/v2\/posts"}],"about":[{"href":"https:\/\/lasentinelle.dz\/index.php\/wp-json\/wp\/v2\/types\/post"}],"author":[{"embeddable":true,"href":"https:\/\/lasentinelle.dz\/index.php\/wp-json\/wp\/v2\/users\/3"}],"replies":[{"embeddable":true,"href":"https:\/\/lasentinelle.dz\/index.php\/wp-json\/wp\/v2\/comments?post=19852"}],"version-history":[{"count":1,"href":"https:\/\/lasentinelle.dz\/index.php\/wp-json\/wp\/v2\/posts\/19852\/revisions"}],"predecessor-version":[{"id":19854,"href":"https:\/\/lasentinelle.dz\/index.php\/wp-json\/wp\/v2\/posts\/19852\/revisions\/19854"}],"wp:featuredmedia":[{"embeddable":true,"href":"https:\/\/lasentinelle.dz\/index.php\/wp-json\/wp\/v2\/media\/19853"}],"wp:attachment":[{"href":"https:\/\/lasentinelle.dz\/index.php\/wp-json\/wp\/v2\/media?parent=19852"}],"wp:term":[{"taxonomy":"category","embeddable":true,"href":"https:\/\/lasentinelle.dz\/index.php\/wp-json\/wp\/v2\/categories?post=19852"},{"taxonomy":"post_tag","embeddable":true,"href":"https:\/\/lasentinelle.dz\/index.php\/wp-json\/wp\/v2\/tags?post=19852"}],"curies":[{"name":"wp","href":"https:\/\/api.w.org\/{rel}","templated":true}]}}