{"id":19864,"date":"2022-04-17T00:05:00","date_gmt":"2022-04-16T23:05:00","guid":{"rendered":"https:\/\/lasentinelle.dz\/?p=19864"},"modified":"2022-04-16T20:50:30","modified_gmt":"2022-04-16T19:50:30","slug":"le-chef-de-letat-major-de-lanp-a-bordj-badji-mokhtar-les-tentatives-de-semer-la-division-ne-se-realiseront-jamais","status":"publish","type":"post","link":"https:\/\/lasentinelle.dz\/index.php\/2022\/04\/17\/le-chef-de-letat-major-de-lanp-a-bordj-badji-mokhtar-les-tentatives-de-semer-la-division-ne-se-realiseront-jamais\/","title":{"rendered":"Le Chef de l\u2019\u00c9tat-major de l\u2019ANP \u00e0 Bordj Badji Mokhtar\u00a0: \u00ab\u00a0Les tentatives de semer la division ne se r\u00e9aliseront jamais\u00a0\u00bb"},"content":{"rendered":"\n<p>Le Chef de l\u2019\u00c9tat-major de l\u2019Arm\u00e9e nationale populaire, le G\u00e9n\u00e9ral de Corps d\u2019Arm\u00e9e Sa\u00efd Chanegriha, a indiqu\u00e9 hier \u00e0 partir de Bordj Badji Mokhtar qu\u2019\u00e0 l\u2019aune des bouleversements g\u00e9ostrat\u00e9giques actuels, l\u2019Alg\u00e9rie a besoin aujourd&rsquo;hui, plus que jamais, de f\u00e9d\u00e9rer les efforts \u00ab&nbsp; afin de faire avorter toute man\u0153uvre ciblant notre unit\u00e9 territoriale et populaire&nbsp;\u00bb. Il avertit ainsi \u00ab&nbsp;les mercenaires&nbsp;\u00bb qui tentent de semer la division que leurs plans ne \u00ab&nbsp;se r\u00e9aliseront jamais&nbsp;\u00bb.&nbsp;<\/p>\n\n\n\n<p>Le chef de l\u2019\u00c9tat-major de l\u2019ANP poursuit sa tourn\u00e9e dans les diff\u00e9rentes r\u00e9gions militaires et les commandements des forces arm\u00e9es. Hier, le G\u00e9n\u00e9ral de Corps d\u2019Arm\u00e9e effectuait une&nbsp;visite de travail et d&rsquo;inspection au niveau du Secteur op\u00e9rationnel de Bordj Badji Mokhtar en 6\u00e8me R\u00e9gion militaire. L\u2019occasion pour Chanegriha de r\u00e9affirm\u00e9 la solidit\u00e9 du lien qui unit le peuple alg\u00e9rien et son arm\u00e9e, et d\u2019avertir contre les plans ourdis afin de semer la discorde et la division. Des plans qui \u00ab&nbsp; ne se r\u00e9aliseront jamais&nbsp;\u00bb, avertit d\u2019ailleurs le Chef de l\u2019\u00c9tat-major de l\u2019ANP. Ainsi et dans l\u2019allocution d\u2019orientation qu\u2019il a prononc\u00e9 au cours de sa visite, le G\u00e9n\u00e9ral de Corps d\u2019Arm\u00e9e Said Chanegriha a soulign\u00e9 les d\u00e9fis auxquels l\u2019Alg\u00e9rie est confront\u00e9e et qui n\u00e9cessit\u00e9 de la f\u00e9d\u00e9ration des efforts, au moment o\u00f9 \u00ab&nbsp;des mercenaires tentent, d\u00e9lib\u00e9r\u00e9ment, de semer la discorde et la division&nbsp;\u00bb.&nbsp;&nbsp;\u00abEn ces temps o\u00f9 l&rsquo;Alg\u00e9rie a le plus besoin de renforcer son unit\u00e9 nationale et de r\u00e9unir toutes les forces vives autour de l&rsquo;int\u00e9r\u00eat supr\u00eame de la nation, ces mercenaires tentent, d\u00e9lib\u00e9r\u00e9ment, de semer la discorde et la division entre les enfants du m\u00eame peuple, et entre le peuple et son Arm\u00e9e. Ce sont des illusions et des chim\u00e8res qui ne se r\u00e9aliseront jamais sur la terre des Chouhada, car le peuple alg\u00e9rien et son Arm\u00e9e, authentiques qu&rsquo;ils sont, n\u2019ont aucun autre objectif&nbsp;&nbsp;que celui de servir l\u2019int\u00e9r\u00eat de la Nation et l&rsquo;avenir de ses enfants\u00bb, a-t-il indiqu\u00e9. Et d\u2019ajouter qu\u2019\u00ab\u00e0 l&rsquo;aune des grands d\u00e9fis s\u00e9curitaires engendr\u00e9s par la nouvelle situation g\u00e9ostrat\u00e9gique internationale et r\u00e9gionale, et sur fond des crises qui agitent notre sous-r\u00e9gion, marqu\u00e9e par la vuln\u00e9rabilit\u00e9 s\u00e9curitaire chronique, avec notamment l&rsquo;expansion du terrorisme dans notre voisinage imm\u00e9diat et la prolif\u00e9ration de la criminalit\u00e9 organis\u00e9e transfrontali\u00e8re, notre pays a besoin aujourd&rsquo;hui, plus que jamais, de f\u00e9d\u00e9rer les efforts de ses enfants d\u00e9vou\u00e9s, afin de faire avorter toute man\u0153uvre ciblant notre unit\u00e9 territoriale et populaire\u00bb,.Pour le G\u00e9n\u00e9ral de Corps d&rsquo;Arm\u00e9e, \u00abces efforts doivent s&rsquo;articuler sur l&rsquo;unit\u00e9, la coh\u00e9sion et la solidarit\u00e9 entre les diff\u00e9rentes composantes du peuple alg\u00e9rien, la confiance en les institutions de l&rsquo;Etat, \u00e0 leur t\u00eate l&rsquo;ANP, et l&rsquo;engagement de servir la Patrie, de pr\u00e9server ses int\u00e9r\u00eats supr\u00eames et de renforcer sa s\u00e9curit\u00e9, sa stabilit\u00e9 et sa souverainet\u00e9, pour l&rsquo;\u00e9dification de l&rsquo;Alg\u00e9rie nouvelle, dont les rep\u00e8res ont \u00e9t\u00e9 trac\u00e9s par Monsieur le Pr\u00e9sident de la R\u00e9publique, Chef Supr\u00eame des Forces arm\u00e9es, ministre de la D\u00e9fense nationale\u00bb, a-t-il encore soulign\u00e9.&nbsp;Dans le m\u00eame sens, le G\u00e9n\u00e9ral de Corps d&rsquo;Arm\u00e9e a relev\u00e9 que \u00abc\u2019est gr\u00e2ce \u00e0 cette coh\u00e9sion que le peuple alg\u00e9rien a pu lib\u00e9rer notre pays du joug du colonisateur, une coh\u00e9sion qui nous a permis de vaincre le terrorisme barbare, et qui ouvrira \u00e0 notre pays, sans nul doute, les voies de la prosp\u00e9rit\u00e9 et du progr\u00e8s, et qui en fera avec la volont\u00e9 d&rsquo;Allah Le Tout-Puissant, un havre de paix et de prosp\u00e9rit\u00e9, n\u2019en d\u00e9plaise aux conspirateurs qui, sournois et malades d\u2019esprit, n\u2019ont jamais souhait\u00e9 et ne souhaiteront jamais du bien \u00e0 l\u2019Alg\u00e9rie et \u00e0 son peuple\u00bb.&nbsp;Il a ainsi fait observer que \u00able paysage est tr\u00e8s clair, car celui qui observe attentivement les campagnes acharn\u00e9es qui ciblent notre pays ces derniers temps, n&rsquo;aura pas besoin d\u2019une longue r\u00e9flexion ou d&rsquo;une profonde analyse, pour voir la malveillance de leurs desseins, la bassesse de leurs objectifs et de leurs protagonistes, qui ont trahi leur nation et vendu leurs \u00e2mes et leur honneur\u00bb.&nbsp;A l&rsquo;issue de cette visite qui refl\u00e8te l\u2019int\u00e9r\u00eat que conf\u00e8re le Haut Commandement de l&rsquo;ANP au degr\u00e9 de la disponibilit\u00e9 op\u00e9rationnelle des unit\u00e9s implant\u00e9es au niveau de cette R\u00e9gion sensible, et des conditions de vie et de travail des personnels mobilis\u00e9s le long des fronti\u00e8res \u00e0 l&rsquo;extr\u00eame sud, notamment durant ce mois sacr\u00e9 de Ramadhan, le G\u00e9n\u00e9ral de Corps d&rsquo;Arm\u00e9e \u00aba \u00e9mis un ensemble d&rsquo;orientations et d&rsquo;instructions qui s&rsquo;inscrivent dans leur ensemble dans le cadre de l&rsquo;am\u00e9lioration des conditions de vie et de travail des personnels et visent \u00e9galement \u00e0 rehausser le rendement et le degr\u00e9 de vigilance pour faire face aux d\u00e9fis s\u00e9curitaires au niveau de cette R\u00e9gion sensible\u00bb.<\/p>\n\n\n\n<p>Chokri Hafed<\/p>\n","protected":false},"excerpt":{"rendered":"<p>Le Chef de l\u2019\u00c9tat-major de l\u2019Arm\u00e9e nationale populaire, le G\u00e9n\u00e9ral de Corps d\u2019Arm\u00e9e Sa\u00efd Chanegriha, a indiqu\u00e9 hier \u00e0 partir<\/p>\n","protected":false},"author":3,"featured_media":19723,"comment_status":"open","ping_status":"closed","sticky":false,"template":"","format":"standard","meta":{"colormag_page_container_layout":"default_layout","colormag_page_sidebar_layout":"default_layout","om_disable_all_campaigns":false,"_monsterinsights_skip_tracking":false,"_monsterinsights_sitenote_active":false,"_monsterinsights_sitenote_note":"","_monsterinsights_sitenote_category":0,"footnotes":"","_wpscppro_dont_share_socialmedia":false,"_wpscppro_custom_social_share_image":0,"_facebook_share_type":"","_twitter_share_type":"","_linkedin_share_type":"","_pinterest_share_type":"","_linkedin_share_type_page":"","_instagram_share_type":"","_medium_share_type":"","_threads_share_type":"","_google_business_share_type":"","_selected_social_profile":[],"_wpsp_enable_custom_social_template":false,"_wpsp_social_scheduling":{"enabled":false,"datetime":null,"platforms":[],"status":"template_only","dateOption":"today","timeOption":"now","customDays":"","customHours":"","customDate":"","customTime":"","schedulingType":"absolute"},"_wpsp_active_default_template":true},"categories":[52,27],"tags":[],"class_list":["post-19864","post","type-post","status-publish","format-standard","has-post-thumbnail","hentry","category-a-la-une","category-actualite"],"aioseo_notices":[],"yoast_head":"<!-- This site is optimized with the Yoast SEO plugin v27.5 - https:\/\/yoast.com\/product\/yoast-seo-wordpress\/ -->\n<title>Le Chef de l\u2019\u00c9tat-major de l\u2019ANP \u00e0 Bordj Badji Mokhtar\u00a0: \u00ab\u00a0Les tentatives de semer la division ne se r\u00e9aliseront jamais\u00a0\u00bb - La Sentinelle<\/title>\n<meta name=\"robots\" content=\"index, follow, max-snippet:-1, max-image-preview:large, max-video-preview:-1\" \/>\n<link rel=\"canonical\" href=\"https:\/\/lasentinelle.dz\/index.php\/2022\/04\/17\/le-chef-de-letat-major-de-lanp-a-bordj-badji-mokhtar-les-tentatives-de-semer-la-division-ne-se-realiseront-jamais\/\" \/>\n<meta property=\"og:locale\" content=\"fr_FR\" \/>\n<meta property=\"og:type\" content=\"article\" \/>\n<meta property=\"og:title\" content=\"Le Chef de l\u2019\u00c9tat-major de l\u2019ANP \u00e0 Bordj Badji Mokhtar\u00a0: \u00ab\u00a0Les tentatives de semer la division ne se r\u00e9aliseront jamais\u00a0\u00bb - La Sentinelle\" \/>\n<meta property=\"og:description\" content=\"Le Chef de l\u2019\u00c9tat-major de l\u2019Arm\u00e9e nationale populaire, le G\u00e9n\u00e9ral de Corps d\u2019Arm\u00e9e Sa\u00efd Chanegriha, a indiqu\u00e9 hier \u00e0 partir\" \/>\n<meta property=\"og:url\" content=\"https:\/\/lasentinelle.dz\/index.php\/2022\/04\/17\/le-chef-de-letat-major-de-lanp-a-bordj-badji-mokhtar-les-tentatives-de-semer-la-division-ne-se-realiseront-jamais\/\" \/>\n<meta property=\"og:site_name\" content=\"La Sentinelle\" \/>\n<meta property=\"article:publisher\" content=\"https:\/\/www.facebook.com\/La-Sentinelle-104059864394773\" \/>\n<meta property=\"article:published_time\" content=\"2022-04-16T23:05:00+00:00\" \/>\n<meta property=\"og:image\" content=\"https:\/\/lasentinelle.dz\/wp-content\/uploads\/2022\/04\/chanegriha.png\" \/>\n\t<meta property=\"og:image:width\" content=\"1350\" \/>\n\t<meta property=\"og:image:height\" content=\"900\" \/>\n\t<meta property=\"og:image:type\" content=\"image\/png\" \/>\n<meta name=\"author\" content=\"La Sentinelle\" \/>\n<meta name=\"twitter:card\" content=\"summary_large_image\" \/>\n<meta name=\"twitter:label1\" content=\"\u00c9crit par\" \/>\n\t<meta name=\"twitter:data1\" content=\"La Sentinelle\" \/>\n\t<meta name=\"twitter:label2\" content=\"Dur\u00e9e de lecture estim\u00e9e\" \/>\n\t<meta name=\"twitter:data2\" content=\"4 minutes\" \/>\n<script type=\"application\/ld+json\" class=\"yoast-schema-graph\">{\"@context\":\"https:\\\/\\\/schema.org\",\"@graph\":[{\"@type\":\"Article\",\"@id\":\"https:\\\/\\\/lasentinelle.dz\\\/index.php\\\/2022\\\/04\\\/17\\\/le-chef-de-letat-major-de-lanp-a-bordj-badji-mokhtar-les-tentatives-de-semer-la-division-ne-se-realiseront-jamais\\\/#article\",\"isPartOf\":{\"@id\":\"https:\\\/\\\/lasentinelle.dz\\\/index.php\\\/2022\\\/04\\\/17\\\/le-chef-de-letat-major-de-lanp-a-bordj-badji-mokhtar-les-tentatives-de-semer-la-division-ne-se-realiseront-jamais\\\/\"},\"author\":{\"name\":\"La Sentinelle\",\"@id\":\"https:\\\/\\\/lasentinelle.dz\\\/#\\\/schema\\\/person\\\/d865044e22e70a75174ce8bcad3acfb3\"},\"headline\":\"Le Chef de l\u2019\u00c9tat-major de l\u2019ANP \u00e0 Bordj Badji Mokhtar\u00a0: \u00ab\u00a0Les tentatives de semer la division ne se r\u00e9aliseront jamais\u00a0\u00bb\",\"datePublished\":\"2022-04-16T23:05:00+00:00\",\"mainEntityOfPage\":{\"@id\":\"https:\\\/\\\/lasentinelle.dz\\\/index.php\\\/2022\\\/04\\\/17\\\/le-chef-de-letat-major-de-lanp-a-bordj-badji-mokhtar-les-tentatives-de-semer-la-division-ne-se-realiseront-jamais\\\/\"},\"wordCount\":967,\"commentCount\":0,\"publisher\":{\"@id\":\"https:\\\/\\\/lasentinelle.dz\\\/#organization\"},\"image\":{\"@id\":\"https:\\\/\\\/lasentinelle.dz\\\/index.php\\\/2022\\\/04\\\/17\\\/le-chef-de-letat-major-de-lanp-a-bordj-badji-mokhtar-les-tentatives-de-semer-la-division-ne-se-realiseront-jamais\\\/#primaryimage\"},\"thumbnailUrl\":\"https:\\\/\\\/lasentinelle.dz\\\/wp-content\\\/uploads\\\/2022\\\/04\\\/chanegriha.png\",\"articleSection\":[\"\u00c0 la Une\",\"Actualit\u00e9\"],\"inLanguage\":\"fr-FR\",\"potentialAction\":[{\"@type\":\"CommentAction\",\"name\":\"Comment\",\"target\":[\"https:\\\/\\\/lasentinelle.dz\\\/index.php\\\/2022\\\/04\\\/17\\\/le-chef-de-letat-major-de-lanp-a-bordj-badji-mokhtar-les-tentatives-de-semer-la-division-ne-se-realiseront-jamais\\\/#respond\"]}]},{\"@type\":\"WebPage\",\"@id\":\"https:\\\/\\\/lasentinelle.dz\\\/index.php\\\/2022\\\/04\\\/17\\\/le-chef-de-letat-major-de-lanp-a-bordj-badji-mokhtar-les-tentatives-de-semer-la-division-ne-se-realiseront-jamais\\\/\",\"url\":\"https:\\\/\\\/lasentinelle.dz\\\/index.php\\\/2022\\\/04\\\/17\\\/le-chef-de-letat-major-de-lanp-a-bordj-badji-mokhtar-les-tentatives-de-semer-la-division-ne-se-realiseront-jamais\\\/\",\"name\":\"Le Chef de l\u2019\u00c9tat-major de l\u2019ANP \u00e0 Bordj Badji Mokhtar\u00a0: \u00ab\u00a0Les tentatives de semer la division ne se r\u00e9aliseront jamais\u00a0\u00bb - La Sentinelle\",\"isPartOf\":{\"@id\":\"https:\\\/\\\/lasentinelle.dz\\\/#website\"},\"primaryImageOfPage\":{\"@id\":\"https:\\\/\\\/lasentinelle.dz\\\/index.php\\\/2022\\\/04\\\/17\\\/le-chef-de-letat-major-de-lanp-a-bordj-badji-mokhtar-les-tentatives-de-semer-la-division-ne-se-realiseront-jamais\\\/#primaryimage\"},\"image\":{\"@id\":\"https:\\\/\\\/lasentinelle.dz\\\/index.php\\\/2022\\\/04\\\/17\\\/le-chef-de-letat-major-de-lanp-a-bordj-badji-mokhtar-les-tentatives-de-semer-la-division-ne-se-realiseront-jamais\\\/#primaryimage\"},\"thumbnailUrl\":\"https:\\\/\\\/lasentinelle.dz\\\/wp-content\\\/uploads\\\/2022\\\/04\\\/chanegriha.png\",\"datePublished\":\"2022-04-16T23:05:00+00:00\",\"breadcrumb\":{\"@id\":\"https:\\\/\\\/lasentinelle.dz\\\/index.php\\\/2022\\\/04\\\/17\\\/le-chef-de-letat-major-de-lanp-a-bordj-badji-mokhtar-les-tentatives-de-semer-la-division-ne-se-realiseront-jamais\\\/#breadcrumb\"},\"inLanguage\":\"fr-FR\",\"potentialAction\":[{\"@type\":\"ReadAction\",\"target\":[\"https:\\\/\\\/lasentinelle.dz\\\/index.php\\\/2022\\\/04\\\/17\\\/le-chef-de-letat-major-de-lanp-a-bordj-badji-mokhtar-les-tentatives-de-semer-la-division-ne-se-realiseront-jamais\\\/\"]}]},{\"@type\":\"ImageObject\",\"inLanguage\":\"fr-FR\",\"@id\":\"https:\\\/\\\/lasentinelle.dz\\\/index.php\\\/2022\\\/04\\\/17\\\/le-chef-de-letat-major-de-lanp-a-bordj-badji-mokhtar-les-tentatives-de-semer-la-division-ne-se-realiseront-jamais\\\/#primaryimage\",\"url\":\"https:\\\/\\\/lasentinelle.dz\\\/wp-content\\\/uploads\\\/2022\\\/04\\\/chanegriha.png\",\"contentUrl\":\"https:\\\/\\\/lasentinelle.dz\\\/wp-content\\\/uploads\\\/2022\\\/04\\\/chanegriha.png\",\"width\":1350,\"height\":900},{\"@type\":\"BreadcrumbList\",\"@id\":\"https:\\\/\\\/lasentinelle.dz\\\/index.php\\\/2022\\\/04\\\/17\\\/le-chef-de-letat-major-de-lanp-a-bordj-badji-mokhtar-les-tentatives-de-semer-la-division-ne-se-realiseront-jamais\\\/#breadcrumb\",\"itemListElement\":[{\"@type\":\"ListItem\",\"position\":1,\"name\":\"Accueil\",\"item\":\"https:\\\/\\\/lasentinelle.dz\\\/\"},{\"@type\":\"ListItem\",\"position\":2,\"name\":\"Le Chef de l\u2019\u00c9tat-major de l\u2019ANP \u00e0 Bordj Badji Mokhtar\u00a0: \u00ab\u00a0Les tentatives de semer la division ne se r\u00e9aliseront jamais\u00a0\u00bb\"}]},{\"@type\":\"WebSite\",\"@id\":\"https:\\\/\\\/lasentinelle.dz\\\/#website\",\"url\":\"https:\\\/\\\/lasentinelle.dz\\\/\",\"name\":\"La Sentinelle\",\"description\":\"Quotidien national d&#039;information\",\"publisher\":{\"@id\":\"https:\\\/\\\/lasentinelle.dz\\\/#organization\"},\"potentialAction\":[{\"@type\":\"SearchAction\",\"target\":{\"@type\":\"EntryPoint\",\"urlTemplate\":\"https:\\\/\\\/lasentinelle.dz\\\/?s={search_term_string}\"},\"query-input\":{\"@type\":\"PropertyValueSpecification\",\"valueRequired\":true,\"valueName\":\"search_term_string\"}}],\"inLanguage\":\"fr-FR\"},{\"@type\":\"Organization\",\"@id\":\"https:\\\/\\\/lasentinelle.dz\\\/#organization\",\"name\":\"Quotidien La Sentinelle\",\"url\":\"https:\\\/\\\/lasentinelle.dz\\\/\",\"logo\":{\"@type\":\"ImageObject\",\"inLanguage\":\"fr-FR\",\"@id\":\"https:\\\/\\\/lasentinelle.dz\\\/#\\\/schema\\\/logo\\\/image\\\/\",\"url\":\"https:\\\/\\\/lasentinelle.dz\\\/wp-content\\\/uploads\\\/2021\\\/09\\\/logo-sentinelleSLOGAN-1.png\",\"contentUrl\":\"https:\\\/\\\/lasentinelle.dz\\\/wp-content\\\/uploads\\\/2021\\\/09\\\/logo-sentinelleSLOGAN-1.png\",\"width\":615,\"height\":142,\"caption\":\"Quotidien La Sentinelle\"},\"image\":{\"@id\":\"https:\\\/\\\/lasentinelle.dz\\\/#\\\/schema\\\/logo\\\/image\\\/\"},\"sameAs\":[\"https:\\\/\\\/www.facebook.com\\\/La-Sentinelle-104059864394773\"]},{\"@type\":\"Person\",\"@id\":\"https:\\\/\\\/lasentinelle.dz\\\/#\\\/schema\\\/person\\\/d865044e22e70a75174ce8bcad3acfb3\",\"name\":\"La Sentinelle\",\"image\":{\"@type\":\"ImageObject\",\"inLanguage\":\"fr-FR\",\"@id\":\"https:\\\/\\\/secure.gravatar.com\\\/avatar\\\/57de8e5d4b15d43fb361a71fbb36338450fe67865b528a43dd10ef7c51a20392?s=96&d=mm&r=g\",\"url\":\"https:\\\/\\\/secure.gravatar.com\\\/avatar\\\/57de8e5d4b15d43fb361a71fbb36338450fe67865b528a43dd10ef7c51a20392?s=96&d=mm&r=g\",\"contentUrl\":\"https:\\\/\\\/secure.gravatar.com\\\/avatar\\\/57de8e5d4b15d43fb361a71fbb36338450fe67865b528a43dd10ef7c51a20392?s=96&d=mm&r=g\",\"caption\":\"La Sentinelle\"},\"sameAs\":[\"http:\\\/\\\/www.lasentinelle.dz\"],\"url\":\"https:\\\/\\\/lasentinelle.dz\\\/author\\\/redaction\\\/\"}]}<\/script>\n<!-- \/ Yoast SEO plugin. -->","yoast_head_json":{"title":"Le Chef de l\u2019\u00c9tat-major de l\u2019ANP \u00e0 Bordj Badji Mokhtar\u00a0: \u00ab\u00a0Les tentatives de semer la division ne se r\u00e9aliseront jamais\u00a0\u00bb - La Sentinelle","robots":{"index":"index","follow":"follow","max-snippet":"max-snippet:-1","max-image-preview":"max-image-preview:large","max-video-preview":"max-video-preview:-1"},"canonical":"https:\/\/lasentinelle.dz\/index.php\/2022\/04\/17\/le-chef-de-letat-major-de-lanp-a-bordj-badji-mokhtar-les-tentatives-de-semer-la-division-ne-se-realiseront-jamais\/","og_locale":"fr_FR","og_type":"article","og_title":"Le Chef de l\u2019\u00c9tat-major de l\u2019ANP \u00e0 Bordj Badji Mokhtar\u00a0: \u00ab\u00a0Les tentatives de semer la division ne se r\u00e9aliseront jamais\u00a0\u00bb - La Sentinelle","og_description":"Le Chef de l\u2019\u00c9tat-major de l\u2019Arm\u00e9e nationale populaire, le G\u00e9n\u00e9ral de Corps d\u2019Arm\u00e9e Sa\u00efd Chanegriha, a indiqu\u00e9 hier \u00e0 partir","og_url":"https:\/\/lasentinelle.dz\/index.php\/2022\/04\/17\/le-chef-de-letat-major-de-lanp-a-bordj-badji-mokhtar-les-tentatives-de-semer-la-division-ne-se-realiseront-jamais\/","og_site_name":"La Sentinelle","article_publisher":"https:\/\/www.facebook.com\/La-Sentinelle-104059864394773","article_published_time":"2022-04-16T23:05:00+00:00","og_image":[{"width":1350,"height":900,"url":"https:\/\/lasentinelle.dz\/wp-content\/uploads\/2022\/04\/chanegriha.png","type":"image\/png"}],"author":"La Sentinelle","twitter_card":"summary_large_image","twitter_misc":{"\u00c9crit par":"La Sentinelle","Dur\u00e9e de lecture estim\u00e9e":"4 minutes"},"schema":{"@context":"https:\/\/schema.org","@graph":[{"@type":"Article","@id":"https:\/\/lasentinelle.dz\/index.php\/2022\/04\/17\/le-chef-de-letat-major-de-lanp-a-bordj-badji-mokhtar-les-tentatives-de-semer-la-division-ne-se-realiseront-jamais\/#article","isPartOf":{"@id":"https:\/\/lasentinelle.dz\/index.php\/2022\/04\/17\/le-chef-de-letat-major-de-lanp-a-bordj-badji-mokhtar-les-tentatives-de-semer-la-division-ne-se-realiseront-jamais\/"},"author":{"name":"La Sentinelle","@id":"https:\/\/lasentinelle.dz\/#\/schema\/person\/d865044e22e70a75174ce8bcad3acfb3"},"headline":"Le Chef de l\u2019\u00c9tat-major de l\u2019ANP \u00e0 Bordj Badji Mokhtar\u00a0: \u00ab\u00a0Les tentatives de semer la division ne se r\u00e9aliseront jamais\u00a0\u00bb","datePublished":"2022-04-16T23:05:00+00:00","mainEntityOfPage":{"@id":"https:\/\/lasentinelle.dz\/index.php\/2022\/04\/17\/le-chef-de-letat-major-de-lanp-a-bordj-badji-mokhtar-les-tentatives-de-semer-la-division-ne-se-realiseront-jamais\/"},"wordCount":967,"commentCount":0,"publisher":{"@id":"https:\/\/lasentinelle.dz\/#organization"},"image":{"@id":"https:\/\/lasentinelle.dz\/index.php\/2022\/04\/17\/le-chef-de-letat-major-de-lanp-a-bordj-badji-mokhtar-les-tentatives-de-semer-la-division-ne-se-realiseront-jamais\/#primaryimage"},"thumbnailUrl":"https:\/\/lasentinelle.dz\/wp-content\/uploads\/2022\/04\/chanegriha.png","articleSection":["\u00c0 la Une","Actualit\u00e9"],"inLanguage":"fr-FR","potentialAction":[{"@type":"CommentAction","name":"Comment","target":["https:\/\/lasentinelle.dz\/index.php\/2022\/04\/17\/le-chef-de-letat-major-de-lanp-a-bordj-badji-mokhtar-les-tentatives-de-semer-la-division-ne-se-realiseront-jamais\/#respond"]}]},{"@type":"WebPage","@id":"https:\/\/lasentinelle.dz\/index.php\/2022\/04\/17\/le-chef-de-letat-major-de-lanp-a-bordj-badji-mokhtar-les-tentatives-de-semer-la-division-ne-se-realiseront-jamais\/","url":"https:\/\/lasentinelle.dz\/index.php\/2022\/04\/17\/le-chef-de-letat-major-de-lanp-a-bordj-badji-mokhtar-les-tentatives-de-semer-la-division-ne-se-realiseront-jamais\/","name":"Le Chef de l\u2019\u00c9tat-major de l\u2019ANP \u00e0 Bordj Badji Mokhtar\u00a0: \u00ab\u00a0Les tentatives de semer la division ne se r\u00e9aliseront jamais\u00a0\u00bb - La Sentinelle","isPartOf":{"@id":"https:\/\/lasentinelle.dz\/#website"},"primaryImageOfPage":{"@id":"https:\/\/lasentinelle.dz\/index.php\/2022\/04\/17\/le-chef-de-letat-major-de-lanp-a-bordj-badji-mokhtar-les-tentatives-de-semer-la-division-ne-se-realiseront-jamais\/#primaryimage"},"image":{"@id":"https:\/\/lasentinelle.dz\/index.php\/2022\/04\/17\/le-chef-de-letat-major-de-lanp-a-bordj-badji-mokhtar-les-tentatives-de-semer-la-division-ne-se-realiseront-jamais\/#primaryimage"},"thumbnailUrl":"https:\/\/lasentinelle.dz\/wp-content\/uploads\/2022\/04\/chanegriha.png","datePublished":"2022-04-16T23:05:00+00:00","breadcrumb":{"@id":"https:\/\/lasentinelle.dz\/index.php\/2022\/04\/17\/le-chef-de-letat-major-de-lanp-a-bordj-badji-mokhtar-les-tentatives-de-semer-la-division-ne-se-realiseront-jamais\/#breadcrumb"},"inLanguage":"fr-FR","potentialAction":[{"@type":"ReadAction","target":["https:\/\/lasentinelle.dz\/index.php\/2022\/04\/17\/le-chef-de-letat-major-de-lanp-a-bordj-badji-mokhtar-les-tentatives-de-semer-la-division-ne-se-realiseront-jamais\/"]}]},{"@type":"ImageObject","inLanguage":"fr-FR","@id":"https:\/\/lasentinelle.dz\/index.php\/2022\/04\/17\/le-chef-de-letat-major-de-lanp-a-bordj-badji-mokhtar-les-tentatives-de-semer-la-division-ne-se-realiseront-jamais\/#primaryimage","url":"https:\/\/lasentinelle.dz\/wp-content\/uploads\/2022\/04\/chanegriha.png","contentUrl":"https:\/\/lasentinelle.dz\/wp-content\/uploads\/2022\/04\/chanegriha.png","width":1350,"height":900},{"@type":"BreadcrumbList","@id":"https:\/\/lasentinelle.dz\/index.php\/2022\/04\/17\/le-chef-de-letat-major-de-lanp-a-bordj-badji-mokhtar-les-tentatives-de-semer-la-division-ne-se-realiseront-jamais\/#breadcrumb","itemListElement":[{"@type":"ListItem","position":1,"name":"Accueil","item":"https:\/\/lasentinelle.dz\/"},{"@type":"ListItem","position":2,"name":"Le Chef de l\u2019\u00c9tat-major de l\u2019ANP \u00e0 Bordj Badji Mokhtar\u00a0: \u00ab\u00a0Les tentatives de semer la division ne se r\u00e9aliseront jamais\u00a0\u00bb"}]},{"@type":"WebSite","@id":"https:\/\/lasentinelle.dz\/#website","url":"https:\/\/lasentinelle.dz\/","name":"La Sentinelle","description":"Quotidien national d&#039;information","publisher":{"@id":"https:\/\/lasentinelle.dz\/#organization"},"potentialAction":[{"@type":"SearchAction","target":{"@type":"EntryPoint","urlTemplate":"https:\/\/lasentinelle.dz\/?s={search_term_string}"},"query-input":{"@type":"PropertyValueSpecification","valueRequired":true,"valueName":"search_term_string"}}],"inLanguage":"fr-FR"},{"@type":"Organization","@id":"https:\/\/lasentinelle.dz\/#organization","name":"Quotidien La Sentinelle","url":"https:\/\/lasentinelle.dz\/","logo":{"@type":"ImageObject","inLanguage":"fr-FR","@id":"https:\/\/lasentinelle.dz\/#\/schema\/logo\/image\/","url":"https:\/\/lasentinelle.dz\/wp-content\/uploads\/2021\/09\/logo-sentinelleSLOGAN-1.png","contentUrl":"https:\/\/lasentinelle.dz\/wp-content\/uploads\/2021\/09\/logo-sentinelleSLOGAN-1.png","width":615,"height":142,"caption":"Quotidien La Sentinelle"},"image":{"@id":"https:\/\/lasentinelle.dz\/#\/schema\/logo\/image\/"},"sameAs":["https:\/\/www.facebook.com\/La-Sentinelle-104059864394773"]},{"@type":"Person","@id":"https:\/\/lasentinelle.dz\/#\/schema\/person\/d865044e22e70a75174ce8bcad3acfb3","name":"La Sentinelle","image":{"@type":"ImageObject","inLanguage":"fr-FR","@id":"https:\/\/secure.gravatar.com\/avatar\/57de8e5d4b15d43fb361a71fbb36338450fe67865b528a43dd10ef7c51a20392?s=96&d=mm&r=g","url":"https:\/\/secure.gravatar.com\/avatar\/57de8e5d4b15d43fb361a71fbb36338450fe67865b528a43dd10ef7c51a20392?s=96&d=mm&r=g","contentUrl":"https:\/\/secure.gravatar.com\/avatar\/57de8e5d4b15d43fb361a71fbb36338450fe67865b528a43dd10ef7c51a20392?s=96&d=mm&r=g","caption":"La Sentinelle"},"sameAs":["http:\/\/www.lasentinelle.dz"],"url":"https:\/\/lasentinelle.dz\/author\/redaction\/"}]}},"_links":{"self":[{"href":"https:\/\/lasentinelle.dz\/index.php\/wp-json\/wp\/v2\/posts\/19864","targetHints":{"allow":["GET"]}}],"collection":[{"href":"https:\/\/lasentinelle.dz\/index.php\/wp-json\/wp\/v2\/posts"}],"about":[{"href":"https:\/\/lasentinelle.dz\/index.php\/wp-json\/wp\/v2\/types\/post"}],"author":[{"embeddable":true,"href":"https:\/\/lasentinelle.dz\/index.php\/wp-json\/wp\/v2\/users\/3"}],"replies":[{"embeddable":true,"href":"https:\/\/lasentinelle.dz\/index.php\/wp-json\/wp\/v2\/comments?post=19864"}],"version-history":[{"count":1,"href":"https:\/\/lasentinelle.dz\/index.php\/wp-json\/wp\/v2\/posts\/19864\/revisions"}],"predecessor-version":[{"id":19913,"href":"https:\/\/lasentinelle.dz\/index.php\/wp-json\/wp\/v2\/posts\/19864\/revisions\/19913"}],"wp:featuredmedia":[{"embeddable":true,"href":"https:\/\/lasentinelle.dz\/index.php\/wp-json\/wp\/v2\/media\/19723"}],"wp:attachment":[{"href":"https:\/\/lasentinelle.dz\/index.php\/wp-json\/wp\/v2\/media?parent=19864"}],"wp:term":[{"taxonomy":"category","embeddable":true,"href":"https:\/\/lasentinelle.dz\/index.php\/wp-json\/wp\/v2\/categories?post=19864"},{"taxonomy":"post_tag","embeddable":true,"href":"https:\/\/lasentinelle.dz\/index.php\/wp-json\/wp\/v2\/tags?post=19864"}],"curies":[{"name":"wp","href":"https:\/\/api.w.org\/{rel}","templated":true}]}}