{"id":19867,"date":"2022-04-17T00:01:00","date_gmt":"2022-04-16T23:01:00","guid":{"rendered":"https:\/\/lasentinelle.dz\/?p=19867"},"modified":"2022-04-16T18:38:13","modified_gmt":"2022-04-16T17:38:13","slug":"ils-rejettent-le-nouveau-regime-fiscal-les-avocats-en-greve-a-partir-de-demain","status":"publish","type":"post","link":"https:\/\/lasentinelle.dz\/index.php\/2022\/04\/17\/ils-rejettent-le-nouveau-regime-fiscal-les-avocats-en-greve-a-partir-de-demain\/","title":{"rendered":"Ils rejettent le nouveau r\u00e9gime fiscal\u00a0: Les avocats en gr\u00e8ve \u00e0 partir de demain"},"content":{"rendered":"\n<p>Face au silence de la Direction g\u00e9n\u00e9rale des imp\u00f4ts, les avocats ne l\u00e2chent pas prise&nbsp;&nbsp;et rejettent en bloc le nouveau r\u00e9gime fiscal.<\/p>\n\n\n\n<p>Les robes noires reviennent \u00e0 la charge&nbsp;&nbsp;et annoncent le boycott \u00e0 compter de demain lundi, de l\u2019activit\u00e9 des tribunaux et cours au niveau national, selon le PV de d\u00e9lib\u00e9ration, de l\u2019Union nationale des ordres des avocats (Unoa). L\u2019action selon le document dont nous d\u00e9tenons une copie,&nbsp;&nbsp;n\u2019est autre que la poursuite de la premi\u00e8re gr\u00e8ve, engag\u00e9e en Janvier 2022 et qui a \u00e9t\u00e9 suspendue, apr\u00e8s la rencontre organis\u00e9e entre les repr\u00e9sentants de l\u2019Unoa, le Premier ministre et les responsables de la direction g\u00e9n\u00e9rale des imp\u00f4ts, pour d\u00e9battre d\u2019un consensus, devant&nbsp;&nbsp;satisfaire toutes les parties,&nbsp;&nbsp;sur la question du nouveau r\u00e9gime fiscal d\u00e9coulant de l\u2019application de la loi de finances 2022. Or, et selon la m\u00eame source, toutes les correspondances adress\u00e9es \u00e0 la DGI pour se r\u00e9unir autour de la m\u00eame table et trouver une entente, sans rest\u00e9e sans suite, comme indiqu\u00e9 dans le PV. Ce dernier qui fait \u00e9tat du maintien par la DGI de l\u2019application du&nbsp;&nbsp;nouveau r\u00e9gime fiscal. Suite \u00e0 quoi,&nbsp;&nbsp;le Conseil de l\u2019Union nationale des ordres des avocats (Unoa), r\u00e9uni jeudi \u00e0 Alger, a annonc\u00e9 dans un communiqu\u00e9 le boycott des audiences des tribunaux criminels de la premi\u00e8re instance et ceux d\u2019appel \u00e0 partir de ce lundi. Dans son PV, l\u2019Unoa a r\u00e9it\u00e9r\u00e9, le maintien de la d\u00e9cision du rejet du nouveau r\u00e9gime fiscal, sanctionnant l\u2019assembl\u00e9e g\u00e9n\u00e9rale extraordinaire du 28 janvier 2022 tenue \u00e0 Constantine. Par ailleurs, l\u2019Unoa appelle tous les avocats au respect strict de cette d\u00e9cision. L\u2019organe r\u00e9it\u00e8re \u00e9galement la \u00ab&nbsp;suspension de toute relation avec la Direction g\u00e9n\u00e9rale des imp\u00f4ts, qui a remis en cause l\u2019accord auquel sont parvenues les deux parties le 24 janvier 2022&nbsp;\u00bb. En outre, l\u2019Unoa appelle le pr\u00e9sident de la R\u00e9publique \u00e0 intervenir dans le cadre de ses pr\u00e9rogatives constitutionnelles. \u00c0 titre de rappel, le nouveau dispositif qui annule l\u2019imp\u00f4t forfaitaire unique (IFU) de 12%, contraint les avocats \u00e0 payer \u00e0 titre de taxes et imp\u00f4ts plus de 50% sur leurs gains, dont 19% de TVA. Pour rappel, cette action est la continuit\u00e9 de celle, d\u00e9cid\u00e9e lors de l\u2019assembl\u00e9e g\u00e9n\u00e9rale extraordinaire tenue le 8 janvier dernier \u00e0 Constantine. Il avait \u00e9t\u00e9 d\u00e9cid\u00e9 d\u00e8s lors de recourir au d\u00e9brayage qui avait, rappelons-le, \u00e9t\u00e9 ent\u00e9rin\u00e9 \u00e0 la majorit\u00e9 absolue de 23 sur les 24 barreaux du pays. En d\u00e9clenchant une telle action d\u2019envergure, les avocats esp\u00e8rent voir les hautes autorit\u00e9s du pays revoir leur copie quant au nouveau r\u00e9gime fiscal qui leur est impos\u00e9 par nouvelle loi de finances 2022 qui est entr\u00e9e en vigueur le 1er janvier dernier. Ce nouveau r\u00e9gime rejet\u00e9 en bloc par les professionnels avait \u00e9t\u00e9 rejet\u00e9, rappelons-le une fois de plus que, lors de leur assembl\u00e9e g\u00e9n\u00e9rale extraordinaire de Constantine, les avocats ont qualifi\u00e9 d\u2019\u201caberration\u201d la suppression de l\u2019imp\u00f4t forfaitaire unique (IFU). \u00c0 ce titre, les avocats ont d\u00e9nonc\u00e9 l\u2019assimilation de leur activit\u00e9 \u00e0 celle des commer\u00e7ants. Pour mettre fin \u00e0 ces mesures caract\u00e9ris\u00e9es, selon les avocats, par une \u201ciniquit\u00e9\u201d, voire une \u201cinjustice\u201d, ces derniers plaident soit pour un retour \u00e0 l\u2019ancien r\u00e9gime, soit \u00e0 l\u2019application du r\u00e9gime du pr\u00e9l\u00e8vement \u00e0 la source qui est revendiqu\u00e9 depuis l\u2019ann\u00e9e 2017.<\/p>\n\n\n\n<p><strong>Sofia Chahine<\/strong><\/p>\n","protected":false},"excerpt":{"rendered":"<p>Face au silence de la Direction g\u00e9n\u00e9rale des imp\u00f4ts, les avocats ne l\u00e2chent pas prise&nbsp;&nbsp;et rejettent en bloc le nouveau<\/p>\n","protected":false},"author":3,"featured_media":19892,"comment_status":"open","ping_status":"closed","sticky":false,"template":"","format":"standard","meta":{"colormag_page_container_layout":"default_layout","colormag_page_sidebar_layout":"default_layout","om_disable_all_campaigns":false,"_monsterinsights_skip_tracking":false,"_monsterinsights_sitenote_active":false,"_monsterinsights_sitenote_note":"","_monsterinsights_sitenote_category":0,"footnotes":"","_wpscppro_dont_share_socialmedia":false,"_wpscppro_custom_social_share_image":0,"_facebook_share_type":"","_twitter_share_type":"","_linkedin_share_type":"","_pinterest_share_type":"","_linkedin_share_type_page":"","_instagram_share_type":"","_medium_share_type":"","_threads_share_type":"","_google_business_share_type":"","_selected_social_profile":[],"_wpsp_enable_custom_social_template":false,"_wpsp_social_scheduling":{"enabled":false,"datetime":null,"platforms":[],"status":"template_only","dateOption":"today","timeOption":"now","customDays":"","customHours":"","customDate":"","customTime":"","schedulingType":"absolute"},"_wpsp_active_default_template":true},"categories":[27],"tags":[],"class_list":["post-19867","post","type-post","status-publish","format-standard","has-post-thumbnail","hentry","category-actualite"],"aioseo_notices":[],"yoast_head":"<!-- This site is optimized with the Yoast SEO plugin v27.5 - https:\/\/yoast.com\/product\/yoast-seo-wordpress\/ -->\n<title>Ils rejettent le nouveau r\u00e9gime fiscal\u00a0: Les avocats en gr\u00e8ve \u00e0 partir de demain - La Sentinelle<\/title>\n<meta name=\"robots\" content=\"index, follow, max-snippet:-1, max-image-preview:large, max-video-preview:-1\" \/>\n<link rel=\"canonical\" href=\"https:\/\/lasentinelle.dz\/index.php\/2022\/04\/17\/ils-rejettent-le-nouveau-regime-fiscal-les-avocats-en-greve-a-partir-de-demain\/\" \/>\n<meta property=\"og:locale\" content=\"fr_FR\" \/>\n<meta property=\"og:type\" content=\"article\" \/>\n<meta property=\"og:title\" content=\"Ils rejettent le nouveau r\u00e9gime fiscal\u00a0: Les avocats en gr\u00e8ve \u00e0 partir de demain - La Sentinelle\" \/>\n<meta property=\"og:description\" content=\"Face au silence de la Direction g\u00e9n\u00e9rale des imp\u00f4ts, les avocats ne l\u00e2chent pas prise&nbsp;&nbsp;et rejettent en bloc le nouveau\" \/>\n<meta property=\"og:url\" content=\"https:\/\/lasentinelle.dz\/index.php\/2022\/04\/17\/ils-rejettent-le-nouveau-regime-fiscal-les-avocats-en-greve-a-partir-de-demain\/\" \/>\n<meta property=\"og:site_name\" content=\"La Sentinelle\" \/>\n<meta property=\"article:publisher\" content=\"https:\/\/www.facebook.com\/La-Sentinelle-104059864394773\" \/>\n<meta property=\"article:published_time\" content=\"2022-04-16T23:01:00+00:00\" \/>\n<meta property=\"og:image\" content=\"https:\/\/lasentinelle.dz\/wp-content\/uploads\/2022\/04\/avocat-1.png\" \/>\n\t<meta property=\"og:image:width\" content=\"1594\" \/>\n\t<meta property=\"og:image:height\" content=\"900\" \/>\n\t<meta property=\"og:image:type\" content=\"image\/png\" \/>\n<meta name=\"author\" content=\"La Sentinelle\" \/>\n<meta name=\"twitter:card\" content=\"summary_large_image\" \/>\n<meta name=\"twitter:label1\" content=\"\u00c9crit par\" \/>\n\t<meta name=\"twitter:data1\" content=\"La Sentinelle\" \/>\n\t<meta name=\"twitter:label2\" content=\"Dur\u00e9e de lecture estim\u00e9e\" \/>\n\t<meta name=\"twitter:data2\" content=\"3 minutes\" \/>\n<script type=\"application\/ld+json\" class=\"yoast-schema-graph\">{\"@context\":\"https:\\\/\\\/schema.org\",\"@graph\":[{\"@type\":\"Article\",\"@id\":\"https:\\\/\\\/lasentinelle.dz\\\/index.php\\\/2022\\\/04\\\/17\\\/ils-rejettent-le-nouveau-regime-fiscal-les-avocats-en-greve-a-partir-de-demain\\\/#article\",\"isPartOf\":{\"@id\":\"https:\\\/\\\/lasentinelle.dz\\\/index.php\\\/2022\\\/04\\\/17\\\/ils-rejettent-le-nouveau-regime-fiscal-les-avocats-en-greve-a-partir-de-demain\\\/\"},\"author\":{\"name\":\"La Sentinelle\",\"@id\":\"https:\\\/\\\/lasentinelle.dz\\\/#\\\/schema\\\/person\\\/d865044e22e70a75174ce8bcad3acfb3\"},\"headline\":\"Ils rejettent le nouveau r\u00e9gime fiscal\u00a0: Les avocats en gr\u00e8ve \u00e0 partir de demain\",\"datePublished\":\"2022-04-16T23:01:00+00:00\",\"mainEntityOfPage\":{\"@id\":\"https:\\\/\\\/lasentinelle.dz\\\/index.php\\\/2022\\\/04\\\/17\\\/ils-rejettent-le-nouveau-regime-fiscal-les-avocats-en-greve-a-partir-de-demain\\\/\"},\"wordCount\":635,\"commentCount\":0,\"publisher\":{\"@id\":\"https:\\\/\\\/lasentinelle.dz\\\/#organization\"},\"image\":{\"@id\":\"https:\\\/\\\/lasentinelle.dz\\\/index.php\\\/2022\\\/04\\\/17\\\/ils-rejettent-le-nouveau-regime-fiscal-les-avocats-en-greve-a-partir-de-demain\\\/#primaryimage\"},\"thumbnailUrl\":\"https:\\\/\\\/lasentinelle.dz\\\/wp-content\\\/uploads\\\/2022\\\/04\\\/avocat-1.png\",\"articleSection\":[\"Actualit\u00e9\"],\"inLanguage\":\"fr-FR\",\"potentialAction\":[{\"@type\":\"CommentAction\",\"name\":\"Comment\",\"target\":[\"https:\\\/\\\/lasentinelle.dz\\\/index.php\\\/2022\\\/04\\\/17\\\/ils-rejettent-le-nouveau-regime-fiscal-les-avocats-en-greve-a-partir-de-demain\\\/#respond\"]}]},{\"@type\":\"WebPage\",\"@id\":\"https:\\\/\\\/lasentinelle.dz\\\/index.php\\\/2022\\\/04\\\/17\\\/ils-rejettent-le-nouveau-regime-fiscal-les-avocats-en-greve-a-partir-de-demain\\\/\",\"url\":\"https:\\\/\\\/lasentinelle.dz\\\/index.php\\\/2022\\\/04\\\/17\\\/ils-rejettent-le-nouveau-regime-fiscal-les-avocats-en-greve-a-partir-de-demain\\\/\",\"name\":\"Ils rejettent le nouveau r\u00e9gime fiscal\u00a0: Les avocats en gr\u00e8ve \u00e0 partir de demain - La Sentinelle\",\"isPartOf\":{\"@id\":\"https:\\\/\\\/lasentinelle.dz\\\/#website\"},\"primaryImageOfPage\":{\"@id\":\"https:\\\/\\\/lasentinelle.dz\\\/index.php\\\/2022\\\/04\\\/17\\\/ils-rejettent-le-nouveau-regime-fiscal-les-avocats-en-greve-a-partir-de-demain\\\/#primaryimage\"},\"image\":{\"@id\":\"https:\\\/\\\/lasentinelle.dz\\\/index.php\\\/2022\\\/04\\\/17\\\/ils-rejettent-le-nouveau-regime-fiscal-les-avocats-en-greve-a-partir-de-demain\\\/#primaryimage\"},\"thumbnailUrl\":\"https:\\\/\\\/lasentinelle.dz\\\/wp-content\\\/uploads\\\/2022\\\/04\\\/avocat-1.png\",\"datePublished\":\"2022-04-16T23:01:00+00:00\",\"breadcrumb\":{\"@id\":\"https:\\\/\\\/lasentinelle.dz\\\/index.php\\\/2022\\\/04\\\/17\\\/ils-rejettent-le-nouveau-regime-fiscal-les-avocats-en-greve-a-partir-de-demain\\\/#breadcrumb\"},\"inLanguage\":\"fr-FR\",\"potentialAction\":[{\"@type\":\"ReadAction\",\"target\":[\"https:\\\/\\\/lasentinelle.dz\\\/index.php\\\/2022\\\/04\\\/17\\\/ils-rejettent-le-nouveau-regime-fiscal-les-avocats-en-greve-a-partir-de-demain\\\/\"]}]},{\"@type\":\"ImageObject\",\"inLanguage\":\"fr-FR\",\"@id\":\"https:\\\/\\\/lasentinelle.dz\\\/index.php\\\/2022\\\/04\\\/17\\\/ils-rejettent-le-nouveau-regime-fiscal-les-avocats-en-greve-a-partir-de-demain\\\/#primaryimage\",\"url\":\"https:\\\/\\\/lasentinelle.dz\\\/wp-content\\\/uploads\\\/2022\\\/04\\\/avocat-1.png\",\"contentUrl\":\"https:\\\/\\\/lasentinelle.dz\\\/wp-content\\\/uploads\\\/2022\\\/04\\\/avocat-1.png\",\"width\":1594,\"height\":900},{\"@type\":\"BreadcrumbList\",\"@id\":\"https:\\\/\\\/lasentinelle.dz\\\/index.php\\\/2022\\\/04\\\/17\\\/ils-rejettent-le-nouveau-regime-fiscal-les-avocats-en-greve-a-partir-de-demain\\\/#breadcrumb\",\"itemListElement\":[{\"@type\":\"ListItem\",\"position\":1,\"name\":\"Accueil\",\"item\":\"https:\\\/\\\/lasentinelle.dz\\\/\"},{\"@type\":\"ListItem\",\"position\":2,\"name\":\"Ils rejettent le nouveau r\u00e9gime fiscal\u00a0: Les avocats en gr\u00e8ve \u00e0 partir de demain\"}]},{\"@type\":\"WebSite\",\"@id\":\"https:\\\/\\\/lasentinelle.dz\\\/#website\",\"url\":\"https:\\\/\\\/lasentinelle.dz\\\/\",\"name\":\"La Sentinelle\",\"description\":\"Quotidien national d&#039;information\",\"publisher\":{\"@id\":\"https:\\\/\\\/lasentinelle.dz\\\/#organization\"},\"potentialAction\":[{\"@type\":\"SearchAction\",\"target\":{\"@type\":\"EntryPoint\",\"urlTemplate\":\"https:\\\/\\\/lasentinelle.dz\\\/?s={search_term_string}\"},\"query-input\":{\"@type\":\"PropertyValueSpecification\",\"valueRequired\":true,\"valueName\":\"search_term_string\"}}],\"inLanguage\":\"fr-FR\"},{\"@type\":\"Organization\",\"@id\":\"https:\\\/\\\/lasentinelle.dz\\\/#organization\",\"name\":\"Quotidien La Sentinelle\",\"url\":\"https:\\\/\\\/lasentinelle.dz\\\/\",\"logo\":{\"@type\":\"ImageObject\",\"inLanguage\":\"fr-FR\",\"@id\":\"https:\\\/\\\/lasentinelle.dz\\\/#\\\/schema\\\/logo\\\/image\\\/\",\"url\":\"https:\\\/\\\/lasentinelle.dz\\\/wp-content\\\/uploads\\\/2021\\\/09\\\/logo-sentinelleSLOGAN-1.png\",\"contentUrl\":\"https:\\\/\\\/lasentinelle.dz\\\/wp-content\\\/uploads\\\/2021\\\/09\\\/logo-sentinelleSLOGAN-1.png\",\"width\":615,\"height\":142,\"caption\":\"Quotidien La Sentinelle\"},\"image\":{\"@id\":\"https:\\\/\\\/lasentinelle.dz\\\/#\\\/schema\\\/logo\\\/image\\\/\"},\"sameAs\":[\"https:\\\/\\\/www.facebook.com\\\/La-Sentinelle-104059864394773\"]},{\"@type\":\"Person\",\"@id\":\"https:\\\/\\\/lasentinelle.dz\\\/#\\\/schema\\\/person\\\/d865044e22e70a75174ce8bcad3acfb3\",\"name\":\"La Sentinelle\",\"image\":{\"@type\":\"ImageObject\",\"inLanguage\":\"fr-FR\",\"@id\":\"https:\\\/\\\/secure.gravatar.com\\\/avatar\\\/57de8e5d4b15d43fb361a71fbb36338450fe67865b528a43dd10ef7c51a20392?s=96&d=mm&r=g\",\"url\":\"https:\\\/\\\/secure.gravatar.com\\\/avatar\\\/57de8e5d4b15d43fb361a71fbb36338450fe67865b528a43dd10ef7c51a20392?s=96&d=mm&r=g\",\"contentUrl\":\"https:\\\/\\\/secure.gravatar.com\\\/avatar\\\/57de8e5d4b15d43fb361a71fbb36338450fe67865b528a43dd10ef7c51a20392?s=96&d=mm&r=g\",\"caption\":\"La Sentinelle\"},\"sameAs\":[\"http:\\\/\\\/www.lasentinelle.dz\"],\"url\":\"https:\\\/\\\/lasentinelle.dz\\\/author\\\/redaction\\\/\"}]}<\/script>\n<!-- \/ Yoast SEO plugin. -->","yoast_head_json":{"title":"Ils rejettent le nouveau r\u00e9gime fiscal\u00a0: Les avocats en gr\u00e8ve \u00e0 partir de demain - La Sentinelle","robots":{"index":"index","follow":"follow","max-snippet":"max-snippet:-1","max-image-preview":"max-image-preview:large","max-video-preview":"max-video-preview:-1"},"canonical":"https:\/\/lasentinelle.dz\/index.php\/2022\/04\/17\/ils-rejettent-le-nouveau-regime-fiscal-les-avocats-en-greve-a-partir-de-demain\/","og_locale":"fr_FR","og_type":"article","og_title":"Ils rejettent le nouveau r\u00e9gime fiscal\u00a0: Les avocats en gr\u00e8ve \u00e0 partir de demain - La Sentinelle","og_description":"Face au silence de la Direction g\u00e9n\u00e9rale des imp\u00f4ts, les avocats ne l\u00e2chent pas prise&nbsp;&nbsp;et rejettent en bloc le nouveau","og_url":"https:\/\/lasentinelle.dz\/index.php\/2022\/04\/17\/ils-rejettent-le-nouveau-regime-fiscal-les-avocats-en-greve-a-partir-de-demain\/","og_site_name":"La Sentinelle","article_publisher":"https:\/\/www.facebook.com\/La-Sentinelle-104059864394773","article_published_time":"2022-04-16T23:01:00+00:00","og_image":[{"width":1594,"height":900,"url":"https:\/\/lasentinelle.dz\/wp-content\/uploads\/2022\/04\/avocat-1.png","type":"image\/png"}],"author":"La Sentinelle","twitter_card":"summary_large_image","twitter_misc":{"\u00c9crit par":"La Sentinelle","Dur\u00e9e de lecture estim\u00e9e":"3 minutes"},"schema":{"@context":"https:\/\/schema.org","@graph":[{"@type":"Article","@id":"https:\/\/lasentinelle.dz\/index.php\/2022\/04\/17\/ils-rejettent-le-nouveau-regime-fiscal-les-avocats-en-greve-a-partir-de-demain\/#article","isPartOf":{"@id":"https:\/\/lasentinelle.dz\/index.php\/2022\/04\/17\/ils-rejettent-le-nouveau-regime-fiscal-les-avocats-en-greve-a-partir-de-demain\/"},"author":{"name":"La Sentinelle","@id":"https:\/\/lasentinelle.dz\/#\/schema\/person\/d865044e22e70a75174ce8bcad3acfb3"},"headline":"Ils rejettent le nouveau r\u00e9gime fiscal\u00a0: Les avocats en gr\u00e8ve \u00e0 partir de demain","datePublished":"2022-04-16T23:01:00+00:00","mainEntityOfPage":{"@id":"https:\/\/lasentinelle.dz\/index.php\/2022\/04\/17\/ils-rejettent-le-nouveau-regime-fiscal-les-avocats-en-greve-a-partir-de-demain\/"},"wordCount":635,"commentCount":0,"publisher":{"@id":"https:\/\/lasentinelle.dz\/#organization"},"image":{"@id":"https:\/\/lasentinelle.dz\/index.php\/2022\/04\/17\/ils-rejettent-le-nouveau-regime-fiscal-les-avocats-en-greve-a-partir-de-demain\/#primaryimage"},"thumbnailUrl":"https:\/\/lasentinelle.dz\/wp-content\/uploads\/2022\/04\/avocat-1.png","articleSection":["Actualit\u00e9"],"inLanguage":"fr-FR","potentialAction":[{"@type":"CommentAction","name":"Comment","target":["https:\/\/lasentinelle.dz\/index.php\/2022\/04\/17\/ils-rejettent-le-nouveau-regime-fiscal-les-avocats-en-greve-a-partir-de-demain\/#respond"]}]},{"@type":"WebPage","@id":"https:\/\/lasentinelle.dz\/index.php\/2022\/04\/17\/ils-rejettent-le-nouveau-regime-fiscal-les-avocats-en-greve-a-partir-de-demain\/","url":"https:\/\/lasentinelle.dz\/index.php\/2022\/04\/17\/ils-rejettent-le-nouveau-regime-fiscal-les-avocats-en-greve-a-partir-de-demain\/","name":"Ils rejettent le nouveau r\u00e9gime fiscal\u00a0: Les avocats en gr\u00e8ve \u00e0 partir de demain - La Sentinelle","isPartOf":{"@id":"https:\/\/lasentinelle.dz\/#website"},"primaryImageOfPage":{"@id":"https:\/\/lasentinelle.dz\/index.php\/2022\/04\/17\/ils-rejettent-le-nouveau-regime-fiscal-les-avocats-en-greve-a-partir-de-demain\/#primaryimage"},"image":{"@id":"https:\/\/lasentinelle.dz\/index.php\/2022\/04\/17\/ils-rejettent-le-nouveau-regime-fiscal-les-avocats-en-greve-a-partir-de-demain\/#primaryimage"},"thumbnailUrl":"https:\/\/lasentinelle.dz\/wp-content\/uploads\/2022\/04\/avocat-1.png","datePublished":"2022-04-16T23:01:00+00:00","breadcrumb":{"@id":"https:\/\/lasentinelle.dz\/index.php\/2022\/04\/17\/ils-rejettent-le-nouveau-regime-fiscal-les-avocats-en-greve-a-partir-de-demain\/#breadcrumb"},"inLanguage":"fr-FR","potentialAction":[{"@type":"ReadAction","target":["https:\/\/lasentinelle.dz\/index.php\/2022\/04\/17\/ils-rejettent-le-nouveau-regime-fiscal-les-avocats-en-greve-a-partir-de-demain\/"]}]},{"@type":"ImageObject","inLanguage":"fr-FR","@id":"https:\/\/lasentinelle.dz\/index.php\/2022\/04\/17\/ils-rejettent-le-nouveau-regime-fiscal-les-avocats-en-greve-a-partir-de-demain\/#primaryimage","url":"https:\/\/lasentinelle.dz\/wp-content\/uploads\/2022\/04\/avocat-1.png","contentUrl":"https:\/\/lasentinelle.dz\/wp-content\/uploads\/2022\/04\/avocat-1.png","width":1594,"height":900},{"@type":"BreadcrumbList","@id":"https:\/\/lasentinelle.dz\/index.php\/2022\/04\/17\/ils-rejettent-le-nouveau-regime-fiscal-les-avocats-en-greve-a-partir-de-demain\/#breadcrumb","itemListElement":[{"@type":"ListItem","position":1,"name":"Accueil","item":"https:\/\/lasentinelle.dz\/"},{"@type":"ListItem","position":2,"name":"Ils rejettent le nouveau r\u00e9gime fiscal\u00a0: Les avocats en gr\u00e8ve \u00e0 partir de demain"}]},{"@type":"WebSite","@id":"https:\/\/lasentinelle.dz\/#website","url":"https:\/\/lasentinelle.dz\/","name":"La Sentinelle","description":"Quotidien national d&#039;information","publisher":{"@id":"https:\/\/lasentinelle.dz\/#organization"},"potentialAction":[{"@type":"SearchAction","target":{"@type":"EntryPoint","urlTemplate":"https:\/\/lasentinelle.dz\/?s={search_term_string}"},"query-input":{"@type":"PropertyValueSpecification","valueRequired":true,"valueName":"search_term_string"}}],"inLanguage":"fr-FR"},{"@type":"Organization","@id":"https:\/\/lasentinelle.dz\/#organization","name":"Quotidien La Sentinelle","url":"https:\/\/lasentinelle.dz\/","logo":{"@type":"ImageObject","inLanguage":"fr-FR","@id":"https:\/\/lasentinelle.dz\/#\/schema\/logo\/image\/","url":"https:\/\/lasentinelle.dz\/wp-content\/uploads\/2021\/09\/logo-sentinelleSLOGAN-1.png","contentUrl":"https:\/\/lasentinelle.dz\/wp-content\/uploads\/2021\/09\/logo-sentinelleSLOGAN-1.png","width":615,"height":142,"caption":"Quotidien La Sentinelle"},"image":{"@id":"https:\/\/lasentinelle.dz\/#\/schema\/logo\/image\/"},"sameAs":["https:\/\/www.facebook.com\/La-Sentinelle-104059864394773"]},{"@type":"Person","@id":"https:\/\/lasentinelle.dz\/#\/schema\/person\/d865044e22e70a75174ce8bcad3acfb3","name":"La Sentinelle","image":{"@type":"ImageObject","inLanguage":"fr-FR","@id":"https:\/\/secure.gravatar.com\/avatar\/57de8e5d4b15d43fb361a71fbb36338450fe67865b528a43dd10ef7c51a20392?s=96&d=mm&r=g","url":"https:\/\/secure.gravatar.com\/avatar\/57de8e5d4b15d43fb361a71fbb36338450fe67865b528a43dd10ef7c51a20392?s=96&d=mm&r=g","contentUrl":"https:\/\/secure.gravatar.com\/avatar\/57de8e5d4b15d43fb361a71fbb36338450fe67865b528a43dd10ef7c51a20392?s=96&d=mm&r=g","caption":"La Sentinelle"},"sameAs":["http:\/\/www.lasentinelle.dz"],"url":"https:\/\/lasentinelle.dz\/author\/redaction\/"}]}},"_links":{"self":[{"href":"https:\/\/lasentinelle.dz\/index.php\/wp-json\/wp\/v2\/posts\/19867","targetHints":{"allow":["GET"]}}],"collection":[{"href":"https:\/\/lasentinelle.dz\/index.php\/wp-json\/wp\/v2\/posts"}],"about":[{"href":"https:\/\/lasentinelle.dz\/index.php\/wp-json\/wp\/v2\/types\/post"}],"author":[{"embeddable":true,"href":"https:\/\/lasentinelle.dz\/index.php\/wp-json\/wp\/v2\/users\/3"}],"replies":[{"embeddable":true,"href":"https:\/\/lasentinelle.dz\/index.php\/wp-json\/wp\/v2\/comments?post=19867"}],"version-history":[{"count":1,"href":"https:\/\/lasentinelle.dz\/index.php\/wp-json\/wp\/v2\/posts\/19867\/revisions"}],"predecessor-version":[{"id":19895,"href":"https:\/\/lasentinelle.dz\/index.php\/wp-json\/wp\/v2\/posts\/19867\/revisions\/19895"}],"wp:featuredmedia":[{"embeddable":true,"href":"https:\/\/lasentinelle.dz\/index.php\/wp-json\/wp\/v2\/media\/19892"}],"wp:attachment":[{"href":"https:\/\/lasentinelle.dz\/index.php\/wp-json\/wp\/v2\/media?parent=19867"}],"wp:term":[{"taxonomy":"category","embeddable":true,"href":"https:\/\/lasentinelle.dz\/index.php\/wp-json\/wp\/v2\/categories?post=19867"},{"taxonomy":"post_tag","embeddable":true,"href":"https:\/\/lasentinelle.dz\/index.php\/wp-json\/wp\/v2\/tags?post=19867"}],"curies":[{"name":"wp","href":"https:\/\/api.w.org\/{rel}","templated":true}]}}